{"id":39214,"date":"2018-11-01T14:15:21","date_gmt":"2018-11-01T21:15:21","guid":{"rendered":"http:\/\/eltecolote.org\/content\/?p=39214"},"modified":"2018-11-01T14:17:50","modified_gmt":"2018-11-01T21:17:50","slug":"que-le-depara-a-la-victoria-panaderia-con-67-anos-de-tradicion-cierra-sus-puertas","status":"publish","type":"post","link":"https:\/\/eltecolote.org\/content\/es\/que-le-depara-a-la-victoria-panaderia-con-67-anos-de-tradicion-cierra-sus-puertas\/","title":{"rendered":"\u00bfQu\u00e9 le depara a La Victoria? Panader\u00eda con 67 a\u00f1os de tradici\u00f3n, cierra sus puertas"},"content":{"rendered":"<p class=\"p1\">[su_carousel source=&#8221;media: 39257,39256,39255,39254,39253,39252,39251,39250,39249,39248,39247,39246,39245,39244,39243,39242,39241,39240,39239,39238,39237,39236,39235,39234,39233,39232,39231,39230,39229,39228,39227,39226,39225,39224,39223,39222,39221,39220,39219,39218,39217,39216&#8243; limit=&#8221;65&#8243; link=&#8221;lightbox&#8221; width=&#8221;800&#8243; height=&#8221;540&#8243; responsive=&#8221;no&#8221; items=&#8221;1&#8243;]<\/p>\n<p class=\"p1\"><b><\/b>Las paredes est\u00e1n vac\u00edas y cajas de color marr\u00f3n cubren las mesas en las que antes se sentaban los clientes. La ventana delantera se encuentra cubierta y solo en un brillante letrero amarillo ne\u00f3n, se lee: \u201cA todos nuestros clientes y amigos, les informamos que ha llegado el d\u00eda de irnos\u201d.<\/p>\n<p class=\"p5\">Despu\u00e9s de 67 a\u00f1os, el 9 de octubre de 2018, la panader\u00eda La Victoria cerr\u00f3 sus puertas en las calles 24 y Alabama por \u00faltima vez.<\/p>\n<p class=\"p5\">Durante este \u00faltimo d\u00eda de La Victoria, los estantes estaban medio llenos y los clientes entraron a llevarse lo que quedaba y a expresar su cari\u00f1o y aprecio por la panader\u00eda. Una clienta llamada Juliet y su hija Gabi se encontraban entre las personas que llegaron ese d\u00eda. Julieta, quien fuera clienta de La Victoria por casi 21 a\u00f1os, se sent\u00eda muy triste de verlos irse.<\/p>\n<p class=\"p5\">\u201cEra uno de los negocios en el vecindario en el que dependes de su presencia. Representa una parte del vecindario que ha ido desapareciendo progresivamente durante los \u00faltimos a\u00f1os\u201d, dijo Julieta. Ella dijo que era dif\u00edcil verlos partir; cree que hasta cierto punto las cosas deben cambiar y evolucionar, pero igual se nos dificulta presenciar a estas personas, familias trabajadoras, que han sido la columna vertebral de la comunidad por tantos a\u00f1os y ahora son expulsados.<\/p>\n<p class=\"p5\">La panader\u00eda fue fundada originalmente por Gabriel Maldonado en 1951, y fue traspasada al hijo de Gabriel, Jaime Maldonado, en el a\u00f1o 2000. Pero a partir de enero de 2018, Laura Hern\u00e1ndez y Daniel Gabriner se encargaron del negocio y sus operaciones diarias, aunque los propietarios del edificio eran la familia Maldonado. Hern\u00e1ndez ha trabajado en La Victoria durante 12 a\u00f1os, y Gabriner se uni\u00f3 a ella en 2010.<\/p>\n<p class=\"p5\">\u201cExiste un conflicto dentro de la familia con la venta del edificio. Tratamos de contactar a [la familia Maldonado]. Llamamos, enviamos correos y mensajes. Al parecer, no quer\u00edan hablar con nosotros\u201d, dijo Hern\u00e1ndez.<\/p>\n<p class=\"p5\">La familia Maldonado decidi\u00f3 vender el negocio y le entreg\u00f3 a Laura Hern\u00e1ndez una carta de desalojo en julio. Aunque desde hace 12 a\u00f1os que conoce a la familia, no obtuvo respuesta cuando trat\u00f3 de comunicarse con ellos sobre el desalojo. Ahora ella, Gabriner y sus empleados tendr\u00e1n que buscar un lugar a donde irse.<\/p>\n<p class=\"p5\">Mike Fishman, el propietario de Cinderella Bakery en el distrito de Richmond, hizo una oferta de compra del edificio y pudo asegurarlo. Hern\u00e1ndez y Gabriner le preguntaron sobre la posibilidad de regresar al local de la calle 24 y Alabama para vender pan. Se reunieron con Fishman y, seg\u00fan ellos, dijo que estar\u00eda dispuesto a dejar que la Victoria permanezca donde est\u00e1, pero no han recibido una respuesta oficial.<\/p>\n<p class=\"p5\">\u201cHace un mes Danny y yo intentamos hablar con \u00e9l [Fishman] sobre la posibilidad de continuar con la panader\u00eda\u201d, dijo Hern\u00e1ndez. \u201cDijo que ten\u00edamos que irnos para poder remodelar, pero tal vez nos permita quedarnos. Ahora estamos esperando un s\u00ed o un no, pero nos parece que el quer\u00eda tener una excusa para sacarnos\u201d.<\/p>\n<p class=\"p5\">Erick Arguello cofund\u00f3 Calle 24 para preservar, mejorar y abogar por la continuidad cultural, la vitalidad y la comunidad latina. Arguello quiere ayudar a Hern\u00e1ndez y Gabriner a mantener el nombre de la panader\u00eda y encontrar una nueva ubicaci\u00f3n porque es poco probable que puedan regresar a las calles 24 y Alabama.<\/p>\n<p class=\"p5\">\u201cHist\u00f3ricamente, es como si nuestras ra\u00edces fueran arrancadas de esa esquina. Para la comunidad latina es parte de nuestra identidad e historia. Vamos a luchar para traerlos de vuelta\u201d, dijo Arguello. \u201cPresionaremos, haremos peticiones, y si tenemos que\u2026 protestaremos afuera, entonces eso es lo que vamos a hacer\u201d.<\/p>\n<p class=\"p5\">Arguello, quien ha sido una parte vital al tratar de conservar La Victoria, a\u00fan no ha recibido respuesta de Fishman.<\/p>\n<p class=\"p5\">\u201cLlam\u00e9 al due\u00f1o, Mike, y no me contest\u00f3\u201d, dijo Arguello. \u201cSiguen en silencio, as\u00ed que vamos a seguir repiti\u00e9ndoles cu\u00e1n importantes es [la Victoria] para nosotros como comunidad y vamos a insistir que la traiga de vuelta\u201d.<\/p>\n<p class=\"p5\">Otros clientes quer\u00edan reconocer que todos los que formaban parte del negocio trabajaron tan duro y entregaron todo su esfuerzo al trabajo. Andrea Rivas, una empleada de la panaderia, dijo que la tristeza y nostalgia en el \u00faltimo d\u00eda eran palpables. Rivas trabaj\u00f3 durante dos a\u00f1os en La Victoria. Fue una experiencia grata y hermosa para ella e hizo muchos amigos durante ese tiempo. Rivas no est\u00e1 segura a d\u00f3nde ir\u00e1 o qu\u00e9 har\u00e1 ahora que la panader\u00eda ha cerrado. El problema m\u00e1s grande con el desalojo es lo que viene despu\u00e9s, tanto para la empresa como para los empleados.<\/p>\n<p class=\"p5\">El cambio de las calles 24 y Alabama no ha sido f\u00e1cil para los empleados de La Victoria, pero la comunidad, reconociendo la situaci\u00f3n, estuvo all\u00ed para ayudar. El Chico Produce, un negocio ubicado al frente, permiti\u00f3 que Hern\u00e1ndez y Gabriner prestaran su gran cami\u00f3n de mudanzas. Los miembros de la comunidad, viendo otro negocio hist\u00f3rico desplazado despu\u00e9s de haber estado en el vecindario durante tantos a\u00f1os, est\u00e1n dispuestos a hacer cualquier cosa para ayudarlos a quedarse.<\/p>\n<p class=\"p5\">Mientras Hern\u00e1ndez y Gabriner contin\u00faan esperando una respuesta, reanudar\u00e1n su operaci\u00f3n de hacer pan en un espacio de panader\u00eda en el distrito de Dogpatch, donde continuar\u00e1n trabajando junto con sus empleados de La Victoria. Ahora forman parte del American Industrial Center, que alberga una gran variedad de empresas las que incluyen negocios reci\u00e9n creados hasta cervecer\u00edas y chocolater\u00edass. Hern\u00e1ndez y Gabriner esperan que este movimiento sea solo temporal, porque no parece ser apropiado para minoristas.<\/p>\n<p class=\"p5\">\u201cEl nuevo lugar es m\u00e1s un lugar de producci\u00f3n. No es propicio para el comercio minorista\u201d, dijo Gabriner. \u201cPero Laura realmente quiere, y yo la apoyo en la b\u00fasqueda de una nueva tienda al menudeo\u201d.<\/p>\n<p class=\"p5\">Aunque el futuro no se ve muy claro, Hern\u00e1ndez y Gabriner sienten el cari\u00f1o de la comunidad de la Misi\u00f3n.<\/p>\n<p class=\"p5\">\u201cEl apoyo es muy fuerte, lo vemos por todo alrededor\u201d, dijo Gabriner. \u201cPor el momento, nos sentimos afortunados de tener un grupo de personas que nos apoyan y que permanecen con nosotros y eso es bastante sorprendente, considerando que todo podr\u00eda haberse desmoronado\u201d.<\/p>\n<p class=\"p5\">Aunque Hern\u00e1ndez y Gabriner no saben realmente que suceder\u00e1 a corto plazo, lo que s\u00ed saben es que seguir\u00e1n haciendo pan. Todav\u00eda est\u00e1n recibiendo pedidos para el D\u00eda de los Muertos y el D\u00eda de los Reyes Magos. Esas vacaciones son la \u00e9poca m\u00e1s ocupada del a\u00f1o. Y no desean decepcionar a sus clientes.<\/p>\n","protected":false},"excerpt":{"rendered":"<p>[su_carousel source=&#8221;media: 39257,39256,39255,39254,39253,39252,39251,39250,39249,39248,39247,39246,39245,39244,39243,39242,39241,39240,39239,39238,39237,39236,39235,39234,39233,39232,39231,39230,39229,39228,39227,39226,39225,39224,39223,39222,39221,39220,39219,39218,39217,39216&#8243; limit=&#8221;65&#8243; link=&#8221;lightbox&#8221; width=&#8221;800&#8243; height=&#8221;540&#8243; responsive=&#8221;no&#8221; items=&#8221;1&#8243;] Las paredes est\u00e1n vac\u00edas y cajas de color marr\u00f3n cubren las mesas en las que antes se sentaban los clientes. La ventana delantera se encuentra cubierta y solo en un brillante letrero amarillo ne\u00f3n, se lee: \u201cA todos nuestros clientes y amigos, les informamos que ha [&hellip;]<\/p>\n","protected":false},"author":35,"featured_media":39235,"comment_status":"open","ping_status":"closed","sticky":false,"template":"","format":"standard","meta":{"newspack_popups_has_disabled_popups":false,"newspack_featured_image_position":"","newspack_post_subtitle":"","newspack_article_summary_title":"Overview:","newspack_article_summary":"","newspack_hide_updated_date":false,"newspack_show_updated_date":false,"footnotes":""},"categories":[3519],"tags":[17246],"coauthors":[],"class_list":["post-39214","post","type-post","status-publish","format-standard","has-post-thumbnail","hentry","category-noticias","tag-la-victoria-es","entry"],"yoast_head":"<!-- This site is optimized with the Yoast SEO plugin v27.4 - https:\/\/yoast.com\/product\/yoast-seo-wordpress\/ -->\n<title>\u00bfQu\u00e9 le depara a La Victoria? Panader\u00eda con 67 a\u00f1os de tradici\u00f3n, cierra sus puertas - El Tecolote<\/title>\n<meta name=\"description\" content=\"Las paredes est\u00e1n vac\u00edas y cajas de color marr\u00f3n cubren las mesas en las que antes se sentaban los clientes. La ventana delantera se encuentra cubierta y\" \/>\n<meta name=\"robots\" content=\"index, follow, max-snippet:-1, max-image-preview:large, max-video-preview:-1\" \/>\n<link rel=\"canonical\" href=\"https:\/\/eltecolote.org\/content\/es\/que-le-depara-a-la-victoria-panaderia-con-67-anos-de-tradicion-cierra-sus-puertas\/\" \/>\n<meta property=\"og:locale\" content=\"en_US\" \/>\n<meta property=\"og:type\" content=\"article\" \/>\n<meta property=\"og:title\" content=\"\u00bfQu\u00e9 le depara a La Victoria? Panader\u00eda con 67 a\u00f1os de tradici\u00f3n, cierra sus puertas - El Tecolote\" \/>\n<meta property=\"og:description\" content=\"Las paredes est\u00e1n vac\u00edas y cajas de color marr\u00f3n cubren las mesas en las que antes se sentaban los clientes. La ventana delantera se encuentra cubierta y\" \/>\n<meta property=\"og:url\" content=\"https:\/\/eltecolote.org\/content\/es\/que-le-depara-a-la-victoria-panaderia-con-67-anos-de-tradicion-cierra-sus-puertas\/\" \/>\n<meta property=\"og:site_name\" content=\"El Tecolote\" \/>\n<meta property=\"article:publisher\" content=\"https:\/\/www.facebook.com\/ElTecoloteSF\/\" \/>\n<meta property=\"article:published_time\" content=\"2018-11-01T21:15:21+00:00\" \/>\n<meta property=\"article:modified_time\" content=\"2018-11-01T21:17:50+00:00\" \/>\n<meta property=\"og:image\" content=\"https:\/\/i0.wp.com\/eltecolote.org\/content\/wp-content\/uploads\/2018\/11\/20181009_La-Victoria_Mabel-Jimenez-0405_WEB.jpg?fit=1106%2C737&ssl=1\" \/>\n\t<meta property=\"og:image:width\" content=\"1106\" \/>\n\t<meta property=\"og:image:height\" content=\"737\" \/>\n\t<meta property=\"og:image:type\" content=\"image\/jpeg\" \/>\n<meta name=\"author\" content=\"El Tecolote Staff\" \/>\n<meta name=\"twitter:card\" content=\"summary_large_image\" \/>\n<meta name=\"twitter:creator\" content=\"@eltecolotesf\" \/>\n<meta name=\"twitter:site\" content=\"@eltecolotesf\" \/>\n<meta name=\"twitter:label1\" content=\"Written by\" \/>\n\t<meta name=\"twitter:data1\" content=\"El Tecolote Staff\" \/>\n\t<meta name=\"twitter:label2\" content=\"Est. reading time\" \/>\n\t<meta name=\"twitter:data2\" content=\"6 minutes\" \/>\n<script type=\"application\/ld+json\" class=\"yoast-schema-graph\">{\"@context\":\"https:\\\/\\\/schema.org\",\"@graph\":[{\"@type\":\"NewsArticle\",\"@id\":\"https:\\\/\\\/eltecolote.org\\\/content\\\/es\\\/que-le-depara-a-la-victoria-panaderia-con-67-anos-de-tradicion-cierra-sus-puertas\\\/#article\",\"isPartOf\":{\"@id\":\"https:\\\/\\\/eltecolote.org\\\/content\\\/es\\\/que-le-depara-a-la-victoria-panaderia-con-67-anos-de-tradicion-cierra-sus-puertas\\\/\"},\"author\":{\"name\":\"El Tecolote Staff\",\"@id\":\"https:\\\/\\\/eltecolote.org\\\/content\\\/#\\\/schema\\\/person\\\/08828d10185eba96895a8363a269410e\"},\"headline\":\"\u00bfQu\u00e9 le depara a La Victoria? Panader\u00eda con 67 a\u00f1os de tradici\u00f3n, cierra sus puertas\",\"datePublished\":\"2018-11-01T21:15:21+00:00\",\"dateModified\":\"2018-11-01T21:17:50+00:00\",\"mainEntityOfPage\":{\"@id\":\"https:\\\/\\\/eltecolote.org\\\/content\\\/es\\\/que-le-depara-a-la-victoria-panaderia-con-67-anos-de-tradicion-cierra-sus-puertas\\\/\"},\"wordCount\":1157,\"commentCount\":0,\"publisher\":{\"@id\":\"https:\\\/\\\/eltecolote.org\\\/content\\\/#organization\"},\"image\":{\"@id\":\"https:\\\/\\\/eltecolote.org\\\/content\\\/es\\\/que-le-depara-a-la-victoria-panaderia-con-67-anos-de-tradicion-cierra-sus-puertas\\\/#primaryimage\"},\"thumbnailUrl\":\"https:\\\/\\\/i0.wp.com\\\/eltecolote.org\\\/content\\\/wp-content\\\/uploads\\\/2018\\\/11\\\/20181009_La-Victoria_Mabel-Jimenez-0405_WEB.jpg?fit=1106%2C737&quality=89&ssl=1\",\"keywords\":[\"La Victoria\"],\"articleSection\":[\"Noticias\"],\"inLanguage\":\"en\",\"potentialAction\":[{\"@type\":\"CommentAction\",\"name\":\"Comment\",\"target\":[\"https:\\\/\\\/eltecolote.org\\\/content\\\/es\\\/que-le-depara-a-la-victoria-panaderia-con-67-anos-de-tradicion-cierra-sus-puertas\\\/#respond\"]}]},{\"@type\":\"WebPage\",\"@id\":\"https:\\\/\\\/eltecolote.org\\\/content\\\/es\\\/que-le-depara-a-la-victoria-panaderia-con-67-anos-de-tradicion-cierra-sus-puertas\\\/\",\"url\":\"https:\\\/\\\/eltecolote.org\\\/content\\\/es\\\/que-le-depara-a-la-victoria-panaderia-con-67-anos-de-tradicion-cierra-sus-puertas\\\/\",\"name\":\"\u00bfQu\u00e9 le depara a La Victoria? Panader\u00eda con 67 a\u00f1os de tradici\u00f3n, cierra sus puertas - El Tecolote\",\"isPartOf\":{\"@id\":\"https:\\\/\\\/eltecolote.org\\\/content\\\/#website\"},\"primaryImageOfPage\":{\"@id\":\"https:\\\/\\\/eltecolote.org\\\/content\\\/es\\\/que-le-depara-a-la-victoria-panaderia-con-67-anos-de-tradicion-cierra-sus-puertas\\\/#primaryimage\"},\"image\":{\"@id\":\"https:\\\/\\\/eltecolote.org\\\/content\\\/es\\\/que-le-depara-a-la-victoria-panaderia-con-67-anos-de-tradicion-cierra-sus-puertas\\\/#primaryimage\"},\"thumbnailUrl\":\"https:\\\/\\\/i0.wp.com\\\/eltecolote.org\\\/content\\\/wp-content\\\/uploads\\\/2018\\\/11\\\/20181009_La-Victoria_Mabel-Jimenez-0405_WEB.jpg?fit=1106%2C737&quality=89&ssl=1\",\"datePublished\":\"2018-11-01T21:15:21+00:00\",\"dateModified\":\"2018-11-01T21:17:50+00:00\",\"description\":\"Las paredes est\u00e1n vac\u00edas y cajas de color marr\u00f3n cubren las mesas en las que antes se sentaban los clientes. La ventana delantera se encuentra cubierta y\",\"inLanguage\":\"en\",\"potentialAction\":[{\"@type\":\"ReadAction\",\"target\":[\"https:\\\/\\\/eltecolote.org\\\/content\\\/es\\\/que-le-depara-a-la-victoria-panaderia-con-67-anos-de-tradicion-cierra-sus-puertas\\\/\"]}]},{\"@type\":\"ImageObject\",\"inLanguage\":\"en\",\"@id\":\"https:\\\/\\\/eltecolote.org\\\/content\\\/es\\\/que-le-depara-a-la-victoria-panaderia-con-67-anos-de-tradicion-cierra-sus-puertas\\\/#primaryimage\",\"url\":\"https:\\\/\\\/i0.wp.com\\\/eltecolote.org\\\/content\\\/wp-content\\\/uploads\\\/2018\\\/11\\\/20181009_La-Victoria_Mabel-Jimenez-0405_WEB.jpg?fit=1106%2C737&quality=89&ssl=1\",\"contentUrl\":\"https:\\\/\\\/i0.wp.com\\\/eltecolote.org\\\/content\\\/wp-content\\\/uploads\\\/2018\\\/11\\\/20181009_La-Victoria_Mabel-Jimenez-0405_WEB.jpg?fit=1106%2C737&quality=89&ssl=1\",\"width\":1106,\"height\":737},{\"@type\":\"WebSite\",\"@id\":\"https:\\\/\\\/eltecolote.org\\\/content\\\/#website\",\"url\":\"https:\\\/\\\/eltecolote.org\\\/content\\\/\",\"name\":\"El Tecolote\",\"description\":\"San Francisco's Latinx newspaper since 1970\",\"publisher\":{\"@id\":\"https:\\\/\\\/eltecolote.org\\\/content\\\/#organization\"},\"potentialAction\":[{\"@type\":\"SearchAction\",\"target\":{\"@type\":\"EntryPoint\",\"urlTemplate\":\"https:\\\/\\\/eltecolote.org\\\/content\\\/?s={search_term_string}\"},\"query-input\":{\"@type\":\"PropertyValueSpecification\",\"valueRequired\":true,\"valueName\":\"search_term_string\"}}],\"inLanguage\":\"en\"},{\"@type\":\"Organization\",\"@id\":\"https:\\\/\\\/eltecolote.org\\\/content\\\/#organization\",\"name\":\"El Tecolote\",\"url\":\"https:\\\/\\\/eltecolote.org\\\/content\\\/\",\"logo\":{\"@type\":\"ImageObject\",\"inLanguage\":\"en\",\"@id\":\"https:\\\/\\\/eltecolote.org\\\/content\\\/#\\\/schema\\\/logo\\\/image\\\/\",\"url\":\"https:\\\/\\\/i0.wp.com\\\/eltecolote.org\\\/content\\\/wp-content\\\/uploads\\\/2021\\\/05\\\/ETlogo-1.jpg?fit=400%2C400&ssl=1\",\"contentUrl\":\"https:\\\/\\\/i0.wp.com\\\/eltecolote.org\\\/content\\\/wp-content\\\/uploads\\\/2021\\\/05\\\/ETlogo-1.jpg?fit=400%2C400&ssl=1\",\"width\":400,\"height\":400,\"caption\":\"El Tecolote\"},\"image\":{\"@id\":\"https:\\\/\\\/eltecolote.org\\\/content\\\/#\\\/schema\\\/logo\\\/image\\\/\"},\"sameAs\":[\"https:\\\/\\\/www.facebook.com\\\/ElTecoloteSF\\\/\",\"https:\\\/\\\/x.com\\\/eltecolotesf\",\"https:\\\/\\\/www.instagram.com\\\/eltecolotesf\\\/\"]},{\"@type\":\"Person\",\"@id\":\"https:\\\/\\\/eltecolote.org\\\/content\\\/#\\\/schema\\\/person\\\/08828d10185eba96895a8363a269410e\",\"name\":\"El Tecolote Staff\",\"image\":{\"@type\":\"ImageObject\",\"inLanguage\":\"en\",\"@id\":\"https:\\\/\\\/secure.gravatar.com\\\/avatar\\\/9534c92c8c908364e186a64d93efc86f62367109d1b07a3454facde655968589?s=96&d=mm&r=g6afcb607783e095e4cf6be807353924d\",\"url\":\"https:\\\/\\\/secure.gravatar.com\\\/avatar\\\/9534c92c8c908364e186a64d93efc86f62367109d1b07a3454facde655968589?s=96&d=mm&r=g\",\"contentUrl\":\"https:\\\/\\\/secure.gravatar.com\\\/avatar\\\/9534c92c8c908364e186a64d93efc86f62367109d1b07a3454facde655968589?s=96&d=mm&r=g\",\"caption\":\"El Tecolote Staff\"},\"url\":\"https:\\\/\\\/eltecolote.org\\\/content\\\/author\\\/web-editor\\\/\"}]}<\/script>\n<!-- \/ Yoast SEO plugin. -->","yoast_head_json":{"title":"\u00bfQu\u00e9 le depara a La Victoria? Panader\u00eda con 67 a\u00f1os de tradici\u00f3n, cierra sus puertas - El Tecolote","description":"Las paredes est\u00e1n vac\u00edas y cajas de color marr\u00f3n cubren las mesas en las que antes se sentaban los clientes. La ventana delantera se encuentra cubierta y","robots":{"index":"index","follow":"follow","max-snippet":"max-snippet:-1","max-image-preview":"max-image-preview:large","max-video-preview":"max-video-preview:-1"},"canonical":"https:\/\/eltecolote.org\/content\/es\/que-le-depara-a-la-victoria-panaderia-con-67-anos-de-tradicion-cierra-sus-puertas\/","og_locale":"en_US","og_type":"article","og_title":"\u00bfQu\u00e9 le depara a La Victoria? Panader\u00eda con 67 a\u00f1os de tradici\u00f3n, cierra sus puertas - El Tecolote","og_description":"Las paredes est\u00e1n vac\u00edas y cajas de color marr\u00f3n cubren las mesas en las que antes se sentaban los clientes. La ventana delantera se encuentra cubierta y","og_url":"https:\/\/eltecolote.org\/content\/es\/que-le-depara-a-la-victoria-panaderia-con-67-anos-de-tradicion-cierra-sus-puertas\/","og_site_name":"El Tecolote","article_publisher":"https:\/\/www.facebook.com\/ElTecoloteSF\/","article_published_time":"2018-11-01T21:15:21+00:00","article_modified_time":"2018-11-01T21:17:50+00:00","og_image":[{"width":1106,"height":737,"url":"https:\/\/i0.wp.com\/eltecolote.org\/content\/wp-content\/uploads\/2018\/11\/20181009_La-Victoria_Mabel-Jimenez-0405_WEB.jpg?fit=1106%2C737&ssl=1","type":"image\/jpeg"}],"author":"El Tecolote Staff","twitter_card":"summary_large_image","twitter_creator":"@eltecolotesf","twitter_site":"@eltecolotesf","twitter_misc":{"Written by":"El Tecolote Staff","Est. reading time":"6 minutes"},"schema":{"@context":"https:\/\/schema.org","@graph":[{"@type":"NewsArticle","@id":"https:\/\/eltecolote.org\/content\/es\/que-le-depara-a-la-victoria-panaderia-con-67-anos-de-tradicion-cierra-sus-puertas\/#article","isPartOf":{"@id":"https:\/\/eltecolote.org\/content\/es\/que-le-depara-a-la-victoria-panaderia-con-67-anos-de-tradicion-cierra-sus-puertas\/"},"author":{"name":"El Tecolote Staff","@id":"https:\/\/eltecolote.org\/content\/#\/schema\/person\/08828d10185eba96895a8363a269410e"},"headline":"\u00bfQu\u00e9 le depara a La Victoria? Panader\u00eda con 67 a\u00f1os de tradici\u00f3n, cierra sus puertas","datePublished":"2018-11-01T21:15:21+00:00","dateModified":"2018-11-01T21:17:50+00:00","mainEntityOfPage":{"@id":"https:\/\/eltecolote.org\/content\/es\/que-le-depara-a-la-victoria-panaderia-con-67-anos-de-tradicion-cierra-sus-puertas\/"},"wordCount":1157,"commentCount":0,"publisher":{"@id":"https:\/\/eltecolote.org\/content\/#organization"},"image":{"@id":"https:\/\/eltecolote.org\/content\/es\/que-le-depara-a-la-victoria-panaderia-con-67-anos-de-tradicion-cierra-sus-puertas\/#primaryimage"},"thumbnailUrl":"https:\/\/i0.wp.com\/eltecolote.org\/content\/wp-content\/uploads\/2018\/11\/20181009_La-Victoria_Mabel-Jimenez-0405_WEB.jpg?fit=1106%2C737&quality=89&ssl=1","keywords":["La Victoria"],"articleSection":["Noticias"],"inLanguage":"en","potentialAction":[{"@type":"CommentAction","name":"Comment","target":["https:\/\/eltecolote.org\/content\/es\/que-le-depara-a-la-victoria-panaderia-con-67-anos-de-tradicion-cierra-sus-puertas\/#respond"]}]},{"@type":"WebPage","@id":"https:\/\/eltecolote.org\/content\/es\/que-le-depara-a-la-victoria-panaderia-con-67-anos-de-tradicion-cierra-sus-puertas\/","url":"https:\/\/eltecolote.org\/content\/es\/que-le-depara-a-la-victoria-panaderia-con-67-anos-de-tradicion-cierra-sus-puertas\/","name":"\u00bfQu\u00e9 le depara a La Victoria? Panader\u00eda con 67 a\u00f1os de tradici\u00f3n, cierra sus puertas - El Tecolote","isPartOf":{"@id":"https:\/\/eltecolote.org\/content\/#website"},"primaryImageOfPage":{"@id":"https:\/\/eltecolote.org\/content\/es\/que-le-depara-a-la-victoria-panaderia-con-67-anos-de-tradicion-cierra-sus-puertas\/#primaryimage"},"image":{"@id":"https:\/\/eltecolote.org\/content\/es\/que-le-depara-a-la-victoria-panaderia-con-67-anos-de-tradicion-cierra-sus-puertas\/#primaryimage"},"thumbnailUrl":"https:\/\/i0.wp.com\/eltecolote.org\/content\/wp-content\/uploads\/2018\/11\/20181009_La-Victoria_Mabel-Jimenez-0405_WEB.jpg?fit=1106%2C737&quality=89&ssl=1","datePublished":"2018-11-01T21:15:21+00:00","dateModified":"2018-11-01T21:17:50+00:00","description":"Las paredes est\u00e1n vac\u00edas y cajas de color marr\u00f3n cubren las mesas en las que antes se sentaban los clientes. La ventana delantera se encuentra cubierta y","inLanguage":"en","potentialAction":[{"@type":"ReadAction","target":["https:\/\/eltecolote.org\/content\/es\/que-le-depara-a-la-victoria-panaderia-con-67-anos-de-tradicion-cierra-sus-puertas\/"]}]},{"@type":"ImageObject","inLanguage":"en","@id":"https:\/\/eltecolote.org\/content\/es\/que-le-depara-a-la-victoria-panaderia-con-67-anos-de-tradicion-cierra-sus-puertas\/#primaryimage","url":"https:\/\/i0.wp.com\/eltecolote.org\/content\/wp-content\/uploads\/2018\/11\/20181009_La-Victoria_Mabel-Jimenez-0405_WEB.jpg?fit=1106%2C737&quality=89&ssl=1","contentUrl":"https:\/\/i0.wp.com\/eltecolote.org\/content\/wp-content\/uploads\/2018\/11\/20181009_La-Victoria_Mabel-Jimenez-0405_WEB.jpg?fit=1106%2C737&quality=89&ssl=1","width":1106,"height":737},{"@type":"WebSite","@id":"https:\/\/eltecolote.org\/content\/#website","url":"https:\/\/eltecolote.org\/content\/","name":"El Tecolote","description":"San Francisco's Latinx newspaper since 1970","publisher":{"@id":"https:\/\/eltecolote.org\/content\/#organization"},"potentialAction":[{"@type":"SearchAction","target":{"@type":"EntryPoint","urlTemplate":"https:\/\/eltecolote.org\/content\/?s={search_term_string}"},"query-input":{"@type":"PropertyValueSpecification","valueRequired":true,"valueName":"search_term_string"}}],"inLanguage":"en"},{"@type":"Organization","@id":"https:\/\/eltecolote.org\/content\/#organization","name":"El Tecolote","url":"https:\/\/eltecolote.org\/content\/","logo":{"@type":"ImageObject","inLanguage":"en","@id":"https:\/\/eltecolote.org\/content\/#\/schema\/logo\/image\/","url":"https:\/\/i0.wp.com\/eltecolote.org\/content\/wp-content\/uploads\/2021\/05\/ETlogo-1.jpg?fit=400%2C400&ssl=1","contentUrl":"https:\/\/i0.wp.com\/eltecolote.org\/content\/wp-content\/uploads\/2021\/05\/ETlogo-1.jpg?fit=400%2C400&ssl=1","width":400,"height":400,"caption":"El Tecolote"},"image":{"@id":"https:\/\/eltecolote.org\/content\/#\/schema\/logo\/image\/"},"sameAs":["https:\/\/www.facebook.com\/ElTecoloteSF\/","https:\/\/x.com\/eltecolotesf","https:\/\/www.instagram.com\/eltecolotesf\/"]},{"@type":"Person","@id":"https:\/\/eltecolote.org\/content\/#\/schema\/person\/08828d10185eba96895a8363a269410e","name":"El Tecolote Staff","image":{"@type":"ImageObject","inLanguage":"en","@id":"https:\/\/secure.gravatar.com\/avatar\/9534c92c8c908364e186a64d93efc86f62367109d1b07a3454facde655968589?s=96&d=mm&r=g6afcb607783e095e4cf6be807353924d","url":"https:\/\/secure.gravatar.com\/avatar\/9534c92c8c908364e186a64d93efc86f62367109d1b07a3454facde655968589?s=96&d=mm&r=g","contentUrl":"https:\/\/secure.gravatar.com\/avatar\/9534c92c8c908364e186a64d93efc86f62367109d1b07a3454facde655968589?s=96&d=mm&r=g","caption":"El Tecolote Staff"},"url":"https:\/\/eltecolote.org\/content\/author\/web-editor\/"}]}},"distributor_meta":false,"distributor_terms":false,"distributor_media":false,"distributor_original_site_name":"El Tecolote","distributor_original_site_url":"https:\/\/eltecolote.org\/content","push-errors":false,"_links":{"self":[{"href":"https:\/\/eltecolote.org\/content\/wp-json\/wp\/v2\/posts\/39214","targetHints":{"allow":["GET"]}}],"collection":[{"href":"https:\/\/eltecolote.org\/content\/wp-json\/wp\/v2\/posts"}],"about":[{"href":"https:\/\/eltecolote.org\/content\/wp-json\/wp\/v2\/types\/post"}],"author":[{"embeddable":true,"href":"https:\/\/eltecolote.org\/content\/wp-json\/wp\/v2\/users\/35"}],"replies":[{"embeddable":true,"href":"https:\/\/eltecolote.org\/content\/wp-json\/wp\/v2\/comments?post=39214"}],"version-history":[{"count":2,"href":"https:\/\/eltecolote.org\/content\/wp-json\/wp\/v2\/posts\/39214\/revisions"}],"predecessor-version":[{"id":39258,"href":"https:\/\/eltecolote.org\/content\/wp-json\/wp\/v2\/posts\/39214\/revisions\/39258"}],"wp:featuredmedia":[{"embeddable":true,"href":"https:\/\/eltecolote.org\/content\/wp-json\/wp\/v2\/media\/39235"}],"wp:attachment":[{"href":"https:\/\/eltecolote.org\/content\/wp-json\/wp\/v2\/media?parent=39214"}],"wp:term":[{"taxonomy":"category","embeddable":true,"href":"https:\/\/eltecolote.org\/content\/wp-json\/wp\/v2\/categories?post=39214"},{"taxonomy":"post_tag","embeddable":true,"href":"https:\/\/eltecolote.org\/content\/wp-json\/wp\/v2\/tags?post=39214"},{"taxonomy":"author","embeddable":true,"href":"https:\/\/eltecolote.org\/content\/wp-json\/wp\/v2\/coauthors?post=39214"}],"curies":[{"name":"wp","href":"https:\/\/api.w.org\/{rel}","templated":true}]}}