{"id":37699,"date":"2018-05-03T16:51:18","date_gmt":"2018-05-03T23:51:18","guid":{"rendered":"http:\/\/eltecolote.org\/content\/?p=37699"},"modified":"2018-05-03T16:51:18","modified_gmt":"2018-05-03T23:51:18","slug":"rene-yanez-reflects-on-five-decades-of-being-an-artist-in-the-mission","status":"publish","type":"post","link":"https:\/\/eltecolote.org\/content\/en\/rene-yanez-reflects-on-five-decades-of-being-an-artist-in-the-mission\/","title":{"rendered":"Ren\u00e9 Y\u00e1\u00f1ez reflects on five decades of being an artist in the Mission"},"content":{"rendered":"<p class=\"p1\">[su_heading size=&#8221;40&#8243; align=&#8221;left&#8221;]Mission Maestro[\/su_heading]<\/p>\n<p class=\"p1\">[su_carousel source=&#8221;media: 37700,37701,37702,37708,37704&#8243; limit=&#8221;65&#8243; link=&#8221;lightbox&#8221; width=&#8221;800&#8243; height=&#8221;540&#8243; responsive=&#8221;no&#8221; items=&#8221;1&#8243;]<\/p>\n<p class=\"p1\"><b><\/b>\u201cI want to be remembered for how lucky I am to have such good friends,\u201d says Ren\u00e9 Y\u00e1\u00f1ez in the comfort of his his outdoor office at SOMArts where he calmly smokes ganja, which has allowed the 75-year-old renowned Mission artist to function properly since receiving chemotherapy. \u201cSome people smoke to get high, while I smoke to stay afloat.\u201d<\/p>\n<p class=\"p5\">Diagnosed with prostate cancer and bone cancer, Ren\u00e9 was given only three months to live, but he\u2019s going on seven months now. In between Chemotherapy every three weeks and bi-weekly blood transfusions, he finds the time and strength to work on his art.<\/p>\n<p class=\"p5\">\u201cThere was a time that I felt sorry for myself,\u201d he confesses. \u201cBut I have a good support system.\u201d<\/p>\n<figure id=\"attachment_37712\" aria-describedby=\"caption-attachment-37712\" style=\"width: 200px\" class=\"wp-caption alignright\"><a href=\"https:\/\/i0.wp.com\/eltecolote.org\/content\/wp-content\/uploads\/2018\/05\/Rene-Art_02web-1.jpg?quality=89&#038;ssl=1\"><img data-recalc-dims=\"1\" loading=\"lazy\" decoding=\"async\" class=\" wp-image-37712\" src=\"https:\/\/i0.wp.com\/eltecolote.org\/content\/wp-content\/uploads\/2018\/05\/Rene-Art_02web-1.jpg?resize=200%2C296&#038;quality=89&#038;ssl=1\" alt=\"\" width=\"200\" height=\"296\" srcset=\"https:\/\/i0.wp.com\/eltecolote.org\/content\/wp-content\/uploads\/2018\/05\/Rene-Art_02web-1.jpg?w=635&amp;quality=89&amp;ssl=1 635w, https:\/\/i0.wp.com\/eltecolote.org\/content\/wp-content\/uploads\/2018\/05\/Rene-Art_02web-1.jpg?resize=600%2C888&amp;quality=89&amp;ssl=1 600w, https:\/\/i0.wp.com\/eltecolote.org\/content\/wp-content\/uploads\/2018\/05\/Rene-Art_02web-1.jpg?resize=169%2C250&amp;quality=89&amp;ssl=1 169w, https:\/\/i0.wp.com\/eltecolote.org\/content\/wp-content\/uploads\/2018\/05\/Rene-Art_02web-1.jpg?resize=324%2C480&amp;quality=89&amp;ssl=1 324w\" sizes=\"auto, (max-width: 200px) 100vw, 200px\" \/><\/a><figcaption id=\"caption-attachment-37712\" class=\"wp-caption-text\">\u201cSelf-Portrait (El Autorretrato)\u201d by Ren\u00e9 Ya\u00f1ez.<\/figcaption><\/figure>\n<figure id=\"attachment_37710\" aria-describedby=\"caption-attachment-37710\" style=\"width: 222px\" class=\"wp-caption alignright\"><a href=\"https:\/\/i0.wp.com\/eltecolote.org\/content\/wp-content\/uploads\/2018\/05\/Rene-Art_03web.jpg?quality=89&#038;ssl=1\"><img data-recalc-dims=\"1\" loading=\"lazy\" decoding=\"async\" class=\" wp-image-37710\" src=\"https:\/\/i0.wp.com\/eltecolote.org\/content\/wp-content\/uploads\/2018\/05\/Rene-Art_03web.jpg?resize=222%2C295&#038;quality=89&#038;ssl=1\" alt=\"\" width=\"222\" height=\"295\" srcset=\"https:\/\/i0.wp.com\/eltecolote.org\/content\/wp-content\/uploads\/2018\/05\/Rene-Art_03web.jpg?w=720&amp;quality=89&amp;ssl=1 720w, https:\/\/i0.wp.com\/eltecolote.org\/content\/wp-content\/uploads\/2018\/05\/Rene-Art_03web.jpg?resize=600%2C797&amp;quality=89&amp;ssl=1 600w, https:\/\/i0.wp.com\/eltecolote.org\/content\/wp-content\/uploads\/2018\/05\/Rene-Art_03web.jpg?resize=188%2C250&amp;quality=89&amp;ssl=1 188w, https:\/\/i0.wp.com\/eltecolote.org\/content\/wp-content\/uploads\/2018\/05\/Rene-Art_03web.jpg?resize=362%2C480&amp;quality=89&amp;ssl=1 362w\" sizes=\"auto, (max-width: 222px) 100vw, 222px\" \/><\/a><figcaption id=\"caption-attachment-37710\" class=\"wp-caption-text\">\u2018Ofrendas para la luna\u2019. Offerings to the Moon by Ren\u00e9 Ya\u00f1ez.<\/figcaption><\/figure>\n<p class=\"p5\">With the three-month warning, Ren\u00e9\u2019s doctor suggested he complete his art exhibits earlier than expected. Since then, he\u2019s had a show called \u201cInto the Fade\u201d at the Luggage Store\u2014his first solo show that featured works inspired by his reaction to cancer medications\u2014and a benefit honoring his work for SOMArts called \u201c\u00a1Demasiado!\u201d in mid-April. In the near future, he plans to host a show with blacklight art and more in different locations.<\/p>\n<p class=\"p5\">Lately, his art has consisted of abstract drawings\u2014which explain his experienced hallucinations as a result of chemo\u2014and featured pieces on the current president, Frida Kahlo, \u201cThe Great Tortilla Conspiracy,\u201d and others.<\/p>\n<figure id=\"attachment_37716\" aria-describedby=\"caption-attachment-37716\" style=\"width: 200px\" class=\"wp-caption alignright\"><a href=\"https:\/\/i0.wp.com\/eltecolote.org\/content\/wp-content\/uploads\/2018\/05\/Rene-Art_01-2.jpg?quality=89&#038;ssl=1\"><img data-recalc-dims=\"1\" loading=\"lazy\" decoding=\"async\" class=\" wp-image-37716\" src=\"https:\/\/i0.wp.com\/eltecolote.org\/content\/wp-content\/uploads\/2018\/05\/Rene-Art_01-2.jpg?resize=200%2C267&#038;quality=89&#038;ssl=1\" alt=\"\" width=\"200\" height=\"267\" srcset=\"https:\/\/i0.wp.com\/eltecolote.org\/content\/wp-content\/uploads\/2018\/05\/Rene-Art_01-2.jpg?w=670&amp;quality=89&amp;ssl=1 670w, https:\/\/i0.wp.com\/eltecolote.org\/content\/wp-content\/uploads\/2018\/05\/Rene-Art_01-2.jpg?resize=600%2C801&amp;quality=89&amp;ssl=1 600w, https:\/\/i0.wp.com\/eltecolote.org\/content\/wp-content\/uploads\/2018\/05\/Rene-Art_01-2.jpg?resize=187%2C250&amp;quality=89&amp;ssl=1 187w, https:\/\/i0.wp.com\/eltecolote.org\/content\/wp-content\/uploads\/2018\/05\/Rene-Art_01-2.jpg?resize=359%2C480&amp;quality=89&amp;ssl=1 359w\" sizes=\"auto, (max-width: 200px) 100vw, 200px\" \/><\/a><figcaption id=\"caption-attachment-37716\" class=\"wp-caption-text\">\u2018El humo se pone en tus cejas\u2019. Smoke Gets in Your Eyebrows by Ren\u00e9 Ya\u00f1ez.<\/figcaption><\/figure>\n<figure id=\"attachment_37718\" aria-describedby=\"caption-attachment-37718\" style=\"width: 200px\" class=\"wp-caption alignright\"><a href=\"https:\/\/i0.wp.com\/eltecolote.org\/content\/wp-content\/uploads\/2018\/05\/Rene-Art_04web.jpg?quality=89&#038;ssl=1\"><img data-recalc-dims=\"1\" loading=\"lazy\" decoding=\"async\" class=\" wp-image-37718\" src=\"https:\/\/i0.wp.com\/eltecolote.org\/content\/wp-content\/uploads\/2018\/05\/Rene-Art_04web.jpg?resize=200%2C267&#038;quality=89&#038;ssl=1\" alt=\"\" width=\"200\" height=\"267\" srcset=\"https:\/\/i0.wp.com\/eltecolote.org\/content\/wp-content\/uploads\/2018\/05\/Rene-Art_04web.jpg?w=864&amp;quality=89&amp;ssl=1 864w, https:\/\/i0.wp.com\/eltecolote.org\/content\/wp-content\/uploads\/2018\/05\/Rene-Art_04web.jpg?resize=600%2C800&amp;quality=89&amp;ssl=1 600w, https:\/\/i0.wp.com\/eltecolote.org\/content\/wp-content\/uploads\/2018\/05\/Rene-Art_04web.jpg?resize=188%2C250&amp;quality=89&amp;ssl=1 188w, https:\/\/i0.wp.com\/eltecolote.org\/content\/wp-content\/uploads\/2018\/05\/Rene-Art_04web.jpg?resize=768%2C1024&amp;quality=89&amp;ssl=1 768w, https:\/\/i0.wp.com\/eltecolote.org\/content\/wp-content\/uploads\/2018\/05\/Rene-Art_04web.jpg?resize=360%2C480&amp;quality=89&amp;ssl=1 360w\" sizes=\"auto, (max-width: 200px) 100vw, 200px\" \/><\/a><figcaption id=\"caption-attachment-37718\" class=\"wp-caption-text\">One of Ren\u00e9 Ya\u00f1ez\u2019s works on display at the \u00a1Demasiado! Benefit for SOMArts. Photo: Josue Rojas<\/figcaption><\/figure>\n<p class=\"p5\">\u201cEverything made it interesting and what\u2019s interesting is that people like it,\u201d he chuckles. \u201cI\u2019m trying to catch a certain vibe.\u201d<\/p>\n<p class=\"p5\">Originally from Mexicali, Ren\u00e9 spent his childhood jumping between Tijuana and San Diego. It wasn\u2019t until his early 20s when he confronted the issue of identity during the Civil Rights movement. Since moving to the Bay Area in the late \u201860s, he has accomplished more than even he can recall.<\/p>\n<p class=\"p5\">Aside from his art, Ren\u00e9 cofounded Galer\u00eda de la Raza, which is what he is most proud of. He was there for 17 years, serving as it\u2019s director and curator for many of them. It was at Galeria where Ya\u00f1ez embarked on his comedy and theatrical work, something else he\u2019s proud of.<\/p>\n<p class=\"p5\">On Cinco de Mayo 1984, he brought together Ric Salinas, Richard Montoya, Herbert Sig\u00fcenza, Jos\u00e9 Antonio Burciaga and Marga G\u00f3mez to form a Chicano comedy show called \u201cComedy Fiesta,\u201d which would eventually be reduced to three members and renamed \u201cCulture Clash.\u201d<\/p>\n<p class=\"p5\">\u201cI like when I connect with the audience,\u201d says Ya\u00f1ez.<\/p>\n<p class=\"p5\">With the joy it brings Ren\u00e9 to work with his son, Rio, the two coordinate an annual D\u00eda de los Muertos procession.<\/p>\n<p class=\"p5\">\u201cIn the 1970s, Ya\u00f1ez was instrumental in establishing the Day of the Dead as an important cultural celebration for Chicanos by virtue of the yearly exhibitions, processions and other cultural and educational activities he organized with Ralph Maradiaga at Galer\u00eda de la Raza,\u201d the former executive director of Galer\u00eda de la Raza, Carolina Ponce de Le\u00f3n, told El Tecolote in 2003. \u201cRen\u00e9 Ya\u00f1ez galvanized a large community of Latino and Chicano artists. He supported many of the artists at an early stage of their careers and who are now established and well-known such as Rupert Garcia, Ester Hernandez, Yolanda Lopez, Carmen Lomas-Garza, Enrique Chagoya, Amalia Mesa-Bains, Gronk, ASCO and Culture Clash to name only a few.\u201d<\/p>\n<p class=\"p5\">In 1993, Ya\u00f1ez was honored by the S.F. Weekly as an unsung community hero. El Tecolote\u2019s founding editor Juan Gonzales wrote in his January 1993 \u201cPelando el ojo\u201d column that Ya\u00f1ez \u201chas historically played a key role in challenging the City\u2019s art establishment for more artistic resources in our community.\u201d<\/p>\n<p class=\"p5\">Challenging the city\u2019s art establishment was on full display in the \u201870s. In a Letter to the editor published in the November 1977 issue of El Tecolote, Ya\u00f1ez\u2014along with Maria Pinedo, Carmen Lomas Garza and Ralph Maradiaga\u2014responded to an article by San Francisco Chronicle writer Alfred Frankenstein, who reviewed the Berkeley Museum art exhibit, \u201cThe Fifth Sun: Contemporary\/Traditional Chicano and Latino Art,\u201d saying it was \u201cforced into the museum by ethnic gangsterism\u201d and that \u201cmost successful artists of La Raza hereabouts wouldn\u2019t be found dead in a show like that.\u2019\u2019<\/p>\n<p class=\"p5\">\u201cWe challenge these attacks because we view Raza art from a Latino perspective which primarily communicates to that audience,\u201d Ya\u00f1ez wrote. \u201cIt expresses values and visions based essentially on the lives of Raza people\u2014their heritage and their struggles.\u201d<\/p>\n<p class=\"p5\">Ya\u00f1ez also backed fellow Chicano artists such as Lalo Alcaraz. When the S.F Weekly cancelled the publication of Alcaraz\u2019s La Cucaracha cartoon in 1997, Ya\u00f1ez\u2014the coordinator of the L.A. Cucaracha Defense League\u2014led the charge in asking why.<\/p>\n<p class=\"p5\">\u201cI called [John] Mecklin when I noticed La Cucaracha was missing from the S.F. Weekly. Mecklin said the cartoon was not funny and that the cancellation had nothing to do with race. But it does,\u201d Ya\u00f1ez told El Tecolote in 1997. \u201cThe cartoon was a catalyst. The media is not reaching out to the Latino community. There\u2019s not enough opportunities for Latino writers in our community. Look at how the media villianizes us. You see it in Proposition 187 and how immigrants are seen as taking jobs away from people. You rarely hear the positive side of Latinos.\u201d<\/p>\n<p class=\"p5\">Working with community is something he still enjoys. \u201cI like organizing, getting into circles and getting people together.\u201d<\/p>\n<p class=\"p5\">Looking back, Ren\u00e9 recalls his life to be filled with \u201cvery exciting times.\u201d In the 70s, he enjoyed smoking, drinking, playing the guitar and \u201cthe art was incredible\u2026 it kept drawing me back.\u201d He also recalls himself lucky to have work with Jose Montoya and Luis Valdez, founding director of Teatro Campesino.<\/p>\n<p class=\"p5\">Despite the impressive list of things that he\u2019s achieved throughout his lifetime and the many times he\u2019s been honored, Ren\u00e9 remains humble.<\/p>\n<p class=\"p5\">\u201cI don\u2019t know how long I\u2019ll be around,\u201d he says, staring off in the distance before looking up with a smile. \u201cBut I hope to do some good projects.\u201d<\/p>\n","protected":false},"excerpt":{"rendered":"<p>[su_heading size=&#8221;40&#8243; align=&#8221;left&#8221;]Mission Maestro[\/su_heading] [su_carousel source=&#8221;media: 37700,37701,37702,37708,37704&#8243; limit=&#8221;65&#8243; link=&#8221;lightbox&#8221; width=&#8221;800&#8243; height=&#8221;540&#8243; responsive=&#8221;no&#8221; items=&#8221;1&#8243;] \u201cI want to be remembered for how lucky I am to have such good friends,\u201d says Ren\u00e9 Y\u00e1\u00f1ez in the comfort of his his outdoor office at SOMArts where he calmly smokes ganja, which has allowed the 75-year-old renowned Mission artist to [&hellip;]<\/p>\n","protected":false},"author":35,"featured_media":37700,"comment_status":"open","ping_status":"closed","sticky":false,"template":"","format":"standard","meta":{"newspack_popups_has_disabled_popups":false,"newspack_featured_image_position":"","newspack_post_subtitle":"","newspack_article_summary_title":"Overview:","newspack_article_summary":"","newspack_hide_updated_date":false,"newspack_show_updated_date":false,"footnotes":""},"categories":[3929],"tags":[11197],"coauthors":[],"class_list":["post-37699","post","type-post","status-publish","format-standard","has-post-thumbnail","hentry","category-news-en","tag-rene-yanez-en","entry"],"yoast_head":"<!-- This site is optimized with the Yoast SEO plugin v27.5 - https:\/\/yoast.com\/product\/yoast-seo-wordpress\/ -->\n<title>Ren\u00e9 Y\u00e1\u00f1ez reflects on five decades of being an artist in the Mission - El Tecolote<\/title>\n<meta name=\"description\" content=\"Mission Maestro \u201cI want to be remembered for how lucky I am to have such good friends,\u201d says Ren\u00e9 Y\u00e1\u00f1ez in the comfort of his his outdoor office at\" \/>\n<meta name=\"robots\" content=\"index, follow, max-snippet:-1, max-image-preview:large, max-video-preview:-1\" \/>\n<link rel=\"canonical\" href=\"https:\/\/eltecolote.org\/content\/en\/rene-yanez-reflects-on-five-decades-of-being-an-artist-in-the-mission\/\" \/>\n<meta property=\"og:locale\" content=\"en_US\" \/>\n<meta property=\"og:type\" content=\"article\" \/>\n<meta property=\"og:title\" content=\"Ren\u00e9 Y\u00e1\u00f1ez reflects on five decades of being an artist in the Mission - El Tecolote\" \/>\n<meta property=\"og:description\" content=\"Mission Maestro \u201cI want to be remembered for how lucky I am to have such good friends,\u201d says Ren\u00e9 Y\u00e1\u00f1ez in the comfort of his his outdoor office at\" \/>\n<meta property=\"og:url\" content=\"https:\/\/eltecolote.org\/content\/en\/rene-yanez-reflects-on-five-decades-of-being-an-artist-in-the-mission\/\" \/>\n<meta property=\"og:site_name\" content=\"El Tecolote\" \/>\n<meta property=\"article:publisher\" content=\"https:\/\/www.facebook.com\/ElTecoloteSF\/\" \/>\n<meta property=\"article:published_time\" content=\"2018-05-03T23:51:18+00:00\" \/>\n<meta property=\"og:image\" content=\"https:\/\/i0.wp.com\/eltecolote.org\/content\/wp-content\/uploads\/2018\/05\/Rene-Yan\u0303ez_Demasiado_8183web.jpg?fit=1008%2C671&ssl=1\" \/>\n\t<meta property=\"og:image:width\" content=\"1008\" \/>\n\t<meta property=\"og:image:height\" content=\"671\" \/>\n\t<meta property=\"og:image:type\" content=\"image\/jpeg\" \/>\n<meta name=\"author\" content=\"El Tecolote Staff\" \/>\n<meta name=\"twitter:card\" content=\"summary_large_image\" \/>\n<meta name=\"twitter:creator\" content=\"@eltecolotesf\" \/>\n<meta name=\"twitter:site\" content=\"@eltecolotesf\" \/>\n<meta name=\"twitter:label1\" content=\"Written by\" \/>\n\t<meta name=\"twitter:data1\" content=\"El Tecolote Staff\" \/>\n\t<meta name=\"twitter:label2\" content=\"Est. reading time\" \/>\n\t<meta name=\"twitter:data2\" content=\"6 minutes\" \/>\n<script type=\"application\/ld+json\" class=\"yoast-schema-graph\">{\"@context\":\"https:\\\/\\\/schema.org\",\"@graph\":[{\"@type\":\"NewsArticle\",\"@id\":\"https:\\\/\\\/eltecolote.org\\\/content\\\/en\\\/rene-yanez-reflects-on-five-decades-of-being-an-artist-in-the-mission\\\/#article\",\"isPartOf\":{\"@id\":\"https:\\\/\\\/eltecolote.org\\\/content\\\/en\\\/rene-yanez-reflects-on-five-decades-of-being-an-artist-in-the-mission\\\/\"},\"author\":{\"name\":\"El Tecolote Staff\",\"@id\":\"https:\\\/\\\/eltecolote.org\\\/content\\\/#\\\/schema\\\/person\\\/08828d10185eba96895a8363a269410e\"},\"headline\":\"Ren\u00e9 Y\u00e1\u00f1ez reflects on five decades of being an artist in the Mission\",\"datePublished\":\"2018-05-03T23:51:18+00:00\",\"mainEntityOfPage\":{\"@id\":\"https:\\\/\\\/eltecolote.org\\\/content\\\/en\\\/rene-yanez-reflects-on-five-decades-of-being-an-artist-in-the-mission\\\/\"},\"wordCount\":1127,\"commentCount\":0,\"publisher\":{\"@id\":\"https:\\\/\\\/eltecolote.org\\\/content\\\/#organization\"},\"image\":{\"@id\":\"https:\\\/\\\/eltecolote.org\\\/content\\\/en\\\/rene-yanez-reflects-on-five-decades-of-being-an-artist-in-the-mission\\\/#primaryimage\"},\"thumbnailUrl\":\"https:\\\/\\\/i0.wp.com\\\/eltecolote.org\\\/content\\\/wp-content\\\/uploads\\\/2018\\\/05\\\/Rene-Yan%CC%83ez_Demasiado_8183web.jpg?fit=1008%2C671&quality=89&ssl=1\",\"keywords\":[\"Rene Yanez\"],\"articleSection\":[\"News\"],\"inLanguage\":\"en\",\"potentialAction\":[{\"@type\":\"CommentAction\",\"name\":\"Comment\",\"target\":[\"https:\\\/\\\/eltecolote.org\\\/content\\\/en\\\/rene-yanez-reflects-on-five-decades-of-being-an-artist-in-the-mission\\\/#respond\"]}]},{\"@type\":\"WebPage\",\"@id\":\"https:\\\/\\\/eltecolote.org\\\/content\\\/en\\\/rene-yanez-reflects-on-five-decades-of-being-an-artist-in-the-mission\\\/\",\"url\":\"https:\\\/\\\/eltecolote.org\\\/content\\\/en\\\/rene-yanez-reflects-on-five-decades-of-being-an-artist-in-the-mission\\\/\",\"name\":\"Ren\u00e9 Y\u00e1\u00f1ez reflects on five decades of being an artist in the Mission - El Tecolote\",\"isPartOf\":{\"@id\":\"https:\\\/\\\/eltecolote.org\\\/content\\\/#website\"},\"primaryImageOfPage\":{\"@id\":\"https:\\\/\\\/eltecolote.org\\\/content\\\/en\\\/rene-yanez-reflects-on-five-decades-of-being-an-artist-in-the-mission\\\/#primaryimage\"},\"image\":{\"@id\":\"https:\\\/\\\/eltecolote.org\\\/content\\\/en\\\/rene-yanez-reflects-on-five-decades-of-being-an-artist-in-the-mission\\\/#primaryimage\"},\"thumbnailUrl\":\"https:\\\/\\\/i0.wp.com\\\/eltecolote.org\\\/content\\\/wp-content\\\/uploads\\\/2018\\\/05\\\/Rene-Yan%CC%83ez_Demasiado_8183web.jpg?fit=1008%2C671&quality=89&ssl=1\",\"datePublished\":\"2018-05-03T23:51:18+00:00\",\"description\":\"Mission Maestro \u201cI want to be remembered for how lucky I am to have such good friends,\u201d says Ren\u00e9 Y\u00e1\u00f1ez in the comfort of his his outdoor office at\",\"inLanguage\":\"en\",\"potentialAction\":[{\"@type\":\"ReadAction\",\"target\":[\"https:\\\/\\\/eltecolote.org\\\/content\\\/en\\\/rene-yanez-reflects-on-five-decades-of-being-an-artist-in-the-mission\\\/\"]}]},{\"@type\":\"ImageObject\",\"inLanguage\":\"en\",\"@id\":\"https:\\\/\\\/eltecolote.org\\\/content\\\/en\\\/rene-yanez-reflects-on-five-decades-of-being-an-artist-in-the-mission\\\/#primaryimage\",\"url\":\"https:\\\/\\\/i0.wp.com\\\/eltecolote.org\\\/content\\\/wp-content\\\/uploads\\\/2018\\\/05\\\/Rene-Yan%CC%83ez_Demasiado_8183web.jpg?fit=1008%2C671&quality=89&ssl=1\",\"contentUrl\":\"https:\\\/\\\/i0.wp.com\\\/eltecolote.org\\\/content\\\/wp-content\\\/uploads\\\/2018\\\/05\\\/Rene-Yan%CC%83ez_Demasiado_8183web.jpg?fit=1008%2C671&quality=89&ssl=1\",\"width\":1008,\"height\":671},{\"@type\":\"WebSite\",\"@id\":\"https:\\\/\\\/eltecolote.org\\\/content\\\/#website\",\"url\":\"https:\\\/\\\/eltecolote.org\\\/content\\\/\",\"name\":\"El Tecolote\",\"description\":\"San Francisco's Latinx newspaper since 1970\",\"publisher\":{\"@id\":\"https:\\\/\\\/eltecolote.org\\\/content\\\/#organization\"},\"potentialAction\":[{\"@type\":\"SearchAction\",\"target\":{\"@type\":\"EntryPoint\",\"urlTemplate\":\"https:\\\/\\\/eltecolote.org\\\/content\\\/?s={search_term_string}\"},\"query-input\":{\"@type\":\"PropertyValueSpecification\",\"valueRequired\":true,\"valueName\":\"search_term_string\"}}],\"inLanguage\":\"en\"},{\"@type\":\"Organization\",\"@id\":\"https:\\\/\\\/eltecolote.org\\\/content\\\/#organization\",\"name\":\"El Tecolote\",\"url\":\"https:\\\/\\\/eltecolote.org\\\/content\\\/\",\"logo\":{\"@type\":\"ImageObject\",\"inLanguage\":\"en\",\"@id\":\"https:\\\/\\\/eltecolote.org\\\/content\\\/#\\\/schema\\\/logo\\\/image\\\/\",\"url\":\"https:\\\/\\\/i0.wp.com\\\/eltecolote.org\\\/content\\\/wp-content\\\/uploads\\\/2021\\\/05\\\/ETlogo-1.jpg?fit=400%2C400&ssl=1\",\"contentUrl\":\"https:\\\/\\\/i0.wp.com\\\/eltecolote.org\\\/content\\\/wp-content\\\/uploads\\\/2021\\\/05\\\/ETlogo-1.jpg?fit=400%2C400&ssl=1\",\"width\":400,\"height\":400,\"caption\":\"El Tecolote\"},\"image\":{\"@id\":\"https:\\\/\\\/eltecolote.org\\\/content\\\/#\\\/schema\\\/logo\\\/image\\\/\"},\"sameAs\":[\"https:\\\/\\\/www.facebook.com\\\/ElTecoloteSF\\\/\",\"https:\\\/\\\/x.com\\\/eltecolotesf\",\"https:\\\/\\\/www.instagram.com\\\/eltecolotesf\\\/\"]},{\"@type\":\"Person\",\"@id\":\"https:\\\/\\\/eltecolote.org\\\/content\\\/#\\\/schema\\\/person\\\/08828d10185eba96895a8363a269410e\",\"name\":\"El Tecolote Staff\",\"image\":{\"@type\":\"ImageObject\",\"inLanguage\":\"en\",\"@id\":\"https:\\\/\\\/secure.gravatar.com\\\/avatar\\\/9534c92c8c908364e186a64d93efc86f62367109d1b07a3454facde655968589?s=96&d=mm&r=g6afcb607783e095e4cf6be807353924d\",\"url\":\"https:\\\/\\\/secure.gravatar.com\\\/avatar\\\/9534c92c8c908364e186a64d93efc86f62367109d1b07a3454facde655968589?s=96&d=mm&r=g\",\"contentUrl\":\"https:\\\/\\\/secure.gravatar.com\\\/avatar\\\/9534c92c8c908364e186a64d93efc86f62367109d1b07a3454facde655968589?s=96&d=mm&r=g\",\"caption\":\"El Tecolote Staff\"},\"url\":\"https:\\\/\\\/eltecolote.org\\\/content\\\/author\\\/web-editor\\\/\"}]}<\/script>\n<!-- \/ Yoast SEO plugin. -->","yoast_head_json":{"title":"Ren\u00e9 Y\u00e1\u00f1ez reflects on five decades of being an artist in the Mission - El Tecolote","description":"Mission Maestro \u201cI want to be remembered for how lucky I am to have such good friends,\u201d says Ren\u00e9 Y\u00e1\u00f1ez in the comfort of his his outdoor office at","robots":{"index":"index","follow":"follow","max-snippet":"max-snippet:-1","max-image-preview":"max-image-preview:large","max-video-preview":"max-video-preview:-1"},"canonical":"https:\/\/eltecolote.org\/content\/en\/rene-yanez-reflects-on-five-decades-of-being-an-artist-in-the-mission\/","og_locale":"en_US","og_type":"article","og_title":"Ren\u00e9 Y\u00e1\u00f1ez reflects on five decades of being an artist in the Mission - El Tecolote","og_description":"Mission Maestro \u201cI want to be remembered for how lucky I am to have such good friends,\u201d says Ren\u00e9 Y\u00e1\u00f1ez in the comfort of his his outdoor office at","og_url":"https:\/\/eltecolote.org\/content\/en\/rene-yanez-reflects-on-five-decades-of-being-an-artist-in-the-mission\/","og_site_name":"El Tecolote","article_publisher":"https:\/\/www.facebook.com\/ElTecoloteSF\/","article_published_time":"2018-05-03T23:51:18+00:00","og_image":[{"width":1008,"height":671,"url":"https:\/\/i0.wp.com\/eltecolote.org\/content\/wp-content\/uploads\/2018\/05\/Rene-Yan\u0303ez_Demasiado_8183web.jpg?fit=1008%2C671&ssl=1","type":"image\/jpeg"}],"author":"El Tecolote Staff","twitter_card":"summary_large_image","twitter_creator":"@eltecolotesf","twitter_site":"@eltecolotesf","twitter_misc":{"Written by":"El Tecolote Staff","Est. reading time":"6 minutes"},"schema":{"@context":"https:\/\/schema.org","@graph":[{"@type":"NewsArticle","@id":"https:\/\/eltecolote.org\/content\/en\/rene-yanez-reflects-on-five-decades-of-being-an-artist-in-the-mission\/#article","isPartOf":{"@id":"https:\/\/eltecolote.org\/content\/en\/rene-yanez-reflects-on-five-decades-of-being-an-artist-in-the-mission\/"},"author":{"name":"El Tecolote Staff","@id":"https:\/\/eltecolote.org\/content\/#\/schema\/person\/08828d10185eba96895a8363a269410e"},"headline":"Ren\u00e9 Y\u00e1\u00f1ez reflects on five decades of being an artist in the Mission","datePublished":"2018-05-03T23:51:18+00:00","mainEntityOfPage":{"@id":"https:\/\/eltecolote.org\/content\/en\/rene-yanez-reflects-on-five-decades-of-being-an-artist-in-the-mission\/"},"wordCount":1127,"commentCount":0,"publisher":{"@id":"https:\/\/eltecolote.org\/content\/#organization"},"image":{"@id":"https:\/\/eltecolote.org\/content\/en\/rene-yanez-reflects-on-five-decades-of-being-an-artist-in-the-mission\/#primaryimage"},"thumbnailUrl":"https:\/\/i0.wp.com\/eltecolote.org\/content\/wp-content\/uploads\/2018\/05\/Rene-Yan%CC%83ez_Demasiado_8183web.jpg?fit=1008%2C671&quality=89&ssl=1","keywords":["Rene Yanez"],"articleSection":["News"],"inLanguage":"en","potentialAction":[{"@type":"CommentAction","name":"Comment","target":["https:\/\/eltecolote.org\/content\/en\/rene-yanez-reflects-on-five-decades-of-being-an-artist-in-the-mission\/#respond"]}]},{"@type":"WebPage","@id":"https:\/\/eltecolote.org\/content\/en\/rene-yanez-reflects-on-five-decades-of-being-an-artist-in-the-mission\/","url":"https:\/\/eltecolote.org\/content\/en\/rene-yanez-reflects-on-five-decades-of-being-an-artist-in-the-mission\/","name":"Ren\u00e9 Y\u00e1\u00f1ez reflects on five decades of being an artist in the Mission - El Tecolote","isPartOf":{"@id":"https:\/\/eltecolote.org\/content\/#website"},"primaryImageOfPage":{"@id":"https:\/\/eltecolote.org\/content\/en\/rene-yanez-reflects-on-five-decades-of-being-an-artist-in-the-mission\/#primaryimage"},"image":{"@id":"https:\/\/eltecolote.org\/content\/en\/rene-yanez-reflects-on-five-decades-of-being-an-artist-in-the-mission\/#primaryimage"},"thumbnailUrl":"https:\/\/i0.wp.com\/eltecolote.org\/content\/wp-content\/uploads\/2018\/05\/Rene-Yan%CC%83ez_Demasiado_8183web.jpg?fit=1008%2C671&quality=89&ssl=1","datePublished":"2018-05-03T23:51:18+00:00","description":"Mission Maestro \u201cI want to be remembered for how lucky I am to have such good friends,\u201d says Ren\u00e9 Y\u00e1\u00f1ez in the comfort of his his outdoor office at","inLanguage":"en","potentialAction":[{"@type":"ReadAction","target":["https:\/\/eltecolote.org\/content\/en\/rene-yanez-reflects-on-five-decades-of-being-an-artist-in-the-mission\/"]}]},{"@type":"ImageObject","inLanguage":"en","@id":"https:\/\/eltecolote.org\/content\/en\/rene-yanez-reflects-on-five-decades-of-being-an-artist-in-the-mission\/#primaryimage","url":"https:\/\/i0.wp.com\/eltecolote.org\/content\/wp-content\/uploads\/2018\/05\/Rene-Yan%CC%83ez_Demasiado_8183web.jpg?fit=1008%2C671&quality=89&ssl=1","contentUrl":"https:\/\/i0.wp.com\/eltecolote.org\/content\/wp-content\/uploads\/2018\/05\/Rene-Yan%CC%83ez_Demasiado_8183web.jpg?fit=1008%2C671&quality=89&ssl=1","width":1008,"height":671},{"@type":"WebSite","@id":"https:\/\/eltecolote.org\/content\/#website","url":"https:\/\/eltecolote.org\/content\/","name":"El Tecolote","description":"San Francisco's Latinx newspaper since 1970","publisher":{"@id":"https:\/\/eltecolote.org\/content\/#organization"},"potentialAction":[{"@type":"SearchAction","target":{"@type":"EntryPoint","urlTemplate":"https:\/\/eltecolote.org\/content\/?s={search_term_string}"},"query-input":{"@type":"PropertyValueSpecification","valueRequired":true,"valueName":"search_term_string"}}],"inLanguage":"en"},{"@type":"Organization","@id":"https:\/\/eltecolote.org\/content\/#organization","name":"El Tecolote","url":"https:\/\/eltecolote.org\/content\/","logo":{"@type":"ImageObject","inLanguage":"en","@id":"https:\/\/eltecolote.org\/content\/#\/schema\/logo\/image\/","url":"https:\/\/i0.wp.com\/eltecolote.org\/content\/wp-content\/uploads\/2021\/05\/ETlogo-1.jpg?fit=400%2C400&ssl=1","contentUrl":"https:\/\/i0.wp.com\/eltecolote.org\/content\/wp-content\/uploads\/2021\/05\/ETlogo-1.jpg?fit=400%2C400&ssl=1","width":400,"height":400,"caption":"El Tecolote"},"image":{"@id":"https:\/\/eltecolote.org\/content\/#\/schema\/logo\/image\/"},"sameAs":["https:\/\/www.facebook.com\/ElTecoloteSF\/","https:\/\/x.com\/eltecolotesf","https:\/\/www.instagram.com\/eltecolotesf\/"]},{"@type":"Person","@id":"https:\/\/eltecolote.org\/content\/#\/schema\/person\/08828d10185eba96895a8363a269410e","name":"El Tecolote Staff","image":{"@type":"ImageObject","inLanguage":"en","@id":"https:\/\/secure.gravatar.com\/avatar\/9534c92c8c908364e186a64d93efc86f62367109d1b07a3454facde655968589?s=96&d=mm&r=g6afcb607783e095e4cf6be807353924d","url":"https:\/\/secure.gravatar.com\/avatar\/9534c92c8c908364e186a64d93efc86f62367109d1b07a3454facde655968589?s=96&d=mm&r=g","contentUrl":"https:\/\/secure.gravatar.com\/avatar\/9534c92c8c908364e186a64d93efc86f62367109d1b07a3454facde655968589?s=96&d=mm&r=g","caption":"El Tecolote Staff"},"url":"https:\/\/eltecolote.org\/content\/author\/web-editor\/"}]}},"distributor_meta":false,"distributor_terms":false,"distributor_media":false,"distributor_original_site_name":"El Tecolote","distributor_original_site_url":"https:\/\/eltecolote.org\/content","push-errors":false,"_links":{"self":[{"href":"https:\/\/eltecolote.org\/content\/wp-json\/wp\/v2\/posts\/37699","targetHints":{"allow":["GET"]}}],"collection":[{"href":"https:\/\/eltecolote.org\/content\/wp-json\/wp\/v2\/posts"}],"about":[{"href":"https:\/\/eltecolote.org\/content\/wp-json\/wp\/v2\/types\/post"}],"author":[{"embeddable":true,"href":"https:\/\/eltecolote.org\/content\/wp-json\/wp\/v2\/users\/35"}],"replies":[{"embeddable":true,"href":"https:\/\/eltecolote.org\/content\/wp-json\/wp\/v2\/comments?post=37699"}],"version-history":[{"count":4,"href":"https:\/\/eltecolote.org\/content\/wp-json\/wp\/v2\/posts\/37699\/revisions"}],"predecessor-version":[{"id":37719,"href":"https:\/\/eltecolote.org\/content\/wp-json\/wp\/v2\/posts\/37699\/revisions\/37719"}],"wp:featuredmedia":[{"embeddable":true,"href":"https:\/\/eltecolote.org\/content\/wp-json\/wp\/v2\/media\/37700"}],"wp:attachment":[{"href":"https:\/\/eltecolote.org\/content\/wp-json\/wp\/v2\/media?parent=37699"}],"wp:term":[{"taxonomy":"category","embeddable":true,"href":"https:\/\/eltecolote.org\/content\/wp-json\/wp\/v2\/categories?post=37699"},{"taxonomy":"post_tag","embeddable":true,"href":"https:\/\/eltecolote.org\/content\/wp-json\/wp\/v2\/tags?post=37699"},{"taxonomy":"author","embeddable":true,"href":"https:\/\/eltecolote.org\/content\/wp-json\/wp\/v2\/coauthors?post=37699"}],"curies":[{"name":"wp","href":"https:\/\/api.w.org\/{rel}","templated":true}]}}