{"id":37508,"date":"2018-04-05T17:25:27","date_gmt":"2018-04-06T00:25:27","guid":{"rendered":"http:\/\/eltecolote.org\/content\/?p=37508"},"modified":"2018-04-05T17:25:27","modified_gmt":"2018-04-06T00:25:27","slug":"editorial-desarmados-una-vez-mas-las-vidas-negras-tambien-importan","status":"publish","type":"post","link":"https:\/\/eltecolote.org\/content\/es\/editorial-desarmados-una-vez-mas-las-vidas-negras-tambien-importan\/","title":{"rendered":"Editorial: Desarmados, una vez m\u00e1s\u2014las vidas negras tambi\u00e9n importan"},"content":{"rendered":"<figure id=\"attachment_37510\" aria-describedby=\"caption-attachment-37510\" style=\"width: 864px\" class=\"wp-caption aligncenter\"><a href=\"https:\/\/i0.wp.com\/eltecolote.org\/content\/wp-content\/uploads\/2018\/04\/Stephon-Clark_2210web-2.jpg?quality=89&#038;ssl=1\"><img data-recalc-dims=\"1\" loading=\"lazy\" decoding=\"async\" class=\"size-full wp-image-37510\" src=\"https:\/\/i0.wp.com\/eltecolote.org\/content\/wp-content\/uploads\/2018\/04\/Stephon-Clark_2210web-2.jpg?resize=864%2C598&#038;quality=89&#038;ssl=1\" alt=\"\" width=\"864\" height=\"598\" srcset=\"https:\/\/i0.wp.com\/eltecolote.org\/content\/wp-content\/uploads\/2018\/04\/Stephon-Clark_2210web-2.jpg?w=864&amp;quality=89&amp;ssl=1 864w, https:\/\/i0.wp.com\/eltecolote.org\/content\/wp-content\/uploads\/2018\/04\/Stephon-Clark_2210web-2.jpg?resize=600%2C415&amp;quality=89&amp;ssl=1 600w, https:\/\/i0.wp.com\/eltecolote.org\/content\/wp-content\/uploads\/2018\/04\/Stephon-Clark_2210web-2.jpg?resize=360%2C250&amp;quality=89&amp;ssl=1 360w, https:\/\/i0.wp.com\/eltecolote.org\/content\/wp-content\/uploads\/2018\/04\/Stephon-Clark_2210web-2.jpg?resize=768%2C532&amp;quality=89&amp;ssl=1 768w\" sizes=\"auto, (max-width: 864px) 100vw, 864px\" \/><\/a><figcaption id=\"caption-attachment-37510\" class=\"wp-caption-text\">El hermano de Stephon Clark, Stevante, durante la manifestaci\u00f3n en Sacramento el viernes 30 de marzo. Stevante pidi\u00f3 a los manifestantes irse a sus casas si ellos lo estimaban a \u00e9l y a su hermano, sin embargo, muchos se quedaron. Foto: Karlos Rene Ayala<\/figcaption><\/figure>\n<figure id=\"attachment_37511\" aria-describedby=\"caption-attachment-37511\" style=\"width: 399px\" class=\"wp-caption alignright\"><a href=\"https:\/\/i0.wp.com\/eltecolote.org\/content\/wp-content\/uploads\/2018\/04\/Stephon-Clark_01web-1.jpg?quality=89&#038;ssl=1\"><img data-recalc-dims=\"1\" loading=\"lazy\" decoding=\"async\" class=\" wp-image-37511\" src=\"https:\/\/i0.wp.com\/eltecolote.org\/content\/wp-content\/uploads\/2018\/04\/Stephon-Clark_01web-1.jpg?resize=399%2C399&#038;quality=89&#038;ssl=1\" alt=\"\" width=\"399\" height=\"399\" srcset=\"https:\/\/i0.wp.com\/eltecolote.org\/content\/wp-content\/uploads\/2018\/04\/Stephon-Clark_01web-1.jpg?w=768&amp;quality=89&amp;ssl=1 768w, https:\/\/i0.wp.com\/eltecolote.org\/content\/wp-content\/uploads\/2018\/04\/Stephon-Clark_01web-1.jpg?resize=300%2C300&amp;quality=89&amp;ssl=1 300w, https:\/\/i0.wp.com\/eltecolote.org\/content\/wp-content\/uploads\/2018\/04\/Stephon-Clark_01web-1.jpg?resize=100%2C100&amp;quality=89&amp;ssl=1 100w, https:\/\/i0.wp.com\/eltecolote.org\/content\/wp-content\/uploads\/2018\/04\/Stephon-Clark_01web-1.jpg?resize=600%2C600&amp;quality=89&amp;ssl=1 600w, https:\/\/i0.wp.com\/eltecolote.org\/content\/wp-content\/uploads\/2018\/04\/Stephon-Clark_01web-1.jpg?resize=250%2C250&amp;quality=89&amp;ssl=1 250w, https:\/\/i0.wp.com\/eltecolote.org\/content\/wp-content\/uploads\/2018\/04\/Stephon-Clark_01web-1.jpg?resize=480%2C480&amp;quality=89&amp;ssl=1 480w, https:\/\/i0.wp.com\/eltecolote.org\/content\/wp-content\/uploads\/2018\/04\/Stephon-Clark_01web-1.jpg?resize=90%2C90&amp;quality=89&amp;ssl=1 90w, https:\/\/i0.wp.com\/eltecolote.org\/content\/wp-content\/uploads\/2018\/04\/Stephon-Clark_01web-1.jpg?resize=270%2C270&amp;quality=89&amp;ssl=1 270w\" sizes=\"auto, (max-width: 399px) 100vw, 399px\" \/><\/a><figcaption id=\"caption-attachment-37511\" class=\"wp-caption-text\">Stephon Clark. Cortes\u00eda: Stevante Clark<\/figcaption><\/figure>\n<p class=\"p1\"><b><\/b>Stephon Clark fue linchado. Y no fue en Mississippi en el a\u00f1o 1955, sino hace dos semanas, en la capital de nuestro supuesto \u2018Estado Dorado\u2019.<\/p>\n<p class=\"p5\">Un linchamiento es la \u00fanica forma de describir c\u00f3mo Clark, un hombre negro de 22 a\u00f1os de edad, con dos hijos, perdi\u00f3 la vida \u2014abribillado por la espalda por dos polic\u00edas de Sacramento, mientras se encontraba en el patio de sus abuelos.<\/p>\n<p class=\"p5\">\u2018Linchamiento\u2019 es una palabra inc\u00f3moda. Muchos preferir\u00edan creer que ya no tiene relevancia. Relegada a una \u00e9poca pasada y, en gran medida olvidada, describe un acto de violencia sin arrepentimiento del da\u00f1o infligido a una persona, que casi siempre era negra. La v\u00edctima generalmente era acusada de una ofensa menor; algunas veces, haber nacido negro era crimen suficiente.<\/p>\n<p class=\"p5\">Stephon Clark hab\u00eda sido acusado de un delito menor. La polic\u00eda dijo que respondieron al llamado 911 de un hombre robando coches y escondi\u00e9ndose en un patio. Videos del helic\u00f3ptero y c\u00e1maras corporales de oficiales del Departamento del Alguacil de Sacramento, suponen captar a Clark usando una palanca para romper una ventana, y muestran a dos oficiales persiguiendo a Clark antes de emboscarlo.<\/p>\n<p class=\"p5\">\u201c\u00a1Ens\u00e9\u00f1ame tus manos! \u00a1Pistola, pistola, pistola!\u201d grita un oficial, para luego ambos inmediatamente disparar 20 tiros. Al acercarse al cuerpo inm\u00f3vil de Stephon Clark para darle asistencia m\u00e9dica (cinco minutos despu\u00e9s del primer disparo), lo que encontraron fue un celular.<\/p>\n<p class=\"p5\">No hab\u00eda pistola alguna, ni palanca. Tampoco hab\u00eda vida en el cuerpo esposado de Stephon Clark. Estaba indefenso ante las mentiras de sus asesinos \u2014mentiras que sirvieron y de esta forma perpet\u00faan, un discurso en el cual hombres mestizos y negros son, con su mera existencia, una amenaza a la polic\u00eda.<\/p>\n<p class=\"p5\">Los principales medios de comunicaci\u00f3n hicieron su parte avivando este discurso letal, r\u00e1pidamente repitiendo los \u201cinformes oficiales\u201d con tal de cumplir con sus plazos de entrega, y lentos para emitir una retractaci\u00f3n producto de su periodismo mediocre.<\/p>\n<p class=\"p5\">Pero podemos ver m\u00e1s all\u00e1 de las disculpas falsas y promesas vac\u00edas de reforma policiaca tras el asesinato de Stephon Clark, que fue lo que llev\u00f3 a una comunidad desesperada y empoderada por la furia y el dolor a cerrar la autopista I-5, bloqueando el paso a los aficionados de un partido de basquetbol, para llamar la atenci\u00f3n a un asunto mucho m\u00e1s importante.<\/p>\n<p class=\"p5\">Estos linchamientos deben parar. El linchamiento fue, y sigue siendo, un acto de terror, usado para intimidar a la gente de color para que permanezca en su lugar. No podemos quedarnos parados, como aquellos que, hace no mucho tiempo, se pararon y sonrieron mientras observaban el linchamiento de cuerpos negros en este \u2018gran\u2019 pa\u00eds.<\/p>\n<p class=\"p5\">Debemos continuar la presi\u00f3n para que exista una verdadera reforma en las agencias de la ley, y lo haremos. Por Stephon y todas las v\u00edctimas de la violencia policial, haremos que nuestras voces sean escuchadas y nuestras acciones sentidas.<\/p>\n","protected":false},"excerpt":{"rendered":"<p>Stephon Clark fue linchado. Y no fue en Mississippi en el a\u00f1o 1955, sino hace dos semanas, en la capital de nuestro supuesto \u2018Estado Dorado\u2019. Un linchamiento es la \u00fanica forma de describir c\u00f3mo Clark, un hombre negro de 22 a\u00f1os de edad, con dos hijos, perdi\u00f3 la vida \u2014abribillado por la espalda por dos [&hellip;]<\/p>\n","protected":false},"author":35,"featured_media":37510,"comment_status":"open","ping_status":"closed","sticky":false,"template":"","format":"standard","meta":{"newspack_popups_has_disabled_popups":false,"newspack_featured_image_position":"","newspack_post_subtitle":"","newspack_article_summary_title":"Overview:","newspack_article_summary":"","newspack_hide_updated_date":false,"newspack_show_updated_date":false,"footnotes":""},"categories":[3519],"tags":[13538,16490,16492],"coauthors":[],"class_list":["post-37508","post","type-post","status-publish","format-standard","has-post-thumbnail","hentry","category-noticias","tag-brutalidad-policiaca","tag-sacramento-es","tag-stephon-clark-es","entry"],"yoast_head":"<!-- This site is optimized with the Yoast SEO plugin v27.5 - https:\/\/yoast.com\/product\/yoast-seo-wordpress\/ -->\n<title>Editorial: Desarmados, una vez m\u00e1s\u2014las vidas negras tambi\u00e9n importan - El Tecolote<\/title>\n<meta name=\"description\" content=\"Stephon Clark fue linchado. Y no fue en Mississippi en el a\u00f1o 1955, sino hace dos semanas, en la capital de nuestro supuesto \u2018Estado Dorado\u2019. Un\" \/>\n<meta name=\"robots\" content=\"index, follow, max-snippet:-1, max-image-preview:large, max-video-preview:-1\" \/>\n<link rel=\"canonical\" href=\"https:\/\/eltecolote.org\/content\/es\/editorial-desarmados-una-vez-mas-las-vidas-negras-tambien-importan\/\" \/>\n<meta property=\"og:locale\" content=\"en_US\" \/>\n<meta property=\"og:type\" content=\"article\" \/>\n<meta property=\"og:title\" content=\"Editorial: Desarmados, una vez m\u00e1s\u2014las vidas negras tambi\u00e9n importan - El Tecolote\" \/>\n<meta property=\"og:description\" content=\"Stephon Clark fue linchado. Y no fue en Mississippi en el a\u00f1o 1955, sino hace dos semanas, en la capital de nuestro supuesto \u2018Estado Dorado\u2019. Un\" \/>\n<meta property=\"og:url\" content=\"https:\/\/eltecolote.org\/content\/es\/editorial-desarmados-una-vez-mas-las-vidas-negras-tambien-importan\/\" \/>\n<meta property=\"og:site_name\" content=\"El Tecolote\" \/>\n<meta property=\"article:publisher\" content=\"https:\/\/www.facebook.com\/ElTecoloteSF\/\" \/>\n<meta property=\"article:published_time\" content=\"2018-04-06T00:25:27+00:00\" \/>\n<meta property=\"og:image\" content=\"https:\/\/i0.wp.com\/eltecolote.org\/content\/wp-content\/uploads\/2018\/04\/Stephon-Clark_2210web-2.jpg?fit=864%2C598&ssl=1\" \/>\n\t<meta property=\"og:image:width\" content=\"864\" \/>\n\t<meta property=\"og:image:height\" content=\"598\" \/>\n\t<meta property=\"og:image:type\" content=\"image\/jpeg\" \/>\n<meta name=\"author\" content=\"El Tecolote Staff\" \/>\n<meta name=\"twitter:card\" content=\"summary_large_image\" \/>\n<meta name=\"twitter:creator\" content=\"@eltecolotesf\" \/>\n<meta name=\"twitter:site\" content=\"@eltecolotesf\" \/>\n<meta name=\"twitter:label1\" content=\"Written by\" \/>\n\t<meta name=\"twitter:data1\" content=\"El Tecolote Staff\" \/>\n\t<meta name=\"twitter:label2\" content=\"Est. reading time\" \/>\n\t<meta name=\"twitter:data2\" content=\"3 minutes\" \/>\n<script type=\"application\/ld+json\" class=\"yoast-schema-graph\">{\"@context\":\"https:\\\/\\\/schema.org\",\"@graph\":[{\"@type\":\"NewsArticle\",\"@id\":\"https:\\\/\\\/eltecolote.org\\\/content\\\/es\\\/editorial-desarmados-una-vez-mas-las-vidas-negras-tambien-importan\\\/#article\",\"isPartOf\":{\"@id\":\"https:\\\/\\\/eltecolote.org\\\/content\\\/es\\\/editorial-desarmados-una-vez-mas-las-vidas-negras-tambien-importan\\\/\"},\"author\":{\"name\":\"El Tecolote Staff\",\"@id\":\"https:\\\/\\\/eltecolote.org\\\/content\\\/#\\\/schema\\\/person\\\/08828d10185eba96895a8363a269410e\"},\"headline\":\"Editorial: Desarmados, una vez m\u00e1s\u2014las vidas negras tambi\u00e9n importan\",\"datePublished\":\"2018-04-06T00:25:27+00:00\",\"mainEntityOfPage\":{\"@id\":\"https:\\\/\\\/eltecolote.org\\\/content\\\/es\\\/editorial-desarmados-una-vez-mas-las-vidas-negras-tambien-importan\\\/\"},\"wordCount\":576,\"commentCount\":0,\"publisher\":{\"@id\":\"https:\\\/\\\/eltecolote.org\\\/content\\\/#organization\"},\"image\":{\"@id\":\"https:\\\/\\\/eltecolote.org\\\/content\\\/es\\\/editorial-desarmados-una-vez-mas-las-vidas-negras-tambien-importan\\\/#primaryimage\"},\"thumbnailUrl\":\"https:\\\/\\\/i0.wp.com\\\/eltecolote.org\\\/content\\\/wp-content\\\/uploads\\\/2018\\\/04\\\/Stephon-Clark_2210web-2.jpg?fit=864%2C598&quality=89&ssl=1\",\"keywords\":[\"brutalidad policiaca\",\"Sacramento\",\"Stephon Clark\"],\"articleSection\":[\"Noticias\"],\"inLanguage\":\"en\",\"potentialAction\":[{\"@type\":\"CommentAction\",\"name\":\"Comment\",\"target\":[\"https:\\\/\\\/eltecolote.org\\\/content\\\/es\\\/editorial-desarmados-una-vez-mas-las-vidas-negras-tambien-importan\\\/#respond\"]}]},{\"@type\":\"WebPage\",\"@id\":\"https:\\\/\\\/eltecolote.org\\\/content\\\/es\\\/editorial-desarmados-una-vez-mas-las-vidas-negras-tambien-importan\\\/\",\"url\":\"https:\\\/\\\/eltecolote.org\\\/content\\\/es\\\/editorial-desarmados-una-vez-mas-las-vidas-negras-tambien-importan\\\/\",\"name\":\"Editorial: Desarmados, una vez m\u00e1s\u2014las vidas negras tambi\u00e9n importan - El Tecolote\",\"isPartOf\":{\"@id\":\"https:\\\/\\\/eltecolote.org\\\/content\\\/#website\"},\"primaryImageOfPage\":{\"@id\":\"https:\\\/\\\/eltecolote.org\\\/content\\\/es\\\/editorial-desarmados-una-vez-mas-las-vidas-negras-tambien-importan\\\/#primaryimage\"},\"image\":{\"@id\":\"https:\\\/\\\/eltecolote.org\\\/content\\\/es\\\/editorial-desarmados-una-vez-mas-las-vidas-negras-tambien-importan\\\/#primaryimage\"},\"thumbnailUrl\":\"https:\\\/\\\/i0.wp.com\\\/eltecolote.org\\\/content\\\/wp-content\\\/uploads\\\/2018\\\/04\\\/Stephon-Clark_2210web-2.jpg?fit=864%2C598&quality=89&ssl=1\",\"datePublished\":\"2018-04-06T00:25:27+00:00\",\"description\":\"Stephon Clark fue linchado. Y no fue en Mississippi en el a\u00f1o 1955, sino hace dos semanas, en la capital de nuestro supuesto \u2018Estado Dorado\u2019. Un\",\"inLanguage\":\"en\",\"potentialAction\":[{\"@type\":\"ReadAction\",\"target\":[\"https:\\\/\\\/eltecolote.org\\\/content\\\/es\\\/editorial-desarmados-una-vez-mas-las-vidas-negras-tambien-importan\\\/\"]}]},{\"@type\":\"ImageObject\",\"inLanguage\":\"en\",\"@id\":\"https:\\\/\\\/eltecolote.org\\\/content\\\/es\\\/editorial-desarmados-una-vez-mas-las-vidas-negras-tambien-importan\\\/#primaryimage\",\"url\":\"https:\\\/\\\/i0.wp.com\\\/eltecolote.org\\\/content\\\/wp-content\\\/uploads\\\/2018\\\/04\\\/Stephon-Clark_2210web-2.jpg?fit=864%2C598&quality=89&ssl=1\",\"contentUrl\":\"https:\\\/\\\/i0.wp.com\\\/eltecolote.org\\\/content\\\/wp-content\\\/uploads\\\/2018\\\/04\\\/Stephon-Clark_2210web-2.jpg?fit=864%2C598&quality=89&ssl=1\",\"width\":864,\"height\":598,\"caption\":\"El hermano de Stephon Clark, Stevante, durante la manifestaci\u00f3n en Sacramento el viernes 30 de marzo. Stevante pidi\u00f3 a los manifestantes irse a sus casas si ellos lo estimaban a \u00e9l y a su hermano, sin embargo, muchos se quedaron. Foto: Karlos Rene Ayala\"},{\"@type\":\"WebSite\",\"@id\":\"https:\\\/\\\/eltecolote.org\\\/content\\\/#website\",\"url\":\"https:\\\/\\\/eltecolote.org\\\/content\\\/\",\"name\":\"El Tecolote\",\"description\":\"San Francisco's Latinx newspaper since 1970\",\"publisher\":{\"@id\":\"https:\\\/\\\/eltecolote.org\\\/content\\\/#organization\"},\"potentialAction\":[{\"@type\":\"SearchAction\",\"target\":{\"@type\":\"EntryPoint\",\"urlTemplate\":\"https:\\\/\\\/eltecolote.org\\\/content\\\/?s={search_term_string}\"},\"query-input\":{\"@type\":\"PropertyValueSpecification\",\"valueRequired\":true,\"valueName\":\"search_term_string\"}}],\"inLanguage\":\"en\"},{\"@type\":\"Organization\",\"@id\":\"https:\\\/\\\/eltecolote.org\\\/content\\\/#organization\",\"name\":\"El Tecolote\",\"url\":\"https:\\\/\\\/eltecolote.org\\\/content\\\/\",\"logo\":{\"@type\":\"ImageObject\",\"inLanguage\":\"en\",\"@id\":\"https:\\\/\\\/eltecolote.org\\\/content\\\/#\\\/schema\\\/logo\\\/image\\\/\",\"url\":\"https:\\\/\\\/i0.wp.com\\\/eltecolote.org\\\/content\\\/wp-content\\\/uploads\\\/2021\\\/05\\\/ETlogo-1.jpg?fit=400%2C400&ssl=1\",\"contentUrl\":\"https:\\\/\\\/i0.wp.com\\\/eltecolote.org\\\/content\\\/wp-content\\\/uploads\\\/2021\\\/05\\\/ETlogo-1.jpg?fit=400%2C400&ssl=1\",\"width\":400,\"height\":400,\"caption\":\"El Tecolote\"},\"image\":{\"@id\":\"https:\\\/\\\/eltecolote.org\\\/content\\\/#\\\/schema\\\/logo\\\/image\\\/\"},\"sameAs\":[\"https:\\\/\\\/www.facebook.com\\\/ElTecoloteSF\\\/\",\"https:\\\/\\\/x.com\\\/eltecolotesf\",\"https:\\\/\\\/www.instagram.com\\\/eltecolotesf\\\/\"]},{\"@type\":\"Person\",\"@id\":\"https:\\\/\\\/eltecolote.org\\\/content\\\/#\\\/schema\\\/person\\\/08828d10185eba96895a8363a269410e\",\"name\":\"El Tecolote Staff\",\"image\":{\"@type\":\"ImageObject\",\"inLanguage\":\"en\",\"@id\":\"https:\\\/\\\/secure.gravatar.com\\\/avatar\\\/9534c92c8c908364e186a64d93efc86f62367109d1b07a3454facde655968589?s=96&d=mm&r=g6afcb607783e095e4cf6be807353924d\",\"url\":\"https:\\\/\\\/secure.gravatar.com\\\/avatar\\\/9534c92c8c908364e186a64d93efc86f62367109d1b07a3454facde655968589?s=96&d=mm&r=g\",\"contentUrl\":\"https:\\\/\\\/secure.gravatar.com\\\/avatar\\\/9534c92c8c908364e186a64d93efc86f62367109d1b07a3454facde655968589?s=96&d=mm&r=g\",\"caption\":\"El Tecolote Staff\"},\"url\":\"https:\\\/\\\/eltecolote.org\\\/content\\\/author\\\/web-editor\\\/\"}]}<\/script>\n<!-- \/ Yoast SEO plugin. -->","yoast_head_json":{"title":"Editorial: Desarmados, una vez m\u00e1s\u2014las vidas negras tambi\u00e9n importan - El Tecolote","description":"Stephon Clark fue linchado. Y no fue en Mississippi en el a\u00f1o 1955, sino hace dos semanas, en la capital de nuestro supuesto \u2018Estado Dorado\u2019. Un","robots":{"index":"index","follow":"follow","max-snippet":"max-snippet:-1","max-image-preview":"max-image-preview:large","max-video-preview":"max-video-preview:-1"},"canonical":"https:\/\/eltecolote.org\/content\/es\/editorial-desarmados-una-vez-mas-las-vidas-negras-tambien-importan\/","og_locale":"en_US","og_type":"article","og_title":"Editorial: Desarmados, una vez m\u00e1s\u2014las vidas negras tambi\u00e9n importan - El Tecolote","og_description":"Stephon Clark fue linchado. Y no fue en Mississippi en el a\u00f1o 1955, sino hace dos semanas, en la capital de nuestro supuesto \u2018Estado Dorado\u2019. Un","og_url":"https:\/\/eltecolote.org\/content\/es\/editorial-desarmados-una-vez-mas-las-vidas-negras-tambien-importan\/","og_site_name":"El Tecolote","article_publisher":"https:\/\/www.facebook.com\/ElTecoloteSF\/","article_published_time":"2018-04-06T00:25:27+00:00","og_image":[{"width":864,"height":598,"url":"https:\/\/i0.wp.com\/eltecolote.org\/content\/wp-content\/uploads\/2018\/04\/Stephon-Clark_2210web-2.jpg?fit=864%2C598&ssl=1","type":"image\/jpeg"}],"author":"El Tecolote Staff","twitter_card":"summary_large_image","twitter_creator":"@eltecolotesf","twitter_site":"@eltecolotesf","twitter_misc":{"Written by":"El Tecolote Staff","Est. reading time":"3 minutes"},"schema":{"@context":"https:\/\/schema.org","@graph":[{"@type":"NewsArticle","@id":"https:\/\/eltecolote.org\/content\/es\/editorial-desarmados-una-vez-mas-las-vidas-negras-tambien-importan\/#article","isPartOf":{"@id":"https:\/\/eltecolote.org\/content\/es\/editorial-desarmados-una-vez-mas-las-vidas-negras-tambien-importan\/"},"author":{"name":"El Tecolote Staff","@id":"https:\/\/eltecolote.org\/content\/#\/schema\/person\/08828d10185eba96895a8363a269410e"},"headline":"Editorial: Desarmados, una vez m\u00e1s\u2014las vidas negras tambi\u00e9n importan","datePublished":"2018-04-06T00:25:27+00:00","mainEntityOfPage":{"@id":"https:\/\/eltecolote.org\/content\/es\/editorial-desarmados-una-vez-mas-las-vidas-negras-tambien-importan\/"},"wordCount":576,"commentCount":0,"publisher":{"@id":"https:\/\/eltecolote.org\/content\/#organization"},"image":{"@id":"https:\/\/eltecolote.org\/content\/es\/editorial-desarmados-una-vez-mas-las-vidas-negras-tambien-importan\/#primaryimage"},"thumbnailUrl":"https:\/\/i0.wp.com\/eltecolote.org\/content\/wp-content\/uploads\/2018\/04\/Stephon-Clark_2210web-2.jpg?fit=864%2C598&quality=89&ssl=1","keywords":["brutalidad policiaca","Sacramento","Stephon Clark"],"articleSection":["Noticias"],"inLanguage":"en","potentialAction":[{"@type":"CommentAction","name":"Comment","target":["https:\/\/eltecolote.org\/content\/es\/editorial-desarmados-una-vez-mas-las-vidas-negras-tambien-importan\/#respond"]}]},{"@type":"WebPage","@id":"https:\/\/eltecolote.org\/content\/es\/editorial-desarmados-una-vez-mas-las-vidas-negras-tambien-importan\/","url":"https:\/\/eltecolote.org\/content\/es\/editorial-desarmados-una-vez-mas-las-vidas-negras-tambien-importan\/","name":"Editorial: Desarmados, una vez m\u00e1s\u2014las vidas negras tambi\u00e9n importan - El Tecolote","isPartOf":{"@id":"https:\/\/eltecolote.org\/content\/#website"},"primaryImageOfPage":{"@id":"https:\/\/eltecolote.org\/content\/es\/editorial-desarmados-una-vez-mas-las-vidas-negras-tambien-importan\/#primaryimage"},"image":{"@id":"https:\/\/eltecolote.org\/content\/es\/editorial-desarmados-una-vez-mas-las-vidas-negras-tambien-importan\/#primaryimage"},"thumbnailUrl":"https:\/\/i0.wp.com\/eltecolote.org\/content\/wp-content\/uploads\/2018\/04\/Stephon-Clark_2210web-2.jpg?fit=864%2C598&quality=89&ssl=1","datePublished":"2018-04-06T00:25:27+00:00","description":"Stephon Clark fue linchado. Y no fue en Mississippi en el a\u00f1o 1955, sino hace dos semanas, en la capital de nuestro supuesto \u2018Estado Dorado\u2019. Un","inLanguage":"en","potentialAction":[{"@type":"ReadAction","target":["https:\/\/eltecolote.org\/content\/es\/editorial-desarmados-una-vez-mas-las-vidas-negras-tambien-importan\/"]}]},{"@type":"ImageObject","inLanguage":"en","@id":"https:\/\/eltecolote.org\/content\/es\/editorial-desarmados-una-vez-mas-las-vidas-negras-tambien-importan\/#primaryimage","url":"https:\/\/i0.wp.com\/eltecolote.org\/content\/wp-content\/uploads\/2018\/04\/Stephon-Clark_2210web-2.jpg?fit=864%2C598&quality=89&ssl=1","contentUrl":"https:\/\/i0.wp.com\/eltecolote.org\/content\/wp-content\/uploads\/2018\/04\/Stephon-Clark_2210web-2.jpg?fit=864%2C598&quality=89&ssl=1","width":864,"height":598,"caption":"El hermano de Stephon Clark, Stevante, durante la manifestaci\u00f3n en Sacramento el viernes 30 de marzo. Stevante pidi\u00f3 a los manifestantes irse a sus casas si ellos lo estimaban a \u00e9l y a su hermano, sin embargo, muchos se quedaron. Foto: Karlos Rene Ayala"},{"@type":"WebSite","@id":"https:\/\/eltecolote.org\/content\/#website","url":"https:\/\/eltecolote.org\/content\/","name":"El Tecolote","description":"San Francisco's Latinx newspaper since 1970","publisher":{"@id":"https:\/\/eltecolote.org\/content\/#organization"},"potentialAction":[{"@type":"SearchAction","target":{"@type":"EntryPoint","urlTemplate":"https:\/\/eltecolote.org\/content\/?s={search_term_string}"},"query-input":{"@type":"PropertyValueSpecification","valueRequired":true,"valueName":"search_term_string"}}],"inLanguage":"en"},{"@type":"Organization","@id":"https:\/\/eltecolote.org\/content\/#organization","name":"El Tecolote","url":"https:\/\/eltecolote.org\/content\/","logo":{"@type":"ImageObject","inLanguage":"en","@id":"https:\/\/eltecolote.org\/content\/#\/schema\/logo\/image\/","url":"https:\/\/i0.wp.com\/eltecolote.org\/content\/wp-content\/uploads\/2021\/05\/ETlogo-1.jpg?fit=400%2C400&ssl=1","contentUrl":"https:\/\/i0.wp.com\/eltecolote.org\/content\/wp-content\/uploads\/2021\/05\/ETlogo-1.jpg?fit=400%2C400&ssl=1","width":400,"height":400,"caption":"El Tecolote"},"image":{"@id":"https:\/\/eltecolote.org\/content\/#\/schema\/logo\/image\/"},"sameAs":["https:\/\/www.facebook.com\/ElTecoloteSF\/","https:\/\/x.com\/eltecolotesf","https:\/\/www.instagram.com\/eltecolotesf\/"]},{"@type":"Person","@id":"https:\/\/eltecolote.org\/content\/#\/schema\/person\/08828d10185eba96895a8363a269410e","name":"El Tecolote Staff","image":{"@type":"ImageObject","inLanguage":"en","@id":"https:\/\/secure.gravatar.com\/avatar\/9534c92c8c908364e186a64d93efc86f62367109d1b07a3454facde655968589?s=96&d=mm&r=g6afcb607783e095e4cf6be807353924d","url":"https:\/\/secure.gravatar.com\/avatar\/9534c92c8c908364e186a64d93efc86f62367109d1b07a3454facde655968589?s=96&d=mm&r=g","contentUrl":"https:\/\/secure.gravatar.com\/avatar\/9534c92c8c908364e186a64d93efc86f62367109d1b07a3454facde655968589?s=96&d=mm&r=g","caption":"El Tecolote Staff"},"url":"https:\/\/eltecolote.org\/content\/author\/web-editor\/"}]}},"distributor_meta":false,"distributor_terms":false,"distributor_media":false,"distributor_original_site_name":"El Tecolote","distributor_original_site_url":"https:\/\/eltecolote.org\/content","push-errors":false,"_links":{"self":[{"href":"https:\/\/eltecolote.org\/content\/wp-json\/wp\/v2\/posts\/37508","targetHints":{"allow":["GET"]}}],"collection":[{"href":"https:\/\/eltecolote.org\/content\/wp-json\/wp\/v2\/posts"}],"about":[{"href":"https:\/\/eltecolote.org\/content\/wp-json\/wp\/v2\/types\/post"}],"author":[{"embeddable":true,"href":"https:\/\/eltecolote.org\/content\/wp-json\/wp\/v2\/users\/35"}],"replies":[{"embeddable":true,"href":"https:\/\/eltecolote.org\/content\/wp-json\/wp\/v2\/comments?post=37508"}],"version-history":[{"count":1,"href":"https:\/\/eltecolote.org\/content\/wp-json\/wp\/v2\/posts\/37508\/revisions"}],"predecessor-version":[{"id":37512,"href":"https:\/\/eltecolote.org\/content\/wp-json\/wp\/v2\/posts\/37508\/revisions\/37512"}],"wp:featuredmedia":[{"embeddable":true,"href":"https:\/\/eltecolote.org\/content\/wp-json\/wp\/v2\/media\/37510"}],"wp:attachment":[{"href":"https:\/\/eltecolote.org\/content\/wp-json\/wp\/v2\/media?parent=37508"}],"wp:term":[{"taxonomy":"category","embeddable":true,"href":"https:\/\/eltecolote.org\/content\/wp-json\/wp\/v2\/categories?post=37508"},{"taxonomy":"post_tag","embeddable":true,"href":"https:\/\/eltecolote.org\/content\/wp-json\/wp\/v2\/tags?post=37508"},{"taxonomy":"author","embeddable":true,"href":"https:\/\/eltecolote.org\/content\/wp-json\/wp\/v2\/coauthors?post=37508"}],"curies":[{"name":"wp","href":"https:\/\/api.w.org\/{rel}","templated":true}]}}