{"id":37272,"date":"2018-03-22T15:29:50","date_gmt":"2018-03-22T22:29:50","guid":{"rendered":"http:\/\/eltecolote.org\/content\/?p=37272"},"modified":"2018-03-22T15:29:50","modified_gmt":"2018-03-22T22:29:50","slug":"maternidad-en-lucha-madre-de-gemelos-regresa-al-ring-tras-dar-a-luz","status":"publish","type":"post","link":"https:\/\/eltecolote.org\/content\/es\/maternidad-en-lucha-madre-de-gemelos-regresa-al-ring-tras-dar-a-luz\/","title":{"rendered":"Maternidad en lucha: madre de gemelos regresa al ring tras dar a luz"},"content":{"rendered":"<figure id=\"attachment_37275\" aria-describedby=\"caption-attachment-37275\" style=\"width: 864px\" class=\"wp-caption aligncenter\"><a href=\"https:\/\/i0.wp.com\/eltecolote.org\/content\/wp-content\/uploads\/2018\/03\/Kim-Partida_02web-3.jpg?quality=89&#038;ssl=1\"><img data-recalc-dims=\"1\" loading=\"lazy\" decoding=\"async\" class=\"size-full wp-image-37275\" src=\"https:\/\/i0.wp.com\/eltecolote.org\/content\/wp-content\/uploads\/2018\/03\/Kim-Partida_02web-3.jpg?resize=864%2C487&#038;quality=89&#038;ssl=1\" alt=\"\" width=\"864\" height=\"487\" srcset=\"https:\/\/i0.wp.com\/eltecolote.org\/content\/wp-content\/uploads\/2018\/03\/Kim-Partida_02web-3.jpg?w=864&amp;quality=89&amp;ssl=1 864w, https:\/\/i0.wp.com\/eltecolote.org\/content\/wp-content\/uploads\/2018\/03\/Kim-Partida_02web-3.jpg?resize=600%2C338&amp;quality=89&amp;ssl=1 600w, https:\/\/i0.wp.com\/eltecolote.org\/content\/wp-content\/uploads\/2018\/03\/Kim-Partida_02web-3.jpg?resize=200%2C112&amp;quality=89&amp;ssl=1 200w, https:\/\/i0.wp.com\/eltecolote.org\/content\/wp-content\/uploads\/2018\/03\/Kim-Partida_02web-3.jpg?resize=360%2C203&amp;quality=89&amp;ssl=1 360w, https:\/\/i0.wp.com\/eltecolote.org\/content\/wp-content\/uploads\/2018\/03\/Kim-Partida_02web-3.jpg?resize=768%2C433&amp;quality=89&amp;ssl=1 768w\" sizes=\"auto, (max-width: 864px) 100vw, 864px\" \/><\/a><figcaption id=\"caption-attachment-37275\" class=\"wp-caption-text\">Kimberly Partida, de alias \u201cAlina,\u201d patea en la cara a su oponente, Jules, durante el Big Time Wrestling Rock the Bells. Foto Gardenia Zuniga-Haro<\/figcaption><\/figure>\n<p class=\"p1\"><b><\/b>Nada puede detener a Kimberly Partida. Ni una conmoci\u00f3n cerebral, mucho menos dar a luz y convertirse en madre de mellizos.<\/p>\n<p class=\"p5\">Partida, quien tiene 22 a\u00f1os y es conocida en el cuadril\u00e1tero de la lucha libre como \u2018Alina\u2019, persigue la pasi\u00f3n y el amor que siente por este deporte.<\/p>\n<p class=\"p5\">\u201cEs una pasi\u00f3n que siempre he sentido\u201d, comenta y agrega: \u201cY estoy contenta de que todav\u00eda puedo hacerlo, incluso ahora que soy mam\u00e1\u201d.<\/p>\n<p class=\"p5\">Partida ha sido fan\u00e1tica de la lucha libre toda su vida. Cuando era ni\u00f1a, su pap\u00e1 la llevaba a ella y a su hermano a ver la lucha libre; incluso practicaba la lucha con su hermano. Aunque el f\u00fatbol estuvo presente gran parte de su vida, la lucha era su verdadera pasi\u00f3n. As\u00ed que, en 2015, decidi\u00f3 entrar al cuadril\u00e1tero y perseguir el sue\u00f1o de su vida.<\/p>\n<p class=\"p5\">Se inscribi\u00f3 en la Academia de Lucha Libre , la Big Time Wrestling Academy, en Newark, su pueblo natal. Describi\u00f3 su primer d\u00eda de entrenamiento en la academia como una experiencia intensa, que la puso nerviosa.<\/p>\n<p class=\"p5\">\u201cAl d\u00eda siguiente y por lo menos durante un mes, estaba adolorida, pero despu\u00e9s de un tiempo el cuerpo se acostumbra a todos los golpes\u201d, dijo Partida.<\/p>\n<figure id=\"attachment_37276\" aria-describedby=\"caption-attachment-37276\" style=\"width: 450px\" class=\"wp-caption alignright\"><a href=\"https:\/\/i0.wp.com\/eltecolote.org\/content\/wp-content\/uploads\/2018\/03\/Kim-Partida_03web-2.jpg?quality=89&#038;ssl=1\"><img data-recalc-dims=\"1\" loading=\"lazy\" decoding=\"async\" class=\" wp-image-37276\" src=\"https:\/\/i0.wp.com\/eltecolote.org\/content\/wp-content\/uploads\/2018\/03\/Kim-Partida_03web-2.jpg?resize=450%2C364&#038;quality=89&#038;ssl=1\" alt=\"\" width=\"450\" height=\"364\" srcset=\"https:\/\/i0.wp.com\/eltecolote.org\/content\/wp-content\/uploads\/2018\/03\/Kim-Partida_03web-2.jpg?w=864&amp;quality=89&amp;ssl=1 864w, https:\/\/i0.wp.com\/eltecolote.org\/content\/wp-content\/uploads\/2018\/03\/Kim-Partida_03web-2.jpg?resize=600%2C485&amp;quality=89&amp;ssl=1 600w, https:\/\/i0.wp.com\/eltecolote.org\/content\/wp-content\/uploads\/2018\/03\/Kim-Partida_03web-2.jpg?resize=309%2C250&amp;quality=89&amp;ssl=1 309w, https:\/\/i0.wp.com\/eltecolote.org\/content\/wp-content\/uploads\/2018\/03\/Kim-Partida_03web-2.jpg?resize=768%2C621&amp;quality=89&amp;ssl=1 768w, https:\/\/i0.wp.com\/eltecolote.org\/content\/wp-content\/uploads\/2018\/03\/Kim-Partida_03web-2.jpg?resize=593%2C480&amp;quality=89&amp;ssl=1 593w\" sizes=\"auto, (max-width: 450px) 100vw, 450px\" \/><\/a><figcaption id=\"caption-attachment-37276\" class=\"wp-caption-text\">Kimberly Partida, mejor conocida como Alina, arrodilla a su oponente, Jules, por detr\u00e1s de la cabeza durante el evento Big Time Wrestling Rock the Bells en Newark el 8 de diciembre de 2017. Foto: Gardenia Zuniga-Haro<\/figcaption><\/figure>\n<p class=\"p5\">Su debut como luchadora fue en abril de 2016, pero solo despu\u00e9s de su segundo enfrentamiento, recibi\u00f3 una noticia que cambiar\u00eda su vida: \u201cUna vez que supe que estaba embarazada, y m\u00e1s todav\u00eda, que tendr\u00eda mellizos, supe dentro de mi coraz\u00f3n que la lucha para m\u00ed, hab\u00eda acabado. Sent\u00ed que se me romp\u00eda el coraz\u00f3n. Llor\u00e9 como una ni\u00f1a durante mi \u00faltima pr\u00e1ctica. Todos me dec\u00edan que estar\u00eda bien y que eventualmente, cuando fuera mi momento, volver\u00eda despu\u00e9s del embarazo. Pero sent\u00ed dentro de m\u00ed que no ser\u00eda as\u00ed. Mi vida cambiar\u00eda dr\u00e1sticamente\u201d.<\/p>\n<p class=\"p5\">Marvin Tejerino Jr. el director de la academia y ella se hicieron buenos amigos. A Tijerino le gusta motivar a los luchadores de la academia y un d\u00eda le dijo a Partida que despu\u00e9s de su embarazo \u201cla \u00fanica diferencia cuando volviera a la lucha ser\u00eda que tendr\u00eda dos peque\u00f1os fan\u00e1ticos que la ir\u00edan a ver cu\u00e1ndo luchara.<\/p>\n<p class=\"p5\">Mientras se enfocaba en criar a sus mellizos, Xavier y Avianna \u2014quienes ahora tienen 14 meses\u2014, ella anhelaba luchar de nuevo. Despu\u00e9s de un a\u00f1o y medio de ausencia, \u2018Alina\u2019 por fin retorn\u00f3 al cuadril\u00e1tero el 8 de diciembre de 2017.<\/p>\n<p class=\"p5\">Pero en su segundo enfrentamiento result\u00f3 herida: \u201cResult\u00e9 noqueada durante la lucha y todos se vieron como congelados\u201d, record\u00f3. \u201cFue algo dif\u00edcil, pero estoy lista\u201d.<\/p>\n<p class=\"p5\">Partida eligi\u00f3 el apodo, \u2018Alina\u2019, como homenaje a su cantante favorita, Selena Quintanilla, cuyo primer nombre le hace rima. Partida tambi\u00e9n hace su propio guardarropa y su objetivo es dise\u00f1arlo con sabor a Quintanilla.<\/p>\n<p class=\"p5\">Cuando comenz\u00f3 su carrera de luchadora, Alina era la favorita de los fan\u00e1ticos, se le reconoc\u00eda por una movida que era su sello personal, llamado \u2018las tres Alinas\u2019. Pero al volver, ha tomado el papel de villana: se especializa en hacer que la audiencia la odie, al incorporar algunas frases en su primer idioma en espa\u00f1ol cuando les grita \u201cc\u00e1llate\u201d o \u201cqu\u00edtate\u201d.<\/p>\n<figure id=\"attachment_37278\" aria-describedby=\"caption-attachment-37278\" style=\"width: 450px\" class=\"wp-caption alignright\"><a href=\"https:\/\/i0.wp.com\/eltecolote.org\/content\/wp-content\/uploads\/2018\/03\/Kim-Partida_01web-2.jpg?quality=89&#038;ssl=1\"><img data-recalc-dims=\"1\" loading=\"lazy\" decoding=\"async\" class=\" wp-image-37278\" src=\"https:\/\/i0.wp.com\/eltecolote.org\/content\/wp-content\/uploads\/2018\/03\/Kim-Partida_01web-2.jpg?resize=450%2C384&#038;quality=89&#038;ssl=1\" alt=\"\" width=\"450\" height=\"384\" srcset=\"https:\/\/i0.wp.com\/eltecolote.org\/content\/wp-content\/uploads\/2018\/03\/Kim-Partida_01web-2.jpg?w=864&amp;quality=89&amp;ssl=1 864w, https:\/\/i0.wp.com\/eltecolote.org\/content\/wp-content\/uploads\/2018\/03\/Kim-Partida_01web-2.jpg?resize=600%2C512&amp;quality=89&amp;ssl=1 600w, https:\/\/i0.wp.com\/eltecolote.org\/content\/wp-content\/uploads\/2018\/03\/Kim-Partida_01web-2.jpg?resize=293%2C250&amp;quality=89&amp;ssl=1 293w, https:\/\/i0.wp.com\/eltecolote.org\/content\/wp-content\/uploads\/2018\/03\/Kim-Partida_01web-2.jpg?resize=768%2C655&amp;quality=89&amp;ssl=1 768w, https:\/\/i0.wp.com\/eltecolote.org\/content\/wp-content\/uploads\/2018\/03\/Kim-Partida_01web-2.jpg?resize=563%2C480&amp;quality=89&amp;ssl=1 563w\" sizes=\"auto, (max-width: 450px) 100vw, 450px\" \/><\/a><figcaption id=\"caption-attachment-37278\" class=\"wp-caption-text\">Kimberly Partida, mejor conocida como Alina, arrodilla a su oponente, Jules, por detr\u00e1s de la cabeza durante el evento Big Time Wrestling Rock the Bells en Newark el 8 de diciembre de 2017. Foto: Gardenia Zuniga-Haro<\/figcaption><\/figure>\n<p class=\"p5\">\u201cDe verdad, se me hace dif\u00edcil porque estoy siempre sonriendo\u201d, comenta Partida. \u201cSiempre me estoy riendo y me dicen, No sonr\u00edas, tienes que ser la mala\u201d.<\/p>\n<p class=\"p5\">El entrenador de Alina, Steve Balla, la ha estado entrenando desde que ella comenz\u00f3 en 2015. \u00c9l dijo que Partida es el tipo de luchadora que persiste hasta que la movida le sale bien.<\/p>\n<p class=\"p5\">\u201cAl principio estaba preocupado, dice Balla, a ella le costaba entrenar, pero cuando hizo su primera presentaci\u00f3n, lo hizo muy bien, ten\u00eda una buena actitud y a la gente no le gustaba\u201d.<\/p>\n<p class=\"p5\">Mam\u00e1 de tiempo completo, adem\u00e1s de asistente de enfermera, Partida se las arregla para encontrar tiempo y practicar dos veces por semana. Y cuando est\u00e1 en el cuadril\u00e1tero, busca entre la multitud a su familia. Sus m\u00e1s grandes fan\u00e1ticos son su pap\u00e1 y su hermano Jonathan, a los cuales les entusiasma la lucha libre. Jonathan dice que ella lo inspira y a toda la familia Partida.<\/p>\n<p class=\"p5\">\u201cMi familia y sus hijos estamos orgullosos&#8230; nos sentimos felices de verla continuar con su carrera en la lucha libre y estamos aqu\u00ed para apoyarla\u201d, dijo su hermano.<\/p>\n<p class=\"p5\">Partida est\u00e1 entren\u00e1ndose para su pr\u00f3xima lucha en mayo; su objetivo es luchar lo m\u00e1s posible. Es lo que ella ama.<\/p>\n<p class=\"p5\">\u201cQuiero demostrarles a mis hijos que pase lo que pase en la vida&#8230; siempre puedes hacer lo que quieres si realmente lo amas y sientes pasi\u00f3n por eso; nada te lo puede impedir\u201d, declar\u00f3 la luchadora. \u201cNada puede reemplazar el placer y el amor de ser madre. No lo cambiar\u00eda por nada del mundo\u201d.<\/p>\n","protected":false},"excerpt":{"rendered":"<p>Nada puede detener a Kimberly Partida. Ni una conmoci\u00f3n cerebral, mucho menos dar a luz y convertirse en madre de mellizos. Partida, quien tiene 22 a\u00f1os y es conocida en el cuadril\u00e1tero de la lucha libre como \u2018Alina\u2019, persigue la pasi\u00f3n y el amor que siente por este deporte. \u201cEs una pasi\u00f3n que siempre he [&hellip;]<\/p>\n","protected":false},"author":35,"featured_media":37275,"comment_status":"open","ping_status":"closed","sticky":false,"template":"","format":"standard","meta":{"newspack_popups_has_disabled_popups":false,"newspack_featured_image_position":"","newspack_post_subtitle":"","newspack_article_summary_title":"Overview:","newspack_article_summary":"","newspack_hide_updated_date":false,"newspack_show_updated_date":false,"footnotes":""},"categories":[3517],"tags":[16342,16344],"coauthors":[],"class_list":["post-37272","post","type-post","status-publish","format-standard","has-post-thumbnail","hentry","category-deportes-es","tag-big-time-wrestling-es","tag-kimberly-partida-es","entry"],"yoast_head":"<!-- This site is optimized with the Yoast SEO plugin v27.5 - https:\/\/yoast.com\/product\/yoast-seo-wordpress\/ -->\n<title>Maternidad en lucha: madre de gemelos regresa al ring tras dar a luz - El Tecolote<\/title>\n<meta name=\"description\" content=\"Nada puede detener a Kimberly Partida. Ni una conmoci\u00f3n cerebral, mucho menos dar a luz y convertirse en madre de mellizos. Partida, quien tiene 22 a\u00f1os y\" \/>\n<meta name=\"robots\" content=\"index, follow, max-snippet:-1, max-image-preview:large, max-video-preview:-1\" \/>\n<link rel=\"canonical\" href=\"https:\/\/eltecolote.org\/content\/es\/maternidad-en-lucha-madre-de-gemelos-regresa-al-ring-tras-dar-a-luz\/\" \/>\n<meta property=\"og:locale\" content=\"en_US\" \/>\n<meta property=\"og:type\" content=\"article\" \/>\n<meta property=\"og:title\" content=\"Maternidad en lucha: madre de gemelos regresa al ring tras dar a luz - El Tecolote\" \/>\n<meta property=\"og:description\" content=\"Nada puede detener a Kimberly Partida. Ni una conmoci\u00f3n cerebral, mucho menos dar a luz y convertirse en madre de mellizos. Partida, quien tiene 22 a\u00f1os y\" \/>\n<meta property=\"og:url\" content=\"https:\/\/eltecolote.org\/content\/es\/maternidad-en-lucha-madre-de-gemelos-regresa-al-ring-tras-dar-a-luz\/\" \/>\n<meta property=\"og:site_name\" content=\"El Tecolote\" \/>\n<meta property=\"article:publisher\" content=\"https:\/\/www.facebook.com\/ElTecoloteSF\/\" \/>\n<meta property=\"article:published_time\" content=\"2018-03-22T22:29:50+00:00\" \/>\n<meta property=\"og:image\" content=\"https:\/\/i0.wp.com\/eltecolote.org\/content\/wp-content\/uploads\/2018\/03\/Kim-Partida_02web-3.jpg?fit=864%2C487&ssl=1\" \/>\n\t<meta property=\"og:image:width\" content=\"864\" \/>\n\t<meta property=\"og:image:height\" content=\"487\" \/>\n\t<meta property=\"og:image:type\" content=\"image\/jpeg\" \/>\n<meta name=\"author\" content=\"El Tecolote Staff\" \/>\n<meta name=\"twitter:card\" content=\"summary_large_image\" \/>\n<meta name=\"twitter:creator\" content=\"@eltecolotesf\" \/>\n<meta name=\"twitter:site\" content=\"@eltecolotesf\" \/>\n<meta name=\"twitter:label1\" content=\"Written by\" \/>\n\t<meta name=\"twitter:data1\" content=\"El Tecolote Staff\" \/>\n\t<meta name=\"twitter:label2\" content=\"Est. reading time\" \/>\n\t<meta name=\"twitter:data2\" content=\"5 minutes\" \/>\n<script type=\"application\/ld+json\" class=\"yoast-schema-graph\">{\"@context\":\"https:\\\/\\\/schema.org\",\"@graph\":[{\"@type\":\"NewsArticle\",\"@id\":\"https:\\\/\\\/eltecolote.org\\\/content\\\/es\\\/maternidad-en-lucha-madre-de-gemelos-regresa-al-ring-tras-dar-a-luz\\\/#article\",\"isPartOf\":{\"@id\":\"https:\\\/\\\/eltecolote.org\\\/content\\\/es\\\/maternidad-en-lucha-madre-de-gemelos-regresa-al-ring-tras-dar-a-luz\\\/\"},\"author\":{\"name\":\"El Tecolote Staff\",\"@id\":\"https:\\\/\\\/eltecolote.org\\\/content\\\/#\\\/schema\\\/person\\\/08828d10185eba96895a8363a269410e\"},\"headline\":\"Maternidad en lucha: madre de gemelos regresa al ring tras dar a luz\",\"datePublished\":\"2018-03-22T22:29:50+00:00\",\"mainEntityOfPage\":{\"@id\":\"https:\\\/\\\/eltecolote.org\\\/content\\\/es\\\/maternidad-en-lucha-madre-de-gemelos-regresa-al-ring-tras-dar-a-luz\\\/\"},\"wordCount\":961,\"commentCount\":0,\"publisher\":{\"@id\":\"https:\\\/\\\/eltecolote.org\\\/content\\\/#organization\"},\"image\":{\"@id\":\"https:\\\/\\\/eltecolote.org\\\/content\\\/es\\\/maternidad-en-lucha-madre-de-gemelos-regresa-al-ring-tras-dar-a-luz\\\/#primaryimage\"},\"thumbnailUrl\":\"https:\\\/\\\/i0.wp.com\\\/eltecolote.org\\\/content\\\/wp-content\\\/uploads\\\/2018\\\/03\\\/Kim-Partida_02web-3.jpg?fit=864%2C487&quality=89&ssl=1\",\"keywords\":[\"Big Time Wrestling\",\"Kimberly Partida\"],\"articleSection\":[\"Deportes\"],\"inLanguage\":\"en\",\"potentialAction\":[{\"@type\":\"CommentAction\",\"name\":\"Comment\",\"target\":[\"https:\\\/\\\/eltecolote.org\\\/content\\\/es\\\/maternidad-en-lucha-madre-de-gemelos-regresa-al-ring-tras-dar-a-luz\\\/#respond\"]}]},{\"@type\":\"WebPage\",\"@id\":\"https:\\\/\\\/eltecolote.org\\\/content\\\/es\\\/maternidad-en-lucha-madre-de-gemelos-regresa-al-ring-tras-dar-a-luz\\\/\",\"url\":\"https:\\\/\\\/eltecolote.org\\\/content\\\/es\\\/maternidad-en-lucha-madre-de-gemelos-regresa-al-ring-tras-dar-a-luz\\\/\",\"name\":\"Maternidad en lucha: madre de gemelos regresa al ring tras dar a luz - El Tecolote\",\"isPartOf\":{\"@id\":\"https:\\\/\\\/eltecolote.org\\\/content\\\/#website\"},\"primaryImageOfPage\":{\"@id\":\"https:\\\/\\\/eltecolote.org\\\/content\\\/es\\\/maternidad-en-lucha-madre-de-gemelos-regresa-al-ring-tras-dar-a-luz\\\/#primaryimage\"},\"image\":{\"@id\":\"https:\\\/\\\/eltecolote.org\\\/content\\\/es\\\/maternidad-en-lucha-madre-de-gemelos-regresa-al-ring-tras-dar-a-luz\\\/#primaryimage\"},\"thumbnailUrl\":\"https:\\\/\\\/i0.wp.com\\\/eltecolote.org\\\/content\\\/wp-content\\\/uploads\\\/2018\\\/03\\\/Kim-Partida_02web-3.jpg?fit=864%2C487&quality=89&ssl=1\",\"datePublished\":\"2018-03-22T22:29:50+00:00\",\"description\":\"Nada puede detener a Kimberly Partida. Ni una conmoci\u00f3n cerebral, mucho menos dar a luz y convertirse en madre de mellizos. Partida, quien tiene 22 a\u00f1os y\",\"inLanguage\":\"en\",\"potentialAction\":[{\"@type\":\"ReadAction\",\"target\":[\"https:\\\/\\\/eltecolote.org\\\/content\\\/es\\\/maternidad-en-lucha-madre-de-gemelos-regresa-al-ring-tras-dar-a-luz\\\/\"]}]},{\"@type\":\"ImageObject\",\"inLanguage\":\"en\",\"@id\":\"https:\\\/\\\/eltecolote.org\\\/content\\\/es\\\/maternidad-en-lucha-madre-de-gemelos-regresa-al-ring-tras-dar-a-luz\\\/#primaryimage\",\"url\":\"https:\\\/\\\/i0.wp.com\\\/eltecolote.org\\\/content\\\/wp-content\\\/uploads\\\/2018\\\/03\\\/Kim-Partida_02web-3.jpg?fit=864%2C487&quality=89&ssl=1\",\"contentUrl\":\"https:\\\/\\\/i0.wp.com\\\/eltecolote.org\\\/content\\\/wp-content\\\/uploads\\\/2018\\\/03\\\/Kim-Partida_02web-3.jpg?fit=864%2C487&quality=89&ssl=1\",\"width\":864,\"height\":487,\"caption\":\"Kimberly Partida, de alias \u201cAlina,\u201d patea en la cara a su oponente, Jules, durante el Big Time Wrestling Rock the Bells. Foto Gardenia Zuniga-Haro\"},{\"@type\":\"WebSite\",\"@id\":\"https:\\\/\\\/eltecolote.org\\\/content\\\/#website\",\"url\":\"https:\\\/\\\/eltecolote.org\\\/content\\\/\",\"name\":\"El Tecolote\",\"description\":\"San Francisco's Latinx newspaper since 1970\",\"publisher\":{\"@id\":\"https:\\\/\\\/eltecolote.org\\\/content\\\/#organization\"},\"potentialAction\":[{\"@type\":\"SearchAction\",\"target\":{\"@type\":\"EntryPoint\",\"urlTemplate\":\"https:\\\/\\\/eltecolote.org\\\/content\\\/?s={search_term_string}\"},\"query-input\":{\"@type\":\"PropertyValueSpecification\",\"valueRequired\":true,\"valueName\":\"search_term_string\"}}],\"inLanguage\":\"en\"},{\"@type\":\"Organization\",\"@id\":\"https:\\\/\\\/eltecolote.org\\\/content\\\/#organization\",\"name\":\"El Tecolote\",\"url\":\"https:\\\/\\\/eltecolote.org\\\/content\\\/\",\"logo\":{\"@type\":\"ImageObject\",\"inLanguage\":\"en\",\"@id\":\"https:\\\/\\\/eltecolote.org\\\/content\\\/#\\\/schema\\\/logo\\\/image\\\/\",\"url\":\"https:\\\/\\\/i0.wp.com\\\/eltecolote.org\\\/content\\\/wp-content\\\/uploads\\\/2021\\\/05\\\/ETlogo-1.jpg?fit=400%2C400&ssl=1\",\"contentUrl\":\"https:\\\/\\\/i0.wp.com\\\/eltecolote.org\\\/content\\\/wp-content\\\/uploads\\\/2021\\\/05\\\/ETlogo-1.jpg?fit=400%2C400&ssl=1\",\"width\":400,\"height\":400,\"caption\":\"El Tecolote\"},\"image\":{\"@id\":\"https:\\\/\\\/eltecolote.org\\\/content\\\/#\\\/schema\\\/logo\\\/image\\\/\"},\"sameAs\":[\"https:\\\/\\\/www.facebook.com\\\/ElTecoloteSF\\\/\",\"https:\\\/\\\/x.com\\\/eltecolotesf\",\"https:\\\/\\\/www.instagram.com\\\/eltecolotesf\\\/\"]},{\"@type\":\"Person\",\"@id\":\"https:\\\/\\\/eltecolote.org\\\/content\\\/#\\\/schema\\\/person\\\/08828d10185eba96895a8363a269410e\",\"name\":\"El Tecolote Staff\",\"image\":{\"@type\":\"ImageObject\",\"inLanguage\":\"en\",\"@id\":\"https:\\\/\\\/secure.gravatar.com\\\/avatar\\\/9534c92c8c908364e186a64d93efc86f62367109d1b07a3454facde655968589?s=96&d=mm&r=g6afcb607783e095e4cf6be807353924d\",\"url\":\"https:\\\/\\\/secure.gravatar.com\\\/avatar\\\/9534c92c8c908364e186a64d93efc86f62367109d1b07a3454facde655968589?s=96&d=mm&r=g\",\"contentUrl\":\"https:\\\/\\\/secure.gravatar.com\\\/avatar\\\/9534c92c8c908364e186a64d93efc86f62367109d1b07a3454facde655968589?s=96&d=mm&r=g\",\"caption\":\"El Tecolote Staff\"},\"url\":\"https:\\\/\\\/eltecolote.org\\\/content\\\/author\\\/web-editor\\\/\"}]}<\/script>\n<!-- \/ Yoast SEO plugin. -->","yoast_head_json":{"title":"Maternidad en lucha: madre de gemelos regresa al ring tras dar a luz - El Tecolote","description":"Nada puede detener a Kimberly Partida. Ni una conmoci\u00f3n cerebral, mucho menos dar a luz y convertirse en madre de mellizos. Partida, quien tiene 22 a\u00f1os y","robots":{"index":"index","follow":"follow","max-snippet":"max-snippet:-1","max-image-preview":"max-image-preview:large","max-video-preview":"max-video-preview:-1"},"canonical":"https:\/\/eltecolote.org\/content\/es\/maternidad-en-lucha-madre-de-gemelos-regresa-al-ring-tras-dar-a-luz\/","og_locale":"en_US","og_type":"article","og_title":"Maternidad en lucha: madre de gemelos regresa al ring tras dar a luz - El Tecolote","og_description":"Nada puede detener a Kimberly Partida. Ni una conmoci\u00f3n cerebral, mucho menos dar a luz y convertirse en madre de mellizos. Partida, quien tiene 22 a\u00f1os y","og_url":"https:\/\/eltecolote.org\/content\/es\/maternidad-en-lucha-madre-de-gemelos-regresa-al-ring-tras-dar-a-luz\/","og_site_name":"El Tecolote","article_publisher":"https:\/\/www.facebook.com\/ElTecoloteSF\/","article_published_time":"2018-03-22T22:29:50+00:00","og_image":[{"width":864,"height":487,"url":"https:\/\/i0.wp.com\/eltecolote.org\/content\/wp-content\/uploads\/2018\/03\/Kim-Partida_02web-3.jpg?fit=864%2C487&ssl=1","type":"image\/jpeg"}],"author":"El Tecolote Staff","twitter_card":"summary_large_image","twitter_creator":"@eltecolotesf","twitter_site":"@eltecolotesf","twitter_misc":{"Written by":"El Tecolote Staff","Est. reading time":"5 minutes"},"schema":{"@context":"https:\/\/schema.org","@graph":[{"@type":"NewsArticle","@id":"https:\/\/eltecolote.org\/content\/es\/maternidad-en-lucha-madre-de-gemelos-regresa-al-ring-tras-dar-a-luz\/#article","isPartOf":{"@id":"https:\/\/eltecolote.org\/content\/es\/maternidad-en-lucha-madre-de-gemelos-regresa-al-ring-tras-dar-a-luz\/"},"author":{"name":"El Tecolote Staff","@id":"https:\/\/eltecolote.org\/content\/#\/schema\/person\/08828d10185eba96895a8363a269410e"},"headline":"Maternidad en lucha: madre de gemelos regresa al ring tras dar a luz","datePublished":"2018-03-22T22:29:50+00:00","mainEntityOfPage":{"@id":"https:\/\/eltecolote.org\/content\/es\/maternidad-en-lucha-madre-de-gemelos-regresa-al-ring-tras-dar-a-luz\/"},"wordCount":961,"commentCount":0,"publisher":{"@id":"https:\/\/eltecolote.org\/content\/#organization"},"image":{"@id":"https:\/\/eltecolote.org\/content\/es\/maternidad-en-lucha-madre-de-gemelos-regresa-al-ring-tras-dar-a-luz\/#primaryimage"},"thumbnailUrl":"https:\/\/i0.wp.com\/eltecolote.org\/content\/wp-content\/uploads\/2018\/03\/Kim-Partida_02web-3.jpg?fit=864%2C487&quality=89&ssl=1","keywords":["Big Time Wrestling","Kimberly Partida"],"articleSection":["Deportes"],"inLanguage":"en","potentialAction":[{"@type":"CommentAction","name":"Comment","target":["https:\/\/eltecolote.org\/content\/es\/maternidad-en-lucha-madre-de-gemelos-regresa-al-ring-tras-dar-a-luz\/#respond"]}]},{"@type":"WebPage","@id":"https:\/\/eltecolote.org\/content\/es\/maternidad-en-lucha-madre-de-gemelos-regresa-al-ring-tras-dar-a-luz\/","url":"https:\/\/eltecolote.org\/content\/es\/maternidad-en-lucha-madre-de-gemelos-regresa-al-ring-tras-dar-a-luz\/","name":"Maternidad en lucha: madre de gemelos regresa al ring tras dar a luz - El Tecolote","isPartOf":{"@id":"https:\/\/eltecolote.org\/content\/#website"},"primaryImageOfPage":{"@id":"https:\/\/eltecolote.org\/content\/es\/maternidad-en-lucha-madre-de-gemelos-regresa-al-ring-tras-dar-a-luz\/#primaryimage"},"image":{"@id":"https:\/\/eltecolote.org\/content\/es\/maternidad-en-lucha-madre-de-gemelos-regresa-al-ring-tras-dar-a-luz\/#primaryimage"},"thumbnailUrl":"https:\/\/i0.wp.com\/eltecolote.org\/content\/wp-content\/uploads\/2018\/03\/Kim-Partida_02web-3.jpg?fit=864%2C487&quality=89&ssl=1","datePublished":"2018-03-22T22:29:50+00:00","description":"Nada puede detener a Kimberly Partida. Ni una conmoci\u00f3n cerebral, mucho menos dar a luz y convertirse en madre de mellizos. Partida, quien tiene 22 a\u00f1os y","inLanguage":"en","potentialAction":[{"@type":"ReadAction","target":["https:\/\/eltecolote.org\/content\/es\/maternidad-en-lucha-madre-de-gemelos-regresa-al-ring-tras-dar-a-luz\/"]}]},{"@type":"ImageObject","inLanguage":"en","@id":"https:\/\/eltecolote.org\/content\/es\/maternidad-en-lucha-madre-de-gemelos-regresa-al-ring-tras-dar-a-luz\/#primaryimage","url":"https:\/\/i0.wp.com\/eltecolote.org\/content\/wp-content\/uploads\/2018\/03\/Kim-Partida_02web-3.jpg?fit=864%2C487&quality=89&ssl=1","contentUrl":"https:\/\/i0.wp.com\/eltecolote.org\/content\/wp-content\/uploads\/2018\/03\/Kim-Partida_02web-3.jpg?fit=864%2C487&quality=89&ssl=1","width":864,"height":487,"caption":"Kimberly Partida, de alias \u201cAlina,\u201d patea en la cara a su oponente, Jules, durante el Big Time Wrestling Rock the Bells. Foto Gardenia Zuniga-Haro"},{"@type":"WebSite","@id":"https:\/\/eltecolote.org\/content\/#website","url":"https:\/\/eltecolote.org\/content\/","name":"El Tecolote","description":"San Francisco's Latinx newspaper since 1970","publisher":{"@id":"https:\/\/eltecolote.org\/content\/#organization"},"potentialAction":[{"@type":"SearchAction","target":{"@type":"EntryPoint","urlTemplate":"https:\/\/eltecolote.org\/content\/?s={search_term_string}"},"query-input":{"@type":"PropertyValueSpecification","valueRequired":true,"valueName":"search_term_string"}}],"inLanguage":"en"},{"@type":"Organization","@id":"https:\/\/eltecolote.org\/content\/#organization","name":"El Tecolote","url":"https:\/\/eltecolote.org\/content\/","logo":{"@type":"ImageObject","inLanguage":"en","@id":"https:\/\/eltecolote.org\/content\/#\/schema\/logo\/image\/","url":"https:\/\/i0.wp.com\/eltecolote.org\/content\/wp-content\/uploads\/2021\/05\/ETlogo-1.jpg?fit=400%2C400&ssl=1","contentUrl":"https:\/\/i0.wp.com\/eltecolote.org\/content\/wp-content\/uploads\/2021\/05\/ETlogo-1.jpg?fit=400%2C400&ssl=1","width":400,"height":400,"caption":"El Tecolote"},"image":{"@id":"https:\/\/eltecolote.org\/content\/#\/schema\/logo\/image\/"},"sameAs":["https:\/\/www.facebook.com\/ElTecoloteSF\/","https:\/\/x.com\/eltecolotesf","https:\/\/www.instagram.com\/eltecolotesf\/"]},{"@type":"Person","@id":"https:\/\/eltecolote.org\/content\/#\/schema\/person\/08828d10185eba96895a8363a269410e","name":"El Tecolote Staff","image":{"@type":"ImageObject","inLanguage":"en","@id":"https:\/\/secure.gravatar.com\/avatar\/9534c92c8c908364e186a64d93efc86f62367109d1b07a3454facde655968589?s=96&d=mm&r=g6afcb607783e095e4cf6be807353924d","url":"https:\/\/secure.gravatar.com\/avatar\/9534c92c8c908364e186a64d93efc86f62367109d1b07a3454facde655968589?s=96&d=mm&r=g","contentUrl":"https:\/\/secure.gravatar.com\/avatar\/9534c92c8c908364e186a64d93efc86f62367109d1b07a3454facde655968589?s=96&d=mm&r=g","caption":"El Tecolote Staff"},"url":"https:\/\/eltecolote.org\/content\/author\/web-editor\/"}]}},"distributor_meta":false,"distributor_terms":false,"distributor_media":false,"distributor_original_site_name":"El Tecolote","distributor_original_site_url":"https:\/\/eltecolote.org\/content","push-errors":false,"_links":{"self":[{"href":"https:\/\/eltecolote.org\/content\/wp-json\/wp\/v2\/posts\/37272","targetHints":{"allow":["GET"]}}],"collection":[{"href":"https:\/\/eltecolote.org\/content\/wp-json\/wp\/v2\/posts"}],"about":[{"href":"https:\/\/eltecolote.org\/content\/wp-json\/wp\/v2\/types\/post"}],"author":[{"embeddable":true,"href":"https:\/\/eltecolote.org\/content\/wp-json\/wp\/v2\/users\/35"}],"replies":[{"embeddable":true,"href":"https:\/\/eltecolote.org\/content\/wp-json\/wp\/v2\/comments?post=37272"}],"version-history":[{"count":1,"href":"https:\/\/eltecolote.org\/content\/wp-json\/wp\/v2\/posts\/37272\/revisions"}],"predecessor-version":[{"id":37279,"href":"https:\/\/eltecolote.org\/content\/wp-json\/wp\/v2\/posts\/37272\/revisions\/37279"}],"wp:featuredmedia":[{"embeddable":true,"href":"https:\/\/eltecolote.org\/content\/wp-json\/wp\/v2\/media\/37275"}],"wp:attachment":[{"href":"https:\/\/eltecolote.org\/content\/wp-json\/wp\/v2\/media?parent=37272"}],"wp:term":[{"taxonomy":"category","embeddable":true,"href":"https:\/\/eltecolote.org\/content\/wp-json\/wp\/v2\/categories?post=37272"},{"taxonomy":"post_tag","embeddable":true,"href":"https:\/\/eltecolote.org\/content\/wp-json\/wp\/v2\/tags?post=37272"},{"taxonomy":"author","embeddable":true,"href":"https:\/\/eltecolote.org\/content\/wp-json\/wp\/v2\/coauthors?post=37272"}],"curies":[{"name":"wp","href":"https:\/\/api.w.org\/{rel}","templated":true}]}}