{"id":37064,"date":"2018-03-08T13:21:44","date_gmt":"2018-03-08T20:21:44","guid":{"rendered":"http:\/\/eltecolote.org\/content\/?p=37064"},"modified":"2018-03-08T13:21:44","modified_gmt":"2018-03-08T20:21:44","slug":"reciente-ola-de-detenciones-de-ice-provoca-indignacion-al-norte-de-california","status":"publish","type":"post","link":"https:\/\/eltecolote.org\/content\/es\/reciente-ola-de-detenciones-de-ice-provoca-indignacion-al-norte-de-california\/","title":{"rendered":"Reciente ola de detenciones de ICE provoca indignaci\u00f3n al norte de California"},"content":{"rendered":"<p class=\"p1\">[su_carousel source=&#8221;media: 37065,37066,37067,37068&#8243; limit=&#8221;65&#8243; link=&#8221;lightbox&#8221; width=&#8221;800&#8243; height=&#8221;540&#8243; responsive=&#8221;no&#8221; items=&#8221;1&#8243;]<\/p>\n<p class=\"p3\">En respuesta a la serie de arrestos ocurridos al norte de California, activistas, l\u00edderes comunitarios y abogados de inmigraci\u00f3n realizaron una manifestaci\u00f3n frente a la oficina local de ICE en San Francisco el 28 de febrero para exigir informaci\u00f3n sobre los detenidos a quienes dicen se les han negado sus derechos.<\/p>\n<p class=\"p5\">Luego de que la Corte Suprema dictaminara el 27 de febrero que los inmigrantes detenidos no tienen derecho a audiencia de fianza, los miembros de la comunidad autonombrados \u2018miembros de la comunidad preocupados\u201d, barricaron entradas e intersecciones para bloquear a los agentes de ICE de sus oficinas centrales en San Francisco.<\/p>\n<figure id=\"attachment_37069\" aria-describedby=\"caption-attachment-37069\" style=\"width: 400px\" class=\"wp-caption alignright\"><a href=\"https:\/\/i0.wp.com\/eltecolote.org\/content\/wp-content\/uploads\/2018\/03\/ICE_1672web-1.jpg?quality=89&#038;ssl=1\"><img data-recalc-dims=\"1\" loading=\"lazy\" decoding=\"async\" class=\" wp-image-37069\" src=\"https:\/\/i0.wp.com\/eltecolote.org\/content\/wp-content\/uploads\/2018\/03\/ICE_1672web-1.jpg?resize=400%2C600&#038;quality=89&#038;ssl=1\" alt=\"\" width=\"400\" height=\"600\" srcset=\"https:\/\/i0.wp.com\/eltecolote.org\/content\/wp-content\/uploads\/2018\/03\/ICE_1672web-1.jpg?w=576&amp;quality=89&amp;ssl=1 576w, https:\/\/i0.wp.com\/eltecolote.org\/content\/wp-content\/uploads\/2018\/03\/ICE_1672web-1.jpg?resize=167%2C250&amp;quality=89&amp;ssl=1 167w, https:\/\/i0.wp.com\/eltecolote.org\/content\/wp-content\/uploads\/2018\/03\/ICE_1672web-1.jpg?resize=320%2C480&amp;quality=89&amp;ssl=1 320w\" sizes=\"auto, (max-width: 400px) 100vw, 400px\" \/><\/a><figcaption id=\"caption-attachment-37069\" class=\"wp-caption-text\">Una joven sostiene un letrero el 28 de febrero durante una protesta en San Francisco en contra de ICE, luego de que dicha agencia arrestara a m\u00e1s de 150 inmigrantes indocumentados en todo el norte de California durante la \u00faltima semana de febrero de 2018. Foto: Aaron Levy-Wolins<\/figcaption><\/figure>\n<p class=\"p5\">Las organizaciones participantes, como Immigration Liberation Movement, Bay Resistance y Free-SF, anunciaron que no se ir\u00edan hasta recibir informaci\u00f3n sobre los detenidos, los cuales, de acuerdo con los Servicios Legales de Pangea, deliberadamente fueron reubicados por ICE ante a la protesta.<\/p>\n<p class=\"p5\">El abogado de Pangea, Juan Camilo Mendez Guzm\u00e1n, dijo que 25 abogados contactaron a ICE la ma\u00f1ana de la protesta sin que se les hubiera proporcionado informaci\u00f3n sobre la ubicaci\u00f3n de los detenidos, incluso a sus familias se les ha mantenido en la incertidumbre.<\/p>\n<p class=\"p5\">\u201cICE afirm\u00f3 haber reubicado a estas personas porque les preocupaba que la protesta comprometiera la seguridad en general, pero esto es una mentira\u201d, dijo Guzm\u00e1n. \u201cLos han estado trasladando y procesando en Stockton desde el s\u00e1bado pasado, mucho antes de que anunci\u00e1ramos la protesta\u201d.<\/p>\n<p class=\"p5\">Guzm\u00e1n dijo a <i>El Tecolote<\/i> que a los familiares de los detenidos en Stockton, les dijeron que sus parientes fueron reubicados y procesados \u200b\u200ben San Francisco, mientras que a los de los detenidos de San Francisco, se les dijo que los suyos se encontraban en Stockton.<\/p>\n<p class=\"p5\">\u201cEstan enga\u00f1ando y confundiendo a las familias como una t\u00e1ctica para evitar dar informaci\u00f3n\u201d, dijo Guzm\u00e1n.<\/p>\n<p class=\"p5\">Francisco Ju\u00e1rez, cuyo hijo, Jes\u00fas Ju\u00e1rez fue brutalmente detenido el 9 de noviembre pasado mientras se dirig\u00eda a trabajar, comparti\u00f3 su historia: \u201c[Jes\u00fas] fue perseguido por dos autos y casi atropellado por uno y fue detenido con fuerza excesiva y una vez que estuvo detenido, no se le leyeron sus derechos\u201d, dijo Francisco.<\/p>\n<p class=\"p5\">Francisco dijo que incluso despu\u00e9s de que su hijo fue detenido, tuvo que esperar un tiempo en la parte trasera de la camioneta para ser procesado, porque los agentes de ICE \u201cfueron a tomar caf\u00e9 a Starbucks\u201d.<\/p>\n<p class=\"p5\">\u201cUno de sus hijos lo necesita en este momento\u201d, dijo Francisco Ju\u00e1rez acerca de Jes\u00fas. \u201cEst\u00e1 muy enfermo, sus hijos siempre preguntan d\u00f3nde est\u00e1 su padre, y todo lo que puedo hacer es mentirles y decir \u2018\u00e9l todav\u00eda est\u00e1 trabajando\u2019\u201d.<\/p>\n<p class=\"p5\">Los manifestantes criticaron el estatus de California como \u2018estado santuario\u2019 y lo tildaron de enga\u00f1oso. Los oradores dijeron que el t\u00edtulo tiene poco peso y brinda protecci\u00f3n m\u00ednima a los indocumentados.<\/p>\n<p class=\"p5\">Lara Kiswani, vocera y directora ejecutiva de la organizaci\u00f3n Centro de Recursos y Organizaci\u00f3n \u00c1rabe (AROC), alent\u00f3 a los legisladores a mantener el estado santuario a un niveles m\u00e1s altos.<\/p>\n<p class=\"p5\">\u201cHacemos un llamado a todos los que toman las decisiones en el poder para que cumplan sus promesas, para asegurarse de que cuando llamen a algo \u2018santuario\u2019 lo pongan en pr\u00e1ctica\u201d, dijo Kiswani. \u201cNo es suficiente decir que la polic\u00eda no colaborar\u00e1 con ICE. No es suficiente decir que somos una ciudad santuario. Lo que tenemos que hacer es impedir que ICE llegue a nuestras ciudades, evitar que ICE se lleve a los miembros de nuestra familia de una vez por todas\u201d.<\/p>\n<p class=\"p5\">Guzm\u00e1n dijo que el t\u00e9rmino \u2018ciudad santuario\u2019 es complicado porque puede significar muchas cosas diferentes.<\/p>\n<p class=\"p5\">\u201cPuede significar tan poco como poder informar sobre un crimen y no ser llevado ante ICE como resultado de ello, que es lo m\u00ednimo b\u00e1sico y decente\u201d, dijo Guzm\u00e1n. \u201cNuevamente, decimos que tenemos estatus santuario, pero a\u00fan mantenemos nueve centros de detenci\u00f3n en el estado de California\u201d.<\/p>\n<p class=\"p5\">Seg\u00fan Guzm\u00e1n, la administraci\u00f3n est\u00e1 \u201capuntando activamente a lugares que valoran a la comunidad de inmigrantes y, debido a esto, [ha] creado un ambiente tan hostil que ha provocado que las personas teman continuar con su vida diaria\u201d.<\/p>\n<p class=\"p5\">Gloria Esteva, una madre y organizadora comunitaria, dijo que conoce muchos estudiantes que se niegan a ir a la escuela porque temen no volver con sus familias.<\/p>\n<p class=\"p5\">\u201cNo culpo a estos ni\u00f1os de querer permanecer cerca de sus familias\u201d, dijo Esteva. \u201cEspecialmente a sus madres. Como madre que perdi\u00f3 a su hijo por una enfermedad agarr\u00f3 en un centro de detenci\u00f3n, luego de ser deportado, s\u00e9 que cuando la seguridad de tu familia est\u00e1 en riesgo, todo lo dem\u00e1s no importa\u201d.<\/p>\n<p class=\"p5\">Yadira S\u00e1nchez, una de las coordinadoras de la protesta, alienta a todos a mantenerse informados sobre sus derechos y recomienda encarecidamente a los defensores se aseguren de que la informaci\u00f3n que reciben sea precisa antes de difundirla. La histeria, dice ella, solo perjudicar\u00e1 a las comunidades de inmigrantes.<\/p>\n<p class=\"p5\">\u201cQueremos responder con poder y no con p\u00e1nico\u201d, dijo S\u00e1nchez. \u201cLa forma para hacerlo es conociendo sus derechos y el n\u00famero local de la L\u00ednea de Respuesta R\u00e1pida. Los operadores de Rapid Response Hotline (en ingl\u00e9s) verificar\u00e1n la presencia de ICE y enviar\u00e1n abogados para representaci\u00f3n legal si es necesario\u201d<\/p>\n<p class=\"p5\">Guzm\u00e1n piensa que las personas con frecuencia renuncian a sus derechos porque son enga\u00f1ados para hacerlo. Para evitar esto, sugiere no acatar las indicaciones de agentes de ICE sin la presencia de un abogado.<\/p>\n<p class=\"p5\">\u201cSi ICE viene a su puerta, a veces pretender\u00e1n tener una orden judicial\u201d, dijo Guzm\u00e1n. \u201cPero si realmente obtuvieran uno, simplemente derribar\u00edan la puerta sin permiso, por lo que es m\u00e1s seguro &#8230; [no] abrir la puerta\u201d.<\/p>\n<p class=\"p5\">\u201cNo tienes que responder preguntas\u201d, agreg\u00f3. \u201cEs muy importante que las personas especialmente no respondan las preguntas de d\u00f3nde vienen o d\u00f3nde viven, porque muchas veces los agentes de ICE dir\u00e1n que los detenidos voluntariamente les dieron esa informaci\u00f3n y la usaron en su contra\u201d.<\/p>\n<p class=\"p5\">Guzm\u00e1n, al igual que S\u00e1nchez, cree que la forma m\u00e1s efectiva de permanecer unido es a trav\u00e9s de la conciencia y la comunicaci\u00f3n. La L\u00ednea de Respuesta R\u00e1pida (RRH, por sus siglas en ingl\u00e9s) se cre\u00f3 para ayudar a las personas a obtener la informaci\u00f3n y el apoyo que necesitan sus familias en estos tiempos de crisis.<\/p>\n<p><b>Rapid response Hotline line numbers for each Bay County <\/b><\/p>\n<p class=\"p5\">\n<table style=\"height: 619px;\" width=\"408\">\n<tbody>\n<tr>\n<td><span style=\"font-weight: 400;\">San Francisco \u00a0<\/span><\/td>\n<td><span style=\"font-weight: 400;\">(415) 200 -1548<\/span><\/td>\n<\/tr>\n<tr>\n<td><span style=\"font-weight: 400;\">ACILEP (Alameda County)<\/span><\/td>\n<td><span style=\"font-weight: 400;\">(510) 241 &#8211; 4011<\/span><\/td>\n<\/tr>\n<tr>\n<td><span style=\"font-weight: 400;\">Santa Clara <\/span><\/td>\n<td><span style=\"font-weight: 400;\">(408) 290 -1144<\/span><\/td>\n<\/tr>\n<tr>\n<td><span style=\"font-weight: 400;\">Monterey <\/span><\/td>\n<td><span style=\"font-weight: 400;\">(831) 643 &#8211; 5225<\/span><\/td>\n<\/tr>\n<tr>\n<td><span style=\"font-weight: 400;\">Sacramento <\/span><\/td>\n<td><span style=\"font-weight: 400;\">(916) 245 &#8211; 6773<\/span><\/td>\n<\/tr>\n<tr>\n<td><span style=\"font-weight: 400;\">Fresno <\/span><\/td>\n<td><span style=\"font-weight: 400;\">(559) 206 &#8211; 0151<\/span><\/td>\n<\/tr>\n<tr>\n<td><span style=\"font-weight: 400;\">Marin <\/span><\/td>\n<td><span style=\"font-weight: 400;\">(415) 991 &#8211; 4545<\/span><\/td>\n<\/tr>\n<tr>\n<td><span style=\"font-weight: 400;\">San Mateo <\/span><\/td>\n<td><span style=\"font-weight: 400;\">(203) 666 &#8211; 4472<\/span><\/td>\n<\/tr>\n<tr>\n<td><span style=\"font-weight: 400;\">Sonoma &amp; Napa<\/span><\/td>\n<td><span style=\"font-weight: 400;\">(707) 800- 4544<\/span><\/td>\n<\/tr>\n<tr>\n<td><span style=\"font-weight: 400;\">Santa Cruz and Watsonville Area<\/span><\/td>\n<td><span style=\"font-weight: 400;\">(831) 239 &#8211; 4289<\/span><\/td>\n<\/tr>\n<\/tbody>\n<\/table>\n<p class=\"p5\">\n","protected":false},"excerpt":{"rendered":"<p>[su_carousel source=&#8221;media: 37065,37066,37067,37068&#8243; limit=&#8221;65&#8243; link=&#8221;lightbox&#8221; width=&#8221;800&#8243; height=&#8221;540&#8243; responsive=&#8221;no&#8221; items=&#8221;1&#8243;] En respuesta a la serie de arrestos ocurridos al norte de California, activistas, l\u00edderes comunitarios y abogados de inmigraci\u00f3n realizaron una manifestaci\u00f3n frente a la oficina local de ICE en San Francisco el 28 de febrero para exigir informaci\u00f3n sobre los detenidos a quienes dicen se [&hellip;]<\/p>\n","protected":false},"author":35,"featured_media":37065,"comment_status":"open","ping_status":"closed","sticky":false,"template":"","format":"standard","meta":{"newspack_popups_has_disabled_popups":false,"newspack_featured_image_position":"","newspack_post_subtitle":"","newspack_article_summary_title":"Overview:","newspack_article_summary":"","newspack_hide_updated_date":false,"newspack_show_updated_date":false,"footnotes":""},"categories":[3578,3519],"tags":[12821,16146,16148,16150,7083,16152,16154,16156,4261,16158,16160,16162,16164],"coauthors":[],"class_list":["post-37064","post","type-post","status-publish","format-standard","has-post-thumbnail","hentry","category-inmigracion-noticias","category-noticias","tag-agencia-de-inmigracion-y-aduanas","tag-aroc-es","tag-bay-resistance-es","tag-centro-de-recursos-y-organizacion-arabe-es","tag-corte-suprema","tag-francisco-juarez-es","tag-free-sf-es","tag-gloria-esteva-es","tag-ice-es","tag-immigration-liberation-movement-es","tag-juan-camilo-mendez-guzman-es","tag-lara-kiswani-es","tag-yadira-sanchez-es","entry"],"yoast_head":"<!-- This site is optimized with the Yoast SEO plugin v27.5 - https:\/\/yoast.com\/product\/yoast-seo-wordpress\/ -->\n<title>Reciente ola de detenciones de ICE provoca indignaci\u00f3n al norte de California - El Tecolote<\/title>\n<meta name=\"description\" content=\"En respuesta a la serie de arrestos ocurridos al norte de California, activistas, l\u00edderes comunitarios y abogados de inmigraci\u00f3n realizaron una\" \/>\n<meta name=\"robots\" content=\"index, follow, max-snippet:-1, max-image-preview:large, max-video-preview:-1\" \/>\n<link rel=\"canonical\" href=\"https:\/\/eltecolote.org\/content\/es\/reciente-ola-de-detenciones-de-ice-provoca-indignacion-al-norte-de-california\/\" \/>\n<meta property=\"og:locale\" content=\"en_US\" \/>\n<meta property=\"og:type\" content=\"article\" \/>\n<meta property=\"og:title\" content=\"Reciente ola de detenciones de ICE provoca indignaci\u00f3n al norte de California - El Tecolote\" \/>\n<meta property=\"og:description\" content=\"En respuesta a la serie de arrestos ocurridos al norte de California, activistas, l\u00edderes comunitarios y abogados de inmigraci\u00f3n realizaron una\" \/>\n<meta property=\"og:url\" content=\"https:\/\/eltecolote.org\/content\/es\/reciente-ola-de-detenciones-de-ice-provoca-indignacion-al-norte-de-california\/\" \/>\n<meta property=\"og:site_name\" content=\"El Tecolote\" \/>\n<meta property=\"article:publisher\" content=\"https:\/\/www.facebook.com\/ElTecoloteSF\/\" \/>\n<meta property=\"article:published_time\" content=\"2018-03-08T20:21:44+00:00\" \/>\n<meta property=\"og:image\" content=\"https:\/\/i0.wp.com\/eltecolote.org\/content\/wp-content\/uploads\/2018\/03\/ICE_1688web-1.jpg?fit=864%2C576&ssl=1\" \/>\n\t<meta property=\"og:image:width\" content=\"864\" \/>\n\t<meta property=\"og:image:height\" content=\"576\" \/>\n\t<meta property=\"og:image:type\" content=\"image\/jpeg\" \/>\n<meta name=\"author\" content=\"El Tecolote Staff\" \/>\n<meta name=\"twitter:card\" content=\"summary_large_image\" \/>\n<meta name=\"twitter:creator\" content=\"@eltecolotesf\" \/>\n<meta name=\"twitter:site\" content=\"@eltecolotesf\" \/>\n<meta name=\"twitter:label1\" content=\"Written by\" \/>\n\t<meta name=\"twitter:data1\" content=\"El Tecolote Staff\" \/>\n\t<meta name=\"twitter:label2\" content=\"Est. reading time\" \/>\n\t<meta name=\"twitter:data2\" content=\"6 minutes\" \/>\n<script type=\"application\/ld+json\" class=\"yoast-schema-graph\">{\"@context\":\"https:\\\/\\\/schema.org\",\"@graph\":[{\"@type\":\"NewsArticle\",\"@id\":\"https:\\\/\\\/eltecolote.org\\\/content\\\/es\\\/reciente-ola-de-detenciones-de-ice-provoca-indignacion-al-norte-de-california\\\/#article\",\"isPartOf\":{\"@id\":\"https:\\\/\\\/eltecolote.org\\\/content\\\/es\\\/reciente-ola-de-detenciones-de-ice-provoca-indignacion-al-norte-de-california\\\/\"},\"author\":{\"name\":\"El Tecolote Staff\",\"@id\":\"https:\\\/\\\/eltecolote.org\\\/content\\\/#\\\/schema\\\/person\\\/08828d10185eba96895a8363a269410e\"},\"headline\":\"Reciente ola de detenciones de ICE provoca indignaci\u00f3n al norte de California\",\"datePublished\":\"2018-03-08T20:21:44+00:00\",\"mainEntityOfPage\":{\"@id\":\"https:\\\/\\\/eltecolote.org\\\/content\\\/es\\\/reciente-ola-de-detenciones-de-ice-provoca-indignacion-al-norte-de-california\\\/\"},\"wordCount\":1211,\"commentCount\":0,\"publisher\":{\"@id\":\"https:\\\/\\\/eltecolote.org\\\/content\\\/#organization\"},\"image\":{\"@id\":\"https:\\\/\\\/eltecolote.org\\\/content\\\/es\\\/reciente-ola-de-detenciones-de-ice-provoca-indignacion-al-norte-de-california\\\/#primaryimage\"},\"thumbnailUrl\":\"https:\\\/\\\/i0.wp.com\\\/eltecolote.org\\\/content\\\/wp-content\\\/uploads\\\/2018\\\/03\\\/ICE_1688web-1.jpg?fit=864%2C576&quality=89&ssl=1\",\"keywords\":[\"agencia de Inmigraci\u00f3n y Aduanas\",\"AROC\",\"Bay Resistance\",\"Centro de Recursos y Organizaci\u00f3n \u00c1rabe\",\"Corte Suprema\",\"Francisco Juarez\",\"Free-SF\",\"Gloria Esteva\",\"ice\",\"Immigration Liberation Movement\",\"Juan Camilo Mendez Guzman\",\"Lara Kiswani\",\"Yadira Sanchez\"],\"articleSection\":[\"Inmigraci\u00f3n\",\"Noticias\"],\"inLanguage\":\"en\",\"potentialAction\":[{\"@type\":\"CommentAction\",\"name\":\"Comment\",\"target\":[\"https:\\\/\\\/eltecolote.org\\\/content\\\/es\\\/reciente-ola-de-detenciones-de-ice-provoca-indignacion-al-norte-de-california\\\/#respond\"]}]},{\"@type\":\"WebPage\",\"@id\":\"https:\\\/\\\/eltecolote.org\\\/content\\\/es\\\/reciente-ola-de-detenciones-de-ice-provoca-indignacion-al-norte-de-california\\\/\",\"url\":\"https:\\\/\\\/eltecolote.org\\\/content\\\/es\\\/reciente-ola-de-detenciones-de-ice-provoca-indignacion-al-norte-de-california\\\/\",\"name\":\"Reciente ola de detenciones de ICE provoca indignaci\u00f3n al norte de California - El Tecolote\",\"isPartOf\":{\"@id\":\"https:\\\/\\\/eltecolote.org\\\/content\\\/#website\"},\"primaryImageOfPage\":{\"@id\":\"https:\\\/\\\/eltecolote.org\\\/content\\\/es\\\/reciente-ola-de-detenciones-de-ice-provoca-indignacion-al-norte-de-california\\\/#primaryimage\"},\"image\":{\"@id\":\"https:\\\/\\\/eltecolote.org\\\/content\\\/es\\\/reciente-ola-de-detenciones-de-ice-provoca-indignacion-al-norte-de-california\\\/#primaryimage\"},\"thumbnailUrl\":\"https:\\\/\\\/i0.wp.com\\\/eltecolote.org\\\/content\\\/wp-content\\\/uploads\\\/2018\\\/03\\\/ICE_1688web-1.jpg?fit=864%2C576&quality=89&ssl=1\",\"datePublished\":\"2018-03-08T20:21:44+00:00\",\"description\":\"En respuesta a la serie de arrestos ocurridos al norte de California, activistas, l\u00edderes comunitarios y abogados de inmigraci\u00f3n realizaron una\",\"inLanguage\":\"en\",\"potentialAction\":[{\"@type\":\"ReadAction\",\"target\":[\"https:\\\/\\\/eltecolote.org\\\/content\\\/es\\\/reciente-ola-de-detenciones-de-ice-provoca-indignacion-al-norte-de-california\\\/\"]}]},{\"@type\":\"ImageObject\",\"inLanguage\":\"en\",\"@id\":\"https:\\\/\\\/eltecolote.org\\\/content\\\/es\\\/reciente-ola-de-detenciones-de-ice-provoca-indignacion-al-norte-de-california\\\/#primaryimage\",\"url\":\"https:\\\/\\\/i0.wp.com\\\/eltecolote.org\\\/content\\\/wp-content\\\/uploads\\\/2018\\\/03\\\/ICE_1688web-1.jpg?fit=864%2C576&quality=89&ssl=1\",\"contentUrl\":\"https:\\\/\\\/i0.wp.com\\\/eltecolote.org\\\/content\\\/wp-content\\\/uploads\\\/2018\\\/03\\\/ICE_1688web-1.jpg?fit=864%2C576&quality=89&ssl=1\",\"width\":864,\"height\":576,\"caption\":\"Manifestantes reunidos en San Francisco para protestar en contra de los m\u00e1s de 150 arrestos de inmigrantes indocumentados que ICE ha realizado al norte de California a fines de febrero de 2018. Foto: Aaron Levy-Wolins\"},{\"@type\":\"WebSite\",\"@id\":\"https:\\\/\\\/eltecolote.org\\\/content\\\/#website\",\"url\":\"https:\\\/\\\/eltecolote.org\\\/content\\\/\",\"name\":\"El Tecolote\",\"description\":\"San Francisco's Latinx newspaper since 1970\",\"publisher\":{\"@id\":\"https:\\\/\\\/eltecolote.org\\\/content\\\/#organization\"},\"potentialAction\":[{\"@type\":\"SearchAction\",\"target\":{\"@type\":\"EntryPoint\",\"urlTemplate\":\"https:\\\/\\\/eltecolote.org\\\/content\\\/?s={search_term_string}\"},\"query-input\":{\"@type\":\"PropertyValueSpecification\",\"valueRequired\":true,\"valueName\":\"search_term_string\"}}],\"inLanguage\":\"en\"},{\"@type\":\"Organization\",\"@id\":\"https:\\\/\\\/eltecolote.org\\\/content\\\/#organization\",\"name\":\"El Tecolote\",\"url\":\"https:\\\/\\\/eltecolote.org\\\/content\\\/\",\"logo\":{\"@type\":\"ImageObject\",\"inLanguage\":\"en\",\"@id\":\"https:\\\/\\\/eltecolote.org\\\/content\\\/#\\\/schema\\\/logo\\\/image\\\/\",\"url\":\"https:\\\/\\\/i0.wp.com\\\/eltecolote.org\\\/content\\\/wp-content\\\/uploads\\\/2021\\\/05\\\/ETlogo-1.jpg?fit=400%2C400&ssl=1\",\"contentUrl\":\"https:\\\/\\\/i0.wp.com\\\/eltecolote.org\\\/content\\\/wp-content\\\/uploads\\\/2021\\\/05\\\/ETlogo-1.jpg?fit=400%2C400&ssl=1\",\"width\":400,\"height\":400,\"caption\":\"El Tecolote\"},\"image\":{\"@id\":\"https:\\\/\\\/eltecolote.org\\\/content\\\/#\\\/schema\\\/logo\\\/image\\\/\"},\"sameAs\":[\"https:\\\/\\\/www.facebook.com\\\/ElTecoloteSF\\\/\",\"https:\\\/\\\/x.com\\\/eltecolotesf\",\"https:\\\/\\\/www.instagram.com\\\/eltecolotesf\\\/\"]},{\"@type\":\"Person\",\"@id\":\"https:\\\/\\\/eltecolote.org\\\/content\\\/#\\\/schema\\\/person\\\/08828d10185eba96895a8363a269410e\",\"name\":\"El Tecolote Staff\",\"image\":{\"@type\":\"ImageObject\",\"inLanguage\":\"en\",\"@id\":\"https:\\\/\\\/secure.gravatar.com\\\/avatar\\\/9534c92c8c908364e186a64d93efc86f62367109d1b07a3454facde655968589?s=96&d=mm&r=g6afcb607783e095e4cf6be807353924d\",\"url\":\"https:\\\/\\\/secure.gravatar.com\\\/avatar\\\/9534c92c8c908364e186a64d93efc86f62367109d1b07a3454facde655968589?s=96&d=mm&r=g\",\"contentUrl\":\"https:\\\/\\\/secure.gravatar.com\\\/avatar\\\/9534c92c8c908364e186a64d93efc86f62367109d1b07a3454facde655968589?s=96&d=mm&r=g\",\"caption\":\"El Tecolote Staff\"},\"url\":\"https:\\\/\\\/eltecolote.org\\\/content\\\/author\\\/web-editor\\\/\"}]}<\/script>\n<!-- \/ Yoast SEO plugin. -->","yoast_head_json":{"title":"Reciente ola de detenciones de ICE provoca indignaci\u00f3n al norte de California - El Tecolote","description":"En respuesta a la serie de arrestos ocurridos al norte de California, activistas, l\u00edderes comunitarios y abogados de inmigraci\u00f3n realizaron una","robots":{"index":"index","follow":"follow","max-snippet":"max-snippet:-1","max-image-preview":"max-image-preview:large","max-video-preview":"max-video-preview:-1"},"canonical":"https:\/\/eltecolote.org\/content\/es\/reciente-ola-de-detenciones-de-ice-provoca-indignacion-al-norte-de-california\/","og_locale":"en_US","og_type":"article","og_title":"Reciente ola de detenciones de ICE provoca indignaci\u00f3n al norte de California - El Tecolote","og_description":"En respuesta a la serie de arrestos ocurridos al norte de California, activistas, l\u00edderes comunitarios y abogados de inmigraci\u00f3n realizaron una","og_url":"https:\/\/eltecolote.org\/content\/es\/reciente-ola-de-detenciones-de-ice-provoca-indignacion-al-norte-de-california\/","og_site_name":"El Tecolote","article_publisher":"https:\/\/www.facebook.com\/ElTecoloteSF\/","article_published_time":"2018-03-08T20:21:44+00:00","og_image":[{"width":864,"height":576,"url":"https:\/\/i0.wp.com\/eltecolote.org\/content\/wp-content\/uploads\/2018\/03\/ICE_1688web-1.jpg?fit=864%2C576&ssl=1","type":"image\/jpeg"}],"author":"El Tecolote Staff","twitter_card":"summary_large_image","twitter_creator":"@eltecolotesf","twitter_site":"@eltecolotesf","twitter_misc":{"Written by":"El Tecolote Staff","Est. reading time":"6 minutes"},"schema":{"@context":"https:\/\/schema.org","@graph":[{"@type":"NewsArticle","@id":"https:\/\/eltecolote.org\/content\/es\/reciente-ola-de-detenciones-de-ice-provoca-indignacion-al-norte-de-california\/#article","isPartOf":{"@id":"https:\/\/eltecolote.org\/content\/es\/reciente-ola-de-detenciones-de-ice-provoca-indignacion-al-norte-de-california\/"},"author":{"name":"El Tecolote Staff","@id":"https:\/\/eltecolote.org\/content\/#\/schema\/person\/08828d10185eba96895a8363a269410e"},"headline":"Reciente ola de detenciones de ICE provoca indignaci\u00f3n al norte de California","datePublished":"2018-03-08T20:21:44+00:00","mainEntityOfPage":{"@id":"https:\/\/eltecolote.org\/content\/es\/reciente-ola-de-detenciones-de-ice-provoca-indignacion-al-norte-de-california\/"},"wordCount":1211,"commentCount":0,"publisher":{"@id":"https:\/\/eltecolote.org\/content\/#organization"},"image":{"@id":"https:\/\/eltecolote.org\/content\/es\/reciente-ola-de-detenciones-de-ice-provoca-indignacion-al-norte-de-california\/#primaryimage"},"thumbnailUrl":"https:\/\/i0.wp.com\/eltecolote.org\/content\/wp-content\/uploads\/2018\/03\/ICE_1688web-1.jpg?fit=864%2C576&quality=89&ssl=1","keywords":["agencia de Inmigraci\u00f3n y Aduanas","AROC","Bay Resistance","Centro de Recursos y Organizaci\u00f3n \u00c1rabe","Corte Suprema","Francisco Juarez","Free-SF","Gloria Esteva","ice","Immigration Liberation Movement","Juan Camilo Mendez Guzman","Lara Kiswani","Yadira Sanchez"],"articleSection":["Inmigraci\u00f3n","Noticias"],"inLanguage":"en","potentialAction":[{"@type":"CommentAction","name":"Comment","target":["https:\/\/eltecolote.org\/content\/es\/reciente-ola-de-detenciones-de-ice-provoca-indignacion-al-norte-de-california\/#respond"]}]},{"@type":"WebPage","@id":"https:\/\/eltecolote.org\/content\/es\/reciente-ola-de-detenciones-de-ice-provoca-indignacion-al-norte-de-california\/","url":"https:\/\/eltecolote.org\/content\/es\/reciente-ola-de-detenciones-de-ice-provoca-indignacion-al-norte-de-california\/","name":"Reciente ola de detenciones de ICE provoca indignaci\u00f3n al norte de California - El Tecolote","isPartOf":{"@id":"https:\/\/eltecolote.org\/content\/#website"},"primaryImageOfPage":{"@id":"https:\/\/eltecolote.org\/content\/es\/reciente-ola-de-detenciones-de-ice-provoca-indignacion-al-norte-de-california\/#primaryimage"},"image":{"@id":"https:\/\/eltecolote.org\/content\/es\/reciente-ola-de-detenciones-de-ice-provoca-indignacion-al-norte-de-california\/#primaryimage"},"thumbnailUrl":"https:\/\/i0.wp.com\/eltecolote.org\/content\/wp-content\/uploads\/2018\/03\/ICE_1688web-1.jpg?fit=864%2C576&quality=89&ssl=1","datePublished":"2018-03-08T20:21:44+00:00","description":"En respuesta a la serie de arrestos ocurridos al norte de California, activistas, l\u00edderes comunitarios y abogados de inmigraci\u00f3n realizaron una","inLanguage":"en","potentialAction":[{"@type":"ReadAction","target":["https:\/\/eltecolote.org\/content\/es\/reciente-ola-de-detenciones-de-ice-provoca-indignacion-al-norte-de-california\/"]}]},{"@type":"ImageObject","inLanguage":"en","@id":"https:\/\/eltecolote.org\/content\/es\/reciente-ola-de-detenciones-de-ice-provoca-indignacion-al-norte-de-california\/#primaryimage","url":"https:\/\/i0.wp.com\/eltecolote.org\/content\/wp-content\/uploads\/2018\/03\/ICE_1688web-1.jpg?fit=864%2C576&quality=89&ssl=1","contentUrl":"https:\/\/i0.wp.com\/eltecolote.org\/content\/wp-content\/uploads\/2018\/03\/ICE_1688web-1.jpg?fit=864%2C576&quality=89&ssl=1","width":864,"height":576,"caption":"Manifestantes reunidos en San Francisco para protestar en contra de los m\u00e1s de 150 arrestos de inmigrantes indocumentados que ICE ha realizado al norte de California a fines de febrero de 2018. Foto: Aaron Levy-Wolins"},{"@type":"WebSite","@id":"https:\/\/eltecolote.org\/content\/#website","url":"https:\/\/eltecolote.org\/content\/","name":"El Tecolote","description":"San Francisco's Latinx newspaper since 1970","publisher":{"@id":"https:\/\/eltecolote.org\/content\/#organization"},"potentialAction":[{"@type":"SearchAction","target":{"@type":"EntryPoint","urlTemplate":"https:\/\/eltecolote.org\/content\/?s={search_term_string}"},"query-input":{"@type":"PropertyValueSpecification","valueRequired":true,"valueName":"search_term_string"}}],"inLanguage":"en"},{"@type":"Organization","@id":"https:\/\/eltecolote.org\/content\/#organization","name":"El Tecolote","url":"https:\/\/eltecolote.org\/content\/","logo":{"@type":"ImageObject","inLanguage":"en","@id":"https:\/\/eltecolote.org\/content\/#\/schema\/logo\/image\/","url":"https:\/\/i0.wp.com\/eltecolote.org\/content\/wp-content\/uploads\/2021\/05\/ETlogo-1.jpg?fit=400%2C400&ssl=1","contentUrl":"https:\/\/i0.wp.com\/eltecolote.org\/content\/wp-content\/uploads\/2021\/05\/ETlogo-1.jpg?fit=400%2C400&ssl=1","width":400,"height":400,"caption":"El Tecolote"},"image":{"@id":"https:\/\/eltecolote.org\/content\/#\/schema\/logo\/image\/"},"sameAs":["https:\/\/www.facebook.com\/ElTecoloteSF\/","https:\/\/x.com\/eltecolotesf","https:\/\/www.instagram.com\/eltecolotesf\/"]},{"@type":"Person","@id":"https:\/\/eltecolote.org\/content\/#\/schema\/person\/08828d10185eba96895a8363a269410e","name":"El Tecolote Staff","image":{"@type":"ImageObject","inLanguage":"en","@id":"https:\/\/secure.gravatar.com\/avatar\/9534c92c8c908364e186a64d93efc86f62367109d1b07a3454facde655968589?s=96&d=mm&r=g6afcb607783e095e4cf6be807353924d","url":"https:\/\/secure.gravatar.com\/avatar\/9534c92c8c908364e186a64d93efc86f62367109d1b07a3454facde655968589?s=96&d=mm&r=g","contentUrl":"https:\/\/secure.gravatar.com\/avatar\/9534c92c8c908364e186a64d93efc86f62367109d1b07a3454facde655968589?s=96&d=mm&r=g","caption":"El Tecolote Staff"},"url":"https:\/\/eltecolote.org\/content\/author\/web-editor\/"}]}},"distributor_meta":false,"distributor_terms":false,"distributor_media":false,"distributor_original_site_name":"El Tecolote","distributor_original_site_url":"https:\/\/eltecolote.org\/content","push-errors":false,"_links":{"self":[{"href":"https:\/\/eltecolote.org\/content\/wp-json\/wp\/v2\/posts\/37064","targetHints":{"allow":["GET"]}}],"collection":[{"href":"https:\/\/eltecolote.org\/content\/wp-json\/wp\/v2\/posts"}],"about":[{"href":"https:\/\/eltecolote.org\/content\/wp-json\/wp\/v2\/types\/post"}],"author":[{"embeddable":true,"href":"https:\/\/eltecolote.org\/content\/wp-json\/wp\/v2\/users\/35"}],"replies":[{"embeddable":true,"href":"https:\/\/eltecolote.org\/content\/wp-json\/wp\/v2\/comments?post=37064"}],"version-history":[{"count":2,"href":"https:\/\/eltecolote.org\/content\/wp-json\/wp\/v2\/posts\/37064\/revisions"}],"predecessor-version":[{"id":37071,"href":"https:\/\/eltecolote.org\/content\/wp-json\/wp\/v2\/posts\/37064\/revisions\/37071"}],"wp:featuredmedia":[{"embeddable":true,"href":"https:\/\/eltecolote.org\/content\/wp-json\/wp\/v2\/media\/37065"}],"wp:attachment":[{"href":"https:\/\/eltecolote.org\/content\/wp-json\/wp\/v2\/media?parent=37064"}],"wp:term":[{"taxonomy":"category","embeddable":true,"href":"https:\/\/eltecolote.org\/content\/wp-json\/wp\/v2\/categories?post=37064"},{"taxonomy":"post_tag","embeddable":true,"href":"https:\/\/eltecolote.org\/content\/wp-json\/wp\/v2\/tags?post=37064"},{"taxonomy":"author","embeddable":true,"href":"https:\/\/eltecolote.org\/content\/wp-json\/wp\/v2\/coauthors?post=37064"}],"curies":[{"name":"wp","href":"https:\/\/api.w.org\/{rel}","templated":true}]}}