{"id":36503,"date":"2017-12-14T14:58:20","date_gmt":"2017-12-14T21:58:20","guid":{"rendered":"http:\/\/eltecolote.org\/content\/?p=36503"},"modified":"2017-12-14T14:58:20","modified_gmt":"2017-12-14T21:58:20","slug":"no-hay-ganadores-en-el-veredicto-de-steinle","status":"publish","type":"post","link":"https:\/\/eltecolote.org\/content\/es\/no-hay-ganadores-en-el-veredicto-de-steinle\/","title":{"rendered":"No hay ganadores en el veredicto de Steinle"},"content":{"rendered":"<p class=\"p1\">[su_label type=&#8221;info&#8221;]Editorial[\/su_label]<\/p>\n<figure id=\"attachment_27342\" aria-describedby=\"caption-attachment-27342\" style=\"width: 864px\" class=\"wp-caption aligncenter\"><a href=\"https:\/\/i0.wp.com\/eltecolote.org\/content\/wp-content\/uploads\/2015\/07\/Pier-Shooting_05web1.jpg?quality=89&#038;ssl=1\"><img data-recalc-dims=\"1\" loading=\"lazy\" decoding=\"async\" class=\"size-full wp-image-27342\" src=\"https:\/\/i0.wp.com\/eltecolote.org\/content\/wp-content\/uploads\/2015\/07\/Pier-Shooting_05web1.jpg?resize=864%2C576&#038;quality=89&#038;ssl=1\" alt=\"\" width=\"864\" height=\"576\" srcset=\"https:\/\/i0.wp.com\/eltecolote.org\/content\/wp-content\/uploads\/2015\/07\/Pier-Shooting_05web1.jpg?w=864&amp;quality=89&amp;ssl=1 864w, https:\/\/i0.wp.com\/eltecolote.org\/content\/wp-content\/uploads\/2015\/07\/Pier-Shooting_05web1.jpg?resize=600%2C400&amp;quality=89&amp;ssl=1 600w, https:\/\/i0.wp.com\/eltecolote.org\/content\/wp-content\/uploads\/2015\/07\/Pier-Shooting_05web1.jpg?resize=360%2C240&amp;quality=89&amp;ssl=1 360w\" sizes=\"auto, (max-width: 864px) 100vw, 864px\" \/><\/a><figcaption id=\"caption-attachment-27342\" class=\"wp-caption-text\">Un homenaje para Kathryn Steinle el 14 de julio, en el Muelle 14 en San Francisco. Steinle recibi\u00f3 un disparo en el pecho y luego falleci\u00f3 en el Hospital General de la ciudad. Foto Santiago Mej\u00eda<\/figcaption><\/figure>\n<p class=\"p2\">El 30 de noviembre \u2014el d\u00eda en que un jurado de San Francisco absolvi\u00f3 a Jos\u00e9 In\u00e9s Garc\u00eda Zarate de la tr\u00e1gica y altamente politizada muerte de Kathryn Steinle\u2014 todos perdimos.<\/p>\n<p class=\"p5\">La familia Steinle se vio obligada a revivir el sufrimiento de su p\u00e9rdida y las comunidades de inmigrantes de todo el mundo fueron condenadas en el tribunal de la opini\u00f3n p\u00fablica, en una violenta reacci\u00f3n nativista contra las ciudades santuario.<\/p>\n<p class=\"p5\">En verdad, todos perdimos cuando nosotros \u2014especialmente quienes estamos en los medios\u2014 permitimos que la tragedia se politizara en la forma en que lo hizo. Desde el momento en que se identific\u00f3 a Garc\u00eda Zarate (aunque falsamente, al principio, como Juan Francisco L\u00f3pez S\u00e1nchez), nos hemos visto obligados a soportar el discurso racista de un malvado inmigrante \u201cilegal\u201d que asesina a sangre fr\u00eda a una inocente mujer blanca.<\/p>\n<p class=\"p5\">Este discurso, de larga y deprimente historia en los EEUU, fue aprovechada r\u00e1pidamente por el entonces candidato Donald Trump, as\u00ed como por una serie de medios de derecha. Despoj\u00f3 a Garc\u00eda Z\u00e1rate de su derecho a ser asumido como inocente hasta serle demostrada su culpabilidad.<\/p>\n<figure id=\"attachment_27343\" aria-describedby=\"caption-attachment-27343\" style=\"width: 500px\" class=\"wp-caption alignright\"><a href=\"https:\/\/i0.wp.com\/eltecolote.org\/content\/wp-content\/uploads\/2015\/07\/Pier-Shooting_07web2.jpg?quality=89&#038;ssl=1\"><img data-recalc-dims=\"1\" loading=\"lazy\" decoding=\"async\" class=\" wp-image-27343\" src=\"https:\/\/i0.wp.com\/eltecolote.org\/content\/wp-content\/uploads\/2015\/07\/Pier-Shooting_07web2.jpg?resize=500%2C333&#038;quality=89&#038;ssl=1\" alt=\"\" width=\"500\" height=\"333\" srcset=\"https:\/\/i0.wp.com\/eltecolote.org\/content\/wp-content\/uploads\/2015\/07\/Pier-Shooting_07web2.jpg?w=933&amp;quality=89&amp;ssl=1 933w, https:\/\/i0.wp.com\/eltecolote.org\/content\/wp-content\/uploads\/2015\/07\/Pier-Shooting_07web2.jpg?resize=600%2C400&amp;quality=89&amp;ssl=1 600w, https:\/\/i0.wp.com\/eltecolote.org\/content\/wp-content\/uploads\/2015\/07\/Pier-Shooting_07web2.jpg?resize=360%2C240&amp;quality=89&amp;ssl=1 360w\" sizes=\"auto, (max-width: 500px) 100vw, 500px\" \/><\/a><figcaption id=\"caption-attachment-27343\" class=\"wp-caption-text\">Un momento de silencio para Kathryn Steinle durante la conferencia de prensa en las escalinatas del ayuntamiento de San Francisco el 14 de julio. Foto Santiago Mej\u00eda<\/figcaption><\/figure>\n<p class=\"p5\">La historia fue tan exitosa que muchos en los medios y en el sector p\u00fablico se sorprendieron sinceramente y luego se enojaron cuando Garc\u00eda Z\u00e1rate fue declarado inocente.<\/p>\n<p class=\"p5\">Por supuesto, fue el jurado el que present\u00f3 todos los hechos, y no el presidente ni la prensa. Y fue el jurado quien decidi\u00f3 que la \u00fanica bala que rebot\u00f3 en el suelo y que viaj\u00f3 21 metros antes de impactarse en Kate Steinle no era premeditada o intencional. <span class=\"s1\">Los jurados tambi\u00e9n tomaron en cuenta el estado mental de Garc\u00eda Zarate, as\u00ed como el hecho de que un tercer desconocido rob\u00f3 el arma de una patrulla no vigilada y que no est\u00e1 claro c\u00f3mo Garc\u00eda Zarate incluso obtuvo el arma.<\/span><\/p>\n<p class=\"p5\">Sin embargo, nada de eso parece importar mucho en el clima pol\u00edtico t\u00f3xico actual. Asimismo, no parece importar que m\u00faltiples estudios hayan demostrado que los inmigrantes indocumentados son menos propensos a cometer delitos (por temor a ser deportados), o que las pol\u00edticas santuario realmente hacen que las ciudades sean m\u00e1s seguras por el simple hecho de que las comunidades se vuelven m\u00e1s peligrosas cuando los residentes tienen miedo de involucrarse con las fuerzas del orden p\u00fablico.<\/p>\n<p class=\"p5\">Lo que importa son las condiciones que permiten a nuestro presidente explotar una tragedia sin sentido para incriminar a grupos enteros de personas en su propio beneficio pol\u00edtico. Desafortunadamente, el veredicto de Steinle solo agregar\u00e1 combustible al fuego. En todo caso, en un futuro cercano podemos esperar m\u00e1s reacciones violentas contra las comunidades de inmigrantes y las ciudades santuario.<\/p>\n","protected":false},"excerpt":{"rendered":"<p>[su_label type=&#8221;info&#8221;]Editorial[\/su_label] El 30 de noviembre \u2014el d\u00eda en que un jurado de San Francisco absolvi\u00f3 a Jos\u00e9 In\u00e9s Garc\u00eda Zarate de la tr\u00e1gica y altamente politizada muerte de Kathryn Steinle\u2014 todos perdimos. La familia Steinle se vio obligada a revivir el sufrimiento de su p\u00e9rdida y las comunidades de inmigrantes de todo el mundo [&hellip;]<\/p>\n","protected":false},"author":35,"featured_media":27342,"comment_status":"open","ping_status":"closed","sticky":false,"template":"","format":"standard","meta":{"newspack_popups_has_disabled_popups":false,"newspack_featured_image_position":"","newspack_post_subtitle":"","newspack_article_summary_title":"Overview:","newspack_article_summary":"","newspack_hide_updated_date":false,"newspack_show_updated_date":false,"footnotes":""},"categories":[3531],"tags":[5679,5549,9697,15608,5669],"coauthors":[],"class_list":["post-36503","post","type-post","status-publish","format-standard","has-post-thumbnail","hentry","category-voces","tag-ciudad-santuario-es","tag-donald-trump","tag-immigrants-es","tag-jose-inez-garcia-zarate-es","tag-kathryn-steinle","entry"],"yoast_head":"<!-- This site is optimized with the Yoast SEO plugin v27.5 - https:\/\/yoast.com\/product\/yoast-seo-wordpress\/ -->\n<title>No hay ganadores en el veredicto de Steinle - El Tecolote<\/title>\n<meta name=\"description\" content=\"Editorial El 30 de noviembre \u2014el d\u00eda en que un jurado de San Francisco absolvi\u00f3 a Jos\u00e9 In\u00e9s Garc\u00eda Zarate de la tr\u00e1gica y altamente politizada muerte de\" \/>\n<meta name=\"robots\" content=\"index, follow, max-snippet:-1, max-image-preview:large, max-video-preview:-1\" \/>\n<link rel=\"canonical\" href=\"https:\/\/eltecolote.org\/content\/es\/no-hay-ganadores-en-el-veredicto-de-steinle\/\" \/>\n<meta property=\"og:locale\" content=\"en_US\" \/>\n<meta property=\"og:type\" content=\"article\" \/>\n<meta property=\"og:title\" content=\"No hay ganadores en el veredicto de Steinle - El Tecolote\" \/>\n<meta property=\"og:description\" content=\"Editorial El 30 de noviembre \u2014el d\u00eda en que un jurado de San Francisco absolvi\u00f3 a Jos\u00e9 In\u00e9s Garc\u00eda Zarate de la tr\u00e1gica y altamente politizada muerte de\" \/>\n<meta property=\"og:url\" content=\"https:\/\/eltecolote.org\/content\/es\/no-hay-ganadores-en-el-veredicto-de-steinle\/\" \/>\n<meta property=\"og:site_name\" content=\"El Tecolote\" \/>\n<meta property=\"article:publisher\" content=\"https:\/\/www.facebook.com\/ElTecoloteSF\/\" \/>\n<meta property=\"article:published_time\" content=\"2017-12-14T21:58:20+00:00\" \/>\n<meta property=\"og:image\" content=\"https:\/\/i0.wp.com\/eltecolote.org\/content\/wp-content\/uploads\/2015\/07\/Pier-Shooting_05web1.jpg?fit=864%2C576&ssl=1\" \/>\n\t<meta property=\"og:image:width\" content=\"864\" \/>\n\t<meta property=\"og:image:height\" content=\"576\" \/>\n\t<meta property=\"og:image:type\" content=\"image\/jpeg\" \/>\n<meta name=\"author\" content=\"El Tecolote Staff\" \/>\n<meta name=\"twitter:card\" content=\"summary_large_image\" \/>\n<meta name=\"twitter:creator\" content=\"@eltecolotesf\" \/>\n<meta name=\"twitter:site\" content=\"@eltecolotesf\" \/>\n<meta name=\"twitter:label1\" content=\"Written by\" \/>\n\t<meta name=\"twitter:data1\" content=\"El Tecolote Staff\" \/>\n\t<meta name=\"twitter:label2\" content=\"Est. reading time\" \/>\n\t<meta name=\"twitter:data2\" content=\"3 minutes\" \/>\n<script type=\"application\/ld+json\" class=\"yoast-schema-graph\">{\"@context\":\"https:\\\/\\\/schema.org\",\"@graph\":[{\"@type\":\"NewsArticle\",\"@id\":\"https:\\\/\\\/eltecolote.org\\\/content\\\/es\\\/no-hay-ganadores-en-el-veredicto-de-steinle\\\/#article\",\"isPartOf\":{\"@id\":\"https:\\\/\\\/eltecolote.org\\\/content\\\/es\\\/no-hay-ganadores-en-el-veredicto-de-steinle\\\/\"},\"author\":{\"name\":\"El Tecolote Staff\",\"@id\":\"https:\\\/\\\/eltecolote.org\\\/content\\\/#\\\/schema\\\/person\\\/08828d10185eba96895a8363a269410e\"},\"headline\":\"No hay ganadores en el veredicto de Steinle\",\"datePublished\":\"2017-12-14T21:58:20+00:00\",\"mainEntityOfPage\":{\"@id\":\"https:\\\/\\\/eltecolote.org\\\/content\\\/es\\\/no-hay-ganadores-en-el-veredicto-de-steinle\\\/\"},\"wordCount\":557,\"commentCount\":0,\"publisher\":{\"@id\":\"https:\\\/\\\/eltecolote.org\\\/content\\\/#organization\"},\"image\":{\"@id\":\"https:\\\/\\\/eltecolote.org\\\/content\\\/es\\\/no-hay-ganadores-en-el-veredicto-de-steinle\\\/#primaryimage\"},\"thumbnailUrl\":\"https:\\\/\\\/i0.wp.com\\\/eltecolote.org\\\/content\\\/wp-content\\\/uploads\\\/2015\\\/07\\\/Pier-Shooting_05web1.jpg?fit=864%2C576&quality=89&ssl=1\",\"keywords\":[\"ciudad santuario\",\"Donald Trump\",\"immigrants\",\"Jose Inez Garcia Zarate\",\"Kathryn Steinle\"],\"articleSection\":[\"Voces\"],\"inLanguage\":\"en\",\"potentialAction\":[{\"@type\":\"CommentAction\",\"name\":\"Comment\",\"target\":[\"https:\\\/\\\/eltecolote.org\\\/content\\\/es\\\/no-hay-ganadores-en-el-veredicto-de-steinle\\\/#respond\"]}]},{\"@type\":\"WebPage\",\"@id\":\"https:\\\/\\\/eltecolote.org\\\/content\\\/es\\\/no-hay-ganadores-en-el-veredicto-de-steinle\\\/\",\"url\":\"https:\\\/\\\/eltecolote.org\\\/content\\\/es\\\/no-hay-ganadores-en-el-veredicto-de-steinle\\\/\",\"name\":\"No hay ganadores en el veredicto de Steinle - El Tecolote\",\"isPartOf\":{\"@id\":\"https:\\\/\\\/eltecolote.org\\\/content\\\/#website\"},\"primaryImageOfPage\":{\"@id\":\"https:\\\/\\\/eltecolote.org\\\/content\\\/es\\\/no-hay-ganadores-en-el-veredicto-de-steinle\\\/#primaryimage\"},\"image\":{\"@id\":\"https:\\\/\\\/eltecolote.org\\\/content\\\/es\\\/no-hay-ganadores-en-el-veredicto-de-steinle\\\/#primaryimage\"},\"thumbnailUrl\":\"https:\\\/\\\/i0.wp.com\\\/eltecolote.org\\\/content\\\/wp-content\\\/uploads\\\/2015\\\/07\\\/Pier-Shooting_05web1.jpg?fit=864%2C576&quality=89&ssl=1\",\"datePublished\":\"2017-12-14T21:58:20+00:00\",\"description\":\"Editorial El 30 de noviembre \u2014el d\u00eda en que un jurado de San Francisco absolvi\u00f3 a Jos\u00e9 In\u00e9s Garc\u00eda Zarate de la tr\u00e1gica y altamente politizada muerte de\",\"inLanguage\":\"en\",\"potentialAction\":[{\"@type\":\"ReadAction\",\"target\":[\"https:\\\/\\\/eltecolote.org\\\/content\\\/es\\\/no-hay-ganadores-en-el-veredicto-de-steinle\\\/\"]}]},{\"@type\":\"ImageObject\",\"inLanguage\":\"en\",\"@id\":\"https:\\\/\\\/eltecolote.org\\\/content\\\/es\\\/no-hay-ganadores-en-el-veredicto-de-steinle\\\/#primaryimage\",\"url\":\"https:\\\/\\\/i0.wp.com\\\/eltecolote.org\\\/content\\\/wp-content\\\/uploads\\\/2015\\\/07\\\/Pier-Shooting_05web1.jpg?fit=864%2C576&quality=89&ssl=1\",\"contentUrl\":\"https:\\\/\\\/i0.wp.com\\\/eltecolote.org\\\/content\\\/wp-content\\\/uploads\\\/2015\\\/07\\\/Pier-Shooting_05web1.jpg?fit=864%2C576&quality=89&ssl=1\",\"width\":864,\"height\":576,\"caption\":\"Un homenaje para Kathryn Steinle el 14 de julio, en el Muelle 14 en San Francisco. Steinle recibi\u00f3 un disparo en el pecho y luego falleci\u00f3 en el Hospital General de la ciudad. Foto Santiago Mej\u00eda\"},{\"@type\":\"WebSite\",\"@id\":\"https:\\\/\\\/eltecolote.org\\\/content\\\/#website\",\"url\":\"https:\\\/\\\/eltecolote.org\\\/content\\\/\",\"name\":\"El Tecolote\",\"description\":\"San Francisco's Latinx newspaper since 1970\",\"publisher\":{\"@id\":\"https:\\\/\\\/eltecolote.org\\\/content\\\/#organization\"},\"potentialAction\":[{\"@type\":\"SearchAction\",\"target\":{\"@type\":\"EntryPoint\",\"urlTemplate\":\"https:\\\/\\\/eltecolote.org\\\/content\\\/?s={search_term_string}\"},\"query-input\":{\"@type\":\"PropertyValueSpecification\",\"valueRequired\":true,\"valueName\":\"search_term_string\"}}],\"inLanguage\":\"en\"},{\"@type\":\"Organization\",\"@id\":\"https:\\\/\\\/eltecolote.org\\\/content\\\/#organization\",\"name\":\"El Tecolote\",\"url\":\"https:\\\/\\\/eltecolote.org\\\/content\\\/\",\"logo\":{\"@type\":\"ImageObject\",\"inLanguage\":\"en\",\"@id\":\"https:\\\/\\\/eltecolote.org\\\/content\\\/#\\\/schema\\\/logo\\\/image\\\/\",\"url\":\"https:\\\/\\\/i0.wp.com\\\/eltecolote.org\\\/content\\\/wp-content\\\/uploads\\\/2021\\\/05\\\/ETlogo-1.jpg?fit=400%2C400&ssl=1\",\"contentUrl\":\"https:\\\/\\\/i0.wp.com\\\/eltecolote.org\\\/content\\\/wp-content\\\/uploads\\\/2021\\\/05\\\/ETlogo-1.jpg?fit=400%2C400&ssl=1\",\"width\":400,\"height\":400,\"caption\":\"El Tecolote\"},\"image\":{\"@id\":\"https:\\\/\\\/eltecolote.org\\\/content\\\/#\\\/schema\\\/logo\\\/image\\\/\"},\"sameAs\":[\"https:\\\/\\\/www.facebook.com\\\/ElTecoloteSF\\\/\",\"https:\\\/\\\/x.com\\\/eltecolotesf\",\"https:\\\/\\\/www.instagram.com\\\/eltecolotesf\\\/\"]},{\"@type\":\"Person\",\"@id\":\"https:\\\/\\\/eltecolote.org\\\/content\\\/#\\\/schema\\\/person\\\/08828d10185eba96895a8363a269410e\",\"name\":\"El Tecolote Staff\",\"image\":{\"@type\":\"ImageObject\",\"inLanguage\":\"en\",\"@id\":\"https:\\\/\\\/secure.gravatar.com\\\/avatar\\\/9534c92c8c908364e186a64d93efc86f62367109d1b07a3454facde655968589?s=96&d=mm&r=g6afcb607783e095e4cf6be807353924d\",\"url\":\"https:\\\/\\\/secure.gravatar.com\\\/avatar\\\/9534c92c8c908364e186a64d93efc86f62367109d1b07a3454facde655968589?s=96&d=mm&r=g\",\"contentUrl\":\"https:\\\/\\\/secure.gravatar.com\\\/avatar\\\/9534c92c8c908364e186a64d93efc86f62367109d1b07a3454facde655968589?s=96&d=mm&r=g\",\"caption\":\"El Tecolote Staff\"},\"url\":\"https:\\\/\\\/eltecolote.org\\\/content\\\/author\\\/web-editor\\\/\"}]}<\/script>\n<!-- \/ Yoast SEO plugin. -->","yoast_head_json":{"title":"No hay ganadores en el veredicto de Steinle - El Tecolote","description":"Editorial El 30 de noviembre \u2014el d\u00eda en que un jurado de San Francisco absolvi\u00f3 a Jos\u00e9 In\u00e9s Garc\u00eda Zarate de la tr\u00e1gica y altamente politizada muerte de","robots":{"index":"index","follow":"follow","max-snippet":"max-snippet:-1","max-image-preview":"max-image-preview:large","max-video-preview":"max-video-preview:-1"},"canonical":"https:\/\/eltecolote.org\/content\/es\/no-hay-ganadores-en-el-veredicto-de-steinle\/","og_locale":"en_US","og_type":"article","og_title":"No hay ganadores en el veredicto de Steinle - El Tecolote","og_description":"Editorial El 30 de noviembre \u2014el d\u00eda en que un jurado de San Francisco absolvi\u00f3 a Jos\u00e9 In\u00e9s Garc\u00eda Zarate de la tr\u00e1gica y altamente politizada muerte de","og_url":"https:\/\/eltecolote.org\/content\/es\/no-hay-ganadores-en-el-veredicto-de-steinle\/","og_site_name":"El Tecolote","article_publisher":"https:\/\/www.facebook.com\/ElTecoloteSF\/","article_published_time":"2017-12-14T21:58:20+00:00","og_image":[{"width":864,"height":576,"url":"https:\/\/i0.wp.com\/eltecolote.org\/content\/wp-content\/uploads\/2015\/07\/Pier-Shooting_05web1.jpg?fit=864%2C576&ssl=1","type":"image\/jpeg"}],"author":"El Tecolote Staff","twitter_card":"summary_large_image","twitter_creator":"@eltecolotesf","twitter_site":"@eltecolotesf","twitter_misc":{"Written by":"El Tecolote Staff","Est. reading time":"3 minutes"},"schema":{"@context":"https:\/\/schema.org","@graph":[{"@type":"NewsArticle","@id":"https:\/\/eltecolote.org\/content\/es\/no-hay-ganadores-en-el-veredicto-de-steinle\/#article","isPartOf":{"@id":"https:\/\/eltecolote.org\/content\/es\/no-hay-ganadores-en-el-veredicto-de-steinle\/"},"author":{"name":"El Tecolote Staff","@id":"https:\/\/eltecolote.org\/content\/#\/schema\/person\/08828d10185eba96895a8363a269410e"},"headline":"No hay ganadores en el veredicto de Steinle","datePublished":"2017-12-14T21:58:20+00:00","mainEntityOfPage":{"@id":"https:\/\/eltecolote.org\/content\/es\/no-hay-ganadores-en-el-veredicto-de-steinle\/"},"wordCount":557,"commentCount":0,"publisher":{"@id":"https:\/\/eltecolote.org\/content\/#organization"},"image":{"@id":"https:\/\/eltecolote.org\/content\/es\/no-hay-ganadores-en-el-veredicto-de-steinle\/#primaryimage"},"thumbnailUrl":"https:\/\/i0.wp.com\/eltecolote.org\/content\/wp-content\/uploads\/2015\/07\/Pier-Shooting_05web1.jpg?fit=864%2C576&quality=89&ssl=1","keywords":["ciudad santuario","Donald Trump","immigrants","Jose Inez Garcia Zarate","Kathryn Steinle"],"articleSection":["Voces"],"inLanguage":"en","potentialAction":[{"@type":"CommentAction","name":"Comment","target":["https:\/\/eltecolote.org\/content\/es\/no-hay-ganadores-en-el-veredicto-de-steinle\/#respond"]}]},{"@type":"WebPage","@id":"https:\/\/eltecolote.org\/content\/es\/no-hay-ganadores-en-el-veredicto-de-steinle\/","url":"https:\/\/eltecolote.org\/content\/es\/no-hay-ganadores-en-el-veredicto-de-steinle\/","name":"No hay ganadores en el veredicto de Steinle - El Tecolote","isPartOf":{"@id":"https:\/\/eltecolote.org\/content\/#website"},"primaryImageOfPage":{"@id":"https:\/\/eltecolote.org\/content\/es\/no-hay-ganadores-en-el-veredicto-de-steinle\/#primaryimage"},"image":{"@id":"https:\/\/eltecolote.org\/content\/es\/no-hay-ganadores-en-el-veredicto-de-steinle\/#primaryimage"},"thumbnailUrl":"https:\/\/i0.wp.com\/eltecolote.org\/content\/wp-content\/uploads\/2015\/07\/Pier-Shooting_05web1.jpg?fit=864%2C576&quality=89&ssl=1","datePublished":"2017-12-14T21:58:20+00:00","description":"Editorial El 30 de noviembre \u2014el d\u00eda en que un jurado de San Francisco absolvi\u00f3 a Jos\u00e9 In\u00e9s Garc\u00eda Zarate de la tr\u00e1gica y altamente politizada muerte de","inLanguage":"en","potentialAction":[{"@type":"ReadAction","target":["https:\/\/eltecolote.org\/content\/es\/no-hay-ganadores-en-el-veredicto-de-steinle\/"]}]},{"@type":"ImageObject","inLanguage":"en","@id":"https:\/\/eltecolote.org\/content\/es\/no-hay-ganadores-en-el-veredicto-de-steinle\/#primaryimage","url":"https:\/\/i0.wp.com\/eltecolote.org\/content\/wp-content\/uploads\/2015\/07\/Pier-Shooting_05web1.jpg?fit=864%2C576&quality=89&ssl=1","contentUrl":"https:\/\/i0.wp.com\/eltecolote.org\/content\/wp-content\/uploads\/2015\/07\/Pier-Shooting_05web1.jpg?fit=864%2C576&quality=89&ssl=1","width":864,"height":576,"caption":"Un homenaje para Kathryn Steinle el 14 de julio, en el Muelle 14 en San Francisco. Steinle recibi\u00f3 un disparo en el pecho y luego falleci\u00f3 en el Hospital General de la ciudad. Foto Santiago Mej\u00eda"},{"@type":"WebSite","@id":"https:\/\/eltecolote.org\/content\/#website","url":"https:\/\/eltecolote.org\/content\/","name":"El Tecolote","description":"San Francisco's Latinx newspaper since 1970","publisher":{"@id":"https:\/\/eltecolote.org\/content\/#organization"},"potentialAction":[{"@type":"SearchAction","target":{"@type":"EntryPoint","urlTemplate":"https:\/\/eltecolote.org\/content\/?s={search_term_string}"},"query-input":{"@type":"PropertyValueSpecification","valueRequired":true,"valueName":"search_term_string"}}],"inLanguage":"en"},{"@type":"Organization","@id":"https:\/\/eltecolote.org\/content\/#organization","name":"El Tecolote","url":"https:\/\/eltecolote.org\/content\/","logo":{"@type":"ImageObject","inLanguage":"en","@id":"https:\/\/eltecolote.org\/content\/#\/schema\/logo\/image\/","url":"https:\/\/i0.wp.com\/eltecolote.org\/content\/wp-content\/uploads\/2021\/05\/ETlogo-1.jpg?fit=400%2C400&ssl=1","contentUrl":"https:\/\/i0.wp.com\/eltecolote.org\/content\/wp-content\/uploads\/2021\/05\/ETlogo-1.jpg?fit=400%2C400&ssl=1","width":400,"height":400,"caption":"El Tecolote"},"image":{"@id":"https:\/\/eltecolote.org\/content\/#\/schema\/logo\/image\/"},"sameAs":["https:\/\/www.facebook.com\/ElTecoloteSF\/","https:\/\/x.com\/eltecolotesf","https:\/\/www.instagram.com\/eltecolotesf\/"]},{"@type":"Person","@id":"https:\/\/eltecolote.org\/content\/#\/schema\/person\/08828d10185eba96895a8363a269410e","name":"El Tecolote Staff","image":{"@type":"ImageObject","inLanguage":"en","@id":"https:\/\/secure.gravatar.com\/avatar\/9534c92c8c908364e186a64d93efc86f62367109d1b07a3454facde655968589?s=96&d=mm&r=g6afcb607783e095e4cf6be807353924d","url":"https:\/\/secure.gravatar.com\/avatar\/9534c92c8c908364e186a64d93efc86f62367109d1b07a3454facde655968589?s=96&d=mm&r=g","contentUrl":"https:\/\/secure.gravatar.com\/avatar\/9534c92c8c908364e186a64d93efc86f62367109d1b07a3454facde655968589?s=96&d=mm&r=g","caption":"El Tecolote Staff"},"url":"https:\/\/eltecolote.org\/content\/author\/web-editor\/"}]}},"distributor_meta":false,"distributor_terms":false,"distributor_media":false,"distributor_original_site_name":"El Tecolote","distributor_original_site_url":"https:\/\/eltecolote.org\/content","push-errors":false,"_links":{"self":[{"href":"https:\/\/eltecolote.org\/content\/wp-json\/wp\/v2\/posts\/36503","targetHints":{"allow":["GET"]}}],"collection":[{"href":"https:\/\/eltecolote.org\/content\/wp-json\/wp\/v2\/posts"}],"about":[{"href":"https:\/\/eltecolote.org\/content\/wp-json\/wp\/v2\/types\/post"}],"author":[{"embeddable":true,"href":"https:\/\/eltecolote.org\/content\/wp-json\/wp\/v2\/users\/35"}],"replies":[{"embeddable":true,"href":"https:\/\/eltecolote.org\/content\/wp-json\/wp\/v2\/comments?post=36503"}],"version-history":[{"count":1,"href":"https:\/\/eltecolote.org\/content\/wp-json\/wp\/v2\/posts\/36503\/revisions"}],"predecessor-version":[{"id":36504,"href":"https:\/\/eltecolote.org\/content\/wp-json\/wp\/v2\/posts\/36503\/revisions\/36504"}],"wp:featuredmedia":[{"embeddable":true,"href":"https:\/\/eltecolote.org\/content\/wp-json\/wp\/v2\/media\/27342"}],"wp:attachment":[{"href":"https:\/\/eltecolote.org\/content\/wp-json\/wp\/v2\/media?parent=36503"}],"wp:term":[{"taxonomy":"category","embeddable":true,"href":"https:\/\/eltecolote.org\/content\/wp-json\/wp\/v2\/categories?post=36503"},{"taxonomy":"post_tag","embeddable":true,"href":"https:\/\/eltecolote.org\/content\/wp-json\/wp\/v2\/tags?post=36503"},{"taxonomy":"author","embeddable":true,"href":"https:\/\/eltecolote.org\/content\/wp-json\/wp\/v2\/coauthors?post=36503"}],"curies":[{"name":"wp","href":"https:\/\/api.w.org\/{rel}","templated":true}]}}