{"id":3557,"date":"2010-06-16T13:12:22","date_gmt":"2010-06-16T20:12:22","guid":{"rendered":"http:\/\/eltecolote.org\/content\/?p=3557"},"modified":"2014-12-31T13:24:53","modified_gmt":"2014-12-31T20:24:53","slug":"san-francisco-se-opone-a-colaborar-con-programa-del-ice","status":"publish","type":"post","link":"https:\/\/eltecolote.org\/content\/es\/san-francisco-se-opone-a-colaborar-con-programa-del-ice\/","title":{"rendered":"San Francisco se opone a colaborar con programa del ICE"},"content":{"rendered":"<p>La Junta de Supervisores de San Francisco aprob\u00f3 una resoluci\u00f3n por 9 votos a 2 mostrando su oposici\u00f3n al programa \u2018Comunidades seguras\u2019 del Servicio de Inmigraci\u00f3n y Control de Aduanas de EEUU (ICE por sus siglas en ingl\u00e9s).<\/p>\n<figure id=\"attachment_3559\" aria-describedby=\"caption-attachment-3559\" style=\"width: 600px\" class=\"wp-caption aligncenter\"><a href=\"https:\/\/eltecolote.org\/content\/2010\/06\/san-francisco-se-opone-a-colaborar-con-programa-del-ice\/s-com-meeting-04web-2\/\" rel=\"attachment wp-att-3559\"><img data-recalc-dims=\"1\" loading=\"lazy\" decoding=\"async\" class=\"size-large wp-image-3559\" title=\"Ramsey El-Qare\" src=\"https:\/\/i0.wp.com\/eltecolote.org\/content\/wp-content\/uploads\/2010\/06\/S-Com-Meeting-04web1.jpg?resize=600%2C399&#038;quality=89&#038;ssl=1\" alt=\"\" width=\"600\" height=\"399\" srcset=\"https:\/\/i0.wp.com\/eltecolote.org\/content\/wp-content\/uploads\/2010\/06\/S-Com-Meeting-04web1.jpg?resize=600%2C399&amp;quality=89&amp;ssl=1 600w, https:\/\/i0.wp.com\/eltecolote.org\/content\/wp-content\/uploads\/2010\/06\/S-Com-Meeting-04web1.jpg?resize=360%2C239&amp;quality=89&amp;ssl=1 360w, https:\/\/i0.wp.com\/eltecolote.org\/content\/wp-content\/uploads\/2010\/06\/S-Com-Meeting-04web1.jpg?w=1680&amp;quality=89&amp;ssl=1 1680w\" sizes=\"auto, (max-width: 600px) 100vw, 600px\" \/><\/a><figcaption id=\"caption-attachment-3559\" class=\"wp-caption-text\">Bevan Dufty, supervisor del distrito 8, interviene en la Junta de Supervisores de San Francisco el pasado 8 de junio.<\/figcaption><\/figure>\n<p>La resoluci\u00f3n afirma que el programa promueve prejuicios de talante racial, engendra desconfianza entre los agentes de polic\u00eda y las comunidades en las que patrullan y \u201chace pedazos\u201d la ordenanza de ciudad santuario. La resoluci\u00f3n insta al departamento del sheriff, al departamento de libertad condicional de menores ya otras agencias de la ciudad a no participar en este programa.<\/p>\n<p>El programa \u2018Comunidades seguras\u2019 permite a la polic\u00eda estatal y municipal comparar las huellas digitales de las personas con la base de datos de inmigraci\u00f3n del Departamento de Seguridad Nacional, autom\u00e1ticamente refiriendo violaciones migratorias al ICE.<\/p>\n<p>En la reuni\u00f3n del pasado 8 de junio de la Junta de Supervisores donde se aprob\u00f3 la resoluci\u00f3n, Eric Mar, supervisor por el distrito 1, compar\u00f3 el programa con la ley SB 1070 de Arizona, argumentando que ambas \u201cest\u00e1n injustamente dirigidas a inmigrantes y comunidades de color\u201d.<\/p>\n<p>El ICE trata de vender el programa como \u201cuna propuesta moderna para identificar y deshacerse de extranjeros criminales\u201d. Pero muchas personas en San Francisco, incluyendo al sheriff Michael Henessy, piensa que va demasiado lejos.<\/p>\n<p>En una carta al fiscal general del estado Jerry Brown el pasado 18 de mayo, Hennessey solicit\u00f3 la ayuda de Brown para no participar de la coordinaci\u00f3n con el ICE, declarando que discrepa con las leyes locales, espec\u00edficamente la Secci\u00f3n 12.H2 del C\u00f3digo Administrativo, la cual proh\u00edbe el uso de fondos de la alcald\u00eda para ayudar la aplicaci\u00f3n de leyes migratorias.<\/p>\n<p>\u201cMi departamento ya tiene un sistema en funcionamiento que denuncia a individuos al ICE y no quisiera que el programa \u2018Comunidades seguras\u2019 lo reemplazara\u201d, escribi\u00f3 Hennessey. \u201cMi departamento actualmente reporta a individuos nacidos en el extranjero que han sido arrestados por un delito grave o que a la hora de encerrarlos se les ha hallado un delito grave en su historial delictivo o que han tenido contacto con el ICE previamente en su historial criminal\u201d.<\/p>\n<p>La respuesta de Brown refut\u00f3 la solicitud del sheriff, haciendo referencia a los beneficios de la \u201cuniformidad en todo el estado\u201d en lo que se refiere a la aplicaci\u00f3n de la pol\u00edtica mnigratoria, a\u00f1adiendo que pensaba que el programa est\u00e1 dirigido ha abordar una preocupaci\u00f3n \u201cimportante y leg\u00edtima\u201d.<\/p>\n<p>\u201cPorque yo creo que este programa contribuye a la seguridad p\u00fablica y al inter\u00e9s de la justicia, yo rehuso su solicitud\u201d, escribi\u00f3 Brown. \u201cAntes del programa \u2018Comunidades seguras\u2019, era el nombre, pero no las huellas digitales, que provee un individuo al ser arrestado que se pasaba por la base de datos del ICE (\u2026) usar las huellas digitales es m\u00e1s r\u00e1pido, sin un sesgo racista del individuo y resulta una informaci\u00f3n y identificaci\u00f3n precisa\u201d.<\/p>\n<p>Pero varias personas de la comunidad que lucha por los derechos de los inmigrantes acusan al programa de ser de todo excepto exento de un sesgo racista.<\/p>\n<p>Mar dijo que la respuesta de Brown a la carta del sheriff no tiene ning\u00fan significado legal y que deber\u00eda de verse en el contexto de las aspiraciones pol\u00edticas de Brown para convertirse en el pr\u00f3ximo gobernador de California.<\/p>\n<p>\u201cEn relidad no tiene ninguna base legal\u201d, dijo Mar. \u201cEst\u00e1 basado en su creencia pol\u00edtica el hecho de que apoye este programa.\u201d<\/p>\n<p>Sean Elsebernd, supervisor del distrito 7, que vot\u00f3 en contra de la resoluci\u00f3n, dijo hacerlo porque no ten\u00eda otra opci\u00f3n.<\/p>\n<figure id=\"attachment_3558\" aria-describedby=\"caption-attachment-3558\" style=\"width: 319px\" class=\"wp-caption alignright\"><a href=\"https:\/\/eltecolote.org\/content\/2010\/06\/san-francisco-se-opone-a-colaborar-con-programa-del-ice\/s-com-meeting-0web3-2\/\" rel=\"attachment wp-att-3558\"><img data-recalc-dims=\"1\" loading=\"lazy\" decoding=\"async\" class=\"size-large wp-image-3558\" title=\"Ramsey El-Qare\" src=\"https:\/\/i0.wp.com\/eltecolote.org\/content\/wp-content\/uploads\/2010\/06\/S-Com-Meeting-0web31.jpg?resize=319%2C480&#038;quality=89&#038;ssl=1\" alt=\"\" width=\"319\" height=\"480\" srcset=\"https:\/\/i0.wp.com\/eltecolote.org\/content\/wp-content\/uploads\/2010\/06\/S-Com-Meeting-0web31.jpg?resize=319%2C480&amp;quality=89&amp;ssl=1 319w, https:\/\/i0.wp.com\/eltecolote.org\/content\/wp-content\/uploads\/2010\/06\/S-Com-Meeting-0web31.jpg?resize=600%2C902&amp;quality=89&amp;ssl=1 600w, https:\/\/i0.wp.com\/eltecolote.org\/content\/wp-content\/uploads\/2010\/06\/S-Com-Meeting-0web31.jpg?resize=166%2C250&amp;quality=89&amp;ssl=1 166w, https:\/\/i0.wp.com\/eltecolote.org\/content\/wp-content\/uploads\/2010\/06\/S-Com-Meeting-0web31.jpg?w=798&amp;quality=89&amp;ssl=1 798w\" sizes=\"auto, (max-width: 319px) 100vw, 319px\" \/><\/a><figcaption id=\"caption-attachment-3558\" class=\"wp-caption-text\">David Campos, supervisor del distrito 9, en la Junta de Supervisores de San Francisco el pasado 8 de junio. Campos y otros ocho supervisores se opusieron a colaborar con el programa \u2018Comunidades Seguras\u2019.<\/figcaption><\/figure>\n<p>\u201cLa ciudad de San Francisco no tiene la capacidad de no adherirse al programa. Quisiera que pudi\u00e9ramos\u201d, dijo. \u201cNo creo que sea necesario en<\/p>\n<p>San Francisco, pero esto es un mandato que nos impone el gobierno federal y no estamos en una posici\u00f3n de oponernos a ello\u2026 Jerry Brown dijo que no podemos, no podemos hacerlo\u201d.<\/p>\n<p>A\u00f1adi\u00f3 que hab\u00eda \u201cciertamente una posibilidad de sesgo racista\u201d como resultado de este programa y que \u201cdefinitivamente desaf\u00eda\u201d la ordenanza de ciudad santuario.<\/p>\n<p>Algunos grupos \u2014incluyendo el American Immigration Council\u2019s Immigration Policy Center\u2014 cuestionan la eficacia del programa a la hora de lograr las metas que se propone, particularmente cuando llega la hora de priorizar la aplicaci\u00f3n de la ley a individuos de alto riesgo.<\/p>\n<p>ICE ha declarado p\u00fablicamente que tiene un sistema de tres niveles a la hora de dar prioridad a los niveles de peligrosidad, siendo el \u201cnivel uno\u201d el de mayor riesgo, pero conforme a un informe de prensa temprano, admiten que de 111.000 individuos que fueron identificados a trav\u00e9s del programa \u2018Comunidades seguras\u2019 solamente 11.000 fueron considerados de alto riesgo o nivel uno.<\/p>\n<p>Un informe de prensa de una coalici\u00f3n de grupos comunitarios, entre ellos Dolores St. Community Services, expres\u00f3 las preocupaciones de la comunidad.<\/p>\n<p>Conforme al reportaje de prensa, \u201cincluso si estos miembros de nuestra comunidad son inocentes, incluso si fueran arrestados falsamente, incluso si fueran de hecho v\u00edctimas de un crimen en vez de los autores, ya no hay marcha atr\u00e1s una vez que son referidos al ICE para que los deporten. San Francisco va a perder a muchos miembros que contribuyen a la sociedad\u201d.<\/p>\n","protected":false},"excerpt":{"rendered":"<p>La Junta de Supervisores de San Francisco aprob\u00f3 una resoluci\u00f3n por 9 votos a 2 mostrando su oposici\u00f3n al programa \u2018Comunidades seguras\u2019 del ICE.<\/p>\n","protected":false},"author":8,"featured_media":0,"comment_status":"open","ping_status":"open","sticky":false,"template":"","format":"standard","meta":{"newspack_popups_has_disabled_popups":false,"newspack_featured_image_position":"","newspack_post_subtitle":"","newspack_article_summary_title":"Overview:","newspack_article_summary":"","newspack_hide_updated_date":false,"newspack_show_updated_date":false,"footnotes":""},"categories":[3519],"tags":[133,428,131,430,429,431],"coauthors":[18468],"class_list":["post-3557","post","type-post","status-publish","format-standard","hentry","category-noticias","tag-ciudad-santuario","tag-eric-mar","tag-ice","tag-jerry-brown","tag-michael-hennessey","tag-sean-elsebernd","entry"],"yoast_head":"<!-- This site is optimized with the Yoast SEO plugin v27.4 - https:\/\/yoast.com\/product\/yoast-seo-wordpress\/ -->\n<title>San Francisco se opone a colaborar con programa del ICE - El Tecolote<\/title>\n<meta name=\"description\" content=\"La Junta de Supervisores de San Francisco aprob\u00f3 una resoluci\u00f3n por 9 votos a 2 mostrando su oposici\u00f3n al programa \u2018Comunidades seguras\u2019 del ICE.\" \/>\n<meta name=\"robots\" content=\"index, follow, max-snippet:-1, max-image-preview:large, max-video-preview:-1\" \/>\n<link rel=\"canonical\" href=\"https:\/\/eltecolote.org\/content\/es\/san-francisco-se-opone-a-colaborar-con-programa-del-ice\/\" \/>\n<meta property=\"og:locale\" content=\"en_US\" \/>\n<meta property=\"og:type\" content=\"article\" \/>\n<meta property=\"og:title\" content=\"San Francisco se opone a colaborar con programa del ICE - El Tecolote\" \/>\n<meta property=\"og:description\" content=\"La Junta de Supervisores de San Francisco aprob\u00f3 una resoluci\u00f3n por 9 votos a 2 mostrando su oposici\u00f3n al programa \u2018Comunidades seguras\u2019 del ICE.\" \/>\n<meta property=\"og:url\" content=\"https:\/\/eltecolote.org\/content\/es\/san-francisco-se-opone-a-colaborar-con-programa-del-ice\/\" \/>\n<meta property=\"og:site_name\" content=\"El Tecolote\" \/>\n<meta property=\"article:publisher\" content=\"https:\/\/www.facebook.com\/ElTecoloteSF\/\" \/>\n<meta property=\"article:published_time\" content=\"2010-06-16T20:12:22+00:00\" \/>\n<meta property=\"article:modified_time\" content=\"2014-12-31T20:24:53+00:00\" \/>\n<meta property=\"og:image\" content=\"http:\/\/eltecolote.org\/content\/wp-content\/uploads\/2010\/06\/S-Com-Meeting-04web1-600x399.jpg\" \/>\n<meta name=\"author\" content=\"inaki\" \/>\n<meta name=\"twitter:card\" content=\"summary_large_image\" \/>\n<meta name=\"twitter:creator\" content=\"@eltecolotesf\" \/>\n<meta name=\"twitter:site\" content=\"@eltecolotesf\" \/>\n<meta name=\"twitter:label1\" content=\"Written by\" \/>\n\t<meta name=\"twitter:data1\" content=\"inaki\" \/>\n\t<meta name=\"twitter:label2\" content=\"Est. reading time\" \/>\n\t<meta name=\"twitter:data2\" content=\"5 minutes\" \/>\n<script type=\"application\/ld+json\" class=\"yoast-schema-graph\">{\"@context\":\"https:\\\/\\\/schema.org\",\"@graph\":[{\"@type\":\"NewsArticle\",\"@id\":\"https:\\\/\\\/eltecolote.org\\\/content\\\/es\\\/san-francisco-se-opone-a-colaborar-con-programa-del-ice\\\/#article\",\"isPartOf\":{\"@id\":\"https:\\\/\\\/eltecolote.org\\\/content\\\/es\\\/san-francisco-se-opone-a-colaborar-con-programa-del-ice\\\/\"},\"author\":{\"name\":\"inaki\",\"@id\":\"https:\\\/\\\/eltecolote.org\\\/content\\\/#\\\/schema\\\/person\\\/3d16dd415f4762c1919d5f48fb96be68\"},\"headline\":\"San Francisco se opone a colaborar con programa del ICE\",\"datePublished\":\"2010-06-16T20:12:22+00:00\",\"dateModified\":\"2014-12-31T20:24:53+00:00\",\"mainEntityOfPage\":{\"@id\":\"https:\\\/\\\/eltecolote.org\\\/content\\\/es\\\/san-francisco-se-opone-a-colaborar-con-programa-del-ice\\\/\"},\"wordCount\":961,\"commentCount\":0,\"publisher\":{\"@id\":\"https:\\\/\\\/eltecolote.org\\\/content\\\/#organization\"},\"image\":{\"@id\":\"https:\\\/\\\/eltecolote.org\\\/content\\\/es\\\/san-francisco-se-opone-a-colaborar-con-programa-del-ice\\\/#primaryimage\"},\"thumbnailUrl\":\"http:\\\/\\\/eltecolote.org\\\/content\\\/wp-content\\\/uploads\\\/2010\\\/06\\\/S-Com-Meeting-04web1-600x399.jpg\",\"keywords\":[\"ciudad santuario\",\"Eric Mar\",\"ice\",\"Jerry Brown\",\"Michael Hennessey\",\"Sean Elsebernd\"],\"articleSection\":[\"Noticias\"],\"inLanguage\":\"en\",\"potentialAction\":[{\"@type\":\"CommentAction\",\"name\":\"Comment\",\"target\":[\"https:\\\/\\\/eltecolote.org\\\/content\\\/es\\\/san-francisco-se-opone-a-colaborar-con-programa-del-ice\\\/#respond\"]}]},{\"@type\":\"WebPage\",\"@id\":\"https:\\\/\\\/eltecolote.org\\\/content\\\/es\\\/san-francisco-se-opone-a-colaborar-con-programa-del-ice\\\/\",\"url\":\"https:\\\/\\\/eltecolote.org\\\/content\\\/es\\\/san-francisco-se-opone-a-colaborar-con-programa-del-ice\\\/\",\"name\":\"San Francisco se opone a colaborar con programa del ICE - El Tecolote\",\"isPartOf\":{\"@id\":\"https:\\\/\\\/eltecolote.org\\\/content\\\/#website\"},\"primaryImageOfPage\":{\"@id\":\"https:\\\/\\\/eltecolote.org\\\/content\\\/es\\\/san-francisco-se-opone-a-colaborar-con-programa-del-ice\\\/#primaryimage\"},\"image\":{\"@id\":\"https:\\\/\\\/eltecolote.org\\\/content\\\/es\\\/san-francisco-se-opone-a-colaborar-con-programa-del-ice\\\/#primaryimage\"},\"thumbnailUrl\":\"http:\\\/\\\/eltecolote.org\\\/content\\\/wp-content\\\/uploads\\\/2010\\\/06\\\/S-Com-Meeting-04web1-600x399.jpg\",\"datePublished\":\"2010-06-16T20:12:22+00:00\",\"dateModified\":\"2014-12-31T20:24:53+00:00\",\"description\":\"La Junta de Supervisores de San Francisco aprob\u00f3 una resoluci\u00f3n por 9 votos a 2 mostrando su oposici\u00f3n al programa \u2018Comunidades seguras\u2019 del ICE.\",\"inLanguage\":\"en\",\"potentialAction\":[{\"@type\":\"ReadAction\",\"target\":[\"https:\\\/\\\/eltecolote.org\\\/content\\\/es\\\/san-francisco-se-opone-a-colaborar-con-programa-del-ice\\\/\"]}]},{\"@type\":\"ImageObject\",\"inLanguage\":\"en\",\"@id\":\"https:\\\/\\\/eltecolote.org\\\/content\\\/es\\\/san-francisco-se-opone-a-colaborar-con-programa-del-ice\\\/#primaryimage\",\"url\":\"http:\\\/\\\/eltecolote.org\\\/content\\\/wp-content\\\/uploads\\\/2010\\\/06\\\/S-Com-Meeting-04web1-600x399.jpg\",\"contentUrl\":\"http:\\\/\\\/eltecolote.org\\\/content\\\/wp-content\\\/uploads\\\/2010\\\/06\\\/S-Com-Meeting-04web1-600x399.jpg\"},{\"@type\":\"WebSite\",\"@id\":\"https:\\\/\\\/eltecolote.org\\\/content\\\/#website\",\"url\":\"https:\\\/\\\/eltecolote.org\\\/content\\\/\",\"name\":\"El Tecolote\",\"description\":\"San Francisco's Latinx newspaper since 1970\",\"publisher\":{\"@id\":\"https:\\\/\\\/eltecolote.org\\\/content\\\/#organization\"},\"potentialAction\":[{\"@type\":\"SearchAction\",\"target\":{\"@type\":\"EntryPoint\",\"urlTemplate\":\"https:\\\/\\\/eltecolote.org\\\/content\\\/?s={search_term_string}\"},\"query-input\":{\"@type\":\"PropertyValueSpecification\",\"valueRequired\":true,\"valueName\":\"search_term_string\"}}],\"inLanguage\":\"en\"},{\"@type\":\"Organization\",\"@id\":\"https:\\\/\\\/eltecolote.org\\\/content\\\/#organization\",\"name\":\"El Tecolote\",\"url\":\"https:\\\/\\\/eltecolote.org\\\/content\\\/\",\"logo\":{\"@type\":\"ImageObject\",\"inLanguage\":\"en\",\"@id\":\"https:\\\/\\\/eltecolote.org\\\/content\\\/#\\\/schema\\\/logo\\\/image\\\/\",\"url\":\"https:\\\/\\\/i0.wp.com\\\/eltecolote.org\\\/content\\\/wp-content\\\/uploads\\\/2021\\\/05\\\/ETlogo-1.jpg?fit=400%2C400&ssl=1\",\"contentUrl\":\"https:\\\/\\\/i0.wp.com\\\/eltecolote.org\\\/content\\\/wp-content\\\/uploads\\\/2021\\\/05\\\/ETlogo-1.jpg?fit=400%2C400&ssl=1\",\"width\":400,\"height\":400,\"caption\":\"El Tecolote\"},\"image\":{\"@id\":\"https:\\\/\\\/eltecolote.org\\\/content\\\/#\\\/schema\\\/logo\\\/image\\\/\"},\"sameAs\":[\"https:\\\/\\\/www.facebook.com\\\/ElTecoloteSF\\\/\",\"https:\\\/\\\/x.com\\\/eltecolotesf\",\"https:\\\/\\\/www.instagram.com\\\/eltecolotesf\\\/\"]},{\"@type\":\"Person\",\"@id\":\"https:\\\/\\\/eltecolote.org\\\/content\\\/#\\\/schema\\\/person\\\/3d16dd415f4762c1919d5f48fb96be68\",\"name\":\"inaki\",\"image\":{\"@type\":\"ImageObject\",\"inLanguage\":\"en\",\"@id\":\"https:\\\/\\\/secure.gravatar.com\\\/avatar\\\/ab6ead0932ded5b2446f1718461a6be0d4ec8d3cc15301536fd1add812db4cfd?s=96&d=mm&r=g63853c5492f171feb7b16142e206d3ec\",\"url\":\"https:\\\/\\\/secure.gravatar.com\\\/avatar\\\/ab6ead0932ded5b2446f1718461a6be0d4ec8d3cc15301536fd1add812db4cfd?s=96&d=mm&r=g\",\"contentUrl\":\"https:\\\/\\\/secure.gravatar.com\\\/avatar\\\/ab6ead0932ded5b2446f1718461a6be0d4ec8d3cc15301536fd1add812db4cfd?s=96&d=mm&r=g\",\"caption\":\"inaki\"},\"url\":\"https:\\\/\\\/eltecolote.org\\\/content\\\/author\\\/inaki\\\/\"}]}<\/script>\n<!-- \/ Yoast SEO plugin. -->","yoast_head_json":{"title":"San Francisco se opone a colaborar con programa del ICE - El Tecolote","description":"La Junta de Supervisores de San Francisco aprob\u00f3 una resoluci\u00f3n por 9 votos a 2 mostrando su oposici\u00f3n al programa \u2018Comunidades seguras\u2019 del ICE.","robots":{"index":"index","follow":"follow","max-snippet":"max-snippet:-1","max-image-preview":"max-image-preview:large","max-video-preview":"max-video-preview:-1"},"canonical":"https:\/\/eltecolote.org\/content\/es\/san-francisco-se-opone-a-colaborar-con-programa-del-ice\/","og_locale":"en_US","og_type":"article","og_title":"San Francisco se opone a colaborar con programa del ICE - El Tecolote","og_description":"La Junta de Supervisores de San Francisco aprob\u00f3 una resoluci\u00f3n por 9 votos a 2 mostrando su oposici\u00f3n al programa \u2018Comunidades seguras\u2019 del ICE.","og_url":"https:\/\/eltecolote.org\/content\/es\/san-francisco-se-opone-a-colaborar-con-programa-del-ice\/","og_site_name":"El Tecolote","article_publisher":"https:\/\/www.facebook.com\/ElTecoloteSF\/","article_published_time":"2010-06-16T20:12:22+00:00","article_modified_time":"2014-12-31T20:24:53+00:00","og_image":[{"url":"http:\/\/eltecolote.org\/content\/wp-content\/uploads\/2010\/06\/S-Com-Meeting-04web1-600x399.jpg","type":"","width":"","height":""}],"author":"inaki","twitter_card":"summary_large_image","twitter_creator":"@eltecolotesf","twitter_site":"@eltecolotesf","twitter_misc":{"Written by":"inaki","Est. reading time":"5 minutes"},"schema":{"@context":"https:\/\/schema.org","@graph":[{"@type":"NewsArticle","@id":"https:\/\/eltecolote.org\/content\/es\/san-francisco-se-opone-a-colaborar-con-programa-del-ice\/#article","isPartOf":{"@id":"https:\/\/eltecolote.org\/content\/es\/san-francisco-se-opone-a-colaborar-con-programa-del-ice\/"},"author":{"name":"inaki","@id":"https:\/\/eltecolote.org\/content\/#\/schema\/person\/3d16dd415f4762c1919d5f48fb96be68"},"headline":"San Francisco se opone a colaborar con programa del ICE","datePublished":"2010-06-16T20:12:22+00:00","dateModified":"2014-12-31T20:24:53+00:00","mainEntityOfPage":{"@id":"https:\/\/eltecolote.org\/content\/es\/san-francisco-se-opone-a-colaborar-con-programa-del-ice\/"},"wordCount":961,"commentCount":0,"publisher":{"@id":"https:\/\/eltecolote.org\/content\/#organization"},"image":{"@id":"https:\/\/eltecolote.org\/content\/es\/san-francisco-se-opone-a-colaborar-con-programa-del-ice\/#primaryimage"},"thumbnailUrl":"http:\/\/eltecolote.org\/content\/wp-content\/uploads\/2010\/06\/S-Com-Meeting-04web1-600x399.jpg","keywords":["ciudad santuario","Eric Mar","ice","Jerry Brown","Michael Hennessey","Sean Elsebernd"],"articleSection":["Noticias"],"inLanguage":"en","potentialAction":[{"@type":"CommentAction","name":"Comment","target":["https:\/\/eltecolote.org\/content\/es\/san-francisco-se-opone-a-colaborar-con-programa-del-ice\/#respond"]}]},{"@type":"WebPage","@id":"https:\/\/eltecolote.org\/content\/es\/san-francisco-se-opone-a-colaborar-con-programa-del-ice\/","url":"https:\/\/eltecolote.org\/content\/es\/san-francisco-se-opone-a-colaborar-con-programa-del-ice\/","name":"San Francisco se opone a colaborar con programa del ICE - El Tecolote","isPartOf":{"@id":"https:\/\/eltecolote.org\/content\/#website"},"primaryImageOfPage":{"@id":"https:\/\/eltecolote.org\/content\/es\/san-francisco-se-opone-a-colaborar-con-programa-del-ice\/#primaryimage"},"image":{"@id":"https:\/\/eltecolote.org\/content\/es\/san-francisco-se-opone-a-colaborar-con-programa-del-ice\/#primaryimage"},"thumbnailUrl":"http:\/\/eltecolote.org\/content\/wp-content\/uploads\/2010\/06\/S-Com-Meeting-04web1-600x399.jpg","datePublished":"2010-06-16T20:12:22+00:00","dateModified":"2014-12-31T20:24:53+00:00","description":"La Junta de Supervisores de San Francisco aprob\u00f3 una resoluci\u00f3n por 9 votos a 2 mostrando su oposici\u00f3n al programa \u2018Comunidades seguras\u2019 del ICE.","inLanguage":"en","potentialAction":[{"@type":"ReadAction","target":["https:\/\/eltecolote.org\/content\/es\/san-francisco-se-opone-a-colaborar-con-programa-del-ice\/"]}]},{"@type":"ImageObject","inLanguage":"en","@id":"https:\/\/eltecolote.org\/content\/es\/san-francisco-se-opone-a-colaborar-con-programa-del-ice\/#primaryimage","url":"http:\/\/eltecolote.org\/content\/wp-content\/uploads\/2010\/06\/S-Com-Meeting-04web1-600x399.jpg","contentUrl":"http:\/\/eltecolote.org\/content\/wp-content\/uploads\/2010\/06\/S-Com-Meeting-04web1-600x399.jpg"},{"@type":"WebSite","@id":"https:\/\/eltecolote.org\/content\/#website","url":"https:\/\/eltecolote.org\/content\/","name":"El Tecolote","description":"San Francisco's Latinx newspaper since 1970","publisher":{"@id":"https:\/\/eltecolote.org\/content\/#organization"},"potentialAction":[{"@type":"SearchAction","target":{"@type":"EntryPoint","urlTemplate":"https:\/\/eltecolote.org\/content\/?s={search_term_string}"},"query-input":{"@type":"PropertyValueSpecification","valueRequired":true,"valueName":"search_term_string"}}],"inLanguage":"en"},{"@type":"Organization","@id":"https:\/\/eltecolote.org\/content\/#organization","name":"El Tecolote","url":"https:\/\/eltecolote.org\/content\/","logo":{"@type":"ImageObject","inLanguage":"en","@id":"https:\/\/eltecolote.org\/content\/#\/schema\/logo\/image\/","url":"https:\/\/i0.wp.com\/eltecolote.org\/content\/wp-content\/uploads\/2021\/05\/ETlogo-1.jpg?fit=400%2C400&ssl=1","contentUrl":"https:\/\/i0.wp.com\/eltecolote.org\/content\/wp-content\/uploads\/2021\/05\/ETlogo-1.jpg?fit=400%2C400&ssl=1","width":400,"height":400,"caption":"El Tecolote"},"image":{"@id":"https:\/\/eltecolote.org\/content\/#\/schema\/logo\/image\/"},"sameAs":["https:\/\/www.facebook.com\/ElTecoloteSF\/","https:\/\/x.com\/eltecolotesf","https:\/\/www.instagram.com\/eltecolotesf\/"]},{"@type":"Person","@id":"https:\/\/eltecolote.org\/content\/#\/schema\/person\/3d16dd415f4762c1919d5f48fb96be68","name":"inaki","image":{"@type":"ImageObject","inLanguage":"en","@id":"https:\/\/secure.gravatar.com\/avatar\/ab6ead0932ded5b2446f1718461a6be0d4ec8d3cc15301536fd1add812db4cfd?s=96&d=mm&r=g63853c5492f171feb7b16142e206d3ec","url":"https:\/\/secure.gravatar.com\/avatar\/ab6ead0932ded5b2446f1718461a6be0d4ec8d3cc15301536fd1add812db4cfd?s=96&d=mm&r=g","contentUrl":"https:\/\/secure.gravatar.com\/avatar\/ab6ead0932ded5b2446f1718461a6be0d4ec8d3cc15301536fd1add812db4cfd?s=96&d=mm&r=g","caption":"inaki"},"url":"https:\/\/eltecolote.org\/content\/author\/inaki\/"}]}},"distributor_meta":false,"distributor_terms":false,"distributor_media":false,"distributor_original_site_name":"El Tecolote","distributor_original_site_url":"https:\/\/eltecolote.org\/content","push-errors":false,"_links":{"self":[{"href":"https:\/\/eltecolote.org\/content\/wp-json\/wp\/v2\/posts\/3557","targetHints":{"allow":["GET"]}}],"collection":[{"href":"https:\/\/eltecolote.org\/content\/wp-json\/wp\/v2\/posts"}],"about":[{"href":"https:\/\/eltecolote.org\/content\/wp-json\/wp\/v2\/types\/post"}],"author":[{"embeddable":true,"href":"https:\/\/eltecolote.org\/content\/wp-json\/wp\/v2\/users\/8"}],"replies":[{"embeddable":true,"href":"https:\/\/eltecolote.org\/content\/wp-json\/wp\/v2\/comments?post=3557"}],"version-history":[{"count":8,"href":"https:\/\/eltecolote.org\/content\/wp-json\/wp\/v2\/posts\/3557\/revisions"}],"predecessor-version":[{"id":3569,"href":"https:\/\/eltecolote.org\/content\/wp-json\/wp\/v2\/posts\/3557\/revisions\/3569"}],"wp:attachment":[{"href":"https:\/\/eltecolote.org\/content\/wp-json\/wp\/v2\/media?parent=3557"}],"wp:term":[{"taxonomy":"category","embeddable":true,"href":"https:\/\/eltecolote.org\/content\/wp-json\/wp\/v2\/categories?post=3557"},{"taxonomy":"post_tag","embeddable":true,"href":"https:\/\/eltecolote.org\/content\/wp-json\/wp\/v2\/tags?post=3557"},{"taxonomy":"author","embeddable":true,"href":"https:\/\/eltecolote.org\/content\/wp-json\/wp\/v2\/coauthors?post=3557"}],"curies":[{"name":"wp","href":"https:\/\/api.w.org\/{rel}","templated":true}]}}