{"id":3541,"date":"2010-06-16T12:13:12","date_gmt":"2010-06-16T19:13:12","guid":{"rendered":"http:\/\/eltecolote.org\/content\/?p=3541"},"modified":"2014-12-31T13:25:14","modified_gmt":"2014-12-31T20:25:14","slug":"activistas-opuestos-a-la-guerra-llenan-las-calles","status":"publish","type":"post","link":"https:\/\/eltecolote.org\/content\/es\/activistas-opuestos-a-la-guerra-llenan-las-calles\/","title":{"rendered":"Activistas opuestos a la guerra llenan las calles"},"content":{"rendered":"<p>Activistas antibelicistas tomaron las calles el 5 de junio, para protestar por el ataque israel\u00ed contra siete barcos que transportaban ayuda humanitaria para Gaza. Al menos nueve trabajadores voluntarios fueron reportados muertos y docenas gravemente heridos. Un soldado israel\u00ed fue acuchillado y dos fueron golpeados, seg\u00fan las noticias.<\/p>\n<figure id=\"attachment_3543\" aria-describedby=\"caption-attachment-3543\" style=\"width: 600px\" class=\"wp-caption aligncenter\"><a href=\"https:\/\/eltecolote.org\/content\/2010\/06\/activistas-opuestos-a-la-guerra-llenan-las-calles\/israel_flotillaprotest-2\/\" rel=\"attachment wp-att-3543\"><img data-recalc-dims=\"1\" loading=\"lazy\" decoding=\"async\" class=\"size-large wp-image-3543\" title=\"Jorge Lopez\" src=\"https:\/\/i0.wp.com\/eltecolote.org\/content\/wp-content\/uploads\/2010\/06\/Israel_FlotillaProtest1.jpg?resize=600%2C398&#038;quality=89&#038;ssl=1\" alt=\"\" width=\"600\" height=\"398\" srcset=\"https:\/\/i0.wp.com\/eltecolote.org\/content\/wp-content\/uploads\/2010\/06\/Israel_FlotillaProtest1.jpg?resize=600%2C398&amp;quality=89&amp;ssl=1 600w, https:\/\/i0.wp.com\/eltecolote.org\/content\/wp-content\/uploads\/2010\/06\/Israel_FlotillaProtest1.jpg?resize=360%2C239&amp;quality=89&amp;ssl=1 360w, https:\/\/i0.wp.com\/eltecolote.org\/content\/wp-content\/uploads\/2010\/06\/Israel_FlotillaProtest1.jpg?w=1680&amp;quality=89&amp;ssl=1 1680w\" sizes=\"auto, (max-width: 600px) 100vw, 600px\" \/><\/a><figcaption id=\"caption-attachment-3543\" class=\"wp-caption-text\">Activistas opuestos a la guerra, 5 de Junio, San Francisco<\/figcaption><\/figure>\n<p>Israel ha prohibido la entrada a Gaza \u2014patria de 1,6 millones de palestinos\u2014 de toda ayuda excepto la humanitaria b\u00e1sica durante m\u00e1s de tres a\u00f1os en un esfuerzo por combatir Hamas. El ataque sobre la Flotilla de la Libertad de Gaza, ha sido calificado por los cr\u00edticos como un acto de pirater\u00eda llevado a cabo en aguas internacionales.<\/p>\n<p>La protesta fue patrocinada por varias organizaciones, incluyendo la Coalici\u00f3n ANSWER, Palestine Youth Network, U.S. Palestinian Community Network, International Solidarity Movement, Arab Resource &amp; Organizing Center y el Arab Community and Cultural Center.<\/p>\n<figure id=\"attachment_3544\" aria-describedby=\"caption-attachment-3544\" style=\"width: 600px\" class=\"wp-caption aligncenter\"><a href=\"https:\/\/eltecolote.org\/content\/2010\/06\/activistas-opuestos-a-la-guerra-llenan-las-calles\/israel_flotillaprotest_-2\/\" rel=\"attachment wp-att-3544\"><img data-recalc-dims=\"1\" loading=\"lazy\" decoding=\"async\" class=\"size-large wp-image-3544\" title=\"Jorge Lopez\" src=\"https:\/\/i0.wp.com\/eltecolote.org\/content\/wp-content\/uploads\/2010\/06\/Israel_FlotillaProtest_1.jpg?resize=600%2C398&#038;quality=89&#038;ssl=1\" alt=\"\" width=\"600\" height=\"398\" srcset=\"https:\/\/i0.wp.com\/eltecolote.org\/content\/wp-content\/uploads\/2010\/06\/Israel_FlotillaProtest_1.jpg?resize=600%2C398&amp;quality=89&amp;ssl=1 600w, https:\/\/i0.wp.com\/eltecolote.org\/content\/wp-content\/uploads\/2010\/06\/Israel_FlotillaProtest_1.jpg?resize=360%2C239&amp;quality=89&amp;ssl=1 360w, https:\/\/i0.wp.com\/eltecolote.org\/content\/wp-content\/uploads\/2010\/06\/Israel_FlotillaProtest_1.jpg?w=1680&amp;quality=89&amp;ssl=1 1680w\" sizes=\"auto, (max-width: 600px) 100vw, 600px\" \/><\/a><figcaption id=\"caption-attachment-3544\" class=\"wp-caption-text\">Activistas opuestos a la guerra, 5 de Junio, San Francisco<\/figcaption><\/figure>\n<p>El 5 de junio representa tambi\u00e9n el 43\u00ba aniversario del comienzo de la Guerra de los Seis D\u00edas, cuando Israel lanz\u00f3 un ataque preventivo contra Egipto. Los estados \u00e1rabes de Egipto, Irak, Arabia Saudita, Sud\u00e1n y Argelia, negaron planear atacar Israel, y afirmaron que el ataque de Israel no fue preventivo sino un acto de agresi\u00f3n injustificado e ilegal. Al final de la guerra, Israel obtuvo el control de la Pen\u00ednsula del Sina\u00ed, la franja de Gaza, el banco del oeste, el este de Jerusal\u00e9n y los altos del Gol\u00e1n. Israel contin\u00faa ocupando esos territorios.<\/p>\n<p>\u2014Traducci\u00f3n Emilio Ram\u00f3n<\/p>\n","protected":false},"excerpt":{"rendered":"<p>Despu\u00e9s de la decisi\u00f3n de Israel de utilizar la fuerza militar para bloquear el paso a un barco de ayuda humanitaria con suministros m\u00e9dicos, activistas y pol\u00edticos camino a la franja de Gaza, los residentes de San Francisco salen a la calle<\/p>\n","protected":false},"author":8,"featured_media":0,"comment_status":"open","ping_status":"open","sticky":false,"template":"","format":"standard","meta":{"newspack_popups_has_disabled_popups":false,"newspack_featured_image_position":"","newspack_post_subtitle":"","newspack_article_summary_title":"Overview:","newspack_article_summary":"","newspack_hide_updated_date":false,"newspack_show_updated_date":false,"footnotes":""},"categories":[3519],"tags":[420,422,425,421,424,423],"coauthors":[18468],"class_list":["post-3541","post","type-post","status-publish","format-standard","hentry","category-noticias","tag-arab-community-and-cultural-center","tag-arab-resource-and-organizing-center","tag-coalicion-answer","tag-international-solidarity-movement","tag-palestine-youth-network","tag-us-palestinian-community-network","entry"],"yoast_head":"<!-- This site is optimized with the Yoast SEO plugin v27.4 - https:\/\/yoast.com\/product\/yoast-seo-wordpress\/ -->\n<title>Activistas opuestos a la guerra llenan las calles - El Tecolote<\/title>\n<meta name=\"description\" content=\"Despu\u00e9s de la decisi\u00f3n de Israel de utilizar la fuerza militar para bloquear el paso a un barco de ayuda humanitaria con suministros m\u00e9dicos, activistas y pol\u00edticos camino a la franja de Gaza, los residentes de San Francisco salen a la calle\" \/>\n<meta name=\"robots\" content=\"index, follow, max-snippet:-1, max-image-preview:large, max-video-preview:-1\" \/>\n<link rel=\"canonical\" href=\"https:\/\/eltecolote.org\/content\/es\/activistas-opuestos-a-la-guerra-llenan-las-calles\/\" \/>\n<meta property=\"og:locale\" content=\"en_US\" \/>\n<meta property=\"og:type\" content=\"article\" \/>\n<meta property=\"og:title\" content=\"Activistas opuestos a la guerra llenan las calles - El Tecolote\" \/>\n<meta property=\"og:description\" content=\"Despu\u00e9s de la decisi\u00f3n de Israel de utilizar la fuerza militar para bloquear el paso a un barco de ayuda humanitaria con suministros m\u00e9dicos, activistas y pol\u00edticos camino a la franja de Gaza, los residentes de San Francisco salen a la calle\" \/>\n<meta property=\"og:url\" content=\"https:\/\/eltecolote.org\/content\/es\/activistas-opuestos-a-la-guerra-llenan-las-calles\/\" \/>\n<meta property=\"og:site_name\" content=\"El Tecolote\" \/>\n<meta property=\"article:publisher\" content=\"https:\/\/www.facebook.com\/ElTecoloteSF\/\" \/>\n<meta property=\"article:published_time\" content=\"2010-06-16T19:13:12+00:00\" \/>\n<meta property=\"article:modified_time\" content=\"2014-12-31T20:25:14+00:00\" \/>\n<meta property=\"og:image\" content=\"http:\/\/eltecolote.org\/content\/wp-content\/uploads\/2010\/06\/Israel_FlotillaProtest1-600x398.jpg\" \/>\n<meta name=\"author\" content=\"inaki\" \/>\n<meta name=\"twitter:card\" content=\"summary_large_image\" \/>\n<meta name=\"twitter:creator\" content=\"@eltecolotesf\" \/>\n<meta name=\"twitter:site\" content=\"@eltecolotesf\" \/>\n<meta name=\"twitter:label1\" content=\"Written by\" \/>\n\t<meta name=\"twitter:data1\" content=\"inaki\" \/>\n\t<meta name=\"twitter:label2\" content=\"Est. reading time\" \/>\n\t<meta name=\"twitter:data2\" content=\"1 minute\" \/>\n<script type=\"application\/ld+json\" class=\"yoast-schema-graph\">{\"@context\":\"https:\\\/\\\/schema.org\",\"@graph\":[{\"@type\":\"NewsArticle\",\"@id\":\"https:\\\/\\\/eltecolote.org\\\/content\\\/es\\\/activistas-opuestos-a-la-guerra-llenan-las-calles\\\/#article\",\"isPartOf\":{\"@id\":\"https:\\\/\\\/eltecolote.org\\\/content\\\/es\\\/activistas-opuestos-a-la-guerra-llenan-las-calles\\\/\"},\"author\":{\"name\":\"inaki\",\"@id\":\"https:\\\/\\\/eltecolote.org\\\/content\\\/#\\\/schema\\\/person\\\/3d16dd415f4762c1919d5f48fb96be68\"},\"headline\":\"Activistas opuestos a la guerra llenan las calles\",\"datePublished\":\"2010-06-16T19:13:12+00:00\",\"dateModified\":\"2014-12-31T20:25:14+00:00\",\"mainEntityOfPage\":{\"@id\":\"https:\\\/\\\/eltecolote.org\\\/content\\\/es\\\/activistas-opuestos-a-la-guerra-llenan-las-calles\\\/\"},\"wordCount\":291,\"commentCount\":0,\"publisher\":{\"@id\":\"https:\\\/\\\/eltecolote.org\\\/content\\\/#organization\"},\"image\":{\"@id\":\"https:\\\/\\\/eltecolote.org\\\/content\\\/es\\\/activistas-opuestos-a-la-guerra-llenan-las-calles\\\/#primaryimage\"},\"thumbnailUrl\":\"http:\\\/\\\/eltecolote.org\\\/content\\\/wp-content\\\/uploads\\\/2010\\\/06\\\/Israel_FlotillaProtest1-600x398.jpg\",\"keywords\":[\"Arab Community and Cultural Center\",\"Arab Resource and Organizing Center\",\"Coalicion ANSWER\",\"International Solidarity Movement\",\"Palestine Youth Network\",\"US Palestinian Community Network\"],\"articleSection\":[\"Noticias\"],\"inLanguage\":\"en\",\"potentialAction\":[{\"@type\":\"CommentAction\",\"name\":\"Comment\",\"target\":[\"https:\\\/\\\/eltecolote.org\\\/content\\\/es\\\/activistas-opuestos-a-la-guerra-llenan-las-calles\\\/#respond\"]}]},{\"@type\":\"WebPage\",\"@id\":\"https:\\\/\\\/eltecolote.org\\\/content\\\/es\\\/activistas-opuestos-a-la-guerra-llenan-las-calles\\\/\",\"url\":\"https:\\\/\\\/eltecolote.org\\\/content\\\/es\\\/activistas-opuestos-a-la-guerra-llenan-las-calles\\\/\",\"name\":\"Activistas opuestos a la guerra llenan las calles - El Tecolote\",\"isPartOf\":{\"@id\":\"https:\\\/\\\/eltecolote.org\\\/content\\\/#website\"},\"primaryImageOfPage\":{\"@id\":\"https:\\\/\\\/eltecolote.org\\\/content\\\/es\\\/activistas-opuestos-a-la-guerra-llenan-las-calles\\\/#primaryimage\"},\"image\":{\"@id\":\"https:\\\/\\\/eltecolote.org\\\/content\\\/es\\\/activistas-opuestos-a-la-guerra-llenan-las-calles\\\/#primaryimage\"},\"thumbnailUrl\":\"http:\\\/\\\/eltecolote.org\\\/content\\\/wp-content\\\/uploads\\\/2010\\\/06\\\/Israel_FlotillaProtest1-600x398.jpg\",\"datePublished\":\"2010-06-16T19:13:12+00:00\",\"dateModified\":\"2014-12-31T20:25:14+00:00\",\"description\":\"Despu\u00e9s de la decisi\u00f3n de Israel de utilizar la fuerza militar para bloquear el paso a un barco de ayuda humanitaria con suministros m\u00e9dicos, activistas y pol\u00edticos camino a la franja de Gaza, los residentes de San Francisco salen a la calle\",\"inLanguage\":\"en\",\"potentialAction\":[{\"@type\":\"ReadAction\",\"target\":[\"https:\\\/\\\/eltecolote.org\\\/content\\\/es\\\/activistas-opuestos-a-la-guerra-llenan-las-calles\\\/\"]}]},{\"@type\":\"ImageObject\",\"inLanguage\":\"en\",\"@id\":\"https:\\\/\\\/eltecolote.org\\\/content\\\/es\\\/activistas-opuestos-a-la-guerra-llenan-las-calles\\\/#primaryimage\",\"url\":\"http:\\\/\\\/eltecolote.org\\\/content\\\/wp-content\\\/uploads\\\/2010\\\/06\\\/Israel_FlotillaProtest1-600x398.jpg\",\"contentUrl\":\"http:\\\/\\\/eltecolote.org\\\/content\\\/wp-content\\\/uploads\\\/2010\\\/06\\\/Israel_FlotillaProtest1-600x398.jpg\"},{\"@type\":\"WebSite\",\"@id\":\"https:\\\/\\\/eltecolote.org\\\/content\\\/#website\",\"url\":\"https:\\\/\\\/eltecolote.org\\\/content\\\/\",\"name\":\"El Tecolote\",\"description\":\"San Francisco's Latinx newspaper since 1970\",\"publisher\":{\"@id\":\"https:\\\/\\\/eltecolote.org\\\/content\\\/#organization\"},\"potentialAction\":[{\"@type\":\"SearchAction\",\"target\":{\"@type\":\"EntryPoint\",\"urlTemplate\":\"https:\\\/\\\/eltecolote.org\\\/content\\\/?s={search_term_string}\"},\"query-input\":{\"@type\":\"PropertyValueSpecification\",\"valueRequired\":true,\"valueName\":\"search_term_string\"}}],\"inLanguage\":\"en\"},{\"@type\":\"Organization\",\"@id\":\"https:\\\/\\\/eltecolote.org\\\/content\\\/#organization\",\"name\":\"El Tecolote\",\"url\":\"https:\\\/\\\/eltecolote.org\\\/content\\\/\",\"logo\":{\"@type\":\"ImageObject\",\"inLanguage\":\"en\",\"@id\":\"https:\\\/\\\/eltecolote.org\\\/content\\\/#\\\/schema\\\/logo\\\/image\\\/\",\"url\":\"https:\\\/\\\/i0.wp.com\\\/eltecolote.org\\\/content\\\/wp-content\\\/uploads\\\/2021\\\/05\\\/ETlogo-1.jpg?fit=400%2C400&ssl=1\",\"contentUrl\":\"https:\\\/\\\/i0.wp.com\\\/eltecolote.org\\\/content\\\/wp-content\\\/uploads\\\/2021\\\/05\\\/ETlogo-1.jpg?fit=400%2C400&ssl=1\",\"width\":400,\"height\":400,\"caption\":\"El Tecolote\"},\"image\":{\"@id\":\"https:\\\/\\\/eltecolote.org\\\/content\\\/#\\\/schema\\\/logo\\\/image\\\/\"},\"sameAs\":[\"https:\\\/\\\/www.facebook.com\\\/ElTecoloteSF\\\/\",\"https:\\\/\\\/x.com\\\/eltecolotesf\",\"https:\\\/\\\/www.instagram.com\\\/eltecolotesf\\\/\"]},{\"@type\":\"Person\",\"@id\":\"https:\\\/\\\/eltecolote.org\\\/content\\\/#\\\/schema\\\/person\\\/3d16dd415f4762c1919d5f48fb96be68\",\"name\":\"inaki\",\"image\":{\"@type\":\"ImageObject\",\"inLanguage\":\"en\",\"@id\":\"https:\\\/\\\/secure.gravatar.com\\\/avatar\\\/ab6ead0932ded5b2446f1718461a6be0d4ec8d3cc15301536fd1add812db4cfd?s=96&d=mm&r=g63853c5492f171feb7b16142e206d3ec\",\"url\":\"https:\\\/\\\/secure.gravatar.com\\\/avatar\\\/ab6ead0932ded5b2446f1718461a6be0d4ec8d3cc15301536fd1add812db4cfd?s=96&d=mm&r=g\",\"contentUrl\":\"https:\\\/\\\/secure.gravatar.com\\\/avatar\\\/ab6ead0932ded5b2446f1718461a6be0d4ec8d3cc15301536fd1add812db4cfd?s=96&d=mm&r=g\",\"caption\":\"inaki\"},\"url\":\"https:\\\/\\\/eltecolote.org\\\/content\\\/author\\\/inaki\\\/\"}]}<\/script>\n<!-- \/ Yoast SEO plugin. -->","yoast_head_json":{"title":"Activistas opuestos a la guerra llenan las calles - El Tecolote","description":"Despu\u00e9s de la decisi\u00f3n de Israel de utilizar la fuerza militar para bloquear el paso a un barco de ayuda humanitaria con suministros m\u00e9dicos, activistas y pol\u00edticos camino a la franja de Gaza, los residentes de San Francisco salen a la calle","robots":{"index":"index","follow":"follow","max-snippet":"max-snippet:-1","max-image-preview":"max-image-preview:large","max-video-preview":"max-video-preview:-1"},"canonical":"https:\/\/eltecolote.org\/content\/es\/activistas-opuestos-a-la-guerra-llenan-las-calles\/","og_locale":"en_US","og_type":"article","og_title":"Activistas opuestos a la guerra llenan las calles - El Tecolote","og_description":"Despu\u00e9s de la decisi\u00f3n de Israel de utilizar la fuerza militar para bloquear el paso a un barco de ayuda humanitaria con suministros m\u00e9dicos, activistas y pol\u00edticos camino a la franja de Gaza, los residentes de San Francisco salen a la calle","og_url":"https:\/\/eltecolote.org\/content\/es\/activistas-opuestos-a-la-guerra-llenan-las-calles\/","og_site_name":"El Tecolote","article_publisher":"https:\/\/www.facebook.com\/ElTecoloteSF\/","article_published_time":"2010-06-16T19:13:12+00:00","article_modified_time":"2014-12-31T20:25:14+00:00","og_image":[{"url":"http:\/\/eltecolote.org\/content\/wp-content\/uploads\/2010\/06\/Israel_FlotillaProtest1-600x398.jpg","type":"","width":"","height":""}],"author":"inaki","twitter_card":"summary_large_image","twitter_creator":"@eltecolotesf","twitter_site":"@eltecolotesf","twitter_misc":{"Written by":"inaki","Est. reading time":"1 minute"},"schema":{"@context":"https:\/\/schema.org","@graph":[{"@type":"NewsArticle","@id":"https:\/\/eltecolote.org\/content\/es\/activistas-opuestos-a-la-guerra-llenan-las-calles\/#article","isPartOf":{"@id":"https:\/\/eltecolote.org\/content\/es\/activistas-opuestos-a-la-guerra-llenan-las-calles\/"},"author":{"name":"inaki","@id":"https:\/\/eltecolote.org\/content\/#\/schema\/person\/3d16dd415f4762c1919d5f48fb96be68"},"headline":"Activistas opuestos a la guerra llenan las calles","datePublished":"2010-06-16T19:13:12+00:00","dateModified":"2014-12-31T20:25:14+00:00","mainEntityOfPage":{"@id":"https:\/\/eltecolote.org\/content\/es\/activistas-opuestos-a-la-guerra-llenan-las-calles\/"},"wordCount":291,"commentCount":0,"publisher":{"@id":"https:\/\/eltecolote.org\/content\/#organization"},"image":{"@id":"https:\/\/eltecolote.org\/content\/es\/activistas-opuestos-a-la-guerra-llenan-las-calles\/#primaryimage"},"thumbnailUrl":"http:\/\/eltecolote.org\/content\/wp-content\/uploads\/2010\/06\/Israel_FlotillaProtest1-600x398.jpg","keywords":["Arab Community and Cultural Center","Arab Resource and Organizing Center","Coalicion ANSWER","International Solidarity Movement","Palestine Youth Network","US Palestinian Community Network"],"articleSection":["Noticias"],"inLanguage":"en","potentialAction":[{"@type":"CommentAction","name":"Comment","target":["https:\/\/eltecolote.org\/content\/es\/activistas-opuestos-a-la-guerra-llenan-las-calles\/#respond"]}]},{"@type":"WebPage","@id":"https:\/\/eltecolote.org\/content\/es\/activistas-opuestos-a-la-guerra-llenan-las-calles\/","url":"https:\/\/eltecolote.org\/content\/es\/activistas-opuestos-a-la-guerra-llenan-las-calles\/","name":"Activistas opuestos a la guerra llenan las calles - El Tecolote","isPartOf":{"@id":"https:\/\/eltecolote.org\/content\/#website"},"primaryImageOfPage":{"@id":"https:\/\/eltecolote.org\/content\/es\/activistas-opuestos-a-la-guerra-llenan-las-calles\/#primaryimage"},"image":{"@id":"https:\/\/eltecolote.org\/content\/es\/activistas-opuestos-a-la-guerra-llenan-las-calles\/#primaryimage"},"thumbnailUrl":"http:\/\/eltecolote.org\/content\/wp-content\/uploads\/2010\/06\/Israel_FlotillaProtest1-600x398.jpg","datePublished":"2010-06-16T19:13:12+00:00","dateModified":"2014-12-31T20:25:14+00:00","description":"Despu\u00e9s de la decisi\u00f3n de Israel de utilizar la fuerza militar para bloquear el paso a un barco de ayuda humanitaria con suministros m\u00e9dicos, activistas y pol\u00edticos camino a la franja de Gaza, los residentes de San Francisco salen a la calle","inLanguage":"en","potentialAction":[{"@type":"ReadAction","target":["https:\/\/eltecolote.org\/content\/es\/activistas-opuestos-a-la-guerra-llenan-las-calles\/"]}]},{"@type":"ImageObject","inLanguage":"en","@id":"https:\/\/eltecolote.org\/content\/es\/activistas-opuestos-a-la-guerra-llenan-las-calles\/#primaryimage","url":"http:\/\/eltecolote.org\/content\/wp-content\/uploads\/2010\/06\/Israel_FlotillaProtest1-600x398.jpg","contentUrl":"http:\/\/eltecolote.org\/content\/wp-content\/uploads\/2010\/06\/Israel_FlotillaProtest1-600x398.jpg"},{"@type":"WebSite","@id":"https:\/\/eltecolote.org\/content\/#website","url":"https:\/\/eltecolote.org\/content\/","name":"El Tecolote","description":"San Francisco's Latinx newspaper since 1970","publisher":{"@id":"https:\/\/eltecolote.org\/content\/#organization"},"potentialAction":[{"@type":"SearchAction","target":{"@type":"EntryPoint","urlTemplate":"https:\/\/eltecolote.org\/content\/?s={search_term_string}"},"query-input":{"@type":"PropertyValueSpecification","valueRequired":true,"valueName":"search_term_string"}}],"inLanguage":"en"},{"@type":"Organization","@id":"https:\/\/eltecolote.org\/content\/#organization","name":"El Tecolote","url":"https:\/\/eltecolote.org\/content\/","logo":{"@type":"ImageObject","inLanguage":"en","@id":"https:\/\/eltecolote.org\/content\/#\/schema\/logo\/image\/","url":"https:\/\/i0.wp.com\/eltecolote.org\/content\/wp-content\/uploads\/2021\/05\/ETlogo-1.jpg?fit=400%2C400&ssl=1","contentUrl":"https:\/\/i0.wp.com\/eltecolote.org\/content\/wp-content\/uploads\/2021\/05\/ETlogo-1.jpg?fit=400%2C400&ssl=1","width":400,"height":400,"caption":"El Tecolote"},"image":{"@id":"https:\/\/eltecolote.org\/content\/#\/schema\/logo\/image\/"},"sameAs":["https:\/\/www.facebook.com\/ElTecoloteSF\/","https:\/\/x.com\/eltecolotesf","https:\/\/www.instagram.com\/eltecolotesf\/"]},{"@type":"Person","@id":"https:\/\/eltecolote.org\/content\/#\/schema\/person\/3d16dd415f4762c1919d5f48fb96be68","name":"inaki","image":{"@type":"ImageObject","inLanguage":"en","@id":"https:\/\/secure.gravatar.com\/avatar\/ab6ead0932ded5b2446f1718461a6be0d4ec8d3cc15301536fd1add812db4cfd?s=96&d=mm&r=g63853c5492f171feb7b16142e206d3ec","url":"https:\/\/secure.gravatar.com\/avatar\/ab6ead0932ded5b2446f1718461a6be0d4ec8d3cc15301536fd1add812db4cfd?s=96&d=mm&r=g","contentUrl":"https:\/\/secure.gravatar.com\/avatar\/ab6ead0932ded5b2446f1718461a6be0d4ec8d3cc15301536fd1add812db4cfd?s=96&d=mm&r=g","caption":"inaki"},"url":"https:\/\/eltecolote.org\/content\/author\/inaki\/"}]}},"distributor_meta":false,"distributor_terms":false,"distributor_media":false,"distributor_original_site_name":"El Tecolote","distributor_original_site_url":"https:\/\/eltecolote.org\/content","push-errors":false,"_links":{"self":[{"href":"https:\/\/eltecolote.org\/content\/wp-json\/wp\/v2\/posts\/3541","targetHints":{"allow":["GET"]}}],"collection":[{"href":"https:\/\/eltecolote.org\/content\/wp-json\/wp\/v2\/posts"}],"about":[{"href":"https:\/\/eltecolote.org\/content\/wp-json\/wp\/v2\/types\/post"}],"author":[{"embeddable":true,"href":"https:\/\/eltecolote.org\/content\/wp-json\/wp\/v2\/users\/8"}],"replies":[{"embeddable":true,"href":"https:\/\/eltecolote.org\/content\/wp-json\/wp\/v2\/comments?post=3541"}],"version-history":[{"count":8,"href":"https:\/\/eltecolote.org\/content\/wp-json\/wp\/v2\/posts\/3541\/revisions"}],"predecessor-version":[{"id":3575,"href":"https:\/\/eltecolote.org\/content\/wp-json\/wp\/v2\/posts\/3541\/revisions\/3575"}],"wp:attachment":[{"href":"https:\/\/eltecolote.org\/content\/wp-json\/wp\/v2\/media?parent=3541"}],"wp:term":[{"taxonomy":"category","embeddable":true,"href":"https:\/\/eltecolote.org\/content\/wp-json\/wp\/v2\/categories?post=3541"},{"taxonomy":"post_tag","embeddable":true,"href":"https:\/\/eltecolote.org\/content\/wp-json\/wp\/v2\/tags?post=3541"},{"taxonomy":"author","embeddable":true,"href":"https:\/\/eltecolote.org\/content\/wp-json\/wp\/v2\/coauthors?post=3541"}],"curies":[{"name":"wp","href":"https:\/\/api.w.org\/{rel}","templated":true}]}}