{"id":34861,"date":"2017-07-28T13:16:13","date_gmt":"2017-07-28T20:16:13","guid":{"rendered":"http:\/\/eltecolote.org\/content\/?p=34861"},"modified":"2017-07-28T13:16:13","modified_gmt":"2017-07-28T20:16:13","slug":"jovenes-activistas-luchan-por-una-segunda-oportunidad-para-inmigrantes-con-antecedente-criminal","status":"publish","type":"post","link":"https:\/\/eltecolote.org\/content\/es\/jovenes-activistas-luchan-por-una-segunda-oportunidad-para-inmigrantes-con-antecedente-criminal\/","title":{"rendered":"J\u00f3venes activistas luchan por una segunda oportunidad para inmigrantes con antecedente criminal"},"content":{"rendered":"<p class=\"p1\">[su_carousel source=&#8221;media: 34862,34863,34864&#8243; limit=&#8221;65&#8243; link=&#8221;lightbox&#8221; target=&#8221;blank&#8221; width=&#8221;800&#8243; height=&#8221;540&#8243; responsive=&#8221;no&#8221; items=&#8221;1&#8243;]<\/p>\n<p class=\"p1\"><b><\/b>En una era donde los inmigrantes con antecedentes criminales se est\u00e1n utilizando para justificar la orientaci\u00f3n de las comunidades indocumentadas, un activista est\u00e1 tratando de convertirse en voz para todos los inmigrantes indocumentados, incluyendo aquellos con antecedentes criminales.<\/p>\n<p class=\"p5\">Wei Lee, un organizador de la comunidad de ASPIRE (Estudiantes asi\u00e1ticos promoviendo los derechos de los inmigrantes a trav\u00e9s de la educaci\u00f3n), un programa de Asian Americans Advancing Justice, un Asian Law Caucus ubicado cerca del barrio chino, se opone a la idea, introducida por la administraci\u00f3n Obama e impulsada por Trump, de que los \u2018delincuentes no las familias\u2019 deben ser objeto de deportaci\u00f3n. Lee cree que cada inmigrante, incluso aquellos con antecedentes criminales, merece una segunda oportunidad en este pa\u00eds.<\/p>\n<p class=\"p5\">\u00c9tnicamente chino, de 28 a\u00f1os de edad, Lee naci\u00f3 y se cri\u00f3 en Brasil, aunque junto con su familia lleg\u00f3 a los EEUU con una visa de turista para huir de la violencia \u00e9tnica. Despu\u00e9s de seis meses, los visados \u200b\u200btur\u00edsticos de la familia expiraron, dej\u00e1ndolos completamente indocumentados. Despu\u00e9s de recibir asesoramiento jur\u00eddico, Lee y su familia decidieron solicitar una protecci\u00f3n otorgada a quienes huyen de su pa\u00eds como refugiados.<\/p>\n<p class=\"p5\">Lee vive actualmente en San Francisco con una visa U, una visa especial que permite a las v\u00edctimas (y a sus familiares) de abuso mental o f\u00edsico vivir temporalmente y trabajar en el pa\u00eds a cambio de ayudar a las fuerzas del orden y a los funcionarios gubernamentales a investigar y procesar la actividad criminal que las v\u00edctimas han experimentado.<\/p>\n<p class=\"p5\">Despu\u00e9s de graduarse de la universidad de Santa Cruz se uni\u00f3 a ASPIRE, que eventualmente le llev\u00f3 a un camino de organizaci\u00f3n con grupos afiliados no gubernamentales. Lee no ha sido disuadido por la administraci\u00f3n Trump, s\u00f3lo ha incrementado su deseo de activismo.<\/p>\n<p class=\"p5\">\u201cDespu\u00e9s de las elecciones, la gente pens\u00f3 \u2018los inmigrantes van a sufrir\u2019, pero la verdad es que ya hemos vivido oprimidos\u201d, dijo Lee. \u201cSomos muy afortunados de tener fuertes pol\u00edticas de ciudad santuario&#8230; pero s\u00f3lo porque vivimos en una ciudad santuario, no significa que la gente no pueda ser deportada\u201d.<\/p>\n<p class=\"p5\">Lee entiende bien la conexi\u00f3n entre el sistema de justicia penal y el proceso de deportaci\u00f3n.<\/p>\n<p class=\"p5\">Uno de los compa\u00f1eros de trabajo de Lee, que pidi\u00f3 ser referido como Daniel, ha estado luchando para quedarse en los EEUU. Daniel naci\u00f3 en un campo de refugiados en Tailandia, pero despu\u00e9s de dos a\u00f1os, \u00e9l y su familia huyeron de Laos y se establecieron en Stockton, California.<\/p>\n<p class=\"p5\">\u201cNo ten\u00edamos muchos recursos\u201d, dijo. Crecio con mucha excasez por lo que estaba decidido a aprender sobre la cultura estadounidense, asi como a leer y escribir. Pero a los 17 a\u00f1os, su hermano fue asesinado, y finalmente Daniel cay\u00f3 en depresi\u00f3n. Tres meses despu\u00e9s de la muerte de su hermano fue condenado por un delito, juzgado como adulto y sentenciado a 27 a\u00f1os de prisi\u00f3n.<\/p>\n<p class=\"p5\">Daniel explic\u00f3 c\u00f3mo se acerc\u00f3 a la fe y la educaci\u00f3n para poder superar esos tiempos dif\u00edciles. Despu\u00e9s de 20 a\u00f1os, era elegible para la libertad condicional, la cual le fue otorgada por el gobernador y fue puesto en libertad.<\/p>\n<p class=\"p5\">Mientras estaban en prisi\u00f3n, sus padres murieron. Cuando termin\u00f3 su sentencia pens\u00f3 podr\u00eda reunirse con el resto de su familia, sin embargo fue enviado a un centro de detenci\u00f3n de inmigraci\u00f3n para esperar el procedimiento de deportaci\u00f3n.<\/p>\n<p class=\"p5\">\u201cTem\u00eda que me enviaran a un pa\u00eds en el que nunca puse los pies\u201d, dijo. Daniel finalmente se puso en contacto con ASPIRE con la esperanza de alertar sobre los indocumentados que tienen pasado criminal. \u201cCreo en las segundas oportunidades\u201d, dijo. \u201cY necesitamos apoyar a nuestra comunidad de inmigrantes\u201d.<\/p>\n<p class=\"p5\">Daniel y sus colegas est\u00e1n trabajando para evitar que el sistema de justicia criminal se entreteja m\u00e1s con el sistema de inmigraci\u00f3n. En los tres meses desde su liberaci\u00f3n, Daniel ha logrado encontrar un trabajo sirviendo a su comunidad en una ciudad que promete proteger a los indocumentados y vulnerables.<\/p>\n<p class=\"p5\">Despu\u00e9s de ser liberado de la custodia de ICE en febrero, Daniel pas\u00f3 sus primeros minutos de libertad en las oficinas de Advancing Justice, el lugar donde ahora trabaja. Daniel organiz\u00f3 un panel el mes pasado titulado \u2018M\u00e1s all\u00e1 de las prisiones\u2019, donde promovi\u00f3 su trabajo para humanizar a inmigrantes con antecedentes criminales que estan en prisi\u00f3n.<\/p>\n<p class=\"p5\">\u201cLa mayor\u00eda de nosotros estamos tratando de cambiar nuestras vidas\u201d, dijo Daniel. \u201cHay un mont\u00f3n de factores clave que van detr\u00e1s de una persona que cometi\u00f3 un crimen, pero que no debe definirnos\u201d.<\/p>\n","protected":false},"excerpt":{"rendered":"<p>[su_carousel source=&#8221;media: 34862,34863,34864&#8243; limit=&#8221;65&#8243; link=&#8221;lightbox&#8221; target=&#8221;blank&#8221; width=&#8221;800&#8243; height=&#8221;540&#8243; responsive=&#8221;no&#8221; items=&#8221;1&#8243;] En una era donde los inmigrantes con antecedentes criminales se est\u00e1n utilizando para justificar la orientaci\u00f3n de las comunidades indocumentadas, un activista est\u00e1 tratando de convertirse en voz para todos los inmigrantes indocumentados, incluyendo aquellos con antecedentes criminales. Wei Lee, un organizador de la comunidad [&hellip;]<\/p>\n","protected":false},"author":35,"featured_media":34862,"comment_status":"open","ping_status":"closed","sticky":false,"template":"","format":"standard","meta":{"newspack_popups_has_disabled_popups":false,"newspack_featured_image_position":"","newspack_post_subtitle":"","newspack_article_summary_title":"Overview:","newspack_article_summary":"","newspack_hide_updated_date":false,"newspack_show_updated_date":false,"footnotes":""},"categories":[3519],"tags":[14398,14402,14400,14404,6025],"coauthors":[],"class_list":["post-34861","post","type-post","status-publish","format-standard","has-post-thumbnail","hentry","category-noticias","tag-asian-americans-advancing-justice","tag-aspire-es","tag-un-asian-law-caucus","tag-undocumented-youth","tag-wei-lee","entry"],"yoast_head":"<!-- This site is optimized with the Yoast SEO plugin v27.5 - https:\/\/yoast.com\/product\/yoast-seo-wordpress\/ -->\n<title>J\u00f3venes activistas luchan por una segunda oportunidad para inmigrantes con antecedente criminal - El Tecolote<\/title>\n<meta name=\"description\" content=\"En una era donde los inmigrantes con antecedentes criminales se est\u00e1n utilizando para justificar la orientaci\u00f3n de las comunidades indocumentadas, un\" \/>\n<meta name=\"robots\" content=\"index, follow, max-snippet:-1, max-image-preview:large, max-video-preview:-1\" \/>\n<link rel=\"canonical\" href=\"https:\/\/eltecolote.org\/content\/es\/jovenes-activistas-luchan-por-una-segunda-oportunidad-para-inmigrantes-con-antecedente-criminal\/\" \/>\n<meta property=\"og:locale\" content=\"en_US\" \/>\n<meta property=\"og:type\" content=\"article\" \/>\n<meta property=\"og:title\" content=\"J\u00f3venes activistas luchan por una segunda oportunidad para inmigrantes con antecedente criminal - El Tecolote\" \/>\n<meta property=\"og:description\" content=\"En una era donde los inmigrantes con antecedentes criminales se est\u00e1n utilizando para justificar la orientaci\u00f3n de las comunidades indocumentadas, un\" \/>\n<meta property=\"og:url\" content=\"https:\/\/eltecolote.org\/content\/es\/jovenes-activistas-luchan-por-una-segunda-oportunidad-para-inmigrantes-con-antecedente-criminal\/\" \/>\n<meta property=\"og:site_name\" content=\"El Tecolote\" \/>\n<meta property=\"article:publisher\" content=\"https:\/\/www.facebook.com\/ElTecoloteSF\/\" \/>\n<meta property=\"article:published_time\" content=\"2017-07-28T20:16:13+00:00\" \/>\n<meta property=\"og:image\" content=\"https:\/\/i0.wp.com\/eltecolote.org\/content\/wp-content\/uploads\/2017\/07\/Undocuseries_01web-3.jpg?fit=864%2C576&ssl=1\" \/>\n\t<meta property=\"og:image:width\" content=\"864\" \/>\n\t<meta property=\"og:image:height\" content=\"576\" \/>\n\t<meta property=\"og:image:type\" content=\"image\/jpeg\" \/>\n<meta name=\"author\" content=\"El Tecolote Staff\" \/>\n<meta name=\"twitter:card\" content=\"summary_large_image\" \/>\n<meta name=\"twitter:creator\" content=\"@eltecolotesf\" \/>\n<meta name=\"twitter:site\" content=\"@eltecolotesf\" \/>\n<meta name=\"twitter:label1\" content=\"Written by\" \/>\n\t<meta name=\"twitter:data1\" content=\"El Tecolote Staff\" \/>\n\t<meta name=\"twitter:label2\" content=\"Est. reading time\" \/>\n\t<meta name=\"twitter:data2\" content=\"4 minutes\" \/>\n<script type=\"application\/ld+json\" class=\"yoast-schema-graph\">{\"@context\":\"https:\\\/\\\/schema.org\",\"@graph\":[{\"@type\":\"NewsArticle\",\"@id\":\"https:\\\/\\\/eltecolote.org\\\/content\\\/es\\\/jovenes-activistas-luchan-por-una-segunda-oportunidad-para-inmigrantes-con-antecedente-criminal\\\/#article\",\"isPartOf\":{\"@id\":\"https:\\\/\\\/eltecolote.org\\\/content\\\/es\\\/jovenes-activistas-luchan-por-una-segunda-oportunidad-para-inmigrantes-con-antecedente-criminal\\\/\"},\"author\":{\"name\":\"El Tecolote Staff\",\"@id\":\"https:\\\/\\\/eltecolote.org\\\/content\\\/#\\\/schema\\\/person\\\/08828d10185eba96895a8363a269410e\"},\"headline\":\"J\u00f3venes activistas luchan por una segunda oportunidad para inmigrantes con antecedente criminal\",\"datePublished\":\"2017-07-28T20:16:13+00:00\",\"mainEntityOfPage\":{\"@id\":\"https:\\\/\\\/eltecolote.org\\\/content\\\/es\\\/jovenes-activistas-luchan-por-una-segunda-oportunidad-para-inmigrantes-con-antecedente-criminal\\\/\"},\"wordCount\":821,\"commentCount\":0,\"publisher\":{\"@id\":\"https:\\\/\\\/eltecolote.org\\\/content\\\/#organization\"},\"image\":{\"@id\":\"https:\\\/\\\/eltecolote.org\\\/content\\\/es\\\/jovenes-activistas-luchan-por-una-segunda-oportunidad-para-inmigrantes-con-antecedente-criminal\\\/#primaryimage\"},\"thumbnailUrl\":\"https:\\\/\\\/i0.wp.com\\\/eltecolote.org\\\/content\\\/wp-content\\\/uploads\\\/2017\\\/07\\\/Undocuseries_01web-3.jpg?fit=864%2C576&quality=89&ssl=1\",\"keywords\":[\"Asian Americans Advancing Justice\",\"ASPIRE\",\"un Asian Law Caucus\",\"Undocumented youth\",\"Wei Lee\"],\"articleSection\":[\"Noticias\"],\"inLanguage\":\"en\",\"potentialAction\":[{\"@type\":\"CommentAction\",\"name\":\"Comment\",\"target\":[\"https:\\\/\\\/eltecolote.org\\\/content\\\/es\\\/jovenes-activistas-luchan-por-una-segunda-oportunidad-para-inmigrantes-con-antecedente-criminal\\\/#respond\"]}]},{\"@type\":\"WebPage\",\"@id\":\"https:\\\/\\\/eltecolote.org\\\/content\\\/es\\\/jovenes-activistas-luchan-por-una-segunda-oportunidad-para-inmigrantes-con-antecedente-criminal\\\/\",\"url\":\"https:\\\/\\\/eltecolote.org\\\/content\\\/es\\\/jovenes-activistas-luchan-por-una-segunda-oportunidad-para-inmigrantes-con-antecedente-criminal\\\/\",\"name\":\"J\u00f3venes activistas luchan por una segunda oportunidad para inmigrantes con antecedente criminal - El Tecolote\",\"isPartOf\":{\"@id\":\"https:\\\/\\\/eltecolote.org\\\/content\\\/#website\"},\"primaryImageOfPage\":{\"@id\":\"https:\\\/\\\/eltecolote.org\\\/content\\\/es\\\/jovenes-activistas-luchan-por-una-segunda-oportunidad-para-inmigrantes-con-antecedente-criminal\\\/#primaryimage\"},\"image\":{\"@id\":\"https:\\\/\\\/eltecolote.org\\\/content\\\/es\\\/jovenes-activistas-luchan-por-una-segunda-oportunidad-para-inmigrantes-con-antecedente-criminal\\\/#primaryimage\"},\"thumbnailUrl\":\"https:\\\/\\\/i0.wp.com\\\/eltecolote.org\\\/content\\\/wp-content\\\/uploads\\\/2017\\\/07\\\/Undocuseries_01web-3.jpg?fit=864%2C576&quality=89&ssl=1\",\"datePublished\":\"2017-07-28T20:16:13+00:00\",\"description\":\"En una era donde los inmigrantes con antecedentes criminales se est\u00e1n utilizando para justificar la orientaci\u00f3n de las comunidades indocumentadas, un\",\"inLanguage\":\"en\",\"potentialAction\":[{\"@type\":\"ReadAction\",\"target\":[\"https:\\\/\\\/eltecolote.org\\\/content\\\/es\\\/jovenes-activistas-luchan-por-una-segunda-oportunidad-para-inmigrantes-con-antecedente-criminal\\\/\"]}]},{\"@type\":\"ImageObject\",\"inLanguage\":\"en\",\"@id\":\"https:\\\/\\\/eltecolote.org\\\/content\\\/es\\\/jovenes-activistas-luchan-por-una-segunda-oportunidad-para-inmigrantes-con-antecedente-criminal\\\/#primaryimage\",\"url\":\"https:\\\/\\\/i0.wp.com\\\/eltecolote.org\\\/content\\\/wp-content\\\/uploads\\\/2017\\\/07\\\/Undocuseries_01web-3.jpg?fit=864%2C576&quality=89&ssl=1\",\"contentUrl\":\"https:\\\/\\\/i0.wp.com\\\/eltecolote.org\\\/content\\\/wp-content\\\/uploads\\\/2017\\\/07\\\/Undocuseries_01web-3.jpg?fit=864%2C576&quality=89&ssl=1\",\"width\":864,\"height\":576,\"caption\":\"Wei Lee, coordinador del programa ASPIRE para Asian Americans Advancing Justice, y Asian Law Caucus en San Francisco, California, el lunes 10 de julio de 2017. Foto: Jessica Webb\"},{\"@type\":\"WebSite\",\"@id\":\"https:\\\/\\\/eltecolote.org\\\/content\\\/#website\",\"url\":\"https:\\\/\\\/eltecolote.org\\\/content\\\/\",\"name\":\"El Tecolote\",\"description\":\"San Francisco's Latinx newspaper since 1970\",\"publisher\":{\"@id\":\"https:\\\/\\\/eltecolote.org\\\/content\\\/#organization\"},\"potentialAction\":[{\"@type\":\"SearchAction\",\"target\":{\"@type\":\"EntryPoint\",\"urlTemplate\":\"https:\\\/\\\/eltecolote.org\\\/content\\\/?s={search_term_string}\"},\"query-input\":{\"@type\":\"PropertyValueSpecification\",\"valueRequired\":true,\"valueName\":\"search_term_string\"}}],\"inLanguage\":\"en\"},{\"@type\":\"Organization\",\"@id\":\"https:\\\/\\\/eltecolote.org\\\/content\\\/#organization\",\"name\":\"El Tecolote\",\"url\":\"https:\\\/\\\/eltecolote.org\\\/content\\\/\",\"logo\":{\"@type\":\"ImageObject\",\"inLanguage\":\"en\",\"@id\":\"https:\\\/\\\/eltecolote.org\\\/content\\\/#\\\/schema\\\/logo\\\/image\\\/\",\"url\":\"https:\\\/\\\/i0.wp.com\\\/eltecolote.org\\\/content\\\/wp-content\\\/uploads\\\/2021\\\/05\\\/ETlogo-1.jpg?fit=400%2C400&ssl=1\",\"contentUrl\":\"https:\\\/\\\/i0.wp.com\\\/eltecolote.org\\\/content\\\/wp-content\\\/uploads\\\/2021\\\/05\\\/ETlogo-1.jpg?fit=400%2C400&ssl=1\",\"width\":400,\"height\":400,\"caption\":\"El Tecolote\"},\"image\":{\"@id\":\"https:\\\/\\\/eltecolote.org\\\/content\\\/#\\\/schema\\\/logo\\\/image\\\/\"},\"sameAs\":[\"https:\\\/\\\/www.facebook.com\\\/ElTecoloteSF\\\/\",\"https:\\\/\\\/x.com\\\/eltecolotesf\",\"https:\\\/\\\/www.instagram.com\\\/eltecolotesf\\\/\"]},{\"@type\":\"Person\",\"@id\":\"https:\\\/\\\/eltecolote.org\\\/content\\\/#\\\/schema\\\/person\\\/08828d10185eba96895a8363a269410e\",\"name\":\"El Tecolote Staff\",\"image\":{\"@type\":\"ImageObject\",\"inLanguage\":\"en\",\"@id\":\"https:\\\/\\\/secure.gravatar.com\\\/avatar\\\/9534c92c8c908364e186a64d93efc86f62367109d1b07a3454facde655968589?s=96&d=mm&r=g6afcb607783e095e4cf6be807353924d\",\"url\":\"https:\\\/\\\/secure.gravatar.com\\\/avatar\\\/9534c92c8c908364e186a64d93efc86f62367109d1b07a3454facde655968589?s=96&d=mm&r=g\",\"contentUrl\":\"https:\\\/\\\/secure.gravatar.com\\\/avatar\\\/9534c92c8c908364e186a64d93efc86f62367109d1b07a3454facde655968589?s=96&d=mm&r=g\",\"caption\":\"El Tecolote Staff\"},\"url\":\"https:\\\/\\\/eltecolote.org\\\/content\\\/author\\\/web-editor\\\/\"}]}<\/script>\n<!-- \/ Yoast SEO plugin. -->","yoast_head_json":{"title":"J\u00f3venes activistas luchan por una segunda oportunidad para inmigrantes con antecedente criminal - El Tecolote","description":"En una era donde los inmigrantes con antecedentes criminales se est\u00e1n utilizando para justificar la orientaci\u00f3n de las comunidades indocumentadas, un","robots":{"index":"index","follow":"follow","max-snippet":"max-snippet:-1","max-image-preview":"max-image-preview:large","max-video-preview":"max-video-preview:-1"},"canonical":"https:\/\/eltecolote.org\/content\/es\/jovenes-activistas-luchan-por-una-segunda-oportunidad-para-inmigrantes-con-antecedente-criminal\/","og_locale":"en_US","og_type":"article","og_title":"J\u00f3venes activistas luchan por una segunda oportunidad para inmigrantes con antecedente criminal - El Tecolote","og_description":"En una era donde los inmigrantes con antecedentes criminales se est\u00e1n utilizando para justificar la orientaci\u00f3n de las comunidades indocumentadas, un","og_url":"https:\/\/eltecolote.org\/content\/es\/jovenes-activistas-luchan-por-una-segunda-oportunidad-para-inmigrantes-con-antecedente-criminal\/","og_site_name":"El Tecolote","article_publisher":"https:\/\/www.facebook.com\/ElTecoloteSF\/","article_published_time":"2017-07-28T20:16:13+00:00","og_image":[{"width":864,"height":576,"url":"https:\/\/i0.wp.com\/eltecolote.org\/content\/wp-content\/uploads\/2017\/07\/Undocuseries_01web-3.jpg?fit=864%2C576&ssl=1","type":"image\/jpeg"}],"author":"El Tecolote Staff","twitter_card":"summary_large_image","twitter_creator":"@eltecolotesf","twitter_site":"@eltecolotesf","twitter_misc":{"Written by":"El Tecolote Staff","Est. reading time":"4 minutes"},"schema":{"@context":"https:\/\/schema.org","@graph":[{"@type":"NewsArticle","@id":"https:\/\/eltecolote.org\/content\/es\/jovenes-activistas-luchan-por-una-segunda-oportunidad-para-inmigrantes-con-antecedente-criminal\/#article","isPartOf":{"@id":"https:\/\/eltecolote.org\/content\/es\/jovenes-activistas-luchan-por-una-segunda-oportunidad-para-inmigrantes-con-antecedente-criminal\/"},"author":{"name":"El Tecolote Staff","@id":"https:\/\/eltecolote.org\/content\/#\/schema\/person\/08828d10185eba96895a8363a269410e"},"headline":"J\u00f3venes activistas luchan por una segunda oportunidad para inmigrantes con antecedente criminal","datePublished":"2017-07-28T20:16:13+00:00","mainEntityOfPage":{"@id":"https:\/\/eltecolote.org\/content\/es\/jovenes-activistas-luchan-por-una-segunda-oportunidad-para-inmigrantes-con-antecedente-criminal\/"},"wordCount":821,"commentCount":0,"publisher":{"@id":"https:\/\/eltecolote.org\/content\/#organization"},"image":{"@id":"https:\/\/eltecolote.org\/content\/es\/jovenes-activistas-luchan-por-una-segunda-oportunidad-para-inmigrantes-con-antecedente-criminal\/#primaryimage"},"thumbnailUrl":"https:\/\/i0.wp.com\/eltecolote.org\/content\/wp-content\/uploads\/2017\/07\/Undocuseries_01web-3.jpg?fit=864%2C576&quality=89&ssl=1","keywords":["Asian Americans Advancing Justice","ASPIRE","un Asian Law Caucus","Undocumented youth","Wei Lee"],"articleSection":["Noticias"],"inLanguage":"en","potentialAction":[{"@type":"CommentAction","name":"Comment","target":["https:\/\/eltecolote.org\/content\/es\/jovenes-activistas-luchan-por-una-segunda-oportunidad-para-inmigrantes-con-antecedente-criminal\/#respond"]}]},{"@type":"WebPage","@id":"https:\/\/eltecolote.org\/content\/es\/jovenes-activistas-luchan-por-una-segunda-oportunidad-para-inmigrantes-con-antecedente-criminal\/","url":"https:\/\/eltecolote.org\/content\/es\/jovenes-activistas-luchan-por-una-segunda-oportunidad-para-inmigrantes-con-antecedente-criminal\/","name":"J\u00f3venes activistas luchan por una segunda oportunidad para inmigrantes con antecedente criminal - El Tecolote","isPartOf":{"@id":"https:\/\/eltecolote.org\/content\/#website"},"primaryImageOfPage":{"@id":"https:\/\/eltecolote.org\/content\/es\/jovenes-activistas-luchan-por-una-segunda-oportunidad-para-inmigrantes-con-antecedente-criminal\/#primaryimage"},"image":{"@id":"https:\/\/eltecolote.org\/content\/es\/jovenes-activistas-luchan-por-una-segunda-oportunidad-para-inmigrantes-con-antecedente-criminal\/#primaryimage"},"thumbnailUrl":"https:\/\/i0.wp.com\/eltecolote.org\/content\/wp-content\/uploads\/2017\/07\/Undocuseries_01web-3.jpg?fit=864%2C576&quality=89&ssl=1","datePublished":"2017-07-28T20:16:13+00:00","description":"En una era donde los inmigrantes con antecedentes criminales se est\u00e1n utilizando para justificar la orientaci\u00f3n de las comunidades indocumentadas, un","inLanguage":"en","potentialAction":[{"@type":"ReadAction","target":["https:\/\/eltecolote.org\/content\/es\/jovenes-activistas-luchan-por-una-segunda-oportunidad-para-inmigrantes-con-antecedente-criminal\/"]}]},{"@type":"ImageObject","inLanguage":"en","@id":"https:\/\/eltecolote.org\/content\/es\/jovenes-activistas-luchan-por-una-segunda-oportunidad-para-inmigrantes-con-antecedente-criminal\/#primaryimage","url":"https:\/\/i0.wp.com\/eltecolote.org\/content\/wp-content\/uploads\/2017\/07\/Undocuseries_01web-3.jpg?fit=864%2C576&quality=89&ssl=1","contentUrl":"https:\/\/i0.wp.com\/eltecolote.org\/content\/wp-content\/uploads\/2017\/07\/Undocuseries_01web-3.jpg?fit=864%2C576&quality=89&ssl=1","width":864,"height":576,"caption":"Wei Lee, coordinador del programa ASPIRE para Asian Americans Advancing Justice, y Asian Law Caucus en San Francisco, California, el lunes 10 de julio de 2017. Foto: Jessica Webb"},{"@type":"WebSite","@id":"https:\/\/eltecolote.org\/content\/#website","url":"https:\/\/eltecolote.org\/content\/","name":"El Tecolote","description":"San Francisco's Latinx newspaper since 1970","publisher":{"@id":"https:\/\/eltecolote.org\/content\/#organization"},"potentialAction":[{"@type":"SearchAction","target":{"@type":"EntryPoint","urlTemplate":"https:\/\/eltecolote.org\/content\/?s={search_term_string}"},"query-input":{"@type":"PropertyValueSpecification","valueRequired":true,"valueName":"search_term_string"}}],"inLanguage":"en"},{"@type":"Organization","@id":"https:\/\/eltecolote.org\/content\/#organization","name":"El Tecolote","url":"https:\/\/eltecolote.org\/content\/","logo":{"@type":"ImageObject","inLanguage":"en","@id":"https:\/\/eltecolote.org\/content\/#\/schema\/logo\/image\/","url":"https:\/\/i0.wp.com\/eltecolote.org\/content\/wp-content\/uploads\/2021\/05\/ETlogo-1.jpg?fit=400%2C400&ssl=1","contentUrl":"https:\/\/i0.wp.com\/eltecolote.org\/content\/wp-content\/uploads\/2021\/05\/ETlogo-1.jpg?fit=400%2C400&ssl=1","width":400,"height":400,"caption":"El Tecolote"},"image":{"@id":"https:\/\/eltecolote.org\/content\/#\/schema\/logo\/image\/"},"sameAs":["https:\/\/www.facebook.com\/ElTecoloteSF\/","https:\/\/x.com\/eltecolotesf","https:\/\/www.instagram.com\/eltecolotesf\/"]},{"@type":"Person","@id":"https:\/\/eltecolote.org\/content\/#\/schema\/person\/08828d10185eba96895a8363a269410e","name":"El Tecolote Staff","image":{"@type":"ImageObject","inLanguage":"en","@id":"https:\/\/secure.gravatar.com\/avatar\/9534c92c8c908364e186a64d93efc86f62367109d1b07a3454facde655968589?s=96&d=mm&r=g6afcb607783e095e4cf6be807353924d","url":"https:\/\/secure.gravatar.com\/avatar\/9534c92c8c908364e186a64d93efc86f62367109d1b07a3454facde655968589?s=96&d=mm&r=g","contentUrl":"https:\/\/secure.gravatar.com\/avatar\/9534c92c8c908364e186a64d93efc86f62367109d1b07a3454facde655968589?s=96&d=mm&r=g","caption":"El Tecolote Staff"},"url":"https:\/\/eltecolote.org\/content\/author\/web-editor\/"}]}},"distributor_meta":false,"distributor_terms":false,"distributor_media":false,"distributor_original_site_name":"El Tecolote","distributor_original_site_url":"https:\/\/eltecolote.org\/content","push-errors":false,"_links":{"self":[{"href":"https:\/\/eltecolote.org\/content\/wp-json\/wp\/v2\/posts\/34861","targetHints":{"allow":["GET"]}}],"collection":[{"href":"https:\/\/eltecolote.org\/content\/wp-json\/wp\/v2\/posts"}],"about":[{"href":"https:\/\/eltecolote.org\/content\/wp-json\/wp\/v2\/types\/post"}],"author":[{"embeddable":true,"href":"https:\/\/eltecolote.org\/content\/wp-json\/wp\/v2\/users\/35"}],"replies":[{"embeddable":true,"href":"https:\/\/eltecolote.org\/content\/wp-json\/wp\/v2\/comments?post=34861"}],"version-history":[{"count":1,"href":"https:\/\/eltecolote.org\/content\/wp-json\/wp\/v2\/posts\/34861\/revisions"}],"predecessor-version":[{"id":34865,"href":"https:\/\/eltecolote.org\/content\/wp-json\/wp\/v2\/posts\/34861\/revisions\/34865"}],"wp:featuredmedia":[{"embeddable":true,"href":"https:\/\/eltecolote.org\/content\/wp-json\/wp\/v2\/media\/34862"}],"wp:attachment":[{"href":"https:\/\/eltecolote.org\/content\/wp-json\/wp\/v2\/media?parent=34861"}],"wp:term":[{"taxonomy":"category","embeddable":true,"href":"https:\/\/eltecolote.org\/content\/wp-json\/wp\/v2\/categories?post=34861"},{"taxonomy":"post_tag","embeddable":true,"href":"https:\/\/eltecolote.org\/content\/wp-json\/wp\/v2\/tags?post=34861"},{"taxonomy":"author","embeddable":true,"href":"https:\/\/eltecolote.org\/content\/wp-json\/wp\/v2\/coauthors?post=34861"}],"curies":[{"name":"wp","href":"https:\/\/api.w.org\/{rel}","templated":true}]}}