{"id":34765,"date":"2017-07-27T14:00:20","date_gmt":"2017-07-27T21:00:20","guid":{"rendered":"http:\/\/eltecolote.org\/content\/?p=34765"},"modified":"2017-07-27T14:00:20","modified_gmt":"2017-07-27T21:00:20","slug":"el-poder-de-ser-visto","status":"publish","type":"post","link":"https:\/\/eltecolote.org\/content\/es\/el-poder-de-ser-visto\/","title":{"rendered":"El poder de ser visto"},"content":{"rendered":"<figure id=\"attachment_34766\" aria-describedby=\"caption-attachment-34766\" style=\"width: 920px\" class=\"wp-caption aligncenter\"><a href=\"https:\/\/i0.wp.com\/eltecolote.org\/content\/wp-content\/uploads\/2017\/07\/920x920-1.jpg?quality=89&#038;ssl=1\"><img data-recalc-dims=\"1\" loading=\"lazy\" decoding=\"async\" class=\"size-full wp-image-34766\" src=\"https:\/\/i0.wp.com\/eltecolote.org\/content\/wp-content\/uploads\/2017\/07\/920x920-1.jpg?resize=920%2C517&#038;quality=89&#038;ssl=1\" alt=\"\" width=\"920\" height=\"517\" srcset=\"https:\/\/i0.wp.com\/eltecolote.org\/content\/wp-content\/uploads\/2017\/07\/920x920-1.jpg?w=920&amp;quality=89&amp;ssl=1 920w, https:\/\/i0.wp.com\/eltecolote.org\/content\/wp-content\/uploads\/2017\/07\/920x920-1.jpg?resize=600%2C337&amp;quality=89&amp;ssl=1 600w, https:\/\/i0.wp.com\/eltecolote.org\/content\/wp-content\/uploads\/2017\/07\/920x920-1.jpg?resize=200%2C112&amp;quality=89&amp;ssl=1 200w, https:\/\/i0.wp.com\/eltecolote.org\/content\/wp-content\/uploads\/2017\/07\/920x920-1.jpg?resize=360%2C202&amp;quality=89&amp;ssl=1 360w, https:\/\/i0.wp.com\/eltecolote.org\/content\/wp-content\/uploads\/2017\/07\/920x920-1.jpg?resize=768%2C432&amp;quality=89&amp;ssl=1 768w\" sizes=\"auto, (max-width: 920px) 100vw, 920px\" \/><\/a><figcaption id=\"caption-attachment-34766\" class=\"wp-caption-text\">Dra. Kyla Johnson-Trammell. Cortes\u00eda del Oakland Unified School District<\/figcaption><\/figure>\n<p><span style=\"font-weight: 400;\">Los estudiantes necesitan sentirse vistos, verse reflejados en los ojos de sus maestros para poder desarrollar un ilimitado potencial. As\u00ed es como sucede el aprendizaje.<\/span><span style=\"font-weight: 400;\"><br \/>\n<\/span><\/p>\n<p><span style=\"font-weight: 400;\">Eso es algo que sent\u00ed fuertemente como estudiante en las escuelas p\u00fablicas de Oakland y algo que tuve en mente durante a\u00f1os como profesora. Como Superintendente del Distrito Escolar Unificado de Oakland, trabajo para asegurar que todos los estudiantes se sientan vistos por sus maestros y seguros en nuestras escuelas. Cuando los estudiantes se sienten seguros y apoyados, est\u00e1n m\u00e1s motivados e inspirados para ser lo mejor.<\/span><span style=\"font-weight: 400;\"><br \/>\n<\/span><\/p>\n<p><span style=\"font-weight: 400;\">Nac\u00ed y crec\u00ed en el este de Oakland y asist\u00ed a sus escuelas p\u00fablicas: Montclair Elementary y Montera Middle School.<\/span><\/p>\n<p><span style=\"font-weight: 400;\">Para la escuela secundaria, asist\u00ed a la escuela Branson en Marin a trav\u00e9s de un programa que mi mam\u00e1 descubri\u00f3, llamado A Better Chance, el cual ayuda a los estudiantes de color a ingresar en escuelas independientes. Me levantaba a las 5:30 cada ma\u00f1ana para tomar el transporte p\u00fablico de Oakland a Marin y as\u00ed poder tener esa experiencia de preparaci\u00f3n para la universidad.<\/span><span style=\"font-weight: 400;\"><br \/>\n<\/span><\/p>\n<p><span style=\"font-weight: 400;\">M\u00e1s tarde recib\u00ed una beca completa para la Universidad de Pensilvania, con la intenci\u00f3n de convertirme en abogada corporativa.<\/span><span style=\"font-weight: 400;\"><br \/>\n<\/span><\/p>\n<p><span style=\"font-weight: 400;\">Pero mi verdadera pasi\u00f3n siempre ha sido trabajar con los j\u00f3venes. Cuando estaba creciendo, ense\u00f1\u00e9 baile y piano para ganar dinero extra. En la universidad, ense\u00f1\u00e9 a los estudiantes encarcelados.<\/span><\/p>\n<p><span style=\"font-weight: 400;\">As\u00ed que con estas experiencias significativas, volv\u00ed a Oakland para comenzar a ense\u00f1ar en Parker Elementary School, a s\u00f3lo una cuadra de la casa donde crec\u00ed. Fue all\u00ed donde me enamor\u00e9 de la ense\u00f1anza. <\/span><\/p>\n<p><span style=\"font-weight: 400;\">Trabajando en las escuelas de Oakland durante los \u00faltimos 19 a\u00f1os, he visto desaf\u00edos en todo el Distrito que van desde escuelas con poco recursos hasta el trauma emocional que muchos estudiantes de nuestra ciudad sienten por lo que ocurre en nuestras calles y en algunas de nuestras casas.<\/span><span style=\"font-weight: 400;\"><br \/>\n<\/span><\/p>\n<p><span style=\"font-weight: 400;\">A pesar de lo que enfrentan fuera del campus, debemos asegurarnos de que los estudiantes se sientan seguros dentro de nuestras escuelas.<\/span><\/p>\n<p><span style=\"font-weight: 400;\">Como la nueva Superintendente, quiero que todos los estudiantes y sus familias sepan que el distrito escolar unificado de Oakland es un distrito de santuario.<\/span><\/p>\n<p>Esto significa que no pedimos ni exigimos pruebas de estatus migratorio legal durante la inscripci\u00f3n, y que nuestras escuelas nunca recaban ese tipo de informaci\u00f3n confidencial.<\/p>\n<p><span style=\"font-weight: 400;\">Hay pasos que usted puede tomar para protegerse en caso de calificar para ello. Tambi\u00e9n puede recibir ayuda para cubrir los costos de los servicios legales y las cuotas de solicitud.<\/span><\/p>\n<p><span style=\"font-weight: 400;\">Si usted vive o asiste a una escuela en Oakland, puede tener acceso a servicios legales gratuitos o a bajo costo a trav\u00e9s del Proyecto de Inmigraci\u00f3n de Oakland, un proyecto dirigido por organizaciones de inmigraci\u00f3n de confianza. El Proyecto de Inmigraci\u00f3n de Oakland tiene como objetivo ayudar a familias inmigrantes calificadas a solicitar ayuda de inmigraci\u00f3n y autorizaci\u00f3n de trabajo para abrir la puerta a la estabilidad econ\u00f3mica y el \u00e9xito.<\/span><\/p>\n<p><span style=\"font-weight: 400;\">No importa d\u00f3nde naci\u00f3 ni qu\u00e9 desaf\u00edos ha superado para estar aqu\u00ed, la escuela puede ser su refugio. Quiero que todos los estudiantes tengan las herramientas para perseguir sus pasiones, igual que yo, comiencen a ser vistos.<\/span><\/p>\n<p><i><span style=\"font-weight: 400;\">Para acceder a servicios legales gratuitos o de bajo costo en Oakland, visite: <\/span><\/i><a href=\"http:\/\/www.oaklandimmigrationproject.org\/\"><i><span style=\"font-weight: 400;\">www.oaklandimmigrationproject.org<\/span><\/i><\/a><i><span style=\"font-weight: 400;\">. Para obtener mayor informaci\u00f3n sobre lo que est\u00e1 haciendo el Distrito Escolar Unificado de Oakland, est\u00e9 atento a nuestro sitio web en: <\/span><\/i><a href=\"http:\/\/www.ousd.org\/\"><i><span style=\"font-weight: 400;\">www.ousd.org<\/span><\/i><\/a><i><span style=\"font-weight: 400;\">.<\/span><\/i><\/p>\n<p><i><span style=\"font-weight: 400;\">Dra. Kyla Johnson-Trammell asumi\u00f3 el cargo el 1 de julio como la nueva Superintendente del Distrito Escolar Unificado de Oakland.<\/span><\/i><\/p>\n","protected":false},"excerpt":{"rendered":"<p>Los estudiantes necesitan sentirse vistos, verse reflejados en los ojos de sus maestros para poder desarrollar un ilimitado potencial. As\u00ed es como sucede el aprendizaje. Eso es algo que sent\u00ed fuertemente como estudiante en las escuelas p\u00fablicas de Oakland y algo que tuve en mente durante a\u00f1os como profesora. Como Superintendente del Distrito Escolar Unificado [&hellip;]<\/p>\n","protected":false},"author":35,"featured_media":34766,"comment_status":"open","ping_status":"closed","sticky":false,"template":"","format":"standard","meta":{"newspack_popups_has_disabled_popups":false,"newspack_featured_image_position":"","newspack_post_subtitle":"","newspack_article_summary_title":"Overview:","newspack_article_summary":"","newspack_hide_updated_date":false,"newspack_show_updated_date":false,"footnotes":""},"categories":[3549,3531],"tags":[14344,14346],"coauthors":[],"class_list":["post-34765","post","type-post","status-publish","format-standard","has-post-thumbnail","hentry","category-cartas","category-voces","tag-kyla-johnson-trammell","tag-oakland-unified-school-district-es","entry"],"yoast_head":"<!-- This site is optimized with the Yoast SEO plugin v27.4 - https:\/\/yoast.com\/product\/yoast-seo-wordpress\/ -->\n<title>El poder de ser visto - El Tecolote<\/title>\n<meta name=\"description\" content=\"Los estudiantes necesitan sentirse vistos, verse reflejados en los ojos de sus maestros para poder desarrollar un ilimitado potencial. As\u00ed es como sucede\" \/>\n<meta name=\"robots\" content=\"index, follow, max-snippet:-1, max-image-preview:large, max-video-preview:-1\" \/>\n<link rel=\"canonical\" href=\"https:\/\/eltecolote.org\/content\/es\/el-poder-de-ser-visto\/\" \/>\n<meta property=\"og:locale\" content=\"en_US\" \/>\n<meta property=\"og:type\" content=\"article\" \/>\n<meta property=\"og:title\" content=\"El poder de ser visto - El Tecolote\" \/>\n<meta property=\"og:description\" content=\"Los estudiantes necesitan sentirse vistos, verse reflejados en los ojos de sus maestros para poder desarrollar un ilimitado potencial. As\u00ed es como sucede\" \/>\n<meta property=\"og:url\" content=\"https:\/\/eltecolote.org\/content\/es\/el-poder-de-ser-visto\/\" \/>\n<meta property=\"og:site_name\" content=\"El Tecolote\" \/>\n<meta property=\"article:publisher\" content=\"https:\/\/www.facebook.com\/ElTecoloteSF\/\" \/>\n<meta property=\"article:published_time\" content=\"2017-07-27T21:00:20+00:00\" \/>\n<meta property=\"og:image\" content=\"https:\/\/i0.wp.com\/eltecolote.org\/content\/wp-content\/uploads\/2017\/07\/920x920-1.jpg?fit=920%2C517&ssl=1\" \/>\n\t<meta property=\"og:image:width\" content=\"920\" \/>\n\t<meta property=\"og:image:height\" content=\"517\" \/>\n\t<meta property=\"og:image:type\" content=\"image\/jpeg\" \/>\n<meta name=\"author\" content=\"El Tecolote Staff\" \/>\n<meta name=\"twitter:card\" content=\"summary_large_image\" \/>\n<meta name=\"twitter:creator\" content=\"@eltecolotesf\" \/>\n<meta name=\"twitter:site\" content=\"@eltecolotesf\" \/>\n<meta name=\"twitter:label1\" content=\"Written by\" \/>\n\t<meta name=\"twitter:data1\" content=\"El Tecolote Staff\" \/>\n\t<meta name=\"twitter:label2\" content=\"Est. reading time\" \/>\n\t<meta name=\"twitter:data2\" content=\"3 minutes\" \/>\n<script type=\"application\/ld+json\" class=\"yoast-schema-graph\">{\"@context\":\"https:\\\/\\\/schema.org\",\"@graph\":[{\"@type\":\"NewsArticle\",\"@id\":\"https:\\\/\\\/eltecolote.org\\\/content\\\/es\\\/el-poder-de-ser-visto\\\/#article\",\"isPartOf\":{\"@id\":\"https:\\\/\\\/eltecolote.org\\\/content\\\/es\\\/el-poder-de-ser-visto\\\/\"},\"author\":{\"name\":\"El Tecolote Staff\",\"@id\":\"https:\\\/\\\/eltecolote.org\\\/content\\\/#\\\/schema\\\/person\\\/08828d10185eba96895a8363a269410e\"},\"headline\":\"El poder de ser visto\",\"datePublished\":\"2017-07-27T21:00:20+00:00\",\"mainEntityOfPage\":{\"@id\":\"https:\\\/\\\/eltecolote.org\\\/content\\\/es\\\/el-poder-de-ser-visto\\\/\"},\"wordCount\":632,\"commentCount\":0,\"publisher\":{\"@id\":\"https:\\\/\\\/eltecolote.org\\\/content\\\/#organization\"},\"image\":{\"@id\":\"https:\\\/\\\/eltecolote.org\\\/content\\\/es\\\/el-poder-de-ser-visto\\\/#primaryimage\"},\"thumbnailUrl\":\"https:\\\/\\\/i0.wp.com\\\/eltecolote.org\\\/content\\\/wp-content\\\/uploads\\\/2017\\\/07\\\/920x920-1.jpg?fit=920%2C517&quality=89&ssl=1\",\"keywords\":[\"Kyla Johnson-Trammell\",\"Oakland Unified School District\"],\"articleSection\":[\"Cartas\",\"Voces\"],\"inLanguage\":\"en\",\"potentialAction\":[{\"@type\":\"CommentAction\",\"name\":\"Comment\",\"target\":[\"https:\\\/\\\/eltecolote.org\\\/content\\\/es\\\/el-poder-de-ser-visto\\\/#respond\"]}]},{\"@type\":\"WebPage\",\"@id\":\"https:\\\/\\\/eltecolote.org\\\/content\\\/es\\\/el-poder-de-ser-visto\\\/\",\"url\":\"https:\\\/\\\/eltecolote.org\\\/content\\\/es\\\/el-poder-de-ser-visto\\\/\",\"name\":\"El poder de ser visto - El Tecolote\",\"isPartOf\":{\"@id\":\"https:\\\/\\\/eltecolote.org\\\/content\\\/#website\"},\"primaryImageOfPage\":{\"@id\":\"https:\\\/\\\/eltecolote.org\\\/content\\\/es\\\/el-poder-de-ser-visto\\\/#primaryimage\"},\"image\":{\"@id\":\"https:\\\/\\\/eltecolote.org\\\/content\\\/es\\\/el-poder-de-ser-visto\\\/#primaryimage\"},\"thumbnailUrl\":\"https:\\\/\\\/i0.wp.com\\\/eltecolote.org\\\/content\\\/wp-content\\\/uploads\\\/2017\\\/07\\\/920x920-1.jpg?fit=920%2C517&quality=89&ssl=1\",\"datePublished\":\"2017-07-27T21:00:20+00:00\",\"description\":\"Los estudiantes necesitan sentirse vistos, verse reflejados en los ojos de sus maestros para poder desarrollar un ilimitado potencial. As\u00ed es como sucede\",\"inLanguage\":\"en\",\"potentialAction\":[{\"@type\":\"ReadAction\",\"target\":[\"https:\\\/\\\/eltecolote.org\\\/content\\\/es\\\/el-poder-de-ser-visto\\\/\"]}]},{\"@type\":\"ImageObject\",\"inLanguage\":\"en\",\"@id\":\"https:\\\/\\\/eltecolote.org\\\/content\\\/es\\\/el-poder-de-ser-visto\\\/#primaryimage\",\"url\":\"https:\\\/\\\/i0.wp.com\\\/eltecolote.org\\\/content\\\/wp-content\\\/uploads\\\/2017\\\/07\\\/920x920-1.jpg?fit=920%2C517&quality=89&ssl=1\",\"contentUrl\":\"https:\\\/\\\/i0.wp.com\\\/eltecolote.org\\\/content\\\/wp-content\\\/uploads\\\/2017\\\/07\\\/920x920-1.jpg?fit=920%2C517&quality=89&ssl=1\",\"width\":920,\"height\":517,\"caption\":\"Dra. Kyla Johnson-Trammell. Cortes\u00eda del Oakland Unified School District\"},{\"@type\":\"WebSite\",\"@id\":\"https:\\\/\\\/eltecolote.org\\\/content\\\/#website\",\"url\":\"https:\\\/\\\/eltecolote.org\\\/content\\\/\",\"name\":\"El Tecolote\",\"description\":\"San Francisco's Latinx newspaper since 1970\",\"publisher\":{\"@id\":\"https:\\\/\\\/eltecolote.org\\\/content\\\/#organization\"},\"potentialAction\":[{\"@type\":\"SearchAction\",\"target\":{\"@type\":\"EntryPoint\",\"urlTemplate\":\"https:\\\/\\\/eltecolote.org\\\/content\\\/?s={search_term_string}\"},\"query-input\":{\"@type\":\"PropertyValueSpecification\",\"valueRequired\":true,\"valueName\":\"search_term_string\"}}],\"inLanguage\":\"en\"},{\"@type\":\"Organization\",\"@id\":\"https:\\\/\\\/eltecolote.org\\\/content\\\/#organization\",\"name\":\"El Tecolote\",\"url\":\"https:\\\/\\\/eltecolote.org\\\/content\\\/\",\"logo\":{\"@type\":\"ImageObject\",\"inLanguage\":\"en\",\"@id\":\"https:\\\/\\\/eltecolote.org\\\/content\\\/#\\\/schema\\\/logo\\\/image\\\/\",\"url\":\"https:\\\/\\\/i0.wp.com\\\/eltecolote.org\\\/content\\\/wp-content\\\/uploads\\\/2021\\\/05\\\/ETlogo-1.jpg?fit=400%2C400&ssl=1\",\"contentUrl\":\"https:\\\/\\\/i0.wp.com\\\/eltecolote.org\\\/content\\\/wp-content\\\/uploads\\\/2021\\\/05\\\/ETlogo-1.jpg?fit=400%2C400&ssl=1\",\"width\":400,\"height\":400,\"caption\":\"El Tecolote\"},\"image\":{\"@id\":\"https:\\\/\\\/eltecolote.org\\\/content\\\/#\\\/schema\\\/logo\\\/image\\\/\"},\"sameAs\":[\"https:\\\/\\\/www.facebook.com\\\/ElTecoloteSF\\\/\",\"https:\\\/\\\/x.com\\\/eltecolotesf\",\"https:\\\/\\\/www.instagram.com\\\/eltecolotesf\\\/\"]},{\"@type\":\"Person\",\"@id\":\"https:\\\/\\\/eltecolote.org\\\/content\\\/#\\\/schema\\\/person\\\/08828d10185eba96895a8363a269410e\",\"name\":\"El Tecolote Staff\",\"image\":{\"@type\":\"ImageObject\",\"inLanguage\":\"en\",\"@id\":\"https:\\\/\\\/secure.gravatar.com\\\/avatar\\\/9534c92c8c908364e186a64d93efc86f62367109d1b07a3454facde655968589?s=96&d=mm&r=g6afcb607783e095e4cf6be807353924d\",\"url\":\"https:\\\/\\\/secure.gravatar.com\\\/avatar\\\/9534c92c8c908364e186a64d93efc86f62367109d1b07a3454facde655968589?s=96&d=mm&r=g\",\"contentUrl\":\"https:\\\/\\\/secure.gravatar.com\\\/avatar\\\/9534c92c8c908364e186a64d93efc86f62367109d1b07a3454facde655968589?s=96&d=mm&r=g\",\"caption\":\"El Tecolote Staff\"},\"url\":\"https:\\\/\\\/eltecolote.org\\\/content\\\/author\\\/web-editor\\\/\"}]}<\/script>\n<!-- \/ Yoast SEO plugin. -->","yoast_head_json":{"title":"El poder de ser visto - El Tecolote","description":"Los estudiantes necesitan sentirse vistos, verse reflejados en los ojos de sus maestros para poder desarrollar un ilimitado potencial. As\u00ed es como sucede","robots":{"index":"index","follow":"follow","max-snippet":"max-snippet:-1","max-image-preview":"max-image-preview:large","max-video-preview":"max-video-preview:-1"},"canonical":"https:\/\/eltecolote.org\/content\/es\/el-poder-de-ser-visto\/","og_locale":"en_US","og_type":"article","og_title":"El poder de ser visto - El Tecolote","og_description":"Los estudiantes necesitan sentirse vistos, verse reflejados en los ojos de sus maestros para poder desarrollar un ilimitado potencial. As\u00ed es como sucede","og_url":"https:\/\/eltecolote.org\/content\/es\/el-poder-de-ser-visto\/","og_site_name":"El Tecolote","article_publisher":"https:\/\/www.facebook.com\/ElTecoloteSF\/","article_published_time":"2017-07-27T21:00:20+00:00","og_image":[{"width":920,"height":517,"url":"https:\/\/i0.wp.com\/eltecolote.org\/content\/wp-content\/uploads\/2017\/07\/920x920-1.jpg?fit=920%2C517&ssl=1","type":"image\/jpeg"}],"author":"El Tecolote Staff","twitter_card":"summary_large_image","twitter_creator":"@eltecolotesf","twitter_site":"@eltecolotesf","twitter_misc":{"Written by":"El Tecolote Staff","Est. reading time":"3 minutes"},"schema":{"@context":"https:\/\/schema.org","@graph":[{"@type":"NewsArticle","@id":"https:\/\/eltecolote.org\/content\/es\/el-poder-de-ser-visto\/#article","isPartOf":{"@id":"https:\/\/eltecolote.org\/content\/es\/el-poder-de-ser-visto\/"},"author":{"name":"El Tecolote Staff","@id":"https:\/\/eltecolote.org\/content\/#\/schema\/person\/08828d10185eba96895a8363a269410e"},"headline":"El poder de ser visto","datePublished":"2017-07-27T21:00:20+00:00","mainEntityOfPage":{"@id":"https:\/\/eltecolote.org\/content\/es\/el-poder-de-ser-visto\/"},"wordCount":632,"commentCount":0,"publisher":{"@id":"https:\/\/eltecolote.org\/content\/#organization"},"image":{"@id":"https:\/\/eltecolote.org\/content\/es\/el-poder-de-ser-visto\/#primaryimage"},"thumbnailUrl":"https:\/\/i0.wp.com\/eltecolote.org\/content\/wp-content\/uploads\/2017\/07\/920x920-1.jpg?fit=920%2C517&quality=89&ssl=1","keywords":["Kyla Johnson-Trammell","Oakland Unified School District"],"articleSection":["Cartas","Voces"],"inLanguage":"en","potentialAction":[{"@type":"CommentAction","name":"Comment","target":["https:\/\/eltecolote.org\/content\/es\/el-poder-de-ser-visto\/#respond"]}]},{"@type":"WebPage","@id":"https:\/\/eltecolote.org\/content\/es\/el-poder-de-ser-visto\/","url":"https:\/\/eltecolote.org\/content\/es\/el-poder-de-ser-visto\/","name":"El poder de ser visto - El Tecolote","isPartOf":{"@id":"https:\/\/eltecolote.org\/content\/#website"},"primaryImageOfPage":{"@id":"https:\/\/eltecolote.org\/content\/es\/el-poder-de-ser-visto\/#primaryimage"},"image":{"@id":"https:\/\/eltecolote.org\/content\/es\/el-poder-de-ser-visto\/#primaryimage"},"thumbnailUrl":"https:\/\/i0.wp.com\/eltecolote.org\/content\/wp-content\/uploads\/2017\/07\/920x920-1.jpg?fit=920%2C517&quality=89&ssl=1","datePublished":"2017-07-27T21:00:20+00:00","description":"Los estudiantes necesitan sentirse vistos, verse reflejados en los ojos de sus maestros para poder desarrollar un ilimitado potencial. As\u00ed es como sucede","inLanguage":"en","potentialAction":[{"@type":"ReadAction","target":["https:\/\/eltecolote.org\/content\/es\/el-poder-de-ser-visto\/"]}]},{"@type":"ImageObject","inLanguage":"en","@id":"https:\/\/eltecolote.org\/content\/es\/el-poder-de-ser-visto\/#primaryimage","url":"https:\/\/i0.wp.com\/eltecolote.org\/content\/wp-content\/uploads\/2017\/07\/920x920-1.jpg?fit=920%2C517&quality=89&ssl=1","contentUrl":"https:\/\/i0.wp.com\/eltecolote.org\/content\/wp-content\/uploads\/2017\/07\/920x920-1.jpg?fit=920%2C517&quality=89&ssl=1","width":920,"height":517,"caption":"Dra. Kyla Johnson-Trammell. Cortes\u00eda del Oakland Unified School District"},{"@type":"WebSite","@id":"https:\/\/eltecolote.org\/content\/#website","url":"https:\/\/eltecolote.org\/content\/","name":"El Tecolote","description":"San Francisco's Latinx newspaper since 1970","publisher":{"@id":"https:\/\/eltecolote.org\/content\/#organization"},"potentialAction":[{"@type":"SearchAction","target":{"@type":"EntryPoint","urlTemplate":"https:\/\/eltecolote.org\/content\/?s={search_term_string}"},"query-input":{"@type":"PropertyValueSpecification","valueRequired":true,"valueName":"search_term_string"}}],"inLanguage":"en"},{"@type":"Organization","@id":"https:\/\/eltecolote.org\/content\/#organization","name":"El Tecolote","url":"https:\/\/eltecolote.org\/content\/","logo":{"@type":"ImageObject","inLanguage":"en","@id":"https:\/\/eltecolote.org\/content\/#\/schema\/logo\/image\/","url":"https:\/\/i0.wp.com\/eltecolote.org\/content\/wp-content\/uploads\/2021\/05\/ETlogo-1.jpg?fit=400%2C400&ssl=1","contentUrl":"https:\/\/i0.wp.com\/eltecolote.org\/content\/wp-content\/uploads\/2021\/05\/ETlogo-1.jpg?fit=400%2C400&ssl=1","width":400,"height":400,"caption":"El Tecolote"},"image":{"@id":"https:\/\/eltecolote.org\/content\/#\/schema\/logo\/image\/"},"sameAs":["https:\/\/www.facebook.com\/ElTecoloteSF\/","https:\/\/x.com\/eltecolotesf","https:\/\/www.instagram.com\/eltecolotesf\/"]},{"@type":"Person","@id":"https:\/\/eltecolote.org\/content\/#\/schema\/person\/08828d10185eba96895a8363a269410e","name":"El Tecolote Staff","image":{"@type":"ImageObject","inLanguage":"en","@id":"https:\/\/secure.gravatar.com\/avatar\/9534c92c8c908364e186a64d93efc86f62367109d1b07a3454facde655968589?s=96&d=mm&r=g6afcb607783e095e4cf6be807353924d","url":"https:\/\/secure.gravatar.com\/avatar\/9534c92c8c908364e186a64d93efc86f62367109d1b07a3454facde655968589?s=96&d=mm&r=g","contentUrl":"https:\/\/secure.gravatar.com\/avatar\/9534c92c8c908364e186a64d93efc86f62367109d1b07a3454facde655968589?s=96&d=mm&r=g","caption":"El Tecolote Staff"},"url":"https:\/\/eltecolote.org\/content\/author\/web-editor\/"}]}},"distributor_meta":false,"distributor_terms":false,"distributor_media":false,"distributor_original_site_name":"El Tecolote","distributor_original_site_url":"https:\/\/eltecolote.org\/content","push-errors":false,"_links":{"self":[{"href":"https:\/\/eltecolote.org\/content\/wp-json\/wp\/v2\/posts\/34765","targetHints":{"allow":["GET"]}}],"collection":[{"href":"https:\/\/eltecolote.org\/content\/wp-json\/wp\/v2\/posts"}],"about":[{"href":"https:\/\/eltecolote.org\/content\/wp-json\/wp\/v2\/types\/post"}],"author":[{"embeddable":true,"href":"https:\/\/eltecolote.org\/content\/wp-json\/wp\/v2\/users\/35"}],"replies":[{"embeddable":true,"href":"https:\/\/eltecolote.org\/content\/wp-json\/wp\/v2\/comments?post=34765"}],"version-history":[{"count":1,"href":"https:\/\/eltecolote.org\/content\/wp-json\/wp\/v2\/posts\/34765\/revisions"}],"predecessor-version":[{"id":34767,"href":"https:\/\/eltecolote.org\/content\/wp-json\/wp\/v2\/posts\/34765\/revisions\/34767"}],"wp:featuredmedia":[{"embeddable":true,"href":"https:\/\/eltecolote.org\/content\/wp-json\/wp\/v2\/media\/34766"}],"wp:attachment":[{"href":"https:\/\/eltecolote.org\/content\/wp-json\/wp\/v2\/media?parent=34765"}],"wp:term":[{"taxonomy":"category","embeddable":true,"href":"https:\/\/eltecolote.org\/content\/wp-json\/wp\/v2\/categories?post=34765"},{"taxonomy":"post_tag","embeddable":true,"href":"https:\/\/eltecolote.org\/content\/wp-json\/wp\/v2\/tags?post=34765"},{"taxonomy":"author","embeddable":true,"href":"https:\/\/eltecolote.org\/content\/wp-json\/wp\/v2\/coauthors?post=34765"}],"curies":[{"name":"wp","href":"https:\/\/api.w.org\/{rel}","templated":true}]}}