{"id":33945,"date":"2017-05-04T15:04:39","date_gmt":"2017-05-04T22:04:39","guid":{"rendered":"http:\/\/eltecolote.org\/content\/?p=33945"},"modified":"2017-05-04T15:04:39","modified_gmt":"2017-05-04T22:04:39","slug":"latino-doctor-finds-path-to-clinica-via-cuba","status":"publish","type":"post","link":"https:\/\/eltecolote.org\/content\/en\/latino-doctor-finds-path-to-clinica-via-cuba\/","title":{"rendered":"Latino doctor finds path to clinica via Cuba"},"content":{"rendered":"<figure id=\"attachment_33949\" aria-describedby=\"caption-attachment-33949\" style=\"width: 600px\" class=\"wp-caption aligncenter\"><a href=\"https:\/\/i0.wp.com\/eltecolote.org\/content\/wp-content\/uploads\/2017\/05\/Centrospective_Abraham-Vela_02web.jpg?quality=89&#038;ssl=1\"><img data-recalc-dims=\"1\" loading=\"lazy\" decoding=\"async\" class=\"size-large wp-image-33949\" src=\"https:\/\/i0.wp.com\/eltecolote.org\/content\/wp-content\/uploads\/2017\/05\/Centrospective_Abraham-Vela_02web.jpg?resize=600%2C400&#038;quality=89&#038;ssl=1\" alt=\"\" width=\"600\" height=\"400\" \/><\/a><figcaption id=\"caption-attachment-33949\" class=\"wp-caption-text\">Abraham Vela poses for a portrait outside Cl\u00ednica Mart\u00edn-Bar\u00f3 on April 15. Photo: Dhoryan Rizo<\/figcaption><\/figure>\n<p class=\"p3\">I met Abraham Vela playing soccer at San Francisco State University. He and I were on different paths that year. I was struggling to stay in college and he was struggling to enroll in biology courses to achieve his dream of becoming a doctor. It was the late \u201800\u2019s and there was something more frightening happening than the deep v-neck trend: The CSU system was going through major budget cuts.<\/p>\n<p class=\"p5\">Vela had wanted to be a doctor since he was a child. In the 1980s, his father, Abraham Vela Sr., received his papers and traveled back to Guatemala to visit his mother for her birthday. He hadn\u2019t seen her since migrating to the United States in the late \u201870s.<\/p>\n<p class=\"p5\">The day before his mother\u2019s birthday, a police officer in a drunken rage began randomly shooting people in a park in the town of Morazan. Vela\u2019s cousin was shot. There was no ambulance or nearby clinic, so Abraham\u2019s father offered his truck to transport people to the hospital. But he was also shot and stopped breathing on the way.<\/p>\n<p class=\"p5\">\u201cI hear that story a lot,\u201d Vela said. \u201cEvery time I\u2019m with my uncles and when I go back to Guatemala, they always talk about it\u2014always. Even though I didn\u2019t realize until later, I think that\u2019s what marked me to become a doctor.\u201d<\/p>\n<p class=\"p5\">Central Americans are all too familiar with violence. The trauma it inflicts, paralyzing us, keeping us from fully realizing ourselves. On rare occasions, perhaps as we look back upon the random accidents of our lives, violence can serve as an antecedent, providing meaning to our current circumstance.<\/p>\n<figure id=\"attachment_33948\" aria-describedby=\"caption-attachment-33948\" style=\"width: 516px\" class=\"wp-caption alignleft\"><a href=\"https:\/\/i0.wp.com\/eltecolote.org\/content\/wp-content\/uploads\/2017\/05\/Centrospective_Abraham-Vela_01web.jpg?quality=89&#038;ssl=1\"><img data-recalc-dims=\"1\" loading=\"lazy\" decoding=\"async\" class=\" wp-image-33948\" src=\"https:\/\/i0.wp.com\/eltecolote.org\/content\/wp-content\/uploads\/2017\/05\/Centrospective_Abraham-Vela_01web.jpg?resize=516%2C344&#038;quality=89&#038;ssl=1\" alt=\"\" width=\"516\" height=\"344\" \/><\/a><figcaption id=\"caption-attachment-33948\" class=\"wp-caption-text\">Abraham Vela (right) helps a patient (left) on April 15 at Cl\u00ednica Mart\u00edn-Bar\u00f3, where he volunteers in preparation of his third board exam which will allow him to practice medicine in the United States. Photo: Dhoryan Rizo<\/figcaption><\/figure>\n<p class=\"p5\">\u201cThe reason why I wanted to be a doctor was to prevent things like that from happening,\u201d he said. \u201cLast time I was there [in Guatemala], still there was no clinic and this was 20 years after this had happened.\u201d<\/p>\n<p class=\"p5\">Because of its budget issues, SF State wasn\u2019t an option for Vela and in 2008 he was forced to rethink his career path. He would have to apply to \u201cpost-bac\u201d programs, meaning more money, more hurdles. (Latinos make up 38 percent of the population in California, yet are only 10.5 percent of the total of students who graduate from medical school.)<\/p>\n<p class=\"p5\">Then Vela heard about the Latin American School of Medicine program (ELAM) in Cuba through his professor Felix Kury. This professor centroamericano is like a radical lefty fairy god-uncle, using his powers of mentorship to create a path towards critical consciousness. ELAM is an international program offered by the Cuban Government, where international students can become doctors, completely free. The only thing asked of students is that they make a commitment to serve their communities when they return to their home countries.<\/p>\n<figure id=\"attachment_33946\" aria-describedby=\"caption-attachment-33946\" style=\"width: 525px\" class=\"wp-caption alignright\"><a href=\"https:\/\/i0.wp.com\/eltecolote.org\/content\/wp-content\/uploads\/2017\/05\/Centrospective_03web.jpg?quality=89&#038;ssl=1\"><img data-recalc-dims=\"1\" loading=\"lazy\" decoding=\"async\" class=\" wp-image-33946\" src=\"https:\/\/i0.wp.com\/eltecolote.org\/content\/wp-content\/uploads\/2017\/05\/Centrospective_03web.jpg?resize=525%2C394&#038;quality=89&#038;ssl=1\" alt=\"\" width=\"525\" height=\"394\" srcset=\"https:\/\/i0.wp.com\/eltecolote.org\/content\/wp-content\/uploads\/2017\/05\/Centrospective_03web.jpg?resize=600%2C450&amp;quality=89&amp;ssl=1 600w, https:\/\/i0.wp.com\/eltecolote.org\/content\/wp-content\/uploads\/2017\/05\/Centrospective_03web.jpg?resize=333%2C250&amp;quality=89&amp;ssl=1 333w, https:\/\/i0.wp.com\/eltecolote.org\/content\/wp-content\/uploads\/2017\/05\/Centrospective_03web.jpg?resize=768%2C576&amp;quality=89&amp;ssl=1 768w, https:\/\/i0.wp.com\/eltecolote.org\/content\/wp-content\/uploads\/2017\/05\/Centrospective_03web.jpg?w=864&amp;quality=89&amp;ssl=1 864w\" sizes=\"auto, (max-width: 525px) 100vw, 525px\" \/><\/a><figcaption id=\"caption-attachment-33946\" class=\"wp-caption-text\">The Latin American School of Medicine in Cuba, where Abraham Vela attended med school. Courtesy: Abraham Vela<\/figcaption><\/figure>\n<p class=\"p5\">When asked if his family had any reservations about him leaving to a socialist country, Vela said with a chuckle, \u201cA lot of people thought it was a militarized country with soldiers everywhere with tanks and stuff.\u201d After educating his family about the reality of Cuba, they supported his decision. In 2010 he left for Cuba, packing a few articles of clothing, a kettle, sunblock, a canteen, anti-diarrhea pills, and mosquito repellent.<\/p>\n<p class=\"p5\">\u201cThe first week alone is the hardest,\u201d he said. \u201cYou arrive to this huge school\u2014international school. You have people of all different origins, languages, and religions, and a lot of people from these countries, you know how they feel about the U.S.\u201d As he said this, I imagined a scene from a movie: The bus pulls up to the front of the school. Students begin to gather, peering out of the windows of the buildings. Vela and the other American students step off the bus and you can hear the murmurs. Then someone yells \u201cYankee!\u201d<\/p>\n<p class=\"p5\">He admitted it was a little intimidating, but also that \u201cit was completely different, they\u2019re all friendly, most of them. And you get to express that you are from North America but that you don\u2019t represent the government, and they all understand that, especially the Cubans.\u201d<\/p>\n<p class=\"p5\">I wondered what he missed most. I thought about what I would miss\u2014Internet and burritos. His response made me feel terrible. Contact with family was limited to a few minutes on the phone, which was shared between 14 people. They kept schedules designating their day and time\u2014Vela\u2019s night was Thursday. \u201cThose calls were very valuable for everybody,\u201d he said.<\/p>\n<figure id=\"attachment_33947\" aria-describedby=\"caption-attachment-33947\" style=\"width: 296px\" class=\"wp-caption alignleft\"><a href=\"https:\/\/i0.wp.com\/eltecolote.org\/content\/wp-content\/uploads\/2017\/05\/Centrospective_04web.jpg?quality=89&#038;ssl=1\"><img data-recalc-dims=\"1\" loading=\"lazy\" decoding=\"async\" class=\" wp-image-33947\" src=\"https:\/\/i0.wp.com\/eltecolote.org\/content\/wp-content\/uploads\/2017\/05\/Centrospective_04web.jpg?resize=296%2C395&#038;quality=89&#038;ssl=1\" alt=\"\" width=\"296\" height=\"395\" srcset=\"https:\/\/i0.wp.com\/eltecolote.org\/content\/wp-content\/uploads\/2017\/05\/Centrospective_04web.jpg?resize=360%2C480&amp;quality=89&amp;ssl=1 360w, https:\/\/i0.wp.com\/eltecolote.org\/content\/wp-content\/uploads\/2017\/05\/Centrospective_04web.jpg?resize=188%2C250&amp;quality=89&amp;ssl=1 188w, https:\/\/i0.wp.com\/eltecolote.org\/content\/wp-content\/uploads\/2017\/05\/Centrospective_04web.jpg?w=480&amp;quality=89&amp;ssl=1 480w\" sizes=\"auto, (max-width: 296px) 100vw, 296px\" \/><\/a><figcaption id=\"caption-attachment-33947\" class=\"wp-caption-text\">Abraham Vela graduates from Cuba\u2019s Latin American School of Medicine. Courtesy: Abraham Vela<\/figcaption><\/figure>\n<p class=\"p5\">Vela returned home six months ago after completing the six-year program. \u201cThis reality is a different one than we had in Cuba,\u201d he said. \u201cDealing with the medical system here\u2014it destroys your dreams, it crumples it up and makes you feel like you can\u2019t accomplish anything.\u201d<\/p>\n<p class=\"p5\">Although recognized globally as a doctor, in the United States he has to pass three board exams to practice. While he prepares for the third exam, he volunteers at Cl\u00ednica Mart\u00edn-Bar\u00f3, a free clinic that serves the Latino community of the Mission District. He has had opportunities to go elsewhere, he insists that his mission is the same. \u201cHealth is a right,\u201d he says. \u201cI don\u2019t know why we [the United States] can\u2019t accomplish that. [Health] and Education.\u201d<\/p>\n<p class=\"p5\">Health as a right may not be so far from reach, even as the Republicans attempt to repeal Obama Care. If passed, the proposed Healthy California Act (SB 562), would guarantee healthcare for all Californians, something Cubans have had since the revolution.<\/p>\n<p class=\"p5\">Vela straddles multiple worlds\u2014the Bay Area, Guatemala, Cuba, but his eyes look forward. Alongside his ELAM classmates, he hopes to establish a network of clinics to serve migrants as they migrate north. I get the sense that he will accomplish this and hopefully his story will inspire other centroamericanos, highlighting our ongoing legacy.<\/p>\n","protected":false},"excerpt":{"rendered":"<p>I met Abraham Vela playing soccer at San Francisco State University. He and I were on different paths that year. I was struggling to stay in college and he was struggling to enroll in biology courses to achieve his dream of becoming a doctor. It was the late \u201800\u2019s and there was something more frightening [&hellip;]<\/p>\n","protected":false},"author":35,"featured_media":33949,"comment_status":"open","ping_status":"closed","sticky":false,"template":"","format":"standard","meta":{"newspack_popups_has_disabled_popups":false,"newspack_featured_image_position":"","newspack_post_subtitle":"","newspack_article_summary_title":"Overview:","newspack_article_summary":"","newspack_hide_updated_date":false,"newspack_show_updated_date":false,"footnotes":""},"categories":[4],"tags":[13652,13648,9753,3916,13654,4791,13658,13656,13650,13662,13660],"coauthors":[],"class_list":["post-33945","post","type-post","status-publish","format-standard","has-post-thumbnail","hentry","category-voices","tag-abraham-vela","tag-centrospective","tag-clinica-martin-baro-en","tag-cuba-en","tag-elam","tag-guatemala-en","tag-guatemalan","tag-latin-american-school-of-medicine","tag-nestor-castillo","tag-people-of-the-mission","tag-profile","entry"],"yoast_head":"<!-- This site is optimized with the Yoast SEO plugin v27.4 - https:\/\/yoast.com\/product\/yoast-seo-wordpress\/ -->\n<title>Latino doctor finds path to clinica via Cuba - El Tecolote<\/title>\n<meta name=\"description\" content=\"I met Abraham Vela playing soccer at San Francisco State University. He and I were on different paths that year. I was struggling to stay in college and\" \/>\n<meta name=\"robots\" content=\"index, follow, max-snippet:-1, max-image-preview:large, max-video-preview:-1\" \/>\n<link rel=\"canonical\" href=\"https:\/\/eltecolote.org\/content\/en\/latino-doctor-finds-path-to-clinica-via-cuba\/\" \/>\n<meta property=\"og:locale\" content=\"en_US\" \/>\n<meta property=\"og:type\" content=\"article\" \/>\n<meta property=\"og:title\" content=\"Latino doctor finds path to clinica via Cuba - El Tecolote\" \/>\n<meta property=\"og:description\" content=\"I met Abraham Vela playing soccer at San Francisco State University. He and I were on different paths that year. I was struggling to stay in college and\" \/>\n<meta property=\"og:url\" content=\"https:\/\/eltecolote.org\/content\/en\/latino-doctor-finds-path-to-clinica-via-cuba\/\" \/>\n<meta property=\"og:site_name\" content=\"El Tecolote\" \/>\n<meta property=\"article:publisher\" content=\"https:\/\/www.facebook.com\/ElTecoloteSF\/\" \/>\n<meta property=\"article:published_time\" content=\"2017-05-04T22:04:39+00:00\" \/>\n<meta property=\"og:image\" content=\"https:\/\/i0.wp.com\/eltecolote.org\/content\/wp-content\/uploads\/2017\/05\/Centrospective_Abraham-Vela_02web.jpg?fit=864%2C576&ssl=1\" \/>\n\t<meta property=\"og:image:width\" content=\"864\" \/>\n\t<meta property=\"og:image:height\" content=\"576\" \/>\n\t<meta property=\"og:image:type\" content=\"image\/jpeg\" \/>\n<meta name=\"author\" content=\"El Tecolote Staff\" \/>\n<meta name=\"twitter:card\" content=\"summary_large_image\" \/>\n<meta name=\"twitter:creator\" content=\"@eltecolotesf\" \/>\n<meta name=\"twitter:site\" content=\"@eltecolotesf\" \/>\n<meta name=\"twitter:label1\" content=\"Written by\" \/>\n\t<meta name=\"twitter:data1\" content=\"El Tecolote Staff\" \/>\n\t<meta name=\"twitter:label2\" content=\"Est. reading time\" \/>\n\t<meta name=\"twitter:data2\" content=\"5 minutes\" \/>\n<script type=\"application\/ld+json\" class=\"yoast-schema-graph\">{\"@context\":\"https:\\\/\\\/schema.org\",\"@graph\":[{\"@type\":\"NewsArticle\",\"@id\":\"https:\\\/\\\/eltecolote.org\\\/content\\\/en\\\/latino-doctor-finds-path-to-clinica-via-cuba\\\/#article\",\"isPartOf\":{\"@id\":\"https:\\\/\\\/eltecolote.org\\\/content\\\/en\\\/latino-doctor-finds-path-to-clinica-via-cuba\\\/\"},\"author\":{\"name\":\"El Tecolote Staff\",\"@id\":\"https:\\\/\\\/eltecolote.org\\\/content\\\/#\\\/schema\\\/person\\\/08828d10185eba96895a8363a269410e\"},\"headline\":\"Latino doctor finds path to clinica via Cuba\",\"datePublished\":\"2017-05-04T22:04:39+00:00\",\"mainEntityOfPage\":{\"@id\":\"https:\\\/\\\/eltecolote.org\\\/content\\\/en\\\/latino-doctor-finds-path-to-clinica-via-cuba\\\/\"},\"wordCount\":1079,\"commentCount\":0,\"publisher\":{\"@id\":\"https:\\\/\\\/eltecolote.org\\\/content\\\/#organization\"},\"image\":{\"@id\":\"https:\\\/\\\/eltecolote.org\\\/content\\\/en\\\/latino-doctor-finds-path-to-clinica-via-cuba\\\/#primaryimage\"},\"thumbnailUrl\":\"https:\\\/\\\/i0.wp.com\\\/eltecolote.org\\\/content\\\/wp-content\\\/uploads\\\/2017\\\/05\\\/Centrospective_Abraham-Vela_02web.jpg?fit=864%2C576&quality=89&ssl=1\",\"keywords\":[\"Abraham Vela\",\"Centrospective\",\"Clinica Mart\u00edn Bar\u00f3\",\"Cuba\",\"ELAM\",\"guatemala\",\"Guatemalan\",\"Latin American School of Medicine\",\"Nestor Castillo\",\"people of the Mission\",\"profile\"],\"articleSection\":[\"Voices\"],\"inLanguage\":\"en\",\"potentialAction\":[{\"@type\":\"CommentAction\",\"name\":\"Comment\",\"target\":[\"https:\\\/\\\/eltecolote.org\\\/content\\\/en\\\/latino-doctor-finds-path-to-clinica-via-cuba\\\/#respond\"]}]},{\"@type\":\"WebPage\",\"@id\":\"https:\\\/\\\/eltecolote.org\\\/content\\\/en\\\/latino-doctor-finds-path-to-clinica-via-cuba\\\/\",\"url\":\"https:\\\/\\\/eltecolote.org\\\/content\\\/en\\\/latino-doctor-finds-path-to-clinica-via-cuba\\\/\",\"name\":\"Latino doctor finds path to clinica via Cuba - El Tecolote\",\"isPartOf\":{\"@id\":\"https:\\\/\\\/eltecolote.org\\\/content\\\/#website\"},\"primaryImageOfPage\":{\"@id\":\"https:\\\/\\\/eltecolote.org\\\/content\\\/en\\\/latino-doctor-finds-path-to-clinica-via-cuba\\\/#primaryimage\"},\"image\":{\"@id\":\"https:\\\/\\\/eltecolote.org\\\/content\\\/en\\\/latino-doctor-finds-path-to-clinica-via-cuba\\\/#primaryimage\"},\"thumbnailUrl\":\"https:\\\/\\\/i0.wp.com\\\/eltecolote.org\\\/content\\\/wp-content\\\/uploads\\\/2017\\\/05\\\/Centrospective_Abraham-Vela_02web.jpg?fit=864%2C576&quality=89&ssl=1\",\"datePublished\":\"2017-05-04T22:04:39+00:00\",\"description\":\"I met Abraham Vela playing soccer at San Francisco State University. He and I were on different paths that year. I was struggling to stay in college and\",\"inLanguage\":\"en\",\"potentialAction\":[{\"@type\":\"ReadAction\",\"target\":[\"https:\\\/\\\/eltecolote.org\\\/content\\\/en\\\/latino-doctor-finds-path-to-clinica-via-cuba\\\/\"]}]},{\"@type\":\"ImageObject\",\"inLanguage\":\"en\",\"@id\":\"https:\\\/\\\/eltecolote.org\\\/content\\\/en\\\/latino-doctor-finds-path-to-clinica-via-cuba\\\/#primaryimage\",\"url\":\"https:\\\/\\\/i0.wp.com\\\/eltecolote.org\\\/content\\\/wp-content\\\/uploads\\\/2017\\\/05\\\/Centrospective_Abraham-Vela_02web.jpg?fit=864%2C576&quality=89&ssl=1\",\"contentUrl\":\"https:\\\/\\\/i0.wp.com\\\/eltecolote.org\\\/content\\\/wp-content\\\/uploads\\\/2017\\\/05\\\/Centrospective_Abraham-Vela_02web.jpg?fit=864%2C576&quality=89&ssl=1\",\"width\":864,\"height\":576,\"caption\":\"Abraham Vela poses for a portrait outside Clinica Martin-Bar\u00f3 on April 15. Photo: Dhoryan Rizo\"},{\"@type\":\"WebSite\",\"@id\":\"https:\\\/\\\/eltecolote.org\\\/content\\\/#website\",\"url\":\"https:\\\/\\\/eltecolote.org\\\/content\\\/\",\"name\":\"El Tecolote\",\"description\":\"San Francisco's Latinx newspaper since 1970\",\"publisher\":{\"@id\":\"https:\\\/\\\/eltecolote.org\\\/content\\\/#organization\"},\"potentialAction\":[{\"@type\":\"SearchAction\",\"target\":{\"@type\":\"EntryPoint\",\"urlTemplate\":\"https:\\\/\\\/eltecolote.org\\\/content\\\/?s={search_term_string}\"},\"query-input\":{\"@type\":\"PropertyValueSpecification\",\"valueRequired\":true,\"valueName\":\"search_term_string\"}}],\"inLanguage\":\"en\"},{\"@type\":\"Organization\",\"@id\":\"https:\\\/\\\/eltecolote.org\\\/content\\\/#organization\",\"name\":\"El Tecolote\",\"url\":\"https:\\\/\\\/eltecolote.org\\\/content\\\/\",\"logo\":{\"@type\":\"ImageObject\",\"inLanguage\":\"en\",\"@id\":\"https:\\\/\\\/eltecolote.org\\\/content\\\/#\\\/schema\\\/logo\\\/image\\\/\",\"url\":\"https:\\\/\\\/i0.wp.com\\\/eltecolote.org\\\/content\\\/wp-content\\\/uploads\\\/2021\\\/05\\\/ETlogo-1.jpg?fit=400%2C400&ssl=1\",\"contentUrl\":\"https:\\\/\\\/i0.wp.com\\\/eltecolote.org\\\/content\\\/wp-content\\\/uploads\\\/2021\\\/05\\\/ETlogo-1.jpg?fit=400%2C400&ssl=1\",\"width\":400,\"height\":400,\"caption\":\"El Tecolote\"},\"image\":{\"@id\":\"https:\\\/\\\/eltecolote.org\\\/content\\\/#\\\/schema\\\/logo\\\/image\\\/\"},\"sameAs\":[\"https:\\\/\\\/www.facebook.com\\\/ElTecoloteSF\\\/\",\"https:\\\/\\\/x.com\\\/eltecolotesf\",\"https:\\\/\\\/www.instagram.com\\\/eltecolotesf\\\/\"]},{\"@type\":\"Person\",\"@id\":\"https:\\\/\\\/eltecolote.org\\\/content\\\/#\\\/schema\\\/person\\\/08828d10185eba96895a8363a269410e\",\"name\":\"El Tecolote Staff\",\"image\":{\"@type\":\"ImageObject\",\"inLanguage\":\"en\",\"@id\":\"https:\\\/\\\/secure.gravatar.com\\\/avatar\\\/9534c92c8c908364e186a64d93efc86f62367109d1b07a3454facde655968589?s=96&d=mm&r=g6afcb607783e095e4cf6be807353924d\",\"url\":\"https:\\\/\\\/secure.gravatar.com\\\/avatar\\\/9534c92c8c908364e186a64d93efc86f62367109d1b07a3454facde655968589?s=96&d=mm&r=g\",\"contentUrl\":\"https:\\\/\\\/secure.gravatar.com\\\/avatar\\\/9534c92c8c908364e186a64d93efc86f62367109d1b07a3454facde655968589?s=96&d=mm&r=g\",\"caption\":\"El Tecolote Staff\"},\"url\":\"https:\\\/\\\/eltecolote.org\\\/content\\\/author\\\/web-editor\\\/\"}]}<\/script>\n<!-- \/ Yoast SEO plugin. -->","yoast_head_json":{"title":"Latino doctor finds path to clinica via Cuba - El Tecolote","description":"I met Abraham Vela playing soccer at San Francisco State University. He and I were on different paths that year. I was struggling to stay in college and","robots":{"index":"index","follow":"follow","max-snippet":"max-snippet:-1","max-image-preview":"max-image-preview:large","max-video-preview":"max-video-preview:-1"},"canonical":"https:\/\/eltecolote.org\/content\/en\/latino-doctor-finds-path-to-clinica-via-cuba\/","og_locale":"en_US","og_type":"article","og_title":"Latino doctor finds path to clinica via Cuba - El Tecolote","og_description":"I met Abraham Vela playing soccer at San Francisco State University. He and I were on different paths that year. I was struggling to stay in college and","og_url":"https:\/\/eltecolote.org\/content\/en\/latino-doctor-finds-path-to-clinica-via-cuba\/","og_site_name":"El Tecolote","article_publisher":"https:\/\/www.facebook.com\/ElTecoloteSF\/","article_published_time":"2017-05-04T22:04:39+00:00","og_image":[{"width":864,"height":576,"url":"https:\/\/i0.wp.com\/eltecolote.org\/content\/wp-content\/uploads\/2017\/05\/Centrospective_Abraham-Vela_02web.jpg?fit=864%2C576&ssl=1","type":"image\/jpeg"}],"author":"El Tecolote Staff","twitter_card":"summary_large_image","twitter_creator":"@eltecolotesf","twitter_site":"@eltecolotesf","twitter_misc":{"Written by":"El Tecolote Staff","Est. reading time":"5 minutes"},"schema":{"@context":"https:\/\/schema.org","@graph":[{"@type":"NewsArticle","@id":"https:\/\/eltecolote.org\/content\/en\/latino-doctor-finds-path-to-clinica-via-cuba\/#article","isPartOf":{"@id":"https:\/\/eltecolote.org\/content\/en\/latino-doctor-finds-path-to-clinica-via-cuba\/"},"author":{"name":"El Tecolote Staff","@id":"https:\/\/eltecolote.org\/content\/#\/schema\/person\/08828d10185eba96895a8363a269410e"},"headline":"Latino doctor finds path to clinica via Cuba","datePublished":"2017-05-04T22:04:39+00:00","mainEntityOfPage":{"@id":"https:\/\/eltecolote.org\/content\/en\/latino-doctor-finds-path-to-clinica-via-cuba\/"},"wordCount":1079,"commentCount":0,"publisher":{"@id":"https:\/\/eltecolote.org\/content\/#organization"},"image":{"@id":"https:\/\/eltecolote.org\/content\/en\/latino-doctor-finds-path-to-clinica-via-cuba\/#primaryimage"},"thumbnailUrl":"https:\/\/i0.wp.com\/eltecolote.org\/content\/wp-content\/uploads\/2017\/05\/Centrospective_Abraham-Vela_02web.jpg?fit=864%2C576&quality=89&ssl=1","keywords":["Abraham Vela","Centrospective","Clinica Mart\u00edn Bar\u00f3","Cuba","ELAM","guatemala","Guatemalan","Latin American School of Medicine","Nestor Castillo","people of the Mission","profile"],"articleSection":["Voices"],"inLanguage":"en","potentialAction":[{"@type":"CommentAction","name":"Comment","target":["https:\/\/eltecolote.org\/content\/en\/latino-doctor-finds-path-to-clinica-via-cuba\/#respond"]}]},{"@type":"WebPage","@id":"https:\/\/eltecolote.org\/content\/en\/latino-doctor-finds-path-to-clinica-via-cuba\/","url":"https:\/\/eltecolote.org\/content\/en\/latino-doctor-finds-path-to-clinica-via-cuba\/","name":"Latino doctor finds path to clinica via Cuba - El Tecolote","isPartOf":{"@id":"https:\/\/eltecolote.org\/content\/#website"},"primaryImageOfPage":{"@id":"https:\/\/eltecolote.org\/content\/en\/latino-doctor-finds-path-to-clinica-via-cuba\/#primaryimage"},"image":{"@id":"https:\/\/eltecolote.org\/content\/en\/latino-doctor-finds-path-to-clinica-via-cuba\/#primaryimage"},"thumbnailUrl":"https:\/\/i0.wp.com\/eltecolote.org\/content\/wp-content\/uploads\/2017\/05\/Centrospective_Abraham-Vela_02web.jpg?fit=864%2C576&quality=89&ssl=1","datePublished":"2017-05-04T22:04:39+00:00","description":"I met Abraham Vela playing soccer at San Francisco State University. He and I were on different paths that year. I was struggling to stay in college and","inLanguage":"en","potentialAction":[{"@type":"ReadAction","target":["https:\/\/eltecolote.org\/content\/en\/latino-doctor-finds-path-to-clinica-via-cuba\/"]}]},{"@type":"ImageObject","inLanguage":"en","@id":"https:\/\/eltecolote.org\/content\/en\/latino-doctor-finds-path-to-clinica-via-cuba\/#primaryimage","url":"https:\/\/i0.wp.com\/eltecolote.org\/content\/wp-content\/uploads\/2017\/05\/Centrospective_Abraham-Vela_02web.jpg?fit=864%2C576&quality=89&ssl=1","contentUrl":"https:\/\/i0.wp.com\/eltecolote.org\/content\/wp-content\/uploads\/2017\/05\/Centrospective_Abraham-Vela_02web.jpg?fit=864%2C576&quality=89&ssl=1","width":864,"height":576,"caption":"Abraham Vela poses for a portrait outside Clinica Martin-Bar\u00f3 on April 15. Photo: Dhoryan Rizo"},{"@type":"WebSite","@id":"https:\/\/eltecolote.org\/content\/#website","url":"https:\/\/eltecolote.org\/content\/","name":"El Tecolote","description":"San Francisco's Latinx newspaper since 1970","publisher":{"@id":"https:\/\/eltecolote.org\/content\/#organization"},"potentialAction":[{"@type":"SearchAction","target":{"@type":"EntryPoint","urlTemplate":"https:\/\/eltecolote.org\/content\/?s={search_term_string}"},"query-input":{"@type":"PropertyValueSpecification","valueRequired":true,"valueName":"search_term_string"}}],"inLanguage":"en"},{"@type":"Organization","@id":"https:\/\/eltecolote.org\/content\/#organization","name":"El Tecolote","url":"https:\/\/eltecolote.org\/content\/","logo":{"@type":"ImageObject","inLanguage":"en","@id":"https:\/\/eltecolote.org\/content\/#\/schema\/logo\/image\/","url":"https:\/\/i0.wp.com\/eltecolote.org\/content\/wp-content\/uploads\/2021\/05\/ETlogo-1.jpg?fit=400%2C400&ssl=1","contentUrl":"https:\/\/i0.wp.com\/eltecolote.org\/content\/wp-content\/uploads\/2021\/05\/ETlogo-1.jpg?fit=400%2C400&ssl=1","width":400,"height":400,"caption":"El Tecolote"},"image":{"@id":"https:\/\/eltecolote.org\/content\/#\/schema\/logo\/image\/"},"sameAs":["https:\/\/www.facebook.com\/ElTecoloteSF\/","https:\/\/x.com\/eltecolotesf","https:\/\/www.instagram.com\/eltecolotesf\/"]},{"@type":"Person","@id":"https:\/\/eltecolote.org\/content\/#\/schema\/person\/08828d10185eba96895a8363a269410e","name":"El Tecolote Staff","image":{"@type":"ImageObject","inLanguage":"en","@id":"https:\/\/secure.gravatar.com\/avatar\/9534c92c8c908364e186a64d93efc86f62367109d1b07a3454facde655968589?s=96&d=mm&r=g6afcb607783e095e4cf6be807353924d","url":"https:\/\/secure.gravatar.com\/avatar\/9534c92c8c908364e186a64d93efc86f62367109d1b07a3454facde655968589?s=96&d=mm&r=g","contentUrl":"https:\/\/secure.gravatar.com\/avatar\/9534c92c8c908364e186a64d93efc86f62367109d1b07a3454facde655968589?s=96&d=mm&r=g","caption":"El Tecolote Staff"},"url":"https:\/\/eltecolote.org\/content\/author\/web-editor\/"}]}},"distributor_meta":false,"distributor_terms":false,"distributor_media":false,"distributor_original_site_name":"El Tecolote","distributor_original_site_url":"https:\/\/eltecolote.org\/content","push-errors":false,"_links":{"self":[{"href":"https:\/\/eltecolote.org\/content\/wp-json\/wp\/v2\/posts\/33945","targetHints":{"allow":["GET"]}}],"collection":[{"href":"https:\/\/eltecolote.org\/content\/wp-json\/wp\/v2\/posts"}],"about":[{"href":"https:\/\/eltecolote.org\/content\/wp-json\/wp\/v2\/types\/post"}],"author":[{"embeddable":true,"href":"https:\/\/eltecolote.org\/content\/wp-json\/wp\/v2\/users\/35"}],"replies":[{"embeddable":true,"href":"https:\/\/eltecolote.org\/content\/wp-json\/wp\/v2\/comments?post=33945"}],"version-history":[{"count":3,"href":"https:\/\/eltecolote.org\/content\/wp-json\/wp\/v2\/posts\/33945\/revisions"}],"predecessor-version":[{"id":33952,"href":"https:\/\/eltecolote.org\/content\/wp-json\/wp\/v2\/posts\/33945\/revisions\/33952"}],"wp:featuredmedia":[{"embeddable":true,"href":"https:\/\/eltecolote.org\/content\/wp-json\/wp\/v2\/media\/33949"}],"wp:attachment":[{"href":"https:\/\/eltecolote.org\/content\/wp-json\/wp\/v2\/media?parent=33945"}],"wp:term":[{"taxonomy":"category","embeddable":true,"href":"https:\/\/eltecolote.org\/content\/wp-json\/wp\/v2\/categories?post=33945"},{"taxonomy":"post_tag","embeddable":true,"href":"https:\/\/eltecolote.org\/content\/wp-json\/wp\/v2\/tags?post=33945"},{"taxonomy":"author","embeddable":true,"href":"https:\/\/eltecolote.org\/content\/wp-json\/wp\/v2\/coauthors?post=33945"}],"curies":[{"name":"wp","href":"https:\/\/api.w.org\/{rel}","templated":true}]}}