{"id":33936,"date":"2017-05-04T14:42:50","date_gmt":"2017-05-04T21:42:50","guid":{"rendered":"http:\/\/eltecolote.org\/content\/?p=33936"},"modified":"2017-05-04T14:45:15","modified_gmt":"2017-05-04T21:45:15","slug":"vicente-fox-visita-el-area-de-la-bahia-da-un-consejo-a-trump","status":"publish","type":"post","link":"https:\/\/eltecolote.org\/content\/es\/vicente-fox-visita-el-area-de-la-bahia-da-un-consejo-a-trump\/","title":{"rendered":"Vicente Fox visita el \u00c1rea de la Bah\u00eda, da un consejo a Trump"},"content":{"rendered":"<figure id=\"attachment_33938\" aria-describedby=\"caption-attachment-33938\" style=\"width: 600px\" class=\"wp-caption aligncenter\"><a href=\"https:\/\/i0.wp.com\/eltecolote.org\/content\/wp-content\/uploads\/2017\/05\/Vicente-Fox_11web-1.jpg?quality=89&#038;ssl=1\"><img data-recalc-dims=\"1\" loading=\"lazy\" decoding=\"async\" class=\"size-large wp-image-33938\" src=\"https:\/\/i0.wp.com\/eltecolote.org\/content\/wp-content\/uploads\/2017\/05\/Vicente-Fox_11web-1.jpg?resize=600%2C400&#038;quality=89&#038;ssl=1\" alt=\"\" width=\"600\" height=\"400\" srcset=\"https:\/\/i0.wp.com\/eltecolote.org\/content\/wp-content\/uploads\/2017\/05\/Vicente-Fox_11web-1.jpg?resize=600%2C400&amp;quality=89&amp;ssl=1 600w, https:\/\/i0.wp.com\/eltecolote.org\/content\/wp-content\/uploads\/2017\/05\/Vicente-Fox_11web-1.jpg?resize=360%2C240&amp;quality=89&amp;ssl=1 360w, https:\/\/i0.wp.com\/eltecolote.org\/content\/wp-content\/uploads\/2017\/05\/Vicente-Fox_11web-1.jpg?resize=768%2C512&amp;quality=89&amp;ssl=1 768w, https:\/\/i0.wp.com\/eltecolote.org\/content\/wp-content\/uploads\/2017\/05\/Vicente-Fox_11web-1.jpg?w=864&amp;quality=89&amp;ssl=1 864w\" sizes=\"auto, (max-width: 600px) 100vw, 600px\" \/><\/a><figcaption id=\"caption-attachment-33938\" class=\"wp-caption-text\">Vicente Fox, former president of Mexico, talks about Mexico-US state relations at a press conference at the Commonwealth Club of California in San Francisco on April 19, 2017. Photo: Drago Renter\u00eda<\/figcaption><\/figure>\n<p class=\"p3\">El expresidente de M\u00e9xico, Vicente Fox (2000-2006), visit\u00f3 el \u00c1rea de la Bah\u00eda recientemente. Acudi\u00f3 al Marine\u2019s Memorial Theatre en Union Square el 19 de abril, para discutir el tema de la inmigraci\u00f3n, las relaciones entre M\u00e9xico-EEUU y el propuesto muro fronterizo.<\/p>\n<p class=\"p5\">Fox, quien ha hablado abierta y cr\u00edticamente acerca del tratamiento que el presidente Trump ha dado a los mexicanos y a la comunidad inmigrante, dio una fuerte y clara respuesta hacia el propuesto muro: \u201cM\u00e9xico y yo, no vamos a pagar por el chingado muro\u201d.<\/p>\n<p class=\"p4\">\u201cLos amo\u201d, dijo Fox a <i>El Tecolote<\/i>, al pedirle enviar un mensaje a las comunidades Mexico-Americanas e inmigrantes a quienes los comentarios del presidente Trump han ofendido. \u201cAmo a cada uno de ellos como amo a mi abuelo quien tuvo la valent\u00eda de inmigrar, en busca de una vida mejor. Esto es lo que yo admiro de esta gente. No nos olvidemos que estoy hablando de cada uno de los ciudadanos americanos, ya que este pa\u00eds ha sido construido por inmigrantes a trav\u00e9s de la historia\u201d.<\/p>\n<p class=\"p5\">En alg\u00fan momento, los antepasados de Fox emigraron de Europa a los EEUU. Su familia primero se fue de Irlanda a Strasbourg, una regi\u00f3n entre Francia y Alemania, hasta que por fin se abrieron camino hacia los EEUU. El abuelo paterno de Fox, Joseph \u2018Joe\u2019 Louis Fuchs, naci\u00f3 en Cincinnati, Ohio. Su padre Jos\u00e9 Luis Fox Pont, naci\u00f3 en M\u00e9xico al igual que el expresidente.<\/p>\n<p class=\"p5\">Cuando joven, Fox asisti\u00f3 a la Universidad Iberoamericana en la ciudad de M\u00e9xico donde se le concedi\u00f3 un diploma en administraci\u00f3n de empresas en 1964, y asisti\u00f3 a la Facultad de Negocios de Harvard en 1974.<\/p>\n<p class=\"p5\">Antes de su presidencia, Fox fue jefe ejecutivo de la Compa\u00f1\u00eda Coca-Cola de M\u00e9xico, donde estaba a cargo de las operaciones de Latinoam\u00e9rica. Sin embargo, la carrera de Fox cambi\u00f3 cuando descubri\u00f3 la alegr\u00eda al ayudar a los necesitados.<\/p>\n<p class=\"p5\">\u201cLa creencia profunda y la convicci\u00f3n de que el camino m\u00e1s corto hacia la felicidad es la ayuda al pr\u00f3jimo, describe la vida que hemos vivido mi esposa Marta y yo\u201d, dijo Fox. \u201cVive para los otros y ser\u00e1s feliz\u201d, agreg\u00f3.<\/p>\n<p class=\"p5\">Los m\u00e1s de 564 asistentes que llenaron el auditorio, escucharon atentamente mientras que Fox, de pie en el escenario, comparaba al propuesto muro de Trump a la Gran Muralla China.<\/p>\n<p class=\"p5\">\u201cHablemos de muros. Otra gran idea\u201d, dijo sarc\u00e1sticamente. \u201cYa tenemos un muro. China construy\u00f3 un muro, un gran muro, un hermoso muro\u2026 Ese muro se construy\u00f3 para proteger a China de sus enemigos. Sus enemigos eran los habitantes de Manchuria y los mongoles. As\u00ed que China decidi\u00f3 con gran sacrificio, con su propio dinero y sin pedirle a nadie que lo pagara, y \u00bfqu\u00e9 paso? Invadieron China.<span class=\"Apple-converted-space\">\u00a0 <\/span>\u00bfY el muro de Berl\u00edn, construido para impedirle al pueblo su libertad, mantenerlos al margen del mundo libre&#8230;? Los muros no funcionan\u201d.<\/p>\n<p class=\"p5\">Fox ha dicho claramente que no est\u00e1 de acuerdo con una frontera abierta, pero s\u00ed a favor \u201clas fronteras ordenadas\u201d, como lo dijo, y asegur\u00f3 que M\u00e9xico lo necesita.<\/p>\n<figure id=\"attachment_33937\" aria-describedby=\"caption-attachment-33937\" style=\"width: 600px\" class=\"wp-caption alignright\"><a href=\"https:\/\/i0.wp.com\/eltecolote.org\/content\/wp-content\/uploads\/2017\/05\/Vicente-Fox_10web-1.jpg?quality=89&#038;ssl=1\"><img data-recalc-dims=\"1\" loading=\"lazy\" decoding=\"async\" class=\"size-large wp-image-33937\" src=\"https:\/\/i0.wp.com\/eltecolote.org\/content\/wp-content\/uploads\/2017\/05\/Vicente-Fox_10web-1.jpg?resize=600%2C400&#038;quality=89&#038;ssl=1\" alt=\"\" width=\"600\" height=\"400\" srcset=\"https:\/\/i0.wp.com\/eltecolote.org\/content\/wp-content\/uploads\/2017\/05\/Vicente-Fox_10web-1.jpg?resize=600%2C400&amp;quality=89&amp;ssl=1 600w, https:\/\/i0.wp.com\/eltecolote.org\/content\/wp-content\/uploads\/2017\/05\/Vicente-Fox_10web-1.jpg?resize=360%2C240&amp;quality=89&amp;ssl=1 360w, https:\/\/i0.wp.com\/eltecolote.org\/content\/wp-content\/uploads\/2017\/05\/Vicente-Fox_10web-1.jpg?resize=768%2C512&amp;quality=89&amp;ssl=1 768w, https:\/\/i0.wp.com\/eltecolote.org\/content\/wp-content\/uploads\/2017\/05\/Vicente-Fox_10web-1.jpg?w=864&amp;quality=89&amp;ssl=1 864w\" sizes=\"auto, (max-width: 600px) 100vw, 600px\" \/><\/a><figcaption id=\"caption-attachment-33937\" class=\"wp-caption-text\">Vicente Fox, ex presidente de M\u00e9xico, habla sobre las relaciones de estado entre M\u00e9xico-EEUU en una conferencia de prensa en el Commonwealth Club of California en San Francisco el 19 de abril de 2017. Foto: Drago Renter\u00eda<\/figcaption><\/figure>\n<p class=\"p5\">\u201cNo queremos una invasi\u00f3n de los gringos nuevamente\u201d, brome\u00f3.<\/p>\n<p class=\"p5\">\u201cImaginen $35 mil millones de d\u00f3lares que van a salir de sus bolsillos, de los bolsillos de los que pagan sus impuestos\u201d, Fox le pregunt\u00f3 a la audiencia. \u201cPorque Trump quiere un gran y hermoso muro. Por qu\u00e9 no tomamos 35 mil millones de d\u00f3lares y los invertimos en Centroam\u00e9rica, o en M\u00e9xico, o en los estados del sur de EEUU o en las \u00e1reas con gran desempleo\u201d.<\/p>\n<p class=\"p5\">Fox tambi\u00e9n habl\u00f3 del Tratado de Libre Comercio (NAFTA) un tema del cual el presidente Trump se ha expresado fuertemente.<\/p>\n<p class=\"p5\">En repetidas ocasiones Trump ha expresado su disgusto hacia NAFTA, dici\u00e9ndole a la Prensa Asociada: \u201cEstoy muy molesto con NAFTA. Pienso que NAFTA ha sido un acuerdo catastr\u00f3fico para los EEUU\u2026<span class=\"Apple-converted-space\">\u00a0 <\/span>Nos perjudica con Canad\u00e1 y nos perjudica con M\u00e9xico\u201d.<\/p>\n<p class=\"p5\">Sin embargo, Fox piensa que M\u00e9xico, Canad\u00e1 y los EEUU se benefician con este acuerdo.<\/p>\n<p class=\"p5\">\u201cNAFTA es una herramienta competitiva\u201d, dijo Fox. \u201cNAFTA ha convertido a Am\u00e9rica del Norte en el consumidor m\u00e1s grande del mundo. NAFTA ha creado la producci\u00f3n m\u00e1s grande, la fabricaci\u00f3n m\u00e1s grande, la expansi\u00f3n de tecnolog\u00eda y conocimiento en todo el mundo. Somos los campeones. NAFTA puede enfrentarse a cualquier desaf\u00edo de parte del Este. Si EEUU lo hiciera solo, es dudoso que pudiera competir con China\u201d.<\/p>\n<p class=\"p5\">En cuanto el expresidente de M\u00e9xico, ten\u00eda unas cuantas palabras para el presidente de los EEUU: \u201cTrump, necesitas dejar de ser tan ego\u00edsta. Ahora representas a m\u00e1s de 300 millones de ciudadanos. Ahora cuando abres la boca, mandas un tweet, o firmas \u00f3rdenes ejecutivas, puedes impactar a ocho mil millones de personas. As\u00ed que c\u00e1lmate y c\u00e1llate, se presidencial\u201d.<\/p>\n","protected":false},"excerpt":{"rendered":"<p>El expresidente de M\u00e9xico, Vicente Fox (2000-2006), visit\u00f3 el \u00c1rea de la Bah\u00eda recientemente. Acudi\u00f3 al Marine\u2019s Memorial Theatre en Union Square el 19 de abril, para discutir el tema de la inmigraci\u00f3n, las relaciones entre M\u00e9xico-EEUU y el propuesto muro fronterizo. Fox, quien ha hablado abierta y cr\u00edticamente acerca del tratamiento que el presidente [&hellip;]<\/p>\n","protected":false},"author":35,"featured_media":33937,"comment_status":"open","ping_status":"closed","sticky":false,"template":"","format":"standard","meta":{"newspack_popups_has_disabled_popups":false,"newspack_featured_image_position":"","newspack_post_subtitle":"","newspack_article_summary_title":"Overview:","newspack_article_summary":"","newspack_hide_updated_date":false,"newspack_show_updated_date":false,"footnotes":""},"categories":[3525,3578,3519],"tags":[13454,13456,11499,13640,13642,3811,13636,13638,13644,13646],"coauthors":[],"class_list":["post-33936","post","type-post","status-publish","format-standard","has-post-thumbnail","hentry","category-america-latina","category-inmigracion-noticias","category-noticias","tag-alejandro-galicia-es","tag-alejandro-galicia-diaz-es","tag-commonwealth-club-es","tag-commonwealth-club-of-california-es","tag-marines-memorial-theatre-es","tag-mexico-es","tag-muro","tag-muro-fronterizo","tag-politica-es","tag-vicente-fox-es","entry"],"yoast_head":"<!-- This site is optimized with the Yoast SEO plugin v27.5 - https:\/\/yoast.com\/product\/yoast-seo-wordpress\/ -->\n<title>Vicente Fox visita el \u00c1rea de la Bah\u00eda, da un consejo a Trump - El Tecolote<\/title>\n<meta name=\"description\" content=\"El expresidente de M\u00e9xico, Vicente Fox (2000-2006), visit\u00f3 el \u00c1rea de la Bah\u00eda recientemente. Acudi\u00f3 al Marine\u2019s Memorial Theatre en Union Square el 19 de\" \/>\n<meta name=\"robots\" content=\"index, follow, max-snippet:-1, max-image-preview:large, max-video-preview:-1\" \/>\n<link rel=\"canonical\" href=\"https:\/\/eltecolote.org\/content\/es\/vicente-fox-visita-el-area-de-la-bahia-da-un-consejo-a-trump\/\" \/>\n<meta property=\"og:locale\" content=\"en_US\" \/>\n<meta property=\"og:type\" content=\"article\" \/>\n<meta property=\"og:title\" content=\"Vicente Fox visita el \u00c1rea de la Bah\u00eda, da un consejo a Trump - El Tecolote\" \/>\n<meta property=\"og:description\" content=\"El expresidente de M\u00e9xico, Vicente Fox (2000-2006), visit\u00f3 el \u00c1rea de la Bah\u00eda recientemente. Acudi\u00f3 al Marine\u2019s Memorial Theatre en Union Square el 19 de\" \/>\n<meta property=\"og:url\" content=\"https:\/\/eltecolote.org\/content\/es\/vicente-fox-visita-el-area-de-la-bahia-da-un-consejo-a-trump\/\" \/>\n<meta property=\"og:site_name\" content=\"El Tecolote\" \/>\n<meta property=\"article:publisher\" content=\"https:\/\/www.facebook.com\/ElTecoloteSF\/\" \/>\n<meta property=\"article:published_time\" content=\"2017-05-04T21:42:50+00:00\" \/>\n<meta property=\"article:modified_time\" content=\"2017-05-04T21:45:15+00:00\" \/>\n<meta property=\"og:image\" content=\"https:\/\/i0.wp.com\/eltecolote.org\/content\/wp-content\/uploads\/2017\/05\/Vicente-Fox_10web-1.jpg?fit=864%2C576&ssl=1\" \/>\n\t<meta property=\"og:image:width\" content=\"864\" \/>\n\t<meta property=\"og:image:height\" content=\"576\" \/>\n\t<meta property=\"og:image:type\" content=\"image\/jpeg\" \/>\n<meta name=\"author\" content=\"El Tecolote Staff\" \/>\n<meta name=\"twitter:card\" content=\"summary_large_image\" \/>\n<meta name=\"twitter:creator\" content=\"@eltecolotesf\" \/>\n<meta name=\"twitter:site\" content=\"@eltecolotesf\" \/>\n<meta name=\"twitter:label1\" content=\"Written by\" \/>\n\t<meta name=\"twitter:data1\" content=\"El Tecolote Staff\" \/>\n\t<meta name=\"twitter:label2\" content=\"Est. reading time\" \/>\n\t<meta name=\"twitter:data2\" content=\"5 minutes\" \/>\n<script type=\"application\/ld+json\" class=\"yoast-schema-graph\">{\"@context\":\"https:\\\/\\\/schema.org\",\"@graph\":[{\"@type\":\"NewsArticle\",\"@id\":\"https:\\\/\\\/eltecolote.org\\\/content\\\/es\\\/vicente-fox-visita-el-area-de-la-bahia-da-un-consejo-a-trump\\\/#article\",\"isPartOf\":{\"@id\":\"https:\\\/\\\/eltecolote.org\\\/content\\\/es\\\/vicente-fox-visita-el-area-de-la-bahia-da-un-consejo-a-trump\\\/\"},\"author\":{\"name\":\"El Tecolote Staff\",\"@id\":\"https:\\\/\\\/eltecolote.org\\\/content\\\/#\\\/schema\\\/person\\\/08828d10185eba96895a8363a269410e\"},\"headline\":\"Vicente Fox visita el \u00c1rea de la Bah\u00eda, da un consejo a Trump\",\"datePublished\":\"2017-05-04T21:42:50+00:00\",\"dateModified\":\"2017-05-04T21:45:15+00:00\",\"mainEntityOfPage\":{\"@id\":\"https:\\\/\\\/eltecolote.org\\\/content\\\/es\\\/vicente-fox-visita-el-area-de-la-bahia-da-un-consejo-a-trump\\\/\"},\"wordCount\":921,\"commentCount\":0,\"publisher\":{\"@id\":\"https:\\\/\\\/eltecolote.org\\\/content\\\/#organization\"},\"image\":{\"@id\":\"https:\\\/\\\/eltecolote.org\\\/content\\\/es\\\/vicente-fox-visita-el-area-de-la-bahia-da-un-consejo-a-trump\\\/#primaryimage\"},\"thumbnailUrl\":\"https:\\\/\\\/i0.wp.com\\\/eltecolote.org\\\/content\\\/wp-content\\\/uploads\\\/2017\\\/05\\\/Vicente-Fox_10web-1.jpg?fit=864%2C576&quality=89&ssl=1\",\"keywords\":[\"Alejandro Galicia\",\"Alejandro Galicia Diaz\",\"commonwealth club\",\"Commonwealth Club of California\",\"Marine's Memorial Theatre\",\"Mexico\",\"muro\",\"muro fronterizo\",\"politica\",\"Vicente Fox\"],\"articleSection\":[\"Am\u00e9rica Latina\",\"Inmigraci\u00f3n\",\"Noticias\"],\"inLanguage\":\"en\",\"potentialAction\":[{\"@type\":\"CommentAction\",\"name\":\"Comment\",\"target\":[\"https:\\\/\\\/eltecolote.org\\\/content\\\/es\\\/vicente-fox-visita-el-area-de-la-bahia-da-un-consejo-a-trump\\\/#respond\"]}]},{\"@type\":\"WebPage\",\"@id\":\"https:\\\/\\\/eltecolote.org\\\/content\\\/es\\\/vicente-fox-visita-el-area-de-la-bahia-da-un-consejo-a-trump\\\/\",\"url\":\"https:\\\/\\\/eltecolote.org\\\/content\\\/es\\\/vicente-fox-visita-el-area-de-la-bahia-da-un-consejo-a-trump\\\/\",\"name\":\"Vicente Fox visita el \u00c1rea de la Bah\u00eda, da un consejo a Trump - El Tecolote\",\"isPartOf\":{\"@id\":\"https:\\\/\\\/eltecolote.org\\\/content\\\/#website\"},\"primaryImageOfPage\":{\"@id\":\"https:\\\/\\\/eltecolote.org\\\/content\\\/es\\\/vicente-fox-visita-el-area-de-la-bahia-da-un-consejo-a-trump\\\/#primaryimage\"},\"image\":{\"@id\":\"https:\\\/\\\/eltecolote.org\\\/content\\\/es\\\/vicente-fox-visita-el-area-de-la-bahia-da-un-consejo-a-trump\\\/#primaryimage\"},\"thumbnailUrl\":\"https:\\\/\\\/i0.wp.com\\\/eltecolote.org\\\/content\\\/wp-content\\\/uploads\\\/2017\\\/05\\\/Vicente-Fox_10web-1.jpg?fit=864%2C576&quality=89&ssl=1\",\"datePublished\":\"2017-05-04T21:42:50+00:00\",\"dateModified\":\"2017-05-04T21:45:15+00:00\",\"description\":\"El expresidente de M\u00e9xico, Vicente Fox (2000-2006), visit\u00f3 el \u00c1rea de la Bah\u00eda recientemente. Acudi\u00f3 al Marine\u2019s Memorial Theatre en Union Square el 19 de\",\"inLanguage\":\"en\",\"potentialAction\":[{\"@type\":\"ReadAction\",\"target\":[\"https:\\\/\\\/eltecolote.org\\\/content\\\/es\\\/vicente-fox-visita-el-area-de-la-bahia-da-un-consejo-a-trump\\\/\"]}]},{\"@type\":\"ImageObject\",\"inLanguage\":\"en\",\"@id\":\"https:\\\/\\\/eltecolote.org\\\/content\\\/es\\\/vicente-fox-visita-el-area-de-la-bahia-da-un-consejo-a-trump\\\/#primaryimage\",\"url\":\"https:\\\/\\\/i0.wp.com\\\/eltecolote.org\\\/content\\\/wp-content\\\/uploads\\\/2017\\\/05\\\/Vicente-Fox_10web-1.jpg?fit=864%2C576&quality=89&ssl=1\",\"contentUrl\":\"https:\\\/\\\/i0.wp.com\\\/eltecolote.org\\\/content\\\/wp-content\\\/uploads\\\/2017\\\/05\\\/Vicente-Fox_10web-1.jpg?fit=864%2C576&quality=89&ssl=1\",\"width\":864,\"height\":576,\"caption\":\"Vicente Fox, ex presidente de M\u00e9xico, habla sobre las relaciones de estado entre M\u00e9xico-EEUU en una conferencia de prensa en el Commonwealth Club of California en San Francisco el 19 de abril de 2017. Foto: Drago Renter\u00eda\"},{\"@type\":\"WebSite\",\"@id\":\"https:\\\/\\\/eltecolote.org\\\/content\\\/#website\",\"url\":\"https:\\\/\\\/eltecolote.org\\\/content\\\/\",\"name\":\"El Tecolote\",\"description\":\"San Francisco's Latinx newspaper since 1970\",\"publisher\":{\"@id\":\"https:\\\/\\\/eltecolote.org\\\/content\\\/#organization\"},\"potentialAction\":[{\"@type\":\"SearchAction\",\"target\":{\"@type\":\"EntryPoint\",\"urlTemplate\":\"https:\\\/\\\/eltecolote.org\\\/content\\\/?s={search_term_string}\"},\"query-input\":{\"@type\":\"PropertyValueSpecification\",\"valueRequired\":true,\"valueName\":\"search_term_string\"}}],\"inLanguage\":\"en\"},{\"@type\":\"Organization\",\"@id\":\"https:\\\/\\\/eltecolote.org\\\/content\\\/#organization\",\"name\":\"El Tecolote\",\"url\":\"https:\\\/\\\/eltecolote.org\\\/content\\\/\",\"logo\":{\"@type\":\"ImageObject\",\"inLanguage\":\"en\",\"@id\":\"https:\\\/\\\/eltecolote.org\\\/content\\\/#\\\/schema\\\/logo\\\/image\\\/\",\"url\":\"https:\\\/\\\/i0.wp.com\\\/eltecolote.org\\\/content\\\/wp-content\\\/uploads\\\/2021\\\/05\\\/ETlogo-1.jpg?fit=400%2C400&ssl=1\",\"contentUrl\":\"https:\\\/\\\/i0.wp.com\\\/eltecolote.org\\\/content\\\/wp-content\\\/uploads\\\/2021\\\/05\\\/ETlogo-1.jpg?fit=400%2C400&ssl=1\",\"width\":400,\"height\":400,\"caption\":\"El Tecolote\"},\"image\":{\"@id\":\"https:\\\/\\\/eltecolote.org\\\/content\\\/#\\\/schema\\\/logo\\\/image\\\/\"},\"sameAs\":[\"https:\\\/\\\/www.facebook.com\\\/ElTecoloteSF\\\/\",\"https:\\\/\\\/x.com\\\/eltecolotesf\",\"https:\\\/\\\/www.instagram.com\\\/eltecolotesf\\\/\"]},{\"@type\":\"Person\",\"@id\":\"https:\\\/\\\/eltecolote.org\\\/content\\\/#\\\/schema\\\/person\\\/08828d10185eba96895a8363a269410e\",\"name\":\"El Tecolote Staff\",\"image\":{\"@type\":\"ImageObject\",\"inLanguage\":\"en\",\"@id\":\"https:\\\/\\\/secure.gravatar.com\\\/avatar\\\/9534c92c8c908364e186a64d93efc86f62367109d1b07a3454facde655968589?s=96&d=mm&r=g6afcb607783e095e4cf6be807353924d\",\"url\":\"https:\\\/\\\/secure.gravatar.com\\\/avatar\\\/9534c92c8c908364e186a64d93efc86f62367109d1b07a3454facde655968589?s=96&d=mm&r=g\",\"contentUrl\":\"https:\\\/\\\/secure.gravatar.com\\\/avatar\\\/9534c92c8c908364e186a64d93efc86f62367109d1b07a3454facde655968589?s=96&d=mm&r=g\",\"caption\":\"El Tecolote Staff\"},\"url\":\"https:\\\/\\\/eltecolote.org\\\/content\\\/author\\\/web-editor\\\/\"}]}<\/script>\n<!-- \/ Yoast SEO plugin. -->","yoast_head_json":{"title":"Vicente Fox visita el \u00c1rea de la Bah\u00eda, da un consejo a Trump - El Tecolote","description":"El expresidente de M\u00e9xico, Vicente Fox (2000-2006), visit\u00f3 el \u00c1rea de la Bah\u00eda recientemente. Acudi\u00f3 al Marine\u2019s Memorial Theatre en Union Square el 19 de","robots":{"index":"index","follow":"follow","max-snippet":"max-snippet:-1","max-image-preview":"max-image-preview:large","max-video-preview":"max-video-preview:-1"},"canonical":"https:\/\/eltecolote.org\/content\/es\/vicente-fox-visita-el-area-de-la-bahia-da-un-consejo-a-trump\/","og_locale":"en_US","og_type":"article","og_title":"Vicente Fox visita el \u00c1rea de la Bah\u00eda, da un consejo a Trump - El Tecolote","og_description":"El expresidente de M\u00e9xico, Vicente Fox (2000-2006), visit\u00f3 el \u00c1rea de la Bah\u00eda recientemente. Acudi\u00f3 al Marine\u2019s Memorial Theatre en Union Square el 19 de","og_url":"https:\/\/eltecolote.org\/content\/es\/vicente-fox-visita-el-area-de-la-bahia-da-un-consejo-a-trump\/","og_site_name":"El Tecolote","article_publisher":"https:\/\/www.facebook.com\/ElTecoloteSF\/","article_published_time":"2017-05-04T21:42:50+00:00","article_modified_time":"2017-05-04T21:45:15+00:00","og_image":[{"width":864,"height":576,"url":"https:\/\/i0.wp.com\/eltecolote.org\/content\/wp-content\/uploads\/2017\/05\/Vicente-Fox_10web-1.jpg?fit=864%2C576&ssl=1","type":"image\/jpeg"}],"author":"El Tecolote Staff","twitter_card":"summary_large_image","twitter_creator":"@eltecolotesf","twitter_site":"@eltecolotesf","twitter_misc":{"Written by":"El Tecolote Staff","Est. reading time":"5 minutes"},"schema":{"@context":"https:\/\/schema.org","@graph":[{"@type":"NewsArticle","@id":"https:\/\/eltecolote.org\/content\/es\/vicente-fox-visita-el-area-de-la-bahia-da-un-consejo-a-trump\/#article","isPartOf":{"@id":"https:\/\/eltecolote.org\/content\/es\/vicente-fox-visita-el-area-de-la-bahia-da-un-consejo-a-trump\/"},"author":{"name":"El Tecolote Staff","@id":"https:\/\/eltecolote.org\/content\/#\/schema\/person\/08828d10185eba96895a8363a269410e"},"headline":"Vicente Fox visita el \u00c1rea de la Bah\u00eda, da un consejo a Trump","datePublished":"2017-05-04T21:42:50+00:00","dateModified":"2017-05-04T21:45:15+00:00","mainEntityOfPage":{"@id":"https:\/\/eltecolote.org\/content\/es\/vicente-fox-visita-el-area-de-la-bahia-da-un-consejo-a-trump\/"},"wordCount":921,"commentCount":0,"publisher":{"@id":"https:\/\/eltecolote.org\/content\/#organization"},"image":{"@id":"https:\/\/eltecolote.org\/content\/es\/vicente-fox-visita-el-area-de-la-bahia-da-un-consejo-a-trump\/#primaryimage"},"thumbnailUrl":"https:\/\/i0.wp.com\/eltecolote.org\/content\/wp-content\/uploads\/2017\/05\/Vicente-Fox_10web-1.jpg?fit=864%2C576&quality=89&ssl=1","keywords":["Alejandro Galicia","Alejandro Galicia Diaz","commonwealth club","Commonwealth Club of California","Marine's Memorial Theatre","Mexico","muro","muro fronterizo","politica","Vicente Fox"],"articleSection":["Am\u00e9rica Latina","Inmigraci\u00f3n","Noticias"],"inLanguage":"en","potentialAction":[{"@type":"CommentAction","name":"Comment","target":["https:\/\/eltecolote.org\/content\/es\/vicente-fox-visita-el-area-de-la-bahia-da-un-consejo-a-trump\/#respond"]}]},{"@type":"WebPage","@id":"https:\/\/eltecolote.org\/content\/es\/vicente-fox-visita-el-area-de-la-bahia-da-un-consejo-a-trump\/","url":"https:\/\/eltecolote.org\/content\/es\/vicente-fox-visita-el-area-de-la-bahia-da-un-consejo-a-trump\/","name":"Vicente Fox visita el \u00c1rea de la Bah\u00eda, da un consejo a Trump - El Tecolote","isPartOf":{"@id":"https:\/\/eltecolote.org\/content\/#website"},"primaryImageOfPage":{"@id":"https:\/\/eltecolote.org\/content\/es\/vicente-fox-visita-el-area-de-la-bahia-da-un-consejo-a-trump\/#primaryimage"},"image":{"@id":"https:\/\/eltecolote.org\/content\/es\/vicente-fox-visita-el-area-de-la-bahia-da-un-consejo-a-trump\/#primaryimage"},"thumbnailUrl":"https:\/\/i0.wp.com\/eltecolote.org\/content\/wp-content\/uploads\/2017\/05\/Vicente-Fox_10web-1.jpg?fit=864%2C576&quality=89&ssl=1","datePublished":"2017-05-04T21:42:50+00:00","dateModified":"2017-05-04T21:45:15+00:00","description":"El expresidente de M\u00e9xico, Vicente Fox (2000-2006), visit\u00f3 el \u00c1rea de la Bah\u00eda recientemente. Acudi\u00f3 al Marine\u2019s Memorial Theatre en Union Square el 19 de","inLanguage":"en","potentialAction":[{"@type":"ReadAction","target":["https:\/\/eltecolote.org\/content\/es\/vicente-fox-visita-el-area-de-la-bahia-da-un-consejo-a-trump\/"]}]},{"@type":"ImageObject","inLanguage":"en","@id":"https:\/\/eltecolote.org\/content\/es\/vicente-fox-visita-el-area-de-la-bahia-da-un-consejo-a-trump\/#primaryimage","url":"https:\/\/i0.wp.com\/eltecolote.org\/content\/wp-content\/uploads\/2017\/05\/Vicente-Fox_10web-1.jpg?fit=864%2C576&quality=89&ssl=1","contentUrl":"https:\/\/i0.wp.com\/eltecolote.org\/content\/wp-content\/uploads\/2017\/05\/Vicente-Fox_10web-1.jpg?fit=864%2C576&quality=89&ssl=1","width":864,"height":576,"caption":"Vicente Fox, ex presidente de M\u00e9xico, habla sobre las relaciones de estado entre M\u00e9xico-EEUU en una conferencia de prensa en el Commonwealth Club of California en San Francisco el 19 de abril de 2017. Foto: Drago Renter\u00eda"},{"@type":"WebSite","@id":"https:\/\/eltecolote.org\/content\/#website","url":"https:\/\/eltecolote.org\/content\/","name":"El Tecolote","description":"San Francisco's Latinx newspaper since 1970","publisher":{"@id":"https:\/\/eltecolote.org\/content\/#organization"},"potentialAction":[{"@type":"SearchAction","target":{"@type":"EntryPoint","urlTemplate":"https:\/\/eltecolote.org\/content\/?s={search_term_string}"},"query-input":{"@type":"PropertyValueSpecification","valueRequired":true,"valueName":"search_term_string"}}],"inLanguage":"en"},{"@type":"Organization","@id":"https:\/\/eltecolote.org\/content\/#organization","name":"El Tecolote","url":"https:\/\/eltecolote.org\/content\/","logo":{"@type":"ImageObject","inLanguage":"en","@id":"https:\/\/eltecolote.org\/content\/#\/schema\/logo\/image\/","url":"https:\/\/i0.wp.com\/eltecolote.org\/content\/wp-content\/uploads\/2021\/05\/ETlogo-1.jpg?fit=400%2C400&ssl=1","contentUrl":"https:\/\/i0.wp.com\/eltecolote.org\/content\/wp-content\/uploads\/2021\/05\/ETlogo-1.jpg?fit=400%2C400&ssl=1","width":400,"height":400,"caption":"El Tecolote"},"image":{"@id":"https:\/\/eltecolote.org\/content\/#\/schema\/logo\/image\/"},"sameAs":["https:\/\/www.facebook.com\/ElTecoloteSF\/","https:\/\/x.com\/eltecolotesf","https:\/\/www.instagram.com\/eltecolotesf\/"]},{"@type":"Person","@id":"https:\/\/eltecolote.org\/content\/#\/schema\/person\/08828d10185eba96895a8363a269410e","name":"El Tecolote Staff","image":{"@type":"ImageObject","inLanguage":"en","@id":"https:\/\/secure.gravatar.com\/avatar\/9534c92c8c908364e186a64d93efc86f62367109d1b07a3454facde655968589?s=96&d=mm&r=g6afcb607783e095e4cf6be807353924d","url":"https:\/\/secure.gravatar.com\/avatar\/9534c92c8c908364e186a64d93efc86f62367109d1b07a3454facde655968589?s=96&d=mm&r=g","contentUrl":"https:\/\/secure.gravatar.com\/avatar\/9534c92c8c908364e186a64d93efc86f62367109d1b07a3454facde655968589?s=96&d=mm&r=g","caption":"El Tecolote Staff"},"url":"https:\/\/eltecolote.org\/content\/author\/web-editor\/"}]}},"distributor_meta":false,"distributor_terms":false,"distributor_media":false,"distributor_original_site_name":"El Tecolote","distributor_original_site_url":"https:\/\/eltecolote.org\/content","push-errors":false,"_links":{"self":[{"href":"https:\/\/eltecolote.org\/content\/wp-json\/wp\/v2\/posts\/33936","targetHints":{"allow":["GET"]}}],"collection":[{"href":"https:\/\/eltecolote.org\/content\/wp-json\/wp\/v2\/posts"}],"about":[{"href":"https:\/\/eltecolote.org\/content\/wp-json\/wp\/v2\/types\/post"}],"author":[{"embeddable":true,"href":"https:\/\/eltecolote.org\/content\/wp-json\/wp\/v2\/users\/35"}],"replies":[{"embeddable":true,"href":"https:\/\/eltecolote.org\/content\/wp-json\/wp\/v2\/comments?post=33936"}],"version-history":[{"count":5,"href":"https:\/\/eltecolote.org\/content\/wp-json\/wp\/v2\/posts\/33936\/revisions"}],"predecessor-version":[{"id":33944,"href":"https:\/\/eltecolote.org\/content\/wp-json\/wp\/v2\/posts\/33936\/revisions\/33944"}],"wp:featuredmedia":[{"embeddable":true,"href":"https:\/\/eltecolote.org\/content\/wp-json\/wp\/v2\/media\/33937"}],"wp:attachment":[{"href":"https:\/\/eltecolote.org\/content\/wp-json\/wp\/v2\/media?parent=33936"}],"wp:term":[{"taxonomy":"category","embeddable":true,"href":"https:\/\/eltecolote.org\/content\/wp-json\/wp\/v2\/categories?post=33936"},{"taxonomy":"post_tag","embeddable":true,"href":"https:\/\/eltecolote.org\/content\/wp-json\/wp\/v2\/tags?post=33936"},{"taxonomy":"author","embeddable":true,"href":"https:\/\/eltecolote.org\/content\/wp-json\/wp\/v2\/coauthors?post=33936"}],"curies":[{"name":"wp","href":"https:\/\/api.w.org\/{rel}","templated":true}]}}