{"id":33306,"date":"2017-03-09T16:36:55","date_gmt":"2017-03-09T23:36:55","guid":{"rendered":"http:\/\/eltecolote.org\/content\/?p=33306"},"modified":"2017-03-09T16:36:55","modified_gmt":"2017-03-09T23:36:55","slug":"agridulces-dieciseis-reflexiones-tras-16-anos-de-ser-estadounidense","status":"publish","type":"post","link":"https:\/\/eltecolote.org\/content\/es\/agridulces-dieciseis-reflexiones-tras-16-anos-de-ser-estadounidense\/","title":{"rendered":"Agridulces diecis\u00e9is: reflexiones tras 16 a\u00f1os de ser estadounidense"},"content":{"rendered":"<p class=\"p1\">[su_carousel source=&#8221;media: 33311,33308,33309&#8243; limit=&#8221;60&#8243; link=&#8221;lightbox&#8221; width=&#8221;800&#8243; height=&#8221;540&#8243; responsive=&#8221;no&#8221; items=&#8221;1&#8243;]<\/p>\n<p class=\"p1\"><b><\/b>Me mud\u00e9 de M\u00e9xico a los EEUU hace 16 a\u00f1os, el 1 de marzo de 2001.<\/p>\n<p class=\"p5\">A pesar de haber nacido en Chula Vista, CA y, por ende, ser ciudadana estadounidense, siempre me he sentido m\u00e1s como inmigrante. Hab\u00eda vivido toda mi vida hasta ese punto en M\u00e9xico, ten\u00eda amigos e iba a la escuela. Pero a los 18 a\u00f1os decid\u00ed conocer aquello fuera de Tijuana.<\/p>\n<p class=\"p5\">Aquel mi\u00e9rcoles, 28 de febrero de 2001, fui al trabajo con mi equipaje en mano y m\u00e1s tarde llegu\u00e9 a la estaci\u00f3n de camiones Greyhound en San Diego, compr\u00e9 un boleto para el autob\u00fas que sal\u00eda a las 9 de la noche y que me llevar\u00eda 750 millas hac\u00eda el norte hasta Fortuna (Humbolt County, CA.).<\/p>\n<p class=\"p5\">Sub\u00ed al cami\u00f3n con aquello que llevaba a mi nombre: dos maletas y $60 en mi bolsillo. Me qued\u00e9 dormida en el asiento y despert\u00e9 a la ma\u00f1ana siguiente. El autob\u00fas hac\u00eda una escala en San Francisco por cuatro horas, por lo que decid\u00ed pasar la tarde explorando la ciudad.<\/p>\n<p class=\"p5\">En ese entonces, la Terminal Transbay se encontraba en SoMa, en la calle Misi\u00f3n. Inmediatamente, al salir de la estaci\u00f3n hacia la calle, me encontr\u00e9 con sentimientos que jam\u00e1s hab\u00eda tenido. Era como si la ciudad fuera un organismo, respirando y con un coraz\u00f3n latiendo. Pero mis planes ya estaban hechos, contin\u00fae mi viaje hacia el norte prometi\u00e9ndome alg\u00fan d\u00eda regresar a esta ciudad. A las 4 de la tarde abord\u00e9 el cami\u00f3n y termin\u00e9 mi viaje.<\/p>\n<p class=\"p5\">Vine para trabajar con California Conservation Corps (CCC), quienes ofrec\u00edan alojamiento y tres comidas al d\u00eda. Pagaban $5.75 como salario m\u00ednimo en aquellos tiempos. El trabajo era f\u00edsico, desde recoger jeringas y basura en la calle, hasta plantar \u00e1rboles, remover hierbas y la construcci\u00f3n de v\u00edas.<\/p>\n<p class=\"p5\">Llegu\u00e9 a Fortuna 25 horas despu\u00e9s de salir de San Diego. Llov\u00eda. Not\u00e9 que no hab\u00eda una estaci\u00f3n, ni siquiera una banca o un techo, simplemente un letrero detr\u00e1s del estacionamiento de una licorer\u00eda. Busqu\u00e9 a mi alrededor tratando de encontrar la camioneta de la CCC que tendr\u00eda que recogerme, pero no hab\u00eda tal.<\/p>\n<p class=\"p5\">Me dejaron a obscuras con mis maletas en una calle desconocida y completamente sola, estaba asustada. Tra\u00eda conmigo unas monedas y fui en busca de un tel\u00e9fono para llamar a CCC mientras cargaba mis maletas.<\/p>\n<p class=\"p5\">Unos minutos despu\u00e9s lleg\u00f3 una camioneta blanca y en poco tiempo me encontraba en mi nuevo hogar en el centro CCC Shasta-Pacific.<\/p>\n<p class=\"p5\">El siguiente d\u00eda tendr\u00eda que dedicarlo a conocer al resto del equipo, conseguir madera y limpiar las \u00e1reas del campamento. Recuerdo haber visto a gente por primera vez haciendo sus propios cigarrillos, todo se ve\u00eda muy ex\u00f3tico para m\u00ed.<\/p>\n<p class=\"p5\">Llegar a un nuevo pa\u00eds, a un hermoso bosque, con 18 a\u00f1os de edad, era como si hubiera vuelto a nacer. Todo y todos eran nuevos \u2014el entorno, el trabajo y, sobre todo, la libertad.<\/p>\n<p class=\"p5\">Seis meses despu\u00e9s ocurri\u00f3 el 9\/11. Todos los proyectos de trabajo fueron cancelados ese d\u00eda, los equipos pasaron el d\u00eda afilando herramientas, lavando los veh\u00edculos y trabajando en otras cosas mientras los superiores pensaban que hacer.<\/p>\n<p class=\"p5\">Al siguiente d\u00eda volvimos al trabajo. Normalmente empez\u00e1bamos los d\u00edas con juntas de seguridad, nos sent\u00e1bamos en un c\u00edrculo y cada persona compart\u00eda alg\u00fan consejo de seguridad, pero el 12 de septiembre de 2001 nuestro supervisor no quer\u00eda consejos. En lugar de eso, empez\u00f3 a preguntar a cada uno la misma pregunta \u201c\u00bfEst\u00e1s orgulloso de ser americano?\u201d<\/p>\n<p class=\"p5\">Tuve sentimientos encontrados. Si, era estadounidense de nacimiento, pero hab\u00eda crecido en M\u00e9xico y solo hab\u00eda estado en los EEUU por unos cuantos meses. Me sent\u00eda como una mexicana que intentaba vivir la vida americana.<\/p>\n<p class=\"p5\">\u201cEstoy orgullosa de quien soy y estoy agradecida de poder estar en los EEUU\u201d, eso dije cuando fue mi turno.<\/p>\n<p class=\"p5\">Pero no fue suficiente.<\/p>\n<p class=\"p5\">\u201cMabel, \u00bfest\u00e1s orgullosa de ser americana?\u201d mi jefe insisti\u00f3 frente al grupo. Su paciencia se agotaba y pregunt\u00f3 una tercera vez, m\u00e1s fuerte y con pausas m\u00e1s largas. \u201cMabel \u00bfme podr\u00edas decir, por favor, que est\u00e1s orgullosa de ser americana?\u201d<\/p>\n<p class=\"p5\">Solo quer\u00eda que terminara mi turno.<\/p>\n<p class=\"p5\">\u201cS\u00ed\u201d, respond\u00ed. \u201cEstoy orgullosa de ser americana\u201d.<\/p>\n<p class=\"p5\">Despu\u00e9s de eso, la vida regres\u00f3 poco a poco a la normalidad, pero ve\u00eda cada vez m\u00e1s banderas estadounidenses colgadas en todos lados.<\/p>\n<p class=\"p5\">Algo que hab\u00eda tra\u00eddo a mi viaje hacia los EEUU hab\u00eda sido una c\u00e1mara 35mm Vivitar SLR. En ese tiempo, los rollos de negativos se vend\u00edan en peque\u00f1as cajas de cart\u00f3n con las instrucciones de exposici\u00f3n impresas en el interior. Tuve mi primera clase de fotograf\u00eda leyendo una de esas peque\u00f1as cajas. Me enamor\u00e9 de la fotograf\u00eda, de capturar todos esos nuevos paisajes con esa primera c\u00e1mara, que ten\u00eda roto el medidor de luz y un enfoque manual.<\/p>\n<p class=\"p5\">Despu\u00e9s de estar dos a\u00f1os con el equipo de conservaci\u00f3n, empec\u00e9 a tomar clases en el College of the Redwoods.<\/p>\n<p class=\"p5\">En el 2008, siete a\u00f1os despu\u00e9s de haber recorrido vagamente las calles de Sn Francisco despu\u00e9s de aquel viaje en autob\u00fas Greyhound, cumpl\u00ed la promesa de regresar a la ciudad y estudiar fotoperiodismo en la Universidad Estatal de San Francisco. Por segunda vez, empezaba nuevamente una vida, sola, en un lugar nuevo.<\/p>\n<p class=\"p5\">Me gradu\u00e9 en 2010 y pronto fui recibida en el mundo de El Tecolote, en donde fui contratada como editora de fotograf\u00eda, y donde a\u00fan sigo trabajando.<\/p>\n<p class=\"p5\">Ahora, diecis\u00e9is a\u00f1os despu\u00e9s, puedo responder a mi jefe del equipo de conservaci\u00f3n aquella pregunta: \u201cEstoy orgullosa de ser mexicoamericana\u201d. Estoy agradecida por las oportunidades que no podr\u00eda haber conseguido en otro lado, y orgullosa de lo que he conseguido con esas oportunidades.<\/p>\n<p class=\"p5\">Estoy agradecida de vivir aqu\u00ed con seguridad mientras realizo un trabajo que en M\u00e9xico podr\u00eda costarme la vida. Me siento honrada de poder dirigir a un equipo de periodistas visuales que documentan de manera consciente la historia de la experiencia latina que no est\u00e1 siendo documentada actualmente por ning\u00fan otro medio en la ciudad.<\/p>\n<p class=\"p5\">Al reflexionar sobre mi americanismo, estoy sorprendida de que a\u00fan, despu\u00e9s de diecis\u00e9is a\u00f1os, me cuestiono si soy bienvenida aqu\u00ed.<span class=\"Apple-converted-space\">\u00a0 <\/span>Gracias a Dios por el distrito de la Misi\u00f3n.<\/p>\n<p class=\"p5\">Diecis\u00e9is a\u00f1os despu\u00e9s de ese largo viaje en autob\u00fas, regreso a donde empec\u00e9, vivo a unas cuadras de donde se encontraba la terminal de autobuses en donde me promet\u00ed que regresar\u00eda a San Francisco.<\/p>\n<p class=\"p5\">Para cada persona que ha dejado su pa\u00eds atr\u00e1s, llega un momento en el que los recuerdos y experiencias que formamos en el nuevo pa\u00eds se vuelven m\u00e1s vivos y reales que aquellos que ten\u00edamos en nuestra tierra madre.<\/p>\n<p class=\"p5\">Eventualmente te sentir\u00e1s estadounidense, con los derechos y privilegios que trae consigo, aunque esto sea mas para unos que para otros.<\/p>\n<p class=\"p4\"><i>\u2014 Traducci\u00f3n por Karen Sanchez<\/i><\/p>\n","protected":false},"excerpt":{"rendered":"<p>[su_carousel source=&#8221;media: 33311,33308,33309&#8243; limit=&#8221;60&#8243; link=&#8221;lightbox&#8221; width=&#8221;800&#8243; height=&#8221;540&#8243; responsive=&#8221;no&#8221; items=&#8221;1&#8243;] Me mud\u00e9 de M\u00e9xico a los EEUU hace 16 a\u00f1os, el 1 de marzo de 2001. A pesar de haber nacido en Chula Vista, CA y, por ende, ser ciudadana estadounidense, siempre me he sentido m\u00e1s como inmigrante. Hab\u00eda vivido toda mi vida hasta ese punto [&hellip;]<\/p>\n","protected":false},"author":35,"featured_media":33311,"comment_status":"open","ping_status":"closed","sticky":false,"template":"","format":"standard","meta":{"newspack_popups_has_disabled_popups":false,"newspack_featured_image_position":"","newspack_post_subtitle":"","newspack_article_summary_title":"Overview:","newspack_article_summary":"","newspack_hide_updated_date":false,"newspack_show_updated_date":false,"footnotes":""},"categories":[3519],"tags":[12943,4875,12941,3811,4573],"coauthors":[],"class_list":["post-33306","post","type-post","status-publish","format-standard","has-post-thumbnail","hentry","category-noticias","tag-california-conservation-corps-es","tag-eeuu-es","tag-identidad-estadounidense","tag-mexico-es","tag-tijuana-es","entry"],"yoast_head":"<!-- This site is optimized with the Yoast SEO plugin v27.5 - https:\/\/yoast.com\/product\/yoast-seo-wordpress\/ -->\n<title>Agridulces diecis\u00e9is: reflexiones tras 16 a\u00f1os de ser estadounidense - El Tecolote<\/title>\n<meta name=\"description\" content=\"Me mud\u00e9 de M\u00e9xico a los EEUU hace 16 a\u00f1os, el 1 de marzo de 2001. A pesar de haber nacido en Chula Vista, CA y, por ende, ser ciudadana estadounidense,\" \/>\n<meta name=\"robots\" content=\"index, follow, max-snippet:-1, max-image-preview:large, max-video-preview:-1\" \/>\n<link rel=\"canonical\" href=\"https:\/\/eltecolote.org\/content\/es\/agridulces-dieciseis-reflexiones-tras-16-anos-de-ser-estadounidense\/\" \/>\n<meta property=\"og:locale\" content=\"en_US\" \/>\n<meta property=\"og:type\" content=\"article\" \/>\n<meta property=\"og:title\" content=\"Agridulces diecis\u00e9is: reflexiones tras 16 a\u00f1os de ser estadounidense - El Tecolote\" \/>\n<meta property=\"og:description\" content=\"Me mud\u00e9 de M\u00e9xico a los EEUU hace 16 a\u00f1os, el 1 de marzo de 2001. A pesar de haber nacido en Chula Vista, CA y, por ende, ser ciudadana estadounidense,\" \/>\n<meta property=\"og:url\" content=\"https:\/\/eltecolote.org\/content\/es\/agridulces-dieciseis-reflexiones-tras-16-anos-de-ser-estadounidense\/\" \/>\n<meta property=\"og:site_name\" content=\"El Tecolote\" \/>\n<meta property=\"article:publisher\" content=\"https:\/\/www.facebook.com\/ElTecoloteSF\/\" \/>\n<meta property=\"article:published_time\" content=\"2017-03-09T23:36:55+00:00\" \/>\n<meta property=\"og:image\" content=\"https:\/\/i0.wp.com\/eltecolote.org\/content\/wp-content\/uploads\/2017\/03\/Sweet-16_01web-3.jpg?fit=864%2C571&ssl=1\" \/>\n\t<meta property=\"og:image:width\" content=\"864\" \/>\n\t<meta property=\"og:image:height\" content=\"571\" \/>\n\t<meta property=\"og:image:type\" content=\"image\/jpeg\" \/>\n<meta name=\"author\" content=\"El Tecolote Staff\" \/>\n<meta name=\"twitter:card\" content=\"summary_large_image\" \/>\n<meta name=\"twitter:creator\" content=\"@eltecolotesf\" \/>\n<meta name=\"twitter:site\" content=\"@eltecolotesf\" \/>\n<meta name=\"twitter:label1\" content=\"Written by\" \/>\n\t<meta name=\"twitter:data1\" content=\"El Tecolote Staff\" \/>\n\t<meta name=\"twitter:label2\" content=\"Est. reading time\" \/>\n\t<meta name=\"twitter:data2\" content=\"6 minutes\" \/>\n<script type=\"application\/ld+json\" class=\"yoast-schema-graph\">{\"@context\":\"https:\\\/\\\/schema.org\",\"@graph\":[{\"@type\":\"NewsArticle\",\"@id\":\"https:\\\/\\\/eltecolote.org\\\/content\\\/es\\\/agridulces-dieciseis-reflexiones-tras-16-anos-de-ser-estadounidense\\\/#article\",\"isPartOf\":{\"@id\":\"https:\\\/\\\/eltecolote.org\\\/content\\\/es\\\/agridulces-dieciseis-reflexiones-tras-16-anos-de-ser-estadounidense\\\/\"},\"author\":{\"name\":\"El Tecolote Staff\",\"@id\":\"https:\\\/\\\/eltecolote.org\\\/content\\\/#\\\/schema\\\/person\\\/08828d10185eba96895a8363a269410e\"},\"headline\":\"Agridulces diecis\u00e9is: reflexiones tras 16 a\u00f1os de ser estadounidense\",\"datePublished\":\"2017-03-09T23:36:55+00:00\",\"mainEntityOfPage\":{\"@id\":\"https:\\\/\\\/eltecolote.org\\\/content\\\/es\\\/agridulces-dieciseis-reflexiones-tras-16-anos-de-ser-estadounidense\\\/\"},\"wordCount\":1237,\"commentCount\":0,\"publisher\":{\"@id\":\"https:\\\/\\\/eltecolote.org\\\/content\\\/#organization\"},\"image\":{\"@id\":\"https:\\\/\\\/eltecolote.org\\\/content\\\/es\\\/agridulces-dieciseis-reflexiones-tras-16-anos-de-ser-estadounidense\\\/#primaryimage\"},\"thumbnailUrl\":\"https:\\\/\\\/i0.wp.com\\\/eltecolote.org\\\/content\\\/wp-content\\\/uploads\\\/2017\\\/03\\\/Sweet-16_01web-3.jpg?fit=864%2C571&quality=89&ssl=1\",\"keywords\":[\"California Conservation Corps\",\"EEUU\",\"identidad estadounidense\",\"Mexico\",\"tijuana\"],\"articleSection\":[\"Noticias\"],\"inLanguage\":\"en\",\"potentialAction\":[{\"@type\":\"CommentAction\",\"name\":\"Comment\",\"target\":[\"https:\\\/\\\/eltecolote.org\\\/content\\\/es\\\/agridulces-dieciseis-reflexiones-tras-16-anos-de-ser-estadounidense\\\/#respond\"]}]},{\"@type\":\"WebPage\",\"@id\":\"https:\\\/\\\/eltecolote.org\\\/content\\\/es\\\/agridulces-dieciseis-reflexiones-tras-16-anos-de-ser-estadounidense\\\/\",\"url\":\"https:\\\/\\\/eltecolote.org\\\/content\\\/es\\\/agridulces-dieciseis-reflexiones-tras-16-anos-de-ser-estadounidense\\\/\",\"name\":\"Agridulces diecis\u00e9is: reflexiones tras 16 a\u00f1os de ser estadounidense - El Tecolote\",\"isPartOf\":{\"@id\":\"https:\\\/\\\/eltecolote.org\\\/content\\\/#website\"},\"primaryImageOfPage\":{\"@id\":\"https:\\\/\\\/eltecolote.org\\\/content\\\/es\\\/agridulces-dieciseis-reflexiones-tras-16-anos-de-ser-estadounidense\\\/#primaryimage\"},\"image\":{\"@id\":\"https:\\\/\\\/eltecolote.org\\\/content\\\/es\\\/agridulces-dieciseis-reflexiones-tras-16-anos-de-ser-estadounidense\\\/#primaryimage\"},\"thumbnailUrl\":\"https:\\\/\\\/i0.wp.com\\\/eltecolote.org\\\/content\\\/wp-content\\\/uploads\\\/2017\\\/03\\\/Sweet-16_01web-3.jpg?fit=864%2C571&quality=89&ssl=1\",\"datePublished\":\"2017-03-09T23:36:55+00:00\",\"description\":\"Me mud\u00e9 de M\u00e9xico a los EEUU hace 16 a\u00f1os, el 1 de marzo de 2001. A pesar de haber nacido en Chula Vista, CA y, por ende, ser ciudadana estadounidense,\",\"inLanguage\":\"en\",\"potentialAction\":[{\"@type\":\"ReadAction\",\"target\":[\"https:\\\/\\\/eltecolote.org\\\/content\\\/es\\\/agridulces-dieciseis-reflexiones-tras-16-anos-de-ser-estadounidense\\\/\"]}]},{\"@type\":\"ImageObject\",\"inLanguage\":\"en\",\"@id\":\"https:\\\/\\\/eltecolote.org\\\/content\\\/es\\\/agridulces-dieciseis-reflexiones-tras-16-anos-de-ser-estadounidense\\\/#primaryimage\",\"url\":\"https:\\\/\\\/i0.wp.com\\\/eltecolote.org\\\/content\\\/wp-content\\\/uploads\\\/2017\\\/03\\\/Sweet-16_01web-3.jpg?fit=864%2C571&quality=89&ssl=1\",\"contentUrl\":\"https:\\\/\\\/i0.wp.com\\\/eltecolote.org\\\/content\\\/wp-content\\\/uploads\\\/2017\\\/03\\\/Sweet-16_01web-3.jpg?fit=864%2C571&quality=89&ssl=1\",\"width\":864,\"height\":571},{\"@type\":\"WebSite\",\"@id\":\"https:\\\/\\\/eltecolote.org\\\/content\\\/#website\",\"url\":\"https:\\\/\\\/eltecolote.org\\\/content\\\/\",\"name\":\"El Tecolote\",\"description\":\"San Francisco's Latinx newspaper since 1970\",\"publisher\":{\"@id\":\"https:\\\/\\\/eltecolote.org\\\/content\\\/#organization\"},\"potentialAction\":[{\"@type\":\"SearchAction\",\"target\":{\"@type\":\"EntryPoint\",\"urlTemplate\":\"https:\\\/\\\/eltecolote.org\\\/content\\\/?s={search_term_string}\"},\"query-input\":{\"@type\":\"PropertyValueSpecification\",\"valueRequired\":true,\"valueName\":\"search_term_string\"}}],\"inLanguage\":\"en\"},{\"@type\":\"Organization\",\"@id\":\"https:\\\/\\\/eltecolote.org\\\/content\\\/#organization\",\"name\":\"El Tecolote\",\"url\":\"https:\\\/\\\/eltecolote.org\\\/content\\\/\",\"logo\":{\"@type\":\"ImageObject\",\"inLanguage\":\"en\",\"@id\":\"https:\\\/\\\/eltecolote.org\\\/content\\\/#\\\/schema\\\/logo\\\/image\\\/\",\"url\":\"https:\\\/\\\/i0.wp.com\\\/eltecolote.org\\\/content\\\/wp-content\\\/uploads\\\/2021\\\/05\\\/ETlogo-1.jpg?fit=400%2C400&ssl=1\",\"contentUrl\":\"https:\\\/\\\/i0.wp.com\\\/eltecolote.org\\\/content\\\/wp-content\\\/uploads\\\/2021\\\/05\\\/ETlogo-1.jpg?fit=400%2C400&ssl=1\",\"width\":400,\"height\":400,\"caption\":\"El Tecolote\"},\"image\":{\"@id\":\"https:\\\/\\\/eltecolote.org\\\/content\\\/#\\\/schema\\\/logo\\\/image\\\/\"},\"sameAs\":[\"https:\\\/\\\/www.facebook.com\\\/ElTecoloteSF\\\/\",\"https:\\\/\\\/x.com\\\/eltecolotesf\",\"https:\\\/\\\/www.instagram.com\\\/eltecolotesf\\\/\"]},{\"@type\":\"Person\",\"@id\":\"https:\\\/\\\/eltecolote.org\\\/content\\\/#\\\/schema\\\/person\\\/08828d10185eba96895a8363a269410e\",\"name\":\"El Tecolote Staff\",\"image\":{\"@type\":\"ImageObject\",\"inLanguage\":\"en\",\"@id\":\"https:\\\/\\\/secure.gravatar.com\\\/avatar\\\/9534c92c8c908364e186a64d93efc86f62367109d1b07a3454facde655968589?s=96&d=mm&r=g6afcb607783e095e4cf6be807353924d\",\"url\":\"https:\\\/\\\/secure.gravatar.com\\\/avatar\\\/9534c92c8c908364e186a64d93efc86f62367109d1b07a3454facde655968589?s=96&d=mm&r=g\",\"contentUrl\":\"https:\\\/\\\/secure.gravatar.com\\\/avatar\\\/9534c92c8c908364e186a64d93efc86f62367109d1b07a3454facde655968589?s=96&d=mm&r=g\",\"caption\":\"El Tecolote Staff\"},\"url\":\"https:\\\/\\\/eltecolote.org\\\/content\\\/author\\\/web-editor\\\/\"}]}<\/script>\n<!-- \/ Yoast SEO plugin. -->","yoast_head_json":{"title":"Agridulces diecis\u00e9is: reflexiones tras 16 a\u00f1os de ser estadounidense - El Tecolote","description":"Me mud\u00e9 de M\u00e9xico a los EEUU hace 16 a\u00f1os, el 1 de marzo de 2001. A pesar de haber nacido en Chula Vista, CA y, por ende, ser ciudadana estadounidense,","robots":{"index":"index","follow":"follow","max-snippet":"max-snippet:-1","max-image-preview":"max-image-preview:large","max-video-preview":"max-video-preview:-1"},"canonical":"https:\/\/eltecolote.org\/content\/es\/agridulces-dieciseis-reflexiones-tras-16-anos-de-ser-estadounidense\/","og_locale":"en_US","og_type":"article","og_title":"Agridulces diecis\u00e9is: reflexiones tras 16 a\u00f1os de ser estadounidense - El Tecolote","og_description":"Me mud\u00e9 de M\u00e9xico a los EEUU hace 16 a\u00f1os, el 1 de marzo de 2001. A pesar de haber nacido en Chula Vista, CA y, por ende, ser ciudadana estadounidense,","og_url":"https:\/\/eltecolote.org\/content\/es\/agridulces-dieciseis-reflexiones-tras-16-anos-de-ser-estadounidense\/","og_site_name":"El Tecolote","article_publisher":"https:\/\/www.facebook.com\/ElTecoloteSF\/","article_published_time":"2017-03-09T23:36:55+00:00","og_image":[{"width":864,"height":571,"url":"https:\/\/i0.wp.com\/eltecolote.org\/content\/wp-content\/uploads\/2017\/03\/Sweet-16_01web-3.jpg?fit=864%2C571&ssl=1","type":"image\/jpeg"}],"author":"El Tecolote Staff","twitter_card":"summary_large_image","twitter_creator":"@eltecolotesf","twitter_site":"@eltecolotesf","twitter_misc":{"Written by":"El Tecolote Staff","Est. reading time":"6 minutes"},"schema":{"@context":"https:\/\/schema.org","@graph":[{"@type":"NewsArticle","@id":"https:\/\/eltecolote.org\/content\/es\/agridulces-dieciseis-reflexiones-tras-16-anos-de-ser-estadounidense\/#article","isPartOf":{"@id":"https:\/\/eltecolote.org\/content\/es\/agridulces-dieciseis-reflexiones-tras-16-anos-de-ser-estadounidense\/"},"author":{"name":"El Tecolote Staff","@id":"https:\/\/eltecolote.org\/content\/#\/schema\/person\/08828d10185eba96895a8363a269410e"},"headline":"Agridulces diecis\u00e9is: reflexiones tras 16 a\u00f1os de ser estadounidense","datePublished":"2017-03-09T23:36:55+00:00","mainEntityOfPage":{"@id":"https:\/\/eltecolote.org\/content\/es\/agridulces-dieciseis-reflexiones-tras-16-anos-de-ser-estadounidense\/"},"wordCount":1237,"commentCount":0,"publisher":{"@id":"https:\/\/eltecolote.org\/content\/#organization"},"image":{"@id":"https:\/\/eltecolote.org\/content\/es\/agridulces-dieciseis-reflexiones-tras-16-anos-de-ser-estadounidense\/#primaryimage"},"thumbnailUrl":"https:\/\/i0.wp.com\/eltecolote.org\/content\/wp-content\/uploads\/2017\/03\/Sweet-16_01web-3.jpg?fit=864%2C571&quality=89&ssl=1","keywords":["California Conservation Corps","EEUU","identidad estadounidense","Mexico","tijuana"],"articleSection":["Noticias"],"inLanguage":"en","potentialAction":[{"@type":"CommentAction","name":"Comment","target":["https:\/\/eltecolote.org\/content\/es\/agridulces-dieciseis-reflexiones-tras-16-anos-de-ser-estadounidense\/#respond"]}]},{"@type":"WebPage","@id":"https:\/\/eltecolote.org\/content\/es\/agridulces-dieciseis-reflexiones-tras-16-anos-de-ser-estadounidense\/","url":"https:\/\/eltecolote.org\/content\/es\/agridulces-dieciseis-reflexiones-tras-16-anos-de-ser-estadounidense\/","name":"Agridulces diecis\u00e9is: reflexiones tras 16 a\u00f1os de ser estadounidense - El Tecolote","isPartOf":{"@id":"https:\/\/eltecolote.org\/content\/#website"},"primaryImageOfPage":{"@id":"https:\/\/eltecolote.org\/content\/es\/agridulces-dieciseis-reflexiones-tras-16-anos-de-ser-estadounidense\/#primaryimage"},"image":{"@id":"https:\/\/eltecolote.org\/content\/es\/agridulces-dieciseis-reflexiones-tras-16-anos-de-ser-estadounidense\/#primaryimage"},"thumbnailUrl":"https:\/\/i0.wp.com\/eltecolote.org\/content\/wp-content\/uploads\/2017\/03\/Sweet-16_01web-3.jpg?fit=864%2C571&quality=89&ssl=1","datePublished":"2017-03-09T23:36:55+00:00","description":"Me mud\u00e9 de M\u00e9xico a los EEUU hace 16 a\u00f1os, el 1 de marzo de 2001. A pesar de haber nacido en Chula Vista, CA y, por ende, ser ciudadana estadounidense,","inLanguage":"en","potentialAction":[{"@type":"ReadAction","target":["https:\/\/eltecolote.org\/content\/es\/agridulces-dieciseis-reflexiones-tras-16-anos-de-ser-estadounidense\/"]}]},{"@type":"ImageObject","inLanguage":"en","@id":"https:\/\/eltecolote.org\/content\/es\/agridulces-dieciseis-reflexiones-tras-16-anos-de-ser-estadounidense\/#primaryimage","url":"https:\/\/i0.wp.com\/eltecolote.org\/content\/wp-content\/uploads\/2017\/03\/Sweet-16_01web-3.jpg?fit=864%2C571&quality=89&ssl=1","contentUrl":"https:\/\/i0.wp.com\/eltecolote.org\/content\/wp-content\/uploads\/2017\/03\/Sweet-16_01web-3.jpg?fit=864%2C571&quality=89&ssl=1","width":864,"height":571},{"@type":"WebSite","@id":"https:\/\/eltecolote.org\/content\/#website","url":"https:\/\/eltecolote.org\/content\/","name":"El Tecolote","description":"San Francisco's Latinx newspaper since 1970","publisher":{"@id":"https:\/\/eltecolote.org\/content\/#organization"},"potentialAction":[{"@type":"SearchAction","target":{"@type":"EntryPoint","urlTemplate":"https:\/\/eltecolote.org\/content\/?s={search_term_string}"},"query-input":{"@type":"PropertyValueSpecification","valueRequired":true,"valueName":"search_term_string"}}],"inLanguage":"en"},{"@type":"Organization","@id":"https:\/\/eltecolote.org\/content\/#organization","name":"El Tecolote","url":"https:\/\/eltecolote.org\/content\/","logo":{"@type":"ImageObject","inLanguage":"en","@id":"https:\/\/eltecolote.org\/content\/#\/schema\/logo\/image\/","url":"https:\/\/i0.wp.com\/eltecolote.org\/content\/wp-content\/uploads\/2021\/05\/ETlogo-1.jpg?fit=400%2C400&ssl=1","contentUrl":"https:\/\/i0.wp.com\/eltecolote.org\/content\/wp-content\/uploads\/2021\/05\/ETlogo-1.jpg?fit=400%2C400&ssl=1","width":400,"height":400,"caption":"El Tecolote"},"image":{"@id":"https:\/\/eltecolote.org\/content\/#\/schema\/logo\/image\/"},"sameAs":["https:\/\/www.facebook.com\/ElTecoloteSF\/","https:\/\/x.com\/eltecolotesf","https:\/\/www.instagram.com\/eltecolotesf\/"]},{"@type":"Person","@id":"https:\/\/eltecolote.org\/content\/#\/schema\/person\/08828d10185eba96895a8363a269410e","name":"El Tecolote Staff","image":{"@type":"ImageObject","inLanguage":"en","@id":"https:\/\/secure.gravatar.com\/avatar\/9534c92c8c908364e186a64d93efc86f62367109d1b07a3454facde655968589?s=96&d=mm&r=g6afcb607783e095e4cf6be807353924d","url":"https:\/\/secure.gravatar.com\/avatar\/9534c92c8c908364e186a64d93efc86f62367109d1b07a3454facde655968589?s=96&d=mm&r=g","contentUrl":"https:\/\/secure.gravatar.com\/avatar\/9534c92c8c908364e186a64d93efc86f62367109d1b07a3454facde655968589?s=96&d=mm&r=g","caption":"El Tecolote Staff"},"url":"https:\/\/eltecolote.org\/content\/author\/web-editor\/"}]}},"distributor_meta":false,"distributor_terms":false,"distributor_media":false,"distributor_original_site_name":"El Tecolote","distributor_original_site_url":"https:\/\/eltecolote.org\/content","push-errors":false,"_links":{"self":[{"href":"https:\/\/eltecolote.org\/content\/wp-json\/wp\/v2\/posts\/33306","targetHints":{"allow":["GET"]}}],"collection":[{"href":"https:\/\/eltecolote.org\/content\/wp-json\/wp\/v2\/posts"}],"about":[{"href":"https:\/\/eltecolote.org\/content\/wp-json\/wp\/v2\/types\/post"}],"author":[{"embeddable":true,"href":"https:\/\/eltecolote.org\/content\/wp-json\/wp\/v2\/users\/35"}],"replies":[{"embeddable":true,"href":"https:\/\/eltecolote.org\/content\/wp-json\/wp\/v2\/comments?post=33306"}],"version-history":[{"count":1,"href":"https:\/\/eltecolote.org\/content\/wp-json\/wp\/v2\/posts\/33306\/revisions"}],"predecessor-version":[{"id":33312,"href":"https:\/\/eltecolote.org\/content\/wp-json\/wp\/v2\/posts\/33306\/revisions\/33312"}],"wp:featuredmedia":[{"embeddable":true,"href":"https:\/\/eltecolote.org\/content\/wp-json\/wp\/v2\/media\/33311"}],"wp:attachment":[{"href":"https:\/\/eltecolote.org\/content\/wp-json\/wp\/v2\/media?parent=33306"}],"wp:term":[{"taxonomy":"category","embeddable":true,"href":"https:\/\/eltecolote.org\/content\/wp-json\/wp\/v2\/categories?post=33306"},{"taxonomy":"post_tag","embeddable":true,"href":"https:\/\/eltecolote.org\/content\/wp-json\/wp\/v2\/tags?post=33306"},{"taxonomy":"author","embeddable":true,"href":"https:\/\/eltecolote.org\/content\/wp-json\/wp\/v2\/coauthors?post=33306"}],"curies":[{"name":"wp","href":"https:\/\/api.w.org\/{rel}","templated":true}]}}