{"id":3274,"date":"2010-06-06T23:40:59","date_gmt":"2010-06-07T06:40:59","guid":{"rendered":"http:\/\/eltecolote.org\/content\/?p=3274"},"modified":"2014-12-31T13:27:07","modified_gmt":"2014-12-31T20:27:07","slug":"la-batalla-contra-arizona-alcanza-la-plaza-willie-mayes","status":"publish","type":"post","link":"https:\/\/eltecolote.org\/content\/es\/la-batalla-contra-arizona-alcanza-la-plaza-willie-mayes\/","title":{"rendered":"La batalla contra Arizona alcanza la plaza Willie Mays"},"content":{"rendered":"<div id='gallery-1' class='gallery galleryid-3274 gallery-columns-4 gallery-size-thumbnail'><figure class='gallery-item'>\n\t\t\t<div class='gallery-icon landscape'>\n\t\t\t\t<a href=\"https:\/\/i0.wp.com\/eltecolote.org\/content\/wp-content\/uploads\/2010\/06\/nieto1web1.jpg?quality=89&#038;ssl=1\"><img loading=\"lazy\" decoding=\"async\" width=\"200\" height=\"112\" src=\"https:\/\/i0.wp.com\/eltecolote.org\/content\/wp-content\/uploads\/2010\/06\/nieto1web1.jpg?resize=200%2C112&amp;quality=89&amp;ssl=1\" class=\"attachment-thumbnail size-thumbnail\" alt=\"\" srcset=\"https:\/\/i0.wp.com\/eltecolote.org\/content\/wp-content\/uploads\/2010\/06\/nieto1web1.jpg?resize=200%2C112&amp;quality=89&amp;ssl=1 200w, https:\/\/i0.wp.com\/eltecolote.org\/content\/wp-content\/uploads\/2010\/06\/nieto1web1.jpg?zoom=2&amp;resize=200%2C112&amp;quality=89&amp;ssl=1 400w, https:\/\/i0.wp.com\/eltecolote.org\/content\/wp-content\/uploads\/2010\/06\/nieto1web1.jpg?zoom=3&amp;resize=200%2C112&amp;quality=89&amp;ssl=1 600w\" sizes=\"auto, (max-width: 34.9rem) calc(100vw - 2rem), (max-width: 53rem) calc(8 * (100vw \/ 12)), (min-width: 53rem) calc(6 * (100vw \/ 12)), 100vw\" \/><\/a>\n\t\t\t<\/div><\/figure><figure class='gallery-item'>\n\t\t\t<div class='gallery-icon portrait'>\n\t\t\t\t<a href=\"https:\/\/i0.wp.com\/eltecolote.org\/content\/wp-content\/uploads\/2010\/06\/nieto3web1.jpg?quality=89&#038;ssl=1\"><img loading=\"lazy\" decoding=\"async\" width=\"200\" height=\"112\" src=\"https:\/\/i0.wp.com\/eltecolote.org\/content\/wp-content\/uploads\/2010\/06\/nieto3web1.jpg?resize=200%2C112&amp;quality=89&amp;ssl=1\" class=\"attachment-thumbnail size-thumbnail\" alt=\"\" sizes=\"auto, (max-width: 34.9rem) calc(100vw - 2rem), (max-width: 53rem) calc(8 * (100vw \/ 12)), (min-width: 53rem) calc(6 * (100vw \/ 12)), 100vw\" \/><\/a>\n\t\t\t<\/div><\/figure><figure class='gallery-item'>\n\t\t\t<div class='gallery-icon portrait'>\n\t\t\t\t<a href=\"https:\/\/i0.wp.com\/eltecolote.org\/content\/wp-content\/uploads\/2010\/06\/nieto5web1.jpg?quality=89&#038;ssl=1\"><img loading=\"lazy\" decoding=\"async\" width=\"200\" height=\"112\" src=\"https:\/\/i0.wp.com\/eltecolote.org\/content\/wp-content\/uploads\/2010\/06\/nieto5web1.jpg?resize=200%2C112&amp;quality=89&amp;ssl=1\" class=\"attachment-thumbnail size-thumbnail\" alt=\"\" srcset=\"https:\/\/i0.wp.com\/eltecolote.org\/content\/wp-content\/uploads\/2010\/06\/nieto5web1.jpg?resize=200%2C112&amp;quality=89&amp;ssl=1 200w, https:\/\/i0.wp.com\/eltecolote.org\/content\/wp-content\/uploads\/2010\/06\/nieto5web1.jpg?zoom=2&amp;resize=200%2C112&amp;quality=89&amp;ssl=1 400w\" sizes=\"auto, (max-width: 34.9rem) calc(100vw - 2rem), (max-width: 53rem) calc(8 * (100vw \/ 12)), (min-width: 53rem) calc(6 * (100vw \/ 12)), 100vw\" \/><\/a>\n\t\t\t<\/div><\/figure>\n\t\t<\/div>\n\n<p>M\u00e1s de 300 personas se manifestaron en la plaza Willie Mays a las afueras del estadio AT&amp;T el 29 de mayo para protestar la nueva ley inmigratoria de Arizona y la llegada de los Arizona Diamonbacks.<\/p>\n<p>El propietario de los Diamonbacks Ken Kendrick, est\u00e1 siendo criticado por su apoyo a los cargos electos de Arizona que est\u00e1n a favor de la ley SB 1070.<\/p>\n<p>La manifestaci\u00f3n estuvo organizado por la coalici\u00f3n May Day 2010, marchando desde la estaci\u00f3n del BART de Embarcadero hasta el estadio.<\/p>\n<p>La ley SB 1070, sancionada como la ley el 23 de abril, obligar\u00e1 a los inmigrantes a llevar documentos que verifiquen su estado migratorio legal. Tambi\u00e9n obligar\u00e1 a los oficiales de policia interrogar a una persona sobre su condici\u00f3n migratoria si hay \u201csospecha razonable\u201d de que la persona puede ser un inmigrante indocumentado. La medida har\u00e1 que estar ilegalmente en el pa\u00eds sea un delito castigable con seis meses de carcel y una multa de $2,500.<\/p>\n<p>Mientras los Giants y su gerencia no han tomado ninguna posici\u00f3n p\u00fablica sobre la legislaci\u00f3n de Arizona, otros equipos han mostrado p\u00fablicamente su oposici\u00f3n a la ley. Los Suns de Phoenix vistieron camisetas que s\u00f3lo dec\u00edan los Suns durante los playoffs, y el sindicato de jugadores de basebol, y sus muchos jugadores latinos, hicieron un llamado al estado para que anule la ley. Ha habido tambi\u00e9n llamados para boicotear el juego de las estrellas, que est\u00e1 programado que tenga lugar en Arizona el a\u00f1o pr\u00f3ximo.<\/p>\n<p>Los San Francisco Giants endosaron al equipo visitante su sexta derrota consecutiva con una victoria por 12-1 esa noche.<\/p>\n<p><em>\u2014Traducci\u00f3n Emilio Ram\u00f3n<\/em><\/p>\n","protected":false},"excerpt":{"rendered":"<p>M\u00e1s de 300 personas se manifestaron en la plaza Willie Mays a las afueras del estadio AT&amp;T el 29 de mayo para protestar la nueva ley inmigratoria de Arizona y la llegada de los Arizona Diamonbacks. El propietario de los Diamonbacks Ken Kendrick, est\u00e1 siendo criticado por su apoyo a los cargos electos de Arizona [&hellip;]<\/p>\n","protected":false},"author":8,"featured_media":0,"comment_status":"open","ping_status":"open","sticky":false,"template":"","format":"standard","meta":{"newspack_popups_has_disabled_popups":false,"newspack_featured_image_position":"","newspack_post_subtitle":"","newspack_article_summary_title":"Overview:","newspack_article_summary":"","newspack_hide_updated_date":false,"newspack_show_updated_date":false,"footnotes":""},"categories":[3519],"tags":[274,392,391,132,287],"coauthors":[18468],"class_list":["post-3274","post","type-post","status-publish","format-standard","hentry","category-noticias","tag-arizona","tag-diamondbacks","tag-giants","tag-inmigracion","tag-sb-1070","entry"],"yoast_head":"<!-- This site is optimized with the Yoast SEO plugin v27.4 - https:\/\/yoast.com\/product\/yoast-seo-wordpress\/ -->\n<title>La batalla contra Arizona alcanza la plaza Willie Mays - El Tecolote<\/title>\n<meta name=\"description\" content=\"M\u00e1s de 300 personas se manifestaron en la plaza Willie Mays a las afueras del estadio AT&amp;T el 29 de mayo para protestar la nueva ley inmigratoria de\" \/>\n<meta name=\"robots\" content=\"index, follow, max-snippet:-1, max-image-preview:large, max-video-preview:-1\" \/>\n<link rel=\"canonical\" href=\"https:\/\/eltecolote.org\/content\/es\/la-batalla-contra-arizona-alcanza-la-plaza-willie-mayes\/\" \/>\n<meta property=\"og:locale\" content=\"en_US\" \/>\n<meta property=\"og:type\" content=\"article\" \/>\n<meta property=\"og:title\" content=\"La batalla contra Arizona alcanza la plaza Willie Mays - El Tecolote\" \/>\n<meta property=\"og:description\" content=\"M\u00e1s de 300 personas se manifestaron en la plaza Willie Mays a las afueras del estadio AT&amp;T el 29 de mayo para protestar la nueva ley inmigratoria de\" \/>\n<meta property=\"og:url\" content=\"https:\/\/eltecolote.org\/content\/es\/la-batalla-contra-arizona-alcanza-la-plaza-willie-mayes\/\" \/>\n<meta property=\"og:site_name\" content=\"El Tecolote\" \/>\n<meta property=\"article:publisher\" content=\"https:\/\/www.facebook.com\/ElTecoloteSF\/\" \/>\n<meta property=\"article:published_time\" content=\"2010-06-07T06:40:59+00:00\" \/>\n<meta property=\"article:modified_time\" content=\"2014-12-31T20:27:07+00:00\" \/>\n<meta property=\"og:image\" content=\"https:\/\/i0.wp.com\/eltecolote.org\/content\/wp-content\/uploads\/2019\/10\/facebook.png?fit=8672%2C4960&quality=80&ssl=1\" \/>\n\t<meta property=\"og:image:width\" content=\"8672\" \/>\n\t<meta property=\"og:image:height\" content=\"4960\" \/>\n\t<meta property=\"og:image:type\" content=\"image\/png\" \/>\n<meta name=\"author\" content=\"inaki\" \/>\n<meta name=\"twitter:card\" content=\"summary_large_image\" \/>\n<meta name=\"twitter:creator\" content=\"@eltecolotesf\" \/>\n<meta name=\"twitter:site\" content=\"@eltecolotesf\" \/>\n<meta name=\"twitter:label1\" content=\"Written by\" \/>\n\t<meta name=\"twitter:data1\" content=\"inaki\" \/>\n\t<meta name=\"twitter:label2\" content=\"Est. reading time\" \/>\n\t<meta name=\"twitter:data2\" content=\"1 minute\" \/>\n<script type=\"application\/ld+json\" class=\"yoast-schema-graph\">{\"@context\":\"https:\\\/\\\/schema.org\",\"@graph\":[{\"@type\":\"NewsArticle\",\"@id\":\"https:\\\/\\\/eltecolote.org\\\/content\\\/es\\\/la-batalla-contra-arizona-alcanza-la-plaza-willie-mayes\\\/#article\",\"isPartOf\":{\"@id\":\"https:\\\/\\\/eltecolote.org\\\/content\\\/es\\\/la-batalla-contra-arizona-alcanza-la-plaza-willie-mayes\\\/\"},\"author\":{\"name\":\"inaki\",\"@id\":\"https:\\\/\\\/eltecolote.org\\\/content\\\/#\\\/schema\\\/person\\\/3d16dd415f4762c1919d5f48fb96be68\"},\"headline\":\"La batalla contra Arizona alcanza la plaza Willie Mays\",\"datePublished\":\"2010-06-07T06:40:59+00:00\",\"dateModified\":\"2014-12-31T20:27:07+00:00\",\"mainEntityOfPage\":{\"@id\":\"https:\\\/\\\/eltecolote.org\\\/content\\\/es\\\/la-batalla-contra-arizona-alcanza-la-plaza-willie-mayes\\\/\"},\"wordCount\":296,\"commentCount\":0,\"publisher\":{\"@id\":\"https:\\\/\\\/eltecolote.org\\\/content\\\/#organization\"},\"keywords\":[\"Arizona\",\"Diamondbacks\",\"Giants\",\"inmigracion\",\"SB 1070\"],\"articleSection\":[\"Noticias\"],\"inLanguage\":\"en\",\"potentialAction\":[{\"@type\":\"CommentAction\",\"name\":\"Comment\",\"target\":[\"https:\\\/\\\/eltecolote.org\\\/content\\\/es\\\/la-batalla-contra-arizona-alcanza-la-plaza-willie-mayes\\\/#respond\"]}]},{\"@type\":\"WebPage\",\"@id\":\"https:\\\/\\\/eltecolote.org\\\/content\\\/es\\\/la-batalla-contra-arizona-alcanza-la-plaza-willie-mayes\\\/\",\"url\":\"https:\\\/\\\/eltecolote.org\\\/content\\\/es\\\/la-batalla-contra-arizona-alcanza-la-plaza-willie-mayes\\\/\",\"name\":\"La batalla contra Arizona alcanza la plaza Willie Mays - El Tecolote\",\"isPartOf\":{\"@id\":\"https:\\\/\\\/eltecolote.org\\\/content\\\/#website\"},\"datePublished\":\"2010-06-07T06:40:59+00:00\",\"dateModified\":\"2014-12-31T20:27:07+00:00\",\"description\":\"M\u00e1s de 300 personas se manifestaron en la plaza Willie Mays a las afueras del estadio AT&amp;T el 29 de mayo para protestar la nueva ley inmigratoria de\",\"inLanguage\":\"en\",\"potentialAction\":[{\"@type\":\"ReadAction\",\"target\":[\"https:\\\/\\\/eltecolote.org\\\/content\\\/es\\\/la-batalla-contra-arizona-alcanza-la-plaza-willie-mayes\\\/\"]}]},{\"@type\":\"WebSite\",\"@id\":\"https:\\\/\\\/eltecolote.org\\\/content\\\/#website\",\"url\":\"https:\\\/\\\/eltecolote.org\\\/content\\\/\",\"name\":\"El Tecolote\",\"description\":\"San Francisco's Latinx newspaper since 1970\",\"publisher\":{\"@id\":\"https:\\\/\\\/eltecolote.org\\\/content\\\/#organization\"},\"potentialAction\":[{\"@type\":\"SearchAction\",\"target\":{\"@type\":\"EntryPoint\",\"urlTemplate\":\"https:\\\/\\\/eltecolote.org\\\/content\\\/?s={search_term_string}\"},\"query-input\":{\"@type\":\"PropertyValueSpecification\",\"valueRequired\":true,\"valueName\":\"search_term_string\"}}],\"inLanguage\":\"en\"},{\"@type\":\"Organization\",\"@id\":\"https:\\\/\\\/eltecolote.org\\\/content\\\/#organization\",\"name\":\"El Tecolote\",\"url\":\"https:\\\/\\\/eltecolote.org\\\/content\\\/\",\"logo\":{\"@type\":\"ImageObject\",\"inLanguage\":\"en\",\"@id\":\"https:\\\/\\\/eltecolote.org\\\/content\\\/#\\\/schema\\\/logo\\\/image\\\/\",\"url\":\"https:\\\/\\\/i0.wp.com\\\/eltecolote.org\\\/content\\\/wp-content\\\/uploads\\\/2021\\\/05\\\/ETlogo-1.jpg?fit=400%2C400&ssl=1\",\"contentUrl\":\"https:\\\/\\\/i0.wp.com\\\/eltecolote.org\\\/content\\\/wp-content\\\/uploads\\\/2021\\\/05\\\/ETlogo-1.jpg?fit=400%2C400&ssl=1\",\"width\":400,\"height\":400,\"caption\":\"El Tecolote\"},\"image\":{\"@id\":\"https:\\\/\\\/eltecolote.org\\\/content\\\/#\\\/schema\\\/logo\\\/image\\\/\"},\"sameAs\":[\"https:\\\/\\\/www.facebook.com\\\/ElTecoloteSF\\\/\",\"https:\\\/\\\/x.com\\\/eltecolotesf\",\"https:\\\/\\\/www.instagram.com\\\/eltecolotesf\\\/\"]},{\"@type\":\"Person\",\"@id\":\"https:\\\/\\\/eltecolote.org\\\/content\\\/#\\\/schema\\\/person\\\/3d16dd415f4762c1919d5f48fb96be68\",\"name\":\"inaki\",\"image\":{\"@type\":\"ImageObject\",\"inLanguage\":\"en\",\"@id\":\"https:\\\/\\\/secure.gravatar.com\\\/avatar\\\/ab6ead0932ded5b2446f1718461a6be0d4ec8d3cc15301536fd1add812db4cfd?s=96&d=mm&r=g63853c5492f171feb7b16142e206d3ec\",\"url\":\"https:\\\/\\\/secure.gravatar.com\\\/avatar\\\/ab6ead0932ded5b2446f1718461a6be0d4ec8d3cc15301536fd1add812db4cfd?s=96&d=mm&r=g\",\"contentUrl\":\"https:\\\/\\\/secure.gravatar.com\\\/avatar\\\/ab6ead0932ded5b2446f1718461a6be0d4ec8d3cc15301536fd1add812db4cfd?s=96&d=mm&r=g\",\"caption\":\"inaki\"},\"url\":\"https:\\\/\\\/eltecolote.org\\\/content\\\/author\\\/inaki\\\/\"}]}<\/script>\n<!-- \/ Yoast SEO plugin. -->","yoast_head_json":{"title":"La batalla contra Arizona alcanza la plaza Willie Mays - El Tecolote","description":"M\u00e1s de 300 personas se manifestaron en la plaza Willie Mays a las afueras del estadio AT&amp;T el 29 de mayo para protestar la nueva ley inmigratoria de","robots":{"index":"index","follow":"follow","max-snippet":"max-snippet:-1","max-image-preview":"max-image-preview:large","max-video-preview":"max-video-preview:-1"},"canonical":"https:\/\/eltecolote.org\/content\/es\/la-batalla-contra-arizona-alcanza-la-plaza-willie-mayes\/","og_locale":"en_US","og_type":"article","og_title":"La batalla contra Arizona alcanza la plaza Willie Mays - El Tecolote","og_description":"M\u00e1s de 300 personas se manifestaron en la plaza Willie Mays a las afueras del estadio AT&amp;T el 29 de mayo para protestar la nueva ley inmigratoria de","og_url":"https:\/\/eltecolote.org\/content\/es\/la-batalla-contra-arizona-alcanza-la-plaza-willie-mayes\/","og_site_name":"El Tecolote","article_publisher":"https:\/\/www.facebook.com\/ElTecoloteSF\/","article_published_time":"2010-06-07T06:40:59+00:00","article_modified_time":"2014-12-31T20:27:07+00:00","og_image":[{"width":8672,"height":4960,"url":"https:\/\/i0.wp.com\/eltecolote.org\/content\/wp-content\/uploads\/2019\/10\/facebook.png?fit=8672%2C4960&quality=80&ssl=1","type":"image\/png"}],"author":"inaki","twitter_card":"summary_large_image","twitter_creator":"@eltecolotesf","twitter_site":"@eltecolotesf","twitter_misc":{"Written by":"inaki","Est. reading time":"1 minute"},"schema":{"@context":"https:\/\/schema.org","@graph":[{"@type":"NewsArticle","@id":"https:\/\/eltecolote.org\/content\/es\/la-batalla-contra-arizona-alcanza-la-plaza-willie-mayes\/#article","isPartOf":{"@id":"https:\/\/eltecolote.org\/content\/es\/la-batalla-contra-arizona-alcanza-la-plaza-willie-mayes\/"},"author":{"name":"inaki","@id":"https:\/\/eltecolote.org\/content\/#\/schema\/person\/3d16dd415f4762c1919d5f48fb96be68"},"headline":"La batalla contra Arizona alcanza la plaza Willie Mays","datePublished":"2010-06-07T06:40:59+00:00","dateModified":"2014-12-31T20:27:07+00:00","mainEntityOfPage":{"@id":"https:\/\/eltecolote.org\/content\/es\/la-batalla-contra-arizona-alcanza-la-plaza-willie-mayes\/"},"wordCount":296,"commentCount":0,"publisher":{"@id":"https:\/\/eltecolote.org\/content\/#organization"},"keywords":["Arizona","Diamondbacks","Giants","inmigracion","SB 1070"],"articleSection":["Noticias"],"inLanguage":"en","potentialAction":[{"@type":"CommentAction","name":"Comment","target":["https:\/\/eltecolote.org\/content\/es\/la-batalla-contra-arizona-alcanza-la-plaza-willie-mayes\/#respond"]}]},{"@type":"WebPage","@id":"https:\/\/eltecolote.org\/content\/es\/la-batalla-contra-arizona-alcanza-la-plaza-willie-mayes\/","url":"https:\/\/eltecolote.org\/content\/es\/la-batalla-contra-arizona-alcanza-la-plaza-willie-mayes\/","name":"La batalla contra Arizona alcanza la plaza Willie Mays - El Tecolote","isPartOf":{"@id":"https:\/\/eltecolote.org\/content\/#website"},"datePublished":"2010-06-07T06:40:59+00:00","dateModified":"2014-12-31T20:27:07+00:00","description":"M\u00e1s de 300 personas se manifestaron en la plaza Willie Mays a las afueras del estadio AT&amp;T el 29 de mayo para protestar la nueva ley inmigratoria de","inLanguage":"en","potentialAction":[{"@type":"ReadAction","target":["https:\/\/eltecolote.org\/content\/es\/la-batalla-contra-arizona-alcanza-la-plaza-willie-mayes\/"]}]},{"@type":"WebSite","@id":"https:\/\/eltecolote.org\/content\/#website","url":"https:\/\/eltecolote.org\/content\/","name":"El Tecolote","description":"San Francisco's Latinx newspaper since 1970","publisher":{"@id":"https:\/\/eltecolote.org\/content\/#organization"},"potentialAction":[{"@type":"SearchAction","target":{"@type":"EntryPoint","urlTemplate":"https:\/\/eltecolote.org\/content\/?s={search_term_string}"},"query-input":{"@type":"PropertyValueSpecification","valueRequired":true,"valueName":"search_term_string"}}],"inLanguage":"en"},{"@type":"Organization","@id":"https:\/\/eltecolote.org\/content\/#organization","name":"El Tecolote","url":"https:\/\/eltecolote.org\/content\/","logo":{"@type":"ImageObject","inLanguage":"en","@id":"https:\/\/eltecolote.org\/content\/#\/schema\/logo\/image\/","url":"https:\/\/i0.wp.com\/eltecolote.org\/content\/wp-content\/uploads\/2021\/05\/ETlogo-1.jpg?fit=400%2C400&ssl=1","contentUrl":"https:\/\/i0.wp.com\/eltecolote.org\/content\/wp-content\/uploads\/2021\/05\/ETlogo-1.jpg?fit=400%2C400&ssl=1","width":400,"height":400,"caption":"El Tecolote"},"image":{"@id":"https:\/\/eltecolote.org\/content\/#\/schema\/logo\/image\/"},"sameAs":["https:\/\/www.facebook.com\/ElTecoloteSF\/","https:\/\/x.com\/eltecolotesf","https:\/\/www.instagram.com\/eltecolotesf\/"]},{"@type":"Person","@id":"https:\/\/eltecolote.org\/content\/#\/schema\/person\/3d16dd415f4762c1919d5f48fb96be68","name":"inaki","image":{"@type":"ImageObject","inLanguage":"en","@id":"https:\/\/secure.gravatar.com\/avatar\/ab6ead0932ded5b2446f1718461a6be0d4ec8d3cc15301536fd1add812db4cfd?s=96&d=mm&r=g63853c5492f171feb7b16142e206d3ec","url":"https:\/\/secure.gravatar.com\/avatar\/ab6ead0932ded5b2446f1718461a6be0d4ec8d3cc15301536fd1add812db4cfd?s=96&d=mm&r=g","contentUrl":"https:\/\/secure.gravatar.com\/avatar\/ab6ead0932ded5b2446f1718461a6be0d4ec8d3cc15301536fd1add812db4cfd?s=96&d=mm&r=g","caption":"inaki"},"url":"https:\/\/eltecolote.org\/content\/author\/inaki\/"}]}},"distributor_meta":false,"distributor_terms":false,"distributor_media":false,"distributor_original_site_name":"El Tecolote","distributor_original_site_url":"https:\/\/eltecolote.org\/content","push-errors":false,"_links":{"self":[{"href":"https:\/\/eltecolote.org\/content\/wp-json\/wp\/v2\/posts\/3274","targetHints":{"allow":["GET"]}}],"collection":[{"href":"https:\/\/eltecolote.org\/content\/wp-json\/wp\/v2\/posts"}],"about":[{"href":"https:\/\/eltecolote.org\/content\/wp-json\/wp\/v2\/types\/post"}],"author":[{"embeddable":true,"href":"https:\/\/eltecolote.org\/content\/wp-json\/wp\/v2\/users\/8"}],"replies":[{"embeddable":true,"href":"https:\/\/eltecolote.org\/content\/wp-json\/wp\/v2\/comments?post=3274"}],"version-history":[{"count":13,"href":"https:\/\/eltecolote.org\/content\/wp-json\/wp\/v2\/posts\/3274\/revisions"}],"predecessor-version":[{"id":3382,"href":"https:\/\/eltecolote.org\/content\/wp-json\/wp\/v2\/posts\/3274\/revisions\/3382"}],"wp:attachment":[{"href":"https:\/\/eltecolote.org\/content\/wp-json\/wp\/v2\/media?parent=3274"}],"wp:term":[{"taxonomy":"category","embeddable":true,"href":"https:\/\/eltecolote.org\/content\/wp-json\/wp\/v2\/categories?post=3274"},{"taxonomy":"post_tag","embeddable":true,"href":"https:\/\/eltecolote.org\/content\/wp-json\/wp\/v2\/tags?post=3274"},{"taxonomy":"author","embeddable":true,"href":"https:\/\/eltecolote.org\/content\/wp-json\/wp\/v2\/coauthors?post=3274"}],"curies":[{"name":"wp","href":"https:\/\/api.w.org\/{rel}","templated":true}]}}