{"id":32412,"date":"2016-12-02T16:23:14","date_gmt":"2016-12-02T23:23:14","guid":{"rendered":"http:\/\/eltecolote.org\/content\/?p=32412"},"modified":"2016-12-09T17:40:43","modified_gmt":"2016-12-10T00:40:43","slug":"el-emperador-suarez-ingresa-a-salon-de-la-fama","status":"publish","type":"post","link":"https:\/\/eltecolote.org\/content\/es\/el-emperador-suarez-ingresa-a-salon-de-la-fama\/","title":{"rendered":"\u2018El Emperador\u2019 Su\u00e1rez ingresa a Sal\u00f3n de la Fama"},"content":{"rendered":"<figure id=\"attachment_32413\" aria-describedby=\"caption-attachment-32413\" style=\"width: 401px\" class=\"wp-caption alignright\"><a href=\"https:\/\/i0.wp.com\/eltecolote.org\/content\/wp-content\/uploads\/2016\/12\/Claudio-Suarez_01web-1.jpg?quality=89&#038;ssl=1\"><img data-recalc-dims=\"1\" loading=\"lazy\" decoding=\"async\" class=\"wp-image-32413 \" src=\"https:\/\/i0.wp.com\/eltecolote.org\/content\/wp-content\/uploads\/2016\/12\/Claudio-Suarez_01web-1.jpg?resize=401%2C600&#038;quality=89&#038;ssl=1\" alt=\"Claudio Su\u00e1rez durante su temporada en la selecci\u00f3n mexicano de f\u00fatbol. \" width=\"401\" height=\"600\" srcset=\"https:\/\/i0.wp.com\/eltecolote.org\/content\/wp-content\/uploads\/2016\/12\/Claudio-Suarez_01web-1.jpg?w=577&amp;quality=89&amp;ssl=1 577w, https:\/\/i0.wp.com\/eltecolote.org\/content\/wp-content\/uploads\/2016\/12\/Claudio-Suarez_01web-1.jpg?resize=167%2C250&amp;quality=89&amp;ssl=1 167w, https:\/\/i0.wp.com\/eltecolote.org\/content\/wp-content\/uploads\/2016\/12\/Claudio-Suarez_01web-1.jpg?resize=321%2C480&amp;quality=89&amp;ssl=1 321w\" sizes=\"auto, (max-width: 401px) 100vw, 401px\" \/><\/a><figcaption id=\"caption-attachment-32413\" class=\"wp-caption-text\">Claudio Su\u00e1rez durante su temporada en la selecci\u00f3n mexicano de f\u00fatbol.<\/figcaption><\/figure>\n<p class=\"p1\">Claudio \u2018El Emperador\u2019 Su\u00e1rez estaba euf\u00f3rico por ingresar al Sal\u00f3n de Fama del F\u00fatbol Mexicano el 8 de noviembre.<\/p>\n<p class=\"p5\">\u201cEstoy muy feliz de estar en la Ciudad de M\u00e9xico\u201d, dijo Su\u00e1rez a <span class=\"s1\"><i>El Tecolote<\/i><\/span> en entrevista telef\u00f3nica. \u201cPorque cuando est\u00e1s aqu\u00ed te das cuenta de lo que significa ser inmortalizado\u201d.<\/p>\n<p class=\"p5\">Junto con Rafael M\u00e1rquez, aun en activo, Su\u00e1rez, de 47 a\u00f1os, es considerado uno de los defensas centrales m\u00e1s dotado que el equipo de f\u00fatbol mexicano haya producido. \u00c9l es un veterano que ha participado en tres copas mundiales de FIFA: la de EEUU, en 1994; la de Francia, en 1998 y Alemania, en 2006.<\/p>\n<p class=\"p5\">\u201cRealmente fue para m\u00ed un momento muy emotivo el jugar en la Copa Mundial de 1994\u201d, record\u00f3. \u201cEmpec\u00e9 a llorar porque no pod\u00eda creer que hab\u00eda llegado tan lejos en mi carrera, y porque creo que es el sue\u00f1o de cada ni\u00f1o el jugar una Copa Mundial\u201d.<\/p>\n<p class=\"p5\">Su\u00e1rez mantiene el r\u00e9cord en M\u00e9xico de 177 partidos disputados con el \u2018Tri\u2019, y el tercero m\u00e1s alto en el f\u00fatbol internacional (el primero y segundo lugar lo ostentan dos jugadores egipcios, Ahmed Hassan, con 184 y Hossam Hassan, con 178, seg\u00fan los registros de la FIFA).<\/p>\n<p class=\"p5\">Aparte de empezar 177 partidos con M\u00e9xico, anot\u00f3 un total de seis goles, mientras jugaba contra jugadores de clase mundial como Gabriel Batistuta, de Argentina; Roberto Baggio, de Italia; J\u00fcrgen Klinsmann, de Alemania y Ronaldo Lima y Ronaldinho, ambos de Brasil.<\/p>\n<p class=\"p5\">\u201cCuando juegas contra esos jugadores no tienes tiempo de cometer errores\u201d, coment\u00f3 Su\u00e1rez. \u201cGabriel Batistuta fue un jugador incontenible y fuerte; \u00e9l ten\u00eda un cambio de ritmo abrupto. Ese tipo de jugadores pueden ser considerados monstruos en el f\u00fatbol\u201d, agreg\u00f3.<\/p>\n<p class=\"p5\">Este defensa mexicano tambi\u00e9n jug\u00f3 en cinco copas americanas, incluyendo la invitaci\u00f3n inaugural de M\u00e9xico en 1993, donde el equipo termin\u00f3 perdiendo 2-1 en la final contra Argentina.<\/p>\n<p class=\"p5\">Tambi\u00e9n fue capit\u00e1n del \u00fanico equipo nacional que gan\u00f3 un torneo internacional (cuando M\u00e9xico venci\u00f3 a Brasil 4-3 en la Copa Confederaciones en 1999).<\/p>\n<p class=\"p7\"><span class=\"s1\"><b>Comienzo humilde<\/b><\/span><\/p>\n<p class=\"p4\">Su\u00e1rez naci\u00f3 en Texcoco, M\u00e9xico y fue uno de nueve ni\u00f1os de una familia que habitaba una casa peque\u00f1a de dos cuartos. La vida era dif\u00edcil.<\/p>\n<p class=\"p5\">\u201cYo tuve que vivir un ni\u00f1ez muy dif\u00edcil debido a problemas econ\u00f3micos\u201d, Su\u00e1rez dijo. \u201cPero como nosotros [mis hermanos y yo] \u00e9ramos ni\u00f1os no nos dimos cuenta de la situaci\u00f3n\u201d.<\/p>\n<p class=\"p5\">A pesar de las dificultades financieras, Su\u00e1rez encontr\u00f3 consuelo en una pelota de f\u00fatbol desinflada, zapatos de f\u00fatbol usados y grandes que eran de su hermano y un campo de f\u00fatbol de tierra. Pas\u00f3 horas jugando f\u00fatbol en esa cancha, lo que cambiar\u00eda el rumbo de su vida para siempre.<\/p>\n<figure id=\"attachment_32414\" aria-describedby=\"caption-attachment-32414\" style=\"width: 397px\" class=\"wp-caption alignright\"><a href=\"https:\/\/i0.wp.com\/eltecolote.org\/content\/wp-content\/uploads\/2016\/12\/Claudio-Suarez_02web-1.jpg?quality=89&#038;ssl=1\"><img data-recalc-dims=\"1\" loading=\"lazy\" decoding=\"async\" class=\"wp-image-32414 \" src=\"https:\/\/i0.wp.com\/eltecolote.org\/content\/wp-content\/uploads\/2016\/12\/Claudio-Suarez_02web-1.jpg?resize=397%2C696&#038;quality=89&#038;ssl=1\" alt=\"Claudio Su\u00e1rez con un premio en el Club Tijuana en 2012. Foto: Flickr\/Hefebreo\" width=\"397\" height=\"696\" srcset=\"https:\/\/i0.wp.com\/eltecolote.org\/content\/wp-content\/uploads\/2016\/12\/Claudio-Suarez_02web-1.jpg?w=493&amp;quality=89&amp;ssl=1 493w, https:\/\/i0.wp.com\/eltecolote.org\/content\/wp-content\/uploads\/2016\/12\/Claudio-Suarez_02web-1.jpg?resize=143%2C250&amp;quality=89&amp;ssl=1 143w, https:\/\/i0.wp.com\/eltecolote.org\/content\/wp-content\/uploads\/2016\/12\/Claudio-Suarez_02web-1.jpg?resize=274%2C480&amp;quality=89&amp;ssl=1 274w\" sizes=\"auto, (max-width: 397px) 100vw, 397px\" \/><\/a><figcaption id=\"caption-attachment-32414\" class=\"wp-caption-text\">Claudio Su\u00e1rez con un premio en el Club Tijuana en 2012. Foto: Flickr\/Hefebreo<\/figcaption><\/figure>\n<p class=\"p5\">Sus padres \u2014Francisca y Vicente Su\u00e1rez\u2014 siempre trabajaron para darles a Claudio y sus ocho hermanos una vida mejor. Su madre vendiendo ropa y su padre trabajando como vendedor callejero de<span class=\"Apple-converted-space\">\u00a0 <\/span>antojitos mexicanos.<\/p>\n<p class=\"p5\">Cuando ni\u00f1o, su madre se lastim\u00f3 severamente en el trabajo, despu\u00e9s de caerse de una escalera. El impacto fue tan grave que casi pierde su pie. Claudio y su hermano mayor, Sergio, recurr\u00edan al f\u00fatbol para superar la herida de su madre.<\/p>\n<p class=\"p5\">Conforme Claudio creci\u00f3, tambi\u00e9n lo hizo su deseo de jugar profesionalmente, que fue lo que lo llev\u00f3 a \u00e9l y a su hermano a hacer una prueba de selecci\u00f3n para el Club de los Pumas. Los dos avanzaron pero, una vez m\u00e1s, las aflicciones financieras suspendieron el sue\u00f1o de Claudio.<\/p>\n<p class=\"p5\">\u201cNo ten\u00edamos [dinero para el autob\u00fas] para pagar los pasajes\u201d,<span class=\"Apple-converted-space\">\u00a0 <\/span>confes\u00f3 Su\u00e1rez. \u201cNos tomar\u00eda dos a tres horas de Texcoco a Ciudad Universitaria, y ten\u00edamos que tomar cuatro autobuses de ida y vuelta\u201d.<\/p>\n<p class=\"p5\">A la edad de 18, decidi\u00f3 una vez m\u00e1s hacer la prueba de selecci\u00f3n para el Club de los Puma. Esta vez con mejor ayuda financiera, pudo quedarse.<\/p>\n<p class=\"p5\">El camino a los profesionales es dif\u00edcil reconoce Su\u00e1rez.<\/p>\n<p class=\"p5\">\u201cHay miles de jugadores con el deseo de jugar profesionalmente, pero tienes que tener la disciplina y la disposici\u00f3n\u201d, dijo.<\/p>\n<p class=\"p5\">Su compromiso, paciencia y dedicaci\u00f3n lo empujaron hasta la primera divisi\u00f3n de f\u00fatbol mexicano, donde debut\u00f3 para Pumas en 1988 y gan\u00f3 su primer campeonato tres a\u00f1os despu\u00e9s. El Emperador obtuvo otro campeonato con Guadalajara en el verano de 1997 y fue subcampe\u00f3n dos veces en 2001 y 2003 con Tigres.<\/p>\n<p class=\"p5\">Despu\u00e9s, se mud\u00f3 a las ligas mayores de f\u00fatbol para jugar para Chivas USA de 2006 a 2009, donde se jubil\u00f3 anotando nueve goles y quedando como defensor del a\u00f1o para dicho equipo dos a\u00f1os seguidos, seg\u00fan los archivos del MLS.<\/p>\n<p class=\"p5\">Actualmente Su\u00e1rez vive al sur de California con su esposa Irma, sus dos hijas Sandra y Mar\u00eda y su hijo Claudio Jr. Actualmente trabaja par Fox Deportes como comentarista y analista de f\u00fatbol y de vez en cuando trabaja con clubs de este deporte en Los \u00c1ngeles.<\/p>\n<p class=\"p5\">\u201cMi sue\u00f1o ser\u00eda alg\u00fan d\u00eda ser el entrenador del equipo nacional de M\u00e9xico\u201d, dijo. \u201cY ojal\u00e1 llevarlos a una final de la Copa Mundial\u201d.<\/p>\n<p class=\"p8\"><i>Traducci\u00f3n por\u00a0<\/i><i>Jessica Camacho <\/i><\/p>\n","protected":false},"excerpt":{"rendered":"<p>Claudio \u2018El Emperador\u2019 Su\u00e1rez estaba euf\u00f3rico por ingresar al Sal\u00f3n de Fama del F\u00fatbol Mexicano el 8 de noviembre. \u201cEstoy muy feliz de estar en la Ciudad de M\u00e9xico\u201d, dijo Su\u00e1rez a El Tecolote en entrevista telef\u00f3nica. \u201cPorque cuando est\u00e1s aqu\u00ed te das cuenta de lo que significa ser inmortalizado\u201d. Junto con Rafael M\u00e1rquez, aun [&hellip;]<\/p>\n","protected":false},"author":35,"featured_media":32413,"comment_status":"open","ping_status":"closed","sticky":false,"template":"","format":"standard","meta":{"newspack_popups_has_disabled_popups":false,"newspack_featured_image_position":"","newspack_post_subtitle":"","newspack_article_summary_title":"Overview:","newspack_article_summary":"","newspack_hide_updated_date":false,"newspack_show_updated_date":false,"footnotes":""},"categories":[3517],"tags":[12023,12021,12019],"coauthors":[],"class_list":["post-32412","post","type-post","status-publish","format-standard","has-post-thumbnail","hentry","category-deportes-es","tag-claudio-el-emperador-suarez-es","tag-claudio-suarez-es","tag-salon-de-fama-del-futbol-mexicano","entry"],"yoast_head":"<!-- This site is optimized with the Yoast SEO plugin v27.5 - https:\/\/yoast.com\/product\/yoast-seo-wordpress\/ -->\n<title>\u2018El Emperador\u2019 Su\u00e1rez ingresa a Sal\u00f3n de la Fama - El Tecolote<\/title>\n<meta name=\"description\" content=\"Claudio \u2018El Emperador\u2019 Su\u00e1rez estaba euf\u00f3rico por ingresar al Sal\u00f3n de Fama del F\u00fatbol Mexicano el 8 de noviembre. \u201cEstoy muy feliz de estar en la Ciudad\" \/>\n<meta name=\"robots\" content=\"index, follow, max-snippet:-1, max-image-preview:large, max-video-preview:-1\" \/>\n<link rel=\"canonical\" href=\"https:\/\/eltecolote.org\/content\/es\/el-emperador-suarez-ingresa-a-salon-de-la-fama\/\" \/>\n<meta property=\"og:locale\" content=\"en_US\" \/>\n<meta property=\"og:type\" content=\"article\" \/>\n<meta property=\"og:title\" content=\"\u2018El Emperador\u2019 Su\u00e1rez ingresa a Sal\u00f3n de la Fama - El Tecolote\" \/>\n<meta property=\"og:description\" content=\"Claudio \u2018El Emperador\u2019 Su\u00e1rez estaba euf\u00f3rico por ingresar al Sal\u00f3n de Fama del F\u00fatbol Mexicano el 8 de noviembre. \u201cEstoy muy feliz de estar en la Ciudad\" \/>\n<meta property=\"og:url\" content=\"https:\/\/eltecolote.org\/content\/es\/el-emperador-suarez-ingresa-a-salon-de-la-fama\/\" \/>\n<meta property=\"og:site_name\" content=\"El Tecolote\" \/>\n<meta property=\"article:publisher\" content=\"https:\/\/www.facebook.com\/ElTecoloteSF\/\" \/>\n<meta property=\"article:published_time\" content=\"2016-12-02T23:23:14+00:00\" \/>\n<meta property=\"article:modified_time\" content=\"2016-12-10T00:40:43+00:00\" \/>\n<meta property=\"og:image\" content=\"https:\/\/i0.wp.com\/eltecolote.org\/content\/wp-content\/uploads\/2016\/12\/Claudio-Suarez_01web-1.jpg?fit=577%2C864&ssl=1\" \/>\n\t<meta property=\"og:image:width\" content=\"577\" \/>\n\t<meta property=\"og:image:height\" content=\"864\" \/>\n\t<meta property=\"og:image:type\" content=\"image\/jpeg\" \/>\n<meta name=\"author\" content=\"El Tecolote Staff\" \/>\n<meta name=\"twitter:card\" content=\"summary_large_image\" \/>\n<meta name=\"twitter:creator\" content=\"@eltecolotesf\" \/>\n<meta name=\"twitter:site\" content=\"@eltecolotesf\" \/>\n<meta name=\"twitter:label1\" content=\"Written by\" \/>\n\t<meta name=\"twitter:data1\" content=\"El Tecolote Staff\" \/>\n\t<meta name=\"twitter:label2\" content=\"Est. reading time\" \/>\n\t<meta name=\"twitter:data2\" content=\"5 minutes\" \/>\n<script type=\"application\/ld+json\" class=\"yoast-schema-graph\">{\"@context\":\"https:\\\/\\\/schema.org\",\"@graph\":[{\"@type\":\"NewsArticle\",\"@id\":\"https:\\\/\\\/eltecolote.org\\\/content\\\/es\\\/el-emperador-suarez-ingresa-a-salon-de-la-fama\\\/#article\",\"isPartOf\":{\"@id\":\"https:\\\/\\\/eltecolote.org\\\/content\\\/es\\\/el-emperador-suarez-ingresa-a-salon-de-la-fama\\\/\"},\"author\":{\"name\":\"El Tecolote Staff\",\"@id\":\"https:\\\/\\\/eltecolote.org\\\/content\\\/#\\\/schema\\\/person\\\/08828d10185eba96895a8363a269410e\"},\"headline\":\"\u2018El Emperador\u2019 Su\u00e1rez ingresa a Sal\u00f3n de la Fama\",\"datePublished\":\"2016-12-02T23:23:14+00:00\",\"dateModified\":\"2016-12-10T00:40:43+00:00\",\"mainEntityOfPage\":{\"@id\":\"https:\\\/\\\/eltecolote.org\\\/content\\\/es\\\/el-emperador-suarez-ingresa-a-salon-de-la-fama\\\/\"},\"wordCount\":946,\"commentCount\":0,\"publisher\":{\"@id\":\"https:\\\/\\\/eltecolote.org\\\/content\\\/#organization\"},\"image\":{\"@id\":\"https:\\\/\\\/eltecolote.org\\\/content\\\/es\\\/el-emperador-suarez-ingresa-a-salon-de-la-fama\\\/#primaryimage\"},\"thumbnailUrl\":\"https:\\\/\\\/i0.wp.com\\\/eltecolote.org\\\/content\\\/wp-content\\\/uploads\\\/2016\\\/12\\\/Claudio-Suarez_01web-1.jpg?fit=577%2C864&quality=89&ssl=1\",\"keywords\":[\"Claudio \u201cEl Emperador\u201d Suarez\",\"Claudio Suarez\",\"Sal\u00f3n de Fama del F\u00fatbol Mexicano\"],\"articleSection\":[\"Deportes\"],\"inLanguage\":\"en\",\"potentialAction\":[{\"@type\":\"CommentAction\",\"name\":\"Comment\",\"target\":[\"https:\\\/\\\/eltecolote.org\\\/content\\\/es\\\/el-emperador-suarez-ingresa-a-salon-de-la-fama\\\/#respond\"]}]},{\"@type\":\"WebPage\",\"@id\":\"https:\\\/\\\/eltecolote.org\\\/content\\\/es\\\/el-emperador-suarez-ingresa-a-salon-de-la-fama\\\/\",\"url\":\"https:\\\/\\\/eltecolote.org\\\/content\\\/es\\\/el-emperador-suarez-ingresa-a-salon-de-la-fama\\\/\",\"name\":\"\u2018El Emperador\u2019 Su\u00e1rez ingresa a Sal\u00f3n de la Fama - El Tecolote\",\"isPartOf\":{\"@id\":\"https:\\\/\\\/eltecolote.org\\\/content\\\/#website\"},\"primaryImageOfPage\":{\"@id\":\"https:\\\/\\\/eltecolote.org\\\/content\\\/es\\\/el-emperador-suarez-ingresa-a-salon-de-la-fama\\\/#primaryimage\"},\"image\":{\"@id\":\"https:\\\/\\\/eltecolote.org\\\/content\\\/es\\\/el-emperador-suarez-ingresa-a-salon-de-la-fama\\\/#primaryimage\"},\"thumbnailUrl\":\"https:\\\/\\\/i0.wp.com\\\/eltecolote.org\\\/content\\\/wp-content\\\/uploads\\\/2016\\\/12\\\/Claudio-Suarez_01web-1.jpg?fit=577%2C864&quality=89&ssl=1\",\"datePublished\":\"2016-12-02T23:23:14+00:00\",\"dateModified\":\"2016-12-10T00:40:43+00:00\",\"description\":\"Claudio \u2018El Emperador\u2019 Su\u00e1rez estaba euf\u00f3rico por ingresar al Sal\u00f3n de Fama del F\u00fatbol Mexicano el 8 de noviembre. \u201cEstoy muy feliz de estar en la Ciudad\",\"inLanguage\":\"en\",\"potentialAction\":[{\"@type\":\"ReadAction\",\"target\":[\"https:\\\/\\\/eltecolote.org\\\/content\\\/es\\\/el-emperador-suarez-ingresa-a-salon-de-la-fama\\\/\"]}]},{\"@type\":\"ImageObject\",\"inLanguage\":\"en\",\"@id\":\"https:\\\/\\\/eltecolote.org\\\/content\\\/es\\\/el-emperador-suarez-ingresa-a-salon-de-la-fama\\\/#primaryimage\",\"url\":\"https:\\\/\\\/i0.wp.com\\\/eltecolote.org\\\/content\\\/wp-content\\\/uploads\\\/2016\\\/12\\\/Claudio-Suarez_01web-1.jpg?fit=577%2C864&quality=89&ssl=1\",\"contentUrl\":\"https:\\\/\\\/i0.wp.com\\\/eltecolote.org\\\/content\\\/wp-content\\\/uploads\\\/2016\\\/12\\\/Claudio-Suarez_01web-1.jpg?fit=577%2C864&quality=89&ssl=1\",\"width\":577,\"height\":864,\"caption\":\"Claudio Su\u00e1rez durante su temporada en la selecci\u00f3n mexicano de f\u00fatbol.\"},{\"@type\":\"WebSite\",\"@id\":\"https:\\\/\\\/eltecolote.org\\\/content\\\/#website\",\"url\":\"https:\\\/\\\/eltecolote.org\\\/content\\\/\",\"name\":\"El Tecolote\",\"description\":\"San Francisco's Latinx newspaper since 1970\",\"publisher\":{\"@id\":\"https:\\\/\\\/eltecolote.org\\\/content\\\/#organization\"},\"potentialAction\":[{\"@type\":\"SearchAction\",\"target\":{\"@type\":\"EntryPoint\",\"urlTemplate\":\"https:\\\/\\\/eltecolote.org\\\/content\\\/?s={search_term_string}\"},\"query-input\":{\"@type\":\"PropertyValueSpecification\",\"valueRequired\":true,\"valueName\":\"search_term_string\"}}],\"inLanguage\":\"en\"},{\"@type\":\"Organization\",\"@id\":\"https:\\\/\\\/eltecolote.org\\\/content\\\/#organization\",\"name\":\"El Tecolote\",\"url\":\"https:\\\/\\\/eltecolote.org\\\/content\\\/\",\"logo\":{\"@type\":\"ImageObject\",\"inLanguage\":\"en\",\"@id\":\"https:\\\/\\\/eltecolote.org\\\/content\\\/#\\\/schema\\\/logo\\\/image\\\/\",\"url\":\"https:\\\/\\\/i0.wp.com\\\/eltecolote.org\\\/content\\\/wp-content\\\/uploads\\\/2021\\\/05\\\/ETlogo-1.jpg?fit=400%2C400&ssl=1\",\"contentUrl\":\"https:\\\/\\\/i0.wp.com\\\/eltecolote.org\\\/content\\\/wp-content\\\/uploads\\\/2021\\\/05\\\/ETlogo-1.jpg?fit=400%2C400&ssl=1\",\"width\":400,\"height\":400,\"caption\":\"El Tecolote\"},\"image\":{\"@id\":\"https:\\\/\\\/eltecolote.org\\\/content\\\/#\\\/schema\\\/logo\\\/image\\\/\"},\"sameAs\":[\"https:\\\/\\\/www.facebook.com\\\/ElTecoloteSF\\\/\",\"https:\\\/\\\/x.com\\\/eltecolotesf\",\"https:\\\/\\\/www.instagram.com\\\/eltecolotesf\\\/\"]},{\"@type\":\"Person\",\"@id\":\"https:\\\/\\\/eltecolote.org\\\/content\\\/#\\\/schema\\\/person\\\/08828d10185eba96895a8363a269410e\",\"name\":\"El Tecolote Staff\",\"image\":{\"@type\":\"ImageObject\",\"inLanguage\":\"en\",\"@id\":\"https:\\\/\\\/secure.gravatar.com\\\/avatar\\\/9534c92c8c908364e186a64d93efc86f62367109d1b07a3454facde655968589?s=96&d=mm&r=g6afcb607783e095e4cf6be807353924d\",\"url\":\"https:\\\/\\\/secure.gravatar.com\\\/avatar\\\/9534c92c8c908364e186a64d93efc86f62367109d1b07a3454facde655968589?s=96&d=mm&r=g\",\"contentUrl\":\"https:\\\/\\\/secure.gravatar.com\\\/avatar\\\/9534c92c8c908364e186a64d93efc86f62367109d1b07a3454facde655968589?s=96&d=mm&r=g\",\"caption\":\"El Tecolote Staff\"},\"url\":\"https:\\\/\\\/eltecolote.org\\\/content\\\/author\\\/web-editor\\\/\"}]}<\/script>\n<!-- \/ Yoast SEO plugin. -->","yoast_head_json":{"title":"\u2018El Emperador\u2019 Su\u00e1rez ingresa a Sal\u00f3n de la Fama - El Tecolote","description":"Claudio \u2018El Emperador\u2019 Su\u00e1rez estaba euf\u00f3rico por ingresar al Sal\u00f3n de Fama del F\u00fatbol Mexicano el 8 de noviembre. \u201cEstoy muy feliz de estar en la Ciudad","robots":{"index":"index","follow":"follow","max-snippet":"max-snippet:-1","max-image-preview":"max-image-preview:large","max-video-preview":"max-video-preview:-1"},"canonical":"https:\/\/eltecolote.org\/content\/es\/el-emperador-suarez-ingresa-a-salon-de-la-fama\/","og_locale":"en_US","og_type":"article","og_title":"\u2018El Emperador\u2019 Su\u00e1rez ingresa a Sal\u00f3n de la Fama - El Tecolote","og_description":"Claudio \u2018El Emperador\u2019 Su\u00e1rez estaba euf\u00f3rico por ingresar al Sal\u00f3n de Fama del F\u00fatbol Mexicano el 8 de noviembre. \u201cEstoy muy feliz de estar en la Ciudad","og_url":"https:\/\/eltecolote.org\/content\/es\/el-emperador-suarez-ingresa-a-salon-de-la-fama\/","og_site_name":"El Tecolote","article_publisher":"https:\/\/www.facebook.com\/ElTecoloteSF\/","article_published_time":"2016-12-02T23:23:14+00:00","article_modified_time":"2016-12-10T00:40:43+00:00","og_image":[{"width":577,"height":864,"url":"https:\/\/i0.wp.com\/eltecolote.org\/content\/wp-content\/uploads\/2016\/12\/Claudio-Suarez_01web-1.jpg?fit=577%2C864&ssl=1","type":"image\/jpeg"}],"author":"El Tecolote Staff","twitter_card":"summary_large_image","twitter_creator":"@eltecolotesf","twitter_site":"@eltecolotesf","twitter_misc":{"Written by":"El Tecolote Staff","Est. reading time":"5 minutes"},"schema":{"@context":"https:\/\/schema.org","@graph":[{"@type":"NewsArticle","@id":"https:\/\/eltecolote.org\/content\/es\/el-emperador-suarez-ingresa-a-salon-de-la-fama\/#article","isPartOf":{"@id":"https:\/\/eltecolote.org\/content\/es\/el-emperador-suarez-ingresa-a-salon-de-la-fama\/"},"author":{"name":"El Tecolote Staff","@id":"https:\/\/eltecolote.org\/content\/#\/schema\/person\/08828d10185eba96895a8363a269410e"},"headline":"\u2018El Emperador\u2019 Su\u00e1rez ingresa a Sal\u00f3n de la Fama","datePublished":"2016-12-02T23:23:14+00:00","dateModified":"2016-12-10T00:40:43+00:00","mainEntityOfPage":{"@id":"https:\/\/eltecolote.org\/content\/es\/el-emperador-suarez-ingresa-a-salon-de-la-fama\/"},"wordCount":946,"commentCount":0,"publisher":{"@id":"https:\/\/eltecolote.org\/content\/#organization"},"image":{"@id":"https:\/\/eltecolote.org\/content\/es\/el-emperador-suarez-ingresa-a-salon-de-la-fama\/#primaryimage"},"thumbnailUrl":"https:\/\/i0.wp.com\/eltecolote.org\/content\/wp-content\/uploads\/2016\/12\/Claudio-Suarez_01web-1.jpg?fit=577%2C864&quality=89&ssl=1","keywords":["Claudio \u201cEl Emperador\u201d Suarez","Claudio Suarez","Sal\u00f3n de Fama del F\u00fatbol Mexicano"],"articleSection":["Deportes"],"inLanguage":"en","potentialAction":[{"@type":"CommentAction","name":"Comment","target":["https:\/\/eltecolote.org\/content\/es\/el-emperador-suarez-ingresa-a-salon-de-la-fama\/#respond"]}]},{"@type":"WebPage","@id":"https:\/\/eltecolote.org\/content\/es\/el-emperador-suarez-ingresa-a-salon-de-la-fama\/","url":"https:\/\/eltecolote.org\/content\/es\/el-emperador-suarez-ingresa-a-salon-de-la-fama\/","name":"\u2018El Emperador\u2019 Su\u00e1rez ingresa a Sal\u00f3n de la Fama - El Tecolote","isPartOf":{"@id":"https:\/\/eltecolote.org\/content\/#website"},"primaryImageOfPage":{"@id":"https:\/\/eltecolote.org\/content\/es\/el-emperador-suarez-ingresa-a-salon-de-la-fama\/#primaryimage"},"image":{"@id":"https:\/\/eltecolote.org\/content\/es\/el-emperador-suarez-ingresa-a-salon-de-la-fama\/#primaryimage"},"thumbnailUrl":"https:\/\/i0.wp.com\/eltecolote.org\/content\/wp-content\/uploads\/2016\/12\/Claudio-Suarez_01web-1.jpg?fit=577%2C864&quality=89&ssl=1","datePublished":"2016-12-02T23:23:14+00:00","dateModified":"2016-12-10T00:40:43+00:00","description":"Claudio \u2018El Emperador\u2019 Su\u00e1rez estaba euf\u00f3rico por ingresar al Sal\u00f3n de Fama del F\u00fatbol Mexicano el 8 de noviembre. \u201cEstoy muy feliz de estar en la Ciudad","inLanguage":"en","potentialAction":[{"@type":"ReadAction","target":["https:\/\/eltecolote.org\/content\/es\/el-emperador-suarez-ingresa-a-salon-de-la-fama\/"]}]},{"@type":"ImageObject","inLanguage":"en","@id":"https:\/\/eltecolote.org\/content\/es\/el-emperador-suarez-ingresa-a-salon-de-la-fama\/#primaryimage","url":"https:\/\/i0.wp.com\/eltecolote.org\/content\/wp-content\/uploads\/2016\/12\/Claudio-Suarez_01web-1.jpg?fit=577%2C864&quality=89&ssl=1","contentUrl":"https:\/\/i0.wp.com\/eltecolote.org\/content\/wp-content\/uploads\/2016\/12\/Claudio-Suarez_01web-1.jpg?fit=577%2C864&quality=89&ssl=1","width":577,"height":864,"caption":"Claudio Su\u00e1rez durante su temporada en la selecci\u00f3n mexicano de f\u00fatbol."},{"@type":"WebSite","@id":"https:\/\/eltecolote.org\/content\/#website","url":"https:\/\/eltecolote.org\/content\/","name":"El Tecolote","description":"San Francisco's Latinx newspaper since 1970","publisher":{"@id":"https:\/\/eltecolote.org\/content\/#organization"},"potentialAction":[{"@type":"SearchAction","target":{"@type":"EntryPoint","urlTemplate":"https:\/\/eltecolote.org\/content\/?s={search_term_string}"},"query-input":{"@type":"PropertyValueSpecification","valueRequired":true,"valueName":"search_term_string"}}],"inLanguage":"en"},{"@type":"Organization","@id":"https:\/\/eltecolote.org\/content\/#organization","name":"El Tecolote","url":"https:\/\/eltecolote.org\/content\/","logo":{"@type":"ImageObject","inLanguage":"en","@id":"https:\/\/eltecolote.org\/content\/#\/schema\/logo\/image\/","url":"https:\/\/i0.wp.com\/eltecolote.org\/content\/wp-content\/uploads\/2021\/05\/ETlogo-1.jpg?fit=400%2C400&ssl=1","contentUrl":"https:\/\/i0.wp.com\/eltecolote.org\/content\/wp-content\/uploads\/2021\/05\/ETlogo-1.jpg?fit=400%2C400&ssl=1","width":400,"height":400,"caption":"El Tecolote"},"image":{"@id":"https:\/\/eltecolote.org\/content\/#\/schema\/logo\/image\/"},"sameAs":["https:\/\/www.facebook.com\/ElTecoloteSF\/","https:\/\/x.com\/eltecolotesf","https:\/\/www.instagram.com\/eltecolotesf\/"]},{"@type":"Person","@id":"https:\/\/eltecolote.org\/content\/#\/schema\/person\/08828d10185eba96895a8363a269410e","name":"El Tecolote Staff","image":{"@type":"ImageObject","inLanguage":"en","@id":"https:\/\/secure.gravatar.com\/avatar\/9534c92c8c908364e186a64d93efc86f62367109d1b07a3454facde655968589?s=96&d=mm&r=g6afcb607783e095e4cf6be807353924d","url":"https:\/\/secure.gravatar.com\/avatar\/9534c92c8c908364e186a64d93efc86f62367109d1b07a3454facde655968589?s=96&d=mm&r=g","contentUrl":"https:\/\/secure.gravatar.com\/avatar\/9534c92c8c908364e186a64d93efc86f62367109d1b07a3454facde655968589?s=96&d=mm&r=g","caption":"El Tecolote Staff"},"url":"https:\/\/eltecolote.org\/content\/author\/web-editor\/"}]}},"distributor_meta":false,"distributor_terms":false,"distributor_media":false,"distributor_original_site_name":"El Tecolote","distributor_original_site_url":"https:\/\/eltecolote.org\/content","push-errors":false,"_links":{"self":[{"href":"https:\/\/eltecolote.org\/content\/wp-json\/wp\/v2\/posts\/32412","targetHints":{"allow":["GET"]}}],"collection":[{"href":"https:\/\/eltecolote.org\/content\/wp-json\/wp\/v2\/posts"}],"about":[{"href":"https:\/\/eltecolote.org\/content\/wp-json\/wp\/v2\/types\/post"}],"author":[{"embeddable":true,"href":"https:\/\/eltecolote.org\/content\/wp-json\/wp\/v2\/users\/35"}],"replies":[{"embeddable":true,"href":"https:\/\/eltecolote.org\/content\/wp-json\/wp\/v2\/comments?post=32412"}],"version-history":[{"count":2,"href":"https:\/\/eltecolote.org\/content\/wp-json\/wp\/v2\/posts\/32412\/revisions"}],"predecessor-version":[{"id":32457,"href":"https:\/\/eltecolote.org\/content\/wp-json\/wp\/v2\/posts\/32412\/revisions\/32457"}],"wp:featuredmedia":[{"embeddable":true,"href":"https:\/\/eltecolote.org\/content\/wp-json\/wp\/v2\/media\/32413"}],"wp:attachment":[{"href":"https:\/\/eltecolote.org\/content\/wp-json\/wp\/v2\/media?parent=32412"}],"wp:term":[{"taxonomy":"category","embeddable":true,"href":"https:\/\/eltecolote.org\/content\/wp-json\/wp\/v2\/categories?post=32412"},{"taxonomy":"post_tag","embeddable":true,"href":"https:\/\/eltecolote.org\/content\/wp-json\/wp\/v2\/tags?post=32412"},{"taxonomy":"author","embeddable":true,"href":"https:\/\/eltecolote.org\/content\/wp-json\/wp\/v2\/coauthors?post=32412"}],"curies":[{"name":"wp","href":"https:\/\/api.w.org\/{rel}","templated":true}]}}