{"id":3235,"date":"2010-06-07T21:43:15","date_gmt":"2010-06-08T04:43:15","guid":{"rendered":"http:\/\/eltecolote.org\/content\/?p=3235"},"modified":"2014-12-31T13:26:35","modified_gmt":"2014-12-31T20:26:35","slug":"estudiantes-inmigrantes-y-sus-defensores-demandan-accion-referente-a-la-ley-dream","status":"publish","type":"post","link":"https:\/\/eltecolote.org\/content\/es\/estudiantes-inmigrantes-y-sus-defensores-demandan-accion-referente-a-la-ley-dream\/","title":{"rendered":"Estudiantes inmigrantes y sus defensores demandan acci\u00f3n referente a la ley DREAM"},"content":{"rendered":"<p><img decoding=\"async\" src=\"file:\/\/\/Volumes\/Betita\/Drop%20Box\/AL%20Server%20(G4)%20folder\/**El%20Tecolote%202010\/Issues\/June%202\/images\/DreamAct\/DREAMACT_3.jpg\" alt=\"\" \/><\/p>\n<figure id=\"attachment_3241\" aria-describedby=\"caption-attachment-3241\" style=\"width: 600px\" class=\"wp-caption aligncenter\"><a href=\"https:\/\/i0.wp.com\/eltecolote.org\/content\/wp-content\/uploads\/2010\/06\/DREAMACT_3.jpg?quality=89&#038;ssl=1\"><img data-recalc-dims=\"1\" loading=\"lazy\" decoding=\"async\" class=\"size-large wp-image-3241 \" title=\"Photo Rodriguez Gutierrez\" src=\"https:\/\/i0.wp.com\/eltecolote.org\/content\/wp-content\/uploads\/2010\/06\/DREAMACT_3.jpg?resize=600%2C337&#038;quality=89&#038;ssl=1\" alt=\"\" width=\"600\" height=\"337\" srcset=\"https:\/\/i0.wp.com\/eltecolote.org\/content\/wp-content\/uploads\/2010\/06\/DREAMACT_3.jpg?resize=600%2C337&amp;quality=89&amp;ssl=1 600w, https:\/\/i0.wp.com\/eltecolote.org\/content\/wp-content\/uploads\/2010\/06\/DREAMACT_3.jpg?resize=200%2C112&amp;quality=89&amp;ssl=1 200w, https:\/\/i0.wp.com\/eltecolote.org\/content\/wp-content\/uploads\/2010\/06\/DREAMACT_3.jpg?resize=360%2C202&amp;quality=89&amp;ssl=1 360w, https:\/\/i0.wp.com\/eltecolote.org\/content\/wp-content\/uploads\/2010\/06\/DREAMACT_3.jpg?w=1080&amp;quality=89&amp;ssl=1 1080w\" sizes=\"auto, (max-width: 600px) 100vw, 600px\" \/><\/a><figcaption id=\"caption-attachment-3241\" class=\"wp-caption-text\">Estudiantes marcharon frente la oficina de senadora Dianne Feinstein, en el centro de San Francisco para mostrar su apoyo al DREAM Act. Photo Rodriguez Gutierrez.<\/figcaption><\/figure>\n<p>M\u00e1s de 60 estudiantes que protestaban ocuparon la plaza afuera de la oficina de la senadora Dianne Feinstein en el centro de San Francisco, para mostrar su apoyo a la ley de Desarrollo, Alivio y Educaci\u00f3n para Extranjeros Menores, que est\u00e1 en peligro de permanecer dormida durante otro a\u00f1o, como parte de una exhaustiva reforma de inmigraci\u00f3n que toma el asiento trasero en la pol\u00edtica de las elecciones de mitad de mandato.<\/p>\n<p>Los estudiantes han estado marchando (\u2026) para decir a nuestros legisladores que queremos la ley DREAM, dice Michelle Romero, una estudiante de U.C. Santa Cruz que luce una playera amarilla ne\u00f3n pintada con spray con las palabras \u201cDREAM Act Now\u201d a lo largo del pecho. \u201cNos dicen que tenemos que esperar, pero \u00bfa qu\u00e9 estamos esperando? Cada d\u00eda son deportados estudiantes, estudiantes que no han hecho nada malo. Necesitamos que ella [Feinstein] defienda la ley DREAM como un proyecto de ley \u00fanico, como primer paso para reformar nuestro roto sistema de inmigraci\u00f3n.\u201d<\/p>\n<p>La protesta fue provocada, en parte, como respuesta al arresto de cuatro estudiantes, tres de los cuales eran inmigrantes indocumentados, en las oficinas del senador John McCain, republicano por Arizona, luego de que escenificaran una sentada en apoyo de la DREAM el 17 de mayo. Los tres fueron detenidos bajo la custodia de inmigraci\u00f3n, provocando protestas y muestras de solidaridad en todo el pa\u00eds, incluyendo una huelga masiva en Michigan.<\/p>\n<p>Romero entreg\u00f3 el meg\u00e1fono a otro estudiante. Un estudiante tras otro tomaron el meg\u00e1fono para contar sus historias sobre c\u00f3mo fueron tra\u00eddos a los Estados Unidos de ni\u00f1os, en algunos casos como beb\u00e9s, y entonces c\u00f3mo lucharon para permitirse una mejor educaci\u00f3n, luego de graduarse de secundaria en una escuela p\u00fablica. Un estudiante habl\u00f3 de c\u00f3mo su gu\u00eda consejero escolar de secundaria, le dijo que ni deber\u00eda molestase en aplicar para la universidad.<\/p>\n<p>Tres oficiales de polic\u00eda merodearon hacia los costados intercambiando lindezas con expresiones de aburrimiento en sus caras. Poco sospechaban que una hora despu\u00e9s ser\u00edan obligados de recabar refuerzos, cuando siete de esos estudiantes entraron en el lobby del primer piso del edificio, para escenificar una sentada, uniendo sus brazos y neg\u00e1ndose a abandonar el edificio, hasta que Feinstein respondiera a la multitud congregada afuera de su oficina y se dirigiera a la manifestaci\u00f3n. Esos siete estudiantes fueron arrestados y sacados del edificio, cantando al un\u00edsono con una multitud de sus colegas: \u201c\u00a1Los estudiantes unidos jam\u00e1s ser\u00e1n divididos! La senadora Feinstein no se dirigi\u00f3 a la multitud.<\/p>\n<p>La ley DREAM fue reintroducida en ambas la Asamblea y el Senado en 26 de marzo de 2009, con Feinstein como una de sus principales corresponsables, y contin\u00faa ganando apoyo de los dos partidos, incluyendo el apoyo del Presidente Obama, que cree que la ley DREAM es el importante e inmediato paso que los Estados Unidos pueden adoptar para reformar nuestra pol\u00edtica migratoria.<\/p>\n<p>Los cr\u00edticos de la legislaci\u00f3n pendiente han argumentado que la ley DREAM \u201cpremiar\u00eda\u201d la inmigraci\u00f3n ilegal. Pero es importante se\u00f1alar que esta ley s\u00f3lo se aplicar\u00eda a los estudiantes que han estado en los Estados Unidos desde la infancia, se han graduado de una secundaria de los Estados Unidos, y lo m\u00e1s importante, no han tenido problemas con la ley.<\/p>\n<p>Bajo la ley DREAM, un estudiante que cumpla los requisitos, podr\u00eda aplicar para un estatus de inmigraci\u00f3n condicional por seis a\u00f1os. O sea, le har\u00eda elegible para recibir ayuda financiera federal. Adicionalmente, la legislaci\u00f3n prevendr\u00eda a los estados en su negativa a los estudiantes indocumentados matriculados.<\/p>\n<p>En esos seis a\u00f1os, los estudiantes deben haber completado dos a\u00f1os de educaci\u00f3n superior o servicio militar, adem\u00e1s de no tener problemas con la ley.<\/p>\n<p>Los reportes de Cristina Jim\u00e9nez, una consultora en el Drum Major Institute for Public Policy, argumenta que permitiendo a los aproximadamente 65,000 estudiantes emigrantes sin permiso graduarse de secundaria en los Estados Unidos cada a\u00f1o para matricularse en la universidad o servir en la fuerzas armadas de los Estados Unidos, la ley DREAM sacar\u00e1 a los inmigrantes indocumentados de la econom\u00eda sumergida, reducir\u00e1 su dependencia de los servicios p\u00fablicos, y ayudar\u00e1 a facilitar la integraci\u00f3n econ\u00f3mica de las familias inmigrantes.<\/p>\n<p>Todo ello, sostiene Jim\u00e9nez, permitir\u00eda a los estudiantes inmigrantes ilegales contribuir m\u00e1s a la econom\u00eda de los Estados Unidos, como muestran las estad\u00edsticas que los inmigrantes con t\u00edtulos universitarios pagan m\u00e1s en impuestos que aquellos sin ninguna educaci\u00f3n superior.<\/p>\n<p>La profesora asociada en Derecho de la academia militar de West Point, Margaret Stock, est\u00e1 de acuerdo con el an\u00e1lisis y ha urgido al Departamento de Defensa para que apoye la ley DREAM al permitir al ej\u00e9rcito \u201cexplotar un ignorado grupo de talento casero.\u201d<\/p>\n<p>Luego del arresto de siete estudiantes, Carolina Hern\u00e1ndez, una estudiante de sociolog\u00eda de U.C. Santa Cruz, habl\u00f3 sobre cu\u00e1ntos estudiantes indocumentados que est\u00e1n siendo aceptados en la universidad pasan hambre y sacrifican las necesidades b\u00e1sicas, en un esfuerzo para colocar todos sus recursos en la matriculaci\u00f3n.<\/p>\n<p>Muchas veces incluso eso no es suficiente, seg\u00fan Hern\u00e1ndez, y son obligados a dejar completamente la universidad. Ella dijo que incluso esos estudiantes indocumentados que logran permitirse una educaci\u00f3n superior son encajonados en ciertas carreras porque no pueden demandar licenciaturas en medicina o derecho sin un n\u00famero de seguridad social, sin tener en cuenta la incapacidad de los graduados de cualquier tipo para conseguir trabajos sin documentaci\u00f3n.<\/p>\n<p>\u201cConsidero necesario vivir mi vida lo m\u00e1s legalmente posible. No tuve alternativa al venir aqu\u00ed. Pero estoy ac\u00e1 ahora,\u201d dijo un estudiante que protestaba que se autodenominaba Xochiltquetzal.<\/p>\n<p>Cuando termin\u00f3 la concentraci\u00f3n Xochiltquetzal camin\u00f3 hacia un desocupado oficial de polic\u00eda y le dio la mano. \u201cGracias por sus servicios,\u201d dijo al oficial. El oficial se disculp\u00f3 por tener que arrestar a siete estudiantes, diciendo que el personal de seguridad del edificio se estaba poniendo nervioso y que solamente quer\u00eda que nadie resultara herido.<\/p>\n<p>El oficial le dijo a Xoquiltquetzal que apreciaba que los estudiantes hubieran estado pac\u00edficos y respetuosos. A pesar del miedo de que los estudiantes participantes en la sentada pudieran ser responsables de las consecuencias legales, incluyendo deportaci\u00f3n, Feinstein prefiri\u00f3 no presentar cargos y los estudiantes fueron liberados 45 minutos despu\u00e9s. En las palabras mismas de los estudiantes que protestaban: \u201c\u00a1Mu\u00e9strame c\u00f3mo es la democracia! \u00a1As\u00ed es la democracia!\u201d<\/p>\n<p>La ley DREAM fue introducida por primera vez en 2007 por el senador Richard Durbin (R-III). El senador debati\u00f3 un proyecto de ley de esa medida en octubre de 2007. El proyecto de ley requiri\u00f3 60 votos para garantizar que el debate se acabar\u00eda, no fue aprobado por 52-44, 8 votos por debajo de evitar ser boicoteado por sus oponentes. (Un proyecto de ley similar fue presentado en 2001; sin embargo, no se conoci\u00f3 como la ley DREAM.<\/p>\n","protected":false},"excerpt":{"rendered":"<p>M\u00e1s de 60 estudiantes que protestaban ocuparon la plaza afuera de la oficina de la senadora Dianne Feinstein en el centro de San Francisco, para mostrar su apoyo a la ley de Desarrollo, Alivio y Educaci\u00f3n para Extranjeros Menores, que est\u00e1 en peligro de permanecer dormida durante otro a\u00f1o, como parte de una exhaustiva reforma [&hellip;]<\/p>\n","protected":false},"author":8,"featured_media":0,"comment_status":"open","ping_status":"open","sticky":false,"template":"","format":"standard","meta":{"newspack_popups_has_disabled_popups":false,"newspack_featured_image_position":"","newspack_post_subtitle":"","newspack_article_summary_title":"Overview:","newspack_article_summary":"","newspack_hide_updated_date":false,"newspack_show_updated_date":false,"footnotes":""},"categories":[3519],"tags":[382,381,383,132,182],"coauthors":[18468],"class_list":["post-3235","post","type-post","status-publish","format-standard","hentry","category-noticias","tag-dream","tag-estudiantes","tag-imm","tag-inmigracion","tag-inmigrantes","entry"],"yoast_head":"<!-- This site is optimized with the Yoast SEO plugin v27.4 - https:\/\/yoast.com\/product\/yoast-seo-wordpress\/ -->\n<title>Estudiantes inmigrantes y sus defensores demandan acci\u00f3n referente a la ley DREAM - El Tecolote<\/title>\n<meta name=\"description\" content=\"M\u00e1s de 60 estudiantes que protestaban ocuparon la plaza afuera de la oficina de la senadora Dianne Feinstein en el centro de San Francisco, para mostrar\" \/>\n<meta name=\"robots\" content=\"index, follow, max-snippet:-1, max-image-preview:large, max-video-preview:-1\" \/>\n<link rel=\"canonical\" href=\"https:\/\/eltecolote.org\/content\/es\/estudiantes-inmigrantes-y-sus-defensores-demandan-accion-referente-a-la-ley-dream\/\" \/>\n<meta property=\"og:locale\" content=\"en_US\" \/>\n<meta property=\"og:type\" content=\"article\" \/>\n<meta property=\"og:title\" content=\"Estudiantes inmigrantes y sus defensores demandan acci\u00f3n referente a la ley DREAM - El Tecolote\" \/>\n<meta property=\"og:description\" content=\"M\u00e1s de 60 estudiantes que protestaban ocuparon la plaza afuera de la oficina de la senadora Dianne Feinstein en el centro de San Francisco, para mostrar\" \/>\n<meta property=\"og:url\" content=\"https:\/\/eltecolote.org\/content\/es\/estudiantes-inmigrantes-y-sus-defensores-demandan-accion-referente-a-la-ley-dream\/\" \/>\n<meta property=\"og:site_name\" content=\"El Tecolote\" \/>\n<meta property=\"article:publisher\" content=\"https:\/\/www.facebook.com\/ElTecoloteSF\/\" \/>\n<meta property=\"article:published_time\" content=\"2010-06-08T04:43:15+00:00\" \/>\n<meta property=\"article:modified_time\" content=\"2014-12-31T20:26:35+00:00\" \/>\n<meta property=\"og:image\" content=\"\" \/>\n<meta name=\"author\" content=\"inaki\" \/>\n<meta name=\"twitter:card\" content=\"summary_large_image\" \/>\n<meta name=\"twitter:creator\" content=\"@eltecolotesf\" \/>\n<meta name=\"twitter:site\" content=\"@eltecolotesf\" \/>\n<meta name=\"twitter:label1\" content=\"Written by\" \/>\n\t<meta name=\"twitter:data1\" content=\"inaki\" \/>\n\t<meta name=\"twitter:label2\" content=\"Est. reading time\" \/>\n\t<meta name=\"twitter:data2\" content=\"6 minutes\" \/>\n<script type=\"application\/ld+json\" class=\"yoast-schema-graph\">{\"@context\":\"https:\\\/\\\/schema.org\",\"@graph\":[{\"@type\":\"NewsArticle\",\"@id\":\"https:\\\/\\\/eltecolote.org\\\/content\\\/es\\\/estudiantes-inmigrantes-y-sus-defensores-demandan-accion-referente-a-la-ley-dream\\\/#article\",\"isPartOf\":{\"@id\":\"https:\\\/\\\/eltecolote.org\\\/content\\\/es\\\/estudiantes-inmigrantes-y-sus-defensores-demandan-accion-referente-a-la-ley-dream\\\/\"},\"author\":{\"name\":\"inaki\",\"@id\":\"https:\\\/\\\/eltecolote.org\\\/content\\\/#\\\/schema\\\/person\\\/3d16dd415f4762c1919d5f48fb96be68\"},\"headline\":\"Estudiantes inmigrantes y sus defensores demandan acci\u00f3n referente a la ley DREAM\",\"datePublished\":\"2010-06-08T04:43:15+00:00\",\"dateModified\":\"2014-12-31T20:26:35+00:00\",\"mainEntityOfPage\":{\"@id\":\"https:\\\/\\\/eltecolote.org\\\/content\\\/es\\\/estudiantes-inmigrantes-y-sus-defensores-demandan-accion-referente-a-la-ley-dream\\\/\"},\"wordCount\":1234,\"commentCount\":0,\"publisher\":{\"@id\":\"https:\\\/\\\/eltecolote.org\\\/content\\\/#organization\"},\"image\":{\"@id\":\"https:\\\/\\\/eltecolote.org\\\/content\\\/es\\\/estudiantes-inmigrantes-y-sus-defensores-demandan-accion-referente-a-la-ley-dream\\\/#primaryimage\"},\"thumbnailUrl\":\"file:\\\/\\\/\\\/Volumes\\\/Betita\\\/Drop%20Box\\\/AL%20Server%20(G4)%20folder\\\/**El%20Tecolote%202010\\\/Issues\\\/June%202\\\/images\\\/DreamAct\\\/DREAMACT_3.jpg\",\"keywords\":[\"DREAM\",\"Estudiantes\",\"Imm\",\"inmigracion\",\"inmigrantes\"],\"articleSection\":[\"Noticias\"],\"inLanguage\":\"en\",\"potentialAction\":[{\"@type\":\"CommentAction\",\"name\":\"Comment\",\"target\":[\"https:\\\/\\\/eltecolote.org\\\/content\\\/es\\\/estudiantes-inmigrantes-y-sus-defensores-demandan-accion-referente-a-la-ley-dream\\\/#respond\"]}]},{\"@type\":\"WebPage\",\"@id\":\"https:\\\/\\\/eltecolote.org\\\/content\\\/es\\\/estudiantes-inmigrantes-y-sus-defensores-demandan-accion-referente-a-la-ley-dream\\\/\",\"url\":\"https:\\\/\\\/eltecolote.org\\\/content\\\/es\\\/estudiantes-inmigrantes-y-sus-defensores-demandan-accion-referente-a-la-ley-dream\\\/\",\"name\":\"Estudiantes inmigrantes y sus defensores demandan acci\u00f3n referente a la ley DREAM - El Tecolote\",\"isPartOf\":{\"@id\":\"https:\\\/\\\/eltecolote.org\\\/content\\\/#website\"},\"primaryImageOfPage\":{\"@id\":\"https:\\\/\\\/eltecolote.org\\\/content\\\/es\\\/estudiantes-inmigrantes-y-sus-defensores-demandan-accion-referente-a-la-ley-dream\\\/#primaryimage\"},\"image\":{\"@id\":\"https:\\\/\\\/eltecolote.org\\\/content\\\/es\\\/estudiantes-inmigrantes-y-sus-defensores-demandan-accion-referente-a-la-ley-dream\\\/#primaryimage\"},\"thumbnailUrl\":\"file:\\\/\\\/\\\/Volumes\\\/Betita\\\/Drop%20Box\\\/AL%20Server%20(G4)%20folder\\\/**El%20Tecolote%202010\\\/Issues\\\/June%202\\\/images\\\/DreamAct\\\/DREAMACT_3.jpg\",\"datePublished\":\"2010-06-08T04:43:15+00:00\",\"dateModified\":\"2014-12-31T20:26:35+00:00\",\"description\":\"M\u00e1s de 60 estudiantes que protestaban ocuparon la plaza afuera de la oficina de la senadora Dianne Feinstein en el centro de San Francisco, para mostrar\",\"inLanguage\":\"en\",\"potentialAction\":[{\"@type\":\"ReadAction\",\"target\":[\"https:\\\/\\\/eltecolote.org\\\/content\\\/es\\\/estudiantes-inmigrantes-y-sus-defensores-demandan-accion-referente-a-la-ley-dream\\\/\"]}]},{\"@type\":\"ImageObject\",\"inLanguage\":\"en\",\"@id\":\"https:\\\/\\\/eltecolote.org\\\/content\\\/es\\\/estudiantes-inmigrantes-y-sus-defensores-demandan-accion-referente-a-la-ley-dream\\\/#primaryimage\",\"url\":\"file:\\\/\\\/\\\/Volumes\\\/Betita\\\/Drop%20Box\\\/AL%20Server%20(G4)%20folder\\\/**El%20Tecolote%202010\\\/Issues\\\/June%202\\\/images\\\/DreamAct\\\/DREAMACT_3.jpg\",\"contentUrl\":\"file:\\\/\\\/\\\/Volumes\\\/Betita\\\/Drop%20Box\\\/AL%20Server%20(G4)%20folder\\\/**El%20Tecolote%202010\\\/Issues\\\/June%202\\\/images\\\/DreamAct\\\/DREAMACT_3.jpg\"},{\"@type\":\"WebSite\",\"@id\":\"https:\\\/\\\/eltecolote.org\\\/content\\\/#website\",\"url\":\"https:\\\/\\\/eltecolote.org\\\/content\\\/\",\"name\":\"El Tecolote\",\"description\":\"San Francisco's Latinx newspaper since 1970\",\"publisher\":{\"@id\":\"https:\\\/\\\/eltecolote.org\\\/content\\\/#organization\"},\"potentialAction\":[{\"@type\":\"SearchAction\",\"target\":{\"@type\":\"EntryPoint\",\"urlTemplate\":\"https:\\\/\\\/eltecolote.org\\\/content\\\/?s={search_term_string}\"},\"query-input\":{\"@type\":\"PropertyValueSpecification\",\"valueRequired\":true,\"valueName\":\"search_term_string\"}}],\"inLanguage\":\"en\"},{\"@type\":\"Organization\",\"@id\":\"https:\\\/\\\/eltecolote.org\\\/content\\\/#organization\",\"name\":\"El Tecolote\",\"url\":\"https:\\\/\\\/eltecolote.org\\\/content\\\/\",\"logo\":{\"@type\":\"ImageObject\",\"inLanguage\":\"en\",\"@id\":\"https:\\\/\\\/eltecolote.org\\\/content\\\/#\\\/schema\\\/logo\\\/image\\\/\",\"url\":\"https:\\\/\\\/i0.wp.com\\\/eltecolote.org\\\/content\\\/wp-content\\\/uploads\\\/2021\\\/05\\\/ETlogo-1.jpg?fit=400%2C400&ssl=1\",\"contentUrl\":\"https:\\\/\\\/i0.wp.com\\\/eltecolote.org\\\/content\\\/wp-content\\\/uploads\\\/2021\\\/05\\\/ETlogo-1.jpg?fit=400%2C400&ssl=1\",\"width\":400,\"height\":400,\"caption\":\"El Tecolote\"},\"image\":{\"@id\":\"https:\\\/\\\/eltecolote.org\\\/content\\\/#\\\/schema\\\/logo\\\/image\\\/\"},\"sameAs\":[\"https:\\\/\\\/www.facebook.com\\\/ElTecoloteSF\\\/\",\"https:\\\/\\\/x.com\\\/eltecolotesf\",\"https:\\\/\\\/www.instagram.com\\\/eltecolotesf\\\/\"]},{\"@type\":\"Person\",\"@id\":\"https:\\\/\\\/eltecolote.org\\\/content\\\/#\\\/schema\\\/person\\\/3d16dd415f4762c1919d5f48fb96be68\",\"name\":\"inaki\",\"image\":{\"@type\":\"ImageObject\",\"inLanguage\":\"en\",\"@id\":\"https:\\\/\\\/secure.gravatar.com\\\/avatar\\\/ab6ead0932ded5b2446f1718461a6be0d4ec8d3cc15301536fd1add812db4cfd?s=96&d=mm&r=g63853c5492f171feb7b16142e206d3ec\",\"url\":\"https:\\\/\\\/secure.gravatar.com\\\/avatar\\\/ab6ead0932ded5b2446f1718461a6be0d4ec8d3cc15301536fd1add812db4cfd?s=96&d=mm&r=g\",\"contentUrl\":\"https:\\\/\\\/secure.gravatar.com\\\/avatar\\\/ab6ead0932ded5b2446f1718461a6be0d4ec8d3cc15301536fd1add812db4cfd?s=96&d=mm&r=g\",\"caption\":\"inaki\"},\"url\":\"https:\\\/\\\/eltecolote.org\\\/content\\\/author\\\/inaki\\\/\"}]}<\/script>\n<!-- \/ Yoast SEO plugin. -->","yoast_head_json":{"title":"Estudiantes inmigrantes y sus defensores demandan acci\u00f3n referente a la ley DREAM - El Tecolote","description":"M\u00e1s de 60 estudiantes que protestaban ocuparon la plaza afuera de la oficina de la senadora Dianne Feinstein en el centro de San Francisco, para mostrar","robots":{"index":"index","follow":"follow","max-snippet":"max-snippet:-1","max-image-preview":"max-image-preview:large","max-video-preview":"max-video-preview:-1"},"canonical":"https:\/\/eltecolote.org\/content\/es\/estudiantes-inmigrantes-y-sus-defensores-demandan-accion-referente-a-la-ley-dream\/","og_locale":"en_US","og_type":"article","og_title":"Estudiantes inmigrantes y sus defensores demandan acci\u00f3n referente a la ley DREAM - El Tecolote","og_description":"M\u00e1s de 60 estudiantes que protestaban ocuparon la plaza afuera de la oficina de la senadora Dianne Feinstein en el centro de San Francisco, para mostrar","og_url":"https:\/\/eltecolote.org\/content\/es\/estudiantes-inmigrantes-y-sus-defensores-demandan-accion-referente-a-la-ley-dream\/","og_site_name":"El Tecolote","article_publisher":"https:\/\/www.facebook.com\/ElTecoloteSF\/","article_published_time":"2010-06-08T04:43:15+00:00","article_modified_time":"2014-12-31T20:26:35+00:00","og_image":[{"url":"file:\/\/\/Volumes\/Betita\/Drop%20Box\/AL%20Server%20(G4)%20folder\/**El%20Tecolote%202010\/Issues\/June%202\/images\/DreamAct\/DREAMACT_3.jpg","type":"","width":"","height":""}],"author":"inaki","twitter_card":"summary_large_image","twitter_creator":"@eltecolotesf","twitter_site":"@eltecolotesf","twitter_misc":{"Written by":"inaki","Est. reading time":"6 minutes"},"schema":{"@context":"https:\/\/schema.org","@graph":[{"@type":"NewsArticle","@id":"https:\/\/eltecolote.org\/content\/es\/estudiantes-inmigrantes-y-sus-defensores-demandan-accion-referente-a-la-ley-dream\/#article","isPartOf":{"@id":"https:\/\/eltecolote.org\/content\/es\/estudiantes-inmigrantes-y-sus-defensores-demandan-accion-referente-a-la-ley-dream\/"},"author":{"name":"inaki","@id":"https:\/\/eltecolote.org\/content\/#\/schema\/person\/3d16dd415f4762c1919d5f48fb96be68"},"headline":"Estudiantes inmigrantes y sus defensores demandan acci\u00f3n referente a la ley DREAM","datePublished":"2010-06-08T04:43:15+00:00","dateModified":"2014-12-31T20:26:35+00:00","mainEntityOfPage":{"@id":"https:\/\/eltecolote.org\/content\/es\/estudiantes-inmigrantes-y-sus-defensores-demandan-accion-referente-a-la-ley-dream\/"},"wordCount":1234,"commentCount":0,"publisher":{"@id":"https:\/\/eltecolote.org\/content\/#organization"},"image":{"@id":"https:\/\/eltecolote.org\/content\/es\/estudiantes-inmigrantes-y-sus-defensores-demandan-accion-referente-a-la-ley-dream\/#primaryimage"},"thumbnailUrl":"file:\/\/\/Volumes\/Betita\/Drop%20Box\/AL%20Server%20(G4)%20folder\/**El%20Tecolote%202010\/Issues\/June%202\/images\/DreamAct\/DREAMACT_3.jpg","keywords":["DREAM","Estudiantes","Imm","inmigracion","inmigrantes"],"articleSection":["Noticias"],"inLanguage":"en","potentialAction":[{"@type":"CommentAction","name":"Comment","target":["https:\/\/eltecolote.org\/content\/es\/estudiantes-inmigrantes-y-sus-defensores-demandan-accion-referente-a-la-ley-dream\/#respond"]}]},{"@type":"WebPage","@id":"https:\/\/eltecolote.org\/content\/es\/estudiantes-inmigrantes-y-sus-defensores-demandan-accion-referente-a-la-ley-dream\/","url":"https:\/\/eltecolote.org\/content\/es\/estudiantes-inmigrantes-y-sus-defensores-demandan-accion-referente-a-la-ley-dream\/","name":"Estudiantes inmigrantes y sus defensores demandan acci\u00f3n referente a la ley DREAM - El Tecolote","isPartOf":{"@id":"https:\/\/eltecolote.org\/content\/#website"},"primaryImageOfPage":{"@id":"https:\/\/eltecolote.org\/content\/es\/estudiantes-inmigrantes-y-sus-defensores-demandan-accion-referente-a-la-ley-dream\/#primaryimage"},"image":{"@id":"https:\/\/eltecolote.org\/content\/es\/estudiantes-inmigrantes-y-sus-defensores-demandan-accion-referente-a-la-ley-dream\/#primaryimage"},"thumbnailUrl":"file:\/\/\/Volumes\/Betita\/Drop%20Box\/AL%20Server%20(G4)%20folder\/**El%20Tecolote%202010\/Issues\/June%202\/images\/DreamAct\/DREAMACT_3.jpg","datePublished":"2010-06-08T04:43:15+00:00","dateModified":"2014-12-31T20:26:35+00:00","description":"M\u00e1s de 60 estudiantes que protestaban ocuparon la plaza afuera de la oficina de la senadora Dianne Feinstein en el centro de San Francisco, para mostrar","inLanguage":"en","potentialAction":[{"@type":"ReadAction","target":["https:\/\/eltecolote.org\/content\/es\/estudiantes-inmigrantes-y-sus-defensores-demandan-accion-referente-a-la-ley-dream\/"]}]},{"@type":"ImageObject","inLanguage":"en","@id":"https:\/\/eltecolote.org\/content\/es\/estudiantes-inmigrantes-y-sus-defensores-demandan-accion-referente-a-la-ley-dream\/#primaryimage","url":"file:\/\/\/Volumes\/Betita\/Drop%20Box\/AL%20Server%20(G4)%20folder\/**El%20Tecolote%202010\/Issues\/June%202\/images\/DreamAct\/DREAMACT_3.jpg","contentUrl":"file:\/\/\/Volumes\/Betita\/Drop%20Box\/AL%20Server%20(G4)%20folder\/**El%20Tecolote%202010\/Issues\/June%202\/images\/DreamAct\/DREAMACT_3.jpg"},{"@type":"WebSite","@id":"https:\/\/eltecolote.org\/content\/#website","url":"https:\/\/eltecolote.org\/content\/","name":"El Tecolote","description":"San Francisco's Latinx newspaper since 1970","publisher":{"@id":"https:\/\/eltecolote.org\/content\/#organization"},"potentialAction":[{"@type":"SearchAction","target":{"@type":"EntryPoint","urlTemplate":"https:\/\/eltecolote.org\/content\/?s={search_term_string}"},"query-input":{"@type":"PropertyValueSpecification","valueRequired":true,"valueName":"search_term_string"}}],"inLanguage":"en"},{"@type":"Organization","@id":"https:\/\/eltecolote.org\/content\/#organization","name":"El Tecolote","url":"https:\/\/eltecolote.org\/content\/","logo":{"@type":"ImageObject","inLanguage":"en","@id":"https:\/\/eltecolote.org\/content\/#\/schema\/logo\/image\/","url":"https:\/\/i0.wp.com\/eltecolote.org\/content\/wp-content\/uploads\/2021\/05\/ETlogo-1.jpg?fit=400%2C400&ssl=1","contentUrl":"https:\/\/i0.wp.com\/eltecolote.org\/content\/wp-content\/uploads\/2021\/05\/ETlogo-1.jpg?fit=400%2C400&ssl=1","width":400,"height":400,"caption":"El Tecolote"},"image":{"@id":"https:\/\/eltecolote.org\/content\/#\/schema\/logo\/image\/"},"sameAs":["https:\/\/www.facebook.com\/ElTecoloteSF\/","https:\/\/x.com\/eltecolotesf","https:\/\/www.instagram.com\/eltecolotesf\/"]},{"@type":"Person","@id":"https:\/\/eltecolote.org\/content\/#\/schema\/person\/3d16dd415f4762c1919d5f48fb96be68","name":"inaki","image":{"@type":"ImageObject","inLanguage":"en","@id":"https:\/\/secure.gravatar.com\/avatar\/ab6ead0932ded5b2446f1718461a6be0d4ec8d3cc15301536fd1add812db4cfd?s=96&d=mm&r=g63853c5492f171feb7b16142e206d3ec","url":"https:\/\/secure.gravatar.com\/avatar\/ab6ead0932ded5b2446f1718461a6be0d4ec8d3cc15301536fd1add812db4cfd?s=96&d=mm&r=g","contentUrl":"https:\/\/secure.gravatar.com\/avatar\/ab6ead0932ded5b2446f1718461a6be0d4ec8d3cc15301536fd1add812db4cfd?s=96&d=mm&r=g","caption":"inaki"},"url":"https:\/\/eltecolote.org\/content\/author\/inaki\/"}]}},"distributor_meta":false,"distributor_terms":false,"distributor_media":false,"distributor_original_site_name":"El Tecolote","distributor_original_site_url":"https:\/\/eltecolote.org\/content","push-errors":false,"_links":{"self":[{"href":"https:\/\/eltecolote.org\/content\/wp-json\/wp\/v2\/posts\/3235","targetHints":{"allow":["GET"]}}],"collection":[{"href":"https:\/\/eltecolote.org\/content\/wp-json\/wp\/v2\/posts"}],"about":[{"href":"https:\/\/eltecolote.org\/content\/wp-json\/wp\/v2\/types\/post"}],"author":[{"embeddable":true,"href":"https:\/\/eltecolote.org\/content\/wp-json\/wp\/v2\/users\/8"}],"replies":[{"embeddable":true,"href":"https:\/\/eltecolote.org\/content\/wp-json\/wp\/v2\/comments?post=3235"}],"version-history":[{"count":8,"href":"https:\/\/eltecolote.org\/content\/wp-json\/wp\/v2\/posts\/3235\/revisions"}],"predecessor-version":[{"id":3344,"href":"https:\/\/eltecolote.org\/content\/wp-json\/wp\/v2\/posts\/3235\/revisions\/3344"}],"wp:attachment":[{"href":"https:\/\/eltecolote.org\/content\/wp-json\/wp\/v2\/media?parent=3235"}],"wp:term":[{"taxonomy":"category","embeddable":true,"href":"https:\/\/eltecolote.org\/content\/wp-json\/wp\/v2\/categories?post=3235"},{"taxonomy":"post_tag","embeddable":true,"href":"https:\/\/eltecolote.org\/content\/wp-json\/wp\/v2\/tags?post=3235"},{"taxonomy":"author","embeddable":true,"href":"https:\/\/eltecolote.org\/content\/wp-json\/wp\/v2\/coauthors?post=3235"}],"curies":[{"name":"wp","href":"https:\/\/api.w.org\/{rel}","templated":true}]}}