{"id":32273,"date":"2016-11-17T13:25:18","date_gmt":"2016-11-17T20:25:18","guid":{"rendered":"http:\/\/eltecolote.org\/content\/?p=32273"},"modified":"2016-11-17T13:25:18","modified_gmt":"2016-11-17T20:25:18","slug":"noticias-breves-nov-17-30-2016","status":"publish","type":"post","link":"https:\/\/eltecolote.org\/content\/es\/noticias-breves-nov-17-30-2016\/","title":{"rendered":"Noticias Breves: Nov. 17-30, 2016"},"content":{"rendered":"<p class=\"p1\"><span class=\"s1\"><b>La Ciudad suspende desarrollo a de vivienda en la Misi\u00f3n\u00a0<\/b><\/span><\/p>\n<p class=\"p2\"><span class=\"s1\">La Junta de Supervisores de San Francisco decidi\u00f3, un\u00e1nimemente el 15 de noviembre a favor de una apelaci\u00f3n para retrasar un proyecto de vivienda de 157 unidades ubicado en el 1515 de la South Van Ness Avenue, cerca de la calle 26, concediendo a los defensores de vivienda una sorpresiva victoria. La apelaci\u00f3n &#8211;cuyo argumento se bas\u00f3 en el hecho de que el impacto del proyecto sobre la gentrificaci\u00f3n necesita ser estudiado antes de continuar&#8211; era muy similar a varias otras apelaciones recientemente rechazadas para detener proyectos en Bryant Street y Potrero Hill. \u201cPensamos que es la decisi\u00f3n correcta\u201d, dijo Peter Papadopoulos, un activista l\u00edder en contra del desarrollo de la tasa de mercado. \u201cLos impactos son claros\u201d.<\/span><\/p>\n<p class=\"p1\"><span class=\"s1\"><b>Dakota Access Pipeline puesta en pausa nuevamente<\/b><\/span><\/p>\n<p class=\"p2\"><span class=\"s1\">La Corporaci\u00f3n de Ingenieros de los EEUU suspendi\u00f3 la construcci\u00f3n \u201cpendiente de revisi\u00f3n\u201d del controvertido Dakota Access Pipeline (DAPL) el 14 de noviembre, citando incertidumbres ambientales, as\u00ed como injusticias hist\u00f3ricas y otros factores. La noticia lleg\u00f3 como un alivio para muchos grupos ind\u00edgenas que han estado luchando contra la construcci\u00f3n del oleoducto a trav\u00e9s de los territorios tribales ancestrales. Pero muchos est\u00e1n preocupados de que con una presidencia a cargo de Donald Trump es casi segura la culminaci\u00f3n del oleoducto. Mother Jones ha informado que Trump ha invertido fuertemente en Energy Transfer Partners, la compa\u00f1\u00eda detr\u00e1s de dicha construcci\u00f3n.<\/span><\/p>\n","protected":false},"excerpt":{"rendered":"<p>La Ciudad suspende desarrollo a de vivienda en la Misi\u00f3n\u00a0 La Junta de Supervisores de San Francisco decidi\u00f3, un\u00e1nimemente el 15 de noviembre a favor de una apelaci\u00f3n para retrasar un proyecto de vivienda de 157 unidades ubicado en el 1515 de la South Van Ness Avenue, cerca de la calle 26, concediendo a los [&hellip;]<\/p>\n","protected":false},"author":35,"featured_media":29952,"comment_status":"open","ping_status":"closed","sticky":false,"template":"","format":"standard","meta":{"newspack_popups_has_disabled_popups":false,"newspack_featured_image_position":"","newspack_post_subtitle":"","newspack_article_summary_title":"Overview:","newspack_article_summary":"","newspack_hide_updated_date":false,"newspack_show_updated_date":false,"footnotes":""},"categories":[3519,3575],"tags":[11879,9217,9205,11881],"coauthors":[],"class_list":["post-32273","post","type-post","status-publish","format-standard","has-post-thumbnail","hentry","category-noticias","category-vivienda-es","tag-dapl-es","tag-lennar-es","tag-lio-titanic-en-south-van-ness","tag-no-dapl-es","entry"],"yoast_head":"<!-- This site is optimized with the Yoast SEO plugin v27.4 - https:\/\/yoast.com\/product\/yoast-seo-wordpress\/ -->\n<title>Noticias Breves: Nov. 17-30, 2016 - El Tecolote<\/title>\n<meta name=\"description\" content=\"La Ciudad suspende desarrollo a de vivienda en la Misi\u00f3n\u00a0 La Junta de Supervisores de San Francisco decidi\u00f3, un\u00e1nimemente el 15 de noviembre a favor de\" \/>\n<meta name=\"robots\" content=\"index, follow, max-snippet:-1, max-image-preview:large, max-video-preview:-1\" \/>\n<link rel=\"canonical\" href=\"https:\/\/eltecolote.org\/content\/es\/noticias-breves-nov-17-30-2016\/\" \/>\n<meta property=\"og:locale\" content=\"en_US\" \/>\n<meta property=\"og:type\" content=\"article\" \/>\n<meta property=\"og:title\" content=\"Noticias Breves: Nov. 17-30, 2016 - El Tecolote\" \/>\n<meta property=\"og:description\" content=\"La Ciudad suspende desarrollo a de vivienda en la Misi\u00f3n\u00a0 La Junta de Supervisores de San Francisco decidi\u00f3, un\u00e1nimemente el 15 de noviembre a favor de\" \/>\n<meta property=\"og:url\" content=\"https:\/\/eltecolote.org\/content\/es\/noticias-breves-nov-17-30-2016\/\" \/>\n<meta property=\"og:site_name\" content=\"El Tecolote\" \/>\n<meta property=\"article:publisher\" content=\"https:\/\/www.facebook.com\/ElTecoloteSF\/\" \/>\n<meta property=\"article:published_time\" content=\"2016-11-17T20:25:18+00:00\" \/>\n<meta property=\"og:image\" content=\"https:\/\/i0.wp.com\/eltecolote.org\/content\/wp-content\/uploads\/2016\/04\/Lennar_02web-1.jpg?fit=864%2C576&ssl=1\" \/>\n\t<meta property=\"og:image:width\" content=\"864\" \/>\n\t<meta property=\"og:image:height\" content=\"576\" \/>\n\t<meta property=\"og:image:type\" content=\"image\/jpeg\" \/>\n<meta name=\"author\" content=\"El Tecolote Staff\" \/>\n<meta name=\"twitter:card\" content=\"summary_large_image\" \/>\n<meta name=\"twitter:creator\" content=\"@eltecolotesf\" \/>\n<meta name=\"twitter:site\" content=\"@eltecolotesf\" \/>\n<meta name=\"twitter:label1\" content=\"Written by\" \/>\n\t<meta name=\"twitter:data1\" content=\"El Tecolote Staff\" \/>\n\t<meta name=\"twitter:label2\" content=\"Est. reading time\" \/>\n\t<meta name=\"twitter:data2\" content=\"1 minute\" \/>\n<script type=\"application\/ld+json\" class=\"yoast-schema-graph\">{\"@context\":\"https:\\\/\\\/schema.org\",\"@graph\":[{\"@type\":\"NewsArticle\",\"@id\":\"https:\\\/\\\/eltecolote.org\\\/content\\\/es\\\/noticias-breves-nov-17-30-2016\\\/#article\",\"isPartOf\":{\"@id\":\"https:\\\/\\\/eltecolote.org\\\/content\\\/es\\\/noticias-breves-nov-17-30-2016\\\/\"},\"author\":{\"name\":\"El Tecolote Staff\",\"@id\":\"https:\\\/\\\/eltecolote.org\\\/content\\\/#\\\/schema\\\/person\\\/08828d10185eba96895a8363a269410e\"},\"headline\":\"Noticias Breves: Nov. 17-30, 2016\",\"datePublished\":\"2016-11-17T20:25:18+00:00\",\"mainEntityOfPage\":{\"@id\":\"https:\\\/\\\/eltecolote.org\\\/content\\\/es\\\/noticias-breves-nov-17-30-2016\\\/\"},\"wordCount\":252,\"commentCount\":0,\"publisher\":{\"@id\":\"https:\\\/\\\/eltecolote.org\\\/content\\\/#organization\"},\"image\":{\"@id\":\"https:\\\/\\\/eltecolote.org\\\/content\\\/es\\\/noticias-breves-nov-17-30-2016\\\/#primaryimage\"},\"thumbnailUrl\":\"https:\\\/\\\/i0.wp.com\\\/eltecolote.org\\\/content\\\/wp-content\\\/uploads\\\/2016\\\/04\\\/Lennar_02web-1.jpg?fit=864%2C576&quality=89&ssl=1\",\"keywords\":[\"DAPL\",\"Lennar\",\"l\u00edo Titanic en South Van Ness\",\"No DAPL\"],\"articleSection\":[\"Noticias\",\"Vivienda\"],\"inLanguage\":\"en\",\"potentialAction\":[{\"@type\":\"CommentAction\",\"name\":\"Comment\",\"target\":[\"https:\\\/\\\/eltecolote.org\\\/content\\\/es\\\/noticias-breves-nov-17-30-2016\\\/#respond\"]}]},{\"@type\":\"WebPage\",\"@id\":\"https:\\\/\\\/eltecolote.org\\\/content\\\/es\\\/noticias-breves-nov-17-30-2016\\\/\",\"url\":\"https:\\\/\\\/eltecolote.org\\\/content\\\/es\\\/noticias-breves-nov-17-30-2016\\\/\",\"name\":\"Noticias Breves: Nov. 17-30, 2016 - El Tecolote\",\"isPartOf\":{\"@id\":\"https:\\\/\\\/eltecolote.org\\\/content\\\/#website\"},\"primaryImageOfPage\":{\"@id\":\"https:\\\/\\\/eltecolote.org\\\/content\\\/es\\\/noticias-breves-nov-17-30-2016\\\/#primaryimage\"},\"image\":{\"@id\":\"https:\\\/\\\/eltecolote.org\\\/content\\\/es\\\/noticias-breves-nov-17-30-2016\\\/#primaryimage\"},\"thumbnailUrl\":\"https:\\\/\\\/i0.wp.com\\\/eltecolote.org\\\/content\\\/wp-content\\\/uploads\\\/2016\\\/04\\\/Lennar_02web-1.jpg?fit=864%2C576&quality=89&ssl=1\",\"datePublished\":\"2016-11-17T20:25:18+00:00\",\"description\":\"La Ciudad suspende desarrollo a de vivienda en la Misi\u00f3n\u00a0 La Junta de Supervisores de San Francisco decidi\u00f3, un\u00e1nimemente el 15 de noviembre a favor de\",\"inLanguage\":\"en\",\"potentialAction\":[{\"@type\":\"ReadAction\",\"target\":[\"https:\\\/\\\/eltecolote.org\\\/content\\\/es\\\/noticias-breves-nov-17-30-2016\\\/\"]}]},{\"@type\":\"ImageObject\",\"inLanguage\":\"en\",\"@id\":\"https:\\\/\\\/eltecolote.org\\\/content\\\/es\\\/noticias-breves-nov-17-30-2016\\\/#primaryimage\",\"url\":\"https:\\\/\\\/i0.wp.com\\\/eltecolote.org\\\/content\\\/wp-content\\\/uploads\\\/2016\\\/04\\\/Lennar_02web-1.jpg?fit=864%2C576&quality=89&ssl=1\",\"contentUrl\":\"https:\\\/\\\/i0.wp.com\\\/eltecolote.org\\\/content\\\/wp-content\\\/uploads\\\/2016\\\/04\\\/Lennar_02web-1.jpg?fit=864%2C576&quality=89&ssl=1\",\"width\":864,\"height\":576,\"caption\":\"Activistas protestan contra la construcci\u00f3n del desarrollo de lujo Lennar, ubicado en las calles 26 y South Van Ness el 29 de octubre de 2015. Los activistas han nombrado a dicho proyecto como el \u2018Titanic Mess on South Van Ness\u201d. Foto Drago Renteria.\"},{\"@type\":\"WebSite\",\"@id\":\"https:\\\/\\\/eltecolote.org\\\/content\\\/#website\",\"url\":\"https:\\\/\\\/eltecolote.org\\\/content\\\/\",\"name\":\"El Tecolote\",\"description\":\"San Francisco's Latinx newspaper since 1970\",\"publisher\":{\"@id\":\"https:\\\/\\\/eltecolote.org\\\/content\\\/#organization\"},\"potentialAction\":[{\"@type\":\"SearchAction\",\"target\":{\"@type\":\"EntryPoint\",\"urlTemplate\":\"https:\\\/\\\/eltecolote.org\\\/content\\\/?s={search_term_string}\"},\"query-input\":{\"@type\":\"PropertyValueSpecification\",\"valueRequired\":true,\"valueName\":\"search_term_string\"}}],\"inLanguage\":\"en\"},{\"@type\":\"Organization\",\"@id\":\"https:\\\/\\\/eltecolote.org\\\/content\\\/#organization\",\"name\":\"El Tecolote\",\"url\":\"https:\\\/\\\/eltecolote.org\\\/content\\\/\",\"logo\":{\"@type\":\"ImageObject\",\"inLanguage\":\"en\",\"@id\":\"https:\\\/\\\/eltecolote.org\\\/content\\\/#\\\/schema\\\/logo\\\/image\\\/\",\"url\":\"https:\\\/\\\/i0.wp.com\\\/eltecolote.org\\\/content\\\/wp-content\\\/uploads\\\/2021\\\/05\\\/ETlogo-1.jpg?fit=400%2C400&ssl=1\",\"contentUrl\":\"https:\\\/\\\/i0.wp.com\\\/eltecolote.org\\\/content\\\/wp-content\\\/uploads\\\/2021\\\/05\\\/ETlogo-1.jpg?fit=400%2C400&ssl=1\",\"width\":400,\"height\":400,\"caption\":\"El Tecolote\"},\"image\":{\"@id\":\"https:\\\/\\\/eltecolote.org\\\/content\\\/#\\\/schema\\\/logo\\\/image\\\/\"},\"sameAs\":[\"https:\\\/\\\/www.facebook.com\\\/ElTecoloteSF\\\/\",\"https:\\\/\\\/x.com\\\/eltecolotesf\",\"https:\\\/\\\/www.instagram.com\\\/eltecolotesf\\\/\"]},{\"@type\":\"Person\",\"@id\":\"https:\\\/\\\/eltecolote.org\\\/content\\\/#\\\/schema\\\/person\\\/08828d10185eba96895a8363a269410e\",\"name\":\"El Tecolote Staff\",\"image\":{\"@type\":\"ImageObject\",\"inLanguage\":\"en\",\"@id\":\"https:\\\/\\\/secure.gravatar.com\\\/avatar\\\/9534c92c8c908364e186a64d93efc86f62367109d1b07a3454facde655968589?s=96&d=mm&r=g6afcb607783e095e4cf6be807353924d\",\"url\":\"https:\\\/\\\/secure.gravatar.com\\\/avatar\\\/9534c92c8c908364e186a64d93efc86f62367109d1b07a3454facde655968589?s=96&d=mm&r=g\",\"contentUrl\":\"https:\\\/\\\/secure.gravatar.com\\\/avatar\\\/9534c92c8c908364e186a64d93efc86f62367109d1b07a3454facde655968589?s=96&d=mm&r=g\",\"caption\":\"El Tecolote Staff\"},\"url\":\"https:\\\/\\\/eltecolote.org\\\/content\\\/author\\\/web-editor\\\/\"}]}<\/script>\n<!-- \/ Yoast SEO plugin. -->","yoast_head_json":{"title":"Noticias Breves: Nov. 17-30, 2016 - El Tecolote","description":"La Ciudad suspende desarrollo a de vivienda en la Misi\u00f3n\u00a0 La Junta de Supervisores de San Francisco decidi\u00f3, un\u00e1nimemente el 15 de noviembre a favor de","robots":{"index":"index","follow":"follow","max-snippet":"max-snippet:-1","max-image-preview":"max-image-preview:large","max-video-preview":"max-video-preview:-1"},"canonical":"https:\/\/eltecolote.org\/content\/es\/noticias-breves-nov-17-30-2016\/","og_locale":"en_US","og_type":"article","og_title":"Noticias Breves: Nov. 17-30, 2016 - El Tecolote","og_description":"La Ciudad suspende desarrollo a de vivienda en la Misi\u00f3n\u00a0 La Junta de Supervisores de San Francisco decidi\u00f3, un\u00e1nimemente el 15 de noviembre a favor de","og_url":"https:\/\/eltecolote.org\/content\/es\/noticias-breves-nov-17-30-2016\/","og_site_name":"El Tecolote","article_publisher":"https:\/\/www.facebook.com\/ElTecoloteSF\/","article_published_time":"2016-11-17T20:25:18+00:00","og_image":[{"width":864,"height":576,"url":"https:\/\/i0.wp.com\/eltecolote.org\/content\/wp-content\/uploads\/2016\/04\/Lennar_02web-1.jpg?fit=864%2C576&ssl=1","type":"image\/jpeg"}],"author":"El Tecolote Staff","twitter_card":"summary_large_image","twitter_creator":"@eltecolotesf","twitter_site":"@eltecolotesf","twitter_misc":{"Written by":"El Tecolote Staff","Est. reading time":"1 minute"},"schema":{"@context":"https:\/\/schema.org","@graph":[{"@type":"NewsArticle","@id":"https:\/\/eltecolote.org\/content\/es\/noticias-breves-nov-17-30-2016\/#article","isPartOf":{"@id":"https:\/\/eltecolote.org\/content\/es\/noticias-breves-nov-17-30-2016\/"},"author":{"name":"El Tecolote Staff","@id":"https:\/\/eltecolote.org\/content\/#\/schema\/person\/08828d10185eba96895a8363a269410e"},"headline":"Noticias Breves: Nov. 17-30, 2016","datePublished":"2016-11-17T20:25:18+00:00","mainEntityOfPage":{"@id":"https:\/\/eltecolote.org\/content\/es\/noticias-breves-nov-17-30-2016\/"},"wordCount":252,"commentCount":0,"publisher":{"@id":"https:\/\/eltecolote.org\/content\/#organization"},"image":{"@id":"https:\/\/eltecolote.org\/content\/es\/noticias-breves-nov-17-30-2016\/#primaryimage"},"thumbnailUrl":"https:\/\/i0.wp.com\/eltecolote.org\/content\/wp-content\/uploads\/2016\/04\/Lennar_02web-1.jpg?fit=864%2C576&quality=89&ssl=1","keywords":["DAPL","Lennar","l\u00edo Titanic en South Van Ness","No DAPL"],"articleSection":["Noticias","Vivienda"],"inLanguage":"en","potentialAction":[{"@type":"CommentAction","name":"Comment","target":["https:\/\/eltecolote.org\/content\/es\/noticias-breves-nov-17-30-2016\/#respond"]}]},{"@type":"WebPage","@id":"https:\/\/eltecolote.org\/content\/es\/noticias-breves-nov-17-30-2016\/","url":"https:\/\/eltecolote.org\/content\/es\/noticias-breves-nov-17-30-2016\/","name":"Noticias Breves: Nov. 17-30, 2016 - El Tecolote","isPartOf":{"@id":"https:\/\/eltecolote.org\/content\/#website"},"primaryImageOfPage":{"@id":"https:\/\/eltecolote.org\/content\/es\/noticias-breves-nov-17-30-2016\/#primaryimage"},"image":{"@id":"https:\/\/eltecolote.org\/content\/es\/noticias-breves-nov-17-30-2016\/#primaryimage"},"thumbnailUrl":"https:\/\/i0.wp.com\/eltecolote.org\/content\/wp-content\/uploads\/2016\/04\/Lennar_02web-1.jpg?fit=864%2C576&quality=89&ssl=1","datePublished":"2016-11-17T20:25:18+00:00","description":"La Ciudad suspende desarrollo a de vivienda en la Misi\u00f3n\u00a0 La Junta de Supervisores de San Francisco decidi\u00f3, un\u00e1nimemente el 15 de noviembre a favor de","inLanguage":"en","potentialAction":[{"@type":"ReadAction","target":["https:\/\/eltecolote.org\/content\/es\/noticias-breves-nov-17-30-2016\/"]}]},{"@type":"ImageObject","inLanguage":"en","@id":"https:\/\/eltecolote.org\/content\/es\/noticias-breves-nov-17-30-2016\/#primaryimage","url":"https:\/\/i0.wp.com\/eltecolote.org\/content\/wp-content\/uploads\/2016\/04\/Lennar_02web-1.jpg?fit=864%2C576&quality=89&ssl=1","contentUrl":"https:\/\/i0.wp.com\/eltecolote.org\/content\/wp-content\/uploads\/2016\/04\/Lennar_02web-1.jpg?fit=864%2C576&quality=89&ssl=1","width":864,"height":576,"caption":"Activistas protestan contra la construcci\u00f3n del desarrollo de lujo Lennar, ubicado en las calles 26 y South Van Ness el 29 de octubre de 2015. Los activistas han nombrado a dicho proyecto como el \u2018Titanic Mess on South Van Ness\u201d. Foto Drago Renteria."},{"@type":"WebSite","@id":"https:\/\/eltecolote.org\/content\/#website","url":"https:\/\/eltecolote.org\/content\/","name":"El Tecolote","description":"San Francisco's Latinx newspaper since 1970","publisher":{"@id":"https:\/\/eltecolote.org\/content\/#organization"},"potentialAction":[{"@type":"SearchAction","target":{"@type":"EntryPoint","urlTemplate":"https:\/\/eltecolote.org\/content\/?s={search_term_string}"},"query-input":{"@type":"PropertyValueSpecification","valueRequired":true,"valueName":"search_term_string"}}],"inLanguage":"en"},{"@type":"Organization","@id":"https:\/\/eltecolote.org\/content\/#organization","name":"El Tecolote","url":"https:\/\/eltecolote.org\/content\/","logo":{"@type":"ImageObject","inLanguage":"en","@id":"https:\/\/eltecolote.org\/content\/#\/schema\/logo\/image\/","url":"https:\/\/i0.wp.com\/eltecolote.org\/content\/wp-content\/uploads\/2021\/05\/ETlogo-1.jpg?fit=400%2C400&ssl=1","contentUrl":"https:\/\/i0.wp.com\/eltecolote.org\/content\/wp-content\/uploads\/2021\/05\/ETlogo-1.jpg?fit=400%2C400&ssl=1","width":400,"height":400,"caption":"El Tecolote"},"image":{"@id":"https:\/\/eltecolote.org\/content\/#\/schema\/logo\/image\/"},"sameAs":["https:\/\/www.facebook.com\/ElTecoloteSF\/","https:\/\/x.com\/eltecolotesf","https:\/\/www.instagram.com\/eltecolotesf\/"]},{"@type":"Person","@id":"https:\/\/eltecolote.org\/content\/#\/schema\/person\/08828d10185eba96895a8363a269410e","name":"El Tecolote Staff","image":{"@type":"ImageObject","inLanguage":"en","@id":"https:\/\/secure.gravatar.com\/avatar\/9534c92c8c908364e186a64d93efc86f62367109d1b07a3454facde655968589?s=96&d=mm&r=g6afcb607783e095e4cf6be807353924d","url":"https:\/\/secure.gravatar.com\/avatar\/9534c92c8c908364e186a64d93efc86f62367109d1b07a3454facde655968589?s=96&d=mm&r=g","contentUrl":"https:\/\/secure.gravatar.com\/avatar\/9534c92c8c908364e186a64d93efc86f62367109d1b07a3454facde655968589?s=96&d=mm&r=g","caption":"El Tecolote Staff"},"url":"https:\/\/eltecolote.org\/content\/author\/web-editor\/"}]}},"distributor_meta":false,"distributor_terms":false,"distributor_media":false,"distributor_original_site_name":"El Tecolote","distributor_original_site_url":"https:\/\/eltecolote.org\/content","push-errors":false,"_links":{"self":[{"href":"https:\/\/eltecolote.org\/content\/wp-json\/wp\/v2\/posts\/32273","targetHints":{"allow":["GET"]}}],"collection":[{"href":"https:\/\/eltecolote.org\/content\/wp-json\/wp\/v2\/posts"}],"about":[{"href":"https:\/\/eltecolote.org\/content\/wp-json\/wp\/v2\/types\/post"}],"author":[{"embeddable":true,"href":"https:\/\/eltecolote.org\/content\/wp-json\/wp\/v2\/users\/35"}],"replies":[{"embeddable":true,"href":"https:\/\/eltecolote.org\/content\/wp-json\/wp\/v2\/comments?post=32273"}],"version-history":[{"count":1,"href":"https:\/\/eltecolote.org\/content\/wp-json\/wp\/v2\/posts\/32273\/revisions"}],"predecessor-version":[{"id":32274,"href":"https:\/\/eltecolote.org\/content\/wp-json\/wp\/v2\/posts\/32273\/revisions\/32274"}],"wp:featuredmedia":[{"embeddable":true,"href":"https:\/\/eltecolote.org\/content\/wp-json\/wp\/v2\/media\/29952"}],"wp:attachment":[{"href":"https:\/\/eltecolote.org\/content\/wp-json\/wp\/v2\/media?parent=32273"}],"wp:term":[{"taxonomy":"category","embeddable":true,"href":"https:\/\/eltecolote.org\/content\/wp-json\/wp\/v2\/categories?post=32273"},{"taxonomy":"post_tag","embeddable":true,"href":"https:\/\/eltecolote.org\/content\/wp-json\/wp\/v2\/tags?post=32273"},{"taxonomy":"author","embeddable":true,"href":"https:\/\/eltecolote.org\/content\/wp-json\/wp\/v2\/coauthors?post=32273"}],"curies":[{"name":"wp","href":"https:\/\/api.w.org\/{rel}","templated":true}]}}