{"id":31011,"date":"2016-07-14T15:30:32","date_gmt":"2016-07-14T22:30:32","guid":{"rendered":"http:\/\/eltecolote.org\/content\/?p=31011"},"modified":"2016-07-14T15:30:32","modified_gmt":"2016-07-14T22:30:32","slug":"basta-ya","status":"publish","type":"post","link":"https:\/\/eltecolote.org\/content\/es\/basta-ya\/","title":{"rendered":"Basta ya"},"content":{"rendered":"<p>[su_heading size=&#8221;30&#8243; align=&#8221;left&#8221;]Nuestras voces ser\u00e1n escuchadas [\/su_heading]<\/p>\n<p>[su_slider source=&#8221;media: 31012,31013,31014,31015,31042,31016,31017,31019,31020,31021,31022,31023,31024,31026,31027,31028,31029,31030,31031,31032,31033,31034,31035,31036,31037,31038,31039,31040,31041,31043&#8243; limit=&#8221;40&#8243; link=&#8221;image&#8221; target=&#8221;blank&#8221; width=&#8221;700&#8243; height=&#8221;460&#8243; autoplay=&#8221;0&#8243; speed=&#8221;500&#8243;][su_slider source=&#8221;media: 29856,29857&#8243; limit=&#8221;30&#8243; link=&#8221;image&#8221; target=&#8221;blank&#8221; width=&#8221;700&#8243; height=&#8221;460&#8243; autoplay=&#8221;0&#8243; speed=&#8221;500&#8243;][su_menu][\/su_slider]<\/p>\n<p class=\"p1\"><b><\/b>As\u00ed es como este tipo de historias suelen comenzar:<\/p>\n<p class=\"p5\"><i>Los manifestantes cerraron un tramo de la autopista 880 en Oakland, California, para protestar por la reciente muerte de dos hombres de raza negra en un tiroteo que involucr\u00f3 a personal de la polic\u00eda. Alrededor de dos mil manifestantes salieron a las calles el 7 de julio en una marcha que comenz\u00f3 en la Plaza Frank Ogawa y se detuvo en el Edificio de Administraci\u00f3n del Departamento de la Polic\u00eda de Oakland, donde fuentes de dicha entidad reportaron actos de vandalismo incluyendo grafiti y vidrios rotos. Para la 1:15 de la ma\u00f1ana siguiente, todos los manifestantes hab\u00edan desalojado la carretera y el tr\u00e1fico se mov\u00eda como de costumbre.<\/i><\/p>\n<p class=\"p6\">Al leer o escribir historias como esta por mucho tiempo, uno termina olvidando que la narraci\u00f3n anterior es en realidad una mentira, pese a que ninguno de los datos es t\u00e9cnicamente incorrecto. Es una mentira porque borra la humanidad y la realidad de los seres humanos, que son los m\u00e1s afectados, por pretender estar diciendo la verdad.<\/p>\n<p class=\"p6\">Los \u201cmanifestantes\u201d no bloquearon el 880, la gente lo hizo. La gente cansada de ser deshumanizada, silenciada e ignorada, cerr\u00f3 una sola carretera en una ciudad y unos pocos cientos fueron incomodados por unas horas.<\/p>\n<p class=\"p6\">Este flujo masivo y casi espont\u00e1neo de solidaridad no fue una reacci\u00f3n a la muerte de dos de los hombres; fue la culminaci\u00f3n de miles de muertes, que lleva por todo el camino de vuelta hasta las primeras p\u00e1ginas ensangrentadas de la historia de nuestra naci\u00f3n.<\/p>\n<p class=\"p4\">Si esas personas bloquearon esa carretera por Alton Sterling y Philando Castilla, tambi\u00e9n lo hac\u00edan por Freddie Gray, Tamir Rice, Justus Howell, Eric Garner, Timothy Russell, Oscar Grant, Alan Blueford, Ramarley Graham\u2026 esto es una peque\u00f1a muestra de los nombres en una larga y vergonzosa lista de la historia reciente.<\/p>\n<p class=\"p6\">As\u00ed que perd\u00f3nenme y a otros si no arrojamos l\u00e1grimas por un pu\u00f1ado de objetos inanimados, rotos y manchados de pintura. Todos estamos llorando por Malissa Williams, Sandra Bland, Tanisha Anderson, Yvette Smith, Shelly Frey, Rekia Boyd, Jessica Williams, Aiyana Jones\u2026 Y, por supuesto, por Alejandro Nieto, Amilcar P\u00e9rez-L\u00f3pez, Luis G\u00f3ngora, Antonio N\u00fa\u00f1ez, Pedro Villanueva\u2026<\/p>\n<p class=\"p6\">As\u00ed que muchos otros han sido olvidados por todos, excepto por sus familias. Sus memorias han sido enterradas bajo el peso aplastante de la desensibilizaci\u00f3n de los medios. Su humanidad se ha perdido entre las sombras laber\u00ednticas de debates impotentes sobre la \u201creforma de la polic\u00eda\u201d; sus rostros han quedado borrados por la constante erosi\u00f3n del \u201ctr\u00e1fico movi\u00e9ndose como de costumbre\u201d.<\/p>\n<p class=\"p6\">No es ninguna sorpresa que varias de las personas atrapadas en el tr\u00e1fico tocaran el claxon en apoyo a la manifestaci\u00f3n pac\u00edfica que bloqueaba su camino el 7 de julio, porque los m\u00e1s de dos mil que salieron a las calles esa noche representan s\u00f3lo una fracci\u00f3n de los que exigen un cambio real en nuestro sistema racista de \u201cjusticia\u201d.<\/p>\n<p class=\"p6\">En verdad, los manifestantes reales no eran ninguna de las personas en la autopista aquella noche. Los manifestantes reales son las personas que utilizan las redes sociales y las secciones de comentarios de art\u00edculos de prensa para hablar de la gran histeria por la manifestaci\u00f3n en el 880, sobre la ejecuci\u00f3n de personas, sobre \u201cterrorismo econ\u00f3mico\u201d, acerca de pacientes hipot\u00e9ticos que mueren en ambulancias hipot\u00e9ticas \u2014hay que dejar en manos de los que defienden el status quo racista valorar las vidas imaginarias de negros y morenos.<\/p>\n<p class=\"p6\">Esas personas son los verdaderos manifestantes. Est\u00e1n demostrando lo que una vida de consumo acr\u00edtica de la narrativa de los principales medios de comunicaci\u00f3n desde una posici\u00f3n de privilegio puede hacer a su mente y alma, y es como la sal en una babosa.<\/p>\n<p class=\"p6\">O como Malcolm X dijo, \u201cSi usted no tiene cuidado, los peri\u00f3dicos lo har\u00e1n odiar a las personas que est\u00e1n siendo oprimidas, y amar a aquellas que est\u00e1n siendo opresoras\u201d.<\/p>\n<p class=\"p6\">Este no es un debate vac\u00edo sobre un asunto abstracto \u2014no para quienes somos directamente afectados por ello, no para aquellos de nosotros que tenemos que decir adi\u00f3s a alguien que amamos cada ma\u00f1ana y nos preguntamos si los veremos de nuevo esa noche o en el noticiero nocturno.<\/p>\n<p class=\"p6\">El Pastor Ben McBride, originario de la zona de la bah\u00eda, ha dedicado su vida a elevar la calidad en su comunidad y poner fin a la epidemia de violencia en uno de los barrios m\u00e1s duros de Oakland. En el pasado, trabaj\u00f3 en estrecha colaboraci\u00f3n con la OPD, fungiendo como el primer entrenador no oficial del Procedural Justice &amp; Police Legitimacy Course.<\/p>\n<p class=\"p6\">Pero esa noche, a pesar de que proyectaba fuerza y determinaci\u00f3n, su ira era palpable y dej\u00f3 en claro que esperar y orar para que la polic\u00eda cambie, ya no es una opci\u00f3n.<\/p>\n<p class=\"p6\">\u201cAhora ya no estamos en el punto de la reforma policial. Ese d\u00eda ha terminado. El sistema no puede ser reformado. Necesitamos una transformaci\u00f3n total, fundamental del sistema de seguridad p\u00fablica en los EEUU\u201d, dijo. \u201cY esto es lo que queremos decir a la polic\u00eda: \u201cNosotros no te necesitamos como autoridad. Ya no vamos a participar en sus juegos. Ya no vamos a participar en su conspiraci\u00f3n\u2026 vamos a terminar con su imperio hasta que se haga lo que es correcto. Y hasta que as\u00ed suceda, a trav\u00e9s del poder de la no violencia, derrumbaremos su departamento ladrillo a ladrillo\u201d.<\/p>\n<p class=\"p6\">Como lo dijo el coro de la multitud durante toda la noche: \u201cTodo el maldito sistema es culpable\u201d, y todo el sistema debe cambiar.<\/p>\n<p class=\"p6\">Hemos estado aqu\u00ed antes \u2014en cada paso desde la esclavitud hasta la actualidad, ha habido esas voces \u201cmoderadas\u201d diciendo a la gente de color y morenos, y otras comunidades que permanezcan en su lugar y no hagan mucho aspavientos. \u201cEstoy de acuerdo con su causa, pero no sus m\u00e9todos\u201d, nos dicen, poniendo por encima de todo la comodidad de los automovilistas y la santidad de la polic\u00eda antes que la vida de los seres humanos.<\/p>\n<p class=\"p6\">No m\u00e1s. No m\u00e1s excusas. No m\u00e1s justificaciones<span class=\"Apple-converted-space\">\u00a0 <\/span>No m\u00e1s narrativas de noticias \u201carregladas\u201d que afectan a los afligidos y tranquiliza a los acomodados. No m\u00e1s esconder debajo del tapete las vidas de negros y morenos.<\/p>\n<p class=\"p6\">No m\u00e1s \u201cel tr\u00e1fico avanza como de costumbre\u201d.<\/p>\n","protected":false},"excerpt":{"rendered":"<p>[su_heading size=&#8221;30&#8243; align=&#8221;left&#8221;]Nuestras voces ser\u00e1n escuchadas [\/su_heading] [su_slider source=&#8221;media: 31012,31013,31014,31015,31042,31016,31017,31019,31020,31021,31022,31023,31024,31026,31027,31028,31029,31030,31031,31032,31033,31034,31035,31036,31037,31038,31039,31040,31041,31043&#8243; limit=&#8221;40&#8243; link=&#8221;image&#8221; target=&#8221;blank&#8221; width=&#8221;700&#8243; height=&#8221;460&#8243; autoplay=&#8221;0&#8243; speed=&#8221;500&#8243;][su_slider source=&#8221;media: 29856,29857&#8243; limit=&#8221;30&#8243; link=&#8221;image&#8221; target=&#8221;blank&#8221; width=&#8221;700&#8243; height=&#8221;460&#8243; autoplay=&#8221;0&#8243; speed=&#8221;500&#8243;][su_menu][\/su_slider] As\u00ed es como este tipo de historias suelen comenzar: Los manifestantes cerraron un tramo de la autopista 880 en Oakland, California, para protestar por la reciente muerte de dos [&hellip;]<\/p>\n","protected":false},"author":35,"featured_media":31044,"comment_status":"open","ping_status":"closed","sticky":false,"template":"","format":"standard","meta":{"newspack_popups_has_disabled_popups":false,"newspack_featured_image_position":"","newspack_post_subtitle":"","newspack_article_summary_title":"Overview:","newspack_article_summary":"","newspack_hide_updated_date":false,"newspack_show_updated_date":false,"footnotes":""},"categories":[3548,3531],"tags":[10837,10839,6183,10841,4911,10843,6163,3882,4995,10189,10845,9455,10847,6173,10849,10851,10853,10855,10857,10859,10861,10863,10865,10867],"coauthors":[],"class_list":["post-31011","post","type-post","status-publish","format-standard","has-post-thumbnail","hentry","category-opinion-es","category-voces","tag-aiyana-jones-es","tag-alan-blueford-es","tag-alejandro-nieto-es","tag-alton-sterling-es","tag-amilcar-perez-lopez-es","tag-anthony-nunez-es","tag-brutalidad-y-violencia-policiaca","tag-eric-garner-es","tag-freddie-gray","tag-jessica-williams-es","tag-justus-howell-es","tag-luis-gongora-es","tag-malissa-williams-es","tag-oscar-grant-es","tag-pedro-villanueva-es","tag-philando-castile-es","tag-ramarley-graham-es","tag-rekia-boyd-es","tag-sandra-bland-es","tag-shelly-frey-es","tag-tamir-rice-es","tag-tanisha-anderson-es","tag-timothy-russell-es","tag-yvette-smith-es","entry"],"yoast_head":"<!-- This site is optimized with the Yoast SEO plugin v27.5 - https:\/\/yoast.com\/product\/yoast-seo-wordpress\/ -->\n<title>Basta ya - El Tecolote<\/title>\n<meta name=\"description\" content=\"Nuestras voces ser\u00e1n escuchadas As\u00ed es como este tipo de historias suelen comenzar: Los manifestantes cerraron un tramo de la autopista 880 en Oakland,\" \/>\n<meta name=\"robots\" content=\"index, follow, max-snippet:-1, max-image-preview:large, max-video-preview:-1\" \/>\n<link rel=\"canonical\" href=\"https:\/\/eltecolote.org\/content\/es\/basta-ya\/\" \/>\n<meta property=\"og:locale\" content=\"en_US\" \/>\n<meta property=\"og:type\" content=\"article\" \/>\n<meta property=\"og:title\" content=\"Basta ya - El Tecolote\" \/>\n<meta property=\"og:description\" content=\"Nuestras voces ser\u00e1n escuchadas As\u00ed es como este tipo de historias suelen comenzar: Los manifestantes cerraron un tramo de la autopista 880 en Oakland,\" \/>\n<meta property=\"og:url\" content=\"https:\/\/eltecolote.org\/content\/es\/basta-ya\/\" \/>\n<meta property=\"og:site_name\" content=\"El Tecolote\" \/>\n<meta property=\"article:publisher\" content=\"https:\/\/www.facebook.com\/ElTecoloteSF\/\" \/>\n<meta property=\"article:published_time\" content=\"2016-07-14T22:30:32+00:00\" \/>\n<meta property=\"og:image\" content=\"https:\/\/i0.wp.com\/eltecolote.org\/content\/wp-content\/uploads\/2016\/07\/Bloody-cuffs_03web.jpg?fit=864%2C576&ssl=1\" \/>\n\t<meta property=\"og:image:width\" content=\"864\" \/>\n\t<meta property=\"og:image:height\" content=\"576\" \/>\n\t<meta property=\"og:image:type\" content=\"image\/jpeg\" \/>\n<meta name=\"author\" content=\"El Tecolote Staff\" \/>\n<meta name=\"twitter:card\" content=\"summary_large_image\" \/>\n<meta name=\"twitter:creator\" content=\"@eltecolotesf\" \/>\n<meta name=\"twitter:site\" content=\"@eltecolotesf\" \/>\n<meta name=\"twitter:label1\" content=\"Written by\" \/>\n\t<meta name=\"twitter:data1\" content=\"El Tecolote Staff\" \/>\n\t<meta name=\"twitter:label2\" content=\"Est. reading time\" \/>\n\t<meta name=\"twitter:data2\" content=\"6 minutes\" \/>\n<script type=\"application\/ld+json\" class=\"yoast-schema-graph\">{\"@context\":\"https:\\\/\\\/schema.org\",\"@graph\":[{\"@type\":\"NewsArticle\",\"@id\":\"https:\\\/\\\/eltecolote.org\\\/content\\\/es\\\/basta-ya\\\/#article\",\"isPartOf\":{\"@id\":\"https:\\\/\\\/eltecolote.org\\\/content\\\/es\\\/basta-ya\\\/\"},\"author\":{\"name\":\"El Tecolote Staff\",\"@id\":\"https:\\\/\\\/eltecolote.org\\\/content\\\/#\\\/schema\\\/person\\\/08828d10185eba96895a8363a269410e\"},\"headline\":\"Basta ya\",\"datePublished\":\"2016-07-14T22:30:32+00:00\",\"mainEntityOfPage\":{\"@id\":\"https:\\\/\\\/eltecolote.org\\\/content\\\/es\\\/basta-ya\\\/\"},\"wordCount\":1142,\"commentCount\":0,\"publisher\":{\"@id\":\"https:\\\/\\\/eltecolote.org\\\/content\\\/#organization\"},\"image\":{\"@id\":\"https:\\\/\\\/eltecolote.org\\\/content\\\/es\\\/basta-ya\\\/#primaryimage\"},\"thumbnailUrl\":\"https:\\\/\\\/i0.wp.com\\\/eltecolote.org\\\/content\\\/wp-content\\\/uploads\\\/2016\\\/07\\\/Bloody-cuffs_03web.jpg?fit=864%2C576&quality=89&ssl=1\",\"keywords\":[\"Aiyana Jones\",\"Alan Blueford\",\"Alejandro Nieto\",\"Alton Sterling\",\"Amilcar Perez-Lopez\",\"Anthony Nu\u00f1ez\",\"brutalidad y violencia polic\u00edaca\",\"Eric Garner\",\"Freddie Gray\",\"Jessica Williams\",\"Justus Howell\",\"Luis Gongora\",\"Malissa Williams\",\"Oscar Grant\",\"Pedro Villanueva\",\"Philando Castile\",\"Ramarley Graham\",\"Rekia Boyd\",\"Sandra Bland\",\"Shelly Frey\",\"Tamir Rice\",\"Tanisha Anderson\",\"Timothy Russell\",\"Yvette Smith\"],\"articleSection\":[\"Opini\u00f3n\",\"Voces\"],\"inLanguage\":\"en\",\"potentialAction\":[{\"@type\":\"CommentAction\",\"name\":\"Comment\",\"target\":[\"https:\\\/\\\/eltecolote.org\\\/content\\\/es\\\/basta-ya\\\/#respond\"]}]},{\"@type\":\"WebPage\",\"@id\":\"https:\\\/\\\/eltecolote.org\\\/content\\\/es\\\/basta-ya\\\/\",\"url\":\"https:\\\/\\\/eltecolote.org\\\/content\\\/es\\\/basta-ya\\\/\",\"name\":\"Basta ya - El Tecolote\",\"isPartOf\":{\"@id\":\"https:\\\/\\\/eltecolote.org\\\/content\\\/#website\"},\"primaryImageOfPage\":{\"@id\":\"https:\\\/\\\/eltecolote.org\\\/content\\\/es\\\/basta-ya\\\/#primaryimage\"},\"image\":{\"@id\":\"https:\\\/\\\/eltecolote.org\\\/content\\\/es\\\/basta-ya\\\/#primaryimage\"},\"thumbnailUrl\":\"https:\\\/\\\/i0.wp.com\\\/eltecolote.org\\\/content\\\/wp-content\\\/uploads\\\/2016\\\/07\\\/Bloody-cuffs_03web.jpg?fit=864%2C576&quality=89&ssl=1\",\"datePublished\":\"2016-07-14T22:30:32+00:00\",\"description\":\"Nuestras voces ser\u00e1n escuchadas As\u00ed es como este tipo de historias suelen comenzar: Los manifestantes cerraron un tramo de la autopista 880 en Oakland,\",\"inLanguage\":\"en\",\"potentialAction\":[{\"@type\":\"ReadAction\",\"target\":[\"https:\\\/\\\/eltecolote.org\\\/content\\\/es\\\/basta-ya\\\/\"]}]},{\"@type\":\"ImageObject\",\"inLanguage\":\"en\",\"@id\":\"https:\\\/\\\/eltecolote.org\\\/content\\\/es\\\/basta-ya\\\/#primaryimage\",\"url\":\"https:\\\/\\\/i0.wp.com\\\/eltecolote.org\\\/content\\\/wp-content\\\/uploads\\\/2016\\\/07\\\/Bloody-cuffs_03web.jpg?fit=864%2C576&quality=89&ssl=1\",\"contentUrl\":\"https:\\\/\\\/i0.wp.com\\\/eltecolote.org\\\/content\\\/wp-content\\\/uploads\\\/2016\\\/07\\\/Bloody-cuffs_03web.jpg?fit=864%2C576&quality=89&ssl=1\",\"width\":864,\"height\":576},{\"@type\":\"WebSite\",\"@id\":\"https:\\\/\\\/eltecolote.org\\\/content\\\/#website\",\"url\":\"https:\\\/\\\/eltecolote.org\\\/content\\\/\",\"name\":\"El Tecolote\",\"description\":\"San Francisco's Latinx newspaper since 1970\",\"publisher\":{\"@id\":\"https:\\\/\\\/eltecolote.org\\\/content\\\/#organization\"},\"potentialAction\":[{\"@type\":\"SearchAction\",\"target\":{\"@type\":\"EntryPoint\",\"urlTemplate\":\"https:\\\/\\\/eltecolote.org\\\/content\\\/?s={search_term_string}\"},\"query-input\":{\"@type\":\"PropertyValueSpecification\",\"valueRequired\":true,\"valueName\":\"search_term_string\"}}],\"inLanguage\":\"en\"},{\"@type\":\"Organization\",\"@id\":\"https:\\\/\\\/eltecolote.org\\\/content\\\/#organization\",\"name\":\"El Tecolote\",\"url\":\"https:\\\/\\\/eltecolote.org\\\/content\\\/\",\"logo\":{\"@type\":\"ImageObject\",\"inLanguage\":\"en\",\"@id\":\"https:\\\/\\\/eltecolote.org\\\/content\\\/#\\\/schema\\\/logo\\\/image\\\/\",\"url\":\"https:\\\/\\\/i0.wp.com\\\/eltecolote.org\\\/content\\\/wp-content\\\/uploads\\\/2021\\\/05\\\/ETlogo-1.jpg?fit=400%2C400&ssl=1\",\"contentUrl\":\"https:\\\/\\\/i0.wp.com\\\/eltecolote.org\\\/content\\\/wp-content\\\/uploads\\\/2021\\\/05\\\/ETlogo-1.jpg?fit=400%2C400&ssl=1\",\"width\":400,\"height\":400,\"caption\":\"El Tecolote\"},\"image\":{\"@id\":\"https:\\\/\\\/eltecolote.org\\\/content\\\/#\\\/schema\\\/logo\\\/image\\\/\"},\"sameAs\":[\"https:\\\/\\\/www.facebook.com\\\/ElTecoloteSF\\\/\",\"https:\\\/\\\/x.com\\\/eltecolotesf\",\"https:\\\/\\\/www.instagram.com\\\/eltecolotesf\\\/\"]},{\"@type\":\"Person\",\"@id\":\"https:\\\/\\\/eltecolote.org\\\/content\\\/#\\\/schema\\\/person\\\/08828d10185eba96895a8363a269410e\",\"name\":\"El Tecolote Staff\",\"image\":{\"@type\":\"ImageObject\",\"inLanguage\":\"en\",\"@id\":\"https:\\\/\\\/secure.gravatar.com\\\/avatar\\\/9534c92c8c908364e186a64d93efc86f62367109d1b07a3454facde655968589?s=96&d=mm&r=g6afcb607783e095e4cf6be807353924d\",\"url\":\"https:\\\/\\\/secure.gravatar.com\\\/avatar\\\/9534c92c8c908364e186a64d93efc86f62367109d1b07a3454facde655968589?s=96&d=mm&r=g\",\"contentUrl\":\"https:\\\/\\\/secure.gravatar.com\\\/avatar\\\/9534c92c8c908364e186a64d93efc86f62367109d1b07a3454facde655968589?s=96&d=mm&r=g\",\"caption\":\"El Tecolote Staff\"},\"url\":\"https:\\\/\\\/eltecolote.org\\\/content\\\/author\\\/web-editor\\\/\"}]}<\/script>\n<!-- \/ Yoast SEO plugin. -->","yoast_head_json":{"title":"Basta ya - El Tecolote","description":"Nuestras voces ser\u00e1n escuchadas As\u00ed es como este tipo de historias suelen comenzar: Los manifestantes cerraron un tramo de la autopista 880 en Oakland,","robots":{"index":"index","follow":"follow","max-snippet":"max-snippet:-1","max-image-preview":"max-image-preview:large","max-video-preview":"max-video-preview:-1"},"canonical":"https:\/\/eltecolote.org\/content\/es\/basta-ya\/","og_locale":"en_US","og_type":"article","og_title":"Basta ya - El Tecolote","og_description":"Nuestras voces ser\u00e1n escuchadas As\u00ed es como este tipo de historias suelen comenzar: Los manifestantes cerraron un tramo de la autopista 880 en Oakland,","og_url":"https:\/\/eltecolote.org\/content\/es\/basta-ya\/","og_site_name":"El Tecolote","article_publisher":"https:\/\/www.facebook.com\/ElTecoloteSF\/","article_published_time":"2016-07-14T22:30:32+00:00","og_image":[{"width":864,"height":576,"url":"https:\/\/i0.wp.com\/eltecolote.org\/content\/wp-content\/uploads\/2016\/07\/Bloody-cuffs_03web.jpg?fit=864%2C576&ssl=1","type":"image\/jpeg"}],"author":"El Tecolote Staff","twitter_card":"summary_large_image","twitter_creator":"@eltecolotesf","twitter_site":"@eltecolotesf","twitter_misc":{"Written by":"El Tecolote Staff","Est. reading time":"6 minutes"},"schema":{"@context":"https:\/\/schema.org","@graph":[{"@type":"NewsArticle","@id":"https:\/\/eltecolote.org\/content\/es\/basta-ya\/#article","isPartOf":{"@id":"https:\/\/eltecolote.org\/content\/es\/basta-ya\/"},"author":{"name":"El Tecolote Staff","@id":"https:\/\/eltecolote.org\/content\/#\/schema\/person\/08828d10185eba96895a8363a269410e"},"headline":"Basta ya","datePublished":"2016-07-14T22:30:32+00:00","mainEntityOfPage":{"@id":"https:\/\/eltecolote.org\/content\/es\/basta-ya\/"},"wordCount":1142,"commentCount":0,"publisher":{"@id":"https:\/\/eltecolote.org\/content\/#organization"},"image":{"@id":"https:\/\/eltecolote.org\/content\/es\/basta-ya\/#primaryimage"},"thumbnailUrl":"https:\/\/i0.wp.com\/eltecolote.org\/content\/wp-content\/uploads\/2016\/07\/Bloody-cuffs_03web.jpg?fit=864%2C576&quality=89&ssl=1","keywords":["Aiyana Jones","Alan Blueford","Alejandro Nieto","Alton Sterling","Amilcar Perez-Lopez","Anthony Nu\u00f1ez","brutalidad y violencia polic\u00edaca","Eric Garner","Freddie Gray","Jessica Williams","Justus Howell","Luis Gongora","Malissa Williams","Oscar Grant","Pedro Villanueva","Philando Castile","Ramarley Graham","Rekia Boyd","Sandra Bland","Shelly Frey","Tamir Rice","Tanisha Anderson","Timothy Russell","Yvette Smith"],"articleSection":["Opini\u00f3n","Voces"],"inLanguage":"en","potentialAction":[{"@type":"CommentAction","name":"Comment","target":["https:\/\/eltecolote.org\/content\/es\/basta-ya\/#respond"]}]},{"@type":"WebPage","@id":"https:\/\/eltecolote.org\/content\/es\/basta-ya\/","url":"https:\/\/eltecolote.org\/content\/es\/basta-ya\/","name":"Basta ya - El Tecolote","isPartOf":{"@id":"https:\/\/eltecolote.org\/content\/#website"},"primaryImageOfPage":{"@id":"https:\/\/eltecolote.org\/content\/es\/basta-ya\/#primaryimage"},"image":{"@id":"https:\/\/eltecolote.org\/content\/es\/basta-ya\/#primaryimage"},"thumbnailUrl":"https:\/\/i0.wp.com\/eltecolote.org\/content\/wp-content\/uploads\/2016\/07\/Bloody-cuffs_03web.jpg?fit=864%2C576&quality=89&ssl=1","datePublished":"2016-07-14T22:30:32+00:00","description":"Nuestras voces ser\u00e1n escuchadas As\u00ed es como este tipo de historias suelen comenzar: Los manifestantes cerraron un tramo de la autopista 880 en Oakland,","inLanguage":"en","potentialAction":[{"@type":"ReadAction","target":["https:\/\/eltecolote.org\/content\/es\/basta-ya\/"]}]},{"@type":"ImageObject","inLanguage":"en","@id":"https:\/\/eltecolote.org\/content\/es\/basta-ya\/#primaryimage","url":"https:\/\/i0.wp.com\/eltecolote.org\/content\/wp-content\/uploads\/2016\/07\/Bloody-cuffs_03web.jpg?fit=864%2C576&quality=89&ssl=1","contentUrl":"https:\/\/i0.wp.com\/eltecolote.org\/content\/wp-content\/uploads\/2016\/07\/Bloody-cuffs_03web.jpg?fit=864%2C576&quality=89&ssl=1","width":864,"height":576},{"@type":"WebSite","@id":"https:\/\/eltecolote.org\/content\/#website","url":"https:\/\/eltecolote.org\/content\/","name":"El Tecolote","description":"San Francisco's Latinx newspaper since 1970","publisher":{"@id":"https:\/\/eltecolote.org\/content\/#organization"},"potentialAction":[{"@type":"SearchAction","target":{"@type":"EntryPoint","urlTemplate":"https:\/\/eltecolote.org\/content\/?s={search_term_string}"},"query-input":{"@type":"PropertyValueSpecification","valueRequired":true,"valueName":"search_term_string"}}],"inLanguage":"en"},{"@type":"Organization","@id":"https:\/\/eltecolote.org\/content\/#organization","name":"El Tecolote","url":"https:\/\/eltecolote.org\/content\/","logo":{"@type":"ImageObject","inLanguage":"en","@id":"https:\/\/eltecolote.org\/content\/#\/schema\/logo\/image\/","url":"https:\/\/i0.wp.com\/eltecolote.org\/content\/wp-content\/uploads\/2021\/05\/ETlogo-1.jpg?fit=400%2C400&ssl=1","contentUrl":"https:\/\/i0.wp.com\/eltecolote.org\/content\/wp-content\/uploads\/2021\/05\/ETlogo-1.jpg?fit=400%2C400&ssl=1","width":400,"height":400,"caption":"El Tecolote"},"image":{"@id":"https:\/\/eltecolote.org\/content\/#\/schema\/logo\/image\/"},"sameAs":["https:\/\/www.facebook.com\/ElTecoloteSF\/","https:\/\/x.com\/eltecolotesf","https:\/\/www.instagram.com\/eltecolotesf\/"]},{"@type":"Person","@id":"https:\/\/eltecolote.org\/content\/#\/schema\/person\/08828d10185eba96895a8363a269410e","name":"El Tecolote Staff","image":{"@type":"ImageObject","inLanguage":"en","@id":"https:\/\/secure.gravatar.com\/avatar\/9534c92c8c908364e186a64d93efc86f62367109d1b07a3454facde655968589?s=96&d=mm&r=g6afcb607783e095e4cf6be807353924d","url":"https:\/\/secure.gravatar.com\/avatar\/9534c92c8c908364e186a64d93efc86f62367109d1b07a3454facde655968589?s=96&d=mm&r=g","contentUrl":"https:\/\/secure.gravatar.com\/avatar\/9534c92c8c908364e186a64d93efc86f62367109d1b07a3454facde655968589?s=96&d=mm&r=g","caption":"El Tecolote Staff"},"url":"https:\/\/eltecolote.org\/content\/author\/web-editor\/"}]}},"distributor_meta":false,"distributor_terms":false,"distributor_media":false,"distributor_original_site_name":"El Tecolote","distributor_original_site_url":"https:\/\/eltecolote.org\/content","push-errors":false,"_links":{"self":[{"href":"https:\/\/eltecolote.org\/content\/wp-json\/wp\/v2\/posts\/31011","targetHints":{"allow":["GET"]}}],"collection":[{"href":"https:\/\/eltecolote.org\/content\/wp-json\/wp\/v2\/posts"}],"about":[{"href":"https:\/\/eltecolote.org\/content\/wp-json\/wp\/v2\/types\/post"}],"author":[{"embeddable":true,"href":"https:\/\/eltecolote.org\/content\/wp-json\/wp\/v2\/users\/35"}],"replies":[{"embeddable":true,"href":"https:\/\/eltecolote.org\/content\/wp-json\/wp\/v2\/comments?post=31011"}],"version-history":[{"count":1,"href":"https:\/\/eltecolote.org\/content\/wp-json\/wp\/v2\/posts\/31011\/revisions"}],"predecessor-version":[{"id":31045,"href":"https:\/\/eltecolote.org\/content\/wp-json\/wp\/v2\/posts\/31011\/revisions\/31045"}],"wp:featuredmedia":[{"embeddable":true,"href":"https:\/\/eltecolote.org\/content\/wp-json\/wp\/v2\/media\/31044"}],"wp:attachment":[{"href":"https:\/\/eltecolote.org\/content\/wp-json\/wp\/v2\/media?parent=31011"}],"wp:term":[{"taxonomy":"category","embeddable":true,"href":"https:\/\/eltecolote.org\/content\/wp-json\/wp\/v2\/categories?post=31011"},{"taxonomy":"post_tag","embeddable":true,"href":"https:\/\/eltecolote.org\/content\/wp-json\/wp\/v2\/tags?post=31011"},{"taxonomy":"author","embeddable":true,"href":"https:\/\/eltecolote.org\/content\/wp-json\/wp\/v2\/coauthors?post=31011"}],"curies":[{"name":"wp","href":"https:\/\/api.w.org\/{rel}","templated":true}]}}