{"id":30920,"date":"2016-07-14T12:23:26","date_gmt":"2016-07-14T19:23:26","guid":{"rendered":"http:\/\/eltecolote.org\/content\/?p=30920"},"modified":"2016-07-14T12:23:26","modified_gmt":"2016-07-14T19:23:26","slug":"tribunal-supremo-pone-fin-a-reforma-migratoria-de-obama","status":"publish","type":"post","link":"https:\/\/eltecolote.org\/content\/es\/tribunal-supremo-pone-fin-a-reforma-migratoria-de-obama\/","title":{"rendered":"Tribunal Supremo pone fin a reforma migratoria de Obama"},"content":{"rendered":"<figure id=\"attachment_30921\" aria-describedby=\"caption-attachment-30921\" style=\"width: 864px\" class=\"wp-caption aligncenter\"><a href=\"https:\/\/i0.wp.com\/eltecolote.org\/content\/wp-content\/uploads\/2016\/07\/DACA_01web-1.jpg?quality=89&#038;ssl=1\"><img data-recalc-dims=\"1\" loading=\"lazy\" decoding=\"async\" class=\"size-full wp-image-30921\" src=\"https:\/\/i0.wp.com\/eltecolote.org\/content\/wp-content\/uploads\/2016\/07\/DACA_01web-1.jpg?resize=864%2C576&#038;quality=89&#038;ssl=1\" alt=\"Conferencia de prensa organizada por las coaliciones Free SF y SFILEN afuera del Edificio de las Mujeres en San Francisco, el 23 de junio, en respuesta al veredicto de la Suprema Corte respecto a DAPA y Expansi\u00f3n de DACA. Foto courtes\u00eda California Immigrant Youth Justice Alliance\" width=\"864\" height=\"576\" srcset=\"https:\/\/i0.wp.com\/eltecolote.org\/content\/wp-content\/uploads\/2016\/07\/DACA_01web-1.jpg?w=864&amp;quality=89&amp;ssl=1 864w, https:\/\/i0.wp.com\/eltecolote.org\/content\/wp-content\/uploads\/2016\/07\/DACA_01web-1.jpg?resize=600%2C400&amp;quality=89&amp;ssl=1 600w, https:\/\/i0.wp.com\/eltecolote.org\/content\/wp-content\/uploads\/2016\/07\/DACA_01web-1.jpg?resize=360%2C240&amp;quality=89&amp;ssl=1 360w, https:\/\/i0.wp.com\/eltecolote.org\/content\/wp-content\/uploads\/2016\/07\/DACA_01web-1.jpg?resize=768%2C512&amp;quality=89&amp;ssl=1 768w\" sizes=\"auto, (max-width: 864px) 100vw, 864px\" \/><\/a><figcaption id=\"caption-attachment-30921\" class=\"wp-caption-text\">Conferencia de prensa organizada por las coaliciones Free SF y SFILEN afuera del Edificio de las Mujeres en San Francisco, el 23 de junio, en respuesta al veredicto de la Suprema Corte respecto a DAPA y Expansi\u00f3n de DACA. Foto courtes\u00eda California Immigrant Youth Justice Alliance<\/figcaption><\/figure>\n<p class=\"p1\">El 23 de junio, los ocho jueces del Tribunal Supremo llegaron a una decisi\u00f3n dividida\u00a0 4-4, respaldando de manera efectiva la decisi\u00f3n de un tribunal inferior que anteriormente bloque\u00f3 la acci\u00f3n ejecutiva del presidente Barack Obama sobre la Acci\u00f3n Diferida (DAPA) y la Acci\u00f3n Diferida Ampliada (DACA).<br \/>\n<b><\/b><\/p>\n<p class=\"p5\">Dicho fallo afecta a millones de inmigrantes indocumentados que hubieran quedado protegidos de deportaci\u00f3n y con posibilidad de obtener permisos de trabajo una vez entrando en vigor DAPA y DACA.<\/p>\n<p class=\"p5\">\u201cPor supuesto que quer\u00edamos que el Tribunal Supremo nos hubiera dado una decisi\u00f3n m\u00e1s positiva\u201d, dijo Amanda Alvarado Ford, abogada de inmigraci\u00f3n en La Raza Centro Legal, durante una conferencia de prensa de la New America Media el 7 de julio. \u201cPor desgracia no lo hicieron, pero nuestro mensaje es que no debemos perder la esperanza\u201d.<\/p>\n<p class=\"p5\">La decisi\u00f3n o el \u201cno acuerdo\u201d del tribunal es frustrante para las partes implicadas. Poco despu\u00e9s de que Obama anunciara su<span class=\"Apple-converted-space\">\u00a0 \u00a0 \u00a0 <\/span>acci\u00f3n ejecutiva DAPA y su ampliaci\u00f3n, DACA, en noviembre de 2014, Texas y otros 25 estados presentaron una demanda ante la Corte de Distrito de los EEUU para el Distrito Sur de Texas, en la Divisi\u00f3n de Brownsville, afirmando que el presidente excedi\u00f3 su autoridad ejecutiva constitucional.<\/p>\n<p class=\"p5\">El juez federal de Texas, Andrew S. Hanen, emiti\u00f3 un bloqueo temporal a DAPA y DACA, que el gobierno de Obama apel\u00f3 sin \u00e9xito en la corte de distrito. El 9 de noviembre de 2015, la Corte del Quinto Circuito en Louisiana confirm\u00f3 el fallo del tribunal de distrito en contra de la administraci\u00f3n de Obama, envi\u00e1ndola a la Corte Suprema.<\/p>\n<p class=\"p5\">Luego, despu\u00e9s de la muerte del juez del Tribunal Supremo Antonin Scalia en febrero, quedaron ocho jueces del Tribunal Supremo, dando la posibilidad de una posible divisi\u00f3n en sus fallos judiciales, que fue precisamente lo que ocurri\u00f3 con DAPA y DACA.<\/p>\n<p class=\"p5\">Las personas que todav\u00eda son elegibles para DACA (programa que ofrece dos a\u00f1os de residencia legal) son inmigrantes indocumentados nacidos a partir del 15 de junio de 1981, que llegaron a los EEUU antes de cumplir 16 a\u00f1os, y que han vivido en el pa\u00eds desde el 15 de junio 2007. Las expansiones DAPA y DACA habr\u00edan ofrecido protecci\u00f3n temporal a los padres indocumentados de ni\u00f1os ciudadanos estadounidenses o residentes permanentes legales nacidos en o antes del 20 de noviembre de 2014, y los padres que han vivido en este pa\u00eds desde el 1 de enero 2010. La expansi\u00f3n de DACA hubiera incluido a inmigrantes indocumentados tra\u00eddos a los EEUU antes de enero de 2010, siendo ni\u00f1os.<\/p>\n<p class=\"p5\">\u201cPor lo que vi, una gran cantidad de miembros de la comunidad que habr\u00edan calificado potencialmente ya hab\u00edan manifestado que [DAPA y DACA] eran buenas, pero no las tomar\u00edan por ciertas hasta realmente ver esto\u201d, dijo Ana Morales, receptora de DACA. \u201cEste tipo de reiteraci\u00f3n de que existe desconfianza en la comunidad, y con esta decisi\u00f3n se reiter\u00f3 esta idea de que nada positivo realmente ven\u00eda de nuestro gobierno. As\u00ed que fue realmente triste verlo no s\u00f3lo por eso, sino porque muchas de las familias habr\u00edan calificado\u201d.<\/p>\n<p class=\"p5\">Sin embargo, a pesar de la falta de acuerdo de la Suprema Corte, el programa original DACA, que entr\u00f3 en vigor en 2012, todav\u00eda est\u00e1 disponible para los millones de personas que son elegibles y no se ver\u00e1n afectadas por la decisi\u00f3n.<\/p>\n<p class=\"p5\">\u201cQueremos reiterar que el programa DACA 2012 sigue siendo viable y es un programa digno de confianza\u201d, dijo Annette Wong de Chinese for Affirmative Action. \u201cEs un programa en el que la gente debe ingresar y buscar servicios\u201d.<\/p>\n<p class=\"p5\">En 2012, se hizo un estimado de 1.2 millones (en la actualidad 1.7 millones de personas) elegibles para DACA; Morales, que lleg\u00f3 a los EEUU en 1999 desde M\u00e9xico a la edad de 8 a\u00f1os, fue uno de ellos.<\/p>\n<p class=\"p5\">Ahora con 25 a\u00f1os de edad, Morales reconoce que es privilegiada por tener la oportunidad de solicitar DACA, lo que le permiti\u00f3 viajar de regreso a M\u00e9xico en marzo para visitar a su abuela enferma, la mujer que ayud\u00f3 en su crianza, en Michoac\u00e1n.<\/p>\n<p class=\"p5\">\u201cFue muy triste, no necesariamente por m\u00ed, pero por saber que mi madre no puede ir. Ella no tiene esta oportunidad de aplicar de forma sencilla y\u2026 concederse el ir a visitarla [mi abuela]\u201d, dijo Morales. \u201cMe di cuenta de que soy privilegiada, al poder aplicar e ir. Es algo que mucha gente no puede hacer\u2026 salir del pa\u00eds y poder regresar de nuevo\u201d.<\/p>\n","protected":false},"excerpt":{"rendered":"<p>El 23 de junio, los ocho jueces del Tribunal Supremo llegaron a una decisi\u00f3n dividida\u00a0 4-4, respaldando de manera efectiva la decisi\u00f3n de un tribunal inferior que anteriormente bloque\u00f3 la acci\u00f3n ejecutiva del presidente Barack Obama sobre la Acci\u00f3n Diferida (DAPA) y la Acci\u00f3n Diferida Ampliada (DACA). Dicho fallo afecta a millones de inmigrantes indocumentados [&hellip;]<\/p>\n","protected":false},"author":35,"featured_media":30921,"comment_status":"open","ping_status":"closed","sticky":false,"template":"","format":"standard","meta":{"newspack_popups_has_disabled_popups":false,"newspack_featured_image_position":"","newspack_post_subtitle":"","newspack_article_summary_title":"Overview:","newspack_article_summary":"","newspack_hide_updated_date":false,"newspack_show_updated_date":false,"footnotes":""},"categories":[3578,3519],"tags":[10787,10789,7109,7099,3865,4067,6767,4203,9405,10791,10793],"coauthors":[],"class_list":["post-30920","post","type-post","status-publish","format-standard","has-post-thumbnail","hentry","category-inmigracion-noticias","category-noticias","tag-amanda-alvarado-ford-es","tag-ana-morales-es","tag-annette-wong","tag-barack-obama-es","tag-daca-es","tag-dapa","tag-new-america-media-es","tag-obama-es","tag-presidente-obama-es","tag-tribunal-supremo-es","tag-u-s-supreme-court-es","entry"],"yoast_head":"<!-- This site is optimized with the Yoast SEO plugin v27.5 - https:\/\/yoast.com\/product\/yoast-seo-wordpress\/ -->\n<title>Tribunal Supremo pone fin a reforma migratoria de Obama - El Tecolote<\/title>\n<meta name=\"description\" content=\"El 23 de junio, los ocho jueces del Tribunal Supremo llegaron a una decisi\u00f3n dividida\u00a0 4-4, respaldando de manera efectiva la decisi\u00f3n de un tribunal\" \/>\n<meta name=\"robots\" content=\"index, follow, max-snippet:-1, max-image-preview:large, max-video-preview:-1\" \/>\n<link rel=\"canonical\" href=\"https:\/\/eltecolote.org\/content\/es\/tribunal-supremo-pone-fin-a-reforma-migratoria-de-obama\/\" \/>\n<meta property=\"og:locale\" content=\"en_US\" \/>\n<meta property=\"og:type\" content=\"article\" \/>\n<meta property=\"og:title\" content=\"Tribunal Supremo pone fin a reforma migratoria de Obama - El Tecolote\" \/>\n<meta property=\"og:description\" content=\"El 23 de junio, los ocho jueces del Tribunal Supremo llegaron a una decisi\u00f3n dividida\u00a0 4-4, respaldando de manera efectiva la decisi\u00f3n de un tribunal\" \/>\n<meta property=\"og:url\" content=\"https:\/\/eltecolote.org\/content\/es\/tribunal-supremo-pone-fin-a-reforma-migratoria-de-obama\/\" \/>\n<meta property=\"og:site_name\" content=\"El Tecolote\" \/>\n<meta property=\"article:publisher\" content=\"https:\/\/www.facebook.com\/ElTecoloteSF\/\" \/>\n<meta property=\"article:published_time\" content=\"2016-07-14T19:23:26+00:00\" \/>\n<meta property=\"og:image\" content=\"https:\/\/i0.wp.com\/eltecolote.org\/content\/wp-content\/uploads\/2016\/07\/DACA_01web-1.jpg?fit=864%2C576&ssl=1\" \/>\n\t<meta property=\"og:image:width\" content=\"864\" \/>\n\t<meta property=\"og:image:height\" content=\"576\" \/>\n\t<meta property=\"og:image:type\" content=\"image\/jpeg\" \/>\n<meta name=\"author\" content=\"El Tecolote Staff\" \/>\n<meta name=\"twitter:card\" content=\"summary_large_image\" \/>\n<meta name=\"twitter:creator\" content=\"@eltecolotesf\" \/>\n<meta name=\"twitter:site\" content=\"@eltecolotesf\" \/>\n<meta name=\"twitter:label1\" content=\"Written by\" \/>\n\t<meta name=\"twitter:data1\" content=\"El Tecolote Staff\" \/>\n\t<meta name=\"twitter:label2\" content=\"Est. reading time\" \/>\n\t<meta name=\"twitter:data2\" content=\"4 minutes\" \/>\n<script type=\"application\/ld+json\" class=\"yoast-schema-graph\">{\"@context\":\"https:\\\/\\\/schema.org\",\"@graph\":[{\"@type\":\"NewsArticle\",\"@id\":\"https:\\\/\\\/eltecolote.org\\\/content\\\/es\\\/tribunal-supremo-pone-fin-a-reforma-migratoria-de-obama\\\/#article\",\"isPartOf\":{\"@id\":\"https:\\\/\\\/eltecolote.org\\\/content\\\/es\\\/tribunal-supremo-pone-fin-a-reforma-migratoria-de-obama\\\/\"},\"author\":{\"name\":\"El Tecolote Staff\",\"@id\":\"https:\\\/\\\/eltecolote.org\\\/content\\\/#\\\/schema\\\/person\\\/08828d10185eba96895a8363a269410e\"},\"headline\":\"Tribunal Supremo pone fin a reforma migratoria de Obama\",\"datePublished\":\"2016-07-14T19:23:26+00:00\",\"mainEntityOfPage\":{\"@id\":\"https:\\\/\\\/eltecolote.org\\\/content\\\/es\\\/tribunal-supremo-pone-fin-a-reforma-migratoria-de-obama\\\/\"},\"wordCount\":820,\"commentCount\":0,\"publisher\":{\"@id\":\"https:\\\/\\\/eltecolote.org\\\/content\\\/#organization\"},\"image\":{\"@id\":\"https:\\\/\\\/eltecolote.org\\\/content\\\/es\\\/tribunal-supremo-pone-fin-a-reforma-migratoria-de-obama\\\/#primaryimage\"},\"thumbnailUrl\":\"https:\\\/\\\/i0.wp.com\\\/eltecolote.org\\\/content\\\/wp-content\\\/uploads\\\/2016\\\/07\\\/DACA_01web-1.jpg?fit=864%2C576&quality=89&ssl=1\",\"keywords\":[\"Amanda Alvarado Ford\",\"Ana Morales\",\"Annette Wong\",\"Barack Obama\",\"DACA\",\"DAPA\",\"New America Media\",\"Obama\",\"Presidente Obama\",\"Tribunal Supremo\",\"U.S. Supreme Court\"],\"articleSection\":[\"Inmigraci\u00f3n\",\"Noticias\"],\"inLanguage\":\"en\",\"potentialAction\":[{\"@type\":\"CommentAction\",\"name\":\"Comment\",\"target\":[\"https:\\\/\\\/eltecolote.org\\\/content\\\/es\\\/tribunal-supremo-pone-fin-a-reforma-migratoria-de-obama\\\/#respond\"]}]},{\"@type\":\"WebPage\",\"@id\":\"https:\\\/\\\/eltecolote.org\\\/content\\\/es\\\/tribunal-supremo-pone-fin-a-reforma-migratoria-de-obama\\\/\",\"url\":\"https:\\\/\\\/eltecolote.org\\\/content\\\/es\\\/tribunal-supremo-pone-fin-a-reforma-migratoria-de-obama\\\/\",\"name\":\"Tribunal Supremo pone fin a reforma migratoria de Obama - El Tecolote\",\"isPartOf\":{\"@id\":\"https:\\\/\\\/eltecolote.org\\\/content\\\/#website\"},\"primaryImageOfPage\":{\"@id\":\"https:\\\/\\\/eltecolote.org\\\/content\\\/es\\\/tribunal-supremo-pone-fin-a-reforma-migratoria-de-obama\\\/#primaryimage\"},\"image\":{\"@id\":\"https:\\\/\\\/eltecolote.org\\\/content\\\/es\\\/tribunal-supremo-pone-fin-a-reforma-migratoria-de-obama\\\/#primaryimage\"},\"thumbnailUrl\":\"https:\\\/\\\/i0.wp.com\\\/eltecolote.org\\\/content\\\/wp-content\\\/uploads\\\/2016\\\/07\\\/DACA_01web-1.jpg?fit=864%2C576&quality=89&ssl=1\",\"datePublished\":\"2016-07-14T19:23:26+00:00\",\"description\":\"El 23 de junio, los ocho jueces del Tribunal Supremo llegaron a una decisi\u00f3n dividida\u00a0 4-4, respaldando de manera efectiva la decisi\u00f3n de un tribunal\",\"inLanguage\":\"en\",\"potentialAction\":[{\"@type\":\"ReadAction\",\"target\":[\"https:\\\/\\\/eltecolote.org\\\/content\\\/es\\\/tribunal-supremo-pone-fin-a-reforma-migratoria-de-obama\\\/\"]}]},{\"@type\":\"ImageObject\",\"inLanguage\":\"en\",\"@id\":\"https:\\\/\\\/eltecolote.org\\\/content\\\/es\\\/tribunal-supremo-pone-fin-a-reforma-migratoria-de-obama\\\/#primaryimage\",\"url\":\"https:\\\/\\\/i0.wp.com\\\/eltecolote.org\\\/content\\\/wp-content\\\/uploads\\\/2016\\\/07\\\/DACA_01web-1.jpg?fit=864%2C576&quality=89&ssl=1\",\"contentUrl\":\"https:\\\/\\\/i0.wp.com\\\/eltecolote.org\\\/content\\\/wp-content\\\/uploads\\\/2016\\\/07\\\/DACA_01web-1.jpg?fit=864%2C576&quality=89&ssl=1\",\"width\":864,\"height\":576,\"caption\":\"Conferencia de prensa organizada por las coaliciones Free SF y SFILEN afuera del Edificio de las Mujeres en San Francisco, el 23 de junio, en respuesta al veredicto de la Suprema Corte respecto a DAPA y Expansi\u00f3n de DACA. Foto courtes\u00eda California Immigrant Youth Justice Alliance\"},{\"@type\":\"WebSite\",\"@id\":\"https:\\\/\\\/eltecolote.org\\\/content\\\/#website\",\"url\":\"https:\\\/\\\/eltecolote.org\\\/content\\\/\",\"name\":\"El Tecolote\",\"description\":\"San Francisco's Latinx newspaper since 1970\",\"publisher\":{\"@id\":\"https:\\\/\\\/eltecolote.org\\\/content\\\/#organization\"},\"potentialAction\":[{\"@type\":\"SearchAction\",\"target\":{\"@type\":\"EntryPoint\",\"urlTemplate\":\"https:\\\/\\\/eltecolote.org\\\/content\\\/?s={search_term_string}\"},\"query-input\":{\"@type\":\"PropertyValueSpecification\",\"valueRequired\":true,\"valueName\":\"search_term_string\"}}],\"inLanguage\":\"en\"},{\"@type\":\"Organization\",\"@id\":\"https:\\\/\\\/eltecolote.org\\\/content\\\/#organization\",\"name\":\"El Tecolote\",\"url\":\"https:\\\/\\\/eltecolote.org\\\/content\\\/\",\"logo\":{\"@type\":\"ImageObject\",\"inLanguage\":\"en\",\"@id\":\"https:\\\/\\\/eltecolote.org\\\/content\\\/#\\\/schema\\\/logo\\\/image\\\/\",\"url\":\"https:\\\/\\\/i0.wp.com\\\/eltecolote.org\\\/content\\\/wp-content\\\/uploads\\\/2021\\\/05\\\/ETlogo-1.jpg?fit=400%2C400&ssl=1\",\"contentUrl\":\"https:\\\/\\\/i0.wp.com\\\/eltecolote.org\\\/content\\\/wp-content\\\/uploads\\\/2021\\\/05\\\/ETlogo-1.jpg?fit=400%2C400&ssl=1\",\"width\":400,\"height\":400,\"caption\":\"El Tecolote\"},\"image\":{\"@id\":\"https:\\\/\\\/eltecolote.org\\\/content\\\/#\\\/schema\\\/logo\\\/image\\\/\"},\"sameAs\":[\"https:\\\/\\\/www.facebook.com\\\/ElTecoloteSF\\\/\",\"https:\\\/\\\/x.com\\\/eltecolotesf\",\"https:\\\/\\\/www.instagram.com\\\/eltecolotesf\\\/\"]},{\"@type\":\"Person\",\"@id\":\"https:\\\/\\\/eltecolote.org\\\/content\\\/#\\\/schema\\\/person\\\/08828d10185eba96895a8363a269410e\",\"name\":\"El Tecolote Staff\",\"image\":{\"@type\":\"ImageObject\",\"inLanguage\":\"en\",\"@id\":\"https:\\\/\\\/secure.gravatar.com\\\/avatar\\\/9534c92c8c908364e186a64d93efc86f62367109d1b07a3454facde655968589?s=96&d=mm&r=g6afcb607783e095e4cf6be807353924d\",\"url\":\"https:\\\/\\\/secure.gravatar.com\\\/avatar\\\/9534c92c8c908364e186a64d93efc86f62367109d1b07a3454facde655968589?s=96&d=mm&r=g\",\"contentUrl\":\"https:\\\/\\\/secure.gravatar.com\\\/avatar\\\/9534c92c8c908364e186a64d93efc86f62367109d1b07a3454facde655968589?s=96&d=mm&r=g\",\"caption\":\"El Tecolote Staff\"},\"url\":\"https:\\\/\\\/eltecolote.org\\\/content\\\/author\\\/web-editor\\\/\"}]}<\/script>\n<!-- \/ Yoast SEO plugin. -->","yoast_head_json":{"title":"Tribunal Supremo pone fin a reforma migratoria de Obama - El Tecolote","description":"El 23 de junio, los ocho jueces del Tribunal Supremo llegaron a una decisi\u00f3n dividida\u00a0 4-4, respaldando de manera efectiva la decisi\u00f3n de un tribunal","robots":{"index":"index","follow":"follow","max-snippet":"max-snippet:-1","max-image-preview":"max-image-preview:large","max-video-preview":"max-video-preview:-1"},"canonical":"https:\/\/eltecolote.org\/content\/es\/tribunal-supremo-pone-fin-a-reforma-migratoria-de-obama\/","og_locale":"en_US","og_type":"article","og_title":"Tribunal Supremo pone fin a reforma migratoria de Obama - El Tecolote","og_description":"El 23 de junio, los ocho jueces del Tribunal Supremo llegaron a una decisi\u00f3n dividida\u00a0 4-4, respaldando de manera efectiva la decisi\u00f3n de un tribunal","og_url":"https:\/\/eltecolote.org\/content\/es\/tribunal-supremo-pone-fin-a-reforma-migratoria-de-obama\/","og_site_name":"El Tecolote","article_publisher":"https:\/\/www.facebook.com\/ElTecoloteSF\/","article_published_time":"2016-07-14T19:23:26+00:00","og_image":[{"width":864,"height":576,"url":"https:\/\/i0.wp.com\/eltecolote.org\/content\/wp-content\/uploads\/2016\/07\/DACA_01web-1.jpg?fit=864%2C576&ssl=1","type":"image\/jpeg"}],"author":"El Tecolote Staff","twitter_card":"summary_large_image","twitter_creator":"@eltecolotesf","twitter_site":"@eltecolotesf","twitter_misc":{"Written by":"El Tecolote Staff","Est. reading time":"4 minutes"},"schema":{"@context":"https:\/\/schema.org","@graph":[{"@type":"NewsArticle","@id":"https:\/\/eltecolote.org\/content\/es\/tribunal-supremo-pone-fin-a-reforma-migratoria-de-obama\/#article","isPartOf":{"@id":"https:\/\/eltecolote.org\/content\/es\/tribunal-supremo-pone-fin-a-reforma-migratoria-de-obama\/"},"author":{"name":"El Tecolote Staff","@id":"https:\/\/eltecolote.org\/content\/#\/schema\/person\/08828d10185eba96895a8363a269410e"},"headline":"Tribunal Supremo pone fin a reforma migratoria de Obama","datePublished":"2016-07-14T19:23:26+00:00","mainEntityOfPage":{"@id":"https:\/\/eltecolote.org\/content\/es\/tribunal-supremo-pone-fin-a-reforma-migratoria-de-obama\/"},"wordCount":820,"commentCount":0,"publisher":{"@id":"https:\/\/eltecolote.org\/content\/#organization"},"image":{"@id":"https:\/\/eltecolote.org\/content\/es\/tribunal-supremo-pone-fin-a-reforma-migratoria-de-obama\/#primaryimage"},"thumbnailUrl":"https:\/\/i0.wp.com\/eltecolote.org\/content\/wp-content\/uploads\/2016\/07\/DACA_01web-1.jpg?fit=864%2C576&quality=89&ssl=1","keywords":["Amanda Alvarado Ford","Ana Morales","Annette Wong","Barack Obama","DACA","DAPA","New America Media","Obama","Presidente Obama","Tribunal Supremo","U.S. Supreme Court"],"articleSection":["Inmigraci\u00f3n","Noticias"],"inLanguage":"en","potentialAction":[{"@type":"CommentAction","name":"Comment","target":["https:\/\/eltecolote.org\/content\/es\/tribunal-supremo-pone-fin-a-reforma-migratoria-de-obama\/#respond"]}]},{"@type":"WebPage","@id":"https:\/\/eltecolote.org\/content\/es\/tribunal-supremo-pone-fin-a-reforma-migratoria-de-obama\/","url":"https:\/\/eltecolote.org\/content\/es\/tribunal-supremo-pone-fin-a-reforma-migratoria-de-obama\/","name":"Tribunal Supremo pone fin a reforma migratoria de Obama - El Tecolote","isPartOf":{"@id":"https:\/\/eltecolote.org\/content\/#website"},"primaryImageOfPage":{"@id":"https:\/\/eltecolote.org\/content\/es\/tribunal-supremo-pone-fin-a-reforma-migratoria-de-obama\/#primaryimage"},"image":{"@id":"https:\/\/eltecolote.org\/content\/es\/tribunal-supremo-pone-fin-a-reforma-migratoria-de-obama\/#primaryimage"},"thumbnailUrl":"https:\/\/i0.wp.com\/eltecolote.org\/content\/wp-content\/uploads\/2016\/07\/DACA_01web-1.jpg?fit=864%2C576&quality=89&ssl=1","datePublished":"2016-07-14T19:23:26+00:00","description":"El 23 de junio, los ocho jueces del Tribunal Supremo llegaron a una decisi\u00f3n dividida\u00a0 4-4, respaldando de manera efectiva la decisi\u00f3n de un tribunal","inLanguage":"en","potentialAction":[{"@type":"ReadAction","target":["https:\/\/eltecolote.org\/content\/es\/tribunal-supremo-pone-fin-a-reforma-migratoria-de-obama\/"]}]},{"@type":"ImageObject","inLanguage":"en","@id":"https:\/\/eltecolote.org\/content\/es\/tribunal-supremo-pone-fin-a-reforma-migratoria-de-obama\/#primaryimage","url":"https:\/\/i0.wp.com\/eltecolote.org\/content\/wp-content\/uploads\/2016\/07\/DACA_01web-1.jpg?fit=864%2C576&quality=89&ssl=1","contentUrl":"https:\/\/i0.wp.com\/eltecolote.org\/content\/wp-content\/uploads\/2016\/07\/DACA_01web-1.jpg?fit=864%2C576&quality=89&ssl=1","width":864,"height":576,"caption":"Conferencia de prensa organizada por las coaliciones Free SF y SFILEN afuera del Edificio de las Mujeres en San Francisco, el 23 de junio, en respuesta al veredicto de la Suprema Corte respecto a DAPA y Expansi\u00f3n de DACA. Foto courtes\u00eda California Immigrant Youth Justice Alliance"},{"@type":"WebSite","@id":"https:\/\/eltecolote.org\/content\/#website","url":"https:\/\/eltecolote.org\/content\/","name":"El Tecolote","description":"San Francisco's Latinx newspaper since 1970","publisher":{"@id":"https:\/\/eltecolote.org\/content\/#organization"},"potentialAction":[{"@type":"SearchAction","target":{"@type":"EntryPoint","urlTemplate":"https:\/\/eltecolote.org\/content\/?s={search_term_string}"},"query-input":{"@type":"PropertyValueSpecification","valueRequired":true,"valueName":"search_term_string"}}],"inLanguage":"en"},{"@type":"Organization","@id":"https:\/\/eltecolote.org\/content\/#organization","name":"El Tecolote","url":"https:\/\/eltecolote.org\/content\/","logo":{"@type":"ImageObject","inLanguage":"en","@id":"https:\/\/eltecolote.org\/content\/#\/schema\/logo\/image\/","url":"https:\/\/i0.wp.com\/eltecolote.org\/content\/wp-content\/uploads\/2021\/05\/ETlogo-1.jpg?fit=400%2C400&ssl=1","contentUrl":"https:\/\/i0.wp.com\/eltecolote.org\/content\/wp-content\/uploads\/2021\/05\/ETlogo-1.jpg?fit=400%2C400&ssl=1","width":400,"height":400,"caption":"El Tecolote"},"image":{"@id":"https:\/\/eltecolote.org\/content\/#\/schema\/logo\/image\/"},"sameAs":["https:\/\/www.facebook.com\/ElTecoloteSF\/","https:\/\/x.com\/eltecolotesf","https:\/\/www.instagram.com\/eltecolotesf\/"]},{"@type":"Person","@id":"https:\/\/eltecolote.org\/content\/#\/schema\/person\/08828d10185eba96895a8363a269410e","name":"El Tecolote Staff","image":{"@type":"ImageObject","inLanguage":"en","@id":"https:\/\/secure.gravatar.com\/avatar\/9534c92c8c908364e186a64d93efc86f62367109d1b07a3454facde655968589?s=96&d=mm&r=g6afcb607783e095e4cf6be807353924d","url":"https:\/\/secure.gravatar.com\/avatar\/9534c92c8c908364e186a64d93efc86f62367109d1b07a3454facde655968589?s=96&d=mm&r=g","contentUrl":"https:\/\/secure.gravatar.com\/avatar\/9534c92c8c908364e186a64d93efc86f62367109d1b07a3454facde655968589?s=96&d=mm&r=g","caption":"El Tecolote Staff"},"url":"https:\/\/eltecolote.org\/content\/author\/web-editor\/"}]}},"distributor_meta":false,"distributor_terms":false,"distributor_media":false,"distributor_original_site_name":"El Tecolote","distributor_original_site_url":"https:\/\/eltecolote.org\/content","push-errors":false,"_links":{"self":[{"href":"https:\/\/eltecolote.org\/content\/wp-json\/wp\/v2\/posts\/30920","targetHints":{"allow":["GET"]}}],"collection":[{"href":"https:\/\/eltecolote.org\/content\/wp-json\/wp\/v2\/posts"}],"about":[{"href":"https:\/\/eltecolote.org\/content\/wp-json\/wp\/v2\/types\/post"}],"author":[{"embeddable":true,"href":"https:\/\/eltecolote.org\/content\/wp-json\/wp\/v2\/users\/35"}],"replies":[{"embeddable":true,"href":"https:\/\/eltecolote.org\/content\/wp-json\/wp\/v2\/comments?post=30920"}],"version-history":[{"count":1,"href":"https:\/\/eltecolote.org\/content\/wp-json\/wp\/v2\/posts\/30920\/revisions"}],"predecessor-version":[{"id":30922,"href":"https:\/\/eltecolote.org\/content\/wp-json\/wp\/v2\/posts\/30920\/revisions\/30922"}],"wp:featuredmedia":[{"embeddable":true,"href":"https:\/\/eltecolote.org\/content\/wp-json\/wp\/v2\/media\/30921"}],"wp:attachment":[{"href":"https:\/\/eltecolote.org\/content\/wp-json\/wp\/v2\/media?parent=30920"}],"wp:term":[{"taxonomy":"category","embeddable":true,"href":"https:\/\/eltecolote.org\/content\/wp-json\/wp\/v2\/categories?post=30920"},{"taxonomy":"post_tag","embeddable":true,"href":"https:\/\/eltecolote.org\/content\/wp-json\/wp\/v2\/tags?post=30920"},{"taxonomy":"author","embeddable":true,"href":"https:\/\/eltecolote.org\/content\/wp-json\/wp\/v2\/coauthors?post=30920"}],"curies":[{"name":"wp","href":"https:\/\/api.w.org\/{rel}","templated":true}]}}