{"id":30260,"date":"2016-05-19T12:50:46","date_gmt":"2016-05-19T19:50:46","guid":{"rendered":"http:\/\/eltecolote.org\/content\/?p=30260"},"modified":"2016-05-19T12:50:46","modified_gmt":"2016-05-19T19:50:46","slug":"manifestantes-llaman-a-boicotear-restaurantes-corporativos","status":"publish","type":"post","link":"https:\/\/eltecolote.org\/content\/es\/manifestantes-llaman-a-boicotear-restaurantes-corporativos\/","title":{"rendered":"Manifestantes llaman a boicotear restaurantes corporativos"},"content":{"rendered":"<p>[su_youtube url=&#8221;https:\/\/www.youtube.com\/watch?v=b1q2MzzDvaU&#8221;]<\/p>\n<p>Alrededor de 200 manifestantes se dieron cita en el Ayuntamiento el 9 de mayo para realizar una manifestaci\u00f3n pac\u00edfica con el prop\u00f3sito de pedir alcalde Ed Lee despedir al jefe del SFPD, Greg Suhr, y convocar al boicot a restaurantes corporativos en San Francisco hasta que Suhr se vaya.<\/p>\n<p>La manifestaci\u00f3n se produjo tres d\u00edas posteriores a una protesta similar durante la cual, polic\u00eda y manifestantes se enfrentaron afuera del Ayuntamiento, dando lugar a 33 detenciones y varios lesionados, entre ellos dos periodistas de <em>El Tecolote<\/em>.<\/p>\n<p>Y todo ello se produjo a dos d\u00edas de que un grupo de cinco huelguistas, conocido como \u2018Frisco 5\u2019, se vieron forzados a suspender su huelga de hambre contra la brutalidad policial debido a problemas de salud.<\/p>\n<p>La frustraci\u00f3n por parte de los participantes en cada manifestaci\u00f3n se debe a una serie de tiroteos con resultados fatales en los que ha intervenido la polic\u00eda de San Francisco en los \u00faltimos a\u00f1os.<\/p>\n<p>\u201cHan pasado dos a\u00f1os desde que mataron a mi hijo&#8221;, dijo Elvira Nieto, cuyo hijo, Alex Nieto, recibi\u00f3 59 disparos por parte de la polic\u00eda de San Francisco en Bernal Hill Park. \u201cNada se ha hecho, por lo que estamos aqu\u00ed apoyando a los manifestantes y a las personas que han ca\u00eddo como Mario Woods y Luis G\u00f3ngora [el indigente que fue muerto a tiros por polic\u00eda de San Francisco el 7 de abril]&#8221;.<\/p>\n<p>Durante la protesta del lunes cerca de treinta participantes caminaron bajo un solo canto &#8220;El pueblo unido jam\u00e1s ser\u00e1 vencido&#8221;. A ellos se unieron otros con carteles que ped\u00edan el despido de Suhr as\u00ed como terminar con el racismo al interior del departamento de polic\u00eda.<\/p>\n<p>A medida que los manifestantes coreaban en voz alta, agentes de la polic\u00eda que estaban de guardia afuera del Ayuntamiento sonre\u00edan y re\u00edan entre s\u00ed, algunos cubri\u00e9ndose la boca mientras hablaban entre ellos.<\/p>\n<p>\u201cEllos creen que es broma, no es una broma. Creen que es un juego, no es un juego\u201d, coreaba en voz alta el grupo de apasionados manifestantes en respuesta a la risa de los oficiales.<\/p>\n<p>Alrededor del mediod\u00eda, los manifestantes marcharon alrededor de Ayuntamiento diecisiete veces, en representaci\u00f3n del n\u00famero de d\u00edas que los \u2018Frisco 5\u2019 se abstuvieron de comer.<\/p>\n<p>&#8220;Hoy es un boicot, y que el alcalde Ed Lee venga a hablar con nosotros&#8221;, dijo Victor Picazo, un simpatizante de los Frisco 5. &#8220;Necesitamos que el departamento de polic\u00eda despida al jefe Suhr&#8230; Despu\u00e9s, podr\u00edamos construir una nueva polic\u00eda [fuerza], porque lo que est\u00e1n haciendo en este momento es asesinar, asesinatos directos. Todos lo ven, pero veo que eso sucede m\u00e1s en las comunidades de negros y morenos, en las comunidades pobres\u201d.<\/p>\n<p>El Departamento de Polic\u00eda de San Francisco ha estado bajo fuerte escrutinio en los \u00faltimos a\u00f1os. Adem\u00e1s de los homicidios policiales, el m\u00e1s reciente esc\u00e1ndalo de los mensajes de texto racistas revel\u00f3 c\u00f3mo tres agentes del SFPD se refieren a los latinos como \u201cbeaners&#8221; y a los negros como &#8220;niggers\u201d. Y tal como el <em>SF Examiner<\/em> inform\u00f3 el 9 de mayo, el sargento Lawrence Kempinski, con 17 a\u00f1os de trayectoria, enfrenta cargos disciplinarios y posible despido despu\u00e9s de que compa\u00f1eros oficiales informaron que Kempinski dijo que s\u00f3lo se transfiri\u00f3 a la estaci\u00f3n de Bayview para &#8220;matar a negros\u201d.<\/p>\n<p>\u201cRealmente me gustar\u00eda un di\u00e1logo abierto [con la polic\u00eda de San Francisco] por c\u00f3mo las personas de color son tratadas\u201d, dijo Praveen Sinha de Families Open Circle, que asisti\u00f3 a la manifestaci\u00f3n. \u201cLa raz\u00f3n por la que digo esto es porque si nos fijamos en las estad\u00edsticas, cada persona que han matado en San Francisco ha sido de color. No hay una persona blanca. \u00bfPor qu\u00e9 es eso? Creo que necesitamos una polic\u00eda responsable y creo que por lo menos los polic\u00edas detr\u00e1s del gatillo deben ser expulsados de la fuerza policial. Se va a requerir que toda la ciudad se una para que esto suceda. La huelga de hambre fue s\u00f3lo un primer paso\u201d.<\/p>\n","protected":false},"excerpt":{"rendered":"<p>[su_youtube url=&#8221;https:\/\/www.youtube.com\/watch?v=b1q2MzzDvaU&#8221;] Alrededor de 200 manifestantes se dieron cita en el Ayuntamiento el 9 de mayo para realizar una manifestaci\u00f3n pac\u00edfica con el prop\u00f3sito de pedir alcalde Ed Lee despedir al jefe del SFPD, Greg Suhr, y convocar al boicot a restaurantes corporativos en San Francisco hasta que Suhr se vaya. La manifestaci\u00f3n se produjo [&hellip;]<\/p>\n","protected":false},"author":35,"featured_media":30261,"comment_status":"open","ping_status":"closed","sticky":false,"template":"","format":"standard","meta":{"newspack_popups_has_disabled_popups":false,"newspack_featured_image_position":"","newspack_post_subtitle":"","newspack_article_summary_title":"Overview:","newspack_article_summary":"","newspack_hide_updated_date":false,"newspack_show_updated_date":false,"footnotes":""},"categories":[3519],"tags":[4909,9769,4197,9773,9623,6189,9775,9455,7361,9771,9777,3950,9779],"coauthors":[],"class_list":["post-30260","post","type-post","status-publish","format-standard","has-post-thumbnail","hentry","category-noticias","tag-alex-nieto-es","tag-boicot","tag-ed-lee-es","tag-families-open-circle-es","tag-frisco-5-es","tag-greg-suhr-es","tag-lawrence-kempinski-es","tag-luis-gongora-es","tag-mario-woods","tag-mensajes-de-texto-racistas","tag-praveen-sinha-es","tag-sfpd-es","tag-victor-picazo-es","entry"],"yoast_head":"<!-- This site is optimized with the Yoast SEO plugin v27.5 - https:\/\/yoast.com\/product\/yoast-seo-wordpress\/ -->\n<title>Manifestantes llaman a boicotear restaurantes corporativos - El Tecolote<\/title>\n<meta name=\"description\" content=\"Alrededor de 200 manifestantes se dieron cita en el Ayuntamiento el 9 de mayo para realizar una manifestaci\u00f3n pac\u00edfica con el prop\u00f3sito de pedir alcalde\" \/>\n<meta name=\"robots\" content=\"index, follow, max-snippet:-1, max-image-preview:large, max-video-preview:-1\" \/>\n<link rel=\"canonical\" href=\"https:\/\/eltecolote.org\/content\/es\/manifestantes-llaman-a-boicotear-restaurantes-corporativos\/\" \/>\n<meta property=\"og:locale\" content=\"en_US\" \/>\n<meta property=\"og:type\" content=\"article\" \/>\n<meta property=\"og:title\" content=\"Manifestantes llaman a boicotear restaurantes corporativos - El Tecolote\" \/>\n<meta property=\"og:description\" content=\"Alrededor de 200 manifestantes se dieron cita en el Ayuntamiento el 9 de mayo para realizar una manifestaci\u00f3n pac\u00edfica con el prop\u00f3sito de pedir alcalde\" \/>\n<meta property=\"og:url\" content=\"https:\/\/eltecolote.org\/content\/es\/manifestantes-llaman-a-boicotear-restaurantes-corporativos\/\" \/>\n<meta property=\"og:site_name\" content=\"El Tecolote\" \/>\n<meta property=\"article:publisher\" content=\"https:\/\/www.facebook.com\/ElTecoloteSF\/\" \/>\n<meta property=\"article:published_time\" content=\"2016-05-19T19:50:46+00:00\" \/>\n<meta property=\"og:image\" content=\"https:\/\/i0.wp.com\/eltecolote.org\/content\/wp-content\/uploads\/2016\/05\/Screen-Shot-2016-05-18-at-7.47.02-PM-600x337-1.jpg?fit=600%2C337&ssl=1\" \/>\n\t<meta property=\"og:image:width\" content=\"600\" \/>\n\t<meta property=\"og:image:height\" content=\"337\" \/>\n\t<meta property=\"og:image:type\" content=\"image\/jpeg\" \/>\n<meta name=\"author\" content=\"El Tecolote Staff\" \/>\n<meta name=\"twitter:card\" content=\"summary_large_image\" \/>\n<meta name=\"twitter:creator\" content=\"@eltecolotesf\" \/>\n<meta name=\"twitter:site\" content=\"@eltecolotesf\" \/>\n<meta name=\"twitter:label1\" content=\"Written by\" \/>\n\t<meta name=\"twitter:data1\" content=\"El Tecolote Staff\" \/>\n\t<meta name=\"twitter:label2\" content=\"Est. reading time\" \/>\n\t<meta name=\"twitter:data2\" content=\"4 minutes\" \/>\n<script type=\"application\/ld+json\" class=\"yoast-schema-graph\">{\"@context\":\"https:\\\/\\\/schema.org\",\"@graph\":[{\"@type\":\"NewsArticle\",\"@id\":\"https:\\\/\\\/eltecolote.org\\\/content\\\/es\\\/manifestantes-llaman-a-boicotear-restaurantes-corporativos\\\/#article\",\"isPartOf\":{\"@id\":\"https:\\\/\\\/eltecolote.org\\\/content\\\/es\\\/manifestantes-llaman-a-boicotear-restaurantes-corporativos\\\/\"},\"author\":{\"name\":\"El Tecolote Staff\",\"@id\":\"https:\\\/\\\/eltecolote.org\\\/content\\\/#\\\/schema\\\/person\\\/08828d10185eba96895a8363a269410e\"},\"headline\":\"Manifestantes llaman a boicotear restaurantes corporativos\",\"datePublished\":\"2016-05-19T19:50:46+00:00\",\"mainEntityOfPage\":{\"@id\":\"https:\\\/\\\/eltecolote.org\\\/content\\\/es\\\/manifestantes-llaman-a-boicotear-restaurantes-corporativos\\\/\"},\"wordCount\":718,\"commentCount\":0,\"publisher\":{\"@id\":\"https:\\\/\\\/eltecolote.org\\\/content\\\/#organization\"},\"image\":{\"@id\":\"https:\\\/\\\/eltecolote.org\\\/content\\\/es\\\/manifestantes-llaman-a-boicotear-restaurantes-corporativos\\\/#primaryimage\"},\"thumbnailUrl\":\"https:\\\/\\\/i0.wp.com\\\/eltecolote.org\\\/content\\\/wp-content\\\/uploads\\\/2016\\\/05\\\/Screen-Shot-2016-05-18-at-7.47.02-PM-600x337-1.jpg?fit=600%2C337&quality=89&ssl=1\",\"keywords\":[\"Alex Nieto\",\"boicot\",\"Ed Lee\",\"Families Open Circle\",\"Frisco 5\",\"Greg Suhr\",\"Lawrence Kempinski\",\"Luis Gongora\",\"Mario Woods\",\"mensajes de texto racistas\",\"Praveen Sinha\",\"SFPD\",\"Victor Picazo\"],\"articleSection\":[\"Noticias\"],\"inLanguage\":\"en\",\"potentialAction\":[{\"@type\":\"CommentAction\",\"name\":\"Comment\",\"target\":[\"https:\\\/\\\/eltecolote.org\\\/content\\\/es\\\/manifestantes-llaman-a-boicotear-restaurantes-corporativos\\\/#respond\"]}]},{\"@type\":\"WebPage\",\"@id\":\"https:\\\/\\\/eltecolote.org\\\/content\\\/es\\\/manifestantes-llaman-a-boicotear-restaurantes-corporativos\\\/\",\"url\":\"https:\\\/\\\/eltecolote.org\\\/content\\\/es\\\/manifestantes-llaman-a-boicotear-restaurantes-corporativos\\\/\",\"name\":\"Manifestantes llaman a boicotear restaurantes corporativos - El Tecolote\",\"isPartOf\":{\"@id\":\"https:\\\/\\\/eltecolote.org\\\/content\\\/#website\"},\"primaryImageOfPage\":{\"@id\":\"https:\\\/\\\/eltecolote.org\\\/content\\\/es\\\/manifestantes-llaman-a-boicotear-restaurantes-corporativos\\\/#primaryimage\"},\"image\":{\"@id\":\"https:\\\/\\\/eltecolote.org\\\/content\\\/es\\\/manifestantes-llaman-a-boicotear-restaurantes-corporativos\\\/#primaryimage\"},\"thumbnailUrl\":\"https:\\\/\\\/i0.wp.com\\\/eltecolote.org\\\/content\\\/wp-content\\\/uploads\\\/2016\\\/05\\\/Screen-Shot-2016-05-18-at-7.47.02-PM-600x337-1.jpg?fit=600%2C337&quality=89&ssl=1\",\"datePublished\":\"2016-05-19T19:50:46+00:00\",\"description\":\"Alrededor de 200 manifestantes se dieron cita en el Ayuntamiento el 9 de mayo para realizar una manifestaci\u00f3n pac\u00edfica con el prop\u00f3sito de pedir alcalde\",\"inLanguage\":\"en\",\"potentialAction\":[{\"@type\":\"ReadAction\",\"target\":[\"https:\\\/\\\/eltecolote.org\\\/content\\\/es\\\/manifestantes-llaman-a-boicotear-restaurantes-corporativos\\\/\"]}]},{\"@type\":\"ImageObject\",\"inLanguage\":\"en\",\"@id\":\"https:\\\/\\\/eltecolote.org\\\/content\\\/es\\\/manifestantes-llaman-a-boicotear-restaurantes-corporativos\\\/#primaryimage\",\"url\":\"https:\\\/\\\/i0.wp.com\\\/eltecolote.org\\\/content\\\/wp-content\\\/uploads\\\/2016\\\/05\\\/Screen-Shot-2016-05-18-at-7.47.02-PM-600x337-1.jpg?fit=600%2C337&quality=89&ssl=1\",\"contentUrl\":\"https:\\\/\\\/i0.wp.com\\\/eltecolote.org\\\/content\\\/wp-content\\\/uploads\\\/2016\\\/05\\\/Screen-Shot-2016-05-18-at-7.47.02-PM-600x337-1.jpg?fit=600%2C337&quality=89&ssl=1\",\"width\":600,\"height\":337},{\"@type\":\"WebSite\",\"@id\":\"https:\\\/\\\/eltecolote.org\\\/content\\\/#website\",\"url\":\"https:\\\/\\\/eltecolote.org\\\/content\\\/\",\"name\":\"El Tecolote\",\"description\":\"San Francisco's Latinx newspaper since 1970\",\"publisher\":{\"@id\":\"https:\\\/\\\/eltecolote.org\\\/content\\\/#organization\"},\"potentialAction\":[{\"@type\":\"SearchAction\",\"target\":{\"@type\":\"EntryPoint\",\"urlTemplate\":\"https:\\\/\\\/eltecolote.org\\\/content\\\/?s={search_term_string}\"},\"query-input\":{\"@type\":\"PropertyValueSpecification\",\"valueRequired\":true,\"valueName\":\"search_term_string\"}}],\"inLanguage\":\"en\"},{\"@type\":\"Organization\",\"@id\":\"https:\\\/\\\/eltecolote.org\\\/content\\\/#organization\",\"name\":\"El Tecolote\",\"url\":\"https:\\\/\\\/eltecolote.org\\\/content\\\/\",\"logo\":{\"@type\":\"ImageObject\",\"inLanguage\":\"en\",\"@id\":\"https:\\\/\\\/eltecolote.org\\\/content\\\/#\\\/schema\\\/logo\\\/image\\\/\",\"url\":\"https:\\\/\\\/i0.wp.com\\\/eltecolote.org\\\/content\\\/wp-content\\\/uploads\\\/2021\\\/05\\\/ETlogo-1.jpg?fit=400%2C400&ssl=1\",\"contentUrl\":\"https:\\\/\\\/i0.wp.com\\\/eltecolote.org\\\/content\\\/wp-content\\\/uploads\\\/2021\\\/05\\\/ETlogo-1.jpg?fit=400%2C400&ssl=1\",\"width\":400,\"height\":400,\"caption\":\"El Tecolote\"},\"image\":{\"@id\":\"https:\\\/\\\/eltecolote.org\\\/content\\\/#\\\/schema\\\/logo\\\/image\\\/\"},\"sameAs\":[\"https:\\\/\\\/www.facebook.com\\\/ElTecoloteSF\\\/\",\"https:\\\/\\\/x.com\\\/eltecolotesf\",\"https:\\\/\\\/www.instagram.com\\\/eltecolotesf\\\/\"]},{\"@type\":\"Person\",\"@id\":\"https:\\\/\\\/eltecolote.org\\\/content\\\/#\\\/schema\\\/person\\\/08828d10185eba96895a8363a269410e\",\"name\":\"El Tecolote Staff\",\"image\":{\"@type\":\"ImageObject\",\"inLanguage\":\"en\",\"@id\":\"https:\\\/\\\/secure.gravatar.com\\\/avatar\\\/9534c92c8c908364e186a64d93efc86f62367109d1b07a3454facde655968589?s=96&d=mm&r=g6afcb607783e095e4cf6be807353924d\",\"url\":\"https:\\\/\\\/secure.gravatar.com\\\/avatar\\\/9534c92c8c908364e186a64d93efc86f62367109d1b07a3454facde655968589?s=96&d=mm&r=g\",\"contentUrl\":\"https:\\\/\\\/secure.gravatar.com\\\/avatar\\\/9534c92c8c908364e186a64d93efc86f62367109d1b07a3454facde655968589?s=96&d=mm&r=g\",\"caption\":\"El Tecolote Staff\"},\"url\":\"https:\\\/\\\/eltecolote.org\\\/content\\\/author\\\/web-editor\\\/\"}]}<\/script>\n<!-- \/ Yoast SEO plugin. -->","yoast_head_json":{"title":"Manifestantes llaman a boicotear restaurantes corporativos - El Tecolote","description":"Alrededor de 200 manifestantes se dieron cita en el Ayuntamiento el 9 de mayo para realizar una manifestaci\u00f3n pac\u00edfica con el prop\u00f3sito de pedir alcalde","robots":{"index":"index","follow":"follow","max-snippet":"max-snippet:-1","max-image-preview":"max-image-preview:large","max-video-preview":"max-video-preview:-1"},"canonical":"https:\/\/eltecolote.org\/content\/es\/manifestantes-llaman-a-boicotear-restaurantes-corporativos\/","og_locale":"en_US","og_type":"article","og_title":"Manifestantes llaman a boicotear restaurantes corporativos - El Tecolote","og_description":"Alrededor de 200 manifestantes se dieron cita en el Ayuntamiento el 9 de mayo para realizar una manifestaci\u00f3n pac\u00edfica con el prop\u00f3sito de pedir alcalde","og_url":"https:\/\/eltecolote.org\/content\/es\/manifestantes-llaman-a-boicotear-restaurantes-corporativos\/","og_site_name":"El Tecolote","article_publisher":"https:\/\/www.facebook.com\/ElTecoloteSF\/","article_published_time":"2016-05-19T19:50:46+00:00","og_image":[{"width":600,"height":337,"url":"https:\/\/i0.wp.com\/eltecolote.org\/content\/wp-content\/uploads\/2016\/05\/Screen-Shot-2016-05-18-at-7.47.02-PM-600x337-1.jpg?fit=600%2C337&ssl=1","type":"image\/jpeg"}],"author":"El Tecolote Staff","twitter_card":"summary_large_image","twitter_creator":"@eltecolotesf","twitter_site":"@eltecolotesf","twitter_misc":{"Written by":"El Tecolote Staff","Est. reading time":"4 minutes"},"schema":{"@context":"https:\/\/schema.org","@graph":[{"@type":"NewsArticle","@id":"https:\/\/eltecolote.org\/content\/es\/manifestantes-llaman-a-boicotear-restaurantes-corporativos\/#article","isPartOf":{"@id":"https:\/\/eltecolote.org\/content\/es\/manifestantes-llaman-a-boicotear-restaurantes-corporativos\/"},"author":{"name":"El Tecolote Staff","@id":"https:\/\/eltecolote.org\/content\/#\/schema\/person\/08828d10185eba96895a8363a269410e"},"headline":"Manifestantes llaman a boicotear restaurantes corporativos","datePublished":"2016-05-19T19:50:46+00:00","mainEntityOfPage":{"@id":"https:\/\/eltecolote.org\/content\/es\/manifestantes-llaman-a-boicotear-restaurantes-corporativos\/"},"wordCount":718,"commentCount":0,"publisher":{"@id":"https:\/\/eltecolote.org\/content\/#organization"},"image":{"@id":"https:\/\/eltecolote.org\/content\/es\/manifestantes-llaman-a-boicotear-restaurantes-corporativos\/#primaryimage"},"thumbnailUrl":"https:\/\/i0.wp.com\/eltecolote.org\/content\/wp-content\/uploads\/2016\/05\/Screen-Shot-2016-05-18-at-7.47.02-PM-600x337-1.jpg?fit=600%2C337&quality=89&ssl=1","keywords":["Alex Nieto","boicot","Ed Lee","Families Open Circle","Frisco 5","Greg Suhr","Lawrence Kempinski","Luis Gongora","Mario Woods","mensajes de texto racistas","Praveen Sinha","SFPD","Victor Picazo"],"articleSection":["Noticias"],"inLanguage":"en","potentialAction":[{"@type":"CommentAction","name":"Comment","target":["https:\/\/eltecolote.org\/content\/es\/manifestantes-llaman-a-boicotear-restaurantes-corporativos\/#respond"]}]},{"@type":"WebPage","@id":"https:\/\/eltecolote.org\/content\/es\/manifestantes-llaman-a-boicotear-restaurantes-corporativos\/","url":"https:\/\/eltecolote.org\/content\/es\/manifestantes-llaman-a-boicotear-restaurantes-corporativos\/","name":"Manifestantes llaman a boicotear restaurantes corporativos - El Tecolote","isPartOf":{"@id":"https:\/\/eltecolote.org\/content\/#website"},"primaryImageOfPage":{"@id":"https:\/\/eltecolote.org\/content\/es\/manifestantes-llaman-a-boicotear-restaurantes-corporativos\/#primaryimage"},"image":{"@id":"https:\/\/eltecolote.org\/content\/es\/manifestantes-llaman-a-boicotear-restaurantes-corporativos\/#primaryimage"},"thumbnailUrl":"https:\/\/i0.wp.com\/eltecolote.org\/content\/wp-content\/uploads\/2016\/05\/Screen-Shot-2016-05-18-at-7.47.02-PM-600x337-1.jpg?fit=600%2C337&quality=89&ssl=1","datePublished":"2016-05-19T19:50:46+00:00","description":"Alrededor de 200 manifestantes se dieron cita en el Ayuntamiento el 9 de mayo para realizar una manifestaci\u00f3n pac\u00edfica con el prop\u00f3sito de pedir alcalde","inLanguage":"en","potentialAction":[{"@type":"ReadAction","target":["https:\/\/eltecolote.org\/content\/es\/manifestantes-llaman-a-boicotear-restaurantes-corporativos\/"]}]},{"@type":"ImageObject","inLanguage":"en","@id":"https:\/\/eltecolote.org\/content\/es\/manifestantes-llaman-a-boicotear-restaurantes-corporativos\/#primaryimage","url":"https:\/\/i0.wp.com\/eltecolote.org\/content\/wp-content\/uploads\/2016\/05\/Screen-Shot-2016-05-18-at-7.47.02-PM-600x337-1.jpg?fit=600%2C337&quality=89&ssl=1","contentUrl":"https:\/\/i0.wp.com\/eltecolote.org\/content\/wp-content\/uploads\/2016\/05\/Screen-Shot-2016-05-18-at-7.47.02-PM-600x337-1.jpg?fit=600%2C337&quality=89&ssl=1","width":600,"height":337},{"@type":"WebSite","@id":"https:\/\/eltecolote.org\/content\/#website","url":"https:\/\/eltecolote.org\/content\/","name":"El Tecolote","description":"San Francisco's Latinx newspaper since 1970","publisher":{"@id":"https:\/\/eltecolote.org\/content\/#organization"},"potentialAction":[{"@type":"SearchAction","target":{"@type":"EntryPoint","urlTemplate":"https:\/\/eltecolote.org\/content\/?s={search_term_string}"},"query-input":{"@type":"PropertyValueSpecification","valueRequired":true,"valueName":"search_term_string"}}],"inLanguage":"en"},{"@type":"Organization","@id":"https:\/\/eltecolote.org\/content\/#organization","name":"El Tecolote","url":"https:\/\/eltecolote.org\/content\/","logo":{"@type":"ImageObject","inLanguage":"en","@id":"https:\/\/eltecolote.org\/content\/#\/schema\/logo\/image\/","url":"https:\/\/i0.wp.com\/eltecolote.org\/content\/wp-content\/uploads\/2021\/05\/ETlogo-1.jpg?fit=400%2C400&ssl=1","contentUrl":"https:\/\/i0.wp.com\/eltecolote.org\/content\/wp-content\/uploads\/2021\/05\/ETlogo-1.jpg?fit=400%2C400&ssl=1","width":400,"height":400,"caption":"El Tecolote"},"image":{"@id":"https:\/\/eltecolote.org\/content\/#\/schema\/logo\/image\/"},"sameAs":["https:\/\/www.facebook.com\/ElTecoloteSF\/","https:\/\/x.com\/eltecolotesf","https:\/\/www.instagram.com\/eltecolotesf\/"]},{"@type":"Person","@id":"https:\/\/eltecolote.org\/content\/#\/schema\/person\/08828d10185eba96895a8363a269410e","name":"El Tecolote Staff","image":{"@type":"ImageObject","inLanguage":"en","@id":"https:\/\/secure.gravatar.com\/avatar\/9534c92c8c908364e186a64d93efc86f62367109d1b07a3454facde655968589?s=96&d=mm&r=g6afcb607783e095e4cf6be807353924d","url":"https:\/\/secure.gravatar.com\/avatar\/9534c92c8c908364e186a64d93efc86f62367109d1b07a3454facde655968589?s=96&d=mm&r=g","contentUrl":"https:\/\/secure.gravatar.com\/avatar\/9534c92c8c908364e186a64d93efc86f62367109d1b07a3454facde655968589?s=96&d=mm&r=g","caption":"El Tecolote Staff"},"url":"https:\/\/eltecolote.org\/content\/author\/web-editor\/"}]}},"distributor_meta":false,"distributor_terms":false,"distributor_media":false,"distributor_original_site_name":"El Tecolote","distributor_original_site_url":"https:\/\/eltecolote.org\/content","push-errors":false,"_links":{"self":[{"href":"https:\/\/eltecolote.org\/content\/wp-json\/wp\/v2\/posts\/30260","targetHints":{"allow":["GET"]}}],"collection":[{"href":"https:\/\/eltecolote.org\/content\/wp-json\/wp\/v2\/posts"}],"about":[{"href":"https:\/\/eltecolote.org\/content\/wp-json\/wp\/v2\/types\/post"}],"author":[{"embeddable":true,"href":"https:\/\/eltecolote.org\/content\/wp-json\/wp\/v2\/users\/35"}],"replies":[{"embeddable":true,"href":"https:\/\/eltecolote.org\/content\/wp-json\/wp\/v2\/comments?post=30260"}],"version-history":[{"count":1,"href":"https:\/\/eltecolote.org\/content\/wp-json\/wp\/v2\/posts\/30260\/revisions"}],"predecessor-version":[{"id":30262,"href":"https:\/\/eltecolote.org\/content\/wp-json\/wp\/v2\/posts\/30260\/revisions\/30262"}],"wp:featuredmedia":[{"embeddable":true,"href":"https:\/\/eltecolote.org\/content\/wp-json\/wp\/v2\/media\/30261"}],"wp:attachment":[{"href":"https:\/\/eltecolote.org\/content\/wp-json\/wp\/v2\/media?parent=30260"}],"wp:term":[{"taxonomy":"category","embeddable":true,"href":"https:\/\/eltecolote.org\/content\/wp-json\/wp\/v2\/categories?post=30260"},{"taxonomy":"post_tag","embeddable":true,"href":"https:\/\/eltecolote.org\/content\/wp-json\/wp\/v2\/tags?post=30260"},{"taxonomy":"author","embeddable":true,"href":"https:\/\/eltecolote.org\/content\/wp-json\/wp\/v2\/coauthors?post=30260"}],"curies":[{"name":"wp","href":"https:\/\/api.w.org\/{rel}","templated":true}]}}