{"id":29782,"date":"2016-03-24T13:39:36","date_gmt":"2016-03-24T20:39:36","guid":{"rendered":"http:\/\/eltecolote.org\/content\/?p=29782"},"modified":"2016-03-24T13:39:36","modified_gmt":"2016-03-24T20:39:36","slug":"incomoda-que-uc-berkeley-invite-a-economista-relacionado-con-pinochet","status":"publish","type":"post","link":"https:\/\/eltecolote.org\/content\/es\/incomoda-que-uc-berkeley-invite-a-economista-relacionado-con-pinochet\/","title":{"rendered":"Incomoda que UC Berkeley invite a economista relacionado con Pinochet"},"content":{"rendered":"<p>Estimado Editor,<\/p>\n<p>Considero atroz ver que el Campus de la Universidad de Berkeley ha extendido una invitaci\u00f3n al chileno Felipe Kast. El senor Kast, ex miembro del partido pol\u00edtico de Pinochet, UDI, y su familia, fueron y son tambi\u00e9n conocidos partidarios y colaboradores de la dictadura de Pinochet.<\/p>\n<p>Felipe Kast est\u00e1 programado para hablar a las 3 de la tarde el 1 de abril de 2016, como parte de la S\u00e9ptima Conferencia Latinoamericana de Negocios en la Escuela Haas de Negocios de la Asociaci\u00f3n de Negocios Latinos e Hispanos (LAHBA, por sus siglas en ingles), en el Memorial Stadium, 210 Stadium Rim Way Berkeley, CA 94720.<\/p>\n<p>[Informes de prensa han relacionado a] la familia del se\u00f1or Kast con la matanza de veintid\u00f3s familias en Paine, al sur de Chile. Obviamente, Kast no puede ser responsable por las acciones de su familia. Pero, como miembro del Congreso y ex defensor de Pinochet, se ha negado en repetidas ocasiones a hablar de este horrendo crimen.<br \/>\nDespu\u00e9s de cuarenta a\u00f1os, las familias de Paine siguen buscando justicia y a sus familiares desaparecidos. Es hora de que se enfrente este problema, sobre todo en Berkeley, donde una gran mayor\u00eda de la comunidad chilena lleg\u00f3 escapando del sangriento r\u00e9gimen de Pinochet.<\/p>\n<p>Sinceramente,<br \/>\nHector Salgado,<br \/>\nSantiago, Chile<\/p>\n","protected":false},"excerpt":{"rendered":"<p>Estimado Editor, Considero atroz ver que el Campus de la Universidad de Berkeley ha extendido una invitaci\u00f3n al chileno Felipe Kast. El senor Kast, ex miembro del partido pol\u00edtico de Pinochet, UDI, y su familia, fueron y son tambi\u00e9n conocidos partidarios y colaboradores de la dictadura de Pinochet. Felipe Kast est\u00e1 programado para hablar a [&hellip;]<\/p>\n","protected":false},"author":35,"featured_media":29783,"comment_status":"open","ping_status":"closed","sticky":false,"template":"","format":"standard","meta":{"newspack_popups_has_disabled_popups":false,"newspack_featured_image_position":"","newspack_post_subtitle":"","newspack_article_summary_title":"Overview:","newspack_article_summary":"","newspack_hide_updated_date":false,"newspack_show_updated_date":false,"footnotes":""},"categories":[3549,3531],"tags":[8725,8721,4869,8727,8729,8731,8733,8735,8723,8737],"coauthors":[],"class_list":["post-29782","post","type-post","status-publish","format-standard","has-post-thumbnail","hentry","category-cartas","category-voces","tag-lahba-es","tag-campus-de-la-universidad-de-berkeley","tag-chile-es","tag-felipe-kast-es","tag-hector-salgado-es","tag-paine-es","tag-pinochet-es","tag-pinochet-regime-es","tag-septima-conferencia-latinoamericana-de-negocios-en-la-escuela-haas-de-negocios-de-la-asociacion-de-negocios-latinos-e-hispanos","tag-udi-es","entry"],"yoast_head":"<!-- This site is optimized with the Yoast SEO plugin v27.4 - https:\/\/yoast.com\/product\/yoast-seo-wordpress\/ -->\n<title>Incomoda que UC Berkeley invite a economista relacionado con Pinochet - El Tecolote<\/title>\n<meta name=\"description\" content=\"Estimado Editor, Considero atroz ver que el Campus de la Universidad de Berkeley ha extendido una invitaci\u00f3n al chileno Felipe Kast. El senor Kast, ex\" \/>\n<meta name=\"robots\" content=\"index, follow, max-snippet:-1, max-image-preview:large, max-video-preview:-1\" \/>\n<link rel=\"canonical\" href=\"https:\/\/eltecolote.org\/content\/es\/incomoda-que-uc-berkeley-invite-a-economista-relacionado-con-pinochet\/\" \/>\n<meta property=\"og:locale\" content=\"en_US\" \/>\n<meta property=\"og:type\" content=\"article\" \/>\n<meta property=\"og:title\" content=\"Incomoda que UC Berkeley invite a economista relacionado con Pinochet - El Tecolote\" \/>\n<meta property=\"og:description\" content=\"Estimado Editor, Considero atroz ver que el Campus de la Universidad de Berkeley ha extendido una invitaci\u00f3n al chileno Felipe Kast. El senor Kast, ex\" \/>\n<meta property=\"og:url\" content=\"https:\/\/eltecolote.org\/content\/es\/incomoda-que-uc-berkeley-invite-a-economista-relacionado-con-pinochet\/\" \/>\n<meta property=\"og:site_name\" content=\"El Tecolote\" \/>\n<meta property=\"article:publisher\" content=\"https:\/\/www.facebook.com\/ElTecoloteSF\/\" \/>\n<meta property=\"article:published_time\" content=\"2016-03-24T20:39:36+00:00\" \/>\n<meta property=\"og:image\" content=\"https:\/\/i0.wp.com\/eltecolote.org\/content\/wp-content\/uploads\/2016\/03\/letter-to-editor-1.png?fit=500%2C470&ssl=1\" \/>\n\t<meta property=\"og:image:width\" content=\"500\" \/>\n\t<meta property=\"og:image:height\" content=\"470\" \/>\n\t<meta property=\"og:image:type\" content=\"image\/png\" \/>\n<meta name=\"author\" content=\"El Tecolote Staff\" \/>\n<meta name=\"twitter:card\" content=\"summary_large_image\" \/>\n<meta name=\"twitter:creator\" content=\"@eltecolotesf\" \/>\n<meta name=\"twitter:site\" content=\"@eltecolotesf\" \/>\n<meta name=\"twitter:label1\" content=\"Written by\" \/>\n\t<meta name=\"twitter:data1\" content=\"El Tecolote Staff\" \/>\n\t<meta name=\"twitter:label2\" content=\"Est. reading time\" \/>\n\t<meta name=\"twitter:data2\" content=\"1 minute\" \/>\n<script type=\"application\/ld+json\" class=\"yoast-schema-graph\">{\"@context\":\"https:\\\/\\\/schema.org\",\"@graph\":[{\"@type\":\"NewsArticle\",\"@id\":\"https:\\\/\\\/eltecolote.org\\\/content\\\/es\\\/incomoda-que-uc-berkeley-invite-a-economista-relacionado-con-pinochet\\\/#article\",\"isPartOf\":{\"@id\":\"https:\\\/\\\/eltecolote.org\\\/content\\\/es\\\/incomoda-que-uc-berkeley-invite-a-economista-relacionado-con-pinochet\\\/\"},\"author\":{\"name\":\"El Tecolote Staff\",\"@id\":\"https:\\\/\\\/eltecolote.org\\\/content\\\/#\\\/schema\\\/person\\\/08828d10185eba96895a8363a269410e\"},\"headline\":\"Incomoda que UC Berkeley invite a economista relacionado con Pinochet\",\"datePublished\":\"2016-03-24T20:39:36+00:00\",\"mainEntityOfPage\":{\"@id\":\"https:\\\/\\\/eltecolote.org\\\/content\\\/es\\\/incomoda-que-uc-berkeley-invite-a-economista-relacionado-con-pinochet\\\/\"},\"wordCount\":227,\"commentCount\":0,\"publisher\":{\"@id\":\"https:\\\/\\\/eltecolote.org\\\/content\\\/#organization\"},\"image\":{\"@id\":\"https:\\\/\\\/eltecolote.org\\\/content\\\/es\\\/incomoda-que-uc-berkeley-invite-a-economista-relacionado-con-pinochet\\\/#primaryimage\"},\"thumbnailUrl\":\"https:\\\/\\\/i0.wp.com\\\/eltecolote.org\\\/content\\\/wp-content\\\/uploads\\\/2016\\\/03\\\/letter-to-editor-1.png?fit=500%2C470&quality=80&ssl=1\",\"keywords\":[\"(LAHBA)\",\"Campus de la Universidad de Berkeley\",\"chile\",\"Felipe Kast\",\"Hector Salgado\",\"Paine\",\"pinochet\",\"Pinochet regime\",\"S\u00e9ptima Conferencia Latinoamericana de Negocios en la Escuela Haas de Negocios de la Asociaci\u00f3n de Negocios Latinos e Hispanos\",\"UDI\"],\"articleSection\":[\"Cartas\",\"Voces\"],\"inLanguage\":\"en\",\"potentialAction\":[{\"@type\":\"CommentAction\",\"name\":\"Comment\",\"target\":[\"https:\\\/\\\/eltecolote.org\\\/content\\\/es\\\/incomoda-que-uc-berkeley-invite-a-economista-relacionado-con-pinochet\\\/#respond\"]}]},{\"@type\":\"WebPage\",\"@id\":\"https:\\\/\\\/eltecolote.org\\\/content\\\/es\\\/incomoda-que-uc-berkeley-invite-a-economista-relacionado-con-pinochet\\\/\",\"url\":\"https:\\\/\\\/eltecolote.org\\\/content\\\/es\\\/incomoda-que-uc-berkeley-invite-a-economista-relacionado-con-pinochet\\\/\",\"name\":\"Incomoda que UC Berkeley invite a economista relacionado con Pinochet - El Tecolote\",\"isPartOf\":{\"@id\":\"https:\\\/\\\/eltecolote.org\\\/content\\\/#website\"},\"primaryImageOfPage\":{\"@id\":\"https:\\\/\\\/eltecolote.org\\\/content\\\/es\\\/incomoda-que-uc-berkeley-invite-a-economista-relacionado-con-pinochet\\\/#primaryimage\"},\"image\":{\"@id\":\"https:\\\/\\\/eltecolote.org\\\/content\\\/es\\\/incomoda-que-uc-berkeley-invite-a-economista-relacionado-con-pinochet\\\/#primaryimage\"},\"thumbnailUrl\":\"https:\\\/\\\/i0.wp.com\\\/eltecolote.org\\\/content\\\/wp-content\\\/uploads\\\/2016\\\/03\\\/letter-to-editor-1.png?fit=500%2C470&quality=80&ssl=1\",\"datePublished\":\"2016-03-24T20:39:36+00:00\",\"description\":\"Estimado Editor, Considero atroz ver que el Campus de la Universidad de Berkeley ha extendido una invitaci\u00f3n al chileno Felipe Kast. El senor Kast, ex\",\"inLanguage\":\"en\",\"potentialAction\":[{\"@type\":\"ReadAction\",\"target\":[\"https:\\\/\\\/eltecolote.org\\\/content\\\/es\\\/incomoda-que-uc-berkeley-invite-a-economista-relacionado-con-pinochet\\\/\"]}]},{\"@type\":\"ImageObject\",\"inLanguage\":\"en\",\"@id\":\"https:\\\/\\\/eltecolote.org\\\/content\\\/es\\\/incomoda-que-uc-berkeley-invite-a-economista-relacionado-con-pinochet\\\/#primaryimage\",\"url\":\"https:\\\/\\\/i0.wp.com\\\/eltecolote.org\\\/content\\\/wp-content\\\/uploads\\\/2016\\\/03\\\/letter-to-editor-1.png?fit=500%2C470&quality=80&ssl=1\",\"contentUrl\":\"https:\\\/\\\/i0.wp.com\\\/eltecolote.org\\\/content\\\/wp-content\\\/uploads\\\/2016\\\/03\\\/letter-to-editor-1.png?fit=500%2C470&quality=80&ssl=1\",\"width\":500,\"height\":470},{\"@type\":\"WebSite\",\"@id\":\"https:\\\/\\\/eltecolote.org\\\/content\\\/#website\",\"url\":\"https:\\\/\\\/eltecolote.org\\\/content\\\/\",\"name\":\"El Tecolote\",\"description\":\"San Francisco's Latinx newspaper since 1970\",\"publisher\":{\"@id\":\"https:\\\/\\\/eltecolote.org\\\/content\\\/#organization\"},\"potentialAction\":[{\"@type\":\"SearchAction\",\"target\":{\"@type\":\"EntryPoint\",\"urlTemplate\":\"https:\\\/\\\/eltecolote.org\\\/content\\\/?s={search_term_string}\"},\"query-input\":{\"@type\":\"PropertyValueSpecification\",\"valueRequired\":true,\"valueName\":\"search_term_string\"}}],\"inLanguage\":\"en\"},{\"@type\":\"Organization\",\"@id\":\"https:\\\/\\\/eltecolote.org\\\/content\\\/#organization\",\"name\":\"El Tecolote\",\"url\":\"https:\\\/\\\/eltecolote.org\\\/content\\\/\",\"logo\":{\"@type\":\"ImageObject\",\"inLanguage\":\"en\",\"@id\":\"https:\\\/\\\/eltecolote.org\\\/content\\\/#\\\/schema\\\/logo\\\/image\\\/\",\"url\":\"https:\\\/\\\/i0.wp.com\\\/eltecolote.org\\\/content\\\/wp-content\\\/uploads\\\/2021\\\/05\\\/ETlogo-1.jpg?fit=400%2C400&ssl=1\",\"contentUrl\":\"https:\\\/\\\/i0.wp.com\\\/eltecolote.org\\\/content\\\/wp-content\\\/uploads\\\/2021\\\/05\\\/ETlogo-1.jpg?fit=400%2C400&ssl=1\",\"width\":400,\"height\":400,\"caption\":\"El Tecolote\"},\"image\":{\"@id\":\"https:\\\/\\\/eltecolote.org\\\/content\\\/#\\\/schema\\\/logo\\\/image\\\/\"},\"sameAs\":[\"https:\\\/\\\/www.facebook.com\\\/ElTecoloteSF\\\/\",\"https:\\\/\\\/x.com\\\/eltecolotesf\",\"https:\\\/\\\/www.instagram.com\\\/eltecolotesf\\\/\"]},{\"@type\":\"Person\",\"@id\":\"https:\\\/\\\/eltecolote.org\\\/content\\\/#\\\/schema\\\/person\\\/08828d10185eba96895a8363a269410e\",\"name\":\"El Tecolote Staff\",\"image\":{\"@type\":\"ImageObject\",\"inLanguage\":\"en\",\"@id\":\"https:\\\/\\\/secure.gravatar.com\\\/avatar\\\/9534c92c8c908364e186a64d93efc86f62367109d1b07a3454facde655968589?s=96&d=mm&r=g6afcb607783e095e4cf6be807353924d\",\"url\":\"https:\\\/\\\/secure.gravatar.com\\\/avatar\\\/9534c92c8c908364e186a64d93efc86f62367109d1b07a3454facde655968589?s=96&d=mm&r=g\",\"contentUrl\":\"https:\\\/\\\/secure.gravatar.com\\\/avatar\\\/9534c92c8c908364e186a64d93efc86f62367109d1b07a3454facde655968589?s=96&d=mm&r=g\",\"caption\":\"El Tecolote Staff\"},\"url\":\"https:\\\/\\\/eltecolote.org\\\/content\\\/author\\\/web-editor\\\/\"}]}<\/script>\n<!-- \/ Yoast SEO plugin. -->","yoast_head_json":{"title":"Incomoda que UC Berkeley invite a economista relacionado con Pinochet - El Tecolote","description":"Estimado Editor, Considero atroz ver que el Campus de la Universidad de Berkeley ha extendido una invitaci\u00f3n al chileno Felipe Kast. El senor Kast, ex","robots":{"index":"index","follow":"follow","max-snippet":"max-snippet:-1","max-image-preview":"max-image-preview:large","max-video-preview":"max-video-preview:-1"},"canonical":"https:\/\/eltecolote.org\/content\/es\/incomoda-que-uc-berkeley-invite-a-economista-relacionado-con-pinochet\/","og_locale":"en_US","og_type":"article","og_title":"Incomoda que UC Berkeley invite a economista relacionado con Pinochet - El Tecolote","og_description":"Estimado Editor, Considero atroz ver que el Campus de la Universidad de Berkeley ha extendido una invitaci\u00f3n al chileno Felipe Kast. El senor Kast, ex","og_url":"https:\/\/eltecolote.org\/content\/es\/incomoda-que-uc-berkeley-invite-a-economista-relacionado-con-pinochet\/","og_site_name":"El Tecolote","article_publisher":"https:\/\/www.facebook.com\/ElTecoloteSF\/","article_published_time":"2016-03-24T20:39:36+00:00","og_image":[{"width":500,"height":470,"url":"https:\/\/i0.wp.com\/eltecolote.org\/content\/wp-content\/uploads\/2016\/03\/letter-to-editor-1.png?fit=500%2C470&ssl=1","type":"image\/png"}],"author":"El Tecolote Staff","twitter_card":"summary_large_image","twitter_creator":"@eltecolotesf","twitter_site":"@eltecolotesf","twitter_misc":{"Written by":"El Tecolote Staff","Est. reading time":"1 minute"},"schema":{"@context":"https:\/\/schema.org","@graph":[{"@type":"NewsArticle","@id":"https:\/\/eltecolote.org\/content\/es\/incomoda-que-uc-berkeley-invite-a-economista-relacionado-con-pinochet\/#article","isPartOf":{"@id":"https:\/\/eltecolote.org\/content\/es\/incomoda-que-uc-berkeley-invite-a-economista-relacionado-con-pinochet\/"},"author":{"name":"El Tecolote Staff","@id":"https:\/\/eltecolote.org\/content\/#\/schema\/person\/08828d10185eba96895a8363a269410e"},"headline":"Incomoda que UC Berkeley invite a economista relacionado con Pinochet","datePublished":"2016-03-24T20:39:36+00:00","mainEntityOfPage":{"@id":"https:\/\/eltecolote.org\/content\/es\/incomoda-que-uc-berkeley-invite-a-economista-relacionado-con-pinochet\/"},"wordCount":227,"commentCount":0,"publisher":{"@id":"https:\/\/eltecolote.org\/content\/#organization"},"image":{"@id":"https:\/\/eltecolote.org\/content\/es\/incomoda-que-uc-berkeley-invite-a-economista-relacionado-con-pinochet\/#primaryimage"},"thumbnailUrl":"https:\/\/i0.wp.com\/eltecolote.org\/content\/wp-content\/uploads\/2016\/03\/letter-to-editor-1.png?fit=500%2C470&quality=80&ssl=1","keywords":["(LAHBA)","Campus de la Universidad de Berkeley","chile","Felipe Kast","Hector Salgado","Paine","pinochet","Pinochet regime","S\u00e9ptima Conferencia Latinoamericana de Negocios en la Escuela Haas de Negocios de la Asociaci\u00f3n de Negocios Latinos e Hispanos","UDI"],"articleSection":["Cartas","Voces"],"inLanguage":"en","potentialAction":[{"@type":"CommentAction","name":"Comment","target":["https:\/\/eltecolote.org\/content\/es\/incomoda-que-uc-berkeley-invite-a-economista-relacionado-con-pinochet\/#respond"]}]},{"@type":"WebPage","@id":"https:\/\/eltecolote.org\/content\/es\/incomoda-que-uc-berkeley-invite-a-economista-relacionado-con-pinochet\/","url":"https:\/\/eltecolote.org\/content\/es\/incomoda-que-uc-berkeley-invite-a-economista-relacionado-con-pinochet\/","name":"Incomoda que UC Berkeley invite a economista relacionado con Pinochet - El Tecolote","isPartOf":{"@id":"https:\/\/eltecolote.org\/content\/#website"},"primaryImageOfPage":{"@id":"https:\/\/eltecolote.org\/content\/es\/incomoda-que-uc-berkeley-invite-a-economista-relacionado-con-pinochet\/#primaryimage"},"image":{"@id":"https:\/\/eltecolote.org\/content\/es\/incomoda-que-uc-berkeley-invite-a-economista-relacionado-con-pinochet\/#primaryimage"},"thumbnailUrl":"https:\/\/i0.wp.com\/eltecolote.org\/content\/wp-content\/uploads\/2016\/03\/letter-to-editor-1.png?fit=500%2C470&quality=80&ssl=1","datePublished":"2016-03-24T20:39:36+00:00","description":"Estimado Editor, Considero atroz ver que el Campus de la Universidad de Berkeley ha extendido una invitaci\u00f3n al chileno Felipe Kast. El senor Kast, ex","inLanguage":"en","potentialAction":[{"@type":"ReadAction","target":["https:\/\/eltecolote.org\/content\/es\/incomoda-que-uc-berkeley-invite-a-economista-relacionado-con-pinochet\/"]}]},{"@type":"ImageObject","inLanguage":"en","@id":"https:\/\/eltecolote.org\/content\/es\/incomoda-que-uc-berkeley-invite-a-economista-relacionado-con-pinochet\/#primaryimage","url":"https:\/\/i0.wp.com\/eltecolote.org\/content\/wp-content\/uploads\/2016\/03\/letter-to-editor-1.png?fit=500%2C470&quality=80&ssl=1","contentUrl":"https:\/\/i0.wp.com\/eltecolote.org\/content\/wp-content\/uploads\/2016\/03\/letter-to-editor-1.png?fit=500%2C470&quality=80&ssl=1","width":500,"height":470},{"@type":"WebSite","@id":"https:\/\/eltecolote.org\/content\/#website","url":"https:\/\/eltecolote.org\/content\/","name":"El Tecolote","description":"San Francisco's Latinx newspaper since 1970","publisher":{"@id":"https:\/\/eltecolote.org\/content\/#organization"},"potentialAction":[{"@type":"SearchAction","target":{"@type":"EntryPoint","urlTemplate":"https:\/\/eltecolote.org\/content\/?s={search_term_string}"},"query-input":{"@type":"PropertyValueSpecification","valueRequired":true,"valueName":"search_term_string"}}],"inLanguage":"en"},{"@type":"Organization","@id":"https:\/\/eltecolote.org\/content\/#organization","name":"El Tecolote","url":"https:\/\/eltecolote.org\/content\/","logo":{"@type":"ImageObject","inLanguage":"en","@id":"https:\/\/eltecolote.org\/content\/#\/schema\/logo\/image\/","url":"https:\/\/i0.wp.com\/eltecolote.org\/content\/wp-content\/uploads\/2021\/05\/ETlogo-1.jpg?fit=400%2C400&ssl=1","contentUrl":"https:\/\/i0.wp.com\/eltecolote.org\/content\/wp-content\/uploads\/2021\/05\/ETlogo-1.jpg?fit=400%2C400&ssl=1","width":400,"height":400,"caption":"El Tecolote"},"image":{"@id":"https:\/\/eltecolote.org\/content\/#\/schema\/logo\/image\/"},"sameAs":["https:\/\/www.facebook.com\/ElTecoloteSF\/","https:\/\/x.com\/eltecolotesf","https:\/\/www.instagram.com\/eltecolotesf\/"]},{"@type":"Person","@id":"https:\/\/eltecolote.org\/content\/#\/schema\/person\/08828d10185eba96895a8363a269410e","name":"El Tecolote Staff","image":{"@type":"ImageObject","inLanguage":"en","@id":"https:\/\/secure.gravatar.com\/avatar\/9534c92c8c908364e186a64d93efc86f62367109d1b07a3454facde655968589?s=96&d=mm&r=g6afcb607783e095e4cf6be807353924d","url":"https:\/\/secure.gravatar.com\/avatar\/9534c92c8c908364e186a64d93efc86f62367109d1b07a3454facde655968589?s=96&d=mm&r=g","contentUrl":"https:\/\/secure.gravatar.com\/avatar\/9534c92c8c908364e186a64d93efc86f62367109d1b07a3454facde655968589?s=96&d=mm&r=g","caption":"El Tecolote Staff"},"url":"https:\/\/eltecolote.org\/content\/author\/web-editor\/"}]}},"distributor_meta":false,"distributor_terms":false,"distributor_media":false,"distributor_original_site_name":"El Tecolote","distributor_original_site_url":"https:\/\/eltecolote.org\/content","push-errors":false,"_links":{"self":[{"href":"https:\/\/eltecolote.org\/content\/wp-json\/wp\/v2\/posts\/29782","targetHints":{"allow":["GET"]}}],"collection":[{"href":"https:\/\/eltecolote.org\/content\/wp-json\/wp\/v2\/posts"}],"about":[{"href":"https:\/\/eltecolote.org\/content\/wp-json\/wp\/v2\/types\/post"}],"author":[{"embeddable":true,"href":"https:\/\/eltecolote.org\/content\/wp-json\/wp\/v2\/users\/35"}],"replies":[{"embeddable":true,"href":"https:\/\/eltecolote.org\/content\/wp-json\/wp\/v2\/comments?post=29782"}],"version-history":[{"count":1,"href":"https:\/\/eltecolote.org\/content\/wp-json\/wp\/v2\/posts\/29782\/revisions"}],"predecessor-version":[{"id":29784,"href":"https:\/\/eltecolote.org\/content\/wp-json\/wp\/v2\/posts\/29782\/revisions\/29784"}],"wp:featuredmedia":[{"embeddable":true,"href":"https:\/\/eltecolote.org\/content\/wp-json\/wp\/v2\/media\/29783"}],"wp:attachment":[{"href":"https:\/\/eltecolote.org\/content\/wp-json\/wp\/v2\/media?parent=29782"}],"wp:term":[{"taxonomy":"category","embeddable":true,"href":"https:\/\/eltecolote.org\/content\/wp-json\/wp\/v2\/categories?post=29782"},{"taxonomy":"post_tag","embeddable":true,"href":"https:\/\/eltecolote.org\/content\/wp-json\/wp\/v2\/tags?post=29782"},{"taxonomy":"author","embeddable":true,"href":"https:\/\/eltecolote.org\/content\/wp-json\/wp\/v2\/coauthors?post=29782"}],"curies":[{"name":"wp","href":"https:\/\/api.w.org\/{rel}","templated":true}]}}