{"id":2919,"date":"2010-05-26T07:28:36","date_gmt":"2010-05-26T14:28:36","guid":{"rendered":"http:\/\/eltecolote.org\/content\/?p=2919"},"modified":"2010-05-26T07:28:37","modified_gmt":"2010-05-26T14:28:37","slug":"lunada-10-year-anthology-release-celebration","status":"publish","type":"post","link":"https:\/\/eltecolote.org\/content\/en\/lunada-10-year-anthology-release-celebration\/","title":{"rendered":"LUNADA &#8211; 10 Year Anthology Release &#038; Celebration"},"content":{"rendered":"<p><a rel=\"attachment wp-att-2920\" href=\"https:\/\/eltecolote.org\/content\/2010\/05\/lunada-10-year-anthology-release-celebration\/maylunada2010_web\/\"><img data-recalc-dims=\"1\" loading=\"lazy\" decoding=\"async\" class=\"aligncenter size-medium wp-image-2920\" title=\"MayLUNADA2010_web\" src=\"https:\/\/i0.wp.com\/eltecolote.org\/content\/wp-content\/uploads\/2010\/05\/MayLUNADA2010_web.jpg?resize=360%2C249&#038;quality=89&#038;ssl=1\" alt=\"\" width=\"360\" height=\"249\" srcset=\"https:\/\/i0.wp.com\/eltecolote.org\/content\/wp-content\/uploads\/2010\/05\/MayLUNADA2010_web.jpg?resize=360%2C249&amp;quality=89&amp;ssl=1 360w, https:\/\/i0.wp.com\/eltecolote.org\/content\/wp-content\/uploads\/2010\/05\/MayLUNADA2010_web.jpg?w=600&amp;quality=89&amp;ssl=1 600w\" sizes=\"auto, (max-width: 360px) 100vw, 360px\" \/><\/a>Thursday, May 27, 2010 \u2022 7:30 &#8211; 10:30pm<\/p>\n<p><strong><a href=\"http:\/\/www.galeriadelaraza.org\">Galeria de la Raza<\/a><\/strong> \u2022 2857 24th St. SF<\/p>\n<p>$5 (FREE with book purchase)<\/p>\n<p>Featuring anthology poets: Maya Chinchilla, Alejandra Mojica, Naomi Qui\u00f1ones, Milta Ortiz, Manny Martinez, Leticia Hern\u00e1ndez, Raquel Gutierrez, Somos One, Francisco X. Alarc\u00f3n, Vickie V\u00e9rtiz, Melissa Lozano, Norman Zelaya, and DJ Agana among others. Hosted by Marc David Pinate and Sandra Garcia Rivera.<\/p>\n<p>In honor of Galer\u00eda de la Raza\u2019s 40th anniversary and 10 years of Lunadas in the Bay, series founder and host, Marc David Pinate, has edited an incredible anthology (published by Galer\u00eda de la Raza) spotlighting 28 of Lunadas\u2019 best featured poets. Join us on May 27 as we celebrate the release of: LA LUNADA, An anthology of spoken-word poetry celebrating sixty full moons &amp; community ritual at Galer\u00eda de la Raza. Originally running in San Jos\u00e9 from 1998 to 2003 then relocating to Galer\u00eda de la Raza for the past six years, the Lunada series has become an important part of the San Francisco-Bay Area literary scene. Still the only regularly occurring bilingual open-mic in the Bay Area, Lunadas hold a special place in the hearts of many.<\/p>\n<p>May\u2019s Lunada also marks a passing of the torch as host, Marc David Pinate, bids a fond farewell to the series and we welcome the irresistible and accomplished, Sandra Garcia Rivera, as the new host of Lunadas. This all-star celebration is the last Lunada until the new fall season. Purchase a copy of the anthology and have it autographed.<\/p>\n<p>There will be surprises. There will be high emotion. There will be cake!<\/p>\n<p>Featured Performer Biographies:<\/p>\n<p>Maya Chinchilla is a Central American\/Guatemalan poet, performer, video artist, and community scholar. A two-spirit humble diva, she is a founding member of Las Manas Tres.<\/p>\n<p>Alejandra Mojica was raised in the Mission district of Frisco, has been performing most of her life through dance, theater and spoken word.<\/p>\n<p>Naomi Helena Qui\u00f1onez is the author of three collections of poetry Hummingbird Dream: Sueno de Colibri; The Smoking Mirror and The Exiled Moon. She co-edited Invocation L.A: Urban Multicultural Poetry for which she won an American Book Award.<\/p>\n<p>Milta Ortiz: Poet\/Writer\/Performer and Revolutionary Arts Educator earned a BA in Creative Writing from SFSU. Wrote and peformed Scatter My Red Underwear, member of Las Manas Tres.<\/p>\n<p>Jose Manuel Martinez has been a Bay Area musician for over twenty years. He has played with Psychefunkapus. Los Mocosos, and currently with Mazacote.<\/p>\n<p>Leticia Hern\u00e1ndez-Linares is an award-winning writer and educator who has performed her teatro-infused poemsongs throughout the country, as well as in El Salvador, for over ten years.<\/p>\n<p>Raquel Gutierrez is a community based performance writer and cultural activist. She is a co-founding member of the performance art ensemble, Butchlalis de Panochtitlan with whom she has performed nationally.<\/p>\n<p>Julio Maga\u00f1a\u2013Saludado (aka SOMOS 1) Union made, Buffalo born in Delano, raised in San Diego, UC Berkeley and Oakland. An oft-featured Hip Hop poet, community organizer and high school educator.<\/p>\n<p>Francisco X. Alarc\u00f3n Chicano poet and educator, is author of eleven volumes of poetry, including, From the Other Side of Night: Selected and New Poems (University of Arizona Press 2002). He has been a finalist nominated for Poet Laureate of California in two occasions.<\/p>\n<p>Vickie V\u00e9rtiz Her work can be read in: Intersection for the Arts\u2019\/Kearny Street Workshop\u2019s 2008 Intergenerational Writers&#8217; Lab Anthology, Mujeres de Maiz, and Namecalling.<\/p>\n<p>Melissa Lozano In 1997 Melissa was a student of Marc Pinate\u2019s Chicano Poetry workshop. The rest is history &#8211; she has been blessed. Currently, she attends Mills College.<\/p>\n<p>Sandra Garcia Rivera is the recipient of numerous awards for creative writing. Her verses and vocals have captured audiences internationally. She is a teaching artist, event producer, and administrator, and currently works towards an MFA in Poetry at Antioch, L.A.<\/p>\n<p>Norman Antonio Zelaya is a writer born and raised in San Francisco, CA. His stories chronicle the experiences of being a young boy growing up in the Mission.<\/p>\n","protected":false},"excerpt":{"rendered":"<p>Thursday, May 27, 2010 \u2022 7:30 &#8211; 10:30pm Galeria de la Raza \u2022 2857 24th St. SF $5 (FREE with book purchase) Featuring anthology poets: Maya Chinchilla, Alejandra Mojica, Naomi Qui\u00f1ones, Milta Ortiz, Manny Martinez, Leticia Hern\u00e1ndez, Raquel Gutierrez, Somos One, Francisco X. Alarc\u00f3n, Vickie V\u00e9rtiz, Melissa Lozano, Norman Zelaya, and DJ Agana among others. [&hellip;]<\/p>\n","protected":false},"author":88922,"featured_media":0,"comment_status":"open","ping_status":"open","sticky":false,"template":"","format":"standard","meta":{"newspack_popups_has_disabled_popups":false,"newspack_featured_image_position":"","newspack_post_subtitle":"","newspack_article_summary_title":"Overview:","newspack_article_summary":"","newspack_hide_updated_date":false,"newspack_show_updated_date":false,"footnotes":""},"categories":[19],"tags":[],"coauthors":[25049,18445],"class_list":["post-2919","post","type-post","status-publish","format-standard","hentry","category-calendar","entry"],"yoast_head":"<!-- This site is optimized with the Yoast SEO plugin v27.5 - https:\/\/yoast.com\/product\/yoast-seo-wordpress\/ -->\n<title>LUNADA - 10 Year Anthology Release &amp; Celebration - El Tecolote<\/title>\n<meta name=\"description\" content=\"Thursday, May 27, 2010 \u2022 7:30 - 10:30pm Galeria de la Raza \u2022 2857 24th St. SF $5 (FREE with book purchase) Featuring anthology poets: Maya Chinchilla,\" \/>\n<meta name=\"robots\" content=\"index, follow, max-snippet:-1, max-image-preview:large, max-video-preview:-1\" \/>\n<link rel=\"canonical\" href=\"https:\/\/eltecolote.org\/content\/en\/lunada-10-year-anthology-release-celebration\/\" \/>\n<meta property=\"og:locale\" content=\"en_US\" \/>\n<meta property=\"og:type\" content=\"article\" \/>\n<meta property=\"og:title\" content=\"LUNADA - 10 Year Anthology Release &amp; Celebration - El Tecolote\" \/>\n<meta property=\"og:description\" content=\"Thursday, May 27, 2010 \u2022 7:30 - 10:30pm Galeria de la Raza \u2022 2857 24th St. SF $5 (FREE with book purchase) Featuring anthology poets: Maya Chinchilla,\" \/>\n<meta property=\"og:url\" content=\"https:\/\/eltecolote.org\/content\/en\/lunada-10-year-anthology-release-celebration\/\" \/>\n<meta property=\"og:site_name\" content=\"El Tecolote\" \/>\n<meta property=\"article:publisher\" content=\"https:\/\/www.facebook.com\/ElTecoloteSF\/\" \/>\n<meta property=\"article:published_time\" content=\"2010-05-26T14:28:36+00:00\" \/>\n<meta property=\"article:modified_time\" content=\"2010-05-26T14:28:37+00:00\" \/>\n<meta property=\"og:image\" content=\"http:\/\/eltecolote.org\/content\/wp-content\/uploads\/2010\/05\/MayLUNADA2010_web-360x249.jpg\" \/>\n<meta name=\"author\" content=\"Erika Carlos, El Tecolote Staff\" \/>\n<meta name=\"twitter:card\" content=\"summary_large_image\" \/>\n<meta name=\"twitter:creator\" content=\"@eltecolotesf\" \/>\n<meta name=\"twitter:site\" content=\"@eltecolotesf\" \/>\n<meta name=\"twitter:label1\" content=\"Written by\" \/>\n\t<meta name=\"twitter:data1\" content=\"Erika Carlos, El Tecolote Staff\" \/>\n\t<meta name=\"twitter:label2\" content=\"Est. reading time\" \/>\n\t<meta name=\"twitter:data2\" content=\"3 minutes\" \/>\n<script type=\"application\/ld+json\" class=\"yoast-schema-graph\">{\"@context\":\"https:\\\/\\\/schema.org\",\"@graph\":[{\"@type\":\"NewsArticle\",\"@id\":\"https:\\\/\\\/eltecolote.org\\\/content\\\/en\\\/lunada-10-year-anthology-release-celebration\\\/#article\",\"isPartOf\":{\"@id\":\"https:\\\/\\\/eltecolote.org\\\/content\\\/en\\\/lunada-10-year-anthology-release-celebration\\\/\"},\"author\":{\"name\":\"Erika Carlos\",\"@id\":\"https:\\\/\\\/eltecolote.org\\\/content\\\/#\\\/schema\\\/person\\\/98e31c3dda2abc936b778a5b89858b5b\"},\"headline\":\"LUNADA &#8211; 10 Year Anthology Release &#038; Celebration\",\"datePublished\":\"2010-05-26T14:28:36+00:00\",\"dateModified\":\"2010-05-26T14:28:37+00:00\",\"mainEntityOfPage\":{\"@id\":\"https:\\\/\\\/eltecolote.org\\\/content\\\/en\\\/lunada-10-year-anthology-release-celebration\\\/\"},\"wordCount\":671,\"commentCount\":0,\"publisher\":{\"@id\":\"https:\\\/\\\/eltecolote.org\\\/content\\\/#organization\"},\"image\":{\"@id\":\"https:\\\/\\\/eltecolote.org\\\/content\\\/en\\\/lunada-10-year-anthology-release-celebration\\\/#primaryimage\"},\"thumbnailUrl\":\"http:\\\/\\\/eltecolote.org\\\/content\\\/wp-content\\\/uploads\\\/2010\\\/05\\\/MayLUNADA2010_web-360x249.jpg\",\"articleSection\":[\"Calendar\"],\"inLanguage\":\"en\",\"potentialAction\":[{\"@type\":\"CommentAction\",\"name\":\"Comment\",\"target\":[\"https:\\\/\\\/eltecolote.org\\\/content\\\/en\\\/lunada-10-year-anthology-release-celebration\\\/#respond\"]}]},{\"@type\":\"WebPage\",\"@id\":\"https:\\\/\\\/eltecolote.org\\\/content\\\/en\\\/lunada-10-year-anthology-release-celebration\\\/\",\"url\":\"https:\\\/\\\/eltecolote.org\\\/content\\\/en\\\/lunada-10-year-anthology-release-celebration\\\/\",\"name\":\"LUNADA - 10 Year Anthology Release & Celebration - El Tecolote\",\"isPartOf\":{\"@id\":\"https:\\\/\\\/eltecolote.org\\\/content\\\/#website\"},\"primaryImageOfPage\":{\"@id\":\"https:\\\/\\\/eltecolote.org\\\/content\\\/en\\\/lunada-10-year-anthology-release-celebration\\\/#primaryimage\"},\"image\":{\"@id\":\"https:\\\/\\\/eltecolote.org\\\/content\\\/en\\\/lunada-10-year-anthology-release-celebration\\\/#primaryimage\"},\"thumbnailUrl\":\"http:\\\/\\\/eltecolote.org\\\/content\\\/wp-content\\\/uploads\\\/2010\\\/05\\\/MayLUNADA2010_web-360x249.jpg\",\"datePublished\":\"2010-05-26T14:28:36+00:00\",\"dateModified\":\"2010-05-26T14:28:37+00:00\",\"description\":\"Thursday, May 27, 2010 \u2022 7:30 - 10:30pm Galeria de la Raza \u2022 2857 24th St. SF $5 (FREE with book purchase) Featuring anthology poets: Maya Chinchilla,\",\"inLanguage\":\"en\",\"potentialAction\":[{\"@type\":\"ReadAction\",\"target\":[\"https:\\\/\\\/eltecolote.org\\\/content\\\/en\\\/lunada-10-year-anthology-release-celebration\\\/\"]}]},{\"@type\":\"ImageObject\",\"inLanguage\":\"en\",\"@id\":\"https:\\\/\\\/eltecolote.org\\\/content\\\/en\\\/lunada-10-year-anthology-release-celebration\\\/#primaryimage\",\"url\":\"http:\\\/\\\/eltecolote.org\\\/content\\\/wp-content\\\/uploads\\\/2010\\\/05\\\/MayLUNADA2010_web-360x249.jpg\",\"contentUrl\":\"http:\\\/\\\/eltecolote.org\\\/content\\\/wp-content\\\/uploads\\\/2010\\\/05\\\/MayLUNADA2010_web-360x249.jpg\"},{\"@type\":\"WebSite\",\"@id\":\"https:\\\/\\\/eltecolote.org\\\/content\\\/#website\",\"url\":\"https:\\\/\\\/eltecolote.org\\\/content\\\/\",\"name\":\"El Tecolote\",\"description\":\"San Francisco's Latinx newspaper since 1970\",\"publisher\":{\"@id\":\"https:\\\/\\\/eltecolote.org\\\/content\\\/#organization\"},\"potentialAction\":[{\"@type\":\"SearchAction\",\"target\":{\"@type\":\"EntryPoint\",\"urlTemplate\":\"https:\\\/\\\/eltecolote.org\\\/content\\\/?s={search_term_string}\"},\"query-input\":{\"@type\":\"PropertyValueSpecification\",\"valueRequired\":true,\"valueName\":\"search_term_string\"}}],\"inLanguage\":\"en\"},{\"@type\":\"Organization\",\"@id\":\"https:\\\/\\\/eltecolote.org\\\/content\\\/#organization\",\"name\":\"El Tecolote\",\"url\":\"https:\\\/\\\/eltecolote.org\\\/content\\\/\",\"logo\":{\"@type\":\"ImageObject\",\"inLanguage\":\"en\",\"@id\":\"https:\\\/\\\/eltecolote.org\\\/content\\\/#\\\/schema\\\/logo\\\/image\\\/\",\"url\":\"https:\\\/\\\/i0.wp.com\\\/eltecolote.org\\\/content\\\/wp-content\\\/uploads\\\/2021\\\/05\\\/ETlogo-1.jpg?fit=400%2C400&ssl=1\",\"contentUrl\":\"https:\\\/\\\/i0.wp.com\\\/eltecolote.org\\\/content\\\/wp-content\\\/uploads\\\/2021\\\/05\\\/ETlogo-1.jpg?fit=400%2C400&ssl=1\",\"width\":400,\"height\":400,\"caption\":\"El Tecolote\"},\"image\":{\"@id\":\"https:\\\/\\\/eltecolote.org\\\/content\\\/#\\\/schema\\\/logo\\\/image\\\/\"},\"sameAs\":[\"https:\\\/\\\/www.facebook.com\\\/ElTecoloteSF\\\/\",\"https:\\\/\\\/x.com\\\/eltecolotesf\",\"https:\\\/\\\/www.instagram.com\\\/eltecolotesf\\\/\"]},{\"@type\":\"Person\",\"@id\":\"https:\\\/\\\/eltecolote.org\\\/content\\\/#\\\/schema\\\/person\\\/98e31c3dda2abc936b778a5b89858b5b\",\"name\":\"Erika Carlos\",\"image\":{\"@type\":\"ImageObject\",\"inLanguage\":\"en\",\"@id\":\"https:\\\/\\\/secure.gravatar.com\\\/avatar\\\/c475d3004521f4d0d5a6fdb0c06627dda6651ec3c3dfd7219ab52ae67cce05b1?s=96&d=mm&r=gc4d9fd78108a8a2ca4bcc88ab0d76304\",\"url\":\"https:\\\/\\\/secure.gravatar.com\\\/avatar\\\/c475d3004521f4d0d5a6fdb0c06627dda6651ec3c3dfd7219ab52ae67cce05b1?s=96&d=mm&r=g\",\"contentUrl\":\"https:\\\/\\\/secure.gravatar.com\\\/avatar\\\/c475d3004521f4d0d5a6fdb0c06627dda6651ec3c3dfd7219ab52ae67cce05b1?s=96&d=mm&r=g\",\"caption\":\"Erika Carlos\"},\"url\":\"https:\\\/\\\/eltecolote.org\\\/content\\\/author\\\/erikacarlos\\\/\"}]}<\/script>\n<!-- \/ Yoast SEO plugin. -->","yoast_head_json":{"title":"LUNADA - 10 Year Anthology Release & Celebration - El Tecolote","description":"Thursday, May 27, 2010 \u2022 7:30 - 10:30pm Galeria de la Raza \u2022 2857 24th St. SF $5 (FREE with book purchase) Featuring anthology poets: Maya Chinchilla,","robots":{"index":"index","follow":"follow","max-snippet":"max-snippet:-1","max-image-preview":"max-image-preview:large","max-video-preview":"max-video-preview:-1"},"canonical":"https:\/\/eltecolote.org\/content\/en\/lunada-10-year-anthology-release-celebration\/","og_locale":"en_US","og_type":"article","og_title":"LUNADA - 10 Year Anthology Release & Celebration - El Tecolote","og_description":"Thursday, May 27, 2010 \u2022 7:30 - 10:30pm Galeria de la Raza \u2022 2857 24th St. SF $5 (FREE with book purchase) Featuring anthology poets: Maya Chinchilla,","og_url":"https:\/\/eltecolote.org\/content\/en\/lunada-10-year-anthology-release-celebration\/","og_site_name":"El Tecolote","article_publisher":"https:\/\/www.facebook.com\/ElTecoloteSF\/","article_published_time":"2010-05-26T14:28:36+00:00","article_modified_time":"2010-05-26T14:28:37+00:00","og_image":[{"url":"http:\/\/eltecolote.org\/content\/wp-content\/uploads\/2010\/05\/MayLUNADA2010_web-360x249.jpg","type":"","width":"","height":""}],"author":"Erika Carlos, El Tecolote Staff","twitter_card":"summary_large_image","twitter_creator":"@eltecolotesf","twitter_site":"@eltecolotesf","twitter_misc":{"Written by":"Erika Carlos, El Tecolote Staff","Est. reading time":"3 minutes"},"schema":{"@context":"https:\/\/schema.org","@graph":[{"@type":"NewsArticle","@id":"https:\/\/eltecolote.org\/content\/en\/lunada-10-year-anthology-release-celebration\/#article","isPartOf":{"@id":"https:\/\/eltecolote.org\/content\/en\/lunada-10-year-anthology-release-celebration\/"},"author":{"name":"Erika Carlos","@id":"https:\/\/eltecolote.org\/content\/#\/schema\/person\/98e31c3dda2abc936b778a5b89858b5b"},"headline":"LUNADA &#8211; 10 Year Anthology Release &#038; Celebration","datePublished":"2010-05-26T14:28:36+00:00","dateModified":"2010-05-26T14:28:37+00:00","mainEntityOfPage":{"@id":"https:\/\/eltecolote.org\/content\/en\/lunada-10-year-anthology-release-celebration\/"},"wordCount":671,"commentCount":0,"publisher":{"@id":"https:\/\/eltecolote.org\/content\/#organization"},"image":{"@id":"https:\/\/eltecolote.org\/content\/en\/lunada-10-year-anthology-release-celebration\/#primaryimage"},"thumbnailUrl":"http:\/\/eltecolote.org\/content\/wp-content\/uploads\/2010\/05\/MayLUNADA2010_web-360x249.jpg","articleSection":["Calendar"],"inLanguage":"en","potentialAction":[{"@type":"CommentAction","name":"Comment","target":["https:\/\/eltecolote.org\/content\/en\/lunada-10-year-anthology-release-celebration\/#respond"]}]},{"@type":"WebPage","@id":"https:\/\/eltecolote.org\/content\/en\/lunada-10-year-anthology-release-celebration\/","url":"https:\/\/eltecolote.org\/content\/en\/lunada-10-year-anthology-release-celebration\/","name":"LUNADA - 10 Year Anthology Release & Celebration - El Tecolote","isPartOf":{"@id":"https:\/\/eltecolote.org\/content\/#website"},"primaryImageOfPage":{"@id":"https:\/\/eltecolote.org\/content\/en\/lunada-10-year-anthology-release-celebration\/#primaryimage"},"image":{"@id":"https:\/\/eltecolote.org\/content\/en\/lunada-10-year-anthology-release-celebration\/#primaryimage"},"thumbnailUrl":"http:\/\/eltecolote.org\/content\/wp-content\/uploads\/2010\/05\/MayLUNADA2010_web-360x249.jpg","datePublished":"2010-05-26T14:28:36+00:00","dateModified":"2010-05-26T14:28:37+00:00","description":"Thursday, May 27, 2010 \u2022 7:30 - 10:30pm Galeria de la Raza \u2022 2857 24th St. SF $5 (FREE with book purchase) Featuring anthology poets: Maya Chinchilla,","inLanguage":"en","potentialAction":[{"@type":"ReadAction","target":["https:\/\/eltecolote.org\/content\/en\/lunada-10-year-anthology-release-celebration\/"]}]},{"@type":"ImageObject","inLanguage":"en","@id":"https:\/\/eltecolote.org\/content\/en\/lunada-10-year-anthology-release-celebration\/#primaryimage","url":"http:\/\/eltecolote.org\/content\/wp-content\/uploads\/2010\/05\/MayLUNADA2010_web-360x249.jpg","contentUrl":"http:\/\/eltecolote.org\/content\/wp-content\/uploads\/2010\/05\/MayLUNADA2010_web-360x249.jpg"},{"@type":"WebSite","@id":"https:\/\/eltecolote.org\/content\/#website","url":"https:\/\/eltecolote.org\/content\/","name":"El Tecolote","description":"San Francisco's Latinx newspaper since 1970","publisher":{"@id":"https:\/\/eltecolote.org\/content\/#organization"},"potentialAction":[{"@type":"SearchAction","target":{"@type":"EntryPoint","urlTemplate":"https:\/\/eltecolote.org\/content\/?s={search_term_string}"},"query-input":{"@type":"PropertyValueSpecification","valueRequired":true,"valueName":"search_term_string"}}],"inLanguage":"en"},{"@type":"Organization","@id":"https:\/\/eltecolote.org\/content\/#organization","name":"El Tecolote","url":"https:\/\/eltecolote.org\/content\/","logo":{"@type":"ImageObject","inLanguage":"en","@id":"https:\/\/eltecolote.org\/content\/#\/schema\/logo\/image\/","url":"https:\/\/i0.wp.com\/eltecolote.org\/content\/wp-content\/uploads\/2021\/05\/ETlogo-1.jpg?fit=400%2C400&ssl=1","contentUrl":"https:\/\/i0.wp.com\/eltecolote.org\/content\/wp-content\/uploads\/2021\/05\/ETlogo-1.jpg?fit=400%2C400&ssl=1","width":400,"height":400,"caption":"El Tecolote"},"image":{"@id":"https:\/\/eltecolote.org\/content\/#\/schema\/logo\/image\/"},"sameAs":["https:\/\/www.facebook.com\/ElTecoloteSF\/","https:\/\/x.com\/eltecolotesf","https:\/\/www.instagram.com\/eltecolotesf\/"]},{"@type":"Person","@id":"https:\/\/eltecolote.org\/content\/#\/schema\/person\/98e31c3dda2abc936b778a5b89858b5b","name":"Erika Carlos","image":{"@type":"ImageObject","inLanguage":"en","@id":"https:\/\/secure.gravatar.com\/avatar\/c475d3004521f4d0d5a6fdb0c06627dda6651ec3c3dfd7219ab52ae67cce05b1?s=96&d=mm&r=gc4d9fd78108a8a2ca4bcc88ab0d76304","url":"https:\/\/secure.gravatar.com\/avatar\/c475d3004521f4d0d5a6fdb0c06627dda6651ec3c3dfd7219ab52ae67cce05b1?s=96&d=mm&r=g","contentUrl":"https:\/\/secure.gravatar.com\/avatar\/c475d3004521f4d0d5a6fdb0c06627dda6651ec3c3dfd7219ab52ae67cce05b1?s=96&d=mm&r=g","caption":"Erika Carlos"},"url":"https:\/\/eltecolote.org\/content\/author\/erikacarlos\/"}]}},"distributor_meta":false,"distributor_terms":false,"distributor_media":false,"distributor_original_site_name":"El Tecolote","distributor_original_site_url":"https:\/\/eltecolote.org\/content","push-errors":false,"_links":{"self":[{"href":"https:\/\/eltecolote.org\/content\/wp-json\/wp\/v2\/posts\/2919","targetHints":{"allow":["GET"]}}],"collection":[{"href":"https:\/\/eltecolote.org\/content\/wp-json\/wp\/v2\/posts"}],"about":[{"href":"https:\/\/eltecolote.org\/content\/wp-json\/wp\/v2\/types\/post"}],"author":[{"embeddable":true,"href":"https:\/\/eltecolote.org\/content\/wp-json\/wp\/v2\/users\/88922"}],"replies":[{"embeddable":true,"href":"https:\/\/eltecolote.org\/content\/wp-json\/wp\/v2\/comments?post=2919"}],"version-history":[{"count":3,"href":"https:\/\/eltecolote.org\/content\/wp-json\/wp\/v2\/posts\/2919\/revisions"}],"predecessor-version":[{"id":2923,"href":"https:\/\/eltecolote.org\/content\/wp-json\/wp\/v2\/posts\/2919\/revisions\/2923"}],"wp:attachment":[{"href":"https:\/\/eltecolote.org\/content\/wp-json\/wp\/v2\/media?parent=2919"}],"wp:term":[{"taxonomy":"category","embeddable":true,"href":"https:\/\/eltecolote.org\/content\/wp-json\/wp\/v2\/categories?post=2919"},{"taxonomy":"post_tag","embeddable":true,"href":"https:\/\/eltecolote.org\/content\/wp-json\/wp\/v2\/tags?post=2919"},{"taxonomy":"author","embeddable":true,"href":"https:\/\/eltecolote.org\/content\/wp-json\/wp\/v2\/coauthors?post=2919"}],"curies":[{"name":"wp","href":"https:\/\/api.w.org\/{rel}","templated":true}]}}