{"id":28821,"date":"2015-12-18T19:18:14","date_gmt":"2015-12-19T02:18:14","guid":{"rendered":"http:\/\/eltecolote.org\/content\/?p=28821"},"modified":"2016-07-01T15:08:14","modified_gmt":"2016-07-01T22:08:14","slug":"mexican-museum-celebrates-40-years-with-exhibition-from-its-founder","status":"publish","type":"post","link":"https:\/\/eltecolote.org\/content\/en\/mexican-museum-celebrates-40-years-with-exhibition-from-its-founder\/","title":{"rendered":"Mexican Museum celebrates 40 years with exhibition from its founder"},"content":{"rendered":"<p>[su_slider source=&#8221;media: 28822,28823,28824,28825,28826&#8243; limit=&#8221;25&#8243; link=&#8221;image&#8221; target=&#8221;blank&#8221; width=&#8221;700&#8243; height=&#8221;460&#8243; autoplay=&#8221;0&#8243; speed=&#8221;500&#8243;][su_menu][\/su_slider]<\/p>\n<p>Frail and wheelchair-bound, though dapper as ever, Peter Rodriguez gazed in appreciation at the large crowd that had gathered at Fort Mason on Nov. 19 to celebrate the 40th anniversary of the Mexican Museum\u2014the very institution he helped build.<\/p>\n<p>But the crowd was there to celebrate him as well.<\/p>\n<p>\u201cI didn\u2019t know I was that good,\u201d the 89-year-old Rodriguez managed to joke, struggling to speak in between coughs. \u201cI feel very great about it.\u201d<\/p>\n<p>He should.<\/p>\n<p>Founder of the West Coast\u2019s premier museum dedicated to Latino, Chicano and Mexican art, Rodriguez\u2019s life\u2019s work will be on full display until May 20, 2016 as part of the museum\u2019s latest exhibit: \u201cVida, Cultura y Color: The Art of Peter Rodriguez,\u201d which opened the night of the anniversary celebration.<\/p>\n<p>\u201cYou\u2019re surrounded by amazing works of art that were created by these hands,\u201d said Tim Sanchez, the newest member of the Mexican Museum\u2019s Board of Trustees.<\/p>\n<p>But the museum does more than just display various forms of Latino, Mexican and Chicano art. It has historically provided a platform for artists who were shunned by other art institutions.<\/p>\n<p>\u201cFor those of us as artists\u2014particularly Chicano and Chicana artists\u2014it goes without saying there were little or no opportunities 40 years ago for us to exhibit anywhere,\u201d said artist and scholar Amalia Mesa-Bains. \u201cAnd Peter had the vision to give us that space.\u201d<\/p>\n<p>It was a vision that was born in the tiny rural mining town of Jackson, California.<\/p>\n<p>One of 11 kids born to Jesus Rodriguez and Guadalupe Garcia, both of whom fled Mexico during the revolution, Rodriguez taught himself to paint as a child. His Michoacan-born father worked\u2014and died\u2013mining gold and other precious metals from the Sierra foothills. His Guadalajara, Jalisco-born mother\u2014who once persuaded a would-be intruder to not enter her home by pulling back the hammers on a double barrel shotgun\u2014moved the family to Stockton when Rodriguez was still a boy.<\/p>\n<p>But it wasn\u2019t until Rodriguez traveled to his ancestral motherland that he became inspired to build a Mexican Museum in San Francisco, because he didn\u2019t see Mexicans represented in museums outside of Mexico.<\/p>\n<p>\u201c[The] first time he saw the Mexican art, that was the turning point,\u201d said Nora Wagner, who met Rodriguez in the 1970s, and began working at the original museum two months after it opened at Far West Laboratories, located at Folsom and 14th streets. Wagner, along with Bea Carrillo Hocker, Lupe Kindel and Adriana Williams, curated the exhibit.<\/p>\n<p>\u201cWe accepted the challenge without any hesitation,\u201d Wagner said. \u201cBecause we saw it as a means of paying back a huge debt. For it was Peter and his museum that opened the door for us to experience a very satisfactory career in the museum field.\u201d<\/p>\n<p>But starting such an institution wasn\u2019t easy. Rodriguez began by gathering donations and storing Mexican art in his apartment.<\/p>\n<p>\u201cChicanos, they [the art world] didn\u2019t recognize,\u201d Rodriguez said. \u201cAnd I said, \u2018We gotta have our own museum.\u2019 That\u2019s when I started working on it.\u201d<\/p>\n<p>According to Mesa-Bains, the museum owns one of the greatest collections of Chicano and Mexican-American in the country.<\/p>\n<p>\u201cThere was no one else who had the aesthetic eye, the absolute drive to create what this is,\u201d Mesa-Bains said. \u201cAnd that is part of his legacy.\u201d<\/p>\n<p>Those words moved Rodriguez to tears.<\/p>\n<p>Rodriguez still paints at the Laguna Honda Hospital and Rehabilitation Center, the place he now calls home. The artist\u2019s mind remains sharp, as was evidenced the night his exhibit opened; he reminded his admirers that his paintings from Laguna Honda were up for sale.<\/p>\n<p>Long-time friend Cynthia Pierce, who also met and worked with Rodriguez in the \u201870s, still visits and paints with him on Wednesdays and Thursdays.<\/p>\n<p>\u201cHe believed in it when no one else did,\u201d Pierce said. \u201cPeople didn\u2019t think it would last, but Peter knew it would. He was determined.\u201d<\/p>\n<p>And he still is. Ever fighting to continue the legacy he\u2019s built, Rodriguez boldly addressed the crowd shortly before the night concluded.<\/p>\n<p>\u201cIf you have any spare change, I wish those of you who are not members of the museum, to give as much as you can to keep it going,\u201d said Rodr\u00edguez, whose museum is currently open Thursday through Sunday. \u201cWe need donations, they don\u2019t have to be little ones.\u201d<\/p>\n","protected":false},"excerpt":{"rendered":"<p>[su_slider source=&#8221;media: 28822,28823,28824,28825,28826&#8243; limit=&#8221;25&#8243; link=&#8221;image&#8221; target=&#8221;blank&#8221; width=&#8221;700&#8243; height=&#8221;460&#8243; autoplay=&#8221;0&#8243; speed=&#8221;500&#8243;][su_menu][\/su_slider] Frail and wheelchair-bound, though dapper as ever, Peter Rodriguez gazed in appreciation at the large crowd that had gathered at Fort Mason on Nov. 19 to celebrate the 40th anniversary of the Mexican Museum\u2014the very institution he helped build. But the crowd was there to [&hellip;]<\/p>\n","protected":false},"author":35,"featured_media":28822,"comment_status":"open","ping_status":"closed","sticky":false,"template":"","format":"standard","meta":{"newspack_popups_has_disabled_popups":false,"newspack_featured_image_position":"","newspack_post_subtitle":"","newspack_article_summary_title":"Overview:","newspack_article_summary":"","newspack_hide_updated_date":false,"newspack_show_updated_date":false,"footnotes":""},"categories":[7],"tags":[7569,7571,7573,7565,7575,7567,7577,7579,7581,7583,7585,7587,7589,7591],"coauthors":[],"class_list":["post-28821","post","type-post","status-publish","format-standard","has-post-thumbnail","hentry","category-news","tag-adriana-williams-en","tag-amalia-mesa-bains-en","tag-bea-carrillo-hocker-en","tag-cultura-y-color-the-art-of-peter-rodriguez","tag-cynthia-pierce-en","tag-far-west-laboratories","tag-guadalupe-garcia-en","tag-jesus-rodriguez-en","tag-lupe-kindel-en","tag-mexican-museum-en","tag-nora-wagner-en","tag-peter-rodriguez-en","tag-tim-sanchez-en","tag-vida-en","entry"],"yoast_head":"<!-- This site is optimized with the Yoast SEO plugin v27.5 - https:\/\/yoast.com\/product\/yoast-seo-wordpress\/ -->\n<title>Mexican Museum celebrates 40 years with exhibition from its founder - El Tecolote<\/title>\n<meta name=\"description\" content=\"Frail and wheelchair-bound, though dapper as ever, Peter Rodriguez gazed in appreciation at the large crowd that had gathered at Fort Mason on Nov. 19 to\" \/>\n<meta name=\"robots\" content=\"index, follow, max-snippet:-1, max-image-preview:large, max-video-preview:-1\" \/>\n<link rel=\"canonical\" href=\"https:\/\/eltecolote.org\/content\/en\/mexican-museum-celebrates-40-years-with-exhibition-from-its-founder\/\" \/>\n<meta property=\"og:locale\" content=\"en_US\" \/>\n<meta property=\"og:type\" content=\"article\" \/>\n<meta property=\"og:title\" content=\"Mexican Museum celebrates 40 years with exhibition from its founder - El Tecolote\" \/>\n<meta property=\"og:description\" content=\"Frail and wheelchair-bound, though dapper as ever, Peter Rodriguez gazed in appreciation at the large crowd that had gathered at Fort Mason on Nov. 19 to\" \/>\n<meta property=\"og:url\" content=\"https:\/\/eltecolote.org\/content\/en\/mexican-museum-celebrates-40-years-with-exhibition-from-its-founder\/\" \/>\n<meta property=\"og:site_name\" content=\"El Tecolote\" \/>\n<meta property=\"article:publisher\" content=\"https:\/\/www.facebook.com\/ElTecoloteSF\/\" \/>\n<meta property=\"article:published_time\" content=\"2015-12-19T02:18:14+00:00\" \/>\n<meta property=\"article:modified_time\" content=\"2016-07-01T22:08:14+00:00\" \/>\n<meta property=\"og:image\" content=\"https:\/\/i0.wp.com\/eltecolote.org\/content\/wp-content\/uploads\/2015\/12\/Mexican-Museum_01web1.jpg?fit=864%2C576&ssl=1\" \/>\n\t<meta property=\"og:image:width\" content=\"864\" \/>\n\t<meta property=\"og:image:height\" content=\"576\" \/>\n\t<meta property=\"og:image:type\" content=\"image\/jpeg\" \/>\n<meta name=\"author\" content=\"El Tecolote Staff\" \/>\n<meta name=\"twitter:card\" content=\"summary_large_image\" \/>\n<meta name=\"twitter:creator\" content=\"@eltecolotesf\" \/>\n<meta name=\"twitter:site\" content=\"@eltecolotesf\" \/>\n<meta name=\"twitter:label1\" content=\"Written by\" \/>\n\t<meta name=\"twitter:data1\" content=\"El Tecolote Staff\" \/>\n\t<meta name=\"twitter:label2\" content=\"Est. reading time\" \/>\n\t<meta name=\"twitter:data2\" content=\"4 minutes\" \/>\n<script type=\"application\/ld+json\" class=\"yoast-schema-graph\">{\"@context\":\"https:\\\/\\\/schema.org\",\"@graph\":[{\"@type\":\"NewsArticle\",\"@id\":\"https:\\\/\\\/eltecolote.org\\\/content\\\/en\\\/mexican-museum-celebrates-40-years-with-exhibition-from-its-founder\\\/#article\",\"isPartOf\":{\"@id\":\"https:\\\/\\\/eltecolote.org\\\/content\\\/en\\\/mexican-museum-celebrates-40-years-with-exhibition-from-its-founder\\\/\"},\"author\":{\"name\":\"El Tecolote Staff\",\"@id\":\"https:\\\/\\\/eltecolote.org\\\/content\\\/#\\\/schema\\\/person\\\/08828d10185eba96895a8363a269410e\"},\"headline\":\"Mexican Museum celebrates 40 years with exhibition from its founder\",\"datePublished\":\"2015-12-19T02:18:14+00:00\",\"dateModified\":\"2016-07-01T22:08:14+00:00\",\"mainEntityOfPage\":{\"@id\":\"https:\\\/\\\/eltecolote.org\\\/content\\\/en\\\/mexican-museum-celebrates-40-years-with-exhibition-from-its-founder\\\/\"},\"wordCount\":757,\"commentCount\":0,\"publisher\":{\"@id\":\"https:\\\/\\\/eltecolote.org\\\/content\\\/#organization\"},\"image\":{\"@id\":\"https:\\\/\\\/eltecolote.org\\\/content\\\/en\\\/mexican-museum-celebrates-40-years-with-exhibition-from-its-founder\\\/#primaryimage\"},\"thumbnailUrl\":\"https:\\\/\\\/i0.wp.com\\\/eltecolote.org\\\/content\\\/wp-content\\\/uploads\\\/2015\\\/12\\\/Mexican-Museum_01web1.jpg?fit=864%2C576&quality=89&ssl=1\",\"keywords\":[\"Adriana Williams\",\"Amalia Mesa-Bains\",\"Bea Carrillo Hocker\",\"Cultura y Color: The Art of Peter Rodriguez\",\"Cynthia Pierce\",\"Far West Laboratories\",\"Guadalupe Garc\u00eda\",\"Jes\u00fas Rodr\u00edguez\",\"Lupe Kindel\",\"Mexican Museum\",\"Nora Wagner\",\"Peter Rodriguez\",\"Tim S\u00e1nchez\",\"VIDA\"],\"articleSection\":[\"News\"],\"inLanguage\":\"en\",\"potentialAction\":[{\"@type\":\"CommentAction\",\"name\":\"Comment\",\"target\":[\"https:\\\/\\\/eltecolote.org\\\/content\\\/en\\\/mexican-museum-celebrates-40-years-with-exhibition-from-its-founder\\\/#respond\"]}]},{\"@type\":\"WebPage\",\"@id\":\"https:\\\/\\\/eltecolote.org\\\/content\\\/en\\\/mexican-museum-celebrates-40-years-with-exhibition-from-its-founder\\\/\",\"url\":\"https:\\\/\\\/eltecolote.org\\\/content\\\/en\\\/mexican-museum-celebrates-40-years-with-exhibition-from-its-founder\\\/\",\"name\":\"Mexican Museum celebrates 40 years with exhibition from its founder - El Tecolote\",\"isPartOf\":{\"@id\":\"https:\\\/\\\/eltecolote.org\\\/content\\\/#website\"},\"primaryImageOfPage\":{\"@id\":\"https:\\\/\\\/eltecolote.org\\\/content\\\/en\\\/mexican-museum-celebrates-40-years-with-exhibition-from-its-founder\\\/#primaryimage\"},\"image\":{\"@id\":\"https:\\\/\\\/eltecolote.org\\\/content\\\/en\\\/mexican-museum-celebrates-40-years-with-exhibition-from-its-founder\\\/#primaryimage\"},\"thumbnailUrl\":\"https:\\\/\\\/i0.wp.com\\\/eltecolote.org\\\/content\\\/wp-content\\\/uploads\\\/2015\\\/12\\\/Mexican-Museum_01web1.jpg?fit=864%2C576&quality=89&ssl=1\",\"datePublished\":\"2015-12-19T02:18:14+00:00\",\"dateModified\":\"2016-07-01T22:08:14+00:00\",\"description\":\"Frail and wheelchair-bound, though dapper as ever, Peter Rodriguez gazed in appreciation at the large crowd that had gathered at Fort Mason on Nov. 19 to\",\"inLanguage\":\"en\",\"potentialAction\":[{\"@type\":\"ReadAction\",\"target\":[\"https:\\\/\\\/eltecolote.org\\\/content\\\/en\\\/mexican-museum-celebrates-40-years-with-exhibition-from-its-founder\\\/\"]}]},{\"@type\":\"ImageObject\",\"inLanguage\":\"en\",\"@id\":\"https:\\\/\\\/eltecolote.org\\\/content\\\/en\\\/mexican-museum-celebrates-40-years-with-exhibition-from-its-founder\\\/#primaryimage\",\"url\":\"https:\\\/\\\/i0.wp.com\\\/eltecolote.org\\\/content\\\/wp-content\\\/uploads\\\/2015\\\/12\\\/Mexican-Museum_01web1.jpg?fit=864%2C576&quality=89&ssl=1\",\"contentUrl\":\"https:\\\/\\\/i0.wp.com\\\/eltecolote.org\\\/content\\\/wp-content\\\/uploads\\\/2015\\\/12\\\/Mexican-Museum_01web1.jpg?fit=864%2C576&quality=89&ssl=1\",\"width\":864,\"height\":576},{\"@type\":\"WebSite\",\"@id\":\"https:\\\/\\\/eltecolote.org\\\/content\\\/#website\",\"url\":\"https:\\\/\\\/eltecolote.org\\\/content\\\/\",\"name\":\"El Tecolote\",\"description\":\"San Francisco's Latinx newspaper since 1970\",\"publisher\":{\"@id\":\"https:\\\/\\\/eltecolote.org\\\/content\\\/#organization\"},\"potentialAction\":[{\"@type\":\"SearchAction\",\"target\":{\"@type\":\"EntryPoint\",\"urlTemplate\":\"https:\\\/\\\/eltecolote.org\\\/content\\\/?s={search_term_string}\"},\"query-input\":{\"@type\":\"PropertyValueSpecification\",\"valueRequired\":true,\"valueName\":\"search_term_string\"}}],\"inLanguage\":\"en\"},{\"@type\":\"Organization\",\"@id\":\"https:\\\/\\\/eltecolote.org\\\/content\\\/#organization\",\"name\":\"El Tecolote\",\"url\":\"https:\\\/\\\/eltecolote.org\\\/content\\\/\",\"logo\":{\"@type\":\"ImageObject\",\"inLanguage\":\"en\",\"@id\":\"https:\\\/\\\/eltecolote.org\\\/content\\\/#\\\/schema\\\/logo\\\/image\\\/\",\"url\":\"https:\\\/\\\/i0.wp.com\\\/eltecolote.org\\\/content\\\/wp-content\\\/uploads\\\/2021\\\/05\\\/ETlogo-1.jpg?fit=400%2C400&ssl=1\",\"contentUrl\":\"https:\\\/\\\/i0.wp.com\\\/eltecolote.org\\\/content\\\/wp-content\\\/uploads\\\/2021\\\/05\\\/ETlogo-1.jpg?fit=400%2C400&ssl=1\",\"width\":400,\"height\":400,\"caption\":\"El Tecolote\"},\"image\":{\"@id\":\"https:\\\/\\\/eltecolote.org\\\/content\\\/#\\\/schema\\\/logo\\\/image\\\/\"},\"sameAs\":[\"https:\\\/\\\/www.facebook.com\\\/ElTecoloteSF\\\/\",\"https:\\\/\\\/x.com\\\/eltecolotesf\",\"https:\\\/\\\/www.instagram.com\\\/eltecolotesf\\\/\"]},{\"@type\":\"Person\",\"@id\":\"https:\\\/\\\/eltecolote.org\\\/content\\\/#\\\/schema\\\/person\\\/08828d10185eba96895a8363a269410e\",\"name\":\"El Tecolote Staff\",\"image\":{\"@type\":\"ImageObject\",\"inLanguage\":\"en\",\"@id\":\"https:\\\/\\\/secure.gravatar.com\\\/avatar\\\/9534c92c8c908364e186a64d93efc86f62367109d1b07a3454facde655968589?s=96&d=mm&r=g6afcb607783e095e4cf6be807353924d\",\"url\":\"https:\\\/\\\/secure.gravatar.com\\\/avatar\\\/9534c92c8c908364e186a64d93efc86f62367109d1b07a3454facde655968589?s=96&d=mm&r=g\",\"contentUrl\":\"https:\\\/\\\/secure.gravatar.com\\\/avatar\\\/9534c92c8c908364e186a64d93efc86f62367109d1b07a3454facde655968589?s=96&d=mm&r=g\",\"caption\":\"El Tecolote Staff\"},\"url\":\"https:\\\/\\\/eltecolote.org\\\/content\\\/author\\\/web-editor\\\/\"}]}<\/script>\n<!-- \/ Yoast SEO plugin. -->","yoast_head_json":{"title":"Mexican Museum celebrates 40 years with exhibition from its founder - El Tecolote","description":"Frail and wheelchair-bound, though dapper as ever, Peter Rodriguez gazed in appreciation at the large crowd that had gathered at Fort Mason on Nov. 19 to","robots":{"index":"index","follow":"follow","max-snippet":"max-snippet:-1","max-image-preview":"max-image-preview:large","max-video-preview":"max-video-preview:-1"},"canonical":"https:\/\/eltecolote.org\/content\/en\/mexican-museum-celebrates-40-years-with-exhibition-from-its-founder\/","og_locale":"en_US","og_type":"article","og_title":"Mexican Museum celebrates 40 years with exhibition from its founder - El Tecolote","og_description":"Frail and wheelchair-bound, though dapper as ever, Peter Rodriguez gazed in appreciation at the large crowd that had gathered at Fort Mason on Nov. 19 to","og_url":"https:\/\/eltecolote.org\/content\/en\/mexican-museum-celebrates-40-years-with-exhibition-from-its-founder\/","og_site_name":"El Tecolote","article_publisher":"https:\/\/www.facebook.com\/ElTecoloteSF\/","article_published_time":"2015-12-19T02:18:14+00:00","article_modified_time":"2016-07-01T22:08:14+00:00","og_image":[{"width":864,"height":576,"url":"https:\/\/i0.wp.com\/eltecolote.org\/content\/wp-content\/uploads\/2015\/12\/Mexican-Museum_01web1.jpg?fit=864%2C576&ssl=1","type":"image\/jpeg"}],"author":"El Tecolote Staff","twitter_card":"summary_large_image","twitter_creator":"@eltecolotesf","twitter_site":"@eltecolotesf","twitter_misc":{"Written by":"El Tecolote Staff","Est. reading time":"4 minutes"},"schema":{"@context":"https:\/\/schema.org","@graph":[{"@type":"NewsArticle","@id":"https:\/\/eltecolote.org\/content\/en\/mexican-museum-celebrates-40-years-with-exhibition-from-its-founder\/#article","isPartOf":{"@id":"https:\/\/eltecolote.org\/content\/en\/mexican-museum-celebrates-40-years-with-exhibition-from-its-founder\/"},"author":{"name":"El Tecolote Staff","@id":"https:\/\/eltecolote.org\/content\/#\/schema\/person\/08828d10185eba96895a8363a269410e"},"headline":"Mexican Museum celebrates 40 years with exhibition from its founder","datePublished":"2015-12-19T02:18:14+00:00","dateModified":"2016-07-01T22:08:14+00:00","mainEntityOfPage":{"@id":"https:\/\/eltecolote.org\/content\/en\/mexican-museum-celebrates-40-years-with-exhibition-from-its-founder\/"},"wordCount":757,"commentCount":0,"publisher":{"@id":"https:\/\/eltecolote.org\/content\/#organization"},"image":{"@id":"https:\/\/eltecolote.org\/content\/en\/mexican-museum-celebrates-40-years-with-exhibition-from-its-founder\/#primaryimage"},"thumbnailUrl":"https:\/\/i0.wp.com\/eltecolote.org\/content\/wp-content\/uploads\/2015\/12\/Mexican-Museum_01web1.jpg?fit=864%2C576&quality=89&ssl=1","keywords":["Adriana Williams","Amalia Mesa-Bains","Bea Carrillo Hocker","Cultura y Color: The Art of Peter Rodriguez","Cynthia Pierce","Far West Laboratories","Guadalupe Garc\u00eda","Jes\u00fas Rodr\u00edguez","Lupe Kindel","Mexican Museum","Nora Wagner","Peter Rodriguez","Tim S\u00e1nchez","VIDA"],"articleSection":["News"],"inLanguage":"en","potentialAction":[{"@type":"CommentAction","name":"Comment","target":["https:\/\/eltecolote.org\/content\/en\/mexican-museum-celebrates-40-years-with-exhibition-from-its-founder\/#respond"]}]},{"@type":"WebPage","@id":"https:\/\/eltecolote.org\/content\/en\/mexican-museum-celebrates-40-years-with-exhibition-from-its-founder\/","url":"https:\/\/eltecolote.org\/content\/en\/mexican-museum-celebrates-40-years-with-exhibition-from-its-founder\/","name":"Mexican Museum celebrates 40 years with exhibition from its founder - El Tecolote","isPartOf":{"@id":"https:\/\/eltecolote.org\/content\/#website"},"primaryImageOfPage":{"@id":"https:\/\/eltecolote.org\/content\/en\/mexican-museum-celebrates-40-years-with-exhibition-from-its-founder\/#primaryimage"},"image":{"@id":"https:\/\/eltecolote.org\/content\/en\/mexican-museum-celebrates-40-years-with-exhibition-from-its-founder\/#primaryimage"},"thumbnailUrl":"https:\/\/i0.wp.com\/eltecolote.org\/content\/wp-content\/uploads\/2015\/12\/Mexican-Museum_01web1.jpg?fit=864%2C576&quality=89&ssl=1","datePublished":"2015-12-19T02:18:14+00:00","dateModified":"2016-07-01T22:08:14+00:00","description":"Frail and wheelchair-bound, though dapper as ever, Peter Rodriguez gazed in appreciation at the large crowd that had gathered at Fort Mason on Nov. 19 to","inLanguage":"en","potentialAction":[{"@type":"ReadAction","target":["https:\/\/eltecolote.org\/content\/en\/mexican-museum-celebrates-40-years-with-exhibition-from-its-founder\/"]}]},{"@type":"ImageObject","inLanguage":"en","@id":"https:\/\/eltecolote.org\/content\/en\/mexican-museum-celebrates-40-years-with-exhibition-from-its-founder\/#primaryimage","url":"https:\/\/i0.wp.com\/eltecolote.org\/content\/wp-content\/uploads\/2015\/12\/Mexican-Museum_01web1.jpg?fit=864%2C576&quality=89&ssl=1","contentUrl":"https:\/\/i0.wp.com\/eltecolote.org\/content\/wp-content\/uploads\/2015\/12\/Mexican-Museum_01web1.jpg?fit=864%2C576&quality=89&ssl=1","width":864,"height":576},{"@type":"WebSite","@id":"https:\/\/eltecolote.org\/content\/#website","url":"https:\/\/eltecolote.org\/content\/","name":"El Tecolote","description":"San Francisco's Latinx newspaper since 1970","publisher":{"@id":"https:\/\/eltecolote.org\/content\/#organization"},"potentialAction":[{"@type":"SearchAction","target":{"@type":"EntryPoint","urlTemplate":"https:\/\/eltecolote.org\/content\/?s={search_term_string}"},"query-input":{"@type":"PropertyValueSpecification","valueRequired":true,"valueName":"search_term_string"}}],"inLanguage":"en"},{"@type":"Organization","@id":"https:\/\/eltecolote.org\/content\/#organization","name":"El Tecolote","url":"https:\/\/eltecolote.org\/content\/","logo":{"@type":"ImageObject","inLanguage":"en","@id":"https:\/\/eltecolote.org\/content\/#\/schema\/logo\/image\/","url":"https:\/\/i0.wp.com\/eltecolote.org\/content\/wp-content\/uploads\/2021\/05\/ETlogo-1.jpg?fit=400%2C400&ssl=1","contentUrl":"https:\/\/i0.wp.com\/eltecolote.org\/content\/wp-content\/uploads\/2021\/05\/ETlogo-1.jpg?fit=400%2C400&ssl=1","width":400,"height":400,"caption":"El Tecolote"},"image":{"@id":"https:\/\/eltecolote.org\/content\/#\/schema\/logo\/image\/"},"sameAs":["https:\/\/www.facebook.com\/ElTecoloteSF\/","https:\/\/x.com\/eltecolotesf","https:\/\/www.instagram.com\/eltecolotesf\/"]},{"@type":"Person","@id":"https:\/\/eltecolote.org\/content\/#\/schema\/person\/08828d10185eba96895a8363a269410e","name":"El Tecolote Staff","image":{"@type":"ImageObject","inLanguage":"en","@id":"https:\/\/secure.gravatar.com\/avatar\/9534c92c8c908364e186a64d93efc86f62367109d1b07a3454facde655968589?s=96&d=mm&r=g6afcb607783e095e4cf6be807353924d","url":"https:\/\/secure.gravatar.com\/avatar\/9534c92c8c908364e186a64d93efc86f62367109d1b07a3454facde655968589?s=96&d=mm&r=g","contentUrl":"https:\/\/secure.gravatar.com\/avatar\/9534c92c8c908364e186a64d93efc86f62367109d1b07a3454facde655968589?s=96&d=mm&r=g","caption":"El Tecolote Staff"},"url":"https:\/\/eltecolote.org\/content\/author\/web-editor\/"}]}},"distributor_meta":false,"distributor_terms":false,"distributor_media":false,"distributor_original_site_name":"El Tecolote","distributor_original_site_url":"https:\/\/eltecolote.org\/content","push-errors":false,"_links":{"self":[{"href":"https:\/\/eltecolote.org\/content\/wp-json\/wp\/v2\/posts\/28821","targetHints":{"allow":["GET"]}}],"collection":[{"href":"https:\/\/eltecolote.org\/content\/wp-json\/wp\/v2\/posts"}],"about":[{"href":"https:\/\/eltecolote.org\/content\/wp-json\/wp\/v2\/types\/post"}],"author":[{"embeddable":true,"href":"https:\/\/eltecolote.org\/content\/wp-json\/wp\/v2\/users\/35"}],"replies":[{"embeddable":true,"href":"https:\/\/eltecolote.org\/content\/wp-json\/wp\/v2\/comments?post=28821"}],"version-history":[{"count":1,"href":"https:\/\/eltecolote.org\/content\/wp-json\/wp\/v2\/posts\/28821\/revisions"}],"predecessor-version":[{"id":28827,"href":"https:\/\/eltecolote.org\/content\/wp-json\/wp\/v2\/posts\/28821\/revisions\/28827"}],"wp:featuredmedia":[{"embeddable":true,"href":"https:\/\/eltecolote.org\/content\/wp-json\/wp\/v2\/media\/28822"}],"wp:attachment":[{"href":"https:\/\/eltecolote.org\/content\/wp-json\/wp\/v2\/media?parent=28821"}],"wp:term":[{"taxonomy":"category","embeddable":true,"href":"https:\/\/eltecolote.org\/content\/wp-json\/wp\/v2\/categories?post=28821"},{"taxonomy":"post_tag","embeddable":true,"href":"https:\/\/eltecolote.org\/content\/wp-json\/wp\/v2\/tags?post=28821"},{"taxonomy":"author","embeddable":true,"href":"https:\/\/eltecolote.org\/content\/wp-json\/wp\/v2\/coauthors?post=28821"}],"curies":[{"name":"wp","href":"https:\/\/api.w.org\/{rel}","templated":true}]}}