{"id":2873,"date":"2010-05-24T14:00:28","date_gmt":"2010-05-24T21:00:28","guid":{"rendered":"http:\/\/eltecolote.org\/content\/?p=2873"},"modified":"2014-12-31T13:29:34","modified_gmt":"2014-12-31T20:29:34","slug":"candidato-latino-se-postula-en-una-disputada-competencia-para-juez-de-la-corte-superior","status":"publish","type":"post","link":"https:\/\/eltecolote.org\/content\/es\/candidato-latino-se-postula-en-una-disputada-competencia-para-juez-de-la-corte-superior\/","title":{"rendered":"Candidato latino se postula en una disputada competencia para juez de la Corte Superior"},"content":{"rendered":"<figure id=\"attachment_2875\" aria-describedby=\"caption-attachment-2875\" style=\"width: 288px\" class=\"wp-caption alignleft\"><a href=\"https:\/\/eltecolote.org\/content\/2010\/05\/candidato-latino-se-postula-en-una-disputada-competencia-para-juez-de-la-corte-superior\/nava_headshot\/\" rel=\"attachment wp-att-2875\"><img data-recalc-dims=\"1\" loading=\"lazy\" decoding=\"async\" class=\"size-full wp-image-2875\" title=\"Photo Courtesy of Michael Nava\" src=\"https:\/\/i0.wp.com\/eltecolote.org\/content\/wp-content\/uploads\/2010\/05\/nava_headshot.jpg?resize=288%2C380&#038;quality=89&#038;ssl=1\" alt=\"\" width=\"288\" height=\"380\" srcset=\"https:\/\/i0.wp.com\/eltecolote.org\/content\/wp-content\/uploads\/2010\/05\/nava_headshot.jpg?w=288&amp;quality=89&amp;ssl=1 288w, https:\/\/i0.wp.com\/eltecolote.org\/content\/wp-content\/uploads\/2010\/05\/nava_headshot.jpg?resize=189%2C250&amp;quality=89&amp;ssl=1 189w\" sizes=\"auto, (max-width: 288px) 100vw, 288px\" \/><\/a><figcaption id=\"caption-attachment-2875\" class=\"wp-caption-text\">Michael Nava<\/figcaption><\/figure>\n<p>En Junio, los residentes de San Francisco votar\u00e1n en una extra\u00f1a y apretada carrera para determinar que juez tomar\u00e1 posesi\u00f3n de la plaza n\u00famero 15 de la Corte Superior en las elecciones judiciales de California.<\/p>\n<p>Richard Ulmer, el candidato titular de la plaza se enfrenta a la competencia directa de <a href=\"http:\/\/navaforjudge.com\/about\">Michael Nava<\/a>, un abogado que trabaja para el Juez Superior de California Carlos Moreno, que fue considerado en su momento el candidato principal para sustituir al juez David Souter de la Corte Suprema de los EE.UU. Despu\u00e9s de trabajar la mayor parte de su carrera en el sector p\u00fablico, Nava cree que la tercera rama del gobierno deber\u00eda mantener los mismos est\u00e1ndares de transparencia que el ejecutivo y el legislativo, promoviendo una mayor claridad en la justicia. Daniel Dean tambi\u00e9n est\u00e1 en esa elecci\u00f3n.<\/p>\n<p>El Tecolote ha tenido la oportunidad de sentarse con Nava y preguntarle de qu\u00e9 manera su pasado como nieto de inmigrantes mexicanos podr\u00eda traer perspectiva a la corte y explicar por qu\u00e9 escogi\u00f3 retar a un juez ya establecido, una pr\u00e1ctica poco com\u00fan en el sistema judicial.<\/p>\n<p><strong>Qu\u00e9 le califica para presentarse a la carrera para el puesto de juez de la corte superior? Qu\u00e9 tipo de experiencia tiene?<\/strong><\/p>\n<p>Me gradu\u00e9 en Stanford en 1981 y he pasado la mayor parte de mi carrera trabajando para jueces. Trabaj\u00e9 para un juez en la Corte de Apelaciones de Los \u00c1ngeles. Ella era la primera mujer negra elegida para la corte de apelaciones. Ahora trabajo para el juez Carlos Moreno, que es tercer Latino elegido para la Corte Superior de California.<\/p>\n<p>San Francisco, a pesar de ser una ciudad diversa, tiene poca diversidad en los juzgados. El setenta por ciento de los jueces son blancos. Mas del 50 por ciento de los jueces son hombres. Muchos de ellos han sido elegidos por gobernadores republicanos en los \u00faltimos 30 a\u00f1os. As\u00ed que mientras el gobierno municipal por ejemplo, es muy diverso y representa a la comunidad con gente como David Campos y David Chu, el sector judicial no es tan diverso y no representa realmente a las comunidades que forman San Francisco.<\/p>\n<p>Lo que he aprendido trabajando para el juez Woods ha sido que la ley raramente es una cuesti\u00f3n de blanco y negro. Los jueces no se limitan simplemente a leer y aplicar las reglas mec\u00e1nicamente a los hechos. Normalmente hay por lo menos dos buenas respuestas a cualquier cuesti\u00f3n legal. Lo que hacen los jueces es elegir entre las opciones. Todas ellas son legalmente defendibles y las elecciones que el juez hace est\u00e1n realmente influenciadas por su historia personal. D\u00f3nde crecieron en la escala social, cu\u00e1les son sus valores y sus opiniones pol\u00edticas en sentido amplio? B\u00e1sicamente contratamos a los jueces para hacer juicios y los juicios que hacen son tanto una cuesti\u00f3n qui\u00e9nes son como de su conocimiento de la ley. Por eso es importante tener a alguien como Sonia Sotomayor en la Corte Suprema, porque ella representa a la clase trabajadora y a las personas de color. Esa es una perspectiva que ha contribuido a formar su visi\u00f3n del mundo y sus valores, as\u00ed que cuando estudia sus casos, esa perspectiva influenciar\u00e1 de alguna manera c\u00f3mo va a juzgar en una cuesti\u00f3n legal. Ahora no tenemos demasiada gente con ese tipo de antecedentes en las cortes, que en general tienden a ser hombres blancos de clase media alta que han tenido un contacto muy estrecho con la sociedad. Esto no quiere decir que los blancos de clase media alta no puedan ser grandes jueces, claro que pueden, pero no queremos un sistema judicial dominado por ese punto de vista.<\/p>\n<p>Yo me gradu\u00e9 en Stanford y podr\u00eda haber ido a trabajar a un gran bufete privado de abogados como la mayor\u00eda de mis compa\u00f1eros de clase. Eso es lo que hace la mayor parte de la gente con t\u00edtulos de Stanford. Ellos acaban trabajando para grandes bufetes o representando a grandes empresas y terminan haciendo mucho dinero. Pero (\u2026) viniendo de una familia mexicano-americana de clase trabajadora, y siendo el primero en haber ido a la universidad y la escuela de derecho, eso no me atra\u00eda en absoluto. Desde el principio supe que quer\u00eda utilizar mi titulo de abogado para proveer un servicio publico. Trabajar para la juez Woods fue una extensi\u00f3n de eso.<\/p>\n<p>La cosa m\u00e1s importante que ella me inculc\u00f3, fue como ser un abogado minoritario de \u00e9xito, como navegar el mundo blanco sin frustrarme. Ella era encantadora y persuasiva y era realmente interesante verla trabajar en un mundo predominantemente blanco y masculino.<\/p>\n<p><strong>Cuales son los siguientes pasos que tomara para hacer que la judicatura represente la comunidad diversa de San Francisco?<\/strong><\/p>\n<p>He estado hablando con alguna gente sobre esto, especialmente los activistas pol\u00edticos mas j\u00f3venes en la ciudad, y realmente creo que deber\u00eda haber un esfuerzo para identificar, animar y dirigir a j\u00f3venes abogados que quieren ser jueces, que est\u00e1n dispuestos a presentarse, y apoyar sus esfuerzos para conseguirlo.<\/p>\n<p>Tambi\u00e9n debemos educar a los votantes de San Francisco sobre la judicatura y por que es importante que sigan esas elecciones. Es un proyecto a largo plazo. B\u00e1sicamente quiere ser parte del esfuerzo para devolver el sistema judicial a nuestra democracia, en vez de estar apartado como un club privado.<\/p>\n<p>California tiene un sistema extra\u00f1o donde el gobernador nomina primero a los jueces y \u00e9stos se presentan a las elecciones luego. (\u2026) Cuando un juez dimite o se retira y entonces, en vez de tener una elecci\u00f3n especial para ocupar la plaza, el gobernador nomina a alguien. Cuando ha terminado el plazo para que el juez sea nominado es cuando la gente puede votar. En ese momento, el juez ya ha estado ah\u00ed por un tiempo. Esa es la situaci\u00f3n del juez que estoy retratando.<\/p>\n<p>El fue nominado para sustituir a un juez que se retira, sin ning\u00fan tipo de consulta al p\u00fablico. El ha estado en esa posici\u00f3n durante diez meses. Ahora est\u00e1 en las elecciones pero es el candidato titular de la plaza no? Lo que la mayor parte de los votantes no entiende es que el s\u00f3lo ha estado ah\u00ed durante diez meses, y como s\u00f3lo ven que es el titular de la plaza y lo ha estado haciendo durante mucho tiempo y deciden votar por \u00e9l.<\/p>\n<p>Es una decisi\u00f3n unicamente del gobernador. No es transparente. Nosotros no sabemos por qu\u00e9 se nomina a ciertas personas y no a otras. Yo le digo a la gente que elegir al papa es un proceso m\u00e1s transparente que elegir a los jueces en California.<\/p>\n<p>Yo creo que si hablas con la comunidad legal, ellos dir\u00edan que este proceso a\u00edsla a los jueces de influencias pol\u00edticas. Nosotros no nos presentamos como republicanos o dem\u00f3cratas. Es una carrera independiente de los partidos. As\u00ed que ellos dicen que no quieren a los jueces haciendo campa\u00f1a y recibiendo dinero y todo eso, pero de hecho, el proceso de nominacion es tan pol\u00edtico como el otro.<\/p>\n<p>California ha tenido una serie de gobernadores conservadores que no han nominado a jueces pertenecientes a minor\u00edas para ser jueces, que no han nominado abogados gays o lesbianas para ser jueces, no han sido demasiados buenos para nominar a mujeres as\u00ed que es tan pol\u00edtico como ideol\u00f3gico, y encima en secreto.<\/p>\n<p>Por ello incluso en San Francisco, un 70 por ciento de los jueces son blancos en una ciudad donde los que se identifican como blancos son aproximadamente un 40 por ciento de la poblaci\u00f3n, y los latinoamericanos son un 36 por ciento y los latinos entre un 15 y un 20 por ciento.<\/p>\n<p><strong>Puede hablarnos de su familia?<\/strong><\/p>\n<p>Soy el nieto de emigrantes mexicanos que vinieron de M\u00e9xico alrededor de 1920. Ellos eran refugiados de la revoluci\u00f3n mexicana en la que un mill\u00f3n de mexicanos murieron entre 1910 y 1920, y un mill\u00f3n m\u00e1s fueron desplazados, sobre todo a los Estados Unidos (\u2026). Fue devastador aunque nadie aqu\u00ed lo sabe. Mis abuelos eran parte de la diaspora que vino a California escapando de los desastres de la guerra civil. Eran granjeros en M\u00e9xico y acabaron en Sacramento porque era donde estaban las cosechas.<\/p>\n<p>As\u00ed que yo vengo de una familia de trabajadores en conserveras y jornaleros. Vivimos en un barrio de Sacramento que era una de las pocas \u00e1reas donde los mexicanos pod\u00edan poseer propiedades debido a ciertas normas que b\u00e1sicamente imped\u00edan a los mexicanos y gente de color comprar propiedades en ciertas partes de Sacramento. Era posiblemente lo mismo para los japoneses -americanos, porque hab\u00eda una gran comunidad japonesa-americana en Sacramento y tend\u00edan a estar localizados en un \u00e1rea particular de la comunidad.<\/p>\n<p>Mi familia era muy pobre y yo fui el primero en ir a la universidad. Soy el \u00fanico miembro de mi familia o de mis primos en haber ido a la universidad. Ellos todav\u00eda est\u00e1n en Sacramento en trabajos muy duros. Mi madre todav\u00eda vive all\u00ed de la seguridad social. As\u00ed que s\u00ed, una familia humilde e intento mantenerme fiel a mis ra\u00edces<\/p>\n<p>Los primeros a\u00f1os, mis abuelos me criaron porque mi madre era una madre soltera. No hab\u00eda demasiados libros en la casa de mis abuelos, pero ellos ten\u00edan un juego de enciclopedias. Yo aprend\u00ed a leer muy pronto, y cuando tenia 7 o 8 a\u00f1os estaba fascinado por estos libros as\u00ed que empece a leerlos. Empezando con la \u201cA\u201d, durante mi ni\u00f1ez y adolescencia solo le\u00ed estas enciclopedias. Por ello s\u00e9 todos estos detalles triviales y hechos anecd\u00f3ticos. Yo siempre fui muy precoz y desde el principio siempre estuve inclinado hacia lo acad\u00e9mico y me encantaba leer. Pas\u00e9 la mayor parte de mi ni\u00f1ez con la nariz en un libro y eso me daba mucha satisfacci\u00f3n Me ense\u00f1\u00f3 que hab\u00eda un mundo m\u00e1s grande que el que yo viv\u00eda.<\/p>\n<p><strong>C\u00f3mo le llev\u00f3 esto a una carrera de abogado?<\/strong><\/p>\n<p>Como muchos chicos pobres yo estaba buscando un modelo inconscientemente. No hab\u00eda demasiados donde yo crec\u00ed Mi primer modelo fue Abraham Lincoln porque era un chico pobre y consigui\u00f3 una educaci\u00f3n y le fue bien. Yo creo que al principio quer\u00eda ser presidente, y entonces luego pens\u00e9 que primero ser\u00eda abogado, as\u00ed que creo que de ah\u00ed es de donde vino la idea inicial de ser abogado. De leer sobre Lincoln y tambi\u00e9n de este viejo programa de televisi\u00f3n llamado Perry Mason que le encantaba a mi abuelo.<\/p>\n<p>Sobre ser un escritor, he escrito desde que tenia 8 a\u00f1os, y no s\u00e9, es como un regalo. Empec\u00e9 a escribir mi primera novela cuando estaba estudiando para el examen para poder ejercer de abogado.<\/p>\n<p>&#8211;Traducci\u00f3n Vene Garc\u00eda<\/p>\n","protected":false},"excerpt":{"rendered":"<p>Entrevista con Michael Nava, candidato para corte superior.<\/p>\n","protected":false},"author":8,"featured_media":0,"comment_status":"open","ping_status":"open","sticky":false,"template":"","format":"standard","meta":{"newspack_popups_has_disabled_popups":false,"newspack_featured_image_position":"","newspack_post_subtitle":"","newspack_article_summary_title":"Overview:","newspack_article_summary":"","newspack_hide_updated_date":false,"newspack_show_updated_date":false,"footnotes":""},"categories":[3519],"tags":[364,362,360],"coauthors":[18468],"class_list":["post-2873","post","type-post","status-publish","format-standard","hentry","category-noticias","tag-eleccion","tag-michael-nava","tag-san-francisco-superior-courts","entry"],"yoast_head":"<!-- This site is optimized with the Yoast SEO plugin v27.4 - https:\/\/yoast.com\/product\/yoast-seo-wordpress\/ -->\n<title>Candidato latino se postula en una disputada competencia para juez de la Corte Superior - El Tecolote<\/title>\n<meta name=\"description\" content=\"Entrevista con Michael Nava, candidato para corte superior.\" \/>\n<meta name=\"robots\" content=\"index, follow, max-snippet:-1, max-image-preview:large, max-video-preview:-1\" \/>\n<link rel=\"canonical\" href=\"https:\/\/eltecolote.org\/content\/es\/candidato-latino-se-postula-en-una-disputada-competencia-para-juez-de-la-corte-superior\/\" \/>\n<meta property=\"og:locale\" content=\"en_US\" \/>\n<meta property=\"og:type\" content=\"article\" \/>\n<meta property=\"og:title\" content=\"Candidato latino se postula en una disputada competencia para juez de la Corte Superior - El Tecolote\" \/>\n<meta property=\"og:description\" content=\"Entrevista con Michael Nava, candidato para corte superior.\" \/>\n<meta property=\"og:url\" content=\"https:\/\/eltecolote.org\/content\/es\/candidato-latino-se-postula-en-una-disputada-competencia-para-juez-de-la-corte-superior\/\" \/>\n<meta property=\"og:site_name\" content=\"El Tecolote\" \/>\n<meta property=\"article:publisher\" content=\"https:\/\/www.facebook.com\/ElTecoloteSF\/\" \/>\n<meta property=\"article:published_time\" content=\"2010-05-24T21:00:28+00:00\" \/>\n<meta property=\"article:modified_time\" content=\"2014-12-31T20:29:34+00:00\" \/>\n<meta property=\"og:image\" content=\"http:\/\/eltecolote.org\/content\/wp-content\/uploads\/2010\/05\/nava_headshot.jpg\" \/>\n<meta name=\"author\" content=\"inaki\" \/>\n<meta name=\"twitter:card\" content=\"summary_large_image\" \/>\n<meta name=\"twitter:creator\" content=\"@eltecolotesf\" \/>\n<meta name=\"twitter:site\" content=\"@eltecolotesf\" \/>\n<meta name=\"twitter:label1\" content=\"Written by\" \/>\n\t<meta name=\"twitter:data1\" content=\"inaki\" \/>\n\t<meta name=\"twitter:label2\" content=\"Est. reading time\" \/>\n\t<meta name=\"twitter:data2\" content=\"9 minutes\" \/>\n<script type=\"application\/ld+json\" class=\"yoast-schema-graph\">{\"@context\":\"https:\\\/\\\/schema.org\",\"@graph\":[{\"@type\":\"NewsArticle\",\"@id\":\"https:\\\/\\\/eltecolote.org\\\/content\\\/es\\\/candidato-latino-se-postula-en-una-disputada-competencia-para-juez-de-la-corte-superior\\\/#article\",\"isPartOf\":{\"@id\":\"https:\\\/\\\/eltecolote.org\\\/content\\\/es\\\/candidato-latino-se-postula-en-una-disputada-competencia-para-juez-de-la-corte-superior\\\/\"},\"author\":{\"name\":\"inaki\",\"@id\":\"https:\\\/\\\/eltecolote.org\\\/content\\\/#\\\/schema\\\/person\\\/3d16dd415f4762c1919d5f48fb96be68\"},\"headline\":\"Candidato latino se postula en una disputada competencia para juez de la Corte Superior\",\"datePublished\":\"2010-05-24T21:00:28+00:00\",\"dateModified\":\"2014-12-31T20:29:34+00:00\",\"mainEntityOfPage\":{\"@id\":\"https:\\\/\\\/eltecolote.org\\\/content\\\/es\\\/candidato-latino-se-postula-en-una-disputada-competencia-para-juez-de-la-corte-superior\\\/\"},\"wordCount\":1864,\"commentCount\":0,\"publisher\":{\"@id\":\"https:\\\/\\\/eltecolote.org\\\/content\\\/#organization\"},\"image\":{\"@id\":\"https:\\\/\\\/eltecolote.org\\\/content\\\/es\\\/candidato-latino-se-postula-en-una-disputada-competencia-para-juez-de-la-corte-superior\\\/#primaryimage\"},\"thumbnailUrl\":\"http:\\\/\\\/eltecolote.org\\\/content\\\/wp-content\\\/uploads\\\/2010\\\/05\\\/nava_headshot.jpg\",\"keywords\":[\"eleccion\",\"Michael Nava\",\"San Francisco Superior Courts\"],\"articleSection\":[\"Noticias\"],\"inLanguage\":\"en\",\"potentialAction\":[{\"@type\":\"CommentAction\",\"name\":\"Comment\",\"target\":[\"https:\\\/\\\/eltecolote.org\\\/content\\\/es\\\/candidato-latino-se-postula-en-una-disputada-competencia-para-juez-de-la-corte-superior\\\/#respond\"]}]},{\"@type\":\"WebPage\",\"@id\":\"https:\\\/\\\/eltecolote.org\\\/content\\\/es\\\/candidato-latino-se-postula-en-una-disputada-competencia-para-juez-de-la-corte-superior\\\/\",\"url\":\"https:\\\/\\\/eltecolote.org\\\/content\\\/es\\\/candidato-latino-se-postula-en-una-disputada-competencia-para-juez-de-la-corte-superior\\\/\",\"name\":\"Candidato latino se postula en una disputada competencia para juez de la Corte Superior - El Tecolote\",\"isPartOf\":{\"@id\":\"https:\\\/\\\/eltecolote.org\\\/content\\\/#website\"},\"primaryImageOfPage\":{\"@id\":\"https:\\\/\\\/eltecolote.org\\\/content\\\/es\\\/candidato-latino-se-postula-en-una-disputada-competencia-para-juez-de-la-corte-superior\\\/#primaryimage\"},\"image\":{\"@id\":\"https:\\\/\\\/eltecolote.org\\\/content\\\/es\\\/candidato-latino-se-postula-en-una-disputada-competencia-para-juez-de-la-corte-superior\\\/#primaryimage\"},\"thumbnailUrl\":\"http:\\\/\\\/eltecolote.org\\\/content\\\/wp-content\\\/uploads\\\/2010\\\/05\\\/nava_headshot.jpg\",\"datePublished\":\"2010-05-24T21:00:28+00:00\",\"dateModified\":\"2014-12-31T20:29:34+00:00\",\"description\":\"Entrevista con Michael Nava, candidato para corte superior.\",\"inLanguage\":\"en\",\"potentialAction\":[{\"@type\":\"ReadAction\",\"target\":[\"https:\\\/\\\/eltecolote.org\\\/content\\\/es\\\/candidato-latino-se-postula-en-una-disputada-competencia-para-juez-de-la-corte-superior\\\/\"]}]},{\"@type\":\"ImageObject\",\"inLanguage\":\"en\",\"@id\":\"https:\\\/\\\/eltecolote.org\\\/content\\\/es\\\/candidato-latino-se-postula-en-una-disputada-competencia-para-juez-de-la-corte-superior\\\/#primaryimage\",\"url\":\"http:\\\/\\\/eltecolote.org\\\/content\\\/wp-content\\\/uploads\\\/2010\\\/05\\\/nava_headshot.jpg\",\"contentUrl\":\"http:\\\/\\\/eltecolote.org\\\/content\\\/wp-content\\\/uploads\\\/2010\\\/05\\\/nava_headshot.jpg\"},{\"@type\":\"WebSite\",\"@id\":\"https:\\\/\\\/eltecolote.org\\\/content\\\/#website\",\"url\":\"https:\\\/\\\/eltecolote.org\\\/content\\\/\",\"name\":\"El Tecolote\",\"description\":\"San Francisco's Latinx newspaper since 1970\",\"publisher\":{\"@id\":\"https:\\\/\\\/eltecolote.org\\\/content\\\/#organization\"},\"potentialAction\":[{\"@type\":\"SearchAction\",\"target\":{\"@type\":\"EntryPoint\",\"urlTemplate\":\"https:\\\/\\\/eltecolote.org\\\/content\\\/?s={search_term_string}\"},\"query-input\":{\"@type\":\"PropertyValueSpecification\",\"valueRequired\":true,\"valueName\":\"search_term_string\"}}],\"inLanguage\":\"en\"},{\"@type\":\"Organization\",\"@id\":\"https:\\\/\\\/eltecolote.org\\\/content\\\/#organization\",\"name\":\"El Tecolote\",\"url\":\"https:\\\/\\\/eltecolote.org\\\/content\\\/\",\"logo\":{\"@type\":\"ImageObject\",\"inLanguage\":\"en\",\"@id\":\"https:\\\/\\\/eltecolote.org\\\/content\\\/#\\\/schema\\\/logo\\\/image\\\/\",\"url\":\"https:\\\/\\\/i0.wp.com\\\/eltecolote.org\\\/content\\\/wp-content\\\/uploads\\\/2021\\\/05\\\/ETlogo-1.jpg?fit=400%2C400&ssl=1\",\"contentUrl\":\"https:\\\/\\\/i0.wp.com\\\/eltecolote.org\\\/content\\\/wp-content\\\/uploads\\\/2021\\\/05\\\/ETlogo-1.jpg?fit=400%2C400&ssl=1\",\"width\":400,\"height\":400,\"caption\":\"El Tecolote\"},\"image\":{\"@id\":\"https:\\\/\\\/eltecolote.org\\\/content\\\/#\\\/schema\\\/logo\\\/image\\\/\"},\"sameAs\":[\"https:\\\/\\\/www.facebook.com\\\/ElTecoloteSF\\\/\",\"https:\\\/\\\/x.com\\\/eltecolotesf\",\"https:\\\/\\\/www.instagram.com\\\/eltecolotesf\\\/\"]},{\"@type\":\"Person\",\"@id\":\"https:\\\/\\\/eltecolote.org\\\/content\\\/#\\\/schema\\\/person\\\/3d16dd415f4762c1919d5f48fb96be68\",\"name\":\"inaki\",\"image\":{\"@type\":\"ImageObject\",\"inLanguage\":\"en\",\"@id\":\"https:\\\/\\\/secure.gravatar.com\\\/avatar\\\/ab6ead0932ded5b2446f1718461a6be0d4ec8d3cc15301536fd1add812db4cfd?s=96&d=mm&r=g63853c5492f171feb7b16142e206d3ec\",\"url\":\"https:\\\/\\\/secure.gravatar.com\\\/avatar\\\/ab6ead0932ded5b2446f1718461a6be0d4ec8d3cc15301536fd1add812db4cfd?s=96&d=mm&r=g\",\"contentUrl\":\"https:\\\/\\\/secure.gravatar.com\\\/avatar\\\/ab6ead0932ded5b2446f1718461a6be0d4ec8d3cc15301536fd1add812db4cfd?s=96&d=mm&r=g\",\"caption\":\"inaki\"},\"url\":\"https:\\\/\\\/eltecolote.org\\\/content\\\/author\\\/inaki\\\/\"}]}<\/script>\n<!-- \/ Yoast SEO plugin. -->","yoast_head_json":{"title":"Candidato latino se postula en una disputada competencia para juez de la Corte Superior - El Tecolote","description":"Entrevista con Michael Nava, candidato para corte superior.","robots":{"index":"index","follow":"follow","max-snippet":"max-snippet:-1","max-image-preview":"max-image-preview:large","max-video-preview":"max-video-preview:-1"},"canonical":"https:\/\/eltecolote.org\/content\/es\/candidato-latino-se-postula-en-una-disputada-competencia-para-juez-de-la-corte-superior\/","og_locale":"en_US","og_type":"article","og_title":"Candidato latino se postula en una disputada competencia para juez de la Corte Superior - El Tecolote","og_description":"Entrevista con Michael Nava, candidato para corte superior.","og_url":"https:\/\/eltecolote.org\/content\/es\/candidato-latino-se-postula-en-una-disputada-competencia-para-juez-de-la-corte-superior\/","og_site_name":"El Tecolote","article_publisher":"https:\/\/www.facebook.com\/ElTecoloteSF\/","article_published_time":"2010-05-24T21:00:28+00:00","article_modified_time":"2014-12-31T20:29:34+00:00","og_image":[{"url":"http:\/\/eltecolote.org\/content\/wp-content\/uploads\/2010\/05\/nava_headshot.jpg","type":"","width":"","height":""}],"author":"inaki","twitter_card":"summary_large_image","twitter_creator":"@eltecolotesf","twitter_site":"@eltecolotesf","twitter_misc":{"Written by":"inaki","Est. reading time":"9 minutes"},"schema":{"@context":"https:\/\/schema.org","@graph":[{"@type":"NewsArticle","@id":"https:\/\/eltecolote.org\/content\/es\/candidato-latino-se-postula-en-una-disputada-competencia-para-juez-de-la-corte-superior\/#article","isPartOf":{"@id":"https:\/\/eltecolote.org\/content\/es\/candidato-latino-se-postula-en-una-disputada-competencia-para-juez-de-la-corte-superior\/"},"author":{"name":"inaki","@id":"https:\/\/eltecolote.org\/content\/#\/schema\/person\/3d16dd415f4762c1919d5f48fb96be68"},"headline":"Candidato latino se postula en una disputada competencia para juez de la Corte Superior","datePublished":"2010-05-24T21:00:28+00:00","dateModified":"2014-12-31T20:29:34+00:00","mainEntityOfPage":{"@id":"https:\/\/eltecolote.org\/content\/es\/candidato-latino-se-postula-en-una-disputada-competencia-para-juez-de-la-corte-superior\/"},"wordCount":1864,"commentCount":0,"publisher":{"@id":"https:\/\/eltecolote.org\/content\/#organization"},"image":{"@id":"https:\/\/eltecolote.org\/content\/es\/candidato-latino-se-postula-en-una-disputada-competencia-para-juez-de-la-corte-superior\/#primaryimage"},"thumbnailUrl":"http:\/\/eltecolote.org\/content\/wp-content\/uploads\/2010\/05\/nava_headshot.jpg","keywords":["eleccion","Michael Nava","San Francisco Superior Courts"],"articleSection":["Noticias"],"inLanguage":"en","potentialAction":[{"@type":"CommentAction","name":"Comment","target":["https:\/\/eltecolote.org\/content\/es\/candidato-latino-se-postula-en-una-disputada-competencia-para-juez-de-la-corte-superior\/#respond"]}]},{"@type":"WebPage","@id":"https:\/\/eltecolote.org\/content\/es\/candidato-latino-se-postula-en-una-disputada-competencia-para-juez-de-la-corte-superior\/","url":"https:\/\/eltecolote.org\/content\/es\/candidato-latino-se-postula-en-una-disputada-competencia-para-juez-de-la-corte-superior\/","name":"Candidato latino se postula en una disputada competencia para juez de la Corte Superior - El Tecolote","isPartOf":{"@id":"https:\/\/eltecolote.org\/content\/#website"},"primaryImageOfPage":{"@id":"https:\/\/eltecolote.org\/content\/es\/candidato-latino-se-postula-en-una-disputada-competencia-para-juez-de-la-corte-superior\/#primaryimage"},"image":{"@id":"https:\/\/eltecolote.org\/content\/es\/candidato-latino-se-postula-en-una-disputada-competencia-para-juez-de-la-corte-superior\/#primaryimage"},"thumbnailUrl":"http:\/\/eltecolote.org\/content\/wp-content\/uploads\/2010\/05\/nava_headshot.jpg","datePublished":"2010-05-24T21:00:28+00:00","dateModified":"2014-12-31T20:29:34+00:00","description":"Entrevista con Michael Nava, candidato para corte superior.","inLanguage":"en","potentialAction":[{"@type":"ReadAction","target":["https:\/\/eltecolote.org\/content\/es\/candidato-latino-se-postula-en-una-disputada-competencia-para-juez-de-la-corte-superior\/"]}]},{"@type":"ImageObject","inLanguage":"en","@id":"https:\/\/eltecolote.org\/content\/es\/candidato-latino-se-postula-en-una-disputada-competencia-para-juez-de-la-corte-superior\/#primaryimage","url":"http:\/\/eltecolote.org\/content\/wp-content\/uploads\/2010\/05\/nava_headshot.jpg","contentUrl":"http:\/\/eltecolote.org\/content\/wp-content\/uploads\/2010\/05\/nava_headshot.jpg"},{"@type":"WebSite","@id":"https:\/\/eltecolote.org\/content\/#website","url":"https:\/\/eltecolote.org\/content\/","name":"El Tecolote","description":"San Francisco's Latinx newspaper since 1970","publisher":{"@id":"https:\/\/eltecolote.org\/content\/#organization"},"potentialAction":[{"@type":"SearchAction","target":{"@type":"EntryPoint","urlTemplate":"https:\/\/eltecolote.org\/content\/?s={search_term_string}"},"query-input":{"@type":"PropertyValueSpecification","valueRequired":true,"valueName":"search_term_string"}}],"inLanguage":"en"},{"@type":"Organization","@id":"https:\/\/eltecolote.org\/content\/#organization","name":"El Tecolote","url":"https:\/\/eltecolote.org\/content\/","logo":{"@type":"ImageObject","inLanguage":"en","@id":"https:\/\/eltecolote.org\/content\/#\/schema\/logo\/image\/","url":"https:\/\/i0.wp.com\/eltecolote.org\/content\/wp-content\/uploads\/2021\/05\/ETlogo-1.jpg?fit=400%2C400&ssl=1","contentUrl":"https:\/\/i0.wp.com\/eltecolote.org\/content\/wp-content\/uploads\/2021\/05\/ETlogo-1.jpg?fit=400%2C400&ssl=1","width":400,"height":400,"caption":"El Tecolote"},"image":{"@id":"https:\/\/eltecolote.org\/content\/#\/schema\/logo\/image\/"},"sameAs":["https:\/\/www.facebook.com\/ElTecoloteSF\/","https:\/\/x.com\/eltecolotesf","https:\/\/www.instagram.com\/eltecolotesf\/"]},{"@type":"Person","@id":"https:\/\/eltecolote.org\/content\/#\/schema\/person\/3d16dd415f4762c1919d5f48fb96be68","name":"inaki","image":{"@type":"ImageObject","inLanguage":"en","@id":"https:\/\/secure.gravatar.com\/avatar\/ab6ead0932ded5b2446f1718461a6be0d4ec8d3cc15301536fd1add812db4cfd?s=96&d=mm&r=g63853c5492f171feb7b16142e206d3ec","url":"https:\/\/secure.gravatar.com\/avatar\/ab6ead0932ded5b2446f1718461a6be0d4ec8d3cc15301536fd1add812db4cfd?s=96&d=mm&r=g","contentUrl":"https:\/\/secure.gravatar.com\/avatar\/ab6ead0932ded5b2446f1718461a6be0d4ec8d3cc15301536fd1add812db4cfd?s=96&d=mm&r=g","caption":"inaki"},"url":"https:\/\/eltecolote.org\/content\/author\/inaki\/"}]}},"distributor_meta":false,"distributor_terms":false,"distributor_media":false,"distributor_original_site_name":"El Tecolote","distributor_original_site_url":"https:\/\/eltecolote.org\/content","push-errors":false,"_links":{"self":[{"href":"https:\/\/eltecolote.org\/content\/wp-json\/wp\/v2\/posts\/2873","targetHints":{"allow":["GET"]}}],"collection":[{"href":"https:\/\/eltecolote.org\/content\/wp-json\/wp\/v2\/posts"}],"about":[{"href":"https:\/\/eltecolote.org\/content\/wp-json\/wp\/v2\/types\/post"}],"author":[{"embeddable":true,"href":"https:\/\/eltecolote.org\/content\/wp-json\/wp\/v2\/users\/8"}],"replies":[{"embeddable":true,"href":"https:\/\/eltecolote.org\/content\/wp-json\/wp\/v2\/comments?post=2873"}],"version-history":[{"count":14,"href":"https:\/\/eltecolote.org\/content\/wp-json\/wp\/v2\/posts\/2873\/revisions"}],"predecessor-version":[{"id":2898,"href":"https:\/\/eltecolote.org\/content\/wp-json\/wp\/v2\/posts\/2873\/revisions\/2898"}],"wp:attachment":[{"href":"https:\/\/eltecolote.org\/content\/wp-json\/wp\/v2\/media?parent=2873"}],"wp:term":[{"taxonomy":"category","embeddable":true,"href":"https:\/\/eltecolote.org\/content\/wp-json\/wp\/v2\/categories?post=2873"},{"taxonomy":"post_tag","embeddable":true,"href":"https:\/\/eltecolote.org\/content\/wp-json\/wp\/v2\/tags?post=2873"},{"taxonomy":"author","embeddable":true,"href":"https:\/\/eltecolote.org\/content\/wp-json\/wp\/v2\/coauthors?post=2873"}],"curies":[{"name":"wp","href":"https:\/\/api.w.org\/{rel}","templated":true}]}}