{"id":28283,"date":"2015-10-28T16:39:20","date_gmt":"2015-10-28T23:39:20","guid":{"rendered":"http:\/\/eltecolote.org\/content\/?p=28283"},"modified":"2015-10-23T16:41:55","modified_gmt":"2015-10-23T23:41:55","slug":"carta-del-alguacil-de-san-francisco","status":"publish","type":"post","link":"https:\/\/eltecolote.org\/content\/es\/carta-del-alguacil-de-san-francisco\/","title":{"rendered":"Carta del alguacil de San Francisco"},"content":{"rendered":"<figure id=\"attachment_28293\" aria-describedby=\"caption-attachment-28293\" style=\"width: 864px\" class=\"wp-caption alignnone\"><a href=\"https:\/\/i0.wp.com\/eltecolote.org\/content\/wp-content\/uploads\/2015\/10\/Ross-Mirkarimi-Letter_01web.jpg?quality=89&#038;ssl=1\"><img data-recalc-dims=\"1\" loading=\"lazy\" decoding=\"async\" class=\"size-full wp-image-28293\" src=\"https:\/\/i0.wp.com\/eltecolote.org\/content\/wp-content\/uploads\/2015\/10\/Ross-Mirkarimi-Letter_01web.jpg?resize=864%2C576&#038;quality=89&#038;ssl=1\" alt=\"El alguacil Ross Mirkarimi (al centro) haciendo promoci\u00f3n en el Distrito de la Misi\u00f3n para su campa\u00f1a de reelecci\u00f3n, el 17 de octubre de 2015. Foto Tony De Renzo\" width=\"864\" height=\"576\" srcset=\"https:\/\/i0.wp.com\/eltecolote.org\/content\/wp-content\/uploads\/2015\/10\/Ross-Mirkarimi-Letter_01web.jpg?w=864&amp;quality=89&amp;ssl=1 864w, https:\/\/i0.wp.com\/eltecolote.org\/content\/wp-content\/uploads\/2015\/10\/Ross-Mirkarimi-Letter_01web.jpg?resize=600%2C400&amp;quality=89&amp;ssl=1 600w, https:\/\/i0.wp.com\/eltecolote.org\/content\/wp-content\/uploads\/2015\/10\/Ross-Mirkarimi-Letter_01web.jpg?resize=360%2C240&amp;quality=89&amp;ssl=1 360w\" sizes=\"auto, (max-width: 864px) 100vw, 864px\" \/><\/a><figcaption id=\"caption-attachment-28293\" class=\"wp-caption-text\">El alguacil Ross Mirkarimi (al centro) haciendo promoci\u00f3n en el Distrito de la Misi\u00f3n para su campa\u00f1a de reelecci\u00f3n, el 17 de octubre de 2015. Foto Tony De Renzo<\/figcaption><\/figure>\n<p>Estimado editor,<\/p>\n<p>En 2011 el Alguacil Mike Hennessey me pidi\u00f3 postularme para continuar con su legado progresista. En una victoria aplastante aquel noviembre, nuestra comunidad estaba facultada para hacer progresar a San Francisco siguiendo los valores que hicieron famosa a nuestra ciudad.<\/p>\n<p>Hemos continuado con el legado. Nuestro desempe\u00f1o a cargo de la oficina del Alguacil ha servido de inspiraci\u00f3n a departamentos correccionales y agencias del orden p\u00fablico en todo el pa\u00eds. Juntos, hemos disminuido la poblaci\u00f3n carcelaria a niveles sin precedentes. Pero tenemos mucho m\u00e1s qu\u00e9 hacer. A diferencia de la reducci\u00f3n en dicha poblaci\u00f3n, existe otro grupo de reclusos que no tiende a ir a la baja y que corresponde a personas con doble diagn\u00f3stico por problemas graves de salud mental y de abuso de sustancias.<\/p>\n<p>Durante los \u00faltimos 50 a\u00f1os, el sistema de justicia penal de los EEUU ha sido impulsado por un sistema improductivo de retribuci\u00f3n \u2014permitiendo el efecto carrusel al construir m\u00e1s prisiones y edificios de gobierno, mientras que poco hace por mejorar la seguridad p\u00fablica. San Francisco no ha sido inmune a esta forma de pensar.<\/p>\n<p>Como Supervisor electo del Distrito Cinco que fui y ahora, como Alguacil, seguir\u00e9 haciendo frente a las fuerzas que anteponen sus propios intereses a los de la ciudadan\u00eda.<\/p>\n<p>A lo largo de mi carrera como servidor p\u00fablico y funcionario electo, he sido un partidario incondicional de la comunidad latina. Porque queremos la misma cosa, y ahora m\u00e1s que nunca, tenemos que proteger a la poblaci\u00f3n trabajadora y de clase media de San Francisco.<br \/>\nYo no soy miembro de sindicato alguno, pero he vencido a su aspirante en la elecci\u00f3n de 2011.<\/p>\n<p>No renunciar\u00e9 a mi independencia como alguacil por ganarme el favor de los sindicatos adjuntos que habr\u00e9 de presidir \u2014en la aplicaci\u00f3n de la ley en todo el pa\u00eds ese ha sido un gran problema con los agentes de polic\u00eda y alguaciles, que no pueden rendir cuentas debido a su falta de independencia.<\/p>\n<p>Por favor, ay\u00fadennos a llevar este mensaje a la gente. Respetuosamente pido su voto.<\/p>\n<p>Gracias,<\/p>\n<p>Ross Mirkarimi, Alguacil<\/p>\n<p>Por razones de espacio, esta carta ha sido abreviada, para leerla en su integridad, visite eltecolote.org<\/p>\n<p><em>\u2014 Traducci\u00f3n por Katie Beas<\/em><\/p>\n","protected":false},"excerpt":{"rendered":"<p>Estimado editor, En 2011 el Alguacil Mike Hennessey me pidi\u00f3 postularme para continuar con su legado progresista. En una victoria aplastante aquel noviembre, nuestra comunidad estaba facultada para hacer progresar a San Francisco siguiendo los valores que hicieron famosa a nuestra ciudad. Hemos continuado con el legado. Nuestro desempe\u00f1o a cargo de la oficina del [&hellip;]<\/p>\n","protected":false},"author":35,"featured_media":28293,"comment_status":"open","ping_status":"closed","sticky":false,"template":"","format":"standard","meta":{"newspack_popups_has_disabled_popups":false,"newspack_featured_image_position":"","newspack_post_subtitle":"","newspack_article_summary_title":"Overview:","newspack_article_summary":"","newspack_hide_updated_date":false,"newspack_show_updated_date":false,"footnotes":""},"categories":[3549,3531],"tags":[6809,6811,5107],"coauthors":[],"class_list":["post-28283","post","type-post","status-publish","format-standard","has-post-thumbnail","hentry","category-cartas","category-voces","tag-alguacil","tag-mike-hennessey","tag-ross-mirkarimi","entry"],"yoast_head":"<!-- This site is optimized with the Yoast SEO plugin v27.5 - https:\/\/yoast.com\/product\/yoast-seo-wordpress\/ -->\n<title>Carta del alguacil de San Francisco - El Tecolote<\/title>\n<meta name=\"description\" content=\"Estimado editor, En 2011 el Alguacil Mike Hennessey me pidi\u00f3 postularme para continuar con su legado progresista. En una victoria aplastante aquel\" \/>\n<meta name=\"robots\" content=\"index, follow, max-snippet:-1, max-image-preview:large, max-video-preview:-1\" \/>\n<link rel=\"canonical\" href=\"https:\/\/eltecolote.org\/content\/es\/carta-del-alguacil-de-san-francisco\/\" \/>\n<meta property=\"og:locale\" content=\"en_US\" \/>\n<meta property=\"og:type\" content=\"article\" \/>\n<meta property=\"og:title\" content=\"Carta del alguacil de San Francisco - El Tecolote\" \/>\n<meta property=\"og:description\" content=\"Estimado editor, En 2011 el Alguacil Mike Hennessey me pidi\u00f3 postularme para continuar con su legado progresista. En una victoria aplastante aquel\" \/>\n<meta property=\"og:url\" content=\"https:\/\/eltecolote.org\/content\/es\/carta-del-alguacil-de-san-francisco\/\" \/>\n<meta property=\"og:site_name\" content=\"El Tecolote\" \/>\n<meta property=\"article:publisher\" content=\"https:\/\/www.facebook.com\/ElTecoloteSF\/\" \/>\n<meta property=\"article:published_time\" content=\"2015-10-28T23:39:20+00:00\" \/>\n<meta property=\"og:image\" content=\"https:\/\/i0.wp.com\/eltecolote.org\/content\/wp-content\/uploads\/2015\/10\/Ross-Mirkarimi-Letter_01web.jpg?fit=864%2C576&ssl=1\" \/>\n\t<meta property=\"og:image:width\" content=\"864\" \/>\n\t<meta property=\"og:image:height\" content=\"576\" \/>\n\t<meta property=\"og:image:type\" content=\"image\/jpeg\" \/>\n<meta name=\"author\" content=\"El Tecolote Staff\" \/>\n<meta name=\"twitter:card\" content=\"summary_large_image\" \/>\n<meta name=\"twitter:creator\" content=\"@eltecolotesf\" \/>\n<meta name=\"twitter:site\" content=\"@eltecolotesf\" \/>\n<meta name=\"twitter:label1\" content=\"Written by\" \/>\n\t<meta name=\"twitter:data1\" content=\"El Tecolote Staff\" \/>\n\t<meta name=\"twitter:label2\" content=\"Est. reading time\" \/>\n\t<meta name=\"twitter:data2\" content=\"2 minutes\" \/>\n<script type=\"application\/ld+json\" class=\"yoast-schema-graph\">{\"@context\":\"https:\\\/\\\/schema.org\",\"@graph\":[{\"@type\":\"NewsArticle\",\"@id\":\"https:\\\/\\\/eltecolote.org\\\/content\\\/es\\\/carta-del-alguacil-de-san-francisco\\\/#article\",\"isPartOf\":{\"@id\":\"https:\\\/\\\/eltecolote.org\\\/content\\\/es\\\/carta-del-alguacil-de-san-francisco\\\/\"},\"author\":{\"name\":\"El Tecolote Staff\",\"@id\":\"https:\\\/\\\/eltecolote.org\\\/content\\\/#\\\/schema\\\/person\\\/08828d10185eba96895a8363a269410e\"},\"headline\":\"Carta del alguacil de San Francisco\",\"datePublished\":\"2015-10-28T23:39:20+00:00\",\"mainEntityOfPage\":{\"@id\":\"https:\\\/\\\/eltecolote.org\\\/content\\\/es\\\/carta-del-alguacil-de-san-francisco\\\/\"},\"wordCount\":429,\"commentCount\":0,\"publisher\":{\"@id\":\"https:\\\/\\\/eltecolote.org\\\/content\\\/#organization\"},\"image\":{\"@id\":\"https:\\\/\\\/eltecolote.org\\\/content\\\/es\\\/carta-del-alguacil-de-san-francisco\\\/#primaryimage\"},\"thumbnailUrl\":\"https:\\\/\\\/i0.wp.com\\\/eltecolote.org\\\/content\\\/wp-content\\\/uploads\\\/2015\\\/10\\\/Ross-Mirkarimi-Letter_01web.jpg?fit=864%2C576&quality=89&ssl=1\",\"keywords\":[\"Alguacil\",\"Mike Hennessey\",\"Ross Mirkarimi\"],\"articleSection\":[\"Cartas\",\"Voces\"],\"inLanguage\":\"en\",\"potentialAction\":[{\"@type\":\"CommentAction\",\"name\":\"Comment\",\"target\":[\"https:\\\/\\\/eltecolote.org\\\/content\\\/es\\\/carta-del-alguacil-de-san-francisco\\\/#respond\"]}]},{\"@type\":\"WebPage\",\"@id\":\"https:\\\/\\\/eltecolote.org\\\/content\\\/es\\\/carta-del-alguacil-de-san-francisco\\\/\",\"url\":\"https:\\\/\\\/eltecolote.org\\\/content\\\/es\\\/carta-del-alguacil-de-san-francisco\\\/\",\"name\":\"Carta del alguacil de San Francisco - El Tecolote\",\"isPartOf\":{\"@id\":\"https:\\\/\\\/eltecolote.org\\\/content\\\/#website\"},\"primaryImageOfPage\":{\"@id\":\"https:\\\/\\\/eltecolote.org\\\/content\\\/es\\\/carta-del-alguacil-de-san-francisco\\\/#primaryimage\"},\"image\":{\"@id\":\"https:\\\/\\\/eltecolote.org\\\/content\\\/es\\\/carta-del-alguacil-de-san-francisco\\\/#primaryimage\"},\"thumbnailUrl\":\"https:\\\/\\\/i0.wp.com\\\/eltecolote.org\\\/content\\\/wp-content\\\/uploads\\\/2015\\\/10\\\/Ross-Mirkarimi-Letter_01web.jpg?fit=864%2C576&quality=89&ssl=1\",\"datePublished\":\"2015-10-28T23:39:20+00:00\",\"description\":\"Estimado editor, En 2011 el Alguacil Mike Hennessey me pidi\u00f3 postularme para continuar con su legado progresista. En una victoria aplastante aquel\",\"inLanguage\":\"en\",\"potentialAction\":[{\"@type\":\"ReadAction\",\"target\":[\"https:\\\/\\\/eltecolote.org\\\/content\\\/es\\\/carta-del-alguacil-de-san-francisco\\\/\"]}]},{\"@type\":\"ImageObject\",\"inLanguage\":\"en\",\"@id\":\"https:\\\/\\\/eltecolote.org\\\/content\\\/es\\\/carta-del-alguacil-de-san-francisco\\\/#primaryimage\",\"url\":\"https:\\\/\\\/i0.wp.com\\\/eltecolote.org\\\/content\\\/wp-content\\\/uploads\\\/2015\\\/10\\\/Ross-Mirkarimi-Letter_01web.jpg?fit=864%2C576&quality=89&ssl=1\",\"contentUrl\":\"https:\\\/\\\/i0.wp.com\\\/eltecolote.org\\\/content\\\/wp-content\\\/uploads\\\/2015\\\/10\\\/Ross-Mirkarimi-Letter_01web.jpg?fit=864%2C576&quality=89&ssl=1\",\"width\":864,\"height\":576,\"caption\":\"El alguacil Ross Mirkarimi (al centro) haciendo promoci\u00f3n en el Distrito de la Misi\u00f3n para su campa\u00f1a de reelecci\u00f3n, el 17 de octubre de 2015. Foto Tony De Renzo\"},{\"@type\":\"WebSite\",\"@id\":\"https:\\\/\\\/eltecolote.org\\\/content\\\/#website\",\"url\":\"https:\\\/\\\/eltecolote.org\\\/content\\\/\",\"name\":\"El Tecolote\",\"description\":\"San Francisco's Latinx newspaper since 1970\",\"publisher\":{\"@id\":\"https:\\\/\\\/eltecolote.org\\\/content\\\/#organization\"},\"potentialAction\":[{\"@type\":\"SearchAction\",\"target\":{\"@type\":\"EntryPoint\",\"urlTemplate\":\"https:\\\/\\\/eltecolote.org\\\/content\\\/?s={search_term_string}\"},\"query-input\":{\"@type\":\"PropertyValueSpecification\",\"valueRequired\":true,\"valueName\":\"search_term_string\"}}],\"inLanguage\":\"en\"},{\"@type\":\"Organization\",\"@id\":\"https:\\\/\\\/eltecolote.org\\\/content\\\/#organization\",\"name\":\"El Tecolote\",\"url\":\"https:\\\/\\\/eltecolote.org\\\/content\\\/\",\"logo\":{\"@type\":\"ImageObject\",\"inLanguage\":\"en\",\"@id\":\"https:\\\/\\\/eltecolote.org\\\/content\\\/#\\\/schema\\\/logo\\\/image\\\/\",\"url\":\"https:\\\/\\\/i0.wp.com\\\/eltecolote.org\\\/content\\\/wp-content\\\/uploads\\\/2021\\\/05\\\/ETlogo-1.jpg?fit=400%2C400&ssl=1\",\"contentUrl\":\"https:\\\/\\\/i0.wp.com\\\/eltecolote.org\\\/content\\\/wp-content\\\/uploads\\\/2021\\\/05\\\/ETlogo-1.jpg?fit=400%2C400&ssl=1\",\"width\":400,\"height\":400,\"caption\":\"El Tecolote\"},\"image\":{\"@id\":\"https:\\\/\\\/eltecolote.org\\\/content\\\/#\\\/schema\\\/logo\\\/image\\\/\"},\"sameAs\":[\"https:\\\/\\\/www.facebook.com\\\/ElTecoloteSF\\\/\",\"https:\\\/\\\/x.com\\\/eltecolotesf\",\"https:\\\/\\\/www.instagram.com\\\/eltecolotesf\\\/\"]},{\"@type\":\"Person\",\"@id\":\"https:\\\/\\\/eltecolote.org\\\/content\\\/#\\\/schema\\\/person\\\/08828d10185eba96895a8363a269410e\",\"name\":\"El Tecolote Staff\",\"image\":{\"@type\":\"ImageObject\",\"inLanguage\":\"en\",\"@id\":\"https:\\\/\\\/secure.gravatar.com\\\/avatar\\\/9534c92c8c908364e186a64d93efc86f62367109d1b07a3454facde655968589?s=96&d=mm&r=g6afcb607783e095e4cf6be807353924d\",\"url\":\"https:\\\/\\\/secure.gravatar.com\\\/avatar\\\/9534c92c8c908364e186a64d93efc86f62367109d1b07a3454facde655968589?s=96&d=mm&r=g\",\"contentUrl\":\"https:\\\/\\\/secure.gravatar.com\\\/avatar\\\/9534c92c8c908364e186a64d93efc86f62367109d1b07a3454facde655968589?s=96&d=mm&r=g\",\"caption\":\"El Tecolote Staff\"},\"url\":\"https:\\\/\\\/eltecolote.org\\\/content\\\/author\\\/web-editor\\\/\"}]}<\/script>\n<!-- \/ Yoast SEO plugin. -->","yoast_head_json":{"title":"Carta del alguacil de San Francisco - El Tecolote","description":"Estimado editor, En 2011 el Alguacil Mike Hennessey me pidi\u00f3 postularme para continuar con su legado progresista. En una victoria aplastante aquel","robots":{"index":"index","follow":"follow","max-snippet":"max-snippet:-1","max-image-preview":"max-image-preview:large","max-video-preview":"max-video-preview:-1"},"canonical":"https:\/\/eltecolote.org\/content\/es\/carta-del-alguacil-de-san-francisco\/","og_locale":"en_US","og_type":"article","og_title":"Carta del alguacil de San Francisco - El Tecolote","og_description":"Estimado editor, En 2011 el Alguacil Mike Hennessey me pidi\u00f3 postularme para continuar con su legado progresista. En una victoria aplastante aquel","og_url":"https:\/\/eltecolote.org\/content\/es\/carta-del-alguacil-de-san-francisco\/","og_site_name":"El Tecolote","article_publisher":"https:\/\/www.facebook.com\/ElTecoloteSF\/","article_published_time":"2015-10-28T23:39:20+00:00","og_image":[{"width":864,"height":576,"url":"https:\/\/i0.wp.com\/eltecolote.org\/content\/wp-content\/uploads\/2015\/10\/Ross-Mirkarimi-Letter_01web.jpg?fit=864%2C576&ssl=1","type":"image\/jpeg"}],"author":"El Tecolote Staff","twitter_card":"summary_large_image","twitter_creator":"@eltecolotesf","twitter_site":"@eltecolotesf","twitter_misc":{"Written by":"El Tecolote Staff","Est. reading time":"2 minutes"},"schema":{"@context":"https:\/\/schema.org","@graph":[{"@type":"NewsArticle","@id":"https:\/\/eltecolote.org\/content\/es\/carta-del-alguacil-de-san-francisco\/#article","isPartOf":{"@id":"https:\/\/eltecolote.org\/content\/es\/carta-del-alguacil-de-san-francisco\/"},"author":{"name":"El Tecolote Staff","@id":"https:\/\/eltecolote.org\/content\/#\/schema\/person\/08828d10185eba96895a8363a269410e"},"headline":"Carta del alguacil de San Francisco","datePublished":"2015-10-28T23:39:20+00:00","mainEntityOfPage":{"@id":"https:\/\/eltecolote.org\/content\/es\/carta-del-alguacil-de-san-francisco\/"},"wordCount":429,"commentCount":0,"publisher":{"@id":"https:\/\/eltecolote.org\/content\/#organization"},"image":{"@id":"https:\/\/eltecolote.org\/content\/es\/carta-del-alguacil-de-san-francisco\/#primaryimage"},"thumbnailUrl":"https:\/\/i0.wp.com\/eltecolote.org\/content\/wp-content\/uploads\/2015\/10\/Ross-Mirkarimi-Letter_01web.jpg?fit=864%2C576&quality=89&ssl=1","keywords":["Alguacil","Mike Hennessey","Ross Mirkarimi"],"articleSection":["Cartas","Voces"],"inLanguage":"en","potentialAction":[{"@type":"CommentAction","name":"Comment","target":["https:\/\/eltecolote.org\/content\/es\/carta-del-alguacil-de-san-francisco\/#respond"]}]},{"@type":"WebPage","@id":"https:\/\/eltecolote.org\/content\/es\/carta-del-alguacil-de-san-francisco\/","url":"https:\/\/eltecolote.org\/content\/es\/carta-del-alguacil-de-san-francisco\/","name":"Carta del alguacil de San Francisco - El Tecolote","isPartOf":{"@id":"https:\/\/eltecolote.org\/content\/#website"},"primaryImageOfPage":{"@id":"https:\/\/eltecolote.org\/content\/es\/carta-del-alguacil-de-san-francisco\/#primaryimage"},"image":{"@id":"https:\/\/eltecolote.org\/content\/es\/carta-del-alguacil-de-san-francisco\/#primaryimage"},"thumbnailUrl":"https:\/\/i0.wp.com\/eltecolote.org\/content\/wp-content\/uploads\/2015\/10\/Ross-Mirkarimi-Letter_01web.jpg?fit=864%2C576&quality=89&ssl=1","datePublished":"2015-10-28T23:39:20+00:00","description":"Estimado editor, En 2011 el Alguacil Mike Hennessey me pidi\u00f3 postularme para continuar con su legado progresista. En una victoria aplastante aquel","inLanguage":"en","potentialAction":[{"@type":"ReadAction","target":["https:\/\/eltecolote.org\/content\/es\/carta-del-alguacil-de-san-francisco\/"]}]},{"@type":"ImageObject","inLanguage":"en","@id":"https:\/\/eltecolote.org\/content\/es\/carta-del-alguacil-de-san-francisco\/#primaryimage","url":"https:\/\/i0.wp.com\/eltecolote.org\/content\/wp-content\/uploads\/2015\/10\/Ross-Mirkarimi-Letter_01web.jpg?fit=864%2C576&quality=89&ssl=1","contentUrl":"https:\/\/i0.wp.com\/eltecolote.org\/content\/wp-content\/uploads\/2015\/10\/Ross-Mirkarimi-Letter_01web.jpg?fit=864%2C576&quality=89&ssl=1","width":864,"height":576,"caption":"El alguacil Ross Mirkarimi (al centro) haciendo promoci\u00f3n en el Distrito de la Misi\u00f3n para su campa\u00f1a de reelecci\u00f3n, el 17 de octubre de 2015. Foto Tony De Renzo"},{"@type":"WebSite","@id":"https:\/\/eltecolote.org\/content\/#website","url":"https:\/\/eltecolote.org\/content\/","name":"El Tecolote","description":"San Francisco's Latinx newspaper since 1970","publisher":{"@id":"https:\/\/eltecolote.org\/content\/#organization"},"potentialAction":[{"@type":"SearchAction","target":{"@type":"EntryPoint","urlTemplate":"https:\/\/eltecolote.org\/content\/?s={search_term_string}"},"query-input":{"@type":"PropertyValueSpecification","valueRequired":true,"valueName":"search_term_string"}}],"inLanguage":"en"},{"@type":"Organization","@id":"https:\/\/eltecolote.org\/content\/#organization","name":"El Tecolote","url":"https:\/\/eltecolote.org\/content\/","logo":{"@type":"ImageObject","inLanguage":"en","@id":"https:\/\/eltecolote.org\/content\/#\/schema\/logo\/image\/","url":"https:\/\/i0.wp.com\/eltecolote.org\/content\/wp-content\/uploads\/2021\/05\/ETlogo-1.jpg?fit=400%2C400&ssl=1","contentUrl":"https:\/\/i0.wp.com\/eltecolote.org\/content\/wp-content\/uploads\/2021\/05\/ETlogo-1.jpg?fit=400%2C400&ssl=1","width":400,"height":400,"caption":"El Tecolote"},"image":{"@id":"https:\/\/eltecolote.org\/content\/#\/schema\/logo\/image\/"},"sameAs":["https:\/\/www.facebook.com\/ElTecoloteSF\/","https:\/\/x.com\/eltecolotesf","https:\/\/www.instagram.com\/eltecolotesf\/"]},{"@type":"Person","@id":"https:\/\/eltecolote.org\/content\/#\/schema\/person\/08828d10185eba96895a8363a269410e","name":"El Tecolote Staff","image":{"@type":"ImageObject","inLanguage":"en","@id":"https:\/\/secure.gravatar.com\/avatar\/9534c92c8c908364e186a64d93efc86f62367109d1b07a3454facde655968589?s=96&d=mm&r=g6afcb607783e095e4cf6be807353924d","url":"https:\/\/secure.gravatar.com\/avatar\/9534c92c8c908364e186a64d93efc86f62367109d1b07a3454facde655968589?s=96&d=mm&r=g","contentUrl":"https:\/\/secure.gravatar.com\/avatar\/9534c92c8c908364e186a64d93efc86f62367109d1b07a3454facde655968589?s=96&d=mm&r=g","caption":"El Tecolote Staff"},"url":"https:\/\/eltecolote.org\/content\/author\/web-editor\/"}]}},"distributor_meta":false,"distributor_terms":false,"distributor_media":false,"distributor_original_site_name":"El Tecolote","distributor_original_site_url":"https:\/\/eltecolote.org\/content","push-errors":false,"_links":{"self":[{"href":"https:\/\/eltecolote.org\/content\/wp-json\/wp\/v2\/posts\/28283","targetHints":{"allow":["GET"]}}],"collection":[{"href":"https:\/\/eltecolote.org\/content\/wp-json\/wp\/v2\/posts"}],"about":[{"href":"https:\/\/eltecolote.org\/content\/wp-json\/wp\/v2\/types\/post"}],"author":[{"embeddable":true,"href":"https:\/\/eltecolote.org\/content\/wp-json\/wp\/v2\/users\/35"}],"replies":[{"embeddable":true,"href":"https:\/\/eltecolote.org\/content\/wp-json\/wp\/v2\/comments?post=28283"}],"version-history":[{"count":2,"href":"https:\/\/eltecolote.org\/content\/wp-json\/wp\/v2\/posts\/28283\/revisions"}],"predecessor-version":[{"id":28294,"href":"https:\/\/eltecolote.org\/content\/wp-json\/wp\/v2\/posts\/28283\/revisions\/28294"}],"wp:featuredmedia":[{"embeddable":true,"href":"https:\/\/eltecolote.org\/content\/wp-json\/wp\/v2\/media\/28293"}],"wp:attachment":[{"href":"https:\/\/eltecolote.org\/content\/wp-json\/wp\/v2\/media?parent=28283"}],"wp:term":[{"taxonomy":"category","embeddable":true,"href":"https:\/\/eltecolote.org\/content\/wp-json\/wp\/v2\/categories?post=28283"},{"taxonomy":"post_tag","embeddable":true,"href":"https:\/\/eltecolote.org\/content\/wp-json\/wp\/v2\/tags?post=28283"},{"taxonomy":"author","embeddable":true,"href":"https:\/\/eltecolote.org\/content\/wp-json\/wp\/v2\/coauthors?post=28283"}],"curies":[{"name":"wp","href":"https:\/\/api.w.org\/{rel}","templated":true}]}}