{"id":28003,"date":"2015-09-24T15:24:20","date_gmt":"2015-09-24T22:24:20","guid":{"rendered":"http:\/\/eltecolote.org\/content\/?p=28003"},"modified":"2015-09-24T15:24:20","modified_gmt":"2015-09-24T22:24:20","slug":"francisco-herrera-reta-al-alcalde-durante-conferencia-de-prensa","status":"publish","type":"post","link":"https:\/\/eltecolote.org\/content\/es\/francisco-herrera-reta-al-alcalde-durante-conferencia-de-prensa\/","title":{"rendered":"Francisco Herrera reta al alcalde durante conferencia de prensa"},"content":{"rendered":"<figure id=\"attachment_28004\" aria-describedby=\"caption-attachment-28004\" style=\"width: 864px\" class=\"wp-caption aligncenter\"><a href=\"https:\/\/i0.wp.com\/eltecolote.org\/content\/wp-content\/uploads\/2015\/09\/Francisco-Herrera-City-Hall_01web.jpg?quality=89&#038;ssl=1\"><img data-recalc-dims=\"1\" loading=\"lazy\" decoding=\"async\" class=\"size-full wp-image-28004\" src=\"https:\/\/i0.wp.com\/eltecolote.org\/content\/wp-content\/uploads\/2015\/09\/Francisco-Herrera-City-Hall_01web.jpg?resize=864%2C576&#038;quality=89&#038;ssl=1\" alt=\"El candidato a la alcald\u00eda de San Francisco, Francisco Herrera, toca la guitarra en los escalones del ayuntamiento el 16 de septiembre, el 205 aniversario de la independencia de M\u00e9xico. Rodeado por sus simpatizantes, Herrera ret\u00f3 al actual alcalde Ed Lee a un debate. Foto Erasmo Martinez\" width=\"864\" height=\"576\" srcset=\"https:\/\/i0.wp.com\/eltecolote.org\/content\/wp-content\/uploads\/2015\/09\/Francisco-Herrera-City-Hall_01web.jpg?w=864&amp;quality=89&amp;ssl=1 864w, https:\/\/i0.wp.com\/eltecolote.org\/content\/wp-content\/uploads\/2015\/09\/Francisco-Herrera-City-Hall_01web.jpg?resize=600%2C400&amp;quality=89&amp;ssl=1 600w, https:\/\/i0.wp.com\/eltecolote.org\/content\/wp-content\/uploads\/2015\/09\/Francisco-Herrera-City-Hall_01web.jpg?resize=360%2C240&amp;quality=89&amp;ssl=1 360w\" sizes=\"auto, (max-width: 864px) 100vw, 864px\" \/><\/a><figcaption id=\"caption-attachment-28004\" class=\"wp-caption-text\">El candidato a la alcald\u00eda de San Francisco, Francisco Herrera, toca la guitarra en los escalones del ayuntamiento el 16 de septiembre, el 205 aniversario de la independencia de M\u00e9xico. Rodeado por sus simpatizantes, Herrera ret\u00f3 al actual alcalde Ed Lee a un debate. Foto Erasmo Martinez<\/figcaption><\/figure>\n<p>Mientras que la bandera mexicana ondeaba sobre las escaleras del ayuntamiento de San Francisco el 16 de septiembre \u2014el aniversario 205 de la Independencia de M\u00e9xico\u2014 el m\u00fasico y aspirante a la alcald\u00eda, Francisco Herrera, cant\u00f3 una estrofa en espa\u00f1ol de la canci\u00f3n \u201cEsta lucecita m\u00eda\u201d, ante una audiencia de cerca de dos docenas.<\/p>\n<p>\u201cHermanos y hermanas, somos esa peque\u00f1a luz. Hay un hombre y racismo que quieren apagarla\u201d, dijo Herrera. \u201cSomos esa luz que ha venido para convertir a este pa\u00eds en algo mejor de lo que era cuando lo encontramos\u201d.<\/p>\n<p>Herrera denunci\u00f3 a Donald Trump, candidato presidencial republicano que ha ganado reconocimiento pol\u00edtico por atacar a los inmigrantes mexicanos indocumentados, calific\u00e1ndolos de violadores y narcotraficantes.<\/p>\n<p>\u201cEs muy simb\u00f3lico que estemos haciendo esto aqu\u00ed bajo la bandera mexicana porque nuestras comunidades han sufrido mucho\u201d, dijo Herrera.\u00a0 \u201cNo s\u00f3lo alimentamos a esta naci\u00f3n, no s\u00f3lo somos parte del 99 por ciento que genera su riqueza, sino que ahora Donald Trump quiere dirigir su campa\u00f1a literalmente en nuestras espaldas, atac\u00e1ndonos\u201d.<\/p>\n<p>Herrera tambi\u00e9n utiliz\u00f3 la plataforma para criticar a los dem\u00f3cratas locales, principalmente al alcalde Ed Lee y a la senadora d.\u00a0 Despu\u00e9s de la muerte de Kathryn Steinle \u2014la mujer de 32 a\u00f1os que el primero de julio recibi\u00f3 un disparo que le quitara la vida\u2014 Lee culp\u00f3 al Departamento del alguacil por carecer de \u201csentido com\u00fan\u201d al liberar al indocumentado y acusado de esta muerte, el mexicano Juan Francisco L\u00f3pez-S\u00e1nchez.<\/p>\n<p>Recientemente, Lee tambi\u00e9n anunci\u00f3 planes para instalar una placa en honor a Steinle en el Muelle 14.<\/p>\n<p>Asimismo, Feinstein utiliz\u00f3 la muerte de Steinle para atacar las ordenanzas de \u201cCiudad Santuario\u201d urgiendo a San Francisco a que se una al programa Cumplimiento de Prioridad del Departamento de Seguridad Nacional. Feinstein tambi\u00e9n est\u00e1 trabajando para redactar una propuesta de ley que requerir\u00eda el cumplimiento de leyes locales y estatales para informar al ICE cada que un inmigrante indocumentado que ha sido condenado por delito grave sea liberado.<\/p>\n<p>\u201cEst\u00e1n bailando al ritmo de un fan\u00e1tico \u2014eso es inconcebible para m\u00ed\u2014 prefieren acobardarse ante el lenguaje de Donald Trump y manipular aprovechando la tr\u00e1gica muerte de una joven\u201d, dijo Herrera.\u00a0 \u201cRealmente quiero invitar al alcalde a un debate.\u00a0 Que discutamos este asunto [de] por qu\u00e9 no defiende a la gente de San Francisco\u201d.<\/p>\n<p>Entre otros temas que le gustar\u00eda discutir con Lee, Herrera mencion\u00f3 la crisis de vivienda de la ciudad y las balaceras en las que se involucran oficiales.<\/p>\n<p>\u201cEste tipo de falta de atenci\u00f3n hacia nuestra comunidades es lo que le quiero pedir al Alcalde Lee que responda\u201d, dijo Herrera.<br \/>\nMiembros del grupo Ayudando a Latinos a So\u00f1ar (ALAS) y familiares de Yanira Serrano, la joven esquizofr\u00e9nica de 18 a\u00f1os que fue fatalmente baleada en las cercan\u00edas de Half Moon Bay en junio de 2014, tambi\u00e9n estaban presentes.<\/p>\n<p>Miriam Salazar, miembro de ALAS y originaria de Oaxaca que lleg\u00f3 a los EEUU cuando ten\u00eda 6 meses, llor\u00f3 mientras se dirig\u00eda a los asistentes desde las escaleras del edificio de gobierno.<\/p>\n<p>\u201cYo s\u00e9 que no importa lo que Donald Trump diga; yo me voy a quedar aqu\u00ed.\u00a0 Y voy a pelear por mi futuro\u201d, dijo Salazar. \u201cHe estado rodeada por otros miembros j\u00f3venes que sienten que no tienen voz.\u00a0 As\u00ed que decid\u00ed venir y hablar por ellos hoy, para hacerles saber a otros c\u00f3mo nos sentimos\u201d.<\/p>\n","protected":false},"excerpt":{"rendered":"<p>Mientras que la bandera mexicana ondeaba sobre las escaleras del ayuntamiento de San Francisco el 16 de septiembre \u2014el aniversario 205 de la Independencia de M\u00e9xico\u2014 el m\u00fasico y aspirante a la alcald\u00eda, Francisco Herrera, cant\u00f3 una estrofa en espa\u00f1ol de la canci\u00f3n \u201cEsta lucecita m\u00eda\u201d, ante una audiencia de cerca de dos docenas. \u201cHermanos [&hellip;]<\/p>\n","protected":false},"author":35,"featured_media":28004,"comment_status":"open","ping_status":"closed","sticky":false,"template":"","format":"standard","meta":{"newspack_popups_has_disabled_popups":false,"newspack_featured_image_position":"","newspack_post_subtitle":"","newspack_article_summary_title":"Overview:","newspack_article_summary":"","newspack_hide_updated_date":false,"newspack_show_updated_date":false,"footnotes":""},"categories":[3578,3519],"tags":[6343,5681,5549,4197,6347,6341,5683,5669,6345],"coauthors":[],"class_list":["post-28003","post","type-post","status-publish","format-standard","has-post-thumbnail","hentry","category-inmigracion-noticias","category-noticias","tag-ayudando-a-latinos-a-sonar","tag-dianne-feinstein-es","tag-donald-trump","tag-ed-lee-es","tag-francisco-herrera-es","tag-independencia-de-mexico","tag-juan-francisco-lopez-sanchez-es","tag-kathryn-steinle","tag-miriam-salazar","entry"],"yoast_head":"<!-- This site is optimized with the Yoast SEO plugin v27.5 - https:\/\/yoast.com\/product\/yoast-seo-wordpress\/ -->\n<title>Francisco Herrera reta al alcalde durante conferencia de prensa - El Tecolote<\/title>\n<meta name=\"description\" content=\"Mientras que la bandera mexicana ondeaba sobre las escaleras del ayuntamiento de San Francisco el 16 de septiembre \u2014el aniversario 205 de la Independencia\" \/>\n<meta name=\"robots\" content=\"index, follow, max-snippet:-1, max-image-preview:large, max-video-preview:-1\" \/>\n<link rel=\"canonical\" href=\"https:\/\/eltecolote.org\/content\/es\/francisco-herrera-reta-al-alcalde-durante-conferencia-de-prensa\/\" \/>\n<meta property=\"og:locale\" content=\"en_US\" \/>\n<meta property=\"og:type\" content=\"article\" \/>\n<meta property=\"og:title\" content=\"Francisco Herrera reta al alcalde durante conferencia de prensa - El Tecolote\" \/>\n<meta property=\"og:description\" content=\"Mientras que la bandera mexicana ondeaba sobre las escaleras del ayuntamiento de San Francisco el 16 de septiembre \u2014el aniversario 205 de la Independencia\" \/>\n<meta property=\"og:url\" content=\"https:\/\/eltecolote.org\/content\/es\/francisco-herrera-reta-al-alcalde-durante-conferencia-de-prensa\/\" \/>\n<meta property=\"og:site_name\" content=\"El Tecolote\" \/>\n<meta property=\"article:publisher\" content=\"https:\/\/www.facebook.com\/ElTecoloteSF\/\" \/>\n<meta property=\"article:published_time\" content=\"2015-09-24T22:24:20+00:00\" \/>\n<meta property=\"og:image\" content=\"https:\/\/i0.wp.com\/eltecolote.org\/content\/wp-content\/uploads\/2015\/09\/Francisco-Herrera-City-Hall_01web.jpg?fit=864%2C576&ssl=1\" \/>\n\t<meta property=\"og:image:width\" content=\"864\" \/>\n\t<meta property=\"og:image:height\" content=\"576\" \/>\n\t<meta property=\"og:image:type\" content=\"image\/jpeg\" \/>\n<meta name=\"author\" content=\"El Tecolote Staff\" \/>\n<meta name=\"twitter:card\" content=\"summary_large_image\" \/>\n<meta name=\"twitter:creator\" content=\"@eltecolotesf\" \/>\n<meta name=\"twitter:site\" content=\"@eltecolotesf\" \/>\n<meta name=\"twitter:label1\" content=\"Written by\" \/>\n\t<meta name=\"twitter:data1\" content=\"El Tecolote Staff\" \/>\n\t<meta name=\"twitter:label2\" content=\"Est. reading time\" \/>\n\t<meta name=\"twitter:data2\" content=\"3 minutes\" \/>\n<script type=\"application\/ld+json\" class=\"yoast-schema-graph\">{\"@context\":\"https:\\\/\\\/schema.org\",\"@graph\":[{\"@type\":\"NewsArticle\",\"@id\":\"https:\\\/\\\/eltecolote.org\\\/content\\\/es\\\/francisco-herrera-reta-al-alcalde-durante-conferencia-de-prensa\\\/#article\",\"isPartOf\":{\"@id\":\"https:\\\/\\\/eltecolote.org\\\/content\\\/es\\\/francisco-herrera-reta-al-alcalde-durante-conferencia-de-prensa\\\/\"},\"author\":{\"name\":\"El Tecolote Staff\",\"@id\":\"https:\\\/\\\/eltecolote.org\\\/content\\\/#\\\/schema\\\/person\\\/08828d10185eba96895a8363a269410e\"},\"headline\":\"Francisco Herrera reta al alcalde durante conferencia de prensa\",\"datePublished\":\"2015-09-24T22:24:20+00:00\",\"mainEntityOfPage\":{\"@id\":\"https:\\\/\\\/eltecolote.org\\\/content\\\/es\\\/francisco-herrera-reta-al-alcalde-durante-conferencia-de-prensa\\\/\"},\"wordCount\":649,\"commentCount\":0,\"publisher\":{\"@id\":\"https:\\\/\\\/eltecolote.org\\\/content\\\/#organization\"},\"image\":{\"@id\":\"https:\\\/\\\/eltecolote.org\\\/content\\\/es\\\/francisco-herrera-reta-al-alcalde-durante-conferencia-de-prensa\\\/#primaryimage\"},\"thumbnailUrl\":\"https:\\\/\\\/i0.wp.com\\\/eltecolote.org\\\/content\\\/wp-content\\\/uploads\\\/2015\\\/09\\\/Francisco-Herrera-City-Hall_01web.jpg?fit=864%2C576&quality=89&ssl=1\",\"keywords\":[\"Ayudando a Latinos a So\u00f1ar\",\"Dianne Feinstein\",\"Donald Trump\",\"Ed Lee\",\"Francisco Herrera\",\"Independencia de M\u00e9xico\",\"Juan Francisco Lopez-Sanchez\",\"Kathryn Steinle\",\"Miriam Salazar\"],\"articleSection\":[\"Inmigraci\u00f3n\",\"Noticias\"],\"inLanguage\":\"en\",\"potentialAction\":[{\"@type\":\"CommentAction\",\"name\":\"Comment\",\"target\":[\"https:\\\/\\\/eltecolote.org\\\/content\\\/es\\\/francisco-herrera-reta-al-alcalde-durante-conferencia-de-prensa\\\/#respond\"]}]},{\"@type\":\"WebPage\",\"@id\":\"https:\\\/\\\/eltecolote.org\\\/content\\\/es\\\/francisco-herrera-reta-al-alcalde-durante-conferencia-de-prensa\\\/\",\"url\":\"https:\\\/\\\/eltecolote.org\\\/content\\\/es\\\/francisco-herrera-reta-al-alcalde-durante-conferencia-de-prensa\\\/\",\"name\":\"Francisco Herrera reta al alcalde durante conferencia de prensa - El Tecolote\",\"isPartOf\":{\"@id\":\"https:\\\/\\\/eltecolote.org\\\/content\\\/#website\"},\"primaryImageOfPage\":{\"@id\":\"https:\\\/\\\/eltecolote.org\\\/content\\\/es\\\/francisco-herrera-reta-al-alcalde-durante-conferencia-de-prensa\\\/#primaryimage\"},\"image\":{\"@id\":\"https:\\\/\\\/eltecolote.org\\\/content\\\/es\\\/francisco-herrera-reta-al-alcalde-durante-conferencia-de-prensa\\\/#primaryimage\"},\"thumbnailUrl\":\"https:\\\/\\\/i0.wp.com\\\/eltecolote.org\\\/content\\\/wp-content\\\/uploads\\\/2015\\\/09\\\/Francisco-Herrera-City-Hall_01web.jpg?fit=864%2C576&quality=89&ssl=1\",\"datePublished\":\"2015-09-24T22:24:20+00:00\",\"description\":\"Mientras que la bandera mexicana ondeaba sobre las escaleras del ayuntamiento de San Francisco el 16 de septiembre \u2014el aniversario 205 de la Independencia\",\"inLanguage\":\"en\",\"potentialAction\":[{\"@type\":\"ReadAction\",\"target\":[\"https:\\\/\\\/eltecolote.org\\\/content\\\/es\\\/francisco-herrera-reta-al-alcalde-durante-conferencia-de-prensa\\\/\"]}]},{\"@type\":\"ImageObject\",\"inLanguage\":\"en\",\"@id\":\"https:\\\/\\\/eltecolote.org\\\/content\\\/es\\\/francisco-herrera-reta-al-alcalde-durante-conferencia-de-prensa\\\/#primaryimage\",\"url\":\"https:\\\/\\\/i0.wp.com\\\/eltecolote.org\\\/content\\\/wp-content\\\/uploads\\\/2015\\\/09\\\/Francisco-Herrera-City-Hall_01web.jpg?fit=864%2C576&quality=89&ssl=1\",\"contentUrl\":\"https:\\\/\\\/i0.wp.com\\\/eltecolote.org\\\/content\\\/wp-content\\\/uploads\\\/2015\\\/09\\\/Francisco-Herrera-City-Hall_01web.jpg?fit=864%2C576&quality=89&ssl=1\",\"width\":864,\"height\":576,\"caption\":\"El candidato a la alcald\u00eda de San Francisco, Francisco Herrera, toca la guitarra en los escalones del ayuntamiento el 16 de septiembre, el 205 aniversario de la independencia de M\u00e9xico. Rodeado por sus simpatizantes, Herrera ret\u00f3 al actual alcalde Ed Lee a un debate. Foto Erasmo Martinez\"},{\"@type\":\"WebSite\",\"@id\":\"https:\\\/\\\/eltecolote.org\\\/content\\\/#website\",\"url\":\"https:\\\/\\\/eltecolote.org\\\/content\\\/\",\"name\":\"El Tecolote\",\"description\":\"San Francisco's Latinx newspaper since 1970\",\"publisher\":{\"@id\":\"https:\\\/\\\/eltecolote.org\\\/content\\\/#organization\"},\"potentialAction\":[{\"@type\":\"SearchAction\",\"target\":{\"@type\":\"EntryPoint\",\"urlTemplate\":\"https:\\\/\\\/eltecolote.org\\\/content\\\/?s={search_term_string}\"},\"query-input\":{\"@type\":\"PropertyValueSpecification\",\"valueRequired\":true,\"valueName\":\"search_term_string\"}}],\"inLanguage\":\"en\"},{\"@type\":\"Organization\",\"@id\":\"https:\\\/\\\/eltecolote.org\\\/content\\\/#organization\",\"name\":\"El Tecolote\",\"url\":\"https:\\\/\\\/eltecolote.org\\\/content\\\/\",\"logo\":{\"@type\":\"ImageObject\",\"inLanguage\":\"en\",\"@id\":\"https:\\\/\\\/eltecolote.org\\\/content\\\/#\\\/schema\\\/logo\\\/image\\\/\",\"url\":\"https:\\\/\\\/i0.wp.com\\\/eltecolote.org\\\/content\\\/wp-content\\\/uploads\\\/2021\\\/05\\\/ETlogo-1.jpg?fit=400%2C400&ssl=1\",\"contentUrl\":\"https:\\\/\\\/i0.wp.com\\\/eltecolote.org\\\/content\\\/wp-content\\\/uploads\\\/2021\\\/05\\\/ETlogo-1.jpg?fit=400%2C400&ssl=1\",\"width\":400,\"height\":400,\"caption\":\"El Tecolote\"},\"image\":{\"@id\":\"https:\\\/\\\/eltecolote.org\\\/content\\\/#\\\/schema\\\/logo\\\/image\\\/\"},\"sameAs\":[\"https:\\\/\\\/www.facebook.com\\\/ElTecoloteSF\\\/\",\"https:\\\/\\\/x.com\\\/eltecolotesf\",\"https:\\\/\\\/www.instagram.com\\\/eltecolotesf\\\/\"]},{\"@type\":\"Person\",\"@id\":\"https:\\\/\\\/eltecolote.org\\\/content\\\/#\\\/schema\\\/person\\\/08828d10185eba96895a8363a269410e\",\"name\":\"El Tecolote Staff\",\"image\":{\"@type\":\"ImageObject\",\"inLanguage\":\"en\",\"@id\":\"https:\\\/\\\/secure.gravatar.com\\\/avatar\\\/9534c92c8c908364e186a64d93efc86f62367109d1b07a3454facde655968589?s=96&d=mm&r=g6afcb607783e095e4cf6be807353924d\",\"url\":\"https:\\\/\\\/secure.gravatar.com\\\/avatar\\\/9534c92c8c908364e186a64d93efc86f62367109d1b07a3454facde655968589?s=96&d=mm&r=g\",\"contentUrl\":\"https:\\\/\\\/secure.gravatar.com\\\/avatar\\\/9534c92c8c908364e186a64d93efc86f62367109d1b07a3454facde655968589?s=96&d=mm&r=g\",\"caption\":\"El Tecolote Staff\"},\"url\":\"https:\\\/\\\/eltecolote.org\\\/content\\\/author\\\/web-editor\\\/\"}]}<\/script>\n<!-- \/ Yoast SEO plugin. -->","yoast_head_json":{"title":"Francisco Herrera reta al alcalde durante conferencia de prensa - El Tecolote","description":"Mientras que la bandera mexicana ondeaba sobre las escaleras del ayuntamiento de San Francisco el 16 de septiembre \u2014el aniversario 205 de la Independencia","robots":{"index":"index","follow":"follow","max-snippet":"max-snippet:-1","max-image-preview":"max-image-preview:large","max-video-preview":"max-video-preview:-1"},"canonical":"https:\/\/eltecolote.org\/content\/es\/francisco-herrera-reta-al-alcalde-durante-conferencia-de-prensa\/","og_locale":"en_US","og_type":"article","og_title":"Francisco Herrera reta al alcalde durante conferencia de prensa - El Tecolote","og_description":"Mientras que la bandera mexicana ondeaba sobre las escaleras del ayuntamiento de San Francisco el 16 de septiembre \u2014el aniversario 205 de la Independencia","og_url":"https:\/\/eltecolote.org\/content\/es\/francisco-herrera-reta-al-alcalde-durante-conferencia-de-prensa\/","og_site_name":"El Tecolote","article_publisher":"https:\/\/www.facebook.com\/ElTecoloteSF\/","article_published_time":"2015-09-24T22:24:20+00:00","og_image":[{"width":864,"height":576,"url":"https:\/\/i0.wp.com\/eltecolote.org\/content\/wp-content\/uploads\/2015\/09\/Francisco-Herrera-City-Hall_01web.jpg?fit=864%2C576&ssl=1","type":"image\/jpeg"}],"author":"El Tecolote Staff","twitter_card":"summary_large_image","twitter_creator":"@eltecolotesf","twitter_site":"@eltecolotesf","twitter_misc":{"Written by":"El Tecolote Staff","Est. reading time":"3 minutes"},"schema":{"@context":"https:\/\/schema.org","@graph":[{"@type":"NewsArticle","@id":"https:\/\/eltecolote.org\/content\/es\/francisco-herrera-reta-al-alcalde-durante-conferencia-de-prensa\/#article","isPartOf":{"@id":"https:\/\/eltecolote.org\/content\/es\/francisco-herrera-reta-al-alcalde-durante-conferencia-de-prensa\/"},"author":{"name":"El Tecolote Staff","@id":"https:\/\/eltecolote.org\/content\/#\/schema\/person\/08828d10185eba96895a8363a269410e"},"headline":"Francisco Herrera reta al alcalde durante conferencia de prensa","datePublished":"2015-09-24T22:24:20+00:00","mainEntityOfPage":{"@id":"https:\/\/eltecolote.org\/content\/es\/francisco-herrera-reta-al-alcalde-durante-conferencia-de-prensa\/"},"wordCount":649,"commentCount":0,"publisher":{"@id":"https:\/\/eltecolote.org\/content\/#organization"},"image":{"@id":"https:\/\/eltecolote.org\/content\/es\/francisco-herrera-reta-al-alcalde-durante-conferencia-de-prensa\/#primaryimage"},"thumbnailUrl":"https:\/\/i0.wp.com\/eltecolote.org\/content\/wp-content\/uploads\/2015\/09\/Francisco-Herrera-City-Hall_01web.jpg?fit=864%2C576&quality=89&ssl=1","keywords":["Ayudando a Latinos a So\u00f1ar","Dianne Feinstein","Donald Trump","Ed Lee","Francisco Herrera","Independencia de M\u00e9xico","Juan Francisco Lopez-Sanchez","Kathryn Steinle","Miriam Salazar"],"articleSection":["Inmigraci\u00f3n","Noticias"],"inLanguage":"en","potentialAction":[{"@type":"CommentAction","name":"Comment","target":["https:\/\/eltecolote.org\/content\/es\/francisco-herrera-reta-al-alcalde-durante-conferencia-de-prensa\/#respond"]}]},{"@type":"WebPage","@id":"https:\/\/eltecolote.org\/content\/es\/francisco-herrera-reta-al-alcalde-durante-conferencia-de-prensa\/","url":"https:\/\/eltecolote.org\/content\/es\/francisco-herrera-reta-al-alcalde-durante-conferencia-de-prensa\/","name":"Francisco Herrera reta al alcalde durante conferencia de prensa - El Tecolote","isPartOf":{"@id":"https:\/\/eltecolote.org\/content\/#website"},"primaryImageOfPage":{"@id":"https:\/\/eltecolote.org\/content\/es\/francisco-herrera-reta-al-alcalde-durante-conferencia-de-prensa\/#primaryimage"},"image":{"@id":"https:\/\/eltecolote.org\/content\/es\/francisco-herrera-reta-al-alcalde-durante-conferencia-de-prensa\/#primaryimage"},"thumbnailUrl":"https:\/\/i0.wp.com\/eltecolote.org\/content\/wp-content\/uploads\/2015\/09\/Francisco-Herrera-City-Hall_01web.jpg?fit=864%2C576&quality=89&ssl=1","datePublished":"2015-09-24T22:24:20+00:00","description":"Mientras que la bandera mexicana ondeaba sobre las escaleras del ayuntamiento de San Francisco el 16 de septiembre \u2014el aniversario 205 de la Independencia","inLanguage":"en","potentialAction":[{"@type":"ReadAction","target":["https:\/\/eltecolote.org\/content\/es\/francisco-herrera-reta-al-alcalde-durante-conferencia-de-prensa\/"]}]},{"@type":"ImageObject","inLanguage":"en","@id":"https:\/\/eltecolote.org\/content\/es\/francisco-herrera-reta-al-alcalde-durante-conferencia-de-prensa\/#primaryimage","url":"https:\/\/i0.wp.com\/eltecolote.org\/content\/wp-content\/uploads\/2015\/09\/Francisco-Herrera-City-Hall_01web.jpg?fit=864%2C576&quality=89&ssl=1","contentUrl":"https:\/\/i0.wp.com\/eltecolote.org\/content\/wp-content\/uploads\/2015\/09\/Francisco-Herrera-City-Hall_01web.jpg?fit=864%2C576&quality=89&ssl=1","width":864,"height":576,"caption":"El candidato a la alcald\u00eda de San Francisco, Francisco Herrera, toca la guitarra en los escalones del ayuntamiento el 16 de septiembre, el 205 aniversario de la independencia de M\u00e9xico. Rodeado por sus simpatizantes, Herrera ret\u00f3 al actual alcalde Ed Lee a un debate. Foto Erasmo Martinez"},{"@type":"WebSite","@id":"https:\/\/eltecolote.org\/content\/#website","url":"https:\/\/eltecolote.org\/content\/","name":"El Tecolote","description":"San Francisco's Latinx newspaper since 1970","publisher":{"@id":"https:\/\/eltecolote.org\/content\/#organization"},"potentialAction":[{"@type":"SearchAction","target":{"@type":"EntryPoint","urlTemplate":"https:\/\/eltecolote.org\/content\/?s={search_term_string}"},"query-input":{"@type":"PropertyValueSpecification","valueRequired":true,"valueName":"search_term_string"}}],"inLanguage":"en"},{"@type":"Organization","@id":"https:\/\/eltecolote.org\/content\/#organization","name":"El Tecolote","url":"https:\/\/eltecolote.org\/content\/","logo":{"@type":"ImageObject","inLanguage":"en","@id":"https:\/\/eltecolote.org\/content\/#\/schema\/logo\/image\/","url":"https:\/\/i0.wp.com\/eltecolote.org\/content\/wp-content\/uploads\/2021\/05\/ETlogo-1.jpg?fit=400%2C400&ssl=1","contentUrl":"https:\/\/i0.wp.com\/eltecolote.org\/content\/wp-content\/uploads\/2021\/05\/ETlogo-1.jpg?fit=400%2C400&ssl=1","width":400,"height":400,"caption":"El Tecolote"},"image":{"@id":"https:\/\/eltecolote.org\/content\/#\/schema\/logo\/image\/"},"sameAs":["https:\/\/www.facebook.com\/ElTecoloteSF\/","https:\/\/x.com\/eltecolotesf","https:\/\/www.instagram.com\/eltecolotesf\/"]},{"@type":"Person","@id":"https:\/\/eltecolote.org\/content\/#\/schema\/person\/08828d10185eba96895a8363a269410e","name":"El Tecolote Staff","image":{"@type":"ImageObject","inLanguage":"en","@id":"https:\/\/secure.gravatar.com\/avatar\/9534c92c8c908364e186a64d93efc86f62367109d1b07a3454facde655968589?s=96&d=mm&r=g6afcb607783e095e4cf6be807353924d","url":"https:\/\/secure.gravatar.com\/avatar\/9534c92c8c908364e186a64d93efc86f62367109d1b07a3454facde655968589?s=96&d=mm&r=g","contentUrl":"https:\/\/secure.gravatar.com\/avatar\/9534c92c8c908364e186a64d93efc86f62367109d1b07a3454facde655968589?s=96&d=mm&r=g","caption":"El Tecolote Staff"},"url":"https:\/\/eltecolote.org\/content\/author\/web-editor\/"}]}},"distributor_meta":false,"distributor_terms":false,"distributor_media":false,"distributor_original_site_name":"El Tecolote","distributor_original_site_url":"https:\/\/eltecolote.org\/content","push-errors":false,"_links":{"self":[{"href":"https:\/\/eltecolote.org\/content\/wp-json\/wp\/v2\/posts\/28003","targetHints":{"allow":["GET"]}}],"collection":[{"href":"https:\/\/eltecolote.org\/content\/wp-json\/wp\/v2\/posts"}],"about":[{"href":"https:\/\/eltecolote.org\/content\/wp-json\/wp\/v2\/types\/post"}],"author":[{"embeddable":true,"href":"https:\/\/eltecolote.org\/content\/wp-json\/wp\/v2\/users\/35"}],"replies":[{"embeddable":true,"href":"https:\/\/eltecolote.org\/content\/wp-json\/wp\/v2\/comments?post=28003"}],"version-history":[{"count":1,"href":"https:\/\/eltecolote.org\/content\/wp-json\/wp\/v2\/posts\/28003\/revisions"}],"predecessor-version":[{"id":28005,"href":"https:\/\/eltecolote.org\/content\/wp-json\/wp\/v2\/posts\/28003\/revisions\/28005"}],"wp:featuredmedia":[{"embeddable":true,"href":"https:\/\/eltecolote.org\/content\/wp-json\/wp\/v2\/media\/28004"}],"wp:attachment":[{"href":"https:\/\/eltecolote.org\/content\/wp-json\/wp\/v2\/media?parent=28003"}],"wp:term":[{"taxonomy":"category","embeddable":true,"href":"https:\/\/eltecolote.org\/content\/wp-json\/wp\/v2\/categories?post=28003"},{"taxonomy":"post_tag","embeddable":true,"href":"https:\/\/eltecolote.org\/content\/wp-json\/wp\/v2\/tags?post=28003"},{"taxonomy":"author","embeddable":true,"href":"https:\/\/eltecolote.org\/content\/wp-json\/wp\/v2\/coauthors?post=28003"}],"curies":[{"name":"wp","href":"https:\/\/api.w.org\/{rel}","templated":true}]}}