{"id":27659,"date":"2015-08-17T11:40:42","date_gmt":"2015-08-17T18:40:42","guid":{"rendered":"http:\/\/eltecolote.org\/content\/?p=27659"},"modified":"2015-08-17T11:40:42","modified_gmt":"2015-08-17T18:40:42","slug":"juan-love-grammy-award-winner-juanes-brings-loco-de-amor-to-sf","status":"publish","type":"post","link":"https:\/\/eltecolote.org\/content\/en\/juan-love-grammy-award-winner-juanes-brings-loco-de-amor-to-sf\/","title":{"rendered":"Juan Love: Grammy award winner Juanes brings Loco de Amor to SF"},"content":{"rendered":"<p>[su_slider source=&#8221;media: 27668,27669,27667,27666,27665,27663,27664,27662,27660,27661&#8243; limit=&#8221;25&#8243; link=&#8221;image&#8221; target=&#8221;blank&#8221; width=&#8221;700&#8243; height=&#8221;460&#8243; autoplay=&#8221;0&#8243; speed=&#8221;500&#8243;][su_menu][\/su_slider]<\/p>\n<p>With a show that featured lights, videos and his greatest hits, the Colombian artist Juanes, aka Juan Esteban Aristiz\u00e1bal V\u00e1squez, made his San Francisco stop on his national \u201cLoco de Amor\u201d tour.<\/p>\n<p>The historic Warfield Theater located on Market Street in downtown San Francisco, played host to a packed crowd of about 2,000 mostly Latino people, who enjoyed the Grammy Award winner\u2019s performance. The show\u2019s opening act featured Mexican singer and actress Ximena Sari\u00f1ana.<br \/>\nJuanes has separated himself from other Latino artists who have found success in the United States because of his refusal to sing in English. That has caught the attention of the American media and suggests that language may not be all that necessary to cross over into the competitive United States market.<\/p>\n<p>Decked out in black with his bright red-colored microphone, his characteristic guitar slung over his shoulder and facing a sea of recording smartphones, Juanes played his most famous hits as loud as he possibly could\u2014\u201cMil pedazos,\u201d \u201cLa paga,\u201d \u201cEsta noche\u201d and \u201cLoco de amor.\u201d His style could be likened to what is classified as Latin rock, with many of the ballads and catchy rhythms being easy to follow and sing. The poetry of Juanes\u2014countryman of Gabriel Garcia Marquez\u2014may sound new to a bilingual public, but displays a theme that is somewhat depleted of romanticism.<\/p>\n<p>But offstage Juanes is known worldwide for his work on the Mi Sangre Foundation, which helps landmine victims.<br \/>\nEvents outside the venue garnered considerable attention as the exacerbated and somewhat exaggerated security thoroughly inspected concertgoers who waited in front of the building, and a couple waving a Palestinian flag protested Juanes\u2019 possible tour showing in Israel at the end of the year.<\/p>\n<p>The protesters represented the Colombian BDS campaign (Boycott, Divestment and Sanctions on the State of Israel), which is asking the singer to follow the example of Carlos Santana, Lauryn Hill, Roger Waters, Elvis Costello and others, not to visit that country.<\/p>\n<p>Before going solo, Juanes began his career with the metal band Ekhymosis. According to his label, Juanes has sold over 15 million albums worldwide.<\/p>\n","protected":false},"excerpt":{"rendered":"<p>With a show that featured lights, videos and his greatest hits, the Colombian artist Juanes, aka Juan Esteban Aristiz\u00e1bal V\u00e1squez, made his San Francisco stop on his national \u201cLoco de Amor\u201d tour.<\/p>\n","protected":false},"author":35,"featured_media":27668,"comment_status":"open","ping_status":"closed","sticky":false,"template":"","format":"standard","meta":{"newspack_popups_has_disabled_popups":false,"newspack_featured_image_position":"","newspack_post_subtitle":"","newspack_article_summary_title":"Overview:","newspack_article_summary":"","newspack_hide_updated_date":false,"newspack_show_updated_date":false,"footnotes":""},"categories":[7],"tags":[602,6043,6049,6039,6047,6045,6051],"coauthors":[],"class_list":["post-27659","post","type-post","status-publish","format-standard","has-post-thumbnail","hentry","category-news","tag-colombia","tag-juan-esteban-aristizabal-vasquez","tag-juan-love","tag-juanes","tag-loco-de-amor","tag-warfield-theater","tag-ximena-sarinana","entry"],"yoast_head":"<!-- This site is optimized with the Yoast SEO plugin v27.4 - https:\/\/yoast.com\/product\/yoast-seo-wordpress\/ -->\n<title>Juan Love: Grammy award winner Juanes brings Loco de Amor to SF - El Tecolote<\/title>\n<meta name=\"description\" content=\"Grammy award winner Juanes Loco de Amor tour stops at The Warfield\" \/>\n<meta name=\"robots\" content=\"index, follow, max-snippet:-1, max-image-preview:large, max-video-preview:-1\" \/>\n<link rel=\"canonical\" href=\"https:\/\/eltecolote.org\/content\/en\/juan-love-grammy-award-winner-juanes-brings-loco-de-amor-to-sf\/\" \/>\n<meta property=\"og:locale\" content=\"en_US\" \/>\n<meta property=\"og:type\" content=\"article\" \/>\n<meta property=\"og:title\" content=\"Juan Love: Grammy award winner Juanes brings Loco de Amor to SF - El Tecolote\" \/>\n<meta property=\"og:description\" content=\"Grammy award winner Juanes Loco de Amor tour stops at The Warfield\" \/>\n<meta property=\"og:url\" content=\"https:\/\/eltecolote.org\/content\/en\/juan-love-grammy-award-winner-juanes-brings-loco-de-amor-to-sf\/\" \/>\n<meta property=\"og:site_name\" content=\"El Tecolote\" \/>\n<meta property=\"article:publisher\" content=\"https:\/\/www.facebook.com\/ElTecoloteSF\/\" \/>\n<meta property=\"article:published_time\" content=\"2015-08-17T18:40:42+00:00\" \/>\n<meta property=\"og:image\" content=\"https:\/\/i0.wp.com\/eltecolote.org\/content\/wp-content\/uploads\/2015\/08\/Juanes_02web1.jpg?fit=864%2C576&ssl=1\" \/>\n\t<meta property=\"og:image:width\" content=\"864\" \/>\n\t<meta property=\"og:image:height\" content=\"576\" \/>\n\t<meta property=\"og:image:type\" content=\"image\/jpeg\" \/>\n<meta name=\"author\" content=\"El Tecolote Staff\" \/>\n<meta name=\"twitter:card\" content=\"summary_large_image\" \/>\n<meta name=\"twitter:creator\" content=\"@eltecolotesf\" \/>\n<meta name=\"twitter:site\" content=\"@eltecolotesf\" \/>\n<meta name=\"twitter:label1\" content=\"Written by\" \/>\n\t<meta name=\"twitter:data1\" content=\"El Tecolote Staff\" \/>\n\t<meta name=\"twitter:label2\" content=\"Est. reading time\" \/>\n\t<meta name=\"twitter:data2\" content=\"2 minutes\" \/>\n<script type=\"application\/ld+json\" class=\"yoast-schema-graph\">{\"@context\":\"https:\\\/\\\/schema.org\",\"@graph\":[{\"@type\":\"NewsArticle\",\"@id\":\"https:\\\/\\\/eltecolote.org\\\/content\\\/en\\\/juan-love-grammy-award-winner-juanes-brings-loco-de-amor-to-sf\\\/#article\",\"isPartOf\":{\"@id\":\"https:\\\/\\\/eltecolote.org\\\/content\\\/en\\\/juan-love-grammy-award-winner-juanes-brings-loco-de-amor-to-sf\\\/\"},\"author\":{\"name\":\"El Tecolote Staff\",\"@id\":\"https:\\\/\\\/eltecolote.org\\\/content\\\/#\\\/schema\\\/person\\\/08828d10185eba96895a8363a269410e\"},\"headline\":\"Juan Love: Grammy award winner Juanes brings Loco de Amor to SF\",\"datePublished\":\"2015-08-17T18:40:42+00:00\",\"mainEntityOfPage\":{\"@id\":\"https:\\\/\\\/eltecolote.org\\\/content\\\/en\\\/juan-love-grammy-award-winner-juanes-brings-loco-de-amor-to-sf\\\/\"},\"wordCount\":382,\"commentCount\":0,\"publisher\":{\"@id\":\"https:\\\/\\\/eltecolote.org\\\/content\\\/#organization\"},\"image\":{\"@id\":\"https:\\\/\\\/eltecolote.org\\\/content\\\/en\\\/juan-love-grammy-award-winner-juanes-brings-loco-de-amor-to-sf\\\/#primaryimage\"},\"thumbnailUrl\":\"https:\\\/\\\/i0.wp.com\\\/eltecolote.org\\\/content\\\/wp-content\\\/uploads\\\/2015\\\/08\\\/Juanes_02web1.jpg?fit=864%2C576&quality=89&ssl=1\",\"keywords\":[\"colombia\",\"Juan Esteban Aristiz\u00e1bal V\u00e1squez\",\"Juan Love\",\"Juanes\",\"Loco de Amor\",\"Warfield Theater\",\"Ximena Sari\u00f1ana\"],\"articleSection\":[\"News\"],\"inLanguage\":\"en\",\"potentialAction\":[{\"@type\":\"CommentAction\",\"name\":\"Comment\",\"target\":[\"https:\\\/\\\/eltecolote.org\\\/content\\\/en\\\/juan-love-grammy-award-winner-juanes-brings-loco-de-amor-to-sf\\\/#respond\"]}]},{\"@type\":\"WebPage\",\"@id\":\"https:\\\/\\\/eltecolote.org\\\/content\\\/en\\\/juan-love-grammy-award-winner-juanes-brings-loco-de-amor-to-sf\\\/\",\"url\":\"https:\\\/\\\/eltecolote.org\\\/content\\\/en\\\/juan-love-grammy-award-winner-juanes-brings-loco-de-amor-to-sf\\\/\",\"name\":\"Juan Love: Grammy award winner Juanes brings Loco de Amor to SF - El Tecolote\",\"isPartOf\":{\"@id\":\"https:\\\/\\\/eltecolote.org\\\/content\\\/#website\"},\"primaryImageOfPage\":{\"@id\":\"https:\\\/\\\/eltecolote.org\\\/content\\\/en\\\/juan-love-grammy-award-winner-juanes-brings-loco-de-amor-to-sf\\\/#primaryimage\"},\"image\":{\"@id\":\"https:\\\/\\\/eltecolote.org\\\/content\\\/en\\\/juan-love-grammy-award-winner-juanes-brings-loco-de-amor-to-sf\\\/#primaryimage\"},\"thumbnailUrl\":\"https:\\\/\\\/i0.wp.com\\\/eltecolote.org\\\/content\\\/wp-content\\\/uploads\\\/2015\\\/08\\\/Juanes_02web1.jpg?fit=864%2C576&quality=89&ssl=1\",\"datePublished\":\"2015-08-17T18:40:42+00:00\",\"description\":\"Grammy award winner Juanes Loco de Amor tour stops at The Warfield\",\"inLanguage\":\"en\",\"potentialAction\":[{\"@type\":\"ReadAction\",\"target\":[\"https:\\\/\\\/eltecolote.org\\\/content\\\/en\\\/juan-love-grammy-award-winner-juanes-brings-loco-de-amor-to-sf\\\/\"]}]},{\"@type\":\"ImageObject\",\"inLanguage\":\"en\",\"@id\":\"https:\\\/\\\/eltecolote.org\\\/content\\\/en\\\/juan-love-grammy-award-winner-juanes-brings-loco-de-amor-to-sf\\\/#primaryimage\",\"url\":\"https:\\\/\\\/i0.wp.com\\\/eltecolote.org\\\/content\\\/wp-content\\\/uploads\\\/2015\\\/08\\\/Juanes_02web1.jpg?fit=864%2C576&quality=89&ssl=1\",\"contentUrl\":\"https:\\\/\\\/i0.wp.com\\\/eltecolote.org\\\/content\\\/wp-content\\\/uploads\\\/2015\\\/08\\\/Juanes_02web1.jpg?fit=864%2C576&quality=89&ssl=1\",\"width\":864,\"height\":576,\"caption\":\"Colombian singer Juanes performs at The Warfield during his Loco De Amor concert tour, Thursday, August 6, 2015, in San Francisco, Calif.\"},{\"@type\":\"WebSite\",\"@id\":\"https:\\\/\\\/eltecolote.org\\\/content\\\/#website\",\"url\":\"https:\\\/\\\/eltecolote.org\\\/content\\\/\",\"name\":\"El Tecolote\",\"description\":\"San Francisco's Latinx newspaper since 1970\",\"publisher\":{\"@id\":\"https:\\\/\\\/eltecolote.org\\\/content\\\/#organization\"},\"potentialAction\":[{\"@type\":\"SearchAction\",\"target\":{\"@type\":\"EntryPoint\",\"urlTemplate\":\"https:\\\/\\\/eltecolote.org\\\/content\\\/?s={search_term_string}\"},\"query-input\":{\"@type\":\"PropertyValueSpecification\",\"valueRequired\":true,\"valueName\":\"search_term_string\"}}],\"inLanguage\":\"en\"},{\"@type\":\"Organization\",\"@id\":\"https:\\\/\\\/eltecolote.org\\\/content\\\/#organization\",\"name\":\"El Tecolote\",\"url\":\"https:\\\/\\\/eltecolote.org\\\/content\\\/\",\"logo\":{\"@type\":\"ImageObject\",\"inLanguage\":\"en\",\"@id\":\"https:\\\/\\\/eltecolote.org\\\/content\\\/#\\\/schema\\\/logo\\\/image\\\/\",\"url\":\"https:\\\/\\\/i0.wp.com\\\/eltecolote.org\\\/content\\\/wp-content\\\/uploads\\\/2021\\\/05\\\/ETlogo-1.jpg?fit=400%2C400&ssl=1\",\"contentUrl\":\"https:\\\/\\\/i0.wp.com\\\/eltecolote.org\\\/content\\\/wp-content\\\/uploads\\\/2021\\\/05\\\/ETlogo-1.jpg?fit=400%2C400&ssl=1\",\"width\":400,\"height\":400,\"caption\":\"El Tecolote\"},\"image\":{\"@id\":\"https:\\\/\\\/eltecolote.org\\\/content\\\/#\\\/schema\\\/logo\\\/image\\\/\"},\"sameAs\":[\"https:\\\/\\\/www.facebook.com\\\/ElTecoloteSF\\\/\",\"https:\\\/\\\/x.com\\\/eltecolotesf\",\"https:\\\/\\\/www.instagram.com\\\/eltecolotesf\\\/\"]},{\"@type\":\"Person\",\"@id\":\"https:\\\/\\\/eltecolote.org\\\/content\\\/#\\\/schema\\\/person\\\/08828d10185eba96895a8363a269410e\",\"name\":\"El Tecolote Staff\",\"image\":{\"@type\":\"ImageObject\",\"inLanguage\":\"en\",\"@id\":\"https:\\\/\\\/secure.gravatar.com\\\/avatar\\\/9534c92c8c908364e186a64d93efc86f62367109d1b07a3454facde655968589?s=96&d=mm&r=g6afcb607783e095e4cf6be807353924d\",\"url\":\"https:\\\/\\\/secure.gravatar.com\\\/avatar\\\/9534c92c8c908364e186a64d93efc86f62367109d1b07a3454facde655968589?s=96&d=mm&r=g\",\"contentUrl\":\"https:\\\/\\\/secure.gravatar.com\\\/avatar\\\/9534c92c8c908364e186a64d93efc86f62367109d1b07a3454facde655968589?s=96&d=mm&r=g\",\"caption\":\"El Tecolote Staff\"},\"url\":\"https:\\\/\\\/eltecolote.org\\\/content\\\/author\\\/web-editor\\\/\"}]}<\/script>\n<!-- \/ Yoast SEO plugin. -->","yoast_head_json":{"title":"Juan Love: Grammy award winner Juanes brings Loco de Amor to SF - El Tecolote","description":"Grammy award winner Juanes Loco de Amor tour stops at The Warfield","robots":{"index":"index","follow":"follow","max-snippet":"max-snippet:-1","max-image-preview":"max-image-preview:large","max-video-preview":"max-video-preview:-1"},"canonical":"https:\/\/eltecolote.org\/content\/en\/juan-love-grammy-award-winner-juanes-brings-loco-de-amor-to-sf\/","og_locale":"en_US","og_type":"article","og_title":"Juan Love: Grammy award winner Juanes brings Loco de Amor to SF - El Tecolote","og_description":"Grammy award winner Juanes Loco de Amor tour stops at The Warfield","og_url":"https:\/\/eltecolote.org\/content\/en\/juan-love-grammy-award-winner-juanes-brings-loco-de-amor-to-sf\/","og_site_name":"El Tecolote","article_publisher":"https:\/\/www.facebook.com\/ElTecoloteSF\/","article_published_time":"2015-08-17T18:40:42+00:00","og_image":[{"width":864,"height":576,"url":"https:\/\/i0.wp.com\/eltecolote.org\/content\/wp-content\/uploads\/2015\/08\/Juanes_02web1.jpg?fit=864%2C576&ssl=1","type":"image\/jpeg"}],"author":"El Tecolote Staff","twitter_card":"summary_large_image","twitter_creator":"@eltecolotesf","twitter_site":"@eltecolotesf","twitter_misc":{"Written by":"El Tecolote Staff","Est. reading time":"2 minutes"},"schema":{"@context":"https:\/\/schema.org","@graph":[{"@type":"NewsArticle","@id":"https:\/\/eltecolote.org\/content\/en\/juan-love-grammy-award-winner-juanes-brings-loco-de-amor-to-sf\/#article","isPartOf":{"@id":"https:\/\/eltecolote.org\/content\/en\/juan-love-grammy-award-winner-juanes-brings-loco-de-amor-to-sf\/"},"author":{"name":"El Tecolote Staff","@id":"https:\/\/eltecolote.org\/content\/#\/schema\/person\/08828d10185eba96895a8363a269410e"},"headline":"Juan Love: Grammy award winner Juanes brings Loco de Amor to SF","datePublished":"2015-08-17T18:40:42+00:00","mainEntityOfPage":{"@id":"https:\/\/eltecolote.org\/content\/en\/juan-love-grammy-award-winner-juanes-brings-loco-de-amor-to-sf\/"},"wordCount":382,"commentCount":0,"publisher":{"@id":"https:\/\/eltecolote.org\/content\/#organization"},"image":{"@id":"https:\/\/eltecolote.org\/content\/en\/juan-love-grammy-award-winner-juanes-brings-loco-de-amor-to-sf\/#primaryimage"},"thumbnailUrl":"https:\/\/i0.wp.com\/eltecolote.org\/content\/wp-content\/uploads\/2015\/08\/Juanes_02web1.jpg?fit=864%2C576&quality=89&ssl=1","keywords":["colombia","Juan Esteban Aristiz\u00e1bal V\u00e1squez","Juan Love","Juanes","Loco de Amor","Warfield Theater","Ximena Sari\u00f1ana"],"articleSection":["News"],"inLanguage":"en","potentialAction":[{"@type":"CommentAction","name":"Comment","target":["https:\/\/eltecolote.org\/content\/en\/juan-love-grammy-award-winner-juanes-brings-loco-de-amor-to-sf\/#respond"]}]},{"@type":"WebPage","@id":"https:\/\/eltecolote.org\/content\/en\/juan-love-grammy-award-winner-juanes-brings-loco-de-amor-to-sf\/","url":"https:\/\/eltecolote.org\/content\/en\/juan-love-grammy-award-winner-juanes-brings-loco-de-amor-to-sf\/","name":"Juan Love: Grammy award winner Juanes brings Loco de Amor to SF - El Tecolote","isPartOf":{"@id":"https:\/\/eltecolote.org\/content\/#website"},"primaryImageOfPage":{"@id":"https:\/\/eltecolote.org\/content\/en\/juan-love-grammy-award-winner-juanes-brings-loco-de-amor-to-sf\/#primaryimage"},"image":{"@id":"https:\/\/eltecolote.org\/content\/en\/juan-love-grammy-award-winner-juanes-brings-loco-de-amor-to-sf\/#primaryimage"},"thumbnailUrl":"https:\/\/i0.wp.com\/eltecolote.org\/content\/wp-content\/uploads\/2015\/08\/Juanes_02web1.jpg?fit=864%2C576&quality=89&ssl=1","datePublished":"2015-08-17T18:40:42+00:00","description":"Grammy award winner Juanes Loco de Amor tour stops at The Warfield","inLanguage":"en","potentialAction":[{"@type":"ReadAction","target":["https:\/\/eltecolote.org\/content\/en\/juan-love-grammy-award-winner-juanes-brings-loco-de-amor-to-sf\/"]}]},{"@type":"ImageObject","inLanguage":"en","@id":"https:\/\/eltecolote.org\/content\/en\/juan-love-grammy-award-winner-juanes-brings-loco-de-amor-to-sf\/#primaryimage","url":"https:\/\/i0.wp.com\/eltecolote.org\/content\/wp-content\/uploads\/2015\/08\/Juanes_02web1.jpg?fit=864%2C576&quality=89&ssl=1","contentUrl":"https:\/\/i0.wp.com\/eltecolote.org\/content\/wp-content\/uploads\/2015\/08\/Juanes_02web1.jpg?fit=864%2C576&quality=89&ssl=1","width":864,"height":576,"caption":"Colombian singer Juanes performs at The Warfield during his Loco De Amor concert tour, Thursday, August 6, 2015, in San Francisco, Calif."},{"@type":"WebSite","@id":"https:\/\/eltecolote.org\/content\/#website","url":"https:\/\/eltecolote.org\/content\/","name":"El Tecolote","description":"San Francisco's Latinx newspaper since 1970","publisher":{"@id":"https:\/\/eltecolote.org\/content\/#organization"},"potentialAction":[{"@type":"SearchAction","target":{"@type":"EntryPoint","urlTemplate":"https:\/\/eltecolote.org\/content\/?s={search_term_string}"},"query-input":{"@type":"PropertyValueSpecification","valueRequired":true,"valueName":"search_term_string"}}],"inLanguage":"en"},{"@type":"Organization","@id":"https:\/\/eltecolote.org\/content\/#organization","name":"El Tecolote","url":"https:\/\/eltecolote.org\/content\/","logo":{"@type":"ImageObject","inLanguage":"en","@id":"https:\/\/eltecolote.org\/content\/#\/schema\/logo\/image\/","url":"https:\/\/i0.wp.com\/eltecolote.org\/content\/wp-content\/uploads\/2021\/05\/ETlogo-1.jpg?fit=400%2C400&ssl=1","contentUrl":"https:\/\/i0.wp.com\/eltecolote.org\/content\/wp-content\/uploads\/2021\/05\/ETlogo-1.jpg?fit=400%2C400&ssl=1","width":400,"height":400,"caption":"El Tecolote"},"image":{"@id":"https:\/\/eltecolote.org\/content\/#\/schema\/logo\/image\/"},"sameAs":["https:\/\/www.facebook.com\/ElTecoloteSF\/","https:\/\/x.com\/eltecolotesf","https:\/\/www.instagram.com\/eltecolotesf\/"]},{"@type":"Person","@id":"https:\/\/eltecolote.org\/content\/#\/schema\/person\/08828d10185eba96895a8363a269410e","name":"El Tecolote Staff","image":{"@type":"ImageObject","inLanguage":"en","@id":"https:\/\/secure.gravatar.com\/avatar\/9534c92c8c908364e186a64d93efc86f62367109d1b07a3454facde655968589?s=96&d=mm&r=g6afcb607783e095e4cf6be807353924d","url":"https:\/\/secure.gravatar.com\/avatar\/9534c92c8c908364e186a64d93efc86f62367109d1b07a3454facde655968589?s=96&d=mm&r=g","contentUrl":"https:\/\/secure.gravatar.com\/avatar\/9534c92c8c908364e186a64d93efc86f62367109d1b07a3454facde655968589?s=96&d=mm&r=g","caption":"El Tecolote Staff"},"url":"https:\/\/eltecolote.org\/content\/author\/web-editor\/"}]}},"distributor_meta":false,"distributor_terms":false,"distributor_media":false,"distributor_original_site_name":"El Tecolote","distributor_original_site_url":"https:\/\/eltecolote.org\/content","push-errors":false,"_links":{"self":[{"href":"https:\/\/eltecolote.org\/content\/wp-json\/wp\/v2\/posts\/27659","targetHints":{"allow":["GET"]}}],"collection":[{"href":"https:\/\/eltecolote.org\/content\/wp-json\/wp\/v2\/posts"}],"about":[{"href":"https:\/\/eltecolote.org\/content\/wp-json\/wp\/v2\/types\/post"}],"author":[{"embeddable":true,"href":"https:\/\/eltecolote.org\/content\/wp-json\/wp\/v2\/users\/35"}],"replies":[{"embeddable":true,"href":"https:\/\/eltecolote.org\/content\/wp-json\/wp\/v2\/comments?post=27659"}],"version-history":[{"count":1,"href":"https:\/\/eltecolote.org\/content\/wp-json\/wp\/v2\/posts\/27659\/revisions"}],"predecessor-version":[{"id":27670,"href":"https:\/\/eltecolote.org\/content\/wp-json\/wp\/v2\/posts\/27659\/revisions\/27670"}],"wp:featuredmedia":[{"embeddable":true,"href":"https:\/\/eltecolote.org\/content\/wp-json\/wp\/v2\/media\/27668"}],"wp:attachment":[{"href":"https:\/\/eltecolote.org\/content\/wp-json\/wp\/v2\/media?parent=27659"}],"wp:term":[{"taxonomy":"category","embeddable":true,"href":"https:\/\/eltecolote.org\/content\/wp-json\/wp\/v2\/categories?post=27659"},{"taxonomy":"post_tag","embeddable":true,"href":"https:\/\/eltecolote.org\/content\/wp-json\/wp\/v2\/tags?post=27659"},{"taxonomy":"author","embeddable":true,"href":"https:\/\/eltecolote.org\/content\/wp-json\/wp\/v2\/coauthors?post=27659"}],"curies":[{"name":"wp","href":"https:\/\/api.w.org\/{rel}","templated":true}]}}