{"id":27606,"date":"2015-08-14T13:05:38","date_gmt":"2015-08-14T20:05:38","guid":{"rendered":"http:\/\/eltecolote.org\/content\/?p=27606"},"modified":"2015-08-14T13:05:38","modified_gmt":"2015-08-14T20:05:38","slug":"legislacion-de-feinstein-desata-ira-en-comunidad-inmigrante","status":"publish","type":"post","link":"https:\/\/eltecolote.org\/content\/es\/legislacion-de-feinstein-desata-ira-en-comunidad-inmigrante\/","title":{"rendered":"Legislaci\u00f3n de Feinstein desata ira en comunidad inmigrante"},"content":{"rendered":"<p>[su_slider source=&#8221;media: 27635,27633,27632,27631,27630,27629,27628,27627,27626,27625,27624&#8243; limit=&#8221;25&#8243; link=&#8221;image&#8221; target=&#8221;blank&#8221; width=&#8221;700&#8243; height=&#8221;460&#8243; autoplay=&#8221;0&#8243; speed=&#8221;500&#8243;][su_menu][\/su_slider]<\/p>\n<p>Alrededor de cuarenta personas se reunieron en el 1 de la calle Post, sede de la oficina de Dianne Feinstein en respuesta a la legislaci\u00f3n propuesta por esta senadora la cual, dicen los activistas, violar\u00e1 las pol\u00edticas de \u2018Ciudad Santuario\u2019 y \u2018Debido proceso para todos\u2019 de San Francisco, que tambi\u00e9n podr\u00eda destruir la confianza entre la comunidad inmigrante y la polic\u00eda local.<\/p>\n<p>\u201cLo sent\u00ed como algo surrealista\u201d, dijo Bismark Torrez, quien fue detenido junto con otros siete manifestantes despu\u00e9s de que se encadenaron por parejas en el piso del vest\u00edbulo de ese edificio. \u201cMe encabrona, ver c\u00f3mo Feinstein y [Barbara] Boxer est\u00e1n intentando hacernos ver como criminales por las acciones de una persona\u201d.<\/p>\n<figure id=\"attachment_27634\" aria-describedby=\"caption-attachment-27634\" style=\"width: 320px\" class=\"wp-caption alignright\"><a href=\"https:\/\/i0.wp.com\/eltecolote.org\/content\/wp-content\/uploads\/2015\/08\/ICE-Protest_11web.jpg?quality=89&#038;ssl=1\"><img data-recalc-dims=\"1\" loading=\"lazy\" decoding=\"async\" class=\"wp-image-27634 size-large\" src=\"https:\/\/i0.wp.com\/eltecolote.org\/content\/wp-content\/uploads\/2015\/08\/ICE-Protest_11web.jpg?resize=320%2C480&#038;quality=89&#038;ssl=1\" alt=\"ICE Protest_11web\" width=\"320\" height=\"480\" srcset=\"https:\/\/i0.wp.com\/eltecolote.org\/content\/wp-content\/uploads\/2015\/08\/ICE-Protest_11web.jpg?resize=320%2C480&amp;quality=89&amp;ssl=1 320w, https:\/\/i0.wp.com\/eltecolote.org\/content\/wp-content\/uploads\/2015\/08\/ICE-Protest_11web.jpg?resize=167%2C250&amp;quality=89&amp;ssl=1 167w, https:\/\/i0.wp.com\/eltecolote.org\/content\/wp-content\/uploads\/2015\/08\/ICE-Protest_11web.jpg?w=576&amp;quality=89&amp;ssl=1 576w\" sizes=\"auto, (max-width: 320px) 100vw, 320px\" \/><\/a><figcaption id=\"caption-attachment-27634\" class=\"wp-caption-text\">Beatrice Sanchez y Raul Barrera son arrestados por delitos menores de allanamiento luego de rehusarse a abandonar las oficinas de Dianne Feinstein. Foto Alexis Terrazas<\/figcaption><\/figure>\n<p>La legislaci\u00f3n, que Feinstein llam\u00f3 un \u201ctrabajo en progreso\u201d durante una audiencia del Comit\u00e9 del Senado llevada a cabo el 21 de julio, fue elaborada en respuesta a la muerte de Kathryn Steinle, la mujer de 32 a\u00f1os asesinada el 1 de julio en San Francisco a manos del indocumentado y criminal mexicano Juan Francisco L\u00f3pez-S\u00e1nchez. Feinstein conoci\u00f3 al padre de Steinle, Jim, quien estuvo presente en la audiencia del Senado.<\/p>\n<p>Despu\u00e9s de la muerte de Steinle, Feinstein tambi\u00e9n inst\u00f3 que San Francisco se una al Programa de Cumplimiento de Prioridad (PEP, por sus siglas en ingl\u00e9s) del Departamento de Seguridad Nacional, que permitir\u00eda a \u00e9ste trabajar con las autoridades estatales y locales para detener \u201ccriminales convictos y otras personas que representan un peligro para la seguridad p\u00fablica\u201d.<\/p>\n<p>Feinstein ha sido criticada por activistas y la comunidad inmigrante, que afirman que ella junto con los pol\u00edticos conservadores est\u00e1n aprovechando este momento de tragedia para utilizar a los inmigrantes como chivos expiatorios.<\/p>\n<p>\u201cLos dem\u00f3cratas han demostrado definitivamente que no tienen la voluntad\u201d, dijo Luis Ojeda, coordinador estatal de la Alianza de Justicia Juvenil Inmigrante de California (CIYJA, por sus siglas en ingl\u00e9s). \u201cHan estado dispuestos a simplemente arrodillarse ante los republicanos e individuos anti-inmigrantes como Donald Trump\u201d.<\/p>\n<p>Kitzia Esteva-Mart\u00ednez, una de los organizadoras sobre derechos de los inmigrantes de Causa Justa, quien tambi\u00e9n asisti\u00f3 a la manifestaci\u00f3n, argument\u00f3 que los pol\u00edticos y los medios de comunicaci\u00f3n conservadores est\u00e1n utilizando la muerte de Stienle para criminalizar a la comunidad inmigrante, lo que les permite ignorar el tema de la reforma migratoria integral.<\/p>\n<p>CIYJA fue una de las varias organizaciones presentes el vest\u00edbulo de la sede de Feinstein.<\/p>\n<p>\u201cHab\u00eda tratado de reunirme con un miembro de su personal la semana pasada y solamente rechazaron mis preguntas y no me escucharon\u201d, dijo Sandy Valenciano, una organizadora de CIYJA y una de los ocho detenidos por allanamiento. \u201cNi siquiera me permiten subir a su oficina, vinieron a reunirse conmigo al vest\u00edbulo\u201d.<\/p>\n<p>Wei Lee, un inmigrante indocumentado de 26 a\u00f1os de edad, de Brasil pero de origen chino, ha estado viviendo en San Francisco durante 10 a\u00f1os e hizo eco de los preocupaciones de Esteva-Mart\u00ednez y de Bismark.<\/p>\n<p>\u201cLa gente pone todo este sentimiento anti-inmigrante en un incidente. Pero hay hechos que prueban que los inmigrantes cometen menos cr\u00edmenes en comparaci\u00f3n con las personas nacidas aqu\u00ed\u201d, declar\u00f3 Lee. \u201cAs\u00ed que esto es otra cosa para presionar la agenda anti-inmigrante\u201d.<\/p>\n","protected":false},"excerpt":{"rendered":"<p>[su_slider source=&#8221;media: 27635,27633,27632,27631,27630,27629,27628,27627,27626,27625,27624&#8243; limit=&#8221;25&#8243; link=&#8221;image&#8221; target=&#8221;blank&#8221; width=&#8221;700&#8243; height=&#8221;460&#8243; autoplay=&#8221;0&#8243; speed=&#8221;500&#8243;][su_menu][\/su_slider] Alrededor de cuarenta personas se reunieron en el 1 de la calle Post, sede de la oficina de Dianne Feinstein en respuesta a la legislaci\u00f3n propuesta por esta senadora la cual, dicen los activistas, violar\u00e1 las pol\u00edticas de \u2018Ciudad Santuario\u2019 y \u2018Debido proceso para todos\u2019 [&hellip;]<\/p>\n","protected":false},"author":35,"featured_media":27626,"comment_status":"open","ping_status":"closed","sticky":false,"template":"","format":"standard","meta":{"newspack_popups_has_disabled_popups":false,"newspack_featured_image_position":"","newspack_post_subtitle":"","newspack_article_summary_title":"Overview:","newspack_article_summary":"","newspack_hide_updated_date":false,"newspack_show_updated_date":false,"footnotes":""},"categories":[3578,3519],"tags":[6019,393,6021,1483,133,5951,6015,42,5631,5669,5671,6023,5955,6017,6025],"coauthors":[],"class_list":["post-27606","post","type-post","status-publish","format-standard","has-post-thumbnail","hentry","category-inmigracion-noticias","category-noticias","tag-alianza-de-justicia-juvenil-inmigrante-de-california","tag-barbara-boxer","tag-bismark-torrez","tag-causa-justa","tag-ciudad-santuario","tag-ciyja","tag-debido-proceso-para-todos","tag-dianne-feinstein","tag-juan-francisco-lopez-sanchez","tag-kathryn-steinle","tag-kitzia-esteva-martinez","tag-luis-ojeda","tag-pep","tag-programa-de-cumplimiento-de-prioridad","tag-wei-lee","entry"],"yoast_head":"<!-- This site is optimized with the Yoast SEO plugin v27.5 - https:\/\/yoast.com\/product\/yoast-seo-wordpress\/ -->\n<title>Legislaci\u00f3n de Feinstein desata ira en comunidad inmigrante - El Tecolote<\/title>\n<meta name=\"description\" content=\"Alrededor de cuarenta personas se reunieron en el 1 de la calle Post, sede de la oficina de Dianne Feinstein en respuesta a la legislaci\u00f3n propuesta por\" \/>\n<meta name=\"robots\" content=\"index, follow, max-snippet:-1, max-image-preview:large, max-video-preview:-1\" \/>\n<link rel=\"canonical\" href=\"https:\/\/eltecolote.org\/content\/es\/legislacion-de-feinstein-desata-ira-en-comunidad-inmigrante\/\" \/>\n<meta property=\"og:locale\" content=\"en_US\" \/>\n<meta property=\"og:type\" content=\"article\" \/>\n<meta property=\"og:title\" content=\"Legislaci\u00f3n de Feinstein desata ira en comunidad inmigrante - El Tecolote\" \/>\n<meta property=\"og:description\" content=\"Alrededor de cuarenta personas se reunieron en el 1 de la calle Post, sede de la oficina de Dianne Feinstein en respuesta a la legislaci\u00f3n propuesta por\" \/>\n<meta property=\"og:url\" content=\"https:\/\/eltecolote.org\/content\/es\/legislacion-de-feinstein-desata-ira-en-comunidad-inmigrante\/\" \/>\n<meta property=\"og:site_name\" content=\"El Tecolote\" \/>\n<meta property=\"article:publisher\" content=\"https:\/\/www.facebook.com\/ElTecoloteSF\/\" \/>\n<meta property=\"article:published_time\" content=\"2015-08-14T20:05:38+00:00\" \/>\n<meta property=\"og:image\" content=\"https:\/\/i0.wp.com\/eltecolote.org\/content\/wp-content\/uploads\/2015\/08\/ICE-Protest_03web1.jpg?fit=864%2C576&ssl=1\" \/>\n\t<meta property=\"og:image:width\" content=\"864\" \/>\n\t<meta property=\"og:image:height\" content=\"576\" \/>\n\t<meta property=\"og:image:type\" content=\"image\/jpeg\" \/>\n<meta name=\"author\" content=\"El Tecolote Staff\" \/>\n<meta name=\"twitter:card\" content=\"summary_large_image\" \/>\n<meta name=\"twitter:creator\" content=\"@eltecolotesf\" \/>\n<meta name=\"twitter:site\" content=\"@eltecolotesf\" \/>\n<meta name=\"twitter:label1\" content=\"Written by\" \/>\n\t<meta name=\"twitter:data1\" content=\"El Tecolote Staff\" \/>\n\t<meta name=\"twitter:label2\" content=\"Est. reading time\" \/>\n\t<meta name=\"twitter:data2\" content=\"3 minutes\" \/>\n<script type=\"application\/ld+json\" class=\"yoast-schema-graph\">{\"@context\":\"https:\\\/\\\/schema.org\",\"@graph\":[{\"@type\":\"NewsArticle\",\"@id\":\"https:\\\/\\\/eltecolote.org\\\/content\\\/es\\\/legislacion-de-feinstein-desata-ira-en-comunidad-inmigrante\\\/#article\",\"isPartOf\":{\"@id\":\"https:\\\/\\\/eltecolote.org\\\/content\\\/es\\\/legislacion-de-feinstein-desata-ira-en-comunidad-inmigrante\\\/\"},\"author\":{\"name\":\"El Tecolote Staff\",\"@id\":\"https:\\\/\\\/eltecolote.org\\\/content\\\/#\\\/schema\\\/person\\\/08828d10185eba96895a8363a269410e\"},\"headline\":\"Legislaci\u00f3n de Feinstein desata ira en comunidad inmigrante\",\"datePublished\":\"2015-08-14T20:05:38+00:00\",\"mainEntityOfPage\":{\"@id\":\"https:\\\/\\\/eltecolote.org\\\/content\\\/es\\\/legislacion-de-feinstein-desata-ira-en-comunidad-inmigrante\\\/\"},\"wordCount\":604,\"commentCount\":0,\"publisher\":{\"@id\":\"https:\\\/\\\/eltecolote.org\\\/content\\\/#organization\"},\"image\":{\"@id\":\"https:\\\/\\\/eltecolote.org\\\/content\\\/es\\\/legislacion-de-feinstein-desata-ira-en-comunidad-inmigrante\\\/#primaryimage\"},\"thumbnailUrl\":\"https:\\\/\\\/i0.wp.com\\\/eltecolote.org\\\/content\\\/wp-content\\\/uploads\\\/2015\\\/08\\\/ICE-Protest_03web1.jpg?fit=864%2C576&quality=89&ssl=1\",\"keywords\":[\"Alianza de Justicia Juvenil Inmigrante de California\",\"Barbara Boxer\",\"Bismark Torrez\",\"Causa Justa\",\"ciudad santuario\",\"CIYJA\",\"Debido proceso para todos\",\"Dianne Feinstein\",\"Juan Francisco Lopez-Sanchez\",\"Kathryn Steinle\",\"Kitzia Esteva-Mart\u00ednez\",\"Luis Ojeda\",\"PEP\",\"Programa de Cumplimiento de Prioridad\",\"Wei Lee\"],\"articleSection\":[\"Inmigraci\u00f3n\",\"Noticias\"],\"inLanguage\":\"en\",\"potentialAction\":[{\"@type\":\"CommentAction\",\"name\":\"Comment\",\"target\":[\"https:\\\/\\\/eltecolote.org\\\/content\\\/es\\\/legislacion-de-feinstein-desata-ira-en-comunidad-inmigrante\\\/#respond\"]}]},{\"@type\":\"WebPage\",\"@id\":\"https:\\\/\\\/eltecolote.org\\\/content\\\/es\\\/legislacion-de-feinstein-desata-ira-en-comunidad-inmigrante\\\/\",\"url\":\"https:\\\/\\\/eltecolote.org\\\/content\\\/es\\\/legislacion-de-feinstein-desata-ira-en-comunidad-inmigrante\\\/\",\"name\":\"Legislaci\u00f3n de Feinstein desata ira en comunidad inmigrante - El Tecolote\",\"isPartOf\":{\"@id\":\"https:\\\/\\\/eltecolote.org\\\/content\\\/#website\"},\"primaryImageOfPage\":{\"@id\":\"https:\\\/\\\/eltecolote.org\\\/content\\\/es\\\/legislacion-de-feinstein-desata-ira-en-comunidad-inmigrante\\\/#primaryimage\"},\"image\":{\"@id\":\"https:\\\/\\\/eltecolote.org\\\/content\\\/es\\\/legislacion-de-feinstein-desata-ira-en-comunidad-inmigrante\\\/#primaryimage\"},\"thumbnailUrl\":\"https:\\\/\\\/i0.wp.com\\\/eltecolote.org\\\/content\\\/wp-content\\\/uploads\\\/2015\\\/08\\\/ICE-Protest_03web1.jpg?fit=864%2C576&quality=89&ssl=1\",\"datePublished\":\"2015-08-14T20:05:38+00:00\",\"description\":\"Alrededor de cuarenta personas se reunieron en el 1 de la calle Post, sede de la oficina de Dianne Feinstein en respuesta a la legislaci\u00f3n propuesta por\",\"inLanguage\":\"en\",\"potentialAction\":[{\"@type\":\"ReadAction\",\"target\":[\"https:\\\/\\\/eltecolote.org\\\/content\\\/es\\\/legislacion-de-feinstein-desata-ira-en-comunidad-inmigrante\\\/\"]}]},{\"@type\":\"ImageObject\",\"inLanguage\":\"en\",\"@id\":\"https:\\\/\\\/eltecolote.org\\\/content\\\/es\\\/legislacion-de-feinstein-desata-ira-en-comunidad-inmigrante\\\/#primaryimage\",\"url\":\"https:\\\/\\\/i0.wp.com\\\/eltecolote.org\\\/content\\\/wp-content\\\/uploads\\\/2015\\\/08\\\/ICE-Protest_03web1.jpg?fit=864%2C576&quality=89&ssl=1\",\"contentUrl\":\"https:\\\/\\\/i0.wp.com\\\/eltecolote.org\\\/content\\\/wp-content\\\/uploads\\\/2015\\\/08\\\/ICE-Protest_03web1.jpg?fit=864%2C576&quality=89&ssl=1\",\"width\":864,\"height\":576,\"caption\":\"Bismark Torrez, uno de los ocho manifestantes, se prepara para ser arrestado por allanamiento. Torrez protestaba por la propuesta de ley de Feinstein que podria requerir a la polic\u00eda estatal y local colaborar con ICE. Foto Alexis Terrazas\"},{\"@type\":\"WebSite\",\"@id\":\"https:\\\/\\\/eltecolote.org\\\/content\\\/#website\",\"url\":\"https:\\\/\\\/eltecolote.org\\\/content\\\/\",\"name\":\"El Tecolote\",\"description\":\"San Francisco's Latinx newspaper since 1970\",\"publisher\":{\"@id\":\"https:\\\/\\\/eltecolote.org\\\/content\\\/#organization\"},\"potentialAction\":[{\"@type\":\"SearchAction\",\"target\":{\"@type\":\"EntryPoint\",\"urlTemplate\":\"https:\\\/\\\/eltecolote.org\\\/content\\\/?s={search_term_string}\"},\"query-input\":{\"@type\":\"PropertyValueSpecification\",\"valueRequired\":true,\"valueName\":\"search_term_string\"}}],\"inLanguage\":\"en\"},{\"@type\":\"Organization\",\"@id\":\"https:\\\/\\\/eltecolote.org\\\/content\\\/#organization\",\"name\":\"El Tecolote\",\"url\":\"https:\\\/\\\/eltecolote.org\\\/content\\\/\",\"logo\":{\"@type\":\"ImageObject\",\"inLanguage\":\"en\",\"@id\":\"https:\\\/\\\/eltecolote.org\\\/content\\\/#\\\/schema\\\/logo\\\/image\\\/\",\"url\":\"https:\\\/\\\/i0.wp.com\\\/eltecolote.org\\\/content\\\/wp-content\\\/uploads\\\/2021\\\/05\\\/ETlogo-1.jpg?fit=400%2C400&ssl=1\",\"contentUrl\":\"https:\\\/\\\/i0.wp.com\\\/eltecolote.org\\\/content\\\/wp-content\\\/uploads\\\/2021\\\/05\\\/ETlogo-1.jpg?fit=400%2C400&ssl=1\",\"width\":400,\"height\":400,\"caption\":\"El Tecolote\"},\"image\":{\"@id\":\"https:\\\/\\\/eltecolote.org\\\/content\\\/#\\\/schema\\\/logo\\\/image\\\/\"},\"sameAs\":[\"https:\\\/\\\/www.facebook.com\\\/ElTecoloteSF\\\/\",\"https:\\\/\\\/x.com\\\/eltecolotesf\",\"https:\\\/\\\/www.instagram.com\\\/eltecolotesf\\\/\"]},{\"@type\":\"Person\",\"@id\":\"https:\\\/\\\/eltecolote.org\\\/content\\\/#\\\/schema\\\/person\\\/08828d10185eba96895a8363a269410e\",\"name\":\"El Tecolote Staff\",\"image\":{\"@type\":\"ImageObject\",\"inLanguage\":\"en\",\"@id\":\"https:\\\/\\\/secure.gravatar.com\\\/avatar\\\/9534c92c8c908364e186a64d93efc86f62367109d1b07a3454facde655968589?s=96&d=mm&r=g6afcb607783e095e4cf6be807353924d\",\"url\":\"https:\\\/\\\/secure.gravatar.com\\\/avatar\\\/9534c92c8c908364e186a64d93efc86f62367109d1b07a3454facde655968589?s=96&d=mm&r=g\",\"contentUrl\":\"https:\\\/\\\/secure.gravatar.com\\\/avatar\\\/9534c92c8c908364e186a64d93efc86f62367109d1b07a3454facde655968589?s=96&d=mm&r=g\",\"caption\":\"El Tecolote Staff\"},\"url\":\"https:\\\/\\\/eltecolote.org\\\/content\\\/author\\\/web-editor\\\/\"}]}<\/script>\n<!-- \/ Yoast SEO plugin. -->","yoast_head_json":{"title":"Legislaci\u00f3n de Feinstein desata ira en comunidad inmigrante - El Tecolote","description":"Alrededor de cuarenta personas se reunieron en el 1 de la calle Post, sede de la oficina de Dianne Feinstein en respuesta a la legislaci\u00f3n propuesta por","robots":{"index":"index","follow":"follow","max-snippet":"max-snippet:-1","max-image-preview":"max-image-preview:large","max-video-preview":"max-video-preview:-1"},"canonical":"https:\/\/eltecolote.org\/content\/es\/legislacion-de-feinstein-desata-ira-en-comunidad-inmigrante\/","og_locale":"en_US","og_type":"article","og_title":"Legislaci\u00f3n de Feinstein desata ira en comunidad inmigrante - El Tecolote","og_description":"Alrededor de cuarenta personas se reunieron en el 1 de la calle Post, sede de la oficina de Dianne Feinstein en respuesta a la legislaci\u00f3n propuesta por","og_url":"https:\/\/eltecolote.org\/content\/es\/legislacion-de-feinstein-desata-ira-en-comunidad-inmigrante\/","og_site_name":"El Tecolote","article_publisher":"https:\/\/www.facebook.com\/ElTecoloteSF\/","article_published_time":"2015-08-14T20:05:38+00:00","og_image":[{"width":864,"height":576,"url":"https:\/\/i0.wp.com\/eltecolote.org\/content\/wp-content\/uploads\/2015\/08\/ICE-Protest_03web1.jpg?fit=864%2C576&ssl=1","type":"image\/jpeg"}],"author":"El Tecolote Staff","twitter_card":"summary_large_image","twitter_creator":"@eltecolotesf","twitter_site":"@eltecolotesf","twitter_misc":{"Written by":"El Tecolote Staff","Est. reading time":"3 minutes"},"schema":{"@context":"https:\/\/schema.org","@graph":[{"@type":"NewsArticle","@id":"https:\/\/eltecolote.org\/content\/es\/legislacion-de-feinstein-desata-ira-en-comunidad-inmigrante\/#article","isPartOf":{"@id":"https:\/\/eltecolote.org\/content\/es\/legislacion-de-feinstein-desata-ira-en-comunidad-inmigrante\/"},"author":{"name":"El Tecolote Staff","@id":"https:\/\/eltecolote.org\/content\/#\/schema\/person\/08828d10185eba96895a8363a269410e"},"headline":"Legislaci\u00f3n de Feinstein desata ira en comunidad inmigrante","datePublished":"2015-08-14T20:05:38+00:00","mainEntityOfPage":{"@id":"https:\/\/eltecolote.org\/content\/es\/legislacion-de-feinstein-desata-ira-en-comunidad-inmigrante\/"},"wordCount":604,"commentCount":0,"publisher":{"@id":"https:\/\/eltecolote.org\/content\/#organization"},"image":{"@id":"https:\/\/eltecolote.org\/content\/es\/legislacion-de-feinstein-desata-ira-en-comunidad-inmigrante\/#primaryimage"},"thumbnailUrl":"https:\/\/i0.wp.com\/eltecolote.org\/content\/wp-content\/uploads\/2015\/08\/ICE-Protest_03web1.jpg?fit=864%2C576&quality=89&ssl=1","keywords":["Alianza de Justicia Juvenil Inmigrante de California","Barbara Boxer","Bismark Torrez","Causa Justa","ciudad santuario","CIYJA","Debido proceso para todos","Dianne Feinstein","Juan Francisco Lopez-Sanchez","Kathryn Steinle","Kitzia Esteva-Mart\u00ednez","Luis Ojeda","PEP","Programa de Cumplimiento de Prioridad","Wei Lee"],"articleSection":["Inmigraci\u00f3n","Noticias"],"inLanguage":"en","potentialAction":[{"@type":"CommentAction","name":"Comment","target":["https:\/\/eltecolote.org\/content\/es\/legislacion-de-feinstein-desata-ira-en-comunidad-inmigrante\/#respond"]}]},{"@type":"WebPage","@id":"https:\/\/eltecolote.org\/content\/es\/legislacion-de-feinstein-desata-ira-en-comunidad-inmigrante\/","url":"https:\/\/eltecolote.org\/content\/es\/legislacion-de-feinstein-desata-ira-en-comunidad-inmigrante\/","name":"Legislaci\u00f3n de Feinstein desata ira en comunidad inmigrante - El Tecolote","isPartOf":{"@id":"https:\/\/eltecolote.org\/content\/#website"},"primaryImageOfPage":{"@id":"https:\/\/eltecolote.org\/content\/es\/legislacion-de-feinstein-desata-ira-en-comunidad-inmigrante\/#primaryimage"},"image":{"@id":"https:\/\/eltecolote.org\/content\/es\/legislacion-de-feinstein-desata-ira-en-comunidad-inmigrante\/#primaryimage"},"thumbnailUrl":"https:\/\/i0.wp.com\/eltecolote.org\/content\/wp-content\/uploads\/2015\/08\/ICE-Protest_03web1.jpg?fit=864%2C576&quality=89&ssl=1","datePublished":"2015-08-14T20:05:38+00:00","description":"Alrededor de cuarenta personas se reunieron en el 1 de la calle Post, sede de la oficina de Dianne Feinstein en respuesta a la legislaci\u00f3n propuesta por","inLanguage":"en","potentialAction":[{"@type":"ReadAction","target":["https:\/\/eltecolote.org\/content\/es\/legislacion-de-feinstein-desata-ira-en-comunidad-inmigrante\/"]}]},{"@type":"ImageObject","inLanguage":"en","@id":"https:\/\/eltecolote.org\/content\/es\/legislacion-de-feinstein-desata-ira-en-comunidad-inmigrante\/#primaryimage","url":"https:\/\/i0.wp.com\/eltecolote.org\/content\/wp-content\/uploads\/2015\/08\/ICE-Protest_03web1.jpg?fit=864%2C576&quality=89&ssl=1","contentUrl":"https:\/\/i0.wp.com\/eltecolote.org\/content\/wp-content\/uploads\/2015\/08\/ICE-Protest_03web1.jpg?fit=864%2C576&quality=89&ssl=1","width":864,"height":576,"caption":"Bismark Torrez, uno de los ocho manifestantes, se prepara para ser arrestado por allanamiento. Torrez protestaba por la propuesta de ley de Feinstein que podria requerir a la polic\u00eda estatal y local colaborar con ICE. Foto Alexis Terrazas"},{"@type":"WebSite","@id":"https:\/\/eltecolote.org\/content\/#website","url":"https:\/\/eltecolote.org\/content\/","name":"El Tecolote","description":"San Francisco's Latinx newspaper since 1970","publisher":{"@id":"https:\/\/eltecolote.org\/content\/#organization"},"potentialAction":[{"@type":"SearchAction","target":{"@type":"EntryPoint","urlTemplate":"https:\/\/eltecolote.org\/content\/?s={search_term_string}"},"query-input":{"@type":"PropertyValueSpecification","valueRequired":true,"valueName":"search_term_string"}}],"inLanguage":"en"},{"@type":"Organization","@id":"https:\/\/eltecolote.org\/content\/#organization","name":"El Tecolote","url":"https:\/\/eltecolote.org\/content\/","logo":{"@type":"ImageObject","inLanguage":"en","@id":"https:\/\/eltecolote.org\/content\/#\/schema\/logo\/image\/","url":"https:\/\/i0.wp.com\/eltecolote.org\/content\/wp-content\/uploads\/2021\/05\/ETlogo-1.jpg?fit=400%2C400&ssl=1","contentUrl":"https:\/\/i0.wp.com\/eltecolote.org\/content\/wp-content\/uploads\/2021\/05\/ETlogo-1.jpg?fit=400%2C400&ssl=1","width":400,"height":400,"caption":"El Tecolote"},"image":{"@id":"https:\/\/eltecolote.org\/content\/#\/schema\/logo\/image\/"},"sameAs":["https:\/\/www.facebook.com\/ElTecoloteSF\/","https:\/\/x.com\/eltecolotesf","https:\/\/www.instagram.com\/eltecolotesf\/"]},{"@type":"Person","@id":"https:\/\/eltecolote.org\/content\/#\/schema\/person\/08828d10185eba96895a8363a269410e","name":"El Tecolote Staff","image":{"@type":"ImageObject","inLanguage":"en","@id":"https:\/\/secure.gravatar.com\/avatar\/9534c92c8c908364e186a64d93efc86f62367109d1b07a3454facde655968589?s=96&d=mm&r=g6afcb607783e095e4cf6be807353924d","url":"https:\/\/secure.gravatar.com\/avatar\/9534c92c8c908364e186a64d93efc86f62367109d1b07a3454facde655968589?s=96&d=mm&r=g","contentUrl":"https:\/\/secure.gravatar.com\/avatar\/9534c92c8c908364e186a64d93efc86f62367109d1b07a3454facde655968589?s=96&d=mm&r=g","caption":"El Tecolote Staff"},"url":"https:\/\/eltecolote.org\/content\/author\/web-editor\/"}]}},"distributor_meta":false,"distributor_terms":false,"distributor_media":false,"distributor_original_site_name":"El Tecolote","distributor_original_site_url":"https:\/\/eltecolote.org\/content","push-errors":false,"_links":{"self":[{"href":"https:\/\/eltecolote.org\/content\/wp-json\/wp\/v2\/posts\/27606","targetHints":{"allow":["GET"]}}],"collection":[{"href":"https:\/\/eltecolote.org\/content\/wp-json\/wp\/v2\/posts"}],"about":[{"href":"https:\/\/eltecolote.org\/content\/wp-json\/wp\/v2\/types\/post"}],"author":[{"embeddable":true,"href":"https:\/\/eltecolote.org\/content\/wp-json\/wp\/v2\/users\/35"}],"replies":[{"embeddable":true,"href":"https:\/\/eltecolote.org\/content\/wp-json\/wp\/v2\/comments?post=27606"}],"version-history":[{"count":3,"href":"https:\/\/eltecolote.org\/content\/wp-json\/wp\/v2\/posts\/27606\/revisions"}],"predecessor-version":[{"id":27637,"href":"https:\/\/eltecolote.org\/content\/wp-json\/wp\/v2\/posts\/27606\/revisions\/27637"}],"wp:featuredmedia":[{"embeddable":true,"href":"https:\/\/eltecolote.org\/content\/wp-json\/wp\/v2\/media\/27626"}],"wp:attachment":[{"href":"https:\/\/eltecolote.org\/content\/wp-json\/wp\/v2\/media?parent=27606"}],"wp:term":[{"taxonomy":"category","embeddable":true,"href":"https:\/\/eltecolote.org\/content\/wp-json\/wp\/v2\/categories?post=27606"},{"taxonomy":"post_tag","embeddable":true,"href":"https:\/\/eltecolote.org\/content\/wp-json\/wp\/v2\/tags?post=27606"},{"taxonomy":"author","embeddable":true,"href":"https:\/\/eltecolote.org\/content\/wp-json\/wp\/v2\/coauthors?post=27606"}],"curies":[{"name":"wp","href":"https:\/\/api.w.org\/{rel}","templated":true}]}}