{"id":26917,"date":"2015-06-22T12:48:40","date_gmt":"2015-06-22T19:48:40","guid":{"rendered":"http:\/\/eltecolote.org\/content\/?p=26917"},"modified":"2015-06-22T12:54:32","modified_gmt":"2015-06-22T19:54:32","slug":"cultura-de-los-autos-clasicos-de-cuba","status":"publish","type":"post","link":"https:\/\/eltecolote.org\/content\/es\/cultura-de-los-autos-clasicos-de-cuba\/","title":{"rendered":"Cultura de los autos cl\u00e1sicos de Cuba"},"content":{"rendered":"<p>[su_slider source=&#8221;media: 26927,26928,26929,26930,26931,26932,26933,26934&#8243; limit=&#8221;25&#8243; link=&#8221;image&#8221; target=&#8221;blank&#8221; width=&#8221;700&#8243; height=&#8221;460&#8243; speed=&#8221;500&#8243;]<\/p>\n<p>[su_box title=&#8221;Por Armando Valdez&#8221; box_color=&#8221;#131212&#8243;]Cuba es el \u00fanico lugar donde todav\u00eda circulan por las calles veh\u00edculos de la d\u00e9cada de 1950. Im\u00e1genes de ellos son s\u00edmbolos de la cultura cubana como lo son tambi\u00e9n las im\u00e1genes del Che Guevara; el cl\u00e1sico Chevy Bel Air de 1957 con techo r\u00edgido est\u00e1 en todos los sitios web de servicios tur\u00edsticos. Durante un viaje a Cuba el mes pasado, qued\u00e9 cautivado por la gran variedad de autos de los a\u00f1os 50 a\u00fan en circulaci\u00f3n. Muchos de estos son taxis. Vi muchos Chevys y Fords, as\u00ed como muchos Buicks, Oldsmobiles, Chryslers, unos cuantos Cadillacs, Dodges, Plymouths, hasta un par de Studebakers y DeSotos \u2014muchas aletas en los modelos de finales de esa d\u00e9cada. En los EEUU esto solo se puede ver en exhibiciones de autos, pero los de Cuba son una especie distinta. Son veh\u00edculos utilizados todos los d\u00edas entre la escasez de partes, pintura y pulimento causados por el embargo estadounidense. Los cubanos son forzados a improvisar y dando como resultado un maravilloso calidoscopio de trabajos de pintura, partes hechas a mano y un sinn\u00famero de toques especiales que dan a estos autos su car\u00e1cter especial. Unos cuantos han sido muy bien restaurados con buenos trabajos de pintura, pero muchos otros reflejan la escasez que caracteriza a Cuba actualmente. Algunos tienen distintos tipos de neum\u00e1ticos, faros y otras partes, incluyendo los motores. Muchos, con toques \u00fanicos e individuales, como luces decorativas montadas en la defensa o en la cajuela, elegantes adornos en el cofre y abanicos montados en el tablero. Algunos hasta tienen parrillas improvisadas. Unos cuantos han sido tan alterados que resulta dif\u00edcil saber el a\u00f1o o modelo\u2026 pero a\u00fan corren, agregando su toque al ambiente \u00fanico de la isla. El ingenio e imaginaci\u00f3n evidente en sus autos se extiende a la vida diaria de los cubanos. Se las arreglan con lo que tienen y esperan un fin al embargo que a\u00fan mantiene muchas de las necesidades m\u00e1s b\u00e1sicas fuera de su alcance. \u2014 Traducci\u00f3n Mabel Jim\u00e9nez[\/su_box]<\/p>\n","protected":false},"excerpt":{"rendered":"<p>[su_slider source=&#8221;media: 26927,26928,26929,26930,26931,26932,26933,26934&#8243; limit=&#8221;25&#8243; link=&#8221;image&#8221; target=&#8221;blank&#8221; width=&#8221;700&#8243; height=&#8221;460&#8243; speed=&#8221;500&#8243;] [su_box title=&#8221;Por Armando Valdez&#8221; box_color=&#8221;#131212&#8243;]Cuba es el \u00fanico lugar donde todav\u00eda circulan por las calles veh\u00edculos de la d\u00e9cada de 1950. Im\u00e1genes de ellos son s\u00edmbolos de la cultura cubana como lo son tambi\u00e9n las im\u00e1genes del Che Guevara; el cl\u00e1sico Chevy Bel Air de 1957 [&hellip;]<\/p>\n","protected":false},"author":35,"featured_media":26927,"comment_status":"open","ping_status":"closed","sticky":false,"template":"","format":"standard","meta":{"newspack_popups_has_disabled_popups":false,"newspack_featured_image_position":"","newspack_post_subtitle":"","newspack_article_summary_title":"Overview:","newspack_article_summary":"","newspack_hide_updated_date":false,"newspack_show_updated_date":false,"footnotes":""},"categories":[3525,3511],"tags":[331],"coauthors":[],"class_list":["post-26917","post","type-post","status-publish","format-standard","has-post-thumbnail","hentry","category-america-latina","category-arte-es","tag-cuba","entry"],"yoast_head":"<!-- This site is optimized with the Yoast SEO plugin v27.5 - https:\/\/yoast.com\/product\/yoast-seo-wordpress\/ -->\n<title>Cultura de los autos cl\u00e1sicos de Cuba - El Tecolote<\/title>\n<meta name=\"description\" content=\"Cuba es el \u00fanico lugar donde todav\u00eda circulan por las calles veh\u00edculos de la d\u00e9cada de 1950. Im\u00e1genes de ellos son s\u00edmbolos de la cultura cubana como lo\" \/>\n<meta name=\"robots\" content=\"index, follow, max-snippet:-1, max-image-preview:large, max-video-preview:-1\" \/>\n<link rel=\"canonical\" href=\"https:\/\/eltecolote.org\/content\/es\/cultura-de-los-autos-clasicos-de-cuba\/\" \/>\n<meta property=\"og:locale\" content=\"en_US\" \/>\n<meta property=\"og:type\" content=\"article\" \/>\n<meta property=\"og:title\" content=\"Cultura de los autos cl\u00e1sicos de Cuba - El Tecolote\" \/>\n<meta property=\"og:description\" content=\"Cuba es el \u00fanico lugar donde todav\u00eda circulan por las calles veh\u00edculos de la d\u00e9cada de 1950. Im\u00e1genes de ellos son s\u00edmbolos de la cultura cubana como lo\" \/>\n<meta property=\"og:url\" content=\"https:\/\/eltecolote.org\/content\/es\/cultura-de-los-autos-clasicos-de-cuba\/\" \/>\n<meta property=\"og:site_name\" content=\"El Tecolote\" \/>\n<meta property=\"article:publisher\" content=\"https:\/\/www.facebook.com\/ElTecoloteSF\/\" \/>\n<meta property=\"article:published_time\" content=\"2015-06-22T19:48:40+00:00\" \/>\n<meta property=\"article:modified_time\" content=\"2015-06-22T19:54:32+00:00\" \/>\n<meta property=\"og:image\" content=\"https:\/\/i0.wp.com\/eltecolote.org\/content\/wp-content\/uploads\/2015\/06\/Cuban-Cars_01web.jpg?fit=864%2C574&ssl=1\" \/>\n\t<meta property=\"og:image:width\" content=\"864\" \/>\n\t<meta property=\"og:image:height\" content=\"574\" \/>\n\t<meta property=\"og:image:type\" content=\"image\/jpeg\" \/>\n<meta name=\"author\" content=\"El Tecolote Staff\" \/>\n<meta name=\"twitter:card\" content=\"summary_large_image\" \/>\n<meta name=\"twitter:creator\" content=\"@eltecolotesf\" \/>\n<meta name=\"twitter:site\" content=\"@eltecolotesf\" \/>\n<meta name=\"twitter:label1\" content=\"Written by\" \/>\n\t<meta name=\"twitter:data1\" content=\"El Tecolote Staff\" \/>\n\t<meta name=\"twitter:label2\" content=\"Est. reading time\" \/>\n\t<meta name=\"twitter:data2\" content=\"2 minutes\" \/>\n<script type=\"application\/ld+json\" class=\"yoast-schema-graph\">{\"@context\":\"https:\\\/\\\/schema.org\",\"@graph\":[{\"@type\":\"NewsArticle\",\"@id\":\"https:\\\/\\\/eltecolote.org\\\/content\\\/es\\\/cultura-de-los-autos-clasicos-de-cuba\\\/#article\",\"isPartOf\":{\"@id\":\"https:\\\/\\\/eltecolote.org\\\/content\\\/es\\\/cultura-de-los-autos-clasicos-de-cuba\\\/\"},\"author\":{\"name\":\"El Tecolote Staff\",\"@id\":\"https:\\\/\\\/eltecolote.org\\\/content\\\/#\\\/schema\\\/person\\\/08828d10185eba96895a8363a269410e\"},\"headline\":\"Cultura de los autos cl\u00e1sicos de Cuba\",\"datePublished\":\"2015-06-22T19:48:40+00:00\",\"dateModified\":\"2015-06-22T19:54:32+00:00\",\"mainEntityOfPage\":{\"@id\":\"https:\\\/\\\/eltecolote.org\\\/content\\\/es\\\/cultura-de-los-autos-clasicos-de-cuba\\\/\"},\"wordCount\":385,\"commentCount\":0,\"publisher\":{\"@id\":\"https:\\\/\\\/eltecolote.org\\\/content\\\/#organization\"},\"image\":{\"@id\":\"https:\\\/\\\/eltecolote.org\\\/content\\\/es\\\/cultura-de-los-autos-clasicos-de-cuba\\\/#primaryimage\"},\"thumbnailUrl\":\"https:\\\/\\\/i0.wp.com\\\/eltecolote.org\\\/content\\\/wp-content\\\/uploads\\\/2015\\\/06\\\/Cuban-Cars_01web.jpg?fit=864%2C574&quality=89&ssl=1\",\"keywords\":[\"Cuba\"],\"articleSection\":[\"Am\u00e9rica Latina\",\"Arte\"],\"inLanguage\":\"en\",\"potentialAction\":[{\"@type\":\"CommentAction\",\"name\":\"Comment\",\"target\":[\"https:\\\/\\\/eltecolote.org\\\/content\\\/es\\\/cultura-de-los-autos-clasicos-de-cuba\\\/#respond\"]}]},{\"@type\":\"WebPage\",\"@id\":\"https:\\\/\\\/eltecolote.org\\\/content\\\/es\\\/cultura-de-los-autos-clasicos-de-cuba\\\/\",\"url\":\"https:\\\/\\\/eltecolote.org\\\/content\\\/es\\\/cultura-de-los-autos-clasicos-de-cuba\\\/\",\"name\":\"Cultura de los autos cl\u00e1sicos de Cuba - El Tecolote\",\"isPartOf\":{\"@id\":\"https:\\\/\\\/eltecolote.org\\\/content\\\/#website\"},\"primaryImageOfPage\":{\"@id\":\"https:\\\/\\\/eltecolote.org\\\/content\\\/es\\\/cultura-de-los-autos-clasicos-de-cuba\\\/#primaryimage\"},\"image\":{\"@id\":\"https:\\\/\\\/eltecolote.org\\\/content\\\/es\\\/cultura-de-los-autos-clasicos-de-cuba\\\/#primaryimage\"},\"thumbnailUrl\":\"https:\\\/\\\/i0.wp.com\\\/eltecolote.org\\\/content\\\/wp-content\\\/uploads\\\/2015\\\/06\\\/Cuban-Cars_01web.jpg?fit=864%2C574&quality=89&ssl=1\",\"datePublished\":\"2015-06-22T19:48:40+00:00\",\"dateModified\":\"2015-06-22T19:54:32+00:00\",\"description\":\"Cuba es el \u00fanico lugar donde todav\u00eda circulan por las calles veh\u00edculos de la d\u00e9cada de 1950. Im\u00e1genes de ellos son s\u00edmbolos de la cultura cubana como lo\",\"inLanguage\":\"en\",\"potentialAction\":[{\"@type\":\"ReadAction\",\"target\":[\"https:\\\/\\\/eltecolote.org\\\/content\\\/es\\\/cultura-de-los-autos-clasicos-de-cuba\\\/\"]}]},{\"@type\":\"ImageObject\",\"inLanguage\":\"en\",\"@id\":\"https:\\\/\\\/eltecolote.org\\\/content\\\/es\\\/cultura-de-los-autos-clasicos-de-cuba\\\/#primaryimage\",\"url\":\"https:\\\/\\\/i0.wp.com\\\/eltecolote.org\\\/content\\\/wp-content\\\/uploads\\\/2015\\\/06\\\/Cuban-Cars_01web.jpg?fit=864%2C574&quality=89&ssl=1\",\"contentUrl\":\"https:\\\/\\\/i0.wp.com\\\/eltecolote.org\\\/content\\\/wp-content\\\/uploads\\\/2015\\\/06\\\/Cuban-Cars_01web.jpg?fit=864%2C574&quality=89&ssl=1\",\"width\":864,\"height\":574},{\"@type\":\"WebSite\",\"@id\":\"https:\\\/\\\/eltecolote.org\\\/content\\\/#website\",\"url\":\"https:\\\/\\\/eltecolote.org\\\/content\\\/\",\"name\":\"El Tecolote\",\"description\":\"San Francisco's Latinx newspaper since 1970\",\"publisher\":{\"@id\":\"https:\\\/\\\/eltecolote.org\\\/content\\\/#organization\"},\"potentialAction\":[{\"@type\":\"SearchAction\",\"target\":{\"@type\":\"EntryPoint\",\"urlTemplate\":\"https:\\\/\\\/eltecolote.org\\\/content\\\/?s={search_term_string}\"},\"query-input\":{\"@type\":\"PropertyValueSpecification\",\"valueRequired\":true,\"valueName\":\"search_term_string\"}}],\"inLanguage\":\"en\"},{\"@type\":\"Organization\",\"@id\":\"https:\\\/\\\/eltecolote.org\\\/content\\\/#organization\",\"name\":\"El Tecolote\",\"url\":\"https:\\\/\\\/eltecolote.org\\\/content\\\/\",\"logo\":{\"@type\":\"ImageObject\",\"inLanguage\":\"en\",\"@id\":\"https:\\\/\\\/eltecolote.org\\\/content\\\/#\\\/schema\\\/logo\\\/image\\\/\",\"url\":\"https:\\\/\\\/i0.wp.com\\\/eltecolote.org\\\/content\\\/wp-content\\\/uploads\\\/2021\\\/05\\\/ETlogo-1.jpg?fit=400%2C400&ssl=1\",\"contentUrl\":\"https:\\\/\\\/i0.wp.com\\\/eltecolote.org\\\/content\\\/wp-content\\\/uploads\\\/2021\\\/05\\\/ETlogo-1.jpg?fit=400%2C400&ssl=1\",\"width\":400,\"height\":400,\"caption\":\"El Tecolote\"},\"image\":{\"@id\":\"https:\\\/\\\/eltecolote.org\\\/content\\\/#\\\/schema\\\/logo\\\/image\\\/\"},\"sameAs\":[\"https:\\\/\\\/www.facebook.com\\\/ElTecoloteSF\\\/\",\"https:\\\/\\\/x.com\\\/eltecolotesf\",\"https:\\\/\\\/www.instagram.com\\\/eltecolotesf\\\/\"]},{\"@type\":\"Person\",\"@id\":\"https:\\\/\\\/eltecolote.org\\\/content\\\/#\\\/schema\\\/person\\\/08828d10185eba96895a8363a269410e\",\"name\":\"El Tecolote Staff\",\"image\":{\"@type\":\"ImageObject\",\"inLanguage\":\"en\",\"@id\":\"https:\\\/\\\/secure.gravatar.com\\\/avatar\\\/9534c92c8c908364e186a64d93efc86f62367109d1b07a3454facde655968589?s=96&d=mm&r=g6afcb607783e095e4cf6be807353924d\",\"url\":\"https:\\\/\\\/secure.gravatar.com\\\/avatar\\\/9534c92c8c908364e186a64d93efc86f62367109d1b07a3454facde655968589?s=96&d=mm&r=g\",\"contentUrl\":\"https:\\\/\\\/secure.gravatar.com\\\/avatar\\\/9534c92c8c908364e186a64d93efc86f62367109d1b07a3454facde655968589?s=96&d=mm&r=g\",\"caption\":\"El Tecolote Staff\"},\"url\":\"https:\\\/\\\/eltecolote.org\\\/content\\\/author\\\/web-editor\\\/\"}]}<\/script>\n<!-- \/ Yoast SEO plugin. -->","yoast_head_json":{"title":"Cultura de los autos cl\u00e1sicos de Cuba - El Tecolote","description":"Cuba es el \u00fanico lugar donde todav\u00eda circulan por las calles veh\u00edculos de la d\u00e9cada de 1950. Im\u00e1genes de ellos son s\u00edmbolos de la cultura cubana como lo","robots":{"index":"index","follow":"follow","max-snippet":"max-snippet:-1","max-image-preview":"max-image-preview:large","max-video-preview":"max-video-preview:-1"},"canonical":"https:\/\/eltecolote.org\/content\/es\/cultura-de-los-autos-clasicos-de-cuba\/","og_locale":"en_US","og_type":"article","og_title":"Cultura de los autos cl\u00e1sicos de Cuba - El Tecolote","og_description":"Cuba es el \u00fanico lugar donde todav\u00eda circulan por las calles veh\u00edculos de la d\u00e9cada de 1950. Im\u00e1genes de ellos son s\u00edmbolos de la cultura cubana como lo","og_url":"https:\/\/eltecolote.org\/content\/es\/cultura-de-los-autos-clasicos-de-cuba\/","og_site_name":"El Tecolote","article_publisher":"https:\/\/www.facebook.com\/ElTecoloteSF\/","article_published_time":"2015-06-22T19:48:40+00:00","article_modified_time":"2015-06-22T19:54:32+00:00","og_image":[{"width":864,"height":574,"url":"https:\/\/i0.wp.com\/eltecolote.org\/content\/wp-content\/uploads\/2015\/06\/Cuban-Cars_01web.jpg?fit=864%2C574&ssl=1","type":"image\/jpeg"}],"author":"El Tecolote Staff","twitter_card":"summary_large_image","twitter_creator":"@eltecolotesf","twitter_site":"@eltecolotesf","twitter_misc":{"Written by":"El Tecolote Staff","Est. reading time":"2 minutes"},"schema":{"@context":"https:\/\/schema.org","@graph":[{"@type":"NewsArticle","@id":"https:\/\/eltecolote.org\/content\/es\/cultura-de-los-autos-clasicos-de-cuba\/#article","isPartOf":{"@id":"https:\/\/eltecolote.org\/content\/es\/cultura-de-los-autos-clasicos-de-cuba\/"},"author":{"name":"El Tecolote Staff","@id":"https:\/\/eltecolote.org\/content\/#\/schema\/person\/08828d10185eba96895a8363a269410e"},"headline":"Cultura de los autos cl\u00e1sicos de Cuba","datePublished":"2015-06-22T19:48:40+00:00","dateModified":"2015-06-22T19:54:32+00:00","mainEntityOfPage":{"@id":"https:\/\/eltecolote.org\/content\/es\/cultura-de-los-autos-clasicos-de-cuba\/"},"wordCount":385,"commentCount":0,"publisher":{"@id":"https:\/\/eltecolote.org\/content\/#organization"},"image":{"@id":"https:\/\/eltecolote.org\/content\/es\/cultura-de-los-autos-clasicos-de-cuba\/#primaryimage"},"thumbnailUrl":"https:\/\/i0.wp.com\/eltecolote.org\/content\/wp-content\/uploads\/2015\/06\/Cuban-Cars_01web.jpg?fit=864%2C574&quality=89&ssl=1","keywords":["Cuba"],"articleSection":["Am\u00e9rica Latina","Arte"],"inLanguage":"en","potentialAction":[{"@type":"CommentAction","name":"Comment","target":["https:\/\/eltecolote.org\/content\/es\/cultura-de-los-autos-clasicos-de-cuba\/#respond"]}]},{"@type":"WebPage","@id":"https:\/\/eltecolote.org\/content\/es\/cultura-de-los-autos-clasicos-de-cuba\/","url":"https:\/\/eltecolote.org\/content\/es\/cultura-de-los-autos-clasicos-de-cuba\/","name":"Cultura de los autos cl\u00e1sicos de Cuba - El Tecolote","isPartOf":{"@id":"https:\/\/eltecolote.org\/content\/#website"},"primaryImageOfPage":{"@id":"https:\/\/eltecolote.org\/content\/es\/cultura-de-los-autos-clasicos-de-cuba\/#primaryimage"},"image":{"@id":"https:\/\/eltecolote.org\/content\/es\/cultura-de-los-autos-clasicos-de-cuba\/#primaryimage"},"thumbnailUrl":"https:\/\/i0.wp.com\/eltecolote.org\/content\/wp-content\/uploads\/2015\/06\/Cuban-Cars_01web.jpg?fit=864%2C574&quality=89&ssl=1","datePublished":"2015-06-22T19:48:40+00:00","dateModified":"2015-06-22T19:54:32+00:00","description":"Cuba es el \u00fanico lugar donde todav\u00eda circulan por las calles veh\u00edculos de la d\u00e9cada de 1950. Im\u00e1genes de ellos son s\u00edmbolos de la cultura cubana como lo","inLanguage":"en","potentialAction":[{"@type":"ReadAction","target":["https:\/\/eltecolote.org\/content\/es\/cultura-de-los-autos-clasicos-de-cuba\/"]}]},{"@type":"ImageObject","inLanguage":"en","@id":"https:\/\/eltecolote.org\/content\/es\/cultura-de-los-autos-clasicos-de-cuba\/#primaryimage","url":"https:\/\/i0.wp.com\/eltecolote.org\/content\/wp-content\/uploads\/2015\/06\/Cuban-Cars_01web.jpg?fit=864%2C574&quality=89&ssl=1","contentUrl":"https:\/\/i0.wp.com\/eltecolote.org\/content\/wp-content\/uploads\/2015\/06\/Cuban-Cars_01web.jpg?fit=864%2C574&quality=89&ssl=1","width":864,"height":574},{"@type":"WebSite","@id":"https:\/\/eltecolote.org\/content\/#website","url":"https:\/\/eltecolote.org\/content\/","name":"El Tecolote","description":"San Francisco's Latinx newspaper since 1970","publisher":{"@id":"https:\/\/eltecolote.org\/content\/#organization"},"potentialAction":[{"@type":"SearchAction","target":{"@type":"EntryPoint","urlTemplate":"https:\/\/eltecolote.org\/content\/?s={search_term_string}"},"query-input":{"@type":"PropertyValueSpecification","valueRequired":true,"valueName":"search_term_string"}}],"inLanguage":"en"},{"@type":"Organization","@id":"https:\/\/eltecolote.org\/content\/#organization","name":"El Tecolote","url":"https:\/\/eltecolote.org\/content\/","logo":{"@type":"ImageObject","inLanguage":"en","@id":"https:\/\/eltecolote.org\/content\/#\/schema\/logo\/image\/","url":"https:\/\/i0.wp.com\/eltecolote.org\/content\/wp-content\/uploads\/2021\/05\/ETlogo-1.jpg?fit=400%2C400&ssl=1","contentUrl":"https:\/\/i0.wp.com\/eltecolote.org\/content\/wp-content\/uploads\/2021\/05\/ETlogo-1.jpg?fit=400%2C400&ssl=1","width":400,"height":400,"caption":"El Tecolote"},"image":{"@id":"https:\/\/eltecolote.org\/content\/#\/schema\/logo\/image\/"},"sameAs":["https:\/\/www.facebook.com\/ElTecoloteSF\/","https:\/\/x.com\/eltecolotesf","https:\/\/www.instagram.com\/eltecolotesf\/"]},{"@type":"Person","@id":"https:\/\/eltecolote.org\/content\/#\/schema\/person\/08828d10185eba96895a8363a269410e","name":"El Tecolote Staff","image":{"@type":"ImageObject","inLanguage":"en","@id":"https:\/\/secure.gravatar.com\/avatar\/9534c92c8c908364e186a64d93efc86f62367109d1b07a3454facde655968589?s=96&d=mm&r=g6afcb607783e095e4cf6be807353924d","url":"https:\/\/secure.gravatar.com\/avatar\/9534c92c8c908364e186a64d93efc86f62367109d1b07a3454facde655968589?s=96&d=mm&r=g","contentUrl":"https:\/\/secure.gravatar.com\/avatar\/9534c92c8c908364e186a64d93efc86f62367109d1b07a3454facde655968589?s=96&d=mm&r=g","caption":"El Tecolote Staff"},"url":"https:\/\/eltecolote.org\/content\/author\/web-editor\/"}]}},"distributor_meta":false,"distributor_terms":false,"distributor_media":false,"distributor_original_site_name":"El Tecolote","distributor_original_site_url":"https:\/\/eltecolote.org\/content","push-errors":false,"_links":{"self":[{"href":"https:\/\/eltecolote.org\/content\/wp-json\/wp\/v2\/posts\/26917","targetHints":{"allow":["GET"]}}],"collection":[{"href":"https:\/\/eltecolote.org\/content\/wp-json\/wp\/v2\/posts"}],"about":[{"href":"https:\/\/eltecolote.org\/content\/wp-json\/wp\/v2\/types\/post"}],"author":[{"embeddable":true,"href":"https:\/\/eltecolote.org\/content\/wp-json\/wp\/v2\/users\/35"}],"replies":[{"embeddable":true,"href":"https:\/\/eltecolote.org\/content\/wp-json\/wp\/v2\/comments?post=26917"}],"version-history":[{"count":2,"href":"https:\/\/eltecolote.org\/content\/wp-json\/wp\/v2\/posts\/26917\/revisions"}],"predecessor-version":[{"id":26935,"href":"https:\/\/eltecolote.org\/content\/wp-json\/wp\/v2\/posts\/26917\/revisions\/26935"}],"wp:featuredmedia":[{"embeddable":true,"href":"https:\/\/eltecolote.org\/content\/wp-json\/wp\/v2\/media\/26927"}],"wp:attachment":[{"href":"https:\/\/eltecolote.org\/content\/wp-json\/wp\/v2\/media?parent=26917"}],"wp:term":[{"taxonomy":"category","embeddable":true,"href":"https:\/\/eltecolote.org\/content\/wp-json\/wp\/v2\/categories?post=26917"},{"taxonomy":"post_tag","embeddable":true,"href":"https:\/\/eltecolote.org\/content\/wp-json\/wp\/v2\/tags?post=26917"},{"taxonomy":"author","embeddable":true,"href":"https:\/\/eltecolote.org\/content\/wp-json\/wp\/v2\/coauthors?post=26917"}],"curies":[{"name":"wp","href":"https:\/\/api.w.org\/{rel}","templated":true}]}}