{"id":26435,"date":"2015-05-07T12:21:53","date_gmt":"2015-05-07T19:21:53","guid":{"rendered":"http:\/\/eltecolote.org\/content\/?p=26435"},"modified":"2015-05-07T12:21:53","modified_gmt":"2015-05-07T19:21:53","slug":"echan-luz-sobre-una-muerte-autopsia-contradice-version-de-sfpd-sobre-muerte-de-amilcar","status":"publish","type":"post","link":"https:\/\/eltecolote.org\/content\/es\/echan-luz-sobre-una-muerte-autopsia-contradice-version-de-sfpd-sobre-muerte-de-amilcar\/","title":{"rendered":"Echan Luz sobre una muerte: Autopsia contradice versi\u00f3n de SFPD sobre muerte de Amilcar"},"content":{"rendered":"<p>[su_slider source=&#8221;media: 26436,26437,26438,26439,26440,26441,26442,26443,26444,26445,26446,26447,26448,26449,26450,26451,26452,26453,26454,26455,26456,26457,26458,26459&#8243; limit=&#8221;25&#8243; link=&#8221;image&#8221; target=&#8221;blank&#8221; width=&#8221;800&#8243; height=&#8221;600&#8243; speed=&#8221;500&#8243;]<\/p>\n<p>La choza al pie de una ladera en Chiquimula, Guatemala, donde vive la familia de Juan P\u00e9rez y Margarita L\u00f3pez, no ten\u00eda electricidad cuando su hijo mayor, Amilcar, se fue a los EEUU.<br \/>\nPero s\u00ed la tuvo el d\u00eda que \u00e9l muri\u00f3.<\/p>\n<p>Durante una conferencia de prensa el 24 de abril, con una distancia de m\u00e1s de 3 mil millas entre Chiquimula y San Francisco, ambos Juan y Margarita hablaron v\u00eda Skype a los medios de comunicaci\u00f3n y partidarios de Amilcar P\u00e9rez-L\u00f3pez \u2014el inmigrante guatemalteco de 20 a\u00f1os de edad que fue baleado fatalmente el 26 de febrero por dos polic\u00edas encubiertos de San Francisco en el Distrito de la Misi\u00f3n.<\/p>\n<p>\u201cHe sufrido bastante por mi hijo\u201d, dijo Margarita, con su acento maya Ch\u2019orti\u2019 en el mejor espa\u00f1ol que pudo reunir. Margarita no pudo contener sus l\u00e1grimas. \u201cYo pido justicia para mi hijo, porque lo siento bastante, que me quitaron a mi hijo\u201d.<\/p>\n<p>Arnoldo Casillas, el abogado que representa a la familia P\u00e9rez-L\u00f3pez, present\u00f3 una demanda federal de derechos civiles contra el Departamento de Polic\u00eda de San Francisco (SFPD, por sus siglas en ingl\u00e9s) el 24 de abril, despu\u00e9s de conocerse los resultados de la autopsia independiente la cual contradice la versi\u00f3n oficial de la polic\u00eda. La demanda implica al Jefe del SFPD Greg Suhr, a los polic\u00edas Eric Reboli y Craig Tiffe, a la Ciudad y al Condado de San Francisco.<\/p>\n<p>\u201cEl Distrito de la Misi\u00f3n tiene un c\u00e1ncer\u201d, dijo Casillas. \u201cUna y otra vez, los derechos civiles de j\u00f3venes latinos est\u00e1n siendo violentados \u2014siendo pisoteados\u201d.<\/p>\n<p>A P\u00e9rez-L\u00f3pez le dispararon en la calle Folsom entre las calles 24 y 25 despu\u00e9s de que los polic\u00edas encubiertos Reboli y Tiffe respondieran a una llamada en la que se informaba que un hombre armado con cuchillo en mano persegu\u00eda a otro. En la noche del tiroteo, Suhr declar\u00f3 que P\u00e9rez-L\u00f3pez (que a\u00fan no hab\u00eda sido identificado) atac\u00f3 a los polic\u00edas con el cuchillo por lo que Reboli y Tiffe debieron disparar.<\/p>\n<p>\u201cEs una mentira. No hay otra manera de caracterizar esa versi\u00f3n\u201d, dijo Casillas. \u201cLe dispararon en la espalda cuatro veces. Si te estoy atacando, no me puedes disparar por la espalda\u201d.<\/p>\n<p>La autopsia independiente, realizada por el pat\u00f3logo forense Jay Chapman, de Santa Rosa, concluy\u00f3 que existen cuatro heridas de entrada en la espalda de P\u00e9rez-L\u00f3pez: una cerca de la parte superior del hombro derecho, dos a la mitad de abajo a la derecha, y otra al mitad izquierda de la espalda. Tambi\u00e9n hay una herida que penetr\u00f3 por la parte posterior del brazo derecho de P\u00e9rez-L\u00f3pez, rozando su pecho y uno en la parte posterior de la cabeza.<\/p>\n<p>Casillas argument\u00f3 que los disparos en la espalda y la herida del brazo indican que P\u00e9rez-L\u00f3pez no solamente estaba huyendo de la polic\u00eda, sino que ten\u00eda su brazo al lado al momento de los disparos.<\/p>\n<p>\u201cEsta no es la persona que el Jefe Suhr describe, dijo Casillas. \u201cEs f\u00edsicamente imposible lograr estas trayectorias a trav\u00e9s de su cuerpo a menos que \u00e9l estuviera huyendo\u201d.<\/p>\n<p>Aunque el equipo legal de P\u00e9rez-L\u00f3pez todav\u00eda est\u00e1 esperando los resultados de la autopsia oficial, ellos han visto las fotograf\u00edas de las heridas de entrada y esperan que los resultados reflejen los de la autopsia independiente.<\/p>\n<p>Adem\u00e1s de dicha autopsia, tres testigos y una fotograf\u00eda tomada el 26 de febrero por el vecino Chris Carlsson parecen contradecir la versi\u00f3n de Suhr sobre la sucesi\u00f3n de los hechos.<\/p>\n<p>El se\u00f1or P\u00e9rez, la persona a quien Amilcar persegu\u00eda con un cuchillo tras un altercado, afirm\u00f3 que \u00e9ste fue agarrado por la polic\u00eda por detr\u00e1s antes de tirar el cuchillo y baleado. Los otros dos testigos (referidos como el se\u00f1or V y el se\u00f1or D por su propia seguridad) apoyan la versi\u00f3n del se\u00f1or P\u00e9rez.<\/p>\n<p>La fotograf\u00eda de Carlsson tambi\u00e9n mostr\u00f3 a P\u00e9rez-L\u00f3pez muerto en la calle entre dos coches estacionados y no en la banqueta en donde Suhr declar\u00f3 que el tiroteo ocurri\u00f3.<\/p>\n<p>Casillas pide cargos contra los dos polic\u00edas, pero admite que eso no es tan probable.<\/p>\n<p>El equipo de Casillas ha entregado su caso a la Oficina Fiscal de los EEUU en San Francisco con la esperanza de conseguir un proceso federal.<\/p>\n<p><strong>Las familias<\/strong><br \/>\nEl 27 de febrero, un d\u00eda despu\u00e9s de que Amilcar fuera asesinado, la esposa del oficial Eric Reboli, Marilu, escribi\u00f3 en su p\u00e1gina de Facebook: \u201cGracias a todos los que est\u00e1n preocupados por Eric. \u00c9l est\u00e1 bien y voy a hacerle llegar sus mensajes. Gracias por el apoyo. La vida es fr\u00e1gil y dulce. Cu\u00eddense\u201d.<\/p>\n<p>Jonathan Melrod, uno de los abogados participantes en la demanda y miembro de la junta asesora de California a la Comisi\u00f3n de Derechos Civiles de los EEUU, dijo que hab\u00eda visto a Suhr en una entrevista por televisi\u00f3n hablando de las familias de los polic\u00edas.<\/p>\n<p>\u201c\u00c9l [Suhr] dijo: \u2018Sabes qu\u00e9, ha sido muy dif\u00edcil para las familias de los dos polic\u00edas\u2019. Esta es la familia que lo est\u00e1 tomando dif\u00edcil\u201d, dijo Melrod, se\u00f1alando una foto de la familia P\u00e9rez-L\u00f3pez. \u201cLa familia que depend\u00eda de Amilcar para su sustento. La familia que envi\u00f3 a su hijo para buscar [a ellos] una vida mejor. No o\u00ed hablar el Jefe Suhr de esa familia. Y esa es la familia de que vamos hablar hoy\u201d.<\/p>\n<p>M\u00e1s tarde esa noche, cientos de personas marcharon por la Misi\u00f3n, comenzando en el lugar donde fue asesinado P\u00e9rez-L\u00f3pez. Dos de esas personas eran Refugio y Elvira Nieto, que sufrieron la p\u00e9rdida de su hijo Alex el a\u00f1o pasado, tambi\u00e9n a manos de la polic\u00eda.<\/p>\n<p>\u201cPues aqu\u00ed con mucha tristeza\u201d, dijo Elvira, recordando la expresi\u00f3n en el rostro de Margarita L\u00f3pez. \u201cPorque yo s\u00e9 del dolor que se siente por estar en esto\u201d.<\/p>\n","protected":false},"excerpt":{"rendered":"<p>[su_slider source=&#8221;media: 26436,26437,26438,26439,26440,26441,26442,26443,26444,26445,26446,26447,26448,26449,26450,26451,26452,26453,26454,26455,26456,26457,26458,26459&#8243; limit=&#8221;25&#8243; link=&#8221;image&#8221; target=&#8221;blank&#8221; width=&#8221;800&#8243; height=&#8221;600&#8243; speed=&#8221;500&#8243;] La choza al pie de una ladera en Chiquimula, Guatemala, donde vive la familia de Juan P\u00e9rez y Margarita L\u00f3pez, no ten\u00eda electricidad cuando su hijo mayor, Amilcar, se fue a los EEUU. Pero s\u00ed la tuvo el d\u00eda que \u00e9l muri\u00f3. Durante una conferencia de [&hellip;]<\/p>\n","protected":false},"author":35,"featured_media":26440,"comment_status":"open","ping_status":"closed","sticky":false,"template":"","format":"standard","meta":{"newspack_popups_has_disabled_popups":false,"newspack_featured_image_position":"","newspack_post_subtitle":"","newspack_article_summary_title":"Overview:","newspack_article_summary":"","newspack_hide_updated_date":false,"newspack_show_updated_date":false,"footnotes":""},"categories":[3519],"tags":[4245,4395,5065,5053,4389,5057,4647,4181,4617,4645,1650,85,5055,5063,5049,5051,5061,1946,5059,4183,2768,346],"coauthors":[],"class_list":["post-26435","post","type-post","status-publish","format-standard","has-post-thumbnail","hentry","category-noticias","tag-amilcar-perez-lopez","tag-arnoldo-casillas","tag-california-a-la-comision-de-derechos-civiles-de-los-eeuu","tag-chorti","tag-chiquimula","tag-chris-carlsson","tag-craig-tiffe","tag-departamento-de-policia-de-san-francisco","tag-elvira-nieto","tag-eric-reboli","tag-greg-suhr","tag-guatemala","tag-jay-chapman","tag-jonathan-melrod","tag-juan-perez","tag-margarita-lopez","tag-marilu-reboli","tag-maya","tag-oficina-fiscal-de-los-eeuu","tag-refugio-nieto","tag-santa-rosa","tag-sfpd","entry"],"yoast_head":"<!-- This site is optimized with the Yoast SEO plugin v27.5 - https:\/\/yoast.com\/product\/yoast-seo-wordpress\/ -->\n<title>Echan Luz sobre una muerte: Autopsia contradice versi\u00f3n de SFPD sobre muerte de Amilcar - El Tecolote<\/title>\n<meta name=\"description\" content=\"La choza al pie de una ladera en Chiquimula, Guatemala, donde vive la familia de Juan P\u00e9rez y Margarita L\u00f3pez, no ten\u00eda electricidad cuando su hijo mayor,\" \/>\n<meta name=\"robots\" content=\"index, follow, max-snippet:-1, max-image-preview:large, max-video-preview:-1\" \/>\n<link rel=\"canonical\" href=\"https:\/\/eltecolote.org\/content\/es\/echan-luz-sobre-una-muerte-autopsia-contradice-version-de-sfpd-sobre-muerte-de-amilcar\/\" \/>\n<meta property=\"og:locale\" content=\"en_US\" \/>\n<meta property=\"og:type\" content=\"article\" \/>\n<meta property=\"og:title\" content=\"Echan Luz sobre una muerte: Autopsia contradice versi\u00f3n de SFPD sobre muerte de Amilcar - El Tecolote\" \/>\n<meta property=\"og:description\" content=\"La choza al pie de una ladera en Chiquimula, Guatemala, donde vive la familia de Juan P\u00e9rez y Margarita L\u00f3pez, no ten\u00eda electricidad cuando su hijo mayor,\" \/>\n<meta property=\"og:url\" content=\"https:\/\/eltecolote.org\/content\/es\/echan-luz-sobre-una-muerte-autopsia-contradice-version-de-sfpd-sobre-muerte-de-amilcar\/\" \/>\n<meta property=\"og:site_name\" content=\"El Tecolote\" \/>\n<meta property=\"article:publisher\" content=\"https:\/\/www.facebook.com\/ElTecoloteSF\/\" \/>\n<meta property=\"article:published_time\" content=\"2015-05-07T19:21:53+00:00\" \/>\n<meta property=\"og:image\" content=\"https:\/\/i0.wp.com\/eltecolote.org\/content\/wp-content\/uploads\/2015\/05\/Amilcar-Autopsy_Lex_02web.jpg?fit=864%2C576&ssl=1\" \/>\n\t<meta property=\"og:image:width\" content=\"864\" \/>\n\t<meta property=\"og:image:height\" content=\"576\" \/>\n\t<meta property=\"og:image:type\" content=\"image\/jpeg\" \/>\n<meta name=\"author\" content=\"El Tecolote Staff\" \/>\n<meta name=\"twitter:card\" content=\"summary_large_image\" \/>\n<meta name=\"twitter:creator\" content=\"@eltecolotesf\" \/>\n<meta name=\"twitter:site\" content=\"@eltecolotesf\" \/>\n<meta name=\"twitter:label1\" content=\"Written by\" \/>\n\t<meta name=\"twitter:data1\" content=\"El Tecolote Staff\" \/>\n\t<meta name=\"twitter:label2\" content=\"Est. reading time\" \/>\n\t<meta name=\"twitter:data2\" content=\"5 minutes\" \/>\n<script type=\"application\/ld+json\" class=\"yoast-schema-graph\">{\"@context\":\"https:\\\/\\\/schema.org\",\"@graph\":[{\"@type\":\"NewsArticle\",\"@id\":\"https:\\\/\\\/eltecolote.org\\\/content\\\/es\\\/echan-luz-sobre-una-muerte-autopsia-contradice-version-de-sfpd-sobre-muerte-de-amilcar\\\/#article\",\"isPartOf\":{\"@id\":\"https:\\\/\\\/eltecolote.org\\\/content\\\/es\\\/echan-luz-sobre-una-muerte-autopsia-contradice-version-de-sfpd-sobre-muerte-de-amilcar\\\/\"},\"author\":{\"name\":\"El Tecolote Staff\",\"@id\":\"https:\\\/\\\/eltecolote.org\\\/content\\\/#\\\/schema\\\/person\\\/08828d10185eba96895a8363a269410e\"},\"headline\":\"Echan Luz sobre una muerte: Autopsia contradice versi\u00f3n de SFPD sobre muerte de Amilcar\",\"datePublished\":\"2015-05-07T19:21:53+00:00\",\"mainEntityOfPage\":{\"@id\":\"https:\\\/\\\/eltecolote.org\\\/content\\\/es\\\/echan-luz-sobre-una-muerte-autopsia-contradice-version-de-sfpd-sobre-muerte-de-amilcar\\\/\"},\"wordCount\":1064,\"commentCount\":0,\"publisher\":{\"@id\":\"https:\\\/\\\/eltecolote.org\\\/content\\\/#organization\"},\"image\":{\"@id\":\"https:\\\/\\\/eltecolote.org\\\/content\\\/es\\\/echan-luz-sobre-una-muerte-autopsia-contradice-version-de-sfpd-sobre-muerte-de-amilcar\\\/#primaryimage\"},\"thumbnailUrl\":\"https:\\\/\\\/i0.wp.com\\\/eltecolote.org\\\/content\\\/wp-content\\\/uploads\\\/2015\\\/05\\\/Amilcar-Autopsy_Lex_02web.jpg?fit=864%2C576&quality=89&ssl=1\",\"keywords\":[\"Amilcar Perez-Lopez\",\"Arnoldo Casillas\",\"California a la Comisi\u00f3n de Derechos Civiles de los EEUU\",\"Ch\u2019orti\u2019\",\"Chiquimula\",\"Chris Carlsson\",\"Craig Tiffe\",\"Departamento de Polic\u00eda de San Francisco\",\"Elvira Nieto\",\"Eric Reboli\",\"Greg Suhr\",\"guatemala\",\"Jay Chapman\",\"Jonathan Melrod\",\"Juan P\u00e9rez\",\"Margarita L\u00f3pez\",\"Marilu Reboli\",\"Maya\",\"Oficina Fiscal de los EEUU\",\"Refugio Nieto\",\"Santa Rosa\",\"SFPD\"],\"articleSection\":[\"Noticias\"],\"inLanguage\":\"en\",\"potentialAction\":[{\"@type\":\"CommentAction\",\"name\":\"Comment\",\"target\":[\"https:\\\/\\\/eltecolote.org\\\/content\\\/es\\\/echan-luz-sobre-una-muerte-autopsia-contradice-version-de-sfpd-sobre-muerte-de-amilcar\\\/#respond\"]}]},{\"@type\":\"WebPage\",\"@id\":\"https:\\\/\\\/eltecolote.org\\\/content\\\/es\\\/echan-luz-sobre-una-muerte-autopsia-contradice-version-de-sfpd-sobre-muerte-de-amilcar\\\/\",\"url\":\"https:\\\/\\\/eltecolote.org\\\/content\\\/es\\\/echan-luz-sobre-una-muerte-autopsia-contradice-version-de-sfpd-sobre-muerte-de-amilcar\\\/\",\"name\":\"Echan Luz sobre una muerte: Autopsia contradice versi\u00f3n de SFPD sobre muerte de Amilcar - El Tecolote\",\"isPartOf\":{\"@id\":\"https:\\\/\\\/eltecolote.org\\\/content\\\/#website\"},\"primaryImageOfPage\":{\"@id\":\"https:\\\/\\\/eltecolote.org\\\/content\\\/es\\\/echan-luz-sobre-una-muerte-autopsia-contradice-version-de-sfpd-sobre-muerte-de-amilcar\\\/#primaryimage\"},\"image\":{\"@id\":\"https:\\\/\\\/eltecolote.org\\\/content\\\/es\\\/echan-luz-sobre-una-muerte-autopsia-contradice-version-de-sfpd-sobre-muerte-de-amilcar\\\/#primaryimage\"},\"thumbnailUrl\":\"https:\\\/\\\/i0.wp.com\\\/eltecolote.org\\\/content\\\/wp-content\\\/uploads\\\/2015\\\/05\\\/Amilcar-Autopsy_Lex_02web.jpg?fit=864%2C576&quality=89&ssl=1\",\"datePublished\":\"2015-05-07T19:21:53+00:00\",\"description\":\"La choza al pie de una ladera en Chiquimula, Guatemala, donde vive la familia de Juan P\u00e9rez y Margarita L\u00f3pez, no ten\u00eda electricidad cuando su hijo mayor,\",\"inLanguage\":\"en\",\"potentialAction\":[{\"@type\":\"ReadAction\",\"target\":[\"https:\\\/\\\/eltecolote.org\\\/content\\\/es\\\/echan-luz-sobre-una-muerte-autopsia-contradice-version-de-sfpd-sobre-muerte-de-amilcar\\\/\"]}]},{\"@type\":\"ImageObject\",\"inLanguage\":\"en\",\"@id\":\"https:\\\/\\\/eltecolote.org\\\/content\\\/es\\\/echan-luz-sobre-una-muerte-autopsia-contradice-version-de-sfpd-sobre-muerte-de-amilcar\\\/#primaryimage\",\"url\":\"https:\\\/\\\/i0.wp.com\\\/eltecolote.org\\\/content\\\/wp-content\\\/uploads\\\/2015\\\/05\\\/Amilcar-Autopsy_Lex_02web.jpg?fit=864%2C576&quality=89&ssl=1\",\"contentUrl\":\"https:\\\/\\\/i0.wp.com\\\/eltecolote.org\\\/content\\\/wp-content\\\/uploads\\\/2015\\\/05\\\/Amilcar-Autopsy_Lex_02web.jpg?fit=864%2C576&quality=89&ssl=1\",\"width\":864,\"height\":576,\"caption\":\"El abogado Arnoldo Casillas, representante legal de la familia P\u00e9rez-L\u00f3pez se\u00f1ala una imagen que muestra c\u00f3mo su cliente recibi\u00f3 disparos por la espalda mientras hu\u00eda. Foto Alexis Terrazas\"},{\"@type\":\"WebSite\",\"@id\":\"https:\\\/\\\/eltecolote.org\\\/content\\\/#website\",\"url\":\"https:\\\/\\\/eltecolote.org\\\/content\\\/\",\"name\":\"El Tecolote\",\"description\":\"San Francisco's Latinx newspaper since 1970\",\"publisher\":{\"@id\":\"https:\\\/\\\/eltecolote.org\\\/content\\\/#organization\"},\"potentialAction\":[{\"@type\":\"SearchAction\",\"target\":{\"@type\":\"EntryPoint\",\"urlTemplate\":\"https:\\\/\\\/eltecolote.org\\\/content\\\/?s={search_term_string}\"},\"query-input\":{\"@type\":\"PropertyValueSpecification\",\"valueRequired\":true,\"valueName\":\"search_term_string\"}}],\"inLanguage\":\"en\"},{\"@type\":\"Organization\",\"@id\":\"https:\\\/\\\/eltecolote.org\\\/content\\\/#organization\",\"name\":\"El Tecolote\",\"url\":\"https:\\\/\\\/eltecolote.org\\\/content\\\/\",\"logo\":{\"@type\":\"ImageObject\",\"inLanguage\":\"en\",\"@id\":\"https:\\\/\\\/eltecolote.org\\\/content\\\/#\\\/schema\\\/logo\\\/image\\\/\",\"url\":\"https:\\\/\\\/i0.wp.com\\\/eltecolote.org\\\/content\\\/wp-content\\\/uploads\\\/2021\\\/05\\\/ETlogo-1.jpg?fit=400%2C400&ssl=1\",\"contentUrl\":\"https:\\\/\\\/i0.wp.com\\\/eltecolote.org\\\/content\\\/wp-content\\\/uploads\\\/2021\\\/05\\\/ETlogo-1.jpg?fit=400%2C400&ssl=1\",\"width\":400,\"height\":400,\"caption\":\"El Tecolote\"},\"image\":{\"@id\":\"https:\\\/\\\/eltecolote.org\\\/content\\\/#\\\/schema\\\/logo\\\/image\\\/\"},\"sameAs\":[\"https:\\\/\\\/www.facebook.com\\\/ElTecoloteSF\\\/\",\"https:\\\/\\\/x.com\\\/eltecolotesf\",\"https:\\\/\\\/www.instagram.com\\\/eltecolotesf\\\/\"]},{\"@type\":\"Person\",\"@id\":\"https:\\\/\\\/eltecolote.org\\\/content\\\/#\\\/schema\\\/person\\\/08828d10185eba96895a8363a269410e\",\"name\":\"El Tecolote Staff\",\"image\":{\"@type\":\"ImageObject\",\"inLanguage\":\"en\",\"@id\":\"https:\\\/\\\/secure.gravatar.com\\\/avatar\\\/9534c92c8c908364e186a64d93efc86f62367109d1b07a3454facde655968589?s=96&d=mm&r=g6afcb607783e095e4cf6be807353924d\",\"url\":\"https:\\\/\\\/secure.gravatar.com\\\/avatar\\\/9534c92c8c908364e186a64d93efc86f62367109d1b07a3454facde655968589?s=96&d=mm&r=g\",\"contentUrl\":\"https:\\\/\\\/secure.gravatar.com\\\/avatar\\\/9534c92c8c908364e186a64d93efc86f62367109d1b07a3454facde655968589?s=96&d=mm&r=g\",\"caption\":\"El Tecolote Staff\"},\"url\":\"https:\\\/\\\/eltecolote.org\\\/content\\\/author\\\/web-editor\\\/\"}]}<\/script>\n<!-- \/ Yoast SEO plugin. -->","yoast_head_json":{"title":"Echan Luz sobre una muerte: Autopsia contradice versi\u00f3n de SFPD sobre muerte de Amilcar - El Tecolote","description":"La choza al pie de una ladera en Chiquimula, Guatemala, donde vive la familia de Juan P\u00e9rez y Margarita L\u00f3pez, no ten\u00eda electricidad cuando su hijo mayor,","robots":{"index":"index","follow":"follow","max-snippet":"max-snippet:-1","max-image-preview":"max-image-preview:large","max-video-preview":"max-video-preview:-1"},"canonical":"https:\/\/eltecolote.org\/content\/es\/echan-luz-sobre-una-muerte-autopsia-contradice-version-de-sfpd-sobre-muerte-de-amilcar\/","og_locale":"en_US","og_type":"article","og_title":"Echan Luz sobre una muerte: Autopsia contradice versi\u00f3n de SFPD sobre muerte de Amilcar - El Tecolote","og_description":"La choza al pie de una ladera en Chiquimula, Guatemala, donde vive la familia de Juan P\u00e9rez y Margarita L\u00f3pez, no ten\u00eda electricidad cuando su hijo mayor,","og_url":"https:\/\/eltecolote.org\/content\/es\/echan-luz-sobre-una-muerte-autopsia-contradice-version-de-sfpd-sobre-muerte-de-amilcar\/","og_site_name":"El Tecolote","article_publisher":"https:\/\/www.facebook.com\/ElTecoloteSF\/","article_published_time":"2015-05-07T19:21:53+00:00","og_image":[{"width":864,"height":576,"url":"https:\/\/i0.wp.com\/eltecolote.org\/content\/wp-content\/uploads\/2015\/05\/Amilcar-Autopsy_Lex_02web.jpg?fit=864%2C576&ssl=1","type":"image\/jpeg"}],"author":"El Tecolote Staff","twitter_card":"summary_large_image","twitter_creator":"@eltecolotesf","twitter_site":"@eltecolotesf","twitter_misc":{"Written by":"El Tecolote Staff","Est. reading time":"5 minutes"},"schema":{"@context":"https:\/\/schema.org","@graph":[{"@type":"NewsArticle","@id":"https:\/\/eltecolote.org\/content\/es\/echan-luz-sobre-una-muerte-autopsia-contradice-version-de-sfpd-sobre-muerte-de-amilcar\/#article","isPartOf":{"@id":"https:\/\/eltecolote.org\/content\/es\/echan-luz-sobre-una-muerte-autopsia-contradice-version-de-sfpd-sobre-muerte-de-amilcar\/"},"author":{"name":"El Tecolote Staff","@id":"https:\/\/eltecolote.org\/content\/#\/schema\/person\/08828d10185eba96895a8363a269410e"},"headline":"Echan Luz sobre una muerte: Autopsia contradice versi\u00f3n de SFPD sobre muerte de Amilcar","datePublished":"2015-05-07T19:21:53+00:00","mainEntityOfPage":{"@id":"https:\/\/eltecolote.org\/content\/es\/echan-luz-sobre-una-muerte-autopsia-contradice-version-de-sfpd-sobre-muerte-de-amilcar\/"},"wordCount":1064,"commentCount":0,"publisher":{"@id":"https:\/\/eltecolote.org\/content\/#organization"},"image":{"@id":"https:\/\/eltecolote.org\/content\/es\/echan-luz-sobre-una-muerte-autopsia-contradice-version-de-sfpd-sobre-muerte-de-amilcar\/#primaryimage"},"thumbnailUrl":"https:\/\/i0.wp.com\/eltecolote.org\/content\/wp-content\/uploads\/2015\/05\/Amilcar-Autopsy_Lex_02web.jpg?fit=864%2C576&quality=89&ssl=1","keywords":["Amilcar Perez-Lopez","Arnoldo Casillas","California a la Comisi\u00f3n de Derechos Civiles de los EEUU","Ch\u2019orti\u2019","Chiquimula","Chris Carlsson","Craig Tiffe","Departamento de Polic\u00eda de San Francisco","Elvira Nieto","Eric Reboli","Greg Suhr","guatemala","Jay Chapman","Jonathan Melrod","Juan P\u00e9rez","Margarita L\u00f3pez","Marilu Reboli","Maya","Oficina Fiscal de los EEUU","Refugio Nieto","Santa Rosa","SFPD"],"articleSection":["Noticias"],"inLanguage":"en","potentialAction":[{"@type":"CommentAction","name":"Comment","target":["https:\/\/eltecolote.org\/content\/es\/echan-luz-sobre-una-muerte-autopsia-contradice-version-de-sfpd-sobre-muerte-de-amilcar\/#respond"]}]},{"@type":"WebPage","@id":"https:\/\/eltecolote.org\/content\/es\/echan-luz-sobre-una-muerte-autopsia-contradice-version-de-sfpd-sobre-muerte-de-amilcar\/","url":"https:\/\/eltecolote.org\/content\/es\/echan-luz-sobre-una-muerte-autopsia-contradice-version-de-sfpd-sobre-muerte-de-amilcar\/","name":"Echan Luz sobre una muerte: Autopsia contradice versi\u00f3n de SFPD sobre muerte de Amilcar - El Tecolote","isPartOf":{"@id":"https:\/\/eltecolote.org\/content\/#website"},"primaryImageOfPage":{"@id":"https:\/\/eltecolote.org\/content\/es\/echan-luz-sobre-una-muerte-autopsia-contradice-version-de-sfpd-sobre-muerte-de-amilcar\/#primaryimage"},"image":{"@id":"https:\/\/eltecolote.org\/content\/es\/echan-luz-sobre-una-muerte-autopsia-contradice-version-de-sfpd-sobre-muerte-de-amilcar\/#primaryimage"},"thumbnailUrl":"https:\/\/i0.wp.com\/eltecolote.org\/content\/wp-content\/uploads\/2015\/05\/Amilcar-Autopsy_Lex_02web.jpg?fit=864%2C576&quality=89&ssl=1","datePublished":"2015-05-07T19:21:53+00:00","description":"La choza al pie de una ladera en Chiquimula, Guatemala, donde vive la familia de Juan P\u00e9rez y Margarita L\u00f3pez, no ten\u00eda electricidad cuando su hijo mayor,","inLanguage":"en","potentialAction":[{"@type":"ReadAction","target":["https:\/\/eltecolote.org\/content\/es\/echan-luz-sobre-una-muerte-autopsia-contradice-version-de-sfpd-sobre-muerte-de-amilcar\/"]}]},{"@type":"ImageObject","inLanguage":"en","@id":"https:\/\/eltecolote.org\/content\/es\/echan-luz-sobre-una-muerte-autopsia-contradice-version-de-sfpd-sobre-muerte-de-amilcar\/#primaryimage","url":"https:\/\/i0.wp.com\/eltecolote.org\/content\/wp-content\/uploads\/2015\/05\/Amilcar-Autopsy_Lex_02web.jpg?fit=864%2C576&quality=89&ssl=1","contentUrl":"https:\/\/i0.wp.com\/eltecolote.org\/content\/wp-content\/uploads\/2015\/05\/Amilcar-Autopsy_Lex_02web.jpg?fit=864%2C576&quality=89&ssl=1","width":864,"height":576,"caption":"El abogado Arnoldo Casillas, representante legal de la familia P\u00e9rez-L\u00f3pez se\u00f1ala una imagen que muestra c\u00f3mo su cliente recibi\u00f3 disparos por la espalda mientras hu\u00eda. Foto Alexis Terrazas"},{"@type":"WebSite","@id":"https:\/\/eltecolote.org\/content\/#website","url":"https:\/\/eltecolote.org\/content\/","name":"El Tecolote","description":"San Francisco's Latinx newspaper since 1970","publisher":{"@id":"https:\/\/eltecolote.org\/content\/#organization"},"potentialAction":[{"@type":"SearchAction","target":{"@type":"EntryPoint","urlTemplate":"https:\/\/eltecolote.org\/content\/?s={search_term_string}"},"query-input":{"@type":"PropertyValueSpecification","valueRequired":true,"valueName":"search_term_string"}}],"inLanguage":"en"},{"@type":"Organization","@id":"https:\/\/eltecolote.org\/content\/#organization","name":"El Tecolote","url":"https:\/\/eltecolote.org\/content\/","logo":{"@type":"ImageObject","inLanguage":"en","@id":"https:\/\/eltecolote.org\/content\/#\/schema\/logo\/image\/","url":"https:\/\/i0.wp.com\/eltecolote.org\/content\/wp-content\/uploads\/2021\/05\/ETlogo-1.jpg?fit=400%2C400&ssl=1","contentUrl":"https:\/\/i0.wp.com\/eltecolote.org\/content\/wp-content\/uploads\/2021\/05\/ETlogo-1.jpg?fit=400%2C400&ssl=1","width":400,"height":400,"caption":"El Tecolote"},"image":{"@id":"https:\/\/eltecolote.org\/content\/#\/schema\/logo\/image\/"},"sameAs":["https:\/\/www.facebook.com\/ElTecoloteSF\/","https:\/\/x.com\/eltecolotesf","https:\/\/www.instagram.com\/eltecolotesf\/"]},{"@type":"Person","@id":"https:\/\/eltecolote.org\/content\/#\/schema\/person\/08828d10185eba96895a8363a269410e","name":"El Tecolote Staff","image":{"@type":"ImageObject","inLanguage":"en","@id":"https:\/\/secure.gravatar.com\/avatar\/9534c92c8c908364e186a64d93efc86f62367109d1b07a3454facde655968589?s=96&d=mm&r=g6afcb607783e095e4cf6be807353924d","url":"https:\/\/secure.gravatar.com\/avatar\/9534c92c8c908364e186a64d93efc86f62367109d1b07a3454facde655968589?s=96&d=mm&r=g","contentUrl":"https:\/\/secure.gravatar.com\/avatar\/9534c92c8c908364e186a64d93efc86f62367109d1b07a3454facde655968589?s=96&d=mm&r=g","caption":"El Tecolote Staff"},"url":"https:\/\/eltecolote.org\/content\/author\/web-editor\/"}]}},"distributor_meta":false,"distributor_terms":false,"distributor_media":false,"distributor_original_site_name":"El Tecolote","distributor_original_site_url":"https:\/\/eltecolote.org\/content","push-errors":false,"_links":{"self":[{"href":"https:\/\/eltecolote.org\/content\/wp-json\/wp\/v2\/posts\/26435","targetHints":{"allow":["GET"]}}],"collection":[{"href":"https:\/\/eltecolote.org\/content\/wp-json\/wp\/v2\/posts"}],"about":[{"href":"https:\/\/eltecolote.org\/content\/wp-json\/wp\/v2\/types\/post"}],"author":[{"embeddable":true,"href":"https:\/\/eltecolote.org\/content\/wp-json\/wp\/v2\/users\/35"}],"replies":[{"embeddable":true,"href":"https:\/\/eltecolote.org\/content\/wp-json\/wp\/v2\/comments?post=26435"}],"version-history":[{"count":1,"href":"https:\/\/eltecolote.org\/content\/wp-json\/wp\/v2\/posts\/26435\/revisions"}],"predecessor-version":[{"id":26464,"href":"https:\/\/eltecolote.org\/content\/wp-json\/wp\/v2\/posts\/26435\/revisions\/26464"}],"wp:featuredmedia":[{"embeddable":true,"href":"https:\/\/eltecolote.org\/content\/wp-json\/wp\/v2\/media\/26440"}],"wp:attachment":[{"href":"https:\/\/eltecolote.org\/content\/wp-json\/wp\/v2\/media?parent=26435"}],"wp:term":[{"taxonomy":"category","embeddable":true,"href":"https:\/\/eltecolote.org\/content\/wp-json\/wp\/v2\/categories?post=26435"},{"taxonomy":"post_tag","embeddable":true,"href":"https:\/\/eltecolote.org\/content\/wp-json\/wp\/v2\/tags?post=26435"},{"taxonomy":"author","embeddable":true,"href":"https:\/\/eltecolote.org\/content\/wp-json\/wp\/v2\/coauthors?post=26435"}],"curies":[{"name":"wp","href":"https:\/\/api.w.org\/{rel}","templated":true}]}}