{"id":26247,"date":"2015-04-23T11:13:30","date_gmt":"2015-04-23T18:13:30","guid":{"rendered":"http:\/\/eltecolote.org\/content\/?p=26247"},"modified":"2015-04-23T11:13:30","modified_gmt":"2015-04-23T18:13:30","slug":"la-mision-celebra-el-legado-de-cesar-chavez","status":"publish","type":"post","link":"https:\/\/eltecolote.org\/content\/es\/la-mision-celebra-el-legado-de-cesar-chavez\/","title":{"rendered":"La Misi\u00f3n celebra el legado de C\u00e9sar Ch\u00e1vez"},"content":{"rendered":"<p>[su_slider source=&#8221;media: 26252,26251,26250,26249,26248&#8243; link=&#8221;image&#8221; target=&#8221;blank&#8221; width=&#8221;800&#8243; height=&#8221;600&#8243; speed=&#8221;500&#8243;]<\/p>\n<p>\u201cS\u00ed se puede\u201d, este famoso dicho que C\u00e9sar Ch\u00e1vez incorpor\u00f3 durante el comienzo y auge del movimiento chicano, fue repetido por m\u00e1s de 500 participantes el s\u00e1bado 18 de abril durante la celebracion del quinceavo Desfile y Festival C\u00e9sar E. Ch\u00e1vez.<\/p>\n<p>Este dicho fue coreado por estudiantes, sindicalistas y organizaciones sin fines de lucro que marcharon durante una hora desde las calles 19 y Guerrero hasta las calles 24 y Bryant. El calor de la ma\u00f1ana fue intenso, pero no logr\u00f3 detener a la multitud que celebr\u00f3 el legado de Ch\u00e1vez como un activista de los derechos civiles y cofundador del United Farm Workers (UFW), una organizaci\u00f3n que por d\u00e9cadas ha luchado por los derechos de los campesinos.<\/p>\n<p>Antes de dar comienzo la marcha, el grupo de danza Xitlalli ejecut\u00f3 una danza azteca llamada \u2018Mayahuel\u2019, que simboliza el equilibrio entre las energ\u00edas masculinas y femeninas.<br \/>\n\u201cC\u00e9sar Ch\u00e1vez es un l\u00edder que nos mantuvo unidos\u201d, dijo la danzante Julia Sabory, quien ha participado en el desfile cada a\u00f1o. \u201cEs un ejemplo de c\u00f3mo debemos organizarnos y c\u00f3mo debemos proteger a los campesinos y a los j\u00f3venes\u201d.<\/p>\n<p>Estudiantes de la Ensamble Dance Academy portaron largos vestidos blancos tradicionales de Chiapas y montaron una camioneta blanca decorada con flores coloridas y papel picado. Lupita Troncoso, profesora de la academia, dijo que el desfile ense\u00f1a a sus estudiantes a sentirse orgullosos de su cultura y folclor.<\/p>\n<p>\u201cSiento que ahora los ni\u00f1os est\u00e1n siendo m\u00e1s americanizados y modernizados, y es importante que ellos sepan de d\u00f3nde vienen\u201d, dijo Troncoso.<\/p>\n<p>La residente de la misi\u00f3n, Gabriela Hern\u00e1ndez, vino a ver a sus hijas de cuatro y cinco a\u00f1os bailar \u2018Las Chiapanecas\u2019, una danza folcl\u00f3rica mexicana, en el escenario de la familia,uno de los dos escenarios que se montaron para la celebraci\u00f3n del festival.<\/p>\n<p>\u201cQuiero que mis hijas aprendan las danzas tradicionales que tenemos en M\u00e9xico\u201d, dijo Hern\u00e1ndez.<\/p>\n<p>Despu\u00e9s de concluido el desfile en las calles Bryant y 24, el evento continu\u00f3 con una feria que incluy\u00f3 varios puestos informativos de diversas organizaciones sin fines de lucro como el Centro Cultural de la Misi\u00f3n por las Artes Latinas y el Mission Neighborhood Center.<\/p>\n<p>Vendedores de comida y dos escenarios con m\u00fasica en vivo tambi\u00e9n formaron parte del evento. Pangea Futbol Club, una banda multicultural local, puso a bailar a la multitud con una mezcla de ritmos latinos y folcloricos.<\/p>\n<p>Dami\u00e1n N\u00fa\u00f1ez, principal vocalista de la banda, dijo que se sent\u00eda honrado en participar por primera vez en el festival.<\/p>\n<p>\u201cEs importante recordar a C\u00e9sar Ch\u00e1vez, quien luch\u00f3 por la justicia social, para que las generaciones m\u00e1s j\u00f3venes conozcan su legado\u201d, dijo N\u00fa\u00f1ez, destacando que \u00e9l se identifica fuertemente con la labor comunitaria de la Misi\u00f3n.<\/p>\n<p>Uno de los asistentes que bail\u00f3 al ritmo de Pangea Futbol Club fue Stephanie Suarez, una coordinadora de clases en la Bryant Elementary School, Su\u00e1rez dijo que la escuela hace del d\u00eda de C\u00e9sar Ch\u00e1vez una celebraci\u00f3n muy importante y alienta a sus profesores y estudiantes a participar en el desfile.<\/p>\n<p>\u201cEste tipo de desfiles convoca a la comunidad latina a celebrar su cultura y su pol\u00edtica\u201d, dijo Su\u00e1rez. \u201cY nos recuerda que la lucha de C\u00e9sar Ch\u00e1vez sigue\u201d.<\/p>\n","protected":false},"excerpt":{"rendered":"<p>[su_slider source=&#8221;media: 26252,26251,26250,26249,26248&#8243; link=&#8221;image&#8221; target=&#8221;blank&#8221; width=&#8221;800&#8243; height=&#8221;600&#8243; speed=&#8221;500&#8243;] \u201cS\u00ed se puede\u201d, este famoso dicho que C\u00e9sar Ch\u00e1vez incorpor\u00f3 durante el comienzo y auge del movimiento chicano, fue repetido por m\u00e1s de 500 participantes el s\u00e1bado 18 de abril durante la celebracion del quinceavo Desfile y Festival C\u00e9sar E. Ch\u00e1vez. Este dicho fue coreado por estudiantes, [&hellip;]<\/p>\n","protected":false},"author":35,"featured_media":26248,"comment_status":"open","ping_status":"closed","sticky":false,"template":"","format":"standard","meta":{"newspack_popups_has_disabled_popups":false,"newspack_featured_image_position":"","newspack_post_subtitle":"","newspack_article_summary_title":"Overview:","newspack_article_summary":"","newspack_hide_updated_date":false,"newspack_show_updated_date":false,"footnotes":""},"categories":[3511],"tags":[4823,4819,4821],"coauthors":[],"class_list":["post-26247","post","type-post","status-publish","format-standard","has-post-thumbnail","hentry","category-arte-es","tag-cesar-chavez-es","tag-desfile-y-festival-cesar-e-chavez","tag-pangea-futbol-club","entry"],"yoast_head":"<!-- This site is optimized with the Yoast SEO plugin v27.5 - https:\/\/yoast.com\/product\/yoast-seo-wordpress\/ -->\n<title>La Misi\u00f3n celebra el legado de C\u00e9sar Ch\u00e1vez - El Tecolote<\/title>\n<meta name=\"description\" content=\"\u201cS\u00ed se puede\u201d, este famoso dicho que C\u00e9sar Ch\u00e1vez incorpor\u00f3 durante el comienzo y auge del movimiento chicano, fue repetido por m\u00e1s de 500 participantes\" \/>\n<meta name=\"robots\" content=\"index, follow, max-snippet:-1, max-image-preview:large, max-video-preview:-1\" \/>\n<link rel=\"canonical\" href=\"https:\/\/eltecolote.org\/content\/es\/la-mision-celebra-el-legado-de-cesar-chavez\/\" \/>\n<meta property=\"og:locale\" content=\"en_US\" \/>\n<meta property=\"og:type\" content=\"article\" \/>\n<meta property=\"og:title\" content=\"La Misi\u00f3n celebra el legado de C\u00e9sar Ch\u00e1vez - El Tecolote\" \/>\n<meta property=\"og:description\" content=\"\u201cS\u00ed se puede\u201d, este famoso dicho que C\u00e9sar Ch\u00e1vez incorpor\u00f3 durante el comienzo y auge del movimiento chicano, fue repetido por m\u00e1s de 500 participantes\" \/>\n<meta property=\"og:url\" content=\"https:\/\/eltecolote.org\/content\/es\/la-mision-celebra-el-legado-de-cesar-chavez\/\" \/>\n<meta property=\"og:site_name\" content=\"El Tecolote\" \/>\n<meta property=\"article:publisher\" content=\"https:\/\/www.facebook.com\/ElTecoloteSF\/\" \/>\n<meta property=\"article:published_time\" content=\"2015-04-23T18:13:30+00:00\" \/>\n<meta property=\"og:image\" content=\"https:\/\/i0.wp.com\/eltecolote.org\/content\/wp-content\/uploads\/2015\/04\/Cesar-Chavez_01web2.jpg?fit=864%2C576&ssl=1\" \/>\n\t<meta property=\"og:image:width\" content=\"864\" \/>\n\t<meta property=\"og:image:height\" content=\"576\" \/>\n\t<meta property=\"og:image:type\" content=\"image\/jpeg\" \/>\n<meta name=\"author\" content=\"El Tecolote Staff\" \/>\n<meta name=\"twitter:card\" content=\"summary_large_image\" \/>\n<meta name=\"twitter:creator\" content=\"@eltecolotesf\" \/>\n<meta name=\"twitter:site\" content=\"@eltecolotesf\" \/>\n<meta name=\"twitter:label1\" content=\"Written by\" \/>\n\t<meta name=\"twitter:data1\" content=\"El Tecolote Staff\" \/>\n\t<meta name=\"twitter:label2\" content=\"Est. reading time\" \/>\n\t<meta name=\"twitter:data2\" content=\"3 minutes\" \/>\n<script type=\"application\/ld+json\" class=\"yoast-schema-graph\">{\"@context\":\"https:\\\/\\\/schema.org\",\"@graph\":[{\"@type\":\"NewsArticle\",\"@id\":\"https:\\\/\\\/eltecolote.org\\\/content\\\/es\\\/la-mision-celebra-el-legado-de-cesar-chavez\\\/#article\",\"isPartOf\":{\"@id\":\"https:\\\/\\\/eltecolote.org\\\/content\\\/es\\\/la-mision-celebra-el-legado-de-cesar-chavez\\\/\"},\"author\":{\"name\":\"El Tecolote Staff\",\"@id\":\"https:\\\/\\\/eltecolote.org\\\/content\\\/#\\\/schema\\\/person\\\/08828d10185eba96895a8363a269410e\"},\"headline\":\"La Misi\u00f3n celebra el legado de C\u00e9sar Ch\u00e1vez\",\"datePublished\":\"2015-04-23T18:13:30+00:00\",\"mainEntityOfPage\":{\"@id\":\"https:\\\/\\\/eltecolote.org\\\/content\\\/es\\\/la-mision-celebra-el-legado-de-cesar-chavez\\\/\"},\"wordCount\":597,\"commentCount\":0,\"publisher\":{\"@id\":\"https:\\\/\\\/eltecolote.org\\\/content\\\/#organization\"},\"image\":{\"@id\":\"https:\\\/\\\/eltecolote.org\\\/content\\\/es\\\/la-mision-celebra-el-legado-de-cesar-chavez\\\/#primaryimage\"},\"thumbnailUrl\":\"https:\\\/\\\/i0.wp.com\\\/eltecolote.org\\\/content\\\/wp-content\\\/uploads\\\/2015\\\/04\\\/Cesar-Chavez_01web2.jpg?fit=864%2C576&quality=89&ssl=1\",\"keywords\":[\"C\u00e9sar Ch\u00e1vez\",\"Desfile y Festival C\u00e9sar E. Ch\u00e1vez\",\"Pangea Futbol Club\"],\"articleSection\":[\"Arte\"],\"inLanguage\":\"en\",\"potentialAction\":[{\"@type\":\"CommentAction\",\"name\":\"Comment\",\"target\":[\"https:\\\/\\\/eltecolote.org\\\/content\\\/es\\\/la-mision-celebra-el-legado-de-cesar-chavez\\\/#respond\"]}]},{\"@type\":\"WebPage\",\"@id\":\"https:\\\/\\\/eltecolote.org\\\/content\\\/es\\\/la-mision-celebra-el-legado-de-cesar-chavez\\\/\",\"url\":\"https:\\\/\\\/eltecolote.org\\\/content\\\/es\\\/la-mision-celebra-el-legado-de-cesar-chavez\\\/\",\"name\":\"La Misi\u00f3n celebra el legado de C\u00e9sar Ch\u00e1vez - El Tecolote\",\"isPartOf\":{\"@id\":\"https:\\\/\\\/eltecolote.org\\\/content\\\/#website\"},\"primaryImageOfPage\":{\"@id\":\"https:\\\/\\\/eltecolote.org\\\/content\\\/es\\\/la-mision-celebra-el-legado-de-cesar-chavez\\\/#primaryimage\"},\"image\":{\"@id\":\"https:\\\/\\\/eltecolote.org\\\/content\\\/es\\\/la-mision-celebra-el-legado-de-cesar-chavez\\\/#primaryimage\"},\"thumbnailUrl\":\"https:\\\/\\\/i0.wp.com\\\/eltecolote.org\\\/content\\\/wp-content\\\/uploads\\\/2015\\\/04\\\/Cesar-Chavez_01web2.jpg?fit=864%2C576&quality=89&ssl=1\",\"datePublished\":\"2015-04-23T18:13:30+00:00\",\"description\":\"\u201cS\u00ed se puede\u201d, este famoso dicho que C\u00e9sar Ch\u00e1vez incorpor\u00f3 durante el comienzo y auge del movimiento chicano, fue repetido por m\u00e1s de 500 participantes\",\"inLanguage\":\"en\",\"potentialAction\":[{\"@type\":\"ReadAction\",\"target\":[\"https:\\\/\\\/eltecolote.org\\\/content\\\/es\\\/la-mision-celebra-el-legado-de-cesar-chavez\\\/\"]}]},{\"@type\":\"ImageObject\",\"inLanguage\":\"en\",\"@id\":\"https:\\\/\\\/eltecolote.org\\\/content\\\/es\\\/la-mision-celebra-el-legado-de-cesar-chavez\\\/#primaryimage\",\"url\":\"https:\\\/\\\/i0.wp.com\\\/eltecolote.org\\\/content\\\/wp-content\\\/uploads\\\/2015\\\/04\\\/Cesar-Chavez_01web2.jpg?fit=864%2C576&quality=89&ssl=1\",\"contentUrl\":\"https:\\\/\\\/i0.wp.com\\\/eltecolote.org\\\/content\\\/wp-content\\\/uploads\\\/2015\\\/04\\\/Cesar-Chavez_01web2.jpg?fit=864%2C576&quality=89&ssl=1\",\"width\":864,\"height\":576,\"caption\":\"El desfile y festival de C\u00e9sar Chavez, celebrado el s\u00e1bado 18 de abril, incluy\u00f3 m\u00fasica, baile, arte, y un show de autos. Cubri\u00f3 la calle 24 desde Treat hasta Bryant. Foto Estivaly Moreno\"},{\"@type\":\"WebSite\",\"@id\":\"https:\\\/\\\/eltecolote.org\\\/content\\\/#website\",\"url\":\"https:\\\/\\\/eltecolote.org\\\/content\\\/\",\"name\":\"El Tecolote\",\"description\":\"San Francisco's Latinx newspaper since 1970\",\"publisher\":{\"@id\":\"https:\\\/\\\/eltecolote.org\\\/content\\\/#organization\"},\"potentialAction\":[{\"@type\":\"SearchAction\",\"target\":{\"@type\":\"EntryPoint\",\"urlTemplate\":\"https:\\\/\\\/eltecolote.org\\\/content\\\/?s={search_term_string}\"},\"query-input\":{\"@type\":\"PropertyValueSpecification\",\"valueRequired\":true,\"valueName\":\"search_term_string\"}}],\"inLanguage\":\"en\"},{\"@type\":\"Organization\",\"@id\":\"https:\\\/\\\/eltecolote.org\\\/content\\\/#organization\",\"name\":\"El Tecolote\",\"url\":\"https:\\\/\\\/eltecolote.org\\\/content\\\/\",\"logo\":{\"@type\":\"ImageObject\",\"inLanguage\":\"en\",\"@id\":\"https:\\\/\\\/eltecolote.org\\\/content\\\/#\\\/schema\\\/logo\\\/image\\\/\",\"url\":\"https:\\\/\\\/i0.wp.com\\\/eltecolote.org\\\/content\\\/wp-content\\\/uploads\\\/2021\\\/05\\\/ETlogo-1.jpg?fit=400%2C400&ssl=1\",\"contentUrl\":\"https:\\\/\\\/i0.wp.com\\\/eltecolote.org\\\/content\\\/wp-content\\\/uploads\\\/2021\\\/05\\\/ETlogo-1.jpg?fit=400%2C400&ssl=1\",\"width\":400,\"height\":400,\"caption\":\"El Tecolote\"},\"image\":{\"@id\":\"https:\\\/\\\/eltecolote.org\\\/content\\\/#\\\/schema\\\/logo\\\/image\\\/\"},\"sameAs\":[\"https:\\\/\\\/www.facebook.com\\\/ElTecoloteSF\\\/\",\"https:\\\/\\\/x.com\\\/eltecolotesf\",\"https:\\\/\\\/www.instagram.com\\\/eltecolotesf\\\/\"]},{\"@type\":\"Person\",\"@id\":\"https:\\\/\\\/eltecolote.org\\\/content\\\/#\\\/schema\\\/person\\\/08828d10185eba96895a8363a269410e\",\"name\":\"El Tecolote Staff\",\"image\":{\"@type\":\"ImageObject\",\"inLanguage\":\"en\",\"@id\":\"https:\\\/\\\/secure.gravatar.com\\\/avatar\\\/9534c92c8c908364e186a64d93efc86f62367109d1b07a3454facde655968589?s=96&d=mm&r=g6afcb607783e095e4cf6be807353924d\",\"url\":\"https:\\\/\\\/secure.gravatar.com\\\/avatar\\\/9534c92c8c908364e186a64d93efc86f62367109d1b07a3454facde655968589?s=96&d=mm&r=g\",\"contentUrl\":\"https:\\\/\\\/secure.gravatar.com\\\/avatar\\\/9534c92c8c908364e186a64d93efc86f62367109d1b07a3454facde655968589?s=96&d=mm&r=g\",\"caption\":\"El Tecolote Staff\"},\"url\":\"https:\\\/\\\/eltecolote.org\\\/content\\\/author\\\/web-editor\\\/\"}]}<\/script>\n<!-- \/ Yoast SEO plugin. -->","yoast_head_json":{"title":"La Misi\u00f3n celebra el legado de C\u00e9sar Ch\u00e1vez - El Tecolote","description":"\u201cS\u00ed se puede\u201d, este famoso dicho que C\u00e9sar Ch\u00e1vez incorpor\u00f3 durante el comienzo y auge del movimiento chicano, fue repetido por m\u00e1s de 500 participantes","robots":{"index":"index","follow":"follow","max-snippet":"max-snippet:-1","max-image-preview":"max-image-preview:large","max-video-preview":"max-video-preview:-1"},"canonical":"https:\/\/eltecolote.org\/content\/es\/la-mision-celebra-el-legado-de-cesar-chavez\/","og_locale":"en_US","og_type":"article","og_title":"La Misi\u00f3n celebra el legado de C\u00e9sar Ch\u00e1vez - El Tecolote","og_description":"\u201cS\u00ed se puede\u201d, este famoso dicho que C\u00e9sar Ch\u00e1vez incorpor\u00f3 durante el comienzo y auge del movimiento chicano, fue repetido por m\u00e1s de 500 participantes","og_url":"https:\/\/eltecolote.org\/content\/es\/la-mision-celebra-el-legado-de-cesar-chavez\/","og_site_name":"El Tecolote","article_publisher":"https:\/\/www.facebook.com\/ElTecoloteSF\/","article_published_time":"2015-04-23T18:13:30+00:00","og_image":[{"width":864,"height":576,"url":"https:\/\/i0.wp.com\/eltecolote.org\/content\/wp-content\/uploads\/2015\/04\/Cesar-Chavez_01web2.jpg?fit=864%2C576&ssl=1","type":"image\/jpeg"}],"author":"El Tecolote Staff","twitter_card":"summary_large_image","twitter_creator":"@eltecolotesf","twitter_site":"@eltecolotesf","twitter_misc":{"Written by":"El Tecolote Staff","Est. reading time":"3 minutes"},"schema":{"@context":"https:\/\/schema.org","@graph":[{"@type":"NewsArticle","@id":"https:\/\/eltecolote.org\/content\/es\/la-mision-celebra-el-legado-de-cesar-chavez\/#article","isPartOf":{"@id":"https:\/\/eltecolote.org\/content\/es\/la-mision-celebra-el-legado-de-cesar-chavez\/"},"author":{"name":"El Tecolote Staff","@id":"https:\/\/eltecolote.org\/content\/#\/schema\/person\/08828d10185eba96895a8363a269410e"},"headline":"La Misi\u00f3n celebra el legado de C\u00e9sar Ch\u00e1vez","datePublished":"2015-04-23T18:13:30+00:00","mainEntityOfPage":{"@id":"https:\/\/eltecolote.org\/content\/es\/la-mision-celebra-el-legado-de-cesar-chavez\/"},"wordCount":597,"commentCount":0,"publisher":{"@id":"https:\/\/eltecolote.org\/content\/#organization"},"image":{"@id":"https:\/\/eltecolote.org\/content\/es\/la-mision-celebra-el-legado-de-cesar-chavez\/#primaryimage"},"thumbnailUrl":"https:\/\/i0.wp.com\/eltecolote.org\/content\/wp-content\/uploads\/2015\/04\/Cesar-Chavez_01web2.jpg?fit=864%2C576&quality=89&ssl=1","keywords":["C\u00e9sar Ch\u00e1vez","Desfile y Festival C\u00e9sar E. Ch\u00e1vez","Pangea Futbol Club"],"articleSection":["Arte"],"inLanguage":"en","potentialAction":[{"@type":"CommentAction","name":"Comment","target":["https:\/\/eltecolote.org\/content\/es\/la-mision-celebra-el-legado-de-cesar-chavez\/#respond"]}]},{"@type":"WebPage","@id":"https:\/\/eltecolote.org\/content\/es\/la-mision-celebra-el-legado-de-cesar-chavez\/","url":"https:\/\/eltecolote.org\/content\/es\/la-mision-celebra-el-legado-de-cesar-chavez\/","name":"La Misi\u00f3n celebra el legado de C\u00e9sar Ch\u00e1vez - El Tecolote","isPartOf":{"@id":"https:\/\/eltecolote.org\/content\/#website"},"primaryImageOfPage":{"@id":"https:\/\/eltecolote.org\/content\/es\/la-mision-celebra-el-legado-de-cesar-chavez\/#primaryimage"},"image":{"@id":"https:\/\/eltecolote.org\/content\/es\/la-mision-celebra-el-legado-de-cesar-chavez\/#primaryimage"},"thumbnailUrl":"https:\/\/i0.wp.com\/eltecolote.org\/content\/wp-content\/uploads\/2015\/04\/Cesar-Chavez_01web2.jpg?fit=864%2C576&quality=89&ssl=1","datePublished":"2015-04-23T18:13:30+00:00","description":"\u201cS\u00ed se puede\u201d, este famoso dicho que C\u00e9sar Ch\u00e1vez incorpor\u00f3 durante el comienzo y auge del movimiento chicano, fue repetido por m\u00e1s de 500 participantes","inLanguage":"en","potentialAction":[{"@type":"ReadAction","target":["https:\/\/eltecolote.org\/content\/es\/la-mision-celebra-el-legado-de-cesar-chavez\/"]}]},{"@type":"ImageObject","inLanguage":"en","@id":"https:\/\/eltecolote.org\/content\/es\/la-mision-celebra-el-legado-de-cesar-chavez\/#primaryimage","url":"https:\/\/i0.wp.com\/eltecolote.org\/content\/wp-content\/uploads\/2015\/04\/Cesar-Chavez_01web2.jpg?fit=864%2C576&quality=89&ssl=1","contentUrl":"https:\/\/i0.wp.com\/eltecolote.org\/content\/wp-content\/uploads\/2015\/04\/Cesar-Chavez_01web2.jpg?fit=864%2C576&quality=89&ssl=1","width":864,"height":576,"caption":"El desfile y festival de C\u00e9sar Chavez, celebrado el s\u00e1bado 18 de abril, incluy\u00f3 m\u00fasica, baile, arte, y un show de autos. Cubri\u00f3 la calle 24 desde Treat hasta Bryant. Foto Estivaly Moreno"},{"@type":"WebSite","@id":"https:\/\/eltecolote.org\/content\/#website","url":"https:\/\/eltecolote.org\/content\/","name":"El Tecolote","description":"San Francisco's Latinx newspaper since 1970","publisher":{"@id":"https:\/\/eltecolote.org\/content\/#organization"},"potentialAction":[{"@type":"SearchAction","target":{"@type":"EntryPoint","urlTemplate":"https:\/\/eltecolote.org\/content\/?s={search_term_string}"},"query-input":{"@type":"PropertyValueSpecification","valueRequired":true,"valueName":"search_term_string"}}],"inLanguage":"en"},{"@type":"Organization","@id":"https:\/\/eltecolote.org\/content\/#organization","name":"El Tecolote","url":"https:\/\/eltecolote.org\/content\/","logo":{"@type":"ImageObject","inLanguage":"en","@id":"https:\/\/eltecolote.org\/content\/#\/schema\/logo\/image\/","url":"https:\/\/i0.wp.com\/eltecolote.org\/content\/wp-content\/uploads\/2021\/05\/ETlogo-1.jpg?fit=400%2C400&ssl=1","contentUrl":"https:\/\/i0.wp.com\/eltecolote.org\/content\/wp-content\/uploads\/2021\/05\/ETlogo-1.jpg?fit=400%2C400&ssl=1","width":400,"height":400,"caption":"El Tecolote"},"image":{"@id":"https:\/\/eltecolote.org\/content\/#\/schema\/logo\/image\/"},"sameAs":["https:\/\/www.facebook.com\/ElTecoloteSF\/","https:\/\/x.com\/eltecolotesf","https:\/\/www.instagram.com\/eltecolotesf\/"]},{"@type":"Person","@id":"https:\/\/eltecolote.org\/content\/#\/schema\/person\/08828d10185eba96895a8363a269410e","name":"El Tecolote Staff","image":{"@type":"ImageObject","inLanguage":"en","@id":"https:\/\/secure.gravatar.com\/avatar\/9534c92c8c908364e186a64d93efc86f62367109d1b07a3454facde655968589?s=96&d=mm&r=g6afcb607783e095e4cf6be807353924d","url":"https:\/\/secure.gravatar.com\/avatar\/9534c92c8c908364e186a64d93efc86f62367109d1b07a3454facde655968589?s=96&d=mm&r=g","contentUrl":"https:\/\/secure.gravatar.com\/avatar\/9534c92c8c908364e186a64d93efc86f62367109d1b07a3454facde655968589?s=96&d=mm&r=g","caption":"El Tecolote Staff"},"url":"https:\/\/eltecolote.org\/content\/author\/web-editor\/"}]}},"distributor_meta":false,"distributor_terms":false,"distributor_media":false,"distributor_original_site_name":"El Tecolote","distributor_original_site_url":"https:\/\/eltecolote.org\/content","push-errors":false,"_links":{"self":[{"href":"https:\/\/eltecolote.org\/content\/wp-json\/wp\/v2\/posts\/26247","targetHints":{"allow":["GET"]}}],"collection":[{"href":"https:\/\/eltecolote.org\/content\/wp-json\/wp\/v2\/posts"}],"about":[{"href":"https:\/\/eltecolote.org\/content\/wp-json\/wp\/v2\/types\/post"}],"author":[{"embeddable":true,"href":"https:\/\/eltecolote.org\/content\/wp-json\/wp\/v2\/users\/35"}],"replies":[{"embeddable":true,"href":"https:\/\/eltecolote.org\/content\/wp-json\/wp\/v2\/comments?post=26247"}],"version-history":[{"count":1,"href":"https:\/\/eltecolote.org\/content\/wp-json\/wp\/v2\/posts\/26247\/revisions"}],"predecessor-version":[{"id":26253,"href":"https:\/\/eltecolote.org\/content\/wp-json\/wp\/v2\/posts\/26247\/revisions\/26253"}],"wp:featuredmedia":[{"embeddable":true,"href":"https:\/\/eltecolote.org\/content\/wp-json\/wp\/v2\/media\/26248"}],"wp:attachment":[{"href":"https:\/\/eltecolote.org\/content\/wp-json\/wp\/v2\/media?parent=26247"}],"wp:term":[{"taxonomy":"category","embeddable":true,"href":"https:\/\/eltecolote.org\/content\/wp-json\/wp\/v2\/categories?post=26247"},{"taxonomy":"post_tag","embeddable":true,"href":"https:\/\/eltecolote.org\/content\/wp-json\/wp\/v2\/tags?post=26247"},{"taxonomy":"author","embeddable":true,"href":"https:\/\/eltecolote.org\/content\/wp-json\/wp\/v2\/coauthors?post=26247"}],"curies":[{"name":"wp","href":"https:\/\/api.w.org\/{rel}","templated":true}]}}