{"id":25363,"date":"2015-01-29T18:18:30","date_gmt":"2015-01-30T01:18:30","guid":{"rendered":"http:\/\/eltecolote.org\/content\/?p=25363"},"modified":"2015-01-29T18:18:30","modified_gmt":"2015-01-30T01:18:30","slug":"las-historias-no-contadas-de-33-mineros-atrapados-en-una-mina-chilena","status":"publish","type":"post","link":"https:\/\/eltecolote.org\/content\/es\/las-historias-no-contadas-de-33-mineros-atrapados-en-una-mina-chilena\/","title":{"rendered":"Las historias no contadas de 33 mineros atrapados en una mina chilena"},"content":{"rendered":"<p><strong>Rese\u00f1a de Libro: Rating <em>Deep Down Dark<\/em>: 4 de 5<br \/>\n<\/strong><\/p>\n<figure id=\"attachment_25364\" aria-describedby=\"caption-attachment-25364\" style=\"width: 800px\" class=\"wp-caption aligncenter\"><a href=\"https:\/\/i0.wp.com\/eltecolote.org\/content\/wp-content\/uploads\/2015\/01\/Deep-Down-Dark_01web1.jpg?quality=89&#038;ssl=1\"><img data-recalc-dims=\"1\" loading=\"lazy\" decoding=\"async\" class=\"size-full wp-image-25364\" src=\"https:\/\/i0.wp.com\/eltecolote.org\/content\/wp-content\/uploads\/2015\/01\/Deep-Down-Dark_01web1.jpg?resize=800%2C493&#038;quality=89&#038;ssl=1\" alt=\"El minero Ra\u00fal Bustos abraza a una mujer luego de ser rescatado de una mina de oro y cobre en San Jos\u00e9, Chile, donde estuvo atrapado junto con otro 32 mineros cerca de dos meses. Foto de Hugo Infante  cortes\u00eda del gobierno chileno.\" width=\"800\" height=\"493\" \/><\/a><figcaption id=\"caption-attachment-25364\" class=\"wp-caption-text\">El minero Ra\u00fal Bustos abraza a una mujer luego de ser rescatado de una mina de oro y cobre en San Jos\u00e9, Chile, donde estuvo atrapado junto con otro 32 mineros cerca de dos meses. Foto de Hugo Infante<br \/>cortes\u00eda del gobierno chileno.<\/figcaption><\/figure>\n<p>&nbsp;<\/p>\n<p><em>Por Atticus Morris<\/em><\/p>\n<p>En su libro Deep Down Dark (Farrar, Strauss and Giroux, 2014), de reciente publicaci\u00f3n, el escritor y periodista H\u00e9ctor Tobar brinda al mundo una explicaci\u00f3n completa de la horrorosa experiencia de 33 chilenos, que en 2010 quedaron atrapados a m\u00e1s de 2 mil pies bajo tierra durante 69 d\u00edas, a consecuencia de un catastr\u00f3fico accidente minero. En el proceso, Tobar le ha hecho justicia a la historia de estos hombres.<\/p>\n<p>El volumen de 300 p\u00e1ginas se puede dividir en varias secciones: los antecedentes o contexto; el accidente como tal; el tiempo transcurrido desde el accidente hasta el momento inicial en que los rescatistas entraron en contacto con los mineros; el proceso de los esfuerzos reales de rescate y las consecuencias.<\/p>\n<p>Tobar comienza por ubicarnos en el Desierto de Atacama, al norte de Chile, uno de los lugares m\u00e1s \u00e1ridos de la Tierra y locaci\u00f3n donde ocurre esta historia: la Mina San Jos\u00e9. Nos cuenta la cotidianidad de la vida de un minero, los peligros del trabajo y cu\u00e1n atrayente pueden ser las lucrativas jornadas laborales de doce horas. Los hombres de la Mina San Jos\u00e9, nos hace saber Tobar, vienen de lugares tan cercanos como el pueblo de Copiap\u00f3, en la frontera del desierto, y de lugares tan lejanos como el sur de Chile.<\/p>\n<p>El accidente ocurri\u00f3 el 5 de agosto de 2010, cuando una piedra de diorita del tama\u00f1o de un rascacielos se desprendi\u00f3 y bloque\u00f3 como una guillotina la salida de la mina. Obligados a trabajar en equipo, los hombres atrapados lograron sobrevivir durante 17 d\u00edas a base de consumir agua contaminada de aceite, la cual extra\u00edan de sus equipos de miner\u00eda, y una raci\u00f3n diaria de cien calor\u00edas en galletas y at\u00fan enlatado.<\/p>\n<figure id=\"attachment_25365\" aria-describedby=\"caption-attachment-25365\" style=\"width: 250px\" class=\"wp-caption alignleft\"><a href=\"https:\/\/i0.wp.com\/eltecolote.org\/content\/wp-content\/uploads\/2015\/01\/Deep-Down-Dark_02web1.jpg?quality=89&#038;ssl=1\"><img data-recalc-dims=\"1\" loading=\"lazy\" decoding=\"async\" class=\"size-medium wp-image-25365\" src=\"https:\/\/i0.wp.com\/eltecolote.org\/content\/wp-content\/uploads\/2015\/01\/Deep-Down-Dark_02web1.jpg?resize=250%2C250&#038;quality=89&#038;ssl=1\" alt=\"Hector Tobar, anterior Editor de El Tecolote y autor de Deep Down Dark. Cortes\u00eda hectortobar.com \" width=\"250\" height=\"250\" srcset=\"https:\/\/i0.wp.com\/eltecolote.org\/content\/wp-content\/uploads\/2015\/01\/Deep-Down-Dark_02web1.jpg?resize=250%2C250&amp;quality=89&amp;ssl=1 250w, https:\/\/i0.wp.com\/eltecolote.org\/content\/wp-content\/uploads\/2015\/01\/Deep-Down-Dark_02web1.jpg?resize=300%2C300&amp;quality=89&amp;ssl=1 300w, https:\/\/i0.wp.com\/eltecolote.org\/content\/wp-content\/uploads\/2015\/01\/Deep-Down-Dark_02web1.jpg?resize=100%2C100&amp;quality=89&amp;ssl=1 100w, https:\/\/i0.wp.com\/eltecolote.org\/content\/wp-content\/uploads\/2015\/01\/Deep-Down-Dark_02web1.jpg?resize=600%2C600&amp;quality=89&amp;ssl=1 600w, https:\/\/i0.wp.com\/eltecolote.org\/content\/wp-content\/uploads\/2015\/01\/Deep-Down-Dark_02web1.jpg?resize=480%2C480&amp;quality=89&amp;ssl=1 480w, https:\/\/i0.wp.com\/eltecolote.org\/content\/wp-content\/uploads\/2015\/01\/Deep-Down-Dark_02web1.jpg?resize=90%2C90&amp;quality=89&amp;ssl=1 90w, https:\/\/i0.wp.com\/eltecolote.org\/content\/wp-content\/uploads\/2015\/01\/Deep-Down-Dark_02web1.jpg?resize=270%2C270&amp;quality=89&amp;ssl=1 270w, https:\/\/i0.wp.com\/eltecolote.org\/content\/wp-content\/uploads\/2015\/01\/Deep-Down-Dark_02web1.jpg?w=800&amp;quality=89&amp;ssl=1 800w\" sizes=\"auto, (max-width: 250px) 100vw, 250px\" \/><\/a><figcaption id=\"caption-attachment-25365\" class=\"wp-caption-text\">Hector Tobar, anterior Editor de El Tecolote y autor de Deep Down Dark. Cortes\u00eda hectortobar.com<\/figcaption><\/figure>\n<p>Al transcurrir dos semanas y media, los hombres comenzaron a morir de hambre. Uno de los mineros plasm\u00f3 cuidadosamente en su diario los sucesos de cada d\u00eda. Algunos de los hombres tras perder la esperanza, se acostaban esperando que llegara la muerte. Otros se rebelaron, desafiantes, contra su circunstancia y otros m\u00e1s se refugiaron en su fe.<\/p>\n<p>Uno de los mineros m\u00e1s viejos, hombre muy devoto, adopt\u00f3 el papel de pastor y condujo los rezos diarios en el lugar, a los que incluso los no creyentes eventualmente terminaron asistiendo. Hay una descripci\u00f3n muy conmovedora de c\u00f3mo esta actividad diaria se convirti\u00f3 en ritual y \u201ceventualmente en sesiones de autocr\u00edtica, en las cuales los hombres se disculpaban unos con los otros por sus transgresiones\u201d.<\/p>\n<p>Tobar logra poner en perspectiva la vida de estos hombres, como mineros e individuos. Sus personalidades emergen a trav\u00e9s de la descripci\u00f3n de las acciones de cada uno, entremezcladas con detalles del trasfondo.<\/p>\n<p>Antes del pr\u00f3logo, Tobar tambi\u00e9n incluye fotos de los 33 hombres junto con sus nombres, excelente detalle, pues al permitirle al lector ponerle una cara a cada nombre, el darle vida a estos hombres se vuelve m\u00e1s real.<\/p>\n<p>Casi todos los mineros eran hombres de familia, as\u00ed que Tobar tambi\u00e9n agrega al recuento de lo que ocurr\u00eda en la superficie una descripci\u00f3n de los sufrimientos de esas familias.<\/p>\n<p>Las familias acudieron en masa a la entrada de la mina y construyeron un pueblo improvisado llamado Campo Esperanza, el cual se convirti\u00f3 en punto focal para varias caridades y simpatizantes. Todo Chile y muchas partes del mundo se unieron para dar apoyo a Los 33. El gobierno chileno, que generalmente evita involucrarse en accidentes de este tipo, encabez\u00f3 los esfuerzos de rescate: traz\u00f3 tres planes distintos de perforaci\u00f3n (A, B y C), con la esperanza de que uno de ellos lograra llegar hasta los hombres atrapados.<\/p>\n<figure id=\"attachment_25366\" aria-describedby=\"caption-attachment-25366\" style=\"width: 359px\" class=\"wp-caption alignright\"><a href=\"https:\/\/i0.wp.com\/eltecolote.org\/content\/wp-content\/uploads\/2015\/01\/Deep-Down-Dark_03web1.jpg?quality=89&#038;ssl=1\"><img data-recalc-dims=\"1\" loading=\"lazy\" decoding=\"async\" class=\"wp-image-25366 size-large\" src=\"https:\/\/i0.wp.com\/eltecolote.org\/content\/wp-content\/uploads\/2015\/01\/Deep-Down-Dark_03web1.jpg?resize=359%2C480&#038;quality=89&#038;ssl=1\" alt=\"Deep Down Dark Book cover.\" width=\"359\" height=\"480\" \/><\/a><figcaption id=\"caption-attachment-25366\" class=\"wp-caption-text\">Deep Down Dark Book cover.<\/figcaption><\/figure>\n<p>El d\u00eda 18, finalmente se logr\u00f3 hacer contacto mediante un pozo de perforaci\u00f3n de 4.5 pulgadas de di\u00e1metro. Los hombres, ya a punto de morir de hambre, comenzaron a recibir comida, agua pura y ropa desde la superficie, pero se les inform\u00f3 que probablemente pasar\u00edan meses antes de que pudieran escapar.<\/p>\n<p>Cuando el Plan B de perforaci\u00f3n finalmente logra su objetivo, el 19 de octubre, al crear un t\u00fanel por el cual pudiera pasar un hombre, comenz\u00f3 el cuidadoso proceso de extraer de la tierra a 33 hombres.<\/p>\n<p>El rescate en vivo de los mineros se logr\u00f3 transmitir en cadenas televisivas de noticias de los EEUU, proeza que solo pocas historias de Latinoam\u00e9rica han logrado; ello dice mucho de lo extraordinario de este relato.<\/p>\n<p>Al principio, los hombres recibieron mucha adulaci\u00f3n y la prensa los trat\u00f3 como h\u00e9roes, pero luego se les dej\u00f3 solos en la tarea de sanar el trauma y darle un significado personal a esta experiencia.<\/p>\n<p>El enfoque sistem\u00e1tico a la narraci\u00f3n de Tobar y su prosa simple y sin adornos, resalta su formaci\u00f3n como periodista. Ello tambi\u00e9n lo hace muy adecuado para contar la historia real de Los 33.<\/p>\n<p><em>H\u00e9ctor Tobar es autor de cuatro libros y ha publicado en The New Yorker y en LA Weekly. Trabaj\u00f3 en Los Angeles Times durante dos d\u00e9cadas realizando distintas funciones. En 1987 fue Director Editorial de El Tecolote.<\/em><\/p>\n<p><em>\u2014Traducci\u00f3n Sandra Valma\u00f1a Lastres<\/em><\/p>\n","protected":false},"excerpt":{"rendered":"<p>Rese\u00f1a de Libro: Rating Deep Down Dark: 4 de 5 &nbsp; Por Atticus Morris En su libro Deep Down Dark (Farrar, Strauss and Giroux, 2014), de reciente publicaci\u00f3n, el escritor y periodista H\u00e9ctor Tobar brinda al mundo una explicaci\u00f3n completa de la horrorosa experiencia de 33 chilenos, que en 2010 quedaron atrapados a m\u00e1s de [&hellip;]<\/p>\n","protected":false},"author":35,"featured_media":25364,"comment_status":"open","ping_status":"closed","sticky":false,"template":"","format":"standard","meta":{"newspack_popups_has_disabled_popups":false,"newspack_featured_image_position":"","newspack_post_subtitle":"","newspack_article_summary_title":"Overview:","newspack_article_summary":"","newspack_hide_updated_date":false,"newspack_show_updated_date":false,"footnotes":""},"categories":[3511],"tags":[4036,4034,4035],"coauthors":[],"class_list":["post-25363","post","type-post","status-publish","format-standard","has-post-thumbnail","hentry","category-arte-es","tag-chilean-miners","tag-deep-down-dark","tag-hector-tobar","entry"],"yoast_head":"<!-- This site is optimized with the Yoast SEO plugin v27.5 - https:\/\/yoast.com\/product\/yoast-seo-wordpress\/ -->\n<title>Las historias no contadas de 33 mineros atrapados en una mina chilena - El Tecolote<\/title>\n<meta name=\"description\" content=\"Rese\u00f1a de Libro: Rating Deep Down Dark: 4 de 5 &nbsp; Por Atticus Morris En su libro Deep Down Dark (Farrar, Strauss and Giroux, 2014), de reciente\" \/>\n<meta name=\"robots\" content=\"index, follow, max-snippet:-1, max-image-preview:large, max-video-preview:-1\" \/>\n<link rel=\"canonical\" href=\"https:\/\/eltecolote.org\/content\/es\/las-historias-no-contadas-de-33-mineros-atrapados-en-una-mina-chilena\/\" \/>\n<meta property=\"og:locale\" content=\"en_US\" \/>\n<meta property=\"og:type\" content=\"article\" \/>\n<meta property=\"og:title\" content=\"Las historias no contadas de 33 mineros atrapados en una mina chilena - El Tecolote\" \/>\n<meta property=\"og:description\" content=\"Rese\u00f1a de Libro: Rating Deep Down Dark: 4 de 5 &nbsp; Por Atticus Morris En su libro Deep Down Dark (Farrar, Strauss and Giroux, 2014), de reciente\" \/>\n<meta property=\"og:url\" content=\"https:\/\/eltecolote.org\/content\/es\/las-historias-no-contadas-de-33-mineros-atrapados-en-una-mina-chilena\/\" \/>\n<meta property=\"og:site_name\" content=\"El Tecolote\" \/>\n<meta property=\"article:publisher\" content=\"https:\/\/www.facebook.com\/ElTecoloteSF\/\" \/>\n<meta property=\"article:published_time\" content=\"2015-01-30T01:18:30+00:00\" \/>\n<meta property=\"og:image\" content=\"https:\/\/i0.wp.com\/eltecolote.org\/content\/wp-content\/uploads\/2015\/01\/Deep-Down-Dark_01web1.jpg?fit=800%2C493&ssl=1\" \/>\n\t<meta property=\"og:image:width\" content=\"800\" \/>\n\t<meta property=\"og:image:height\" content=\"493\" \/>\n\t<meta property=\"og:image:type\" content=\"image\/jpeg\" \/>\n<meta name=\"author\" content=\"El Tecolote Staff\" \/>\n<meta name=\"twitter:card\" content=\"summary_large_image\" \/>\n<meta name=\"twitter:creator\" content=\"@eltecolotesf\" \/>\n<meta name=\"twitter:site\" content=\"@eltecolotesf\" \/>\n<meta name=\"twitter:label1\" content=\"Written by\" \/>\n\t<meta name=\"twitter:data1\" content=\"El Tecolote Staff\" \/>\n\t<meta name=\"twitter:label2\" content=\"Est. reading time\" \/>\n\t<meta name=\"twitter:data2\" content=\"5 minutes\" \/>\n<script type=\"application\/ld+json\" class=\"yoast-schema-graph\">{\"@context\":\"https:\\\/\\\/schema.org\",\"@graph\":[{\"@type\":\"NewsArticle\",\"@id\":\"https:\\\/\\\/eltecolote.org\\\/content\\\/es\\\/las-historias-no-contadas-de-33-mineros-atrapados-en-una-mina-chilena\\\/#article\",\"isPartOf\":{\"@id\":\"https:\\\/\\\/eltecolote.org\\\/content\\\/es\\\/las-historias-no-contadas-de-33-mineros-atrapados-en-una-mina-chilena\\\/\"},\"author\":{\"name\":\"El Tecolote Staff\",\"@id\":\"https:\\\/\\\/eltecolote.org\\\/content\\\/#\\\/schema\\\/person\\\/08828d10185eba96895a8363a269410e\"},\"headline\":\"Las historias no contadas de 33 mineros atrapados en una mina chilena\",\"datePublished\":\"2015-01-30T01:18:30+00:00\",\"mainEntityOfPage\":{\"@id\":\"https:\\\/\\\/eltecolote.org\\\/content\\\/es\\\/las-historias-no-contadas-de-33-mineros-atrapados-en-una-mina-chilena\\\/\"},\"wordCount\":973,\"commentCount\":0,\"publisher\":{\"@id\":\"https:\\\/\\\/eltecolote.org\\\/content\\\/#organization\"},\"image\":{\"@id\":\"https:\\\/\\\/eltecolote.org\\\/content\\\/es\\\/las-historias-no-contadas-de-33-mineros-atrapados-en-una-mina-chilena\\\/#primaryimage\"},\"thumbnailUrl\":\"https:\\\/\\\/i0.wp.com\\\/eltecolote.org\\\/content\\\/wp-content\\\/uploads\\\/2015\\\/01\\\/Deep-Down-Dark_01web1.jpg?fit=800%2C493&quality=89&ssl=1\",\"keywords\":[\"Chilean Miners\",\"Deep Down Dark\",\"H\u00e9ctor Tobar\"],\"articleSection\":[\"Arte\"],\"inLanguage\":\"en\",\"potentialAction\":[{\"@type\":\"CommentAction\",\"name\":\"Comment\",\"target\":[\"https:\\\/\\\/eltecolote.org\\\/content\\\/es\\\/las-historias-no-contadas-de-33-mineros-atrapados-en-una-mina-chilena\\\/#respond\"]}]},{\"@type\":\"WebPage\",\"@id\":\"https:\\\/\\\/eltecolote.org\\\/content\\\/es\\\/las-historias-no-contadas-de-33-mineros-atrapados-en-una-mina-chilena\\\/\",\"url\":\"https:\\\/\\\/eltecolote.org\\\/content\\\/es\\\/las-historias-no-contadas-de-33-mineros-atrapados-en-una-mina-chilena\\\/\",\"name\":\"Las historias no contadas de 33 mineros atrapados en una mina chilena - El Tecolote\",\"isPartOf\":{\"@id\":\"https:\\\/\\\/eltecolote.org\\\/content\\\/#website\"},\"primaryImageOfPage\":{\"@id\":\"https:\\\/\\\/eltecolote.org\\\/content\\\/es\\\/las-historias-no-contadas-de-33-mineros-atrapados-en-una-mina-chilena\\\/#primaryimage\"},\"image\":{\"@id\":\"https:\\\/\\\/eltecolote.org\\\/content\\\/es\\\/las-historias-no-contadas-de-33-mineros-atrapados-en-una-mina-chilena\\\/#primaryimage\"},\"thumbnailUrl\":\"https:\\\/\\\/i0.wp.com\\\/eltecolote.org\\\/content\\\/wp-content\\\/uploads\\\/2015\\\/01\\\/Deep-Down-Dark_01web1.jpg?fit=800%2C493&quality=89&ssl=1\",\"datePublished\":\"2015-01-30T01:18:30+00:00\",\"description\":\"Rese\u00f1a de Libro: Rating Deep Down Dark: 4 de 5 &nbsp; Por Atticus Morris En su libro Deep Down Dark (Farrar, Strauss and Giroux, 2014), de reciente\",\"inLanguage\":\"en\",\"potentialAction\":[{\"@type\":\"ReadAction\",\"target\":[\"https:\\\/\\\/eltecolote.org\\\/content\\\/es\\\/las-historias-no-contadas-de-33-mineros-atrapados-en-una-mina-chilena\\\/\"]}]},{\"@type\":\"ImageObject\",\"inLanguage\":\"en\",\"@id\":\"https:\\\/\\\/eltecolote.org\\\/content\\\/es\\\/las-historias-no-contadas-de-33-mineros-atrapados-en-una-mina-chilena\\\/#primaryimage\",\"url\":\"https:\\\/\\\/i0.wp.com\\\/eltecolote.org\\\/content\\\/wp-content\\\/uploads\\\/2015\\\/01\\\/Deep-Down-Dark_01web1.jpg?fit=800%2C493&quality=89&ssl=1\",\"contentUrl\":\"https:\\\/\\\/i0.wp.com\\\/eltecolote.org\\\/content\\\/wp-content\\\/uploads\\\/2015\\\/01\\\/Deep-Down-Dark_01web1.jpg?fit=800%2C493&quality=89&ssl=1\",\"width\":800,\"height\":493,\"caption\":\"El minero Ra\u00fal Bustos abraza a una mujer luego de ser rescatado de una mina de oro y cobre en San Jos\u00e9, Chile, donde estuvo atrapado junto con otro 32 mineros cerca de dos meses. Foto de Hugo Infante cortes\u00eda del gobierno chileno.\"},{\"@type\":\"WebSite\",\"@id\":\"https:\\\/\\\/eltecolote.org\\\/content\\\/#website\",\"url\":\"https:\\\/\\\/eltecolote.org\\\/content\\\/\",\"name\":\"El Tecolote\",\"description\":\"San Francisco's Latinx newspaper since 1970\",\"publisher\":{\"@id\":\"https:\\\/\\\/eltecolote.org\\\/content\\\/#organization\"},\"potentialAction\":[{\"@type\":\"SearchAction\",\"target\":{\"@type\":\"EntryPoint\",\"urlTemplate\":\"https:\\\/\\\/eltecolote.org\\\/content\\\/?s={search_term_string}\"},\"query-input\":{\"@type\":\"PropertyValueSpecification\",\"valueRequired\":true,\"valueName\":\"search_term_string\"}}],\"inLanguage\":\"en\"},{\"@type\":\"Organization\",\"@id\":\"https:\\\/\\\/eltecolote.org\\\/content\\\/#organization\",\"name\":\"El Tecolote\",\"url\":\"https:\\\/\\\/eltecolote.org\\\/content\\\/\",\"logo\":{\"@type\":\"ImageObject\",\"inLanguage\":\"en\",\"@id\":\"https:\\\/\\\/eltecolote.org\\\/content\\\/#\\\/schema\\\/logo\\\/image\\\/\",\"url\":\"https:\\\/\\\/i0.wp.com\\\/eltecolote.org\\\/content\\\/wp-content\\\/uploads\\\/2021\\\/05\\\/ETlogo-1.jpg?fit=400%2C400&ssl=1\",\"contentUrl\":\"https:\\\/\\\/i0.wp.com\\\/eltecolote.org\\\/content\\\/wp-content\\\/uploads\\\/2021\\\/05\\\/ETlogo-1.jpg?fit=400%2C400&ssl=1\",\"width\":400,\"height\":400,\"caption\":\"El Tecolote\"},\"image\":{\"@id\":\"https:\\\/\\\/eltecolote.org\\\/content\\\/#\\\/schema\\\/logo\\\/image\\\/\"},\"sameAs\":[\"https:\\\/\\\/www.facebook.com\\\/ElTecoloteSF\\\/\",\"https:\\\/\\\/x.com\\\/eltecolotesf\",\"https:\\\/\\\/www.instagram.com\\\/eltecolotesf\\\/\"]},{\"@type\":\"Person\",\"@id\":\"https:\\\/\\\/eltecolote.org\\\/content\\\/#\\\/schema\\\/person\\\/08828d10185eba96895a8363a269410e\",\"name\":\"El Tecolote Staff\",\"image\":{\"@type\":\"ImageObject\",\"inLanguage\":\"en\",\"@id\":\"https:\\\/\\\/secure.gravatar.com\\\/avatar\\\/9534c92c8c908364e186a64d93efc86f62367109d1b07a3454facde655968589?s=96&d=mm&r=g6afcb607783e095e4cf6be807353924d\",\"url\":\"https:\\\/\\\/secure.gravatar.com\\\/avatar\\\/9534c92c8c908364e186a64d93efc86f62367109d1b07a3454facde655968589?s=96&d=mm&r=g\",\"contentUrl\":\"https:\\\/\\\/secure.gravatar.com\\\/avatar\\\/9534c92c8c908364e186a64d93efc86f62367109d1b07a3454facde655968589?s=96&d=mm&r=g\",\"caption\":\"El Tecolote Staff\"},\"url\":\"https:\\\/\\\/eltecolote.org\\\/content\\\/author\\\/web-editor\\\/\"}]}<\/script>\n<!-- \/ Yoast SEO plugin. -->","yoast_head_json":{"title":"Las historias no contadas de 33 mineros atrapados en una mina chilena - El Tecolote","description":"Rese\u00f1a de Libro: Rating Deep Down Dark: 4 de 5 &nbsp; Por Atticus Morris En su libro Deep Down Dark (Farrar, Strauss and Giroux, 2014), de reciente","robots":{"index":"index","follow":"follow","max-snippet":"max-snippet:-1","max-image-preview":"max-image-preview:large","max-video-preview":"max-video-preview:-1"},"canonical":"https:\/\/eltecolote.org\/content\/es\/las-historias-no-contadas-de-33-mineros-atrapados-en-una-mina-chilena\/","og_locale":"en_US","og_type":"article","og_title":"Las historias no contadas de 33 mineros atrapados en una mina chilena - El Tecolote","og_description":"Rese\u00f1a de Libro: Rating Deep Down Dark: 4 de 5 &nbsp; Por Atticus Morris En su libro Deep Down Dark (Farrar, Strauss and Giroux, 2014), de reciente","og_url":"https:\/\/eltecolote.org\/content\/es\/las-historias-no-contadas-de-33-mineros-atrapados-en-una-mina-chilena\/","og_site_name":"El Tecolote","article_publisher":"https:\/\/www.facebook.com\/ElTecoloteSF\/","article_published_time":"2015-01-30T01:18:30+00:00","og_image":[{"width":800,"height":493,"url":"https:\/\/i0.wp.com\/eltecolote.org\/content\/wp-content\/uploads\/2015\/01\/Deep-Down-Dark_01web1.jpg?fit=800%2C493&ssl=1","type":"image\/jpeg"}],"author":"El Tecolote Staff","twitter_card":"summary_large_image","twitter_creator":"@eltecolotesf","twitter_site":"@eltecolotesf","twitter_misc":{"Written by":"El Tecolote Staff","Est. reading time":"5 minutes"},"schema":{"@context":"https:\/\/schema.org","@graph":[{"@type":"NewsArticle","@id":"https:\/\/eltecolote.org\/content\/es\/las-historias-no-contadas-de-33-mineros-atrapados-en-una-mina-chilena\/#article","isPartOf":{"@id":"https:\/\/eltecolote.org\/content\/es\/las-historias-no-contadas-de-33-mineros-atrapados-en-una-mina-chilena\/"},"author":{"name":"El Tecolote Staff","@id":"https:\/\/eltecolote.org\/content\/#\/schema\/person\/08828d10185eba96895a8363a269410e"},"headline":"Las historias no contadas de 33 mineros atrapados en una mina chilena","datePublished":"2015-01-30T01:18:30+00:00","mainEntityOfPage":{"@id":"https:\/\/eltecolote.org\/content\/es\/las-historias-no-contadas-de-33-mineros-atrapados-en-una-mina-chilena\/"},"wordCount":973,"commentCount":0,"publisher":{"@id":"https:\/\/eltecolote.org\/content\/#organization"},"image":{"@id":"https:\/\/eltecolote.org\/content\/es\/las-historias-no-contadas-de-33-mineros-atrapados-en-una-mina-chilena\/#primaryimage"},"thumbnailUrl":"https:\/\/i0.wp.com\/eltecolote.org\/content\/wp-content\/uploads\/2015\/01\/Deep-Down-Dark_01web1.jpg?fit=800%2C493&quality=89&ssl=1","keywords":["Chilean Miners","Deep Down Dark","H\u00e9ctor Tobar"],"articleSection":["Arte"],"inLanguage":"en","potentialAction":[{"@type":"CommentAction","name":"Comment","target":["https:\/\/eltecolote.org\/content\/es\/las-historias-no-contadas-de-33-mineros-atrapados-en-una-mina-chilena\/#respond"]}]},{"@type":"WebPage","@id":"https:\/\/eltecolote.org\/content\/es\/las-historias-no-contadas-de-33-mineros-atrapados-en-una-mina-chilena\/","url":"https:\/\/eltecolote.org\/content\/es\/las-historias-no-contadas-de-33-mineros-atrapados-en-una-mina-chilena\/","name":"Las historias no contadas de 33 mineros atrapados en una mina chilena - El Tecolote","isPartOf":{"@id":"https:\/\/eltecolote.org\/content\/#website"},"primaryImageOfPage":{"@id":"https:\/\/eltecolote.org\/content\/es\/las-historias-no-contadas-de-33-mineros-atrapados-en-una-mina-chilena\/#primaryimage"},"image":{"@id":"https:\/\/eltecolote.org\/content\/es\/las-historias-no-contadas-de-33-mineros-atrapados-en-una-mina-chilena\/#primaryimage"},"thumbnailUrl":"https:\/\/i0.wp.com\/eltecolote.org\/content\/wp-content\/uploads\/2015\/01\/Deep-Down-Dark_01web1.jpg?fit=800%2C493&quality=89&ssl=1","datePublished":"2015-01-30T01:18:30+00:00","description":"Rese\u00f1a de Libro: Rating Deep Down Dark: 4 de 5 &nbsp; Por Atticus Morris En su libro Deep Down Dark (Farrar, Strauss and Giroux, 2014), de reciente","inLanguage":"en","potentialAction":[{"@type":"ReadAction","target":["https:\/\/eltecolote.org\/content\/es\/las-historias-no-contadas-de-33-mineros-atrapados-en-una-mina-chilena\/"]}]},{"@type":"ImageObject","inLanguage":"en","@id":"https:\/\/eltecolote.org\/content\/es\/las-historias-no-contadas-de-33-mineros-atrapados-en-una-mina-chilena\/#primaryimage","url":"https:\/\/i0.wp.com\/eltecolote.org\/content\/wp-content\/uploads\/2015\/01\/Deep-Down-Dark_01web1.jpg?fit=800%2C493&quality=89&ssl=1","contentUrl":"https:\/\/i0.wp.com\/eltecolote.org\/content\/wp-content\/uploads\/2015\/01\/Deep-Down-Dark_01web1.jpg?fit=800%2C493&quality=89&ssl=1","width":800,"height":493,"caption":"El minero Ra\u00fal Bustos abraza a una mujer luego de ser rescatado de una mina de oro y cobre en San Jos\u00e9, Chile, donde estuvo atrapado junto con otro 32 mineros cerca de dos meses. Foto de Hugo Infante cortes\u00eda del gobierno chileno."},{"@type":"WebSite","@id":"https:\/\/eltecolote.org\/content\/#website","url":"https:\/\/eltecolote.org\/content\/","name":"El Tecolote","description":"San Francisco's Latinx newspaper since 1970","publisher":{"@id":"https:\/\/eltecolote.org\/content\/#organization"},"potentialAction":[{"@type":"SearchAction","target":{"@type":"EntryPoint","urlTemplate":"https:\/\/eltecolote.org\/content\/?s={search_term_string}"},"query-input":{"@type":"PropertyValueSpecification","valueRequired":true,"valueName":"search_term_string"}}],"inLanguage":"en"},{"@type":"Organization","@id":"https:\/\/eltecolote.org\/content\/#organization","name":"El Tecolote","url":"https:\/\/eltecolote.org\/content\/","logo":{"@type":"ImageObject","inLanguage":"en","@id":"https:\/\/eltecolote.org\/content\/#\/schema\/logo\/image\/","url":"https:\/\/i0.wp.com\/eltecolote.org\/content\/wp-content\/uploads\/2021\/05\/ETlogo-1.jpg?fit=400%2C400&ssl=1","contentUrl":"https:\/\/i0.wp.com\/eltecolote.org\/content\/wp-content\/uploads\/2021\/05\/ETlogo-1.jpg?fit=400%2C400&ssl=1","width":400,"height":400,"caption":"El Tecolote"},"image":{"@id":"https:\/\/eltecolote.org\/content\/#\/schema\/logo\/image\/"},"sameAs":["https:\/\/www.facebook.com\/ElTecoloteSF\/","https:\/\/x.com\/eltecolotesf","https:\/\/www.instagram.com\/eltecolotesf\/"]},{"@type":"Person","@id":"https:\/\/eltecolote.org\/content\/#\/schema\/person\/08828d10185eba96895a8363a269410e","name":"El Tecolote Staff","image":{"@type":"ImageObject","inLanguage":"en","@id":"https:\/\/secure.gravatar.com\/avatar\/9534c92c8c908364e186a64d93efc86f62367109d1b07a3454facde655968589?s=96&d=mm&r=g6afcb607783e095e4cf6be807353924d","url":"https:\/\/secure.gravatar.com\/avatar\/9534c92c8c908364e186a64d93efc86f62367109d1b07a3454facde655968589?s=96&d=mm&r=g","contentUrl":"https:\/\/secure.gravatar.com\/avatar\/9534c92c8c908364e186a64d93efc86f62367109d1b07a3454facde655968589?s=96&d=mm&r=g","caption":"El Tecolote Staff"},"url":"https:\/\/eltecolote.org\/content\/author\/web-editor\/"}]}},"distributor_meta":false,"distributor_terms":false,"distributor_media":false,"distributor_original_site_name":"El Tecolote","distributor_original_site_url":"https:\/\/eltecolote.org\/content","push-errors":false,"_links":{"self":[{"href":"https:\/\/eltecolote.org\/content\/wp-json\/wp\/v2\/posts\/25363","targetHints":{"allow":["GET"]}}],"collection":[{"href":"https:\/\/eltecolote.org\/content\/wp-json\/wp\/v2\/posts"}],"about":[{"href":"https:\/\/eltecolote.org\/content\/wp-json\/wp\/v2\/types\/post"}],"author":[{"embeddable":true,"href":"https:\/\/eltecolote.org\/content\/wp-json\/wp\/v2\/users\/35"}],"replies":[{"embeddable":true,"href":"https:\/\/eltecolote.org\/content\/wp-json\/wp\/v2\/comments?post=25363"}],"version-history":[{"count":0,"href":"https:\/\/eltecolote.org\/content\/wp-json\/wp\/v2\/posts\/25363\/revisions"}],"wp:featuredmedia":[{"embeddable":true,"href":"https:\/\/eltecolote.org\/content\/wp-json\/wp\/v2\/media\/25364"}],"wp:attachment":[{"href":"https:\/\/eltecolote.org\/content\/wp-json\/wp\/v2\/media?parent=25363"}],"wp:term":[{"taxonomy":"category","embeddable":true,"href":"https:\/\/eltecolote.org\/content\/wp-json\/wp\/v2\/categories?post=25363"},{"taxonomy":"post_tag","embeddable":true,"href":"https:\/\/eltecolote.org\/content\/wp-json\/wp\/v2\/tags?post=25363"},{"taxonomy":"author","embeddable":true,"href":"https:\/\/eltecolote.org\/content\/wp-json\/wp\/v2\/coauthors?post=25363"}],"curies":[{"name":"wp","href":"https:\/\/api.w.org\/{rel}","templated":true}]}}