{"id":24539,"date":"2014-09-02T14:20:46","date_gmt":"2014-09-02T21:20:46","guid":{"rendered":"http:\/\/eltecolote.org\/content\/?p=24539"},"modified":"2014-11-07T13:25:03","modified_gmt":"2014-11-07T20:25:03","slug":"manifestantes-marchan-por-reforma-de-la-vivienda","status":"publish","type":"post","link":"https:\/\/eltecolote.org\/content\/en\/manifestantes-marchan-por-reforma-de-la-vivienda\/","title":{"rendered":"Manifestantes marchan por reforma de la vivienda"},"content":{"rendered":"<figure id=\"attachment_24540\" aria-describedby=\"caption-attachment-24540\" style=\"width: 900px\" class=\"wp-caption aligncenter\"><a href=\"https:\/\/i0.wp.com\/eltecolote.org\/content\/wp-content\/uploads\/2014\/08\/Stop-the-Flip_01web.jpg?quality=89&#038;ssl=1\"><img data-recalc-dims=\"1\" loading=\"lazy\" decoding=\"async\" class=\"size-full wp-image-24540\" src=\"https:\/\/i0.wp.com\/eltecolote.org\/content\/wp-content\/uploads\/2014\/08\/Stop-the-Flip_01web.jpg?resize=900%2C600&#038;quality=89&#038;ssl=1\" alt=\"Erin McElroy, director de Anti-Eviction Mapping Project, protesta en contra del Ellis Act, en el Distrito de la Misi\u00f3n. Erin McElroy of the Anti-Eviction Mapping Project, protests against Ellis Act evictions in the Mission District, Saturday, Aug. 23, 2014. Photo Santiago Mejia \" width=\"900\" height=\"600\" srcset=\"https:\/\/i0.wp.com\/eltecolote.org\/content\/wp-content\/uploads\/2014\/08\/Stop-the-Flip_01web.jpg?w=900&amp;quality=89&amp;ssl=1 900w, https:\/\/i0.wp.com\/eltecolote.org\/content\/wp-content\/uploads\/2014\/08\/Stop-the-Flip_01web.jpg?resize=600%2C400&amp;quality=89&amp;ssl=1 600w, https:\/\/i0.wp.com\/eltecolote.org\/content\/wp-content\/uploads\/2014\/08\/Stop-the-Flip_01web.jpg?resize=360%2C240&amp;quality=89&amp;ssl=1 360w\" sizes=\"auto, (max-width: 900px) 100vw, 900px\" \/><\/a><figcaption id=\"caption-attachment-24540\" class=\"wp-caption-text\">Erin McElroy, director de Anti-Eviction Mapping Project, protesta en contra del Ellis Act, en el Distrito de la Misi\u00f3n. Erin McElroy of the Anti-Eviction Mapping Project, protests against Ellis Act evictions in the Mission District, Saturday, Aug. 23, 2014. Photo Santiago Mejia<\/figcaption><\/figure>\n<p>De la Plaza del Bart de la Calle 16 hasta las calles 22 y Misi\u00f3n, cerca de cien manifestantes marcharon el 23 de agosto protestando por la embestida de los desalojos y el alza en el precio de mercado y, al mismo tiempo, buscando conseguir apoyo para la Propuesta G \u2014una medida que impondr\u00eda un impuesto en la reventa de edificios de apartamentos de toda la ciudad.<\/p>\n<p>La marcha, organizada por Causa Justa, comenz\u00f3 en la Misi\u00f3n y par\u00f3 en los edificios que se han vendido con la intenci\u00f3n de convertirlos para otros usos, construyendo luego condominios que superan los 3,000 d\u00f3lares al mes.<\/p>\n<p>\u201cEl precio de la vivienda es incre\u00edblemente fuera del alcance de nuestra comunidad, y parte de eso es por la especulaci\u00f3n de la vivienda, la compra-venta, la conversi\u00f3n que se ha convertido en una pr\u00e1ctica tan com\u00fan en la ciudad\u201d, dijo Mar\u00eda Zamudio, organizadora de la campa\u00f1a por los derechos de la vivienda en San Francisco con Causa Justa. \u201cEs el n\u00facleo de la crisis de rentabilidad, de la crisis del desalojo\u201d.<\/p>\n<p>Pero los manifestantes que salieron el s\u00e1bado a las calles tienen la esperanza de que la Prop G, en caso de que los votantes la aprueben en noviembre, pueda detener eso.<br \/>\n\u201cHay un l\u00edmite en lo que podemos hacer con las leyes en el Ayuntamiento. Construir movimientos populares m\u00e1s fuertes con Causa Justa y el movimiento del inquilino es la respuesta para proteger a largo plazo a nuestras comunidades\u201d, dijo el Supervisor del Distrito 1, Eric Mar, que aun estando de vacaciones, march\u00f3 portando un letrero que dec\u00eda \u2018Personas sin fines de lucro\u2019. \u201cEs terrible lo que est\u00e1 pasando. La gente tiene que estar realmente molesta para intentar cambiarlo\u201d.<\/p>\n<p>La medida contra la especulaci\u00f3n impondr\u00eda un impuesto dentro de cinco a\u00f1os sobre el precio de venta de aquellas propiedades a las que luego cambian su uso. Un edificio en compra-venta estar\u00eda sujeto, dentro de un a\u00f1o, a un impuesto del 24% sobre su precio de reventa. Ese impuesto podr\u00eda disminuir cada a\u00f1o hasta al quinto a\u00f1o final.<br \/>\nSeg\u00fan Zamudio, un apartamento de un dormitorio en la Misi\u00f3n actualmente cuesta $3,250 al mes. Ese ritmo costoso, dijo Zamudio, es el resultado directo de la onda de aburguesamiento que ha golpeado a la Misi\u00f3n durante los \u00faltimos dos a\u00f1os y medio, y que desde hace mucho tiempo ha desplazado a muchos residentes.<\/p>\n<p>\u201cLos valores de propiedad en los barrios de clase obrera de color son menos caros que en otros lugares. As\u00ed que si soy una aleta de casa y quiero hacer m\u00e1s dinero de mi inversi\u00f3n, entonces voy a comprar en la Misi\u00f3n\u201d, dijo Zamudio. \u201cEs esa la mentalidad. Es la eliminaci\u00f3n sistem\u00e1tica de personas de clase obrera de color de sus barrios hist\u00f3ricos\u201d.<\/p>\n<p>Pero en medio de los cantos frustrados de \u2018Hogares para todos\u2019 y \u2018Desalojos, ya basta\u2019, gente desplazada e inquilinos pr\u00f3ximos a ser desalojados compartieron sus historias. A Berta Mosqueda, quien hab\u00eda visto a sus hijos crecer en su hogar en las calles Folsom y 24 durante los \u00faltimos 28 a\u00f1os, le ofrecieron $5,000 dos meses antes que el duplex que rentaba fuera vendido. Ella no sabe lo que el nuevo propietario planea hacer con la propiedad que todav\u00eda ocupa.<\/p>\n<p>\u201cNo quiero dinero. Solamente quiero estabilidad. Quiero vivir en paz\u201d, dijo Mosqueda. \u201cPara ir a buscar otro lugar, yo sola\u2026 No tengo para pagar tanta renta\u201d.<\/p>\n<p>Mar\u00eda Medrano, quien fue desalojada de su casa ubicada en el 928 de la calle Capp despu\u00e9s de haberle pedido al propietario hacer reparaciones, est\u00e1 viviendo en un cami\u00f3n con su marido. Dijo a los manifestantes afuera de los apartamentos de Cushman y Wakefield, en las calles 19 y Valencia, que llam\u00f3 al edificio preguntando por una unidad de vivienda. En respuesta, le dijeron que \u201cgente como ella\u201d no era bienvenida a vivir en el edificio.<\/p>\n<p>La marcha termin\u00f3 en las oficinas de Kaushik Dattani, un propietario que ha estado comprando y vendiendo m\u00faltiples propiedades en la Misi\u00f3n. Pero los inquilinos de una de esas propiedades ubicada en las calles Folsom y 20, han luchado.<\/p>\n<p>Patricia Kerman y su compa\u00f1ero Tom Rapp han estado luchando contra Dattani desde febrero del a\u00f1o pasado cuando los amenaz\u00f3 con desalojo. En agosto de 2013, Dattani hab\u00eda nivelado al par con el desalojo del Ellis acto, pero como Kerman es un adulto mayor, a los inquilinos les fue concedida pr\u00f3rroga de un a\u00f1o, extensi\u00f3n que termin\u00f3 el 27 de agosto.<\/p>\n<p>\u201cQueremos que Dattani quite el desalojo de la mesa\u201d, dijo Kerman a la multitud de manifestantes que dejaron mensajes escritos en globos y carteles. \u201cEsto es m\u00e1s que nosotros\u2026 esto es sobre la ciudad de San Francisco. Ellos est\u00e1n tratando de destruir la ciudad que me encanta\u201d.<\/p>\n","protected":false},"excerpt":{"rendered":"<p>De la Plaza del Bart de la Calle 16 hasta las calles 22 y Misi\u00f3n, cerca de cien manifestantes marcharon el 23 de agosto protestando por la embestida de los desalojos y el alza en el precio de mercado y, al mismo tiempo, buscando conseguir apoyo para la Propuesta G \u2014una medida que impondr\u00eda un impuesto en la reventa de edificios de apartamentos de toda la ciudad.<\/p>\n","protected":false},"author":35,"featured_media":0,"comment_status":"open","ping_status":"closed","sticky":false,"template":"","format":"standard","meta":{"newspack_popups_has_disabled_popups":false,"newspack_featured_image_position":"","newspack_post_subtitle":"","newspack_article_summary_title":"Overview:","newspack_article_summary":"","newspack_hide_updated_date":false,"newspack_show_updated_date":false,"footnotes":""},"categories":[3519],"tags":[1483,2660,2182],"coauthors":[],"class_list":["post-24539","post","type-post","status-publish","format-standard","hentry","category-noticias","tag-causa-justa","tag-el-acta-ellis","tag-gentrificacion","entry"],"yoast_head":"<!-- This site is optimized with the Yoast SEO plugin v27.5 - https:\/\/yoast.com\/product\/yoast-seo-wordpress\/ -->\n<title>Manifestantes marchan por reforma de la vivienda - El Tecolote<\/title>\n<meta name=\"description\" content=\"De la Plaza del Bart de la Calle 16 hasta las calles 22 y Misi\u00f3n, cerca de cien manifestantes marcharon el 23 de agosto protestando por la embestida de los desalojos y el alza en el precio de mercado y, al mismo tiempo, buscando conseguir apoyo para la Propuesta G \u2014una medida que impondr\u00eda un impuesto en la reventa de edificios de apartamentos de toda la ciudad.\" \/>\n<meta name=\"robots\" content=\"index, follow, max-snippet:-1, max-image-preview:large, max-video-preview:-1\" \/>\n<link rel=\"canonical\" href=\"https:\/\/eltecolote.org\/content\/en\/manifestantes-marchan-por-reforma-de-la-vivienda\/\" \/>\n<meta property=\"og:locale\" content=\"en_US\" \/>\n<meta property=\"og:type\" content=\"article\" \/>\n<meta property=\"og:title\" content=\"Manifestantes marchan por reforma de la vivienda - El Tecolote\" \/>\n<meta property=\"og:description\" content=\"De la Plaza del Bart de la Calle 16 hasta las calles 22 y Misi\u00f3n, cerca de cien manifestantes marcharon el 23 de agosto protestando por la embestida de los desalojos y el alza en el precio de mercado y, al mismo tiempo, buscando conseguir apoyo para la Propuesta G \u2014una medida que impondr\u00eda un impuesto en la reventa de edificios de apartamentos de toda la ciudad.\" \/>\n<meta property=\"og:url\" content=\"https:\/\/eltecolote.org\/content\/en\/manifestantes-marchan-por-reforma-de-la-vivienda\/\" \/>\n<meta property=\"og:site_name\" content=\"El Tecolote\" \/>\n<meta property=\"article:publisher\" content=\"https:\/\/www.facebook.com\/ElTecoloteSF\/\" \/>\n<meta property=\"article:published_time\" content=\"2014-09-02T21:20:46+00:00\" \/>\n<meta property=\"article:modified_time\" content=\"2014-11-07T20:25:03+00:00\" \/>\n<meta property=\"og:image\" content=\"http:\/\/eltecolote.org\/content\/wp-content\/uploads\/2014\/08\/Stop-the-Flip_01web.jpg\" \/>\n<meta name=\"author\" content=\"El Tecolote Staff\" \/>\n<meta name=\"twitter:card\" content=\"summary_large_image\" \/>\n<meta name=\"twitter:creator\" content=\"@eltecolotesf\" \/>\n<meta name=\"twitter:site\" content=\"@eltecolotesf\" \/>\n<meta name=\"twitter:label1\" content=\"Written by\" \/>\n\t<meta name=\"twitter:data1\" content=\"El Tecolote Staff\" \/>\n\t<meta name=\"twitter:label2\" content=\"Est. reading time\" \/>\n\t<meta name=\"twitter:data2\" content=\"4 minutes\" \/>\n<script type=\"application\/ld+json\" class=\"yoast-schema-graph\">{\"@context\":\"https:\\\/\\\/schema.org\",\"@graph\":[{\"@type\":\"NewsArticle\",\"@id\":\"https:\\\/\\\/eltecolote.org\\\/content\\\/en\\\/manifestantes-marchan-por-reforma-de-la-vivienda\\\/#article\",\"isPartOf\":{\"@id\":\"https:\\\/\\\/eltecolote.org\\\/content\\\/en\\\/manifestantes-marchan-por-reforma-de-la-vivienda\\\/\"},\"author\":{\"name\":\"El Tecolote Staff\",\"@id\":\"https:\\\/\\\/eltecolote.org\\\/content\\\/#\\\/schema\\\/person\\\/08828d10185eba96895a8363a269410e\"},\"headline\":\"Manifestantes marchan por reforma de la vivienda\",\"datePublished\":\"2014-09-02T21:20:46+00:00\",\"dateModified\":\"2014-11-07T20:25:03+00:00\",\"mainEntityOfPage\":{\"@id\":\"https:\\\/\\\/eltecolote.org\\\/content\\\/en\\\/manifestantes-marchan-por-reforma-de-la-vivienda\\\/\"},\"wordCount\":879,\"commentCount\":0,\"publisher\":{\"@id\":\"https:\\\/\\\/eltecolote.org\\\/content\\\/#organization\"},\"image\":{\"@id\":\"https:\\\/\\\/eltecolote.org\\\/content\\\/en\\\/manifestantes-marchan-por-reforma-de-la-vivienda\\\/#primaryimage\"},\"thumbnailUrl\":\"http:\\\/\\\/eltecolote.org\\\/content\\\/wp-content\\\/uploads\\\/2014\\\/08\\\/Stop-the-Flip_01web.jpg\",\"keywords\":[\"Causa Justa\",\"El Acta Ellis\",\"gentrificaci\u00f3n\"],\"articleSection\":[\"Noticias\"],\"inLanguage\":\"en\",\"potentialAction\":[{\"@type\":\"CommentAction\",\"name\":\"Comment\",\"target\":[\"https:\\\/\\\/eltecolote.org\\\/content\\\/en\\\/manifestantes-marchan-por-reforma-de-la-vivienda\\\/#respond\"]}]},{\"@type\":\"WebPage\",\"@id\":\"https:\\\/\\\/eltecolote.org\\\/content\\\/en\\\/manifestantes-marchan-por-reforma-de-la-vivienda\\\/\",\"url\":\"https:\\\/\\\/eltecolote.org\\\/content\\\/en\\\/manifestantes-marchan-por-reforma-de-la-vivienda\\\/\",\"name\":\"Manifestantes marchan por reforma de la vivienda - El Tecolote\",\"isPartOf\":{\"@id\":\"https:\\\/\\\/eltecolote.org\\\/content\\\/#website\"},\"primaryImageOfPage\":{\"@id\":\"https:\\\/\\\/eltecolote.org\\\/content\\\/en\\\/manifestantes-marchan-por-reforma-de-la-vivienda\\\/#primaryimage\"},\"image\":{\"@id\":\"https:\\\/\\\/eltecolote.org\\\/content\\\/en\\\/manifestantes-marchan-por-reforma-de-la-vivienda\\\/#primaryimage\"},\"thumbnailUrl\":\"http:\\\/\\\/eltecolote.org\\\/content\\\/wp-content\\\/uploads\\\/2014\\\/08\\\/Stop-the-Flip_01web.jpg\",\"datePublished\":\"2014-09-02T21:20:46+00:00\",\"dateModified\":\"2014-11-07T20:25:03+00:00\",\"description\":\"De la Plaza del Bart de la Calle 16 hasta las calles 22 y Misi\u00f3n, cerca de cien manifestantes marcharon el 23 de agosto protestando por la embestida de los desalojos y el alza en el precio de mercado y, al mismo tiempo, buscando conseguir apoyo para la Propuesta G \u2014una medida que impondr\u00eda un impuesto en la reventa de edificios de apartamentos de toda la ciudad.\",\"inLanguage\":\"en\",\"potentialAction\":[{\"@type\":\"ReadAction\",\"target\":[\"https:\\\/\\\/eltecolote.org\\\/content\\\/en\\\/manifestantes-marchan-por-reforma-de-la-vivienda\\\/\"]}]},{\"@type\":\"ImageObject\",\"inLanguage\":\"en\",\"@id\":\"https:\\\/\\\/eltecolote.org\\\/content\\\/en\\\/manifestantes-marchan-por-reforma-de-la-vivienda\\\/#primaryimage\",\"url\":\"http:\\\/\\\/eltecolote.org\\\/content\\\/wp-content\\\/uploads\\\/2014\\\/08\\\/Stop-the-Flip_01web.jpg\",\"contentUrl\":\"http:\\\/\\\/eltecolote.org\\\/content\\\/wp-content\\\/uploads\\\/2014\\\/08\\\/Stop-the-Flip_01web.jpg\"},{\"@type\":\"WebSite\",\"@id\":\"https:\\\/\\\/eltecolote.org\\\/content\\\/#website\",\"url\":\"https:\\\/\\\/eltecolote.org\\\/content\\\/\",\"name\":\"El Tecolote\",\"description\":\"San Francisco's Latinx newspaper since 1970\",\"publisher\":{\"@id\":\"https:\\\/\\\/eltecolote.org\\\/content\\\/#organization\"},\"potentialAction\":[{\"@type\":\"SearchAction\",\"target\":{\"@type\":\"EntryPoint\",\"urlTemplate\":\"https:\\\/\\\/eltecolote.org\\\/content\\\/?s={search_term_string}\"},\"query-input\":{\"@type\":\"PropertyValueSpecification\",\"valueRequired\":true,\"valueName\":\"search_term_string\"}}],\"inLanguage\":\"en\"},{\"@type\":\"Organization\",\"@id\":\"https:\\\/\\\/eltecolote.org\\\/content\\\/#organization\",\"name\":\"El Tecolote\",\"url\":\"https:\\\/\\\/eltecolote.org\\\/content\\\/\",\"logo\":{\"@type\":\"ImageObject\",\"inLanguage\":\"en\",\"@id\":\"https:\\\/\\\/eltecolote.org\\\/content\\\/#\\\/schema\\\/logo\\\/image\\\/\",\"url\":\"https:\\\/\\\/i0.wp.com\\\/eltecolote.org\\\/content\\\/wp-content\\\/uploads\\\/2021\\\/05\\\/ETlogo-1.jpg?fit=400%2C400&ssl=1\",\"contentUrl\":\"https:\\\/\\\/i0.wp.com\\\/eltecolote.org\\\/content\\\/wp-content\\\/uploads\\\/2021\\\/05\\\/ETlogo-1.jpg?fit=400%2C400&ssl=1\",\"width\":400,\"height\":400,\"caption\":\"El Tecolote\"},\"image\":{\"@id\":\"https:\\\/\\\/eltecolote.org\\\/content\\\/#\\\/schema\\\/logo\\\/image\\\/\"},\"sameAs\":[\"https:\\\/\\\/www.facebook.com\\\/ElTecoloteSF\\\/\",\"https:\\\/\\\/x.com\\\/eltecolotesf\",\"https:\\\/\\\/www.instagram.com\\\/eltecolotesf\\\/\"]},{\"@type\":\"Person\",\"@id\":\"https:\\\/\\\/eltecolote.org\\\/content\\\/#\\\/schema\\\/person\\\/08828d10185eba96895a8363a269410e\",\"name\":\"El Tecolote Staff\",\"image\":{\"@type\":\"ImageObject\",\"inLanguage\":\"en\",\"@id\":\"https:\\\/\\\/secure.gravatar.com\\\/avatar\\\/9534c92c8c908364e186a64d93efc86f62367109d1b07a3454facde655968589?s=96&d=mm&r=g6afcb607783e095e4cf6be807353924d\",\"url\":\"https:\\\/\\\/secure.gravatar.com\\\/avatar\\\/9534c92c8c908364e186a64d93efc86f62367109d1b07a3454facde655968589?s=96&d=mm&r=g\",\"contentUrl\":\"https:\\\/\\\/secure.gravatar.com\\\/avatar\\\/9534c92c8c908364e186a64d93efc86f62367109d1b07a3454facde655968589?s=96&d=mm&r=g\",\"caption\":\"El Tecolote Staff\"},\"url\":\"https:\\\/\\\/eltecolote.org\\\/content\\\/author\\\/web-editor\\\/\"}]}<\/script>\n<!-- \/ Yoast SEO plugin. -->","yoast_head_json":{"title":"Manifestantes marchan por reforma de la vivienda - El Tecolote","description":"De la Plaza del Bart de la Calle 16 hasta las calles 22 y Misi\u00f3n, cerca de cien manifestantes marcharon el 23 de agosto protestando por la embestida de los desalojos y el alza en el precio de mercado y, al mismo tiempo, buscando conseguir apoyo para la Propuesta G \u2014una medida que impondr\u00eda un impuesto en la reventa de edificios de apartamentos de toda la ciudad.","robots":{"index":"index","follow":"follow","max-snippet":"max-snippet:-1","max-image-preview":"max-image-preview:large","max-video-preview":"max-video-preview:-1"},"canonical":"https:\/\/eltecolote.org\/content\/en\/manifestantes-marchan-por-reforma-de-la-vivienda\/","og_locale":"en_US","og_type":"article","og_title":"Manifestantes marchan por reforma de la vivienda - El Tecolote","og_description":"De la Plaza del Bart de la Calle 16 hasta las calles 22 y Misi\u00f3n, cerca de cien manifestantes marcharon el 23 de agosto protestando por la embestida de los desalojos y el alza en el precio de mercado y, al mismo tiempo, buscando conseguir apoyo para la Propuesta G \u2014una medida que impondr\u00eda un impuesto en la reventa de edificios de apartamentos de toda la ciudad.","og_url":"https:\/\/eltecolote.org\/content\/en\/manifestantes-marchan-por-reforma-de-la-vivienda\/","og_site_name":"El Tecolote","article_publisher":"https:\/\/www.facebook.com\/ElTecoloteSF\/","article_published_time":"2014-09-02T21:20:46+00:00","article_modified_time":"2014-11-07T20:25:03+00:00","og_image":[{"url":"http:\/\/eltecolote.org\/content\/wp-content\/uploads\/2014\/08\/Stop-the-Flip_01web.jpg","type":"","width":"","height":""}],"author":"El Tecolote Staff","twitter_card":"summary_large_image","twitter_creator":"@eltecolotesf","twitter_site":"@eltecolotesf","twitter_misc":{"Written by":"El Tecolote Staff","Est. reading time":"4 minutes"},"schema":{"@context":"https:\/\/schema.org","@graph":[{"@type":"NewsArticle","@id":"https:\/\/eltecolote.org\/content\/en\/manifestantes-marchan-por-reforma-de-la-vivienda\/#article","isPartOf":{"@id":"https:\/\/eltecolote.org\/content\/en\/manifestantes-marchan-por-reforma-de-la-vivienda\/"},"author":{"name":"El Tecolote Staff","@id":"https:\/\/eltecolote.org\/content\/#\/schema\/person\/08828d10185eba96895a8363a269410e"},"headline":"Manifestantes marchan por reforma de la vivienda","datePublished":"2014-09-02T21:20:46+00:00","dateModified":"2014-11-07T20:25:03+00:00","mainEntityOfPage":{"@id":"https:\/\/eltecolote.org\/content\/en\/manifestantes-marchan-por-reforma-de-la-vivienda\/"},"wordCount":879,"commentCount":0,"publisher":{"@id":"https:\/\/eltecolote.org\/content\/#organization"},"image":{"@id":"https:\/\/eltecolote.org\/content\/en\/manifestantes-marchan-por-reforma-de-la-vivienda\/#primaryimage"},"thumbnailUrl":"http:\/\/eltecolote.org\/content\/wp-content\/uploads\/2014\/08\/Stop-the-Flip_01web.jpg","keywords":["Causa Justa","El Acta Ellis","gentrificaci\u00f3n"],"articleSection":["Noticias"],"inLanguage":"en","potentialAction":[{"@type":"CommentAction","name":"Comment","target":["https:\/\/eltecolote.org\/content\/en\/manifestantes-marchan-por-reforma-de-la-vivienda\/#respond"]}]},{"@type":"WebPage","@id":"https:\/\/eltecolote.org\/content\/en\/manifestantes-marchan-por-reforma-de-la-vivienda\/","url":"https:\/\/eltecolote.org\/content\/en\/manifestantes-marchan-por-reforma-de-la-vivienda\/","name":"Manifestantes marchan por reforma de la vivienda - El Tecolote","isPartOf":{"@id":"https:\/\/eltecolote.org\/content\/#website"},"primaryImageOfPage":{"@id":"https:\/\/eltecolote.org\/content\/en\/manifestantes-marchan-por-reforma-de-la-vivienda\/#primaryimage"},"image":{"@id":"https:\/\/eltecolote.org\/content\/en\/manifestantes-marchan-por-reforma-de-la-vivienda\/#primaryimage"},"thumbnailUrl":"http:\/\/eltecolote.org\/content\/wp-content\/uploads\/2014\/08\/Stop-the-Flip_01web.jpg","datePublished":"2014-09-02T21:20:46+00:00","dateModified":"2014-11-07T20:25:03+00:00","description":"De la Plaza del Bart de la Calle 16 hasta las calles 22 y Misi\u00f3n, cerca de cien manifestantes marcharon el 23 de agosto protestando por la embestida de los desalojos y el alza en el precio de mercado y, al mismo tiempo, buscando conseguir apoyo para la Propuesta G \u2014una medida que impondr\u00eda un impuesto en la reventa de edificios de apartamentos de toda la ciudad.","inLanguage":"en","potentialAction":[{"@type":"ReadAction","target":["https:\/\/eltecolote.org\/content\/en\/manifestantes-marchan-por-reforma-de-la-vivienda\/"]}]},{"@type":"ImageObject","inLanguage":"en","@id":"https:\/\/eltecolote.org\/content\/en\/manifestantes-marchan-por-reforma-de-la-vivienda\/#primaryimage","url":"http:\/\/eltecolote.org\/content\/wp-content\/uploads\/2014\/08\/Stop-the-Flip_01web.jpg","contentUrl":"http:\/\/eltecolote.org\/content\/wp-content\/uploads\/2014\/08\/Stop-the-Flip_01web.jpg"},{"@type":"WebSite","@id":"https:\/\/eltecolote.org\/content\/#website","url":"https:\/\/eltecolote.org\/content\/","name":"El Tecolote","description":"San Francisco's Latinx newspaper since 1970","publisher":{"@id":"https:\/\/eltecolote.org\/content\/#organization"},"potentialAction":[{"@type":"SearchAction","target":{"@type":"EntryPoint","urlTemplate":"https:\/\/eltecolote.org\/content\/?s={search_term_string}"},"query-input":{"@type":"PropertyValueSpecification","valueRequired":true,"valueName":"search_term_string"}}],"inLanguage":"en"},{"@type":"Organization","@id":"https:\/\/eltecolote.org\/content\/#organization","name":"El Tecolote","url":"https:\/\/eltecolote.org\/content\/","logo":{"@type":"ImageObject","inLanguage":"en","@id":"https:\/\/eltecolote.org\/content\/#\/schema\/logo\/image\/","url":"https:\/\/i0.wp.com\/eltecolote.org\/content\/wp-content\/uploads\/2021\/05\/ETlogo-1.jpg?fit=400%2C400&ssl=1","contentUrl":"https:\/\/i0.wp.com\/eltecolote.org\/content\/wp-content\/uploads\/2021\/05\/ETlogo-1.jpg?fit=400%2C400&ssl=1","width":400,"height":400,"caption":"El Tecolote"},"image":{"@id":"https:\/\/eltecolote.org\/content\/#\/schema\/logo\/image\/"},"sameAs":["https:\/\/www.facebook.com\/ElTecoloteSF\/","https:\/\/x.com\/eltecolotesf","https:\/\/www.instagram.com\/eltecolotesf\/"]},{"@type":"Person","@id":"https:\/\/eltecolote.org\/content\/#\/schema\/person\/08828d10185eba96895a8363a269410e","name":"El Tecolote Staff","image":{"@type":"ImageObject","inLanguage":"en","@id":"https:\/\/secure.gravatar.com\/avatar\/9534c92c8c908364e186a64d93efc86f62367109d1b07a3454facde655968589?s=96&d=mm&r=g6afcb607783e095e4cf6be807353924d","url":"https:\/\/secure.gravatar.com\/avatar\/9534c92c8c908364e186a64d93efc86f62367109d1b07a3454facde655968589?s=96&d=mm&r=g","contentUrl":"https:\/\/secure.gravatar.com\/avatar\/9534c92c8c908364e186a64d93efc86f62367109d1b07a3454facde655968589?s=96&d=mm&r=g","caption":"El Tecolote Staff"},"url":"https:\/\/eltecolote.org\/content\/author\/web-editor\/"}]}},"distributor_meta":false,"distributor_terms":false,"distributor_media":false,"distributor_original_site_name":"El Tecolote","distributor_original_site_url":"https:\/\/eltecolote.org\/content","push-errors":false,"_links":{"self":[{"href":"https:\/\/eltecolote.org\/content\/wp-json\/wp\/v2\/posts\/24539","targetHints":{"allow":["GET"]}}],"collection":[{"href":"https:\/\/eltecolote.org\/content\/wp-json\/wp\/v2\/posts"}],"about":[{"href":"https:\/\/eltecolote.org\/content\/wp-json\/wp\/v2\/types\/post"}],"author":[{"embeddable":true,"href":"https:\/\/eltecolote.org\/content\/wp-json\/wp\/v2\/users\/35"}],"replies":[{"embeddable":true,"href":"https:\/\/eltecolote.org\/content\/wp-json\/wp\/v2\/comments?post=24539"}],"version-history":[{"count":0,"href":"https:\/\/eltecolote.org\/content\/wp-json\/wp\/v2\/posts\/24539\/revisions"}],"wp:attachment":[{"href":"https:\/\/eltecolote.org\/content\/wp-json\/wp\/v2\/media?parent=24539"}],"wp:term":[{"taxonomy":"category","embeddable":true,"href":"https:\/\/eltecolote.org\/content\/wp-json\/wp\/v2\/categories?post=24539"},{"taxonomy":"post_tag","embeddable":true,"href":"https:\/\/eltecolote.org\/content\/wp-json\/wp\/v2\/tags?post=24539"},{"taxonomy":"author","embeddable":true,"href":"https:\/\/eltecolote.org\/content\/wp-json\/wp\/v2\/coauthors?post=24539"}],"curies":[{"name":"wp","href":"https:\/\/api.w.org\/{rel}","templated":true}]}}