{"id":24271,"date":"2014-07-03T13:08:09","date_gmt":"2014-07-03T20:08:09","guid":{"rendered":"http:\/\/eltecolote.org\/content\/?p=24271"},"modified":"2014-07-03T13:08:09","modified_gmt":"2014-07-03T20:08:09","slug":"photo-exhibit-brings-central-valley-to-city-hall","status":"publish","type":"post","link":"https:\/\/eltecolote.org\/content\/en\/photo-exhibit-brings-central-valley-to-city-hall\/","title":{"rendered":"Photo exhibit brings Central Valley to City Hall"},"content":{"rendered":"<figure id=\"attachment_24278\" aria-describedby=\"caption-attachment-24278\" style=\"width: 900px\" class=\"wp-caption aligncenter\"><a href=\"https:\/\/i0.wp.com\/eltecolote.org\/content\/wp-content\/uploads\/2014\/07\/Central-Valley_01web.jpg?quality=89&#038;ssl=1\"><img data-recalc-dims=\"1\" loading=\"lazy\" decoding=\"async\" class=\"size-full wp-image-24278\" alt=\"Jos\u00e9 Salda\u00f1a y Sandy Melendez bailan juntos en Lost Hills, CA. Jose Salda\u00f1a and Sandy Melendez share a dance in Lost Hills, CA, Oct. 29, 2011. Photo Sam Comen\" src=\"https:\/\/i0.wp.com\/eltecolote.org\/content\/wp-content\/uploads\/2014\/07\/Central-Valley_01web.jpg?resize=900%2C675&#038;quality=89&#038;ssl=1\" width=\"900\" height=\"675\" srcset=\"https:\/\/i0.wp.com\/eltecolote.org\/content\/wp-content\/uploads\/2014\/07\/Central-Valley_01web.jpg?w=900&amp;quality=89&amp;ssl=1 900w, https:\/\/i0.wp.com\/eltecolote.org\/content\/wp-content\/uploads\/2014\/07\/Central-Valley_01web.jpg?resize=600%2C450&amp;quality=89&amp;ssl=1 600w, https:\/\/i0.wp.com\/eltecolote.org\/content\/wp-content\/uploads\/2014\/07\/Central-Valley_01web.jpg?resize=333%2C250&amp;quality=89&amp;ssl=1 333w\" sizes=\"auto, (max-width: 900px) 100vw, 900px\" \/><\/a><figcaption id=\"caption-attachment-24278\" class=\"wp-caption-text\">Jos\u00e9 Salda\u00f1a y Sandy Melendez bailan juntos en Lost Hills, CA. Jose Salda\u00f1a and Sandy Melendez share a dance in Lost Hills, CA, Oct. 29, 2011. Photo Sam Comen<\/figcaption><\/figure>\n<p>From now until Sept. 14, a splendid collection of 100 photographs adorn the walls of City Hall\u2019s bottom floor, celebrating life in California\u2019s Central Valley&#8211;the mid-region that encompasses both the Sacramento Valley to the north and the San Joaquin Valley to the south.<\/p>\n<p>\u201cThe Valley: Photo-essays from California\u2019s Heartland\u201d is an ode to the state\u2019s agricultural cradle, the home of the farmers who work the land.<\/p>\n<p>With descriptions in English and Spanish, the exhibition is composed of nine photographic essays that cover a wide range of styles&#8211;from the artistic and dream-like work of Matt Black, to the conceptual style of Ken and Melanie Light, whose \u201cValley of Shadows and Dreams\u201d features water, workers and the environment, portraits and scenes of everyday life.<\/p>\n<p>Ann Jastrab, the director of the Rayko Photo Gallery and organizer of the exhibition, discussed how photographers like Francisco Dominguez have covered wide-ranging topics like \u201cimmigration, and indigenous people living in the streets,\u201d and how the works of the Lights \u201cwere easier [to select] for being more well known.\u201d<\/p>\n<p>\u201cIt had to be varied culturally and historically balanced,\u201d Jastrab said, of creating the exhibit.<\/p>\n<p>Another photographer highlighted in this exhibition is Sam Comen, whose splendid photo essay features the community of Lost Hills.<\/p>\n<p>\u201cThe same place where the \u2018Okies\u2019 came to escape the famine in the early 1930s during the depression, is now inhabited by Mexicans and Mexican Americans,\u201d said Comen.<\/p>\n<p>Hyper-realistic and staged, Comen\u2019s images stand out for their ability to communicate a magical moment frozen in time.<\/p>\n<p>Other photographers featured in the exhibition are Antonio Zazueta Olmos, a photojournalism graduate of Fresno State University, who delivered an evocative essay about boxers in black and white; Kathy Maria Landeros, with her beautiful color portraits and landscapes; and Charlotte Niel, who previously shot landscapes but now focuses more on portraits.<\/p>\n<figure id=\"attachment_24279\" aria-describedby=\"caption-attachment-24279\" style=\"width: 600px\" class=\"wp-caption alignright\"><a href=\"https:\/\/i0.wp.com\/eltecolote.org\/content\/wp-content\/uploads\/2014\/07\/Central-Valley_03web.jpg?quality=89&#038;ssl=1\"><img data-recalc-dims=\"1\" loading=\"lazy\" decoding=\"async\" class=\"size-large wp-image-24279 \" alt=\"Marcha de la UFW. UFW march, 1975. Photo Lou Dematteis \" src=\"https:\/\/i0.wp.com\/eltecolote.org\/content\/wp-content\/uploads\/2014\/07\/Central-Valley_03web.jpg?resize=600%2C398&#038;quality=89&#038;ssl=1\" width=\"600\" height=\"398\" srcset=\"https:\/\/i0.wp.com\/eltecolote.org\/content\/wp-content\/uploads\/2014\/07\/Central-Valley_03web.jpg?resize=600%2C398&amp;quality=89&amp;ssl=1 600w, https:\/\/i0.wp.com\/eltecolote.org\/content\/wp-content\/uploads\/2014\/07\/Central-Valley_03web.jpg?resize=360%2C238&amp;quality=89&amp;ssl=1 360w, https:\/\/i0.wp.com\/eltecolote.org\/content\/wp-content\/uploads\/2014\/07\/Central-Valley_03web.jpg?w=900&amp;quality=89&amp;ssl=1 900w\" sizes=\"auto, (max-width: 600px) 100vw, 600px\" \/><\/a><figcaption id=\"caption-attachment-24279\" class=\"wp-caption-text\">United Farm Workers march, 1975. Photo Lou Dematteis<\/figcaption><\/figure>\n<p>\u201cI was driving down the valley and saw the announcement of a celebration of Cinco de Mayo,\u201d said Niel in describing one of her photos. \u201cThe people [were] very friendly; they welcomed me.\u201d<\/p>\n<p>Niel\u2019s photographs capture everyday scenes: a quincea\u00f1era in the village of San Joaquin, a vendor working in a second-hand shop in Dos Palos, and children playing during the celebration of a baptism in the town of Alpaugh.<\/p>\n<p>Two of the photo essays endow historical context to the exhibit.<\/p>\n<p>Mimi Plumb photographed farmers in 1974 and 1975 while studying at the San Francisco Art Institute. Her brother\u2019s girlfriend worked as a volunteer for the United Farm Workers (UFW), which is how she got her start. She was 19 when she took the photographs.<\/p>\n<p>\u201cCelestino, Ricardo, Rosa and Chuy, UFW organizers with Ch\u00e1vez, invited me to accompany them when they went to talk to the workers,\u201d Plumb said. \u201cI was touched by his passion and how he wanted to improve working conditions in the fields.\u201d<\/p>\n<p>Lou Dematteis decided to photograph the march from San Francisco to Modesto, one that the UFW organized in the summer of 1975 to draw attention to the adoption of the California Agricultural Labor Relations Act (CALRA). Dematteis covered the news event as a class assignment.<\/p>\n<p>\u201cIt\u2019s wonderful that photographs from 1975 still have a value,\u201d said Dematteis.\u201cI went to Modesto the night before they came and I slept in a person\u2019s house who was involved. It was fantastic, they never imagined that so many people would come.\u201d<\/p>\n<p>The exhibit also contains a selection of the photos from The San Francisco Chronicle archives, which include photos of Carlos Avila Gonzalez and Mike Kepka.<\/p>\n<p>While the work of each photographer is commendable, the exhibition as a whole suffered from trying to do too much, making it seem sort of scattered and rushed. A smaller exhibit with more variation in photo size would have been preferable.<\/p>\n<p><i>The Valley: Photo-essays from California\u2019s Heartland is a free exhibition hosted by the San Francisco Arts Commission&#8211;the city agency responsible for promoting and protecting the arts. It will be on display until Sept. 19 at the ground floor of City Hall, located in the Plaza Civic Center. On Aug. 12, there will be a panel at the Central Library at 6 p.m.<\/i><\/p>\n<p>&nbsp;<\/p>\n","protected":false},"excerpt":{"rendered":"<p>From now until Sept. 14, a splendid collection of 100 photographs adorn the walls of City Hall\u2019s bottom floor, celebrating life in California\u2019s Central Valley&#8211;the mid-region that encompasses both the Sacramento Valley to the north and the San Joaquin Valley to the south.<\/p>\n","protected":false},"author":35,"featured_media":0,"comment_status":"open","ping_status":"closed","sticky":false,"template":"","format":"standard","meta":{"newspack_popups_has_disabled_popups":false,"newspack_featured_image_position":"","newspack_post_subtitle":"","newspack_article_summary_title":"Overview:","newspack_article_summary":"","newspack_hide_updated_date":false,"newspack_show_updated_date":false,"footnotes":""},"categories":[7],"tags":[3256,3255,3252,3253,3254,279,3250,3257,3251,3249],"coauthors":[],"class_list":["post-24271","post","type-post","status-publish","format-standard","hentry","category-news","tag-antonio-olmos","tag-charlotte-niel","tag-francisco-dominguez","tag-kathya-landeros","tag-ken-and-melanie-light","tag-lou-dematteis","tag-matt-black","tag-mimi-plumb","tag-sam-comen","tag-the-valley-photo-essays-from-californias-heartland","entry"],"yoast_head":"<!-- This site is optimized with the Yoast SEO plugin v27.5 - https:\/\/yoast.com\/product\/yoast-seo-wordpress\/ -->\n<title>Photo exhibit brings Central Valley to City Hall - El Tecolote<\/title>\n<meta name=\"description\" content=\"From now until Sept. 14, a splendid collection of 100 photographs adorn the walls of City Hall\u2019s bottom floor, celebrating life in California\u2019s Central Valley--the mid-region that encompasses both the Sacramento Valley to the north and the San Joaquin Valley to the south.\" \/>\n<meta name=\"robots\" content=\"index, follow, max-snippet:-1, max-image-preview:large, max-video-preview:-1\" \/>\n<link rel=\"canonical\" href=\"https:\/\/eltecolote.org\/content\/en\/photo-exhibit-brings-central-valley-to-city-hall\/\" \/>\n<meta property=\"og:locale\" content=\"en_US\" \/>\n<meta property=\"og:type\" content=\"article\" \/>\n<meta property=\"og:title\" content=\"Photo exhibit brings Central Valley to City Hall - El Tecolote\" \/>\n<meta property=\"og:description\" content=\"From now until Sept. 14, a splendid collection of 100 photographs adorn the walls of City Hall\u2019s bottom floor, celebrating life in California\u2019s Central Valley--the mid-region that encompasses both the Sacramento Valley to the north and the San Joaquin Valley to the south.\" \/>\n<meta property=\"og:url\" content=\"https:\/\/eltecolote.org\/content\/en\/photo-exhibit-brings-central-valley-to-city-hall\/\" \/>\n<meta property=\"og:site_name\" content=\"El Tecolote\" \/>\n<meta property=\"article:publisher\" content=\"https:\/\/www.facebook.com\/ElTecoloteSF\/\" \/>\n<meta property=\"article:published_time\" content=\"2014-07-03T20:08:09+00:00\" \/>\n<meta property=\"og:image\" content=\"http:\/\/eltecolote.org\/content\/wp-content\/uploads\/2014\/07\/Central-Valley_01web.jpg\" \/>\n<meta name=\"author\" content=\"El Tecolote Staff\" \/>\n<meta name=\"twitter:card\" content=\"summary_large_image\" \/>\n<meta name=\"twitter:creator\" content=\"@eltecolotesf\" \/>\n<meta name=\"twitter:site\" content=\"@eltecolotesf\" \/>\n<meta name=\"twitter:label1\" content=\"Written by\" \/>\n\t<meta name=\"twitter:data1\" content=\"El Tecolote Staff\" \/>\n\t<meta name=\"twitter:label2\" content=\"Est. reading time\" \/>\n\t<meta name=\"twitter:data2\" content=\"4 minutes\" \/>\n<script type=\"application\/ld+json\" class=\"yoast-schema-graph\">{\"@context\":\"https:\\\/\\\/schema.org\",\"@graph\":[{\"@type\":\"NewsArticle\",\"@id\":\"https:\\\/\\\/eltecolote.org\\\/content\\\/en\\\/photo-exhibit-brings-central-valley-to-city-hall\\\/#article\",\"isPartOf\":{\"@id\":\"https:\\\/\\\/eltecolote.org\\\/content\\\/en\\\/photo-exhibit-brings-central-valley-to-city-hall\\\/\"},\"author\":{\"name\":\"El Tecolote Staff\",\"@id\":\"https:\\\/\\\/eltecolote.org\\\/content\\\/#\\\/schema\\\/person\\\/08828d10185eba96895a8363a269410e\"},\"headline\":\"Photo exhibit brings Central Valley to City Hall\",\"datePublished\":\"2014-07-03T20:08:09+00:00\",\"mainEntityOfPage\":{\"@id\":\"https:\\\/\\\/eltecolote.org\\\/content\\\/en\\\/photo-exhibit-brings-central-valley-to-city-hall\\\/\"},\"wordCount\":746,\"commentCount\":0,\"publisher\":{\"@id\":\"https:\\\/\\\/eltecolote.org\\\/content\\\/#organization\"},\"image\":{\"@id\":\"https:\\\/\\\/eltecolote.org\\\/content\\\/en\\\/photo-exhibit-brings-central-valley-to-city-hall\\\/#primaryimage\"},\"thumbnailUrl\":\"http:\\\/\\\/eltecolote.org\\\/content\\\/wp-content\\\/uploads\\\/2014\\\/07\\\/Central-Valley_01web.jpg\",\"keywords\":[\"Antonio Olmos\",\"Charlotte Niel\",\"Francisco Dominguez\",\"Kathya Landeros\",\"Ken and Melanie Light\",\"Lou Dematteis\",\"Matt Black\",\"Mimi Plumb\",\"Sam Comen\",\"The Valley: Photo-essays from California\u2019s Heartland\"],\"articleSection\":[\"News\"],\"inLanguage\":\"en\",\"potentialAction\":[{\"@type\":\"CommentAction\",\"name\":\"Comment\",\"target\":[\"https:\\\/\\\/eltecolote.org\\\/content\\\/en\\\/photo-exhibit-brings-central-valley-to-city-hall\\\/#respond\"]}]},{\"@type\":\"WebPage\",\"@id\":\"https:\\\/\\\/eltecolote.org\\\/content\\\/en\\\/photo-exhibit-brings-central-valley-to-city-hall\\\/\",\"url\":\"https:\\\/\\\/eltecolote.org\\\/content\\\/en\\\/photo-exhibit-brings-central-valley-to-city-hall\\\/\",\"name\":\"Photo exhibit brings Central Valley to City Hall - El Tecolote\",\"isPartOf\":{\"@id\":\"https:\\\/\\\/eltecolote.org\\\/content\\\/#website\"},\"primaryImageOfPage\":{\"@id\":\"https:\\\/\\\/eltecolote.org\\\/content\\\/en\\\/photo-exhibit-brings-central-valley-to-city-hall\\\/#primaryimage\"},\"image\":{\"@id\":\"https:\\\/\\\/eltecolote.org\\\/content\\\/en\\\/photo-exhibit-brings-central-valley-to-city-hall\\\/#primaryimage\"},\"thumbnailUrl\":\"http:\\\/\\\/eltecolote.org\\\/content\\\/wp-content\\\/uploads\\\/2014\\\/07\\\/Central-Valley_01web.jpg\",\"datePublished\":\"2014-07-03T20:08:09+00:00\",\"description\":\"From now until Sept. 14, a splendid collection of 100 photographs adorn the walls of City Hall\u2019s bottom floor, celebrating life in California\u2019s Central Valley--the mid-region that encompasses both the Sacramento Valley to the north and the San Joaquin Valley to the south.\",\"inLanguage\":\"en\",\"potentialAction\":[{\"@type\":\"ReadAction\",\"target\":[\"https:\\\/\\\/eltecolote.org\\\/content\\\/en\\\/photo-exhibit-brings-central-valley-to-city-hall\\\/\"]}]},{\"@type\":\"ImageObject\",\"inLanguage\":\"en\",\"@id\":\"https:\\\/\\\/eltecolote.org\\\/content\\\/en\\\/photo-exhibit-brings-central-valley-to-city-hall\\\/#primaryimage\",\"url\":\"http:\\\/\\\/eltecolote.org\\\/content\\\/wp-content\\\/uploads\\\/2014\\\/07\\\/Central-Valley_01web.jpg\",\"contentUrl\":\"http:\\\/\\\/eltecolote.org\\\/content\\\/wp-content\\\/uploads\\\/2014\\\/07\\\/Central-Valley_01web.jpg\"},{\"@type\":\"WebSite\",\"@id\":\"https:\\\/\\\/eltecolote.org\\\/content\\\/#website\",\"url\":\"https:\\\/\\\/eltecolote.org\\\/content\\\/\",\"name\":\"El Tecolote\",\"description\":\"San Francisco's Latinx newspaper since 1970\",\"publisher\":{\"@id\":\"https:\\\/\\\/eltecolote.org\\\/content\\\/#organization\"},\"potentialAction\":[{\"@type\":\"SearchAction\",\"target\":{\"@type\":\"EntryPoint\",\"urlTemplate\":\"https:\\\/\\\/eltecolote.org\\\/content\\\/?s={search_term_string}\"},\"query-input\":{\"@type\":\"PropertyValueSpecification\",\"valueRequired\":true,\"valueName\":\"search_term_string\"}}],\"inLanguage\":\"en\"},{\"@type\":\"Organization\",\"@id\":\"https:\\\/\\\/eltecolote.org\\\/content\\\/#organization\",\"name\":\"El Tecolote\",\"url\":\"https:\\\/\\\/eltecolote.org\\\/content\\\/\",\"logo\":{\"@type\":\"ImageObject\",\"inLanguage\":\"en\",\"@id\":\"https:\\\/\\\/eltecolote.org\\\/content\\\/#\\\/schema\\\/logo\\\/image\\\/\",\"url\":\"https:\\\/\\\/i0.wp.com\\\/eltecolote.org\\\/content\\\/wp-content\\\/uploads\\\/2021\\\/05\\\/ETlogo-1.jpg?fit=400%2C400&ssl=1\",\"contentUrl\":\"https:\\\/\\\/i0.wp.com\\\/eltecolote.org\\\/content\\\/wp-content\\\/uploads\\\/2021\\\/05\\\/ETlogo-1.jpg?fit=400%2C400&ssl=1\",\"width\":400,\"height\":400,\"caption\":\"El Tecolote\"},\"image\":{\"@id\":\"https:\\\/\\\/eltecolote.org\\\/content\\\/#\\\/schema\\\/logo\\\/image\\\/\"},\"sameAs\":[\"https:\\\/\\\/www.facebook.com\\\/ElTecoloteSF\\\/\",\"https:\\\/\\\/x.com\\\/eltecolotesf\",\"https:\\\/\\\/www.instagram.com\\\/eltecolotesf\\\/\"]},{\"@type\":\"Person\",\"@id\":\"https:\\\/\\\/eltecolote.org\\\/content\\\/#\\\/schema\\\/person\\\/08828d10185eba96895a8363a269410e\",\"name\":\"El Tecolote Staff\",\"image\":{\"@type\":\"ImageObject\",\"inLanguage\":\"en\",\"@id\":\"https:\\\/\\\/secure.gravatar.com\\\/avatar\\\/9534c92c8c908364e186a64d93efc86f62367109d1b07a3454facde655968589?s=96&d=mm&r=g6afcb607783e095e4cf6be807353924d\",\"url\":\"https:\\\/\\\/secure.gravatar.com\\\/avatar\\\/9534c92c8c908364e186a64d93efc86f62367109d1b07a3454facde655968589?s=96&d=mm&r=g\",\"contentUrl\":\"https:\\\/\\\/secure.gravatar.com\\\/avatar\\\/9534c92c8c908364e186a64d93efc86f62367109d1b07a3454facde655968589?s=96&d=mm&r=g\",\"caption\":\"El Tecolote Staff\"},\"url\":\"https:\\\/\\\/eltecolote.org\\\/content\\\/author\\\/web-editor\\\/\"}]}<\/script>\n<!-- \/ Yoast SEO plugin. -->","yoast_head_json":{"title":"Photo exhibit brings Central Valley to City Hall - El Tecolote","description":"From now until Sept. 14, a splendid collection of 100 photographs adorn the walls of City Hall\u2019s bottom floor, celebrating life in California\u2019s Central Valley--the mid-region that encompasses both the Sacramento Valley to the north and the San Joaquin Valley to the south.","robots":{"index":"index","follow":"follow","max-snippet":"max-snippet:-1","max-image-preview":"max-image-preview:large","max-video-preview":"max-video-preview:-1"},"canonical":"https:\/\/eltecolote.org\/content\/en\/photo-exhibit-brings-central-valley-to-city-hall\/","og_locale":"en_US","og_type":"article","og_title":"Photo exhibit brings Central Valley to City Hall - El Tecolote","og_description":"From now until Sept. 14, a splendid collection of 100 photographs adorn the walls of City Hall\u2019s bottom floor, celebrating life in California\u2019s Central Valley--the mid-region that encompasses both the Sacramento Valley to the north and the San Joaquin Valley to the south.","og_url":"https:\/\/eltecolote.org\/content\/en\/photo-exhibit-brings-central-valley-to-city-hall\/","og_site_name":"El Tecolote","article_publisher":"https:\/\/www.facebook.com\/ElTecoloteSF\/","article_published_time":"2014-07-03T20:08:09+00:00","og_image":[{"url":"http:\/\/eltecolote.org\/content\/wp-content\/uploads\/2014\/07\/Central-Valley_01web.jpg","type":"","width":"","height":""}],"author":"El Tecolote Staff","twitter_card":"summary_large_image","twitter_creator":"@eltecolotesf","twitter_site":"@eltecolotesf","twitter_misc":{"Written by":"El Tecolote Staff","Est. reading time":"4 minutes"},"schema":{"@context":"https:\/\/schema.org","@graph":[{"@type":"NewsArticle","@id":"https:\/\/eltecolote.org\/content\/en\/photo-exhibit-brings-central-valley-to-city-hall\/#article","isPartOf":{"@id":"https:\/\/eltecolote.org\/content\/en\/photo-exhibit-brings-central-valley-to-city-hall\/"},"author":{"name":"El Tecolote Staff","@id":"https:\/\/eltecolote.org\/content\/#\/schema\/person\/08828d10185eba96895a8363a269410e"},"headline":"Photo exhibit brings Central Valley to City Hall","datePublished":"2014-07-03T20:08:09+00:00","mainEntityOfPage":{"@id":"https:\/\/eltecolote.org\/content\/en\/photo-exhibit-brings-central-valley-to-city-hall\/"},"wordCount":746,"commentCount":0,"publisher":{"@id":"https:\/\/eltecolote.org\/content\/#organization"},"image":{"@id":"https:\/\/eltecolote.org\/content\/en\/photo-exhibit-brings-central-valley-to-city-hall\/#primaryimage"},"thumbnailUrl":"http:\/\/eltecolote.org\/content\/wp-content\/uploads\/2014\/07\/Central-Valley_01web.jpg","keywords":["Antonio Olmos","Charlotte Niel","Francisco Dominguez","Kathya Landeros","Ken and Melanie Light","Lou Dematteis","Matt Black","Mimi Plumb","Sam Comen","The Valley: Photo-essays from California\u2019s Heartland"],"articleSection":["News"],"inLanguage":"en","potentialAction":[{"@type":"CommentAction","name":"Comment","target":["https:\/\/eltecolote.org\/content\/en\/photo-exhibit-brings-central-valley-to-city-hall\/#respond"]}]},{"@type":"WebPage","@id":"https:\/\/eltecolote.org\/content\/en\/photo-exhibit-brings-central-valley-to-city-hall\/","url":"https:\/\/eltecolote.org\/content\/en\/photo-exhibit-brings-central-valley-to-city-hall\/","name":"Photo exhibit brings Central Valley to City Hall - El Tecolote","isPartOf":{"@id":"https:\/\/eltecolote.org\/content\/#website"},"primaryImageOfPage":{"@id":"https:\/\/eltecolote.org\/content\/en\/photo-exhibit-brings-central-valley-to-city-hall\/#primaryimage"},"image":{"@id":"https:\/\/eltecolote.org\/content\/en\/photo-exhibit-brings-central-valley-to-city-hall\/#primaryimage"},"thumbnailUrl":"http:\/\/eltecolote.org\/content\/wp-content\/uploads\/2014\/07\/Central-Valley_01web.jpg","datePublished":"2014-07-03T20:08:09+00:00","description":"From now until Sept. 14, a splendid collection of 100 photographs adorn the walls of City Hall\u2019s bottom floor, celebrating life in California\u2019s Central Valley--the mid-region that encompasses both the Sacramento Valley to the north and the San Joaquin Valley to the south.","inLanguage":"en","potentialAction":[{"@type":"ReadAction","target":["https:\/\/eltecolote.org\/content\/en\/photo-exhibit-brings-central-valley-to-city-hall\/"]}]},{"@type":"ImageObject","inLanguage":"en","@id":"https:\/\/eltecolote.org\/content\/en\/photo-exhibit-brings-central-valley-to-city-hall\/#primaryimage","url":"http:\/\/eltecolote.org\/content\/wp-content\/uploads\/2014\/07\/Central-Valley_01web.jpg","contentUrl":"http:\/\/eltecolote.org\/content\/wp-content\/uploads\/2014\/07\/Central-Valley_01web.jpg"},{"@type":"WebSite","@id":"https:\/\/eltecolote.org\/content\/#website","url":"https:\/\/eltecolote.org\/content\/","name":"El Tecolote","description":"San Francisco's Latinx newspaper since 1970","publisher":{"@id":"https:\/\/eltecolote.org\/content\/#organization"},"potentialAction":[{"@type":"SearchAction","target":{"@type":"EntryPoint","urlTemplate":"https:\/\/eltecolote.org\/content\/?s={search_term_string}"},"query-input":{"@type":"PropertyValueSpecification","valueRequired":true,"valueName":"search_term_string"}}],"inLanguage":"en"},{"@type":"Organization","@id":"https:\/\/eltecolote.org\/content\/#organization","name":"El Tecolote","url":"https:\/\/eltecolote.org\/content\/","logo":{"@type":"ImageObject","inLanguage":"en","@id":"https:\/\/eltecolote.org\/content\/#\/schema\/logo\/image\/","url":"https:\/\/i0.wp.com\/eltecolote.org\/content\/wp-content\/uploads\/2021\/05\/ETlogo-1.jpg?fit=400%2C400&ssl=1","contentUrl":"https:\/\/i0.wp.com\/eltecolote.org\/content\/wp-content\/uploads\/2021\/05\/ETlogo-1.jpg?fit=400%2C400&ssl=1","width":400,"height":400,"caption":"El Tecolote"},"image":{"@id":"https:\/\/eltecolote.org\/content\/#\/schema\/logo\/image\/"},"sameAs":["https:\/\/www.facebook.com\/ElTecoloteSF\/","https:\/\/x.com\/eltecolotesf","https:\/\/www.instagram.com\/eltecolotesf\/"]},{"@type":"Person","@id":"https:\/\/eltecolote.org\/content\/#\/schema\/person\/08828d10185eba96895a8363a269410e","name":"El Tecolote Staff","image":{"@type":"ImageObject","inLanguage":"en","@id":"https:\/\/secure.gravatar.com\/avatar\/9534c92c8c908364e186a64d93efc86f62367109d1b07a3454facde655968589?s=96&d=mm&r=g6afcb607783e095e4cf6be807353924d","url":"https:\/\/secure.gravatar.com\/avatar\/9534c92c8c908364e186a64d93efc86f62367109d1b07a3454facde655968589?s=96&d=mm&r=g","contentUrl":"https:\/\/secure.gravatar.com\/avatar\/9534c92c8c908364e186a64d93efc86f62367109d1b07a3454facde655968589?s=96&d=mm&r=g","caption":"El Tecolote Staff"},"url":"https:\/\/eltecolote.org\/content\/author\/web-editor\/"}]}},"distributor_meta":false,"distributor_terms":false,"distributor_media":false,"distributor_original_site_name":"El Tecolote","distributor_original_site_url":"https:\/\/eltecolote.org\/content","push-errors":false,"_links":{"self":[{"href":"https:\/\/eltecolote.org\/content\/wp-json\/wp\/v2\/posts\/24271","targetHints":{"allow":["GET"]}}],"collection":[{"href":"https:\/\/eltecolote.org\/content\/wp-json\/wp\/v2\/posts"}],"about":[{"href":"https:\/\/eltecolote.org\/content\/wp-json\/wp\/v2\/types\/post"}],"author":[{"embeddable":true,"href":"https:\/\/eltecolote.org\/content\/wp-json\/wp\/v2\/users\/35"}],"replies":[{"embeddable":true,"href":"https:\/\/eltecolote.org\/content\/wp-json\/wp\/v2\/comments?post=24271"}],"version-history":[{"count":0,"href":"https:\/\/eltecolote.org\/content\/wp-json\/wp\/v2\/posts\/24271\/revisions"}],"wp:attachment":[{"href":"https:\/\/eltecolote.org\/content\/wp-json\/wp\/v2\/media?parent=24271"}],"wp:term":[{"taxonomy":"category","embeddable":true,"href":"https:\/\/eltecolote.org\/content\/wp-json\/wp\/v2\/categories?post=24271"},{"taxonomy":"post_tag","embeddable":true,"href":"https:\/\/eltecolote.org\/content\/wp-json\/wp\/v2\/tags?post=24271"},{"taxonomy":"author","embeddable":true,"href":"https:\/\/eltecolote.org\/content\/wp-json\/wp\/v2\/coauthors?post=24271"}],"curies":[{"name":"wp","href":"https:\/\/api.w.org\/{rel}","templated":true}]}}