{"id":24150,"date":"2014-05-29T23:17:28","date_gmt":"2014-05-30T06:17:28","guid":{"rendered":"http:\/\/eltecolote.org\/content\/?p=24150"},"modified":"2014-06-05T13:07:38","modified_gmt":"2014-06-05T20:07:38","slug":"latino-cultural-corridor","status":"publish","type":"post","link":"https:\/\/eltecolote.org\/content\/en\/latino-cultural-corridor\/","title":{"rendered":"Latino Cultural Corridor officially designated by the city"},"content":{"rendered":"<figure id=\"attachment_24151\" aria-describedby=\"caption-attachment-24151\" style=\"width: 900px\" class=\"wp-caption aligncenter\"><a href=\"https:\/\/i0.wp.com\/eltecolote.org\/content\/wp-content\/uploads\/2014\/05\/Cultural-Corridor_01web.jpg?quality=89&#038;ssl=1\"><img data-recalc-dims=\"1\" loading=\"lazy\" decoding=\"async\" class=\"size-full wp-image-24151 \" alt=\"Ribbon cutting ceremony for the Calle 24 Cultural Corridor, May 23, 2014. Photo Mabel Jimenez\" src=\"https:\/\/i0.wp.com\/eltecolote.org\/content\/wp-content\/uploads\/2014\/05\/Cultural-Corridor_01web.jpg?resize=900%2C600&#038;quality=89&#038;ssl=1\" width=\"900\" height=\"600\" srcset=\"https:\/\/i0.wp.com\/eltecolote.org\/content\/wp-content\/uploads\/2014\/05\/Cultural-Corridor_01web.jpg?w=900&amp;quality=89&amp;ssl=1 900w, https:\/\/i0.wp.com\/eltecolote.org\/content\/wp-content\/uploads\/2014\/05\/Cultural-Corridor_01web.jpg?resize=600%2C400&amp;quality=89&amp;ssl=1 600w, https:\/\/i0.wp.com\/eltecolote.org\/content\/wp-content\/uploads\/2014\/05\/Cultural-Corridor_01web.jpg?resize=360%2C240&amp;quality=89&amp;ssl=1 360w\" sizes=\"auto, (max-width: 900px) 100vw, 900px\" \/><\/a><figcaption id=\"caption-attachment-24151\" class=\"wp-caption-text\">Ribbon cutting ceremony for the Calle 24 Cultural Corridor, May 23, 2014. Photo Mabel Jimenez<\/figcaption><\/figure>\n<p>Merchants, activists, city officials and community members of all ages gathered at a bustling corner of the 24th and Harrison street intersection on the afternoon of May 23 to celebrate a victory in the struggle to preserve the roots of San Francisco\u2019s Latino culture.<\/p>\n<p>The outdoor press conference and ribbon cutting ceremony came in the wake of a unanimous vote by the Board of Supervisors on a resolution declaring 24th Street&#8211;which is a hub for artistic expression and a Latino stronghold&#8211;as \u201cCalle 24,\u201d an official Latino cultural district.<\/p>\n<p>A joint effort between the San Francisco Latino Historical Society, Calle 24 Merchant &amp; Neighborhood Association, San Francisco Heritage and local leaders, advocates are hoping that this declaration will not only help to retain the living culture and history of the neighborhood, but also spur growth, entrepreneurship and well-being within the Latino community.<\/p>\n<p>\u201cCalle 24 features vibrancy that we think is unmatched in the entire city and county of San Francisco,\u201d Supervisor David Campos said to a cheering crowd. \u201c[This street] is the heart of the Mission, and recognizing Calle 24 as a Latino cultural district is the first step in a larger and longer process to preserve the integrity of the entire neighborhood.\u201d<\/p>\n<p>The 24th Street Corridor extends over 14 blocks, from Valencia Street to Potrero Street, and houses more than 200 small businesses and community-serving organizations. The corridor has acted as a platform for Latino activism and artistic and social movements since the 1940s.<\/p>\n<p>\u201cIn the &#8217;60s, like a lot of the city, the urban cores were abandoned and it was the flight out to the suburbs,\u201d said Ana Cervantes, founder of the Latino Historical Society. \u201cEthnic communities were left to rebuild and organized to improve the quality of life here. They were able to turn the neighborhood around into something unique, something that is valued. Latinos\u2019 contributions to the city are now being documented with (this) resolution.\u201d<\/p>\n<p>The conference was intimate as neighbors, artists, educators, advocates and city leaders rubbed elbows&#8211;some have lived or worked together in the Mission community so long that they consider each other family.<\/p>\n<figure id=\"attachment_24175\" aria-describedby=\"caption-attachment-24175\" style=\"width: 360px\" class=\"wp-caption alignright\"><a href=\"https:\/\/i0.wp.com\/eltecolote.org\/content\/wp-content\/uploads\/2014\/06\/Cultural-Corridor_03web.jpg?quality=89&#038;ssl=1\"><img data-recalc-dims=\"1\" loading=\"lazy\" decoding=\"async\" class=\"size-medium wp-image-24175 \" alt=\"Erick Arg\u00fcello, director de la Asociaci\u00f3n de Comerciantes de la Calle 24, se dirige al p\u00fablico durante la ceremonia de designaci\u00f3n de la Calle 24 como distrito cultural latino. Erick Arguello, head of the Lower 24th Street Merchants Association, speaks at the inauguration of the Calle 24 Latino Cultural District, May 23, 2014. Photo Mabel Jimenez\" src=\"https:\/\/i0.wp.com\/eltecolote.org\/content\/wp-content\/uploads\/2014\/06\/Cultural-Corridor_03web.jpg?resize=360%2C240&#038;quality=89&#038;ssl=1\" width=\"360\" height=\"240\" srcset=\"https:\/\/i0.wp.com\/eltecolote.org\/content\/wp-content\/uploads\/2014\/06\/Cultural-Corridor_03web.jpg?resize=360%2C240&amp;quality=89&amp;ssl=1 360w, https:\/\/i0.wp.com\/eltecolote.org\/content\/wp-content\/uploads\/2014\/06\/Cultural-Corridor_03web.jpg?resize=600%2C400&amp;quality=89&amp;ssl=1 600w, https:\/\/i0.wp.com\/eltecolote.org\/content\/wp-content\/uploads\/2014\/06\/Cultural-Corridor_03web.jpg?w=900&amp;quality=89&amp;ssl=1 900w\" sizes=\"auto, (max-width: 360px) 100vw, 360px\" \/><\/a><figcaption id=\"caption-attachment-24175\" class=\"wp-caption-text\">Erick Arguello, head of the Lower 24th Street Merchants Association, speaks at the inauguration of the Calle 24 Latino Cultural District, May 23, 2014. Photo Mabel Jimenez<\/figcaption><\/figure>\n<p>\u201cIt wasn\u2019t too long ago that there were certain parts of this city that disregarded us here in the Mission&#8211;our elected officials and our city government paid us no mind,\u201d said Miguel Bustos, a third-generation Mission resident and community activist. \u201cIn this little corner of San Francisco, \u2018familia\u2019 supported one another. We fixed each other\u2019s leaky roofs&#8211;some say those are things of the past, but that\u2019s not true. By having a cultural district dedicated to us, we are putting a line in the sand to let people know that we are here, we have always been and we always will be.\u201d<\/p>\n<p>Many of those in attendance have fought long and hard in the face of gentrification to keep cultural roots and sense of community intact while witnessing the rapid changes that have befallen the city. The resolution came as a response to a housing and affordability crisis that has thrown many of San Francisco\u2019s ethnic communities in turmoil.<\/p>\n<p>Some used the opportunity to speak out against developers who have aggressively sought to take over parts of the Mission for financial gain, displacing families, small businesses, and the working class in the process.<\/p>\n<p>\u201cAs we speak, there are condos scheduled to be built at 24th and Folsom (streets)&#8211;I \u00a0turn around and I see new developments&#8211;that\u2019s going to change our culture,\u201d said iconic artist Rene Yanez. \u201cIt\u2019s all going to be for the cultural tourists, there\u2019s nothing left for us. Google and Facebook (are) a distant thunder, but we are here loud and clear. They should be here too to hear how they are affecting us.\u201d<\/p>\n<p>Yanez, who has lived in the Mission for 40 years and contributed to San Francisco\u2019s artistic splendor, in part by co-founding Galeria de la Raza, was recently evicted from his home. He is among the many who believe that the city must take more responsibility in protecting its diversity and working class.<\/p>\n<p>\u201cThe Mission was likely going to become a well-loved stuffed animal with all of its innards taken out if we didn\u2019t do something to make sure that the real culture stayed here,\u201d said Brooke Oliver, an attorney at 50 Balmy Law firm. \u201cThe concept of a cultural district is unusual&#8211;there are historical districts, landmark districts, but one focused on preserving the arts, culture and performances is unusual&#8211;this is a landmark piece of legislation.\u201d<\/p>\n<p>San Francisco\u2019s Historic Preservation Fund and the Mayor\u2019s Office of Economic and Workforce \u00a0Development have contributed funds to carry out a citywide study on Latino heritage titled \u201cNuestra Historia,\u201d which will provide \u201ca mechanism for building a historical archive\u201d and will be used by local decision makers to \u201cevaluate and preserve Latino heritage and resources,\u201d said Desiree Smith, SF Heritage\u2019s project manager.<\/p>\n<p>As another important next step, Campos promised to begin \u201can open, transparent, public community process\u201d in which the community will decide on its priorities in terms of preserving institutions in the neighborhood, and bringing those demands to City Hall.<\/p>\n","protected":false},"excerpt":{"rendered":"<p>Merchants, activists, city officials and community members of all ages gathered at a bustling corner of the 24th and Harrison street intersection on the afternoon of May 23 to celebrate a victory in the struggle to preserve the roots of San Francisco\u2019s Latino culture.<\/p>\n","protected":false},"author":35,"featured_media":0,"comment_status":"open","ping_status":"closed","sticky":false,"template":"","format":"standard","meta":{"newspack_popups_has_disabled_popups":false,"newspack_featured_image_position":"","newspack_post_subtitle":"","newspack_article_summary_title":"Overview:","newspack_article_summary":"","newspack_hide_updated_date":false,"newspack_show_updated_date":false,"footnotes":""},"categories":[7],"tags":[481,2205,3184,1635],"coauthors":[],"class_list":["post-24150","post","type-post","status-publish","format-standard","hentry","category-news","tag-calle-24","tag-calle-24-cultural-arts-and-culture-corridor-consortium","tag-calle-24-latino-cultural-corridor","tag-lower-24th-street-merchants-and-neighbors-association","entry"],"yoast_head":"<!-- This site is optimized with the Yoast SEO plugin v27.4 - https:\/\/yoast.com\/product\/yoast-seo-wordpress\/ -->\n<title>Latino Cultural Corridor officially designated by the city - El Tecolote<\/title>\n<meta name=\"description\" content=\"Merchants, activists, city officials and community members of all ages gathered at a bustling corner of the 24th and Harrison street intersection on the afternoon of May 23 to celebrate a victory in the struggle to preserve the roots of San Francisco\u2019s Latino culture.\" \/>\n<meta name=\"robots\" content=\"index, follow, max-snippet:-1, max-image-preview:large, max-video-preview:-1\" \/>\n<link rel=\"canonical\" href=\"https:\/\/eltecolote.org\/content\/en\/latino-cultural-corridor\/\" \/>\n<meta property=\"og:locale\" content=\"en_US\" \/>\n<meta property=\"og:type\" content=\"article\" \/>\n<meta property=\"og:title\" content=\"Latino Cultural Corridor officially designated by the city - El Tecolote\" \/>\n<meta property=\"og:description\" content=\"Merchants, activists, city officials and community members of all ages gathered at a bustling corner of the 24th and Harrison street intersection on the afternoon of May 23 to celebrate a victory in the struggle to preserve the roots of San Francisco\u2019s Latino culture.\" \/>\n<meta property=\"og:url\" content=\"https:\/\/eltecolote.org\/content\/en\/latino-cultural-corridor\/\" \/>\n<meta property=\"og:site_name\" content=\"El Tecolote\" \/>\n<meta property=\"article:publisher\" content=\"https:\/\/www.facebook.com\/ElTecoloteSF\/\" \/>\n<meta property=\"article:published_time\" content=\"2014-05-30T06:17:28+00:00\" \/>\n<meta property=\"article:modified_time\" content=\"2014-06-05T20:07:38+00:00\" \/>\n<meta property=\"og:image\" content=\"http:\/\/eltecolote.org\/content\/wp-content\/uploads\/2014\/05\/Cultural-Corridor_01web.jpg\" \/>\n<meta name=\"author\" content=\"El Tecolote Staff\" \/>\n<meta name=\"twitter:card\" content=\"summary_large_image\" \/>\n<meta name=\"twitter:creator\" content=\"@eltecolotesf\" \/>\n<meta name=\"twitter:site\" content=\"@eltecolotesf\" \/>\n<meta name=\"twitter:label1\" content=\"Written by\" \/>\n\t<meta name=\"twitter:data1\" content=\"El Tecolote Staff\" \/>\n\t<meta name=\"twitter:label2\" content=\"Est. reading time\" \/>\n\t<meta name=\"twitter:data2\" content=\"4 minutes\" \/>\n<script type=\"application\/ld+json\" class=\"yoast-schema-graph\">{\"@context\":\"https:\\\/\\\/schema.org\",\"@graph\":[{\"@type\":\"NewsArticle\",\"@id\":\"https:\\\/\\\/eltecolote.org\\\/content\\\/en\\\/latino-cultural-corridor\\\/#article\",\"isPartOf\":{\"@id\":\"https:\\\/\\\/eltecolote.org\\\/content\\\/en\\\/latino-cultural-corridor\\\/\"},\"author\":{\"name\":\"El Tecolote Staff\",\"@id\":\"https:\\\/\\\/eltecolote.org\\\/content\\\/#\\\/schema\\\/person\\\/08828d10185eba96895a8363a269410e\"},\"headline\":\"Latino Cultural Corridor officially designated by the city\",\"datePublished\":\"2014-05-30T06:17:28+00:00\",\"dateModified\":\"2014-06-05T20:07:38+00:00\",\"mainEntityOfPage\":{\"@id\":\"https:\\\/\\\/eltecolote.org\\\/content\\\/en\\\/latino-cultural-corridor\\\/\"},\"wordCount\":902,\"commentCount\":0,\"publisher\":{\"@id\":\"https:\\\/\\\/eltecolote.org\\\/content\\\/#organization\"},\"image\":{\"@id\":\"https:\\\/\\\/eltecolote.org\\\/content\\\/en\\\/latino-cultural-corridor\\\/#primaryimage\"},\"thumbnailUrl\":\"http:\\\/\\\/eltecolote.org\\\/content\\\/wp-content\\\/uploads\\\/2014\\\/05\\\/Cultural-Corridor_01web.jpg\",\"keywords\":[\"Calle 24\",\"Calle 24 Cultural Arts and Culture Corridor Consortium\",\"Calle 24 Latino Cultural Corridor\",\"Lower 24th Street Merchants and Neighbors Association\"],\"articleSection\":[\"News\"],\"inLanguage\":\"en\",\"potentialAction\":[{\"@type\":\"CommentAction\",\"name\":\"Comment\",\"target\":[\"https:\\\/\\\/eltecolote.org\\\/content\\\/en\\\/latino-cultural-corridor\\\/#respond\"]}]},{\"@type\":\"WebPage\",\"@id\":\"https:\\\/\\\/eltecolote.org\\\/content\\\/en\\\/latino-cultural-corridor\\\/\",\"url\":\"https:\\\/\\\/eltecolote.org\\\/content\\\/en\\\/latino-cultural-corridor\\\/\",\"name\":\"Latino Cultural Corridor officially designated by the city - El Tecolote\",\"isPartOf\":{\"@id\":\"https:\\\/\\\/eltecolote.org\\\/content\\\/#website\"},\"primaryImageOfPage\":{\"@id\":\"https:\\\/\\\/eltecolote.org\\\/content\\\/en\\\/latino-cultural-corridor\\\/#primaryimage\"},\"image\":{\"@id\":\"https:\\\/\\\/eltecolote.org\\\/content\\\/en\\\/latino-cultural-corridor\\\/#primaryimage\"},\"thumbnailUrl\":\"http:\\\/\\\/eltecolote.org\\\/content\\\/wp-content\\\/uploads\\\/2014\\\/05\\\/Cultural-Corridor_01web.jpg\",\"datePublished\":\"2014-05-30T06:17:28+00:00\",\"dateModified\":\"2014-06-05T20:07:38+00:00\",\"description\":\"Merchants, activists, city officials and community members of all ages gathered at a bustling corner of the 24th and Harrison street intersection on the afternoon of May 23 to celebrate a victory in the struggle to preserve the roots of San Francisco\u2019s Latino culture.\",\"inLanguage\":\"en\",\"potentialAction\":[{\"@type\":\"ReadAction\",\"target\":[\"https:\\\/\\\/eltecolote.org\\\/content\\\/en\\\/latino-cultural-corridor\\\/\"]}]},{\"@type\":\"ImageObject\",\"inLanguage\":\"en\",\"@id\":\"https:\\\/\\\/eltecolote.org\\\/content\\\/en\\\/latino-cultural-corridor\\\/#primaryimage\",\"url\":\"http:\\\/\\\/eltecolote.org\\\/content\\\/wp-content\\\/uploads\\\/2014\\\/05\\\/Cultural-Corridor_01web.jpg\",\"contentUrl\":\"http:\\\/\\\/eltecolote.org\\\/content\\\/wp-content\\\/uploads\\\/2014\\\/05\\\/Cultural-Corridor_01web.jpg\"},{\"@type\":\"WebSite\",\"@id\":\"https:\\\/\\\/eltecolote.org\\\/content\\\/#website\",\"url\":\"https:\\\/\\\/eltecolote.org\\\/content\\\/\",\"name\":\"El Tecolote\",\"description\":\"San Francisco's Latinx newspaper since 1970\",\"publisher\":{\"@id\":\"https:\\\/\\\/eltecolote.org\\\/content\\\/#organization\"},\"potentialAction\":[{\"@type\":\"SearchAction\",\"target\":{\"@type\":\"EntryPoint\",\"urlTemplate\":\"https:\\\/\\\/eltecolote.org\\\/content\\\/?s={search_term_string}\"},\"query-input\":{\"@type\":\"PropertyValueSpecification\",\"valueRequired\":true,\"valueName\":\"search_term_string\"}}],\"inLanguage\":\"en\"},{\"@type\":\"Organization\",\"@id\":\"https:\\\/\\\/eltecolote.org\\\/content\\\/#organization\",\"name\":\"El Tecolote\",\"url\":\"https:\\\/\\\/eltecolote.org\\\/content\\\/\",\"logo\":{\"@type\":\"ImageObject\",\"inLanguage\":\"en\",\"@id\":\"https:\\\/\\\/eltecolote.org\\\/content\\\/#\\\/schema\\\/logo\\\/image\\\/\",\"url\":\"https:\\\/\\\/i0.wp.com\\\/eltecolote.org\\\/content\\\/wp-content\\\/uploads\\\/2021\\\/05\\\/ETlogo-1.jpg?fit=400%2C400&ssl=1\",\"contentUrl\":\"https:\\\/\\\/i0.wp.com\\\/eltecolote.org\\\/content\\\/wp-content\\\/uploads\\\/2021\\\/05\\\/ETlogo-1.jpg?fit=400%2C400&ssl=1\",\"width\":400,\"height\":400,\"caption\":\"El Tecolote\"},\"image\":{\"@id\":\"https:\\\/\\\/eltecolote.org\\\/content\\\/#\\\/schema\\\/logo\\\/image\\\/\"},\"sameAs\":[\"https:\\\/\\\/www.facebook.com\\\/ElTecoloteSF\\\/\",\"https:\\\/\\\/x.com\\\/eltecolotesf\",\"https:\\\/\\\/www.instagram.com\\\/eltecolotesf\\\/\"]},{\"@type\":\"Person\",\"@id\":\"https:\\\/\\\/eltecolote.org\\\/content\\\/#\\\/schema\\\/person\\\/08828d10185eba96895a8363a269410e\",\"name\":\"El Tecolote Staff\",\"image\":{\"@type\":\"ImageObject\",\"inLanguage\":\"en\",\"@id\":\"https:\\\/\\\/secure.gravatar.com\\\/avatar\\\/9534c92c8c908364e186a64d93efc86f62367109d1b07a3454facde655968589?s=96&d=mm&r=g6afcb607783e095e4cf6be807353924d\",\"url\":\"https:\\\/\\\/secure.gravatar.com\\\/avatar\\\/9534c92c8c908364e186a64d93efc86f62367109d1b07a3454facde655968589?s=96&d=mm&r=g\",\"contentUrl\":\"https:\\\/\\\/secure.gravatar.com\\\/avatar\\\/9534c92c8c908364e186a64d93efc86f62367109d1b07a3454facde655968589?s=96&d=mm&r=g\",\"caption\":\"El Tecolote Staff\"},\"url\":\"https:\\\/\\\/eltecolote.org\\\/content\\\/author\\\/web-editor\\\/\"}]}<\/script>\n<!-- \/ Yoast SEO plugin. -->","yoast_head_json":{"title":"Latino Cultural Corridor officially designated by the city - El Tecolote","description":"Merchants, activists, city officials and community members of all ages gathered at a bustling corner of the 24th and Harrison street intersection on the afternoon of May 23 to celebrate a victory in the struggle to preserve the roots of San Francisco\u2019s Latino culture.","robots":{"index":"index","follow":"follow","max-snippet":"max-snippet:-1","max-image-preview":"max-image-preview:large","max-video-preview":"max-video-preview:-1"},"canonical":"https:\/\/eltecolote.org\/content\/en\/latino-cultural-corridor\/","og_locale":"en_US","og_type":"article","og_title":"Latino Cultural Corridor officially designated by the city - El Tecolote","og_description":"Merchants, activists, city officials and community members of all ages gathered at a bustling corner of the 24th and Harrison street intersection on the afternoon of May 23 to celebrate a victory in the struggle to preserve the roots of San Francisco\u2019s Latino culture.","og_url":"https:\/\/eltecolote.org\/content\/en\/latino-cultural-corridor\/","og_site_name":"El Tecolote","article_publisher":"https:\/\/www.facebook.com\/ElTecoloteSF\/","article_published_time":"2014-05-30T06:17:28+00:00","article_modified_time":"2014-06-05T20:07:38+00:00","og_image":[{"url":"http:\/\/eltecolote.org\/content\/wp-content\/uploads\/2014\/05\/Cultural-Corridor_01web.jpg","type":"","width":"","height":""}],"author":"El Tecolote Staff","twitter_card":"summary_large_image","twitter_creator":"@eltecolotesf","twitter_site":"@eltecolotesf","twitter_misc":{"Written by":"El Tecolote Staff","Est. reading time":"4 minutes"},"schema":{"@context":"https:\/\/schema.org","@graph":[{"@type":"NewsArticle","@id":"https:\/\/eltecolote.org\/content\/en\/latino-cultural-corridor\/#article","isPartOf":{"@id":"https:\/\/eltecolote.org\/content\/en\/latino-cultural-corridor\/"},"author":{"name":"El Tecolote Staff","@id":"https:\/\/eltecolote.org\/content\/#\/schema\/person\/08828d10185eba96895a8363a269410e"},"headline":"Latino Cultural Corridor officially designated by the city","datePublished":"2014-05-30T06:17:28+00:00","dateModified":"2014-06-05T20:07:38+00:00","mainEntityOfPage":{"@id":"https:\/\/eltecolote.org\/content\/en\/latino-cultural-corridor\/"},"wordCount":902,"commentCount":0,"publisher":{"@id":"https:\/\/eltecolote.org\/content\/#organization"},"image":{"@id":"https:\/\/eltecolote.org\/content\/en\/latino-cultural-corridor\/#primaryimage"},"thumbnailUrl":"http:\/\/eltecolote.org\/content\/wp-content\/uploads\/2014\/05\/Cultural-Corridor_01web.jpg","keywords":["Calle 24","Calle 24 Cultural Arts and Culture Corridor Consortium","Calle 24 Latino Cultural Corridor","Lower 24th Street Merchants and Neighbors Association"],"articleSection":["News"],"inLanguage":"en","potentialAction":[{"@type":"CommentAction","name":"Comment","target":["https:\/\/eltecolote.org\/content\/en\/latino-cultural-corridor\/#respond"]}]},{"@type":"WebPage","@id":"https:\/\/eltecolote.org\/content\/en\/latino-cultural-corridor\/","url":"https:\/\/eltecolote.org\/content\/en\/latino-cultural-corridor\/","name":"Latino Cultural Corridor officially designated by the city - El Tecolote","isPartOf":{"@id":"https:\/\/eltecolote.org\/content\/#website"},"primaryImageOfPage":{"@id":"https:\/\/eltecolote.org\/content\/en\/latino-cultural-corridor\/#primaryimage"},"image":{"@id":"https:\/\/eltecolote.org\/content\/en\/latino-cultural-corridor\/#primaryimage"},"thumbnailUrl":"http:\/\/eltecolote.org\/content\/wp-content\/uploads\/2014\/05\/Cultural-Corridor_01web.jpg","datePublished":"2014-05-30T06:17:28+00:00","dateModified":"2014-06-05T20:07:38+00:00","description":"Merchants, activists, city officials and community members of all ages gathered at a bustling corner of the 24th and Harrison street intersection on the afternoon of May 23 to celebrate a victory in the struggle to preserve the roots of San Francisco\u2019s Latino culture.","inLanguage":"en","potentialAction":[{"@type":"ReadAction","target":["https:\/\/eltecolote.org\/content\/en\/latino-cultural-corridor\/"]}]},{"@type":"ImageObject","inLanguage":"en","@id":"https:\/\/eltecolote.org\/content\/en\/latino-cultural-corridor\/#primaryimage","url":"http:\/\/eltecolote.org\/content\/wp-content\/uploads\/2014\/05\/Cultural-Corridor_01web.jpg","contentUrl":"http:\/\/eltecolote.org\/content\/wp-content\/uploads\/2014\/05\/Cultural-Corridor_01web.jpg"},{"@type":"WebSite","@id":"https:\/\/eltecolote.org\/content\/#website","url":"https:\/\/eltecolote.org\/content\/","name":"El Tecolote","description":"San Francisco's Latinx newspaper since 1970","publisher":{"@id":"https:\/\/eltecolote.org\/content\/#organization"},"potentialAction":[{"@type":"SearchAction","target":{"@type":"EntryPoint","urlTemplate":"https:\/\/eltecolote.org\/content\/?s={search_term_string}"},"query-input":{"@type":"PropertyValueSpecification","valueRequired":true,"valueName":"search_term_string"}}],"inLanguage":"en"},{"@type":"Organization","@id":"https:\/\/eltecolote.org\/content\/#organization","name":"El Tecolote","url":"https:\/\/eltecolote.org\/content\/","logo":{"@type":"ImageObject","inLanguage":"en","@id":"https:\/\/eltecolote.org\/content\/#\/schema\/logo\/image\/","url":"https:\/\/i0.wp.com\/eltecolote.org\/content\/wp-content\/uploads\/2021\/05\/ETlogo-1.jpg?fit=400%2C400&ssl=1","contentUrl":"https:\/\/i0.wp.com\/eltecolote.org\/content\/wp-content\/uploads\/2021\/05\/ETlogo-1.jpg?fit=400%2C400&ssl=1","width":400,"height":400,"caption":"El Tecolote"},"image":{"@id":"https:\/\/eltecolote.org\/content\/#\/schema\/logo\/image\/"},"sameAs":["https:\/\/www.facebook.com\/ElTecoloteSF\/","https:\/\/x.com\/eltecolotesf","https:\/\/www.instagram.com\/eltecolotesf\/"]},{"@type":"Person","@id":"https:\/\/eltecolote.org\/content\/#\/schema\/person\/08828d10185eba96895a8363a269410e","name":"El Tecolote Staff","image":{"@type":"ImageObject","inLanguage":"en","@id":"https:\/\/secure.gravatar.com\/avatar\/9534c92c8c908364e186a64d93efc86f62367109d1b07a3454facde655968589?s=96&d=mm&r=g6afcb607783e095e4cf6be807353924d","url":"https:\/\/secure.gravatar.com\/avatar\/9534c92c8c908364e186a64d93efc86f62367109d1b07a3454facde655968589?s=96&d=mm&r=g","contentUrl":"https:\/\/secure.gravatar.com\/avatar\/9534c92c8c908364e186a64d93efc86f62367109d1b07a3454facde655968589?s=96&d=mm&r=g","caption":"El Tecolote Staff"},"url":"https:\/\/eltecolote.org\/content\/author\/web-editor\/"}]}},"distributor_meta":false,"distributor_terms":false,"distributor_media":false,"distributor_original_site_name":"El Tecolote","distributor_original_site_url":"https:\/\/eltecolote.org\/content","push-errors":false,"_links":{"self":[{"href":"https:\/\/eltecolote.org\/content\/wp-json\/wp\/v2\/posts\/24150","targetHints":{"allow":["GET"]}}],"collection":[{"href":"https:\/\/eltecolote.org\/content\/wp-json\/wp\/v2\/posts"}],"about":[{"href":"https:\/\/eltecolote.org\/content\/wp-json\/wp\/v2\/types\/post"}],"author":[{"embeddable":true,"href":"https:\/\/eltecolote.org\/content\/wp-json\/wp\/v2\/users\/35"}],"replies":[{"embeddable":true,"href":"https:\/\/eltecolote.org\/content\/wp-json\/wp\/v2\/comments?post=24150"}],"version-history":[{"count":1,"href":"https:\/\/eltecolote.org\/content\/wp-json\/wp\/v2\/posts\/24150\/revisions"}],"predecessor-version":[{"id":24152,"href":"https:\/\/eltecolote.org\/content\/wp-json\/wp\/v2\/posts\/24150\/revisions\/24152"}],"wp:attachment":[{"href":"https:\/\/eltecolote.org\/content\/wp-json\/wp\/v2\/media?parent=24150"}],"wp:term":[{"taxonomy":"category","embeddable":true,"href":"https:\/\/eltecolote.org\/content\/wp-json\/wp\/v2\/categories?post=24150"},{"taxonomy":"post_tag","embeddable":true,"href":"https:\/\/eltecolote.org\/content\/wp-json\/wp\/v2\/tags?post=24150"},{"taxonomy":"author","embeddable":true,"href":"https:\/\/eltecolote.org\/content\/wp-json\/wp\/v2\/coauthors?post=24150"}],"curies":[{"name":"wp","href":"https:\/\/api.w.org\/{rel}","templated":true}]}}