{"id":23970,"date":"2014-04-10T08:35:37","date_gmt":"2014-04-10T15:35:37","guid":{"rendered":"http:\/\/eltecolote.org\/content\/?p=23970"},"modified":"2015-01-08T12:25:52","modified_gmt":"2015-01-08T19:25:52","slug":"ejecutan-a-preso-inmigrante-en-texas","status":"publish","type":"post","link":"https:\/\/eltecolote.org\/content\/es\/ejecutan-a-preso-inmigrante-en-texas\/","title":{"rendered":"Ejecutan a preso inmigrante en Texas"},"content":{"rendered":"<figure id=\"attachment_23971\" aria-describedby=\"caption-attachment-23971\" style=\"width: 360px\" class=\"wp-caption alignright\"><a href=\"https:\/\/i0.wp.com\/eltecolote.org\/content\/wp-content\/uploads\/2014\/04\/Death-Row_02.jpg?quality=89&#038;ssl=1\"><img data-recalc-dims=\"1\" loading=\"lazy\" decoding=\"async\" class=\"size-medium wp-image-23971 \" src=\"https:\/\/i0.wp.com\/eltecolote.org\/content\/wp-content\/uploads\/2014\/04\/Death-Row_02.jpg?resize=360%2C234&#038;quality=89&#038;ssl=1\" alt=\"Ramiro Hern\u00e1ndez Llamas fue ejecutado el 9 de abril de 2014. Ramiro Hernandez Llamas was executed on April 9-, 2014. Photo Courtesy  vanguardia.com.mx\" width=\"360\" height=\"234\" srcset=\"https:\/\/i0.wp.com\/eltecolote.org\/content\/wp-content\/uploads\/2014\/04\/Death-Row_02.jpg?resize=360%2C234&amp;quality=89&amp;ssl=1 360w, https:\/\/i0.wp.com\/eltecolote.org\/content\/wp-content\/uploads\/2014\/04\/Death-Row_02.jpg?resize=600%2C390&amp;quality=89&amp;ssl=1 600w, https:\/\/i0.wp.com\/eltecolote.org\/content\/wp-content\/uploads\/2014\/04\/Death-Row_02.jpg?w=720&amp;quality=89&amp;ssl=1 720w\" sizes=\"auto, (max-width: 360px) 100vw, 360px\" \/><\/a><figcaption id=\"caption-attachment-23971\" class=\"wp-caption-text\">Ramiro Hern\u00e1ndez Llamas fue ejecutado el 9 de abril de 2014. Foto Courtesy vanguardia.com.mx<\/figcaption><\/figure>\n<p>Este 9 de abril a las 16:00 PT, el mexicano Ramiro Hern\u00e1ndez Llanas recibi\u00f3 la inyecci\u00f3n letal en la c\u00e1mara de ejecuciones de Huntsville, Texas.<\/p>\n<p>A sus 44 a\u00f1os de edad y originario de Nuevo Laredo, Tamaulipas, M\u00e9xico, Ramiro Hern\u00e1ndez Llanas lleg\u00f3 a los EEUU nadando por el R\u00edo Bravo en 1997. Encontr\u00f3 trabajo en un rancho en la ciudad de Kerrville, Texas. Glen Lich, quien eventualmente ser\u00eda una de sus v\u00edctimas, le ofreci\u00f3 trabajo como carpintero en el rancho.<\/p>\n<p>Fue la noche del 14 de octubre de 1997 cuando Ramiro Hern\u00e1ndez entr\u00f3 a casa de los Lich y con una varilla golpe\u00f3 a Glen en la cabeza quien cay\u00f3 sin vida al piso. Lera Lich, esposa de Glen, narr\u00f3 los hechos argumentando que despu\u00e9s del ataque a su esposo, Ramiro cogi\u00f3 un cuchillo y la amenaz\u00f3 de muerte luego de violarla al menos cuatro veces.<\/p>\n<p>En febrero de 2000, Ramiro fue sentenciado a pena de muerte, sin embargo tuvieron que pasar 17 a\u00f1os de larga espera para que se le pudiera aplicar la inyecci\u00f3n letal.<br \/>\nLos abogados de Ramiro adujeron que su cliente ten\u00eda retraso mental por lo que no podr\u00eda ser ejecutado. La Corte de Texas explic\u00f3 que el retraso mental deb\u00eda probarse expresamente ya sea con muestras de funcionamiento intelectual por debajo de la media o con importantes limitaciones en habilidades como la comunicaci\u00f3n y el autocuidado manifiestas antes de los 18 a\u00f1os.<\/p>\n<p>Este hecho levant\u00f3 mucha pol\u00e9mica la cu\u00e1l llev\u00f3 a las abogadas Naomi Terr y Sheri Johnson a expresar que \u201cel proceso de clemencia de Texas es una farsa y \u00fanicamente se burla del concepto de misericordia en la cual se supone que se basa la junta\u201d.<\/p>\n","protected":false},"excerpt":{"rendered":"<p>Este 9 de abril a las 16:00 PT, el mexicano Ramiro Hern\u00e1ndez Llanas recibi\u00f3 la inyecci\u00f3n letal en la c\u00e1mara de ejecuciones de Huntsville, Texas.<\/p>\n","protected":false},"author":35,"featured_media":0,"comment_status":"open","ping_status":"closed","sticky":false,"template":"","format":"standard","meta":{"newspack_popups_has_disabled_popups":false,"newspack_featured_image_position":"","newspack_post_subtitle":"","newspack_article_summary_title":"Overview:","newspack_article_summary":"","newspack_hide_updated_date":false,"newspack_show_updated_date":false,"footnotes":""},"categories":[3519],"tags":[440,3075,170],"coauthors":[],"class_list":["post-23970","post","type-post","status-publish","format-standard","hentry","category-noticias","tag-mexico","tag-ramiro-hernandez-llanas","tag-texas","entry"],"yoast_head":"<!-- This site is optimized with the Yoast SEO plugin v27.5 - https:\/\/yoast.com\/product\/yoast-seo-wordpress\/ -->\n<title>Ejecutan a preso inmigrante en Texas - El Tecolote<\/title>\n<meta name=\"description\" content=\"Este 9 de abril a las 16:00 PT, el mexicano Ramiro Hern\u00e1ndez Llanas recibi\u00f3 la inyecci\u00f3n letal en la c\u00e1mara de ejecuciones de Huntsville, Texas.\" \/>\n<meta name=\"robots\" content=\"index, follow, max-snippet:-1, max-image-preview:large, max-video-preview:-1\" \/>\n<link rel=\"canonical\" href=\"https:\/\/eltecolote.org\/content\/es\/ejecutan-a-preso-inmigrante-en-texas\/\" \/>\n<meta property=\"og:locale\" content=\"en_US\" \/>\n<meta property=\"og:type\" content=\"article\" \/>\n<meta property=\"og:title\" content=\"Ejecutan a preso inmigrante en Texas - El Tecolote\" \/>\n<meta property=\"og:description\" content=\"Este 9 de abril a las 16:00 PT, el mexicano Ramiro Hern\u00e1ndez Llanas recibi\u00f3 la inyecci\u00f3n letal en la c\u00e1mara de ejecuciones de Huntsville, Texas.\" \/>\n<meta property=\"og:url\" content=\"https:\/\/eltecolote.org\/content\/es\/ejecutan-a-preso-inmigrante-en-texas\/\" \/>\n<meta property=\"og:site_name\" content=\"El Tecolote\" \/>\n<meta property=\"article:publisher\" content=\"https:\/\/www.facebook.com\/ElTecoloteSF\/\" \/>\n<meta property=\"article:published_time\" content=\"2014-04-10T15:35:37+00:00\" \/>\n<meta property=\"article:modified_time\" content=\"2015-01-08T19:25:52+00:00\" \/>\n<meta property=\"og:image\" content=\"http:\/\/eltecolote.org\/content\/wp-content\/uploads\/2014\/04\/Death-Row_02-360x234.jpg\" \/>\n<meta name=\"author\" content=\"El Tecolote Staff\" \/>\n<meta name=\"twitter:card\" content=\"summary_large_image\" \/>\n<meta name=\"twitter:creator\" content=\"@eltecolotesf\" \/>\n<meta name=\"twitter:site\" content=\"@eltecolotesf\" \/>\n<meta name=\"twitter:label1\" content=\"Written by\" \/>\n\t<meta name=\"twitter:data1\" content=\"El Tecolote Staff\" \/>\n\t<meta name=\"twitter:label2\" content=\"Est. reading time\" \/>\n\t<meta name=\"twitter:data2\" content=\"2 minutes\" \/>\n<script type=\"application\/ld+json\" class=\"yoast-schema-graph\">{\"@context\":\"https:\\\/\\\/schema.org\",\"@graph\":[{\"@type\":\"NewsArticle\",\"@id\":\"https:\\\/\\\/eltecolote.org\\\/content\\\/es\\\/ejecutan-a-preso-inmigrante-en-texas\\\/#article\",\"isPartOf\":{\"@id\":\"https:\\\/\\\/eltecolote.org\\\/content\\\/es\\\/ejecutan-a-preso-inmigrante-en-texas\\\/\"},\"author\":{\"name\":\"El Tecolote Staff\",\"@id\":\"https:\\\/\\\/eltecolote.org\\\/content\\\/#\\\/schema\\\/person\\\/08828d10185eba96895a8363a269410e\"},\"headline\":\"Ejecutan a preso inmigrante en Texas\",\"datePublished\":\"2014-04-10T15:35:37+00:00\",\"dateModified\":\"2015-01-08T19:25:52+00:00\",\"mainEntityOfPage\":{\"@id\":\"https:\\\/\\\/eltecolote.org\\\/content\\\/es\\\/ejecutan-a-preso-inmigrante-en-texas\\\/\"},\"wordCount\":321,\"commentCount\":0,\"publisher\":{\"@id\":\"https:\\\/\\\/eltecolote.org\\\/content\\\/#organization\"},\"image\":{\"@id\":\"https:\\\/\\\/eltecolote.org\\\/content\\\/es\\\/ejecutan-a-preso-inmigrante-en-texas\\\/#primaryimage\"},\"thumbnailUrl\":\"http:\\\/\\\/eltecolote.org\\\/content\\\/wp-content\\\/uploads\\\/2014\\\/04\\\/Death-Row_02-360x234.jpg\",\"keywords\":[\"Mexico\",\"Ramiro Hern\u00e1ndez Llanas\",\"Texas\"],\"articleSection\":[\"Noticias\"],\"inLanguage\":\"en\",\"potentialAction\":[{\"@type\":\"CommentAction\",\"name\":\"Comment\",\"target\":[\"https:\\\/\\\/eltecolote.org\\\/content\\\/es\\\/ejecutan-a-preso-inmigrante-en-texas\\\/#respond\"]}]},{\"@type\":\"WebPage\",\"@id\":\"https:\\\/\\\/eltecolote.org\\\/content\\\/es\\\/ejecutan-a-preso-inmigrante-en-texas\\\/\",\"url\":\"https:\\\/\\\/eltecolote.org\\\/content\\\/es\\\/ejecutan-a-preso-inmigrante-en-texas\\\/\",\"name\":\"Ejecutan a preso inmigrante en Texas - El Tecolote\",\"isPartOf\":{\"@id\":\"https:\\\/\\\/eltecolote.org\\\/content\\\/#website\"},\"primaryImageOfPage\":{\"@id\":\"https:\\\/\\\/eltecolote.org\\\/content\\\/es\\\/ejecutan-a-preso-inmigrante-en-texas\\\/#primaryimage\"},\"image\":{\"@id\":\"https:\\\/\\\/eltecolote.org\\\/content\\\/es\\\/ejecutan-a-preso-inmigrante-en-texas\\\/#primaryimage\"},\"thumbnailUrl\":\"http:\\\/\\\/eltecolote.org\\\/content\\\/wp-content\\\/uploads\\\/2014\\\/04\\\/Death-Row_02-360x234.jpg\",\"datePublished\":\"2014-04-10T15:35:37+00:00\",\"dateModified\":\"2015-01-08T19:25:52+00:00\",\"description\":\"Este 9 de abril a las 16:00 PT, el mexicano Ramiro Hern\u00e1ndez Llanas recibi\u00f3 la inyecci\u00f3n letal en la c\u00e1mara de ejecuciones de Huntsville, Texas.\",\"inLanguage\":\"en\",\"potentialAction\":[{\"@type\":\"ReadAction\",\"target\":[\"https:\\\/\\\/eltecolote.org\\\/content\\\/es\\\/ejecutan-a-preso-inmigrante-en-texas\\\/\"]}]},{\"@type\":\"ImageObject\",\"inLanguage\":\"en\",\"@id\":\"https:\\\/\\\/eltecolote.org\\\/content\\\/es\\\/ejecutan-a-preso-inmigrante-en-texas\\\/#primaryimage\",\"url\":\"http:\\\/\\\/eltecolote.org\\\/content\\\/wp-content\\\/uploads\\\/2014\\\/04\\\/Death-Row_02-360x234.jpg\",\"contentUrl\":\"http:\\\/\\\/eltecolote.org\\\/content\\\/wp-content\\\/uploads\\\/2014\\\/04\\\/Death-Row_02-360x234.jpg\"},{\"@type\":\"WebSite\",\"@id\":\"https:\\\/\\\/eltecolote.org\\\/content\\\/#website\",\"url\":\"https:\\\/\\\/eltecolote.org\\\/content\\\/\",\"name\":\"El Tecolote\",\"description\":\"San Francisco's Latinx newspaper since 1970\",\"publisher\":{\"@id\":\"https:\\\/\\\/eltecolote.org\\\/content\\\/#organization\"},\"potentialAction\":[{\"@type\":\"SearchAction\",\"target\":{\"@type\":\"EntryPoint\",\"urlTemplate\":\"https:\\\/\\\/eltecolote.org\\\/content\\\/?s={search_term_string}\"},\"query-input\":{\"@type\":\"PropertyValueSpecification\",\"valueRequired\":true,\"valueName\":\"search_term_string\"}}],\"inLanguage\":\"en\"},{\"@type\":\"Organization\",\"@id\":\"https:\\\/\\\/eltecolote.org\\\/content\\\/#organization\",\"name\":\"El Tecolote\",\"url\":\"https:\\\/\\\/eltecolote.org\\\/content\\\/\",\"logo\":{\"@type\":\"ImageObject\",\"inLanguage\":\"en\",\"@id\":\"https:\\\/\\\/eltecolote.org\\\/content\\\/#\\\/schema\\\/logo\\\/image\\\/\",\"url\":\"https:\\\/\\\/i0.wp.com\\\/eltecolote.org\\\/content\\\/wp-content\\\/uploads\\\/2021\\\/05\\\/ETlogo-1.jpg?fit=400%2C400&ssl=1\",\"contentUrl\":\"https:\\\/\\\/i0.wp.com\\\/eltecolote.org\\\/content\\\/wp-content\\\/uploads\\\/2021\\\/05\\\/ETlogo-1.jpg?fit=400%2C400&ssl=1\",\"width\":400,\"height\":400,\"caption\":\"El Tecolote\"},\"image\":{\"@id\":\"https:\\\/\\\/eltecolote.org\\\/content\\\/#\\\/schema\\\/logo\\\/image\\\/\"},\"sameAs\":[\"https:\\\/\\\/www.facebook.com\\\/ElTecoloteSF\\\/\",\"https:\\\/\\\/x.com\\\/eltecolotesf\",\"https:\\\/\\\/www.instagram.com\\\/eltecolotesf\\\/\"]},{\"@type\":\"Person\",\"@id\":\"https:\\\/\\\/eltecolote.org\\\/content\\\/#\\\/schema\\\/person\\\/08828d10185eba96895a8363a269410e\",\"name\":\"El Tecolote Staff\",\"image\":{\"@type\":\"ImageObject\",\"inLanguage\":\"en\",\"@id\":\"https:\\\/\\\/secure.gravatar.com\\\/avatar\\\/9534c92c8c908364e186a64d93efc86f62367109d1b07a3454facde655968589?s=96&d=mm&r=g6afcb607783e095e4cf6be807353924d\",\"url\":\"https:\\\/\\\/secure.gravatar.com\\\/avatar\\\/9534c92c8c908364e186a64d93efc86f62367109d1b07a3454facde655968589?s=96&d=mm&r=g\",\"contentUrl\":\"https:\\\/\\\/secure.gravatar.com\\\/avatar\\\/9534c92c8c908364e186a64d93efc86f62367109d1b07a3454facde655968589?s=96&d=mm&r=g\",\"caption\":\"El Tecolote Staff\"},\"url\":\"https:\\\/\\\/eltecolote.org\\\/content\\\/author\\\/web-editor\\\/\"}]}<\/script>\n<!-- \/ Yoast SEO plugin. -->","yoast_head_json":{"title":"Ejecutan a preso inmigrante en Texas - El Tecolote","description":"Este 9 de abril a las 16:00 PT, el mexicano Ramiro Hern\u00e1ndez Llanas recibi\u00f3 la inyecci\u00f3n letal en la c\u00e1mara de ejecuciones de Huntsville, Texas.","robots":{"index":"index","follow":"follow","max-snippet":"max-snippet:-1","max-image-preview":"max-image-preview:large","max-video-preview":"max-video-preview:-1"},"canonical":"https:\/\/eltecolote.org\/content\/es\/ejecutan-a-preso-inmigrante-en-texas\/","og_locale":"en_US","og_type":"article","og_title":"Ejecutan a preso inmigrante en Texas - El Tecolote","og_description":"Este 9 de abril a las 16:00 PT, el mexicano Ramiro Hern\u00e1ndez Llanas recibi\u00f3 la inyecci\u00f3n letal en la c\u00e1mara de ejecuciones de Huntsville, Texas.","og_url":"https:\/\/eltecolote.org\/content\/es\/ejecutan-a-preso-inmigrante-en-texas\/","og_site_name":"El Tecolote","article_publisher":"https:\/\/www.facebook.com\/ElTecoloteSF\/","article_published_time":"2014-04-10T15:35:37+00:00","article_modified_time":"2015-01-08T19:25:52+00:00","og_image":[{"url":"http:\/\/eltecolote.org\/content\/wp-content\/uploads\/2014\/04\/Death-Row_02-360x234.jpg","type":"","width":"","height":""}],"author":"El Tecolote Staff","twitter_card":"summary_large_image","twitter_creator":"@eltecolotesf","twitter_site":"@eltecolotesf","twitter_misc":{"Written by":"El Tecolote Staff","Est. reading time":"2 minutes"},"schema":{"@context":"https:\/\/schema.org","@graph":[{"@type":"NewsArticle","@id":"https:\/\/eltecolote.org\/content\/es\/ejecutan-a-preso-inmigrante-en-texas\/#article","isPartOf":{"@id":"https:\/\/eltecolote.org\/content\/es\/ejecutan-a-preso-inmigrante-en-texas\/"},"author":{"name":"El Tecolote Staff","@id":"https:\/\/eltecolote.org\/content\/#\/schema\/person\/08828d10185eba96895a8363a269410e"},"headline":"Ejecutan a preso inmigrante en Texas","datePublished":"2014-04-10T15:35:37+00:00","dateModified":"2015-01-08T19:25:52+00:00","mainEntityOfPage":{"@id":"https:\/\/eltecolote.org\/content\/es\/ejecutan-a-preso-inmigrante-en-texas\/"},"wordCount":321,"commentCount":0,"publisher":{"@id":"https:\/\/eltecolote.org\/content\/#organization"},"image":{"@id":"https:\/\/eltecolote.org\/content\/es\/ejecutan-a-preso-inmigrante-en-texas\/#primaryimage"},"thumbnailUrl":"http:\/\/eltecolote.org\/content\/wp-content\/uploads\/2014\/04\/Death-Row_02-360x234.jpg","keywords":["Mexico","Ramiro Hern\u00e1ndez Llanas","Texas"],"articleSection":["Noticias"],"inLanguage":"en","potentialAction":[{"@type":"CommentAction","name":"Comment","target":["https:\/\/eltecolote.org\/content\/es\/ejecutan-a-preso-inmigrante-en-texas\/#respond"]}]},{"@type":"WebPage","@id":"https:\/\/eltecolote.org\/content\/es\/ejecutan-a-preso-inmigrante-en-texas\/","url":"https:\/\/eltecolote.org\/content\/es\/ejecutan-a-preso-inmigrante-en-texas\/","name":"Ejecutan a preso inmigrante en Texas - El Tecolote","isPartOf":{"@id":"https:\/\/eltecolote.org\/content\/#website"},"primaryImageOfPage":{"@id":"https:\/\/eltecolote.org\/content\/es\/ejecutan-a-preso-inmigrante-en-texas\/#primaryimage"},"image":{"@id":"https:\/\/eltecolote.org\/content\/es\/ejecutan-a-preso-inmigrante-en-texas\/#primaryimage"},"thumbnailUrl":"http:\/\/eltecolote.org\/content\/wp-content\/uploads\/2014\/04\/Death-Row_02-360x234.jpg","datePublished":"2014-04-10T15:35:37+00:00","dateModified":"2015-01-08T19:25:52+00:00","description":"Este 9 de abril a las 16:00 PT, el mexicano Ramiro Hern\u00e1ndez Llanas recibi\u00f3 la inyecci\u00f3n letal en la c\u00e1mara de ejecuciones de Huntsville, Texas.","inLanguage":"en","potentialAction":[{"@type":"ReadAction","target":["https:\/\/eltecolote.org\/content\/es\/ejecutan-a-preso-inmigrante-en-texas\/"]}]},{"@type":"ImageObject","inLanguage":"en","@id":"https:\/\/eltecolote.org\/content\/es\/ejecutan-a-preso-inmigrante-en-texas\/#primaryimage","url":"http:\/\/eltecolote.org\/content\/wp-content\/uploads\/2014\/04\/Death-Row_02-360x234.jpg","contentUrl":"http:\/\/eltecolote.org\/content\/wp-content\/uploads\/2014\/04\/Death-Row_02-360x234.jpg"},{"@type":"WebSite","@id":"https:\/\/eltecolote.org\/content\/#website","url":"https:\/\/eltecolote.org\/content\/","name":"El Tecolote","description":"San Francisco's Latinx newspaper since 1970","publisher":{"@id":"https:\/\/eltecolote.org\/content\/#organization"},"potentialAction":[{"@type":"SearchAction","target":{"@type":"EntryPoint","urlTemplate":"https:\/\/eltecolote.org\/content\/?s={search_term_string}"},"query-input":{"@type":"PropertyValueSpecification","valueRequired":true,"valueName":"search_term_string"}}],"inLanguage":"en"},{"@type":"Organization","@id":"https:\/\/eltecolote.org\/content\/#organization","name":"El Tecolote","url":"https:\/\/eltecolote.org\/content\/","logo":{"@type":"ImageObject","inLanguage":"en","@id":"https:\/\/eltecolote.org\/content\/#\/schema\/logo\/image\/","url":"https:\/\/i0.wp.com\/eltecolote.org\/content\/wp-content\/uploads\/2021\/05\/ETlogo-1.jpg?fit=400%2C400&ssl=1","contentUrl":"https:\/\/i0.wp.com\/eltecolote.org\/content\/wp-content\/uploads\/2021\/05\/ETlogo-1.jpg?fit=400%2C400&ssl=1","width":400,"height":400,"caption":"El Tecolote"},"image":{"@id":"https:\/\/eltecolote.org\/content\/#\/schema\/logo\/image\/"},"sameAs":["https:\/\/www.facebook.com\/ElTecoloteSF\/","https:\/\/x.com\/eltecolotesf","https:\/\/www.instagram.com\/eltecolotesf\/"]},{"@type":"Person","@id":"https:\/\/eltecolote.org\/content\/#\/schema\/person\/08828d10185eba96895a8363a269410e","name":"El Tecolote Staff","image":{"@type":"ImageObject","inLanguage":"en","@id":"https:\/\/secure.gravatar.com\/avatar\/9534c92c8c908364e186a64d93efc86f62367109d1b07a3454facde655968589?s=96&d=mm&r=g6afcb607783e095e4cf6be807353924d","url":"https:\/\/secure.gravatar.com\/avatar\/9534c92c8c908364e186a64d93efc86f62367109d1b07a3454facde655968589?s=96&d=mm&r=g","contentUrl":"https:\/\/secure.gravatar.com\/avatar\/9534c92c8c908364e186a64d93efc86f62367109d1b07a3454facde655968589?s=96&d=mm&r=g","caption":"El Tecolote Staff"},"url":"https:\/\/eltecolote.org\/content\/author\/web-editor\/"}]}},"distributor_meta":false,"distributor_terms":false,"distributor_media":false,"distributor_original_site_name":"El Tecolote","distributor_original_site_url":"https:\/\/eltecolote.org\/content","push-errors":false,"_links":{"self":[{"href":"https:\/\/eltecolote.org\/content\/wp-json\/wp\/v2\/posts\/23970","targetHints":{"allow":["GET"]}}],"collection":[{"href":"https:\/\/eltecolote.org\/content\/wp-json\/wp\/v2\/posts"}],"about":[{"href":"https:\/\/eltecolote.org\/content\/wp-json\/wp\/v2\/types\/post"}],"author":[{"embeddable":true,"href":"https:\/\/eltecolote.org\/content\/wp-json\/wp\/v2\/users\/35"}],"replies":[{"embeddable":true,"href":"https:\/\/eltecolote.org\/content\/wp-json\/wp\/v2\/comments?post=23970"}],"version-history":[{"count":0,"href":"https:\/\/eltecolote.org\/content\/wp-json\/wp\/v2\/posts\/23970\/revisions"}],"wp:attachment":[{"href":"https:\/\/eltecolote.org\/content\/wp-json\/wp\/v2\/media?parent=23970"}],"wp:term":[{"taxonomy":"category","embeddable":true,"href":"https:\/\/eltecolote.org\/content\/wp-json\/wp\/v2\/categories?post=23970"},{"taxonomy":"post_tag","embeddable":true,"href":"https:\/\/eltecolote.org\/content\/wp-json\/wp\/v2\/tags?post=23970"},{"taxonomy":"author","embeddable":true,"href":"https:\/\/eltecolote.org\/content\/wp-json\/wp\/v2\/coauthors?post=23970"}],"curies":[{"name":"wp","href":"https:\/\/api.w.org\/{rel}","templated":true}]}}