{"id":23938,"date":"2014-04-10T12:21:41","date_gmt":"2014-04-10T19:21:41","guid":{"rendered":"http:\/\/eltecolote.org\/content\/?p=23938"},"modified":"2014-04-25T19:01:09","modified_gmt":"2014-04-26T02:01:09","slug":"documentary-chronicles-death-of-chicano-journalist","status":"publish","type":"post","link":"https:\/\/eltecolote.org\/content\/en\/documentary-chronicles-death-of-chicano-journalist\/","title":{"rendered":"Documentary chronicles death of Chicano journalist"},"content":{"rendered":"<p><a href=\"https:\/\/i0.wp.com\/eltecolote.org\/content\/wp-content\/uploads\/2014\/04\/Ruben-Salazar_01web.jpg?quality=89&#038;ssl=1\"><img data-recalc-dims=\"1\" loading=\"lazy\" decoding=\"async\" class=\"aligncenter size-large wp-image-23939\" alt=\"Ruben Salazar_01web\" src=\"https:\/\/i0.wp.com\/eltecolote.org\/content\/wp-content\/uploads\/2014\/04\/Ruben-Salazar_01web.jpg?resize=392%2C480&#038;quality=89&#038;ssl=1\" width=\"392\" height=\"480\" srcset=\"https:\/\/i0.wp.com\/eltecolote.org\/content\/wp-content\/uploads\/2014\/04\/Ruben-Salazar_01web.jpg?resize=392%2C480&amp;quality=89&amp;ssl=1 392w, https:\/\/i0.wp.com\/eltecolote.org\/content\/wp-content\/uploads\/2014\/04\/Ruben-Salazar_01web.jpg?resize=600%2C734&amp;quality=89&amp;ssl=1 600w, https:\/\/i0.wp.com\/eltecolote.org\/content\/wp-content\/uploads\/2014\/04\/Ruben-Salazar_01web.jpg?resize=204%2C250&amp;quality=89&amp;ssl=1 204w, https:\/\/i0.wp.com\/eltecolote.org\/content\/wp-content\/uploads\/2014\/04\/Ruben-Salazar_01web.jpg?w=800&amp;quality=89&amp;ssl=1 800w\" sizes=\"auto, (max-width: 392px) 100vw, 392px\" \/><\/a><\/p>\n<p>It certainly took a lot for Cesar Ch\u00e1vez to finally garner the recognition he deserved in this country. But the fact that Rub\u00e9n Salazar, a contemporary of Ch\u00e1vez, remains largely unknown outside university Raza Studies programs attests to just how far we still have to go before non-Anglo Americans\u2019 experiences are finally truly integrated into our collective historical consciousness.<\/p>\n<p>Rub\u00e9n Salazar: Man in the Middle, a new documentary premiering in San Francisco thanks to the efforts of a collective of local Latino cinephiles Colectivo Cinema Errante, takes an important step in the right direction.<\/p>\n<p>Salazar was a prominent journalist who had been reporting on rampant and unfettered police brutality against Latinos in Los Angeles when he was killed by a pointed, 10-inch tear gas canister\u2014capable of piercing 7-inch plywood from a distance of 100 yards\u2014that was fired at his head by an L.A. County Sheriff\u2019s deputy.<\/p>\n<p>It was Aug. 29, 1970, the day of the National Chicano Moratorium march, the largest demonstration in L.A.\u2019s history, during which tens of thousands of Mexican Americans turned out to protest the disproportionately high rates of Vietnam War casualties in their communities.<\/p>\n<p>Born in Ju\u00e1rez in 1928 and raised in El Paso, Salazar became the only Mexican-American reporter in the Los Angeles Times\u2019 100-plus-strong newsroom. By the late 1960s, he had his own column at the paper, served as news director for Spanish-language KMEX-TV, and had become an important chronicler of the burgeoning Chicano movement.<\/p>\n<p>L.A. cops had warned him several times in the weeks preceding his untimely death to \u201cstop stirring up the Mexicans\u201d with his coverage of police violence, frame-ups and extra-judicial killings of Latinos. On that fateful day, Salazar had been covering the Moratorium and was walking down Whittier Blvd. with KMEX reporter Guillermo Restrepo when he noticed they were being followed. They ducked into the Silver Dollar Bar, ordered a beer, and the next thing you know, sheriff\u2019s deputies had blocked the entrance, refused to allow anyone in or out, and then fired teargas into the establishment. Salazar never made it out alive.<\/p>\n<p>Documentary producer and director Phillip Rodriguez used stock film footage, old photographs and interviews with Salazar colleagues, family, friends and other key personalities to reconstruct the story of Rub\u00e9n Salazar.<\/p>\n<p>With the help of the Mexican American Legal Defense and Education Fund (MALDEF), Rodriguez sued the L.A. Sheriff\u2019s Department and the U.S. Department of Justice, and was able to obtain copies, for the first time, of documentary evidence from the L.A. Sheriff\u2019s internal investigation into Salazar\u2019s death, much of which appears in the film alongside photos from independent movimiento journalists from La Raza newspaper.<\/p>\n<p>But Rodriguez\u2019 film is not only about Salazar\u2019s journalistic legacy and his suspicious death. It is also the story of one Mexican American man\u2019s evolution from assimilationist to Chicano that parallels the coming-of-age of a new identity forged from the specific historical experience of a people who have straddled the border between Mexican and American and become something more.<\/p>\n<p><i>Rub\u00e9n Salazar: Man in the Middle has been picked up by PBS, but San Francisco audiences will have the opportunity to see it first, on the big screen, on Saturday, April 26\u00a0 at 7 p.m., at the Roxie Theatre, 3117 16th Street, San Francisco. A panel discussion will follow the screening. More info: <a href=\"https:\/\/www.facebook.com\/events\/1391268124482903\/\">https:\/\/www.facebook.com\/events\/1391268124482903\/<\/a> (415) 863-1087. $10.<\/i><\/p>\n","protected":false},"excerpt":{"rendered":"<p>Rub\u00e9n Salazar was a prominent journalist who had been reporting on rampant and unfettered police brutality against Latinos in Los Angeles when he was killed by a pointed, 10-inch tear gas canister\u2014capable of piercing 7-inch plywood from a distance of 100 yards\u2014that was fired at his head by an L.A. County Sheriff\u2019s deputy.<\/p>\n","protected":false},"author":35,"featured_media":23941,"comment_status":"open","ping_status":"closed","sticky":false,"template":"","format":"standard","meta":{"newspack_popups_has_disabled_popups":false,"newspack_featured_image_position":"","newspack_post_subtitle":"","newspack_article_summary_title":"Overview:","newspack_article_summary":"","newspack_hide_updated_date":false,"newspack_show_updated_date":false,"footnotes":""},"categories":[3929],"tags":[1571,3049,656,2070],"coauthors":[],"class_list":["post-23938","post","type-post","status-publish","format-standard","has-post-thumbnail","hentry","category-news-en","tag-colectivo-cinema-errante","tag-philip-rodriguez","tag-ruben-salazar","tag-ruben-salazar-the-man-in-the-middle","entry"],"yoast_head":"<!-- This site is optimized with the Yoast SEO plugin v27.5 - https:\/\/yoast.com\/product\/yoast-seo-wordpress\/ -->\n<title>Documentary chronicles death of Chicano journalist - El Tecolote<\/title>\n<meta name=\"description\" content=\"Rub\u00e9n Salazar was a prominent journalist who had been reporting on rampant and unfettered police brutality against Latinos in Los Angeles when he was killed by a pointed, 10-inch tear gas canister\u2014capable of piercing 7-inch plywood from a distance of 100 yards\u2014that was fired at his head by an L.A. County Sheriff\u2019s deputy.\" \/>\n<meta name=\"robots\" content=\"index, follow, max-snippet:-1, max-image-preview:large, max-video-preview:-1\" \/>\n<link rel=\"canonical\" href=\"https:\/\/eltecolote.org\/content\/en\/documentary-chronicles-death-of-chicano-journalist\/\" \/>\n<meta property=\"og:locale\" content=\"en_US\" \/>\n<meta property=\"og:type\" content=\"article\" \/>\n<meta property=\"og:title\" content=\"Documentary chronicles death of Chicano journalist - El Tecolote\" \/>\n<meta property=\"og:description\" content=\"Rub\u00e9n Salazar was a prominent journalist who had been reporting on rampant and unfettered police brutality against Latinos in Los Angeles when he was killed by a pointed, 10-inch tear gas canister\u2014capable of piercing 7-inch plywood from a distance of 100 yards\u2014that was fired at his head by an L.A. County Sheriff\u2019s deputy.\" \/>\n<meta property=\"og:url\" content=\"https:\/\/eltecolote.org\/content\/en\/documentary-chronicles-death-of-chicano-journalist\/\" \/>\n<meta property=\"og:site_name\" content=\"El Tecolote\" \/>\n<meta property=\"article:publisher\" content=\"https:\/\/www.facebook.com\/ElTecoloteSF\/\" \/>\n<meta property=\"article:published_time\" content=\"2014-04-10T19:21:41+00:00\" \/>\n<meta property=\"article:modified_time\" content=\"2014-04-26T02:01:09+00:00\" \/>\n<meta property=\"og:image\" content=\"https:\/\/i0.wp.com\/eltecolote.org\/content\/wp-content\/uploads\/2014\/04\/salazarBanner.jpg?fit=694%2C310&ssl=1\" \/>\n\t<meta property=\"og:image:width\" content=\"694\" \/>\n\t<meta property=\"og:image:height\" content=\"310\" \/>\n\t<meta property=\"og:image:type\" content=\"image\/jpeg\" \/>\n<meta name=\"author\" content=\"El Tecolote Staff\" \/>\n<meta name=\"twitter:card\" content=\"summary_large_image\" \/>\n<meta name=\"twitter:creator\" content=\"@eltecolotesf\" \/>\n<meta name=\"twitter:site\" content=\"@eltecolotesf\" \/>\n<meta name=\"twitter:label1\" content=\"Written by\" \/>\n\t<meta name=\"twitter:data1\" content=\"El Tecolote Staff\" \/>\n\t<meta name=\"twitter:label2\" content=\"Est. reading time\" \/>\n\t<meta name=\"twitter:data2\" content=\"3 minutes\" \/>\n<script type=\"application\/ld+json\" class=\"yoast-schema-graph\">{\"@context\":\"https:\\\/\\\/schema.org\",\"@graph\":[{\"@type\":\"NewsArticle\",\"@id\":\"https:\\\/\\\/eltecolote.org\\\/content\\\/en\\\/documentary-chronicles-death-of-chicano-journalist\\\/#article\",\"isPartOf\":{\"@id\":\"https:\\\/\\\/eltecolote.org\\\/content\\\/en\\\/documentary-chronicles-death-of-chicano-journalist\\\/\"},\"author\":{\"name\":\"El Tecolote Staff\",\"@id\":\"https:\\\/\\\/eltecolote.org\\\/content\\\/#\\\/schema\\\/person\\\/08828d10185eba96895a8363a269410e\"},\"headline\":\"Documentary chronicles death of Chicano journalist\",\"datePublished\":\"2014-04-10T19:21:41+00:00\",\"dateModified\":\"2014-04-26T02:01:09+00:00\",\"mainEntityOfPage\":{\"@id\":\"https:\\\/\\\/eltecolote.org\\\/content\\\/en\\\/documentary-chronicles-death-of-chicano-journalist\\\/\"},\"wordCount\":578,\"commentCount\":1,\"publisher\":{\"@id\":\"https:\\\/\\\/eltecolote.org\\\/content\\\/#organization\"},\"image\":{\"@id\":\"https:\\\/\\\/eltecolote.org\\\/content\\\/en\\\/documentary-chronicles-death-of-chicano-journalist\\\/#primaryimage\"},\"thumbnailUrl\":\"https:\\\/\\\/i0.wp.com\\\/eltecolote.org\\\/content\\\/wp-content\\\/uploads\\\/2014\\\/04\\\/salazarBanner.jpg?fit=694%2C310&quality=89&ssl=1\",\"keywords\":[\"Colectivo Cinema Errante\",\"Philip Rodriguez\",\"Ruben Salazar\",\"Ruben Salazar: The Man in the Middle\"],\"articleSection\":[\"News\"],\"inLanguage\":\"en\",\"potentialAction\":[{\"@type\":\"CommentAction\",\"name\":\"Comment\",\"target\":[\"https:\\\/\\\/eltecolote.org\\\/content\\\/en\\\/documentary-chronicles-death-of-chicano-journalist\\\/#respond\"]}]},{\"@type\":\"WebPage\",\"@id\":\"https:\\\/\\\/eltecolote.org\\\/content\\\/en\\\/documentary-chronicles-death-of-chicano-journalist\\\/\",\"url\":\"https:\\\/\\\/eltecolote.org\\\/content\\\/en\\\/documentary-chronicles-death-of-chicano-journalist\\\/\",\"name\":\"Documentary chronicles death of Chicano journalist - El Tecolote\",\"isPartOf\":{\"@id\":\"https:\\\/\\\/eltecolote.org\\\/content\\\/#website\"},\"primaryImageOfPage\":{\"@id\":\"https:\\\/\\\/eltecolote.org\\\/content\\\/en\\\/documentary-chronicles-death-of-chicano-journalist\\\/#primaryimage\"},\"image\":{\"@id\":\"https:\\\/\\\/eltecolote.org\\\/content\\\/en\\\/documentary-chronicles-death-of-chicano-journalist\\\/#primaryimage\"},\"thumbnailUrl\":\"https:\\\/\\\/i0.wp.com\\\/eltecolote.org\\\/content\\\/wp-content\\\/uploads\\\/2014\\\/04\\\/salazarBanner.jpg?fit=694%2C310&quality=89&ssl=1\",\"datePublished\":\"2014-04-10T19:21:41+00:00\",\"dateModified\":\"2014-04-26T02:01:09+00:00\",\"description\":\"Rub\u00e9n Salazar was a prominent journalist who had been reporting on rampant and unfettered police brutality against Latinos in Los Angeles when he was killed by a pointed, 10-inch tear gas canister\u2014capable of piercing 7-inch plywood from a distance of 100 yards\u2014that was fired at his head by an L.A. County Sheriff\u2019s deputy.\",\"inLanguage\":\"en\",\"potentialAction\":[{\"@type\":\"ReadAction\",\"target\":[\"https:\\\/\\\/eltecolote.org\\\/content\\\/en\\\/documentary-chronicles-death-of-chicano-journalist\\\/\"]}]},{\"@type\":\"ImageObject\",\"inLanguage\":\"en\",\"@id\":\"https:\\\/\\\/eltecolote.org\\\/content\\\/en\\\/documentary-chronicles-death-of-chicano-journalist\\\/#primaryimage\",\"url\":\"https:\\\/\\\/i0.wp.com\\\/eltecolote.org\\\/content\\\/wp-content\\\/uploads\\\/2014\\\/04\\\/salazarBanner.jpg?fit=694%2C310&quality=89&ssl=1\",\"contentUrl\":\"https:\\\/\\\/i0.wp.com\\\/eltecolote.org\\\/content\\\/wp-content\\\/uploads\\\/2014\\\/04\\\/salazarBanner.jpg?fit=694%2C310&quality=89&ssl=1\",\"width\":694,\"height\":310},{\"@type\":\"WebSite\",\"@id\":\"https:\\\/\\\/eltecolote.org\\\/content\\\/#website\",\"url\":\"https:\\\/\\\/eltecolote.org\\\/content\\\/\",\"name\":\"El Tecolote\",\"description\":\"San Francisco's Latinx newspaper since 1970\",\"publisher\":{\"@id\":\"https:\\\/\\\/eltecolote.org\\\/content\\\/#organization\"},\"potentialAction\":[{\"@type\":\"SearchAction\",\"target\":{\"@type\":\"EntryPoint\",\"urlTemplate\":\"https:\\\/\\\/eltecolote.org\\\/content\\\/?s={search_term_string}\"},\"query-input\":{\"@type\":\"PropertyValueSpecification\",\"valueRequired\":true,\"valueName\":\"search_term_string\"}}],\"inLanguage\":\"en\"},{\"@type\":\"Organization\",\"@id\":\"https:\\\/\\\/eltecolote.org\\\/content\\\/#organization\",\"name\":\"El Tecolote\",\"url\":\"https:\\\/\\\/eltecolote.org\\\/content\\\/\",\"logo\":{\"@type\":\"ImageObject\",\"inLanguage\":\"en\",\"@id\":\"https:\\\/\\\/eltecolote.org\\\/content\\\/#\\\/schema\\\/logo\\\/image\\\/\",\"url\":\"https:\\\/\\\/i0.wp.com\\\/eltecolote.org\\\/content\\\/wp-content\\\/uploads\\\/2021\\\/05\\\/ETlogo-1.jpg?fit=400%2C400&ssl=1\",\"contentUrl\":\"https:\\\/\\\/i0.wp.com\\\/eltecolote.org\\\/content\\\/wp-content\\\/uploads\\\/2021\\\/05\\\/ETlogo-1.jpg?fit=400%2C400&ssl=1\",\"width\":400,\"height\":400,\"caption\":\"El Tecolote\"},\"image\":{\"@id\":\"https:\\\/\\\/eltecolote.org\\\/content\\\/#\\\/schema\\\/logo\\\/image\\\/\"},\"sameAs\":[\"https:\\\/\\\/www.facebook.com\\\/ElTecoloteSF\\\/\",\"https:\\\/\\\/x.com\\\/eltecolotesf\",\"https:\\\/\\\/www.instagram.com\\\/eltecolotesf\\\/\"]},{\"@type\":\"Person\",\"@id\":\"https:\\\/\\\/eltecolote.org\\\/content\\\/#\\\/schema\\\/person\\\/08828d10185eba96895a8363a269410e\",\"name\":\"El Tecolote Staff\",\"image\":{\"@type\":\"ImageObject\",\"inLanguage\":\"en\",\"@id\":\"https:\\\/\\\/secure.gravatar.com\\\/avatar\\\/9534c92c8c908364e186a64d93efc86f62367109d1b07a3454facde655968589?s=96&d=mm&r=g6afcb607783e095e4cf6be807353924d\",\"url\":\"https:\\\/\\\/secure.gravatar.com\\\/avatar\\\/9534c92c8c908364e186a64d93efc86f62367109d1b07a3454facde655968589?s=96&d=mm&r=g\",\"contentUrl\":\"https:\\\/\\\/secure.gravatar.com\\\/avatar\\\/9534c92c8c908364e186a64d93efc86f62367109d1b07a3454facde655968589?s=96&d=mm&r=g\",\"caption\":\"El Tecolote Staff\"},\"url\":\"https:\\\/\\\/eltecolote.org\\\/content\\\/author\\\/web-editor\\\/\"}]}<\/script>\n<!-- \/ Yoast SEO plugin. -->","yoast_head_json":{"title":"Documentary chronicles death of Chicano journalist - El Tecolote","description":"Rub\u00e9n Salazar was a prominent journalist who had been reporting on rampant and unfettered police brutality against Latinos in Los Angeles when he was killed by a pointed, 10-inch tear gas canister\u2014capable of piercing 7-inch plywood from a distance of 100 yards\u2014that was fired at his head by an L.A. County Sheriff\u2019s deputy.","robots":{"index":"index","follow":"follow","max-snippet":"max-snippet:-1","max-image-preview":"max-image-preview:large","max-video-preview":"max-video-preview:-1"},"canonical":"https:\/\/eltecolote.org\/content\/en\/documentary-chronicles-death-of-chicano-journalist\/","og_locale":"en_US","og_type":"article","og_title":"Documentary chronicles death of Chicano journalist - El Tecolote","og_description":"Rub\u00e9n Salazar was a prominent journalist who had been reporting on rampant and unfettered police brutality against Latinos in Los Angeles when he was killed by a pointed, 10-inch tear gas canister\u2014capable of piercing 7-inch plywood from a distance of 100 yards\u2014that was fired at his head by an L.A. County Sheriff\u2019s deputy.","og_url":"https:\/\/eltecolote.org\/content\/en\/documentary-chronicles-death-of-chicano-journalist\/","og_site_name":"El Tecolote","article_publisher":"https:\/\/www.facebook.com\/ElTecoloteSF\/","article_published_time":"2014-04-10T19:21:41+00:00","article_modified_time":"2014-04-26T02:01:09+00:00","og_image":[{"width":694,"height":310,"url":"https:\/\/i0.wp.com\/eltecolote.org\/content\/wp-content\/uploads\/2014\/04\/salazarBanner.jpg?fit=694%2C310&ssl=1","type":"image\/jpeg"}],"author":"El Tecolote Staff","twitter_card":"summary_large_image","twitter_creator":"@eltecolotesf","twitter_site":"@eltecolotesf","twitter_misc":{"Written by":"El Tecolote Staff","Est. reading time":"3 minutes"},"schema":{"@context":"https:\/\/schema.org","@graph":[{"@type":"NewsArticle","@id":"https:\/\/eltecolote.org\/content\/en\/documentary-chronicles-death-of-chicano-journalist\/#article","isPartOf":{"@id":"https:\/\/eltecolote.org\/content\/en\/documentary-chronicles-death-of-chicano-journalist\/"},"author":{"name":"El Tecolote Staff","@id":"https:\/\/eltecolote.org\/content\/#\/schema\/person\/08828d10185eba96895a8363a269410e"},"headline":"Documentary chronicles death of Chicano journalist","datePublished":"2014-04-10T19:21:41+00:00","dateModified":"2014-04-26T02:01:09+00:00","mainEntityOfPage":{"@id":"https:\/\/eltecolote.org\/content\/en\/documentary-chronicles-death-of-chicano-journalist\/"},"wordCount":578,"commentCount":1,"publisher":{"@id":"https:\/\/eltecolote.org\/content\/#organization"},"image":{"@id":"https:\/\/eltecolote.org\/content\/en\/documentary-chronicles-death-of-chicano-journalist\/#primaryimage"},"thumbnailUrl":"https:\/\/i0.wp.com\/eltecolote.org\/content\/wp-content\/uploads\/2014\/04\/salazarBanner.jpg?fit=694%2C310&quality=89&ssl=1","keywords":["Colectivo Cinema Errante","Philip Rodriguez","Ruben Salazar","Ruben Salazar: The Man in the Middle"],"articleSection":["News"],"inLanguage":"en","potentialAction":[{"@type":"CommentAction","name":"Comment","target":["https:\/\/eltecolote.org\/content\/en\/documentary-chronicles-death-of-chicano-journalist\/#respond"]}]},{"@type":"WebPage","@id":"https:\/\/eltecolote.org\/content\/en\/documentary-chronicles-death-of-chicano-journalist\/","url":"https:\/\/eltecolote.org\/content\/en\/documentary-chronicles-death-of-chicano-journalist\/","name":"Documentary chronicles death of Chicano journalist - El Tecolote","isPartOf":{"@id":"https:\/\/eltecolote.org\/content\/#website"},"primaryImageOfPage":{"@id":"https:\/\/eltecolote.org\/content\/en\/documentary-chronicles-death-of-chicano-journalist\/#primaryimage"},"image":{"@id":"https:\/\/eltecolote.org\/content\/en\/documentary-chronicles-death-of-chicano-journalist\/#primaryimage"},"thumbnailUrl":"https:\/\/i0.wp.com\/eltecolote.org\/content\/wp-content\/uploads\/2014\/04\/salazarBanner.jpg?fit=694%2C310&quality=89&ssl=1","datePublished":"2014-04-10T19:21:41+00:00","dateModified":"2014-04-26T02:01:09+00:00","description":"Rub\u00e9n Salazar was a prominent journalist who had been reporting on rampant and unfettered police brutality against Latinos in Los Angeles when he was killed by a pointed, 10-inch tear gas canister\u2014capable of piercing 7-inch plywood from a distance of 100 yards\u2014that was fired at his head by an L.A. County Sheriff\u2019s deputy.","inLanguage":"en","potentialAction":[{"@type":"ReadAction","target":["https:\/\/eltecolote.org\/content\/en\/documentary-chronicles-death-of-chicano-journalist\/"]}]},{"@type":"ImageObject","inLanguage":"en","@id":"https:\/\/eltecolote.org\/content\/en\/documentary-chronicles-death-of-chicano-journalist\/#primaryimage","url":"https:\/\/i0.wp.com\/eltecolote.org\/content\/wp-content\/uploads\/2014\/04\/salazarBanner.jpg?fit=694%2C310&quality=89&ssl=1","contentUrl":"https:\/\/i0.wp.com\/eltecolote.org\/content\/wp-content\/uploads\/2014\/04\/salazarBanner.jpg?fit=694%2C310&quality=89&ssl=1","width":694,"height":310},{"@type":"WebSite","@id":"https:\/\/eltecolote.org\/content\/#website","url":"https:\/\/eltecolote.org\/content\/","name":"El Tecolote","description":"San Francisco's Latinx newspaper since 1970","publisher":{"@id":"https:\/\/eltecolote.org\/content\/#organization"},"potentialAction":[{"@type":"SearchAction","target":{"@type":"EntryPoint","urlTemplate":"https:\/\/eltecolote.org\/content\/?s={search_term_string}"},"query-input":{"@type":"PropertyValueSpecification","valueRequired":true,"valueName":"search_term_string"}}],"inLanguage":"en"},{"@type":"Organization","@id":"https:\/\/eltecolote.org\/content\/#organization","name":"El Tecolote","url":"https:\/\/eltecolote.org\/content\/","logo":{"@type":"ImageObject","inLanguage":"en","@id":"https:\/\/eltecolote.org\/content\/#\/schema\/logo\/image\/","url":"https:\/\/i0.wp.com\/eltecolote.org\/content\/wp-content\/uploads\/2021\/05\/ETlogo-1.jpg?fit=400%2C400&ssl=1","contentUrl":"https:\/\/i0.wp.com\/eltecolote.org\/content\/wp-content\/uploads\/2021\/05\/ETlogo-1.jpg?fit=400%2C400&ssl=1","width":400,"height":400,"caption":"El Tecolote"},"image":{"@id":"https:\/\/eltecolote.org\/content\/#\/schema\/logo\/image\/"},"sameAs":["https:\/\/www.facebook.com\/ElTecoloteSF\/","https:\/\/x.com\/eltecolotesf","https:\/\/www.instagram.com\/eltecolotesf\/"]},{"@type":"Person","@id":"https:\/\/eltecolote.org\/content\/#\/schema\/person\/08828d10185eba96895a8363a269410e","name":"El Tecolote Staff","image":{"@type":"ImageObject","inLanguage":"en","@id":"https:\/\/secure.gravatar.com\/avatar\/9534c92c8c908364e186a64d93efc86f62367109d1b07a3454facde655968589?s=96&d=mm&r=g6afcb607783e095e4cf6be807353924d","url":"https:\/\/secure.gravatar.com\/avatar\/9534c92c8c908364e186a64d93efc86f62367109d1b07a3454facde655968589?s=96&d=mm&r=g","contentUrl":"https:\/\/secure.gravatar.com\/avatar\/9534c92c8c908364e186a64d93efc86f62367109d1b07a3454facde655968589?s=96&d=mm&r=g","caption":"El Tecolote Staff"},"url":"https:\/\/eltecolote.org\/content\/author\/web-editor\/"}]}},"distributor_meta":false,"distributor_terms":false,"distributor_media":false,"distributor_original_site_name":"El Tecolote","distributor_original_site_url":"https:\/\/eltecolote.org\/content","push-errors":false,"_links":{"self":[{"href":"https:\/\/eltecolote.org\/content\/wp-json\/wp\/v2\/posts\/23938","targetHints":{"allow":["GET"]}}],"collection":[{"href":"https:\/\/eltecolote.org\/content\/wp-json\/wp\/v2\/posts"}],"about":[{"href":"https:\/\/eltecolote.org\/content\/wp-json\/wp\/v2\/types\/post"}],"author":[{"embeddable":true,"href":"https:\/\/eltecolote.org\/content\/wp-json\/wp\/v2\/users\/35"}],"replies":[{"embeddable":true,"href":"https:\/\/eltecolote.org\/content\/wp-json\/wp\/v2\/comments?post=23938"}],"version-history":[{"count":2,"href":"https:\/\/eltecolote.org\/content\/wp-json\/wp\/v2\/posts\/23938\/revisions"}],"predecessor-version":[{"id":24040,"href":"https:\/\/eltecolote.org\/content\/wp-json\/wp\/v2\/posts\/23938\/revisions\/24040"}],"wp:featuredmedia":[{"embeddable":true,"href":"https:\/\/eltecolote.org\/content\/wp-json\/wp\/v2\/media\/23941"}],"wp:attachment":[{"href":"https:\/\/eltecolote.org\/content\/wp-json\/wp\/v2\/media?parent=23938"}],"wp:term":[{"taxonomy":"category","embeddable":true,"href":"https:\/\/eltecolote.org\/content\/wp-json\/wp\/v2\/categories?post=23938"},{"taxonomy":"post_tag","embeddable":true,"href":"https:\/\/eltecolote.org\/content\/wp-json\/wp\/v2\/tags?post=23938"},{"taxonomy":"author","embeddable":true,"href":"https:\/\/eltecolote.org\/content\/wp-json\/wp\/v2\/coauthors?post=23938"}],"curies":[{"name":"wp","href":"https:\/\/api.w.org\/{rel}","templated":true}]}}