{"id":23908,"date":"2014-03-27T17:05:41","date_gmt":"2014-03-28T00:05:41","guid":{"rendered":"http:\/\/eltecolote.org\/content\/?p=23908"},"modified":"2015-01-08T12:25:59","modified_gmt":"2015-01-08T19:25:59","slug":"brasil-se-prepara-para-el-mundial-de-futbol","status":"publish","type":"post","link":"https:\/\/eltecolote.org\/content\/es\/brasil-se-prepara-para-el-mundial-de-futbol\/","title":{"rendered":"Brasil se prepara para el mundial de f\u00fatbol"},"content":{"rendered":"<figure id=\"attachment_23910\" aria-describedby=\"caption-attachment-23910\" style=\"width: 800px\" class=\"wp-caption alignnone\"><a href=\"https:\/\/i0.wp.com\/eltecolote.org\/content\/wp-content\/uploads\/2014\/03\/World-Cup-Brasil_01web.jpg?quality=89&#038;ssl=1\"><img data-recalc-dims=\"1\" loading=\"lazy\" decoding=\"async\" class=\"size-full wp-image-23910 \" src=\"https:\/\/i0.wp.com\/eltecolote.org\/content\/wp-content\/uploads\/2014\/03\/World-Cup-Brasil_01web.jpg?resize=800%2C533&#038;quality=89&#038;ssl=1\" alt=\"Un manifestante sostiene una patineta en la que se lee \u201cNo habr\u00e1 Copa del Mundo\u201d durante una protesta en contra de la Copa del Mundo 2014 en Sao Paulo. A demonstrator holds a skateboard that reads \u201cThere will be no World Cup,\u201d during a protest against the 2014 World Cup in Sao Paulo on Jan. 25. Photo Courtesy elmundo.es\/NachoDoce\" width=\"800\" height=\"533\" srcset=\"https:\/\/i0.wp.com\/eltecolote.org\/content\/wp-content\/uploads\/2014\/03\/World-Cup-Brasil_01web.jpg?w=800&amp;quality=89&amp;ssl=1 800w, https:\/\/i0.wp.com\/eltecolote.org\/content\/wp-content\/uploads\/2014\/03\/World-Cup-Brasil_01web.jpg?resize=600%2C399&amp;quality=89&amp;ssl=1 600w, https:\/\/i0.wp.com\/eltecolote.org\/content\/wp-content\/uploads\/2014\/03\/World-Cup-Brasil_01web.jpg?resize=360%2C239&amp;quality=89&amp;ssl=1 360w\" sizes=\"auto, (max-width: 800px) 100vw, 800px\" \/><\/a><figcaption id=\"caption-attachment-23910\" class=\"wp-caption-text\">Un manifestante sostiene una patineta en la que se lee \u201cNo habr\u00e1 Copa del Mundo\u201d durante una protesta en contra de la Copa del Mundo 2014 en Sao Paulo. Foto Courtesy elmundo.es\/NachoDoce<\/figcaption><\/figure>\n<p>Faltan s\u00f3lo 76 d\u00edas para la Copa Mundial Brasil 2014. El pa\u00eds sudamericano ser\u00e1 sede del evento de f\u00fatbol m\u00e1s emocionante para todos los fan\u00e1ticos del mundo.<\/p>\n<p>Despu\u00e9s de ganar la sede en el 2007, Brasil tuvo cerca de siete a\u00f1os para prepararse para la copa. El gobierno brasile\u00f1o est\u00e1 ahora asegur\u00e1ndose de que los estadios y la infraestructura est\u00e9n listos para el 15 de abril, fecha l\u00edmite en que los organizadores, la Federaci\u00f3n Internacional de F\u00fatbol Amateur (FIFA), han establecido.<\/p>\n<p>Solo seis de los doce estadios fueron terminados para la fecha l\u00edmite del a\u00f1o pasado. Dos puede que est\u00e9n listos menos de un mes antes de que la Copa Mundial empiece, incluyendo el Sao Paulo, lugar para la apertura. Las otras ciudades donde se realizar\u00e1n los partidos son Fortaleza, Porto Alegre, Curitiba, Salvador, Natal, Belo Horizonte, Manaus, Cuiaba, Brasilia y Recife.<\/p>\n<p>Los partidos comenzar\u00e1n el 12 de junio en Sao Paulo en el Estadio Itaquerao, el cual a\u00fan no est\u00e1 listo. El encuentro inaugural ser\u00e1 entre Brasil y Croacia al mediod\u00eda, tiempo est\u00e1ndar del pac\u00edfico (PST), jugando para el Grupo A. Ese grupo tambi\u00e9n incluye a M\u00e9xico y Camer\u00fan. Los fan\u00e1ticos mexicanos de California podr\u00e1n ver el primer encuentro el viernes 13 de junio a las 9 a.m. contra Camer\u00fan.<\/p>\n<p>Quedan pocos boletos disponibles para la Copa y la \u00faltima fase estar\u00e1 lista para la venta al p\u00fablico el 15 de abril pero en cantidades reducidas.<\/p>\n<p>Los encuentros con mayor demanda de boletos han sido el partido inaugural entre Brasil y Croacia y la final en el Estadio Maracan\u00e1 el 13 de julio en Rio de Janeiro. Las semifinales se llevar\u00e1n a cabo en Sao Paulo y en Belo Horizonte \u2014los boletos para estos partidos est\u00e1n agotados.<\/p>\n<p>De acuerdo a la p\u00e1gina de internet de la FIFA, fan\u00e1ticos de 212 pa\u00edses y territorios ya han asegurado sus boletos. Los brasile\u00f1os obtuvieron el 57% de ellos, con un total de 906,433. Los estadounidenses se llevaron 125,465, seguidos por los colombianos (60,231) y los alemanes (55,666).<\/p>\n<p>Para muchos brasile\u00f1os, la emoci\u00f3n de ser la sede de la Copa Mundial ha pasado. Encuestas muestran que cerca del 65% de la poblaci\u00f3n est\u00e1n en contra de los partidos, sugiriendo que el dinero gastado deber\u00eda haber sido invertido en un mejor sistema de salud, educaci\u00f3n y seguridad.<\/p>\n<p>En junio de 2013, durante la Copa Confederaciones, la gente tom\u00f3 las calles en protesta \u2014inicialmente rechazando el aumento a las tarifas de autobuses en Sao Paulo. Esto cre\u00f3 un efecto domin\u00f3 el cual llev\u00f3 a la gente a lo largo de aquel pa\u00eds a protestar por mayores problemas sociales que los afectan: la falta de un sistema de cuidado m\u00e9dico de calidad y acceso a educaci\u00f3n.<\/p>\n<p>Los protestantes repudiaron el est\u00e1ndar de la FIFA, el cual pide eventos y producci\u00f3n de estadios de alta calidad.<\/p>\n<p>\u201cQueremos que nuestros hospitales sean como los estadios de la FIFA, queremos que nuestras universidades cumplan con los est\u00e1ndares. \u00bfPor qu\u00e9 pueden construir un gran estadio que cuesta billones y no invertir lo mismo en nuestras necesidades?\u201d, cuestion\u00f3 un hombre durante las protestas.<\/p>\n<p>Hay protestas programadas durante los partidos \u2014especialmente en Sao Paulo y Rio de Janeiro (donde se llevar\u00e1 a cabo la final).<br \/>\nCon el emblema \u201cNao havera Copa,\u201d que quiere decir \u201cNo habr\u00e1 Copa Mundial\u201d, miles de personas est\u00e1n utilizando las redes sociales para organizarse. Planean ir a las calles y bloquear el tr\u00e1fico, impidiendo que la gente llegue a los estadios una horas antes del partido.<\/p>\n<p>De acuerdo con el Presidente brasile\u00f1o, Dilma Roussef, todo el dinero invertido en construir los estadios ser\u00e1 recuperado e invita a la gente a ir a Brasil: \u201cTodos los turistas que quieran venir a ver los partidos no deben preocuparse por nada, nos aseguraremos de que se tomen medidas para mantener la seguridad de todos los que vengan a nuestro pa\u00eds\u201d.<\/p>\n<p><em>\u2014Traducci\u00f3n Carmen Ruiz<\/em><\/p>\n","protected":false},"excerpt":{"rendered":"<p>Faltan s\u00f3lo 76 d\u00edas para la Copa Mundial Brasil 2014. El pa\u00eds sudamericano ser\u00e1 sede del evento de f\u00fatbol m\u00e1s emocionante para todos los fan\u00e1ticos del mundo.<\/p>\n","protected":false},"author":35,"featured_media":0,"comment_status":"open","ping_status":"closed","sticky":false,"template":"","format":"standard","meta":{"newspack_popups_has_disabled_popups":false,"newspack_featured_image_position":"","newspack_post_subtitle":"","newspack_article_summary_title":"Overview:","newspack_article_summary":"","newspack_hide_updated_date":false,"newspack_show_updated_date":false,"footnotes":""},"categories":[3519],"tags":[705,3037,3038,76],"coauthors":[],"class_list":["post-23908","post","type-post","status-publish","format-standard","hentry","category-noticias","tag-brasil","tag-copa-mundial-brasil-2014","tag-federacion-internacional-de-futbol-amateur","tag-futbol","entry"],"yoast_head":"<!-- This site is optimized with the Yoast SEO plugin v27.5 - https:\/\/yoast.com\/product\/yoast-seo-wordpress\/ -->\n<title>Brasil se prepara para el mundial de f\u00fatbol - El Tecolote<\/title>\n<meta name=\"description\" content=\"Faltan s\u00f3lo 76 d\u00edas para la Copa Mundial Brasil 2014. El pa\u00eds sudamericano ser\u00e1 sede del evento de f\u00fatbol m\u00e1s emocionante para todos los fan\u00e1ticos del mundo.\" \/>\n<meta name=\"robots\" content=\"index, follow, max-snippet:-1, max-image-preview:large, max-video-preview:-1\" \/>\n<link rel=\"canonical\" href=\"https:\/\/eltecolote.org\/content\/es\/brasil-se-prepara-para-el-mundial-de-futbol\/\" \/>\n<meta property=\"og:locale\" content=\"en_US\" \/>\n<meta property=\"og:type\" content=\"article\" \/>\n<meta property=\"og:title\" content=\"Brasil se prepara para el mundial de f\u00fatbol - El Tecolote\" \/>\n<meta property=\"og:description\" content=\"Faltan s\u00f3lo 76 d\u00edas para la Copa Mundial Brasil 2014. El pa\u00eds sudamericano ser\u00e1 sede del evento de f\u00fatbol m\u00e1s emocionante para todos los fan\u00e1ticos del mundo.\" \/>\n<meta property=\"og:url\" content=\"https:\/\/eltecolote.org\/content\/es\/brasil-se-prepara-para-el-mundial-de-futbol\/\" \/>\n<meta property=\"og:site_name\" content=\"El Tecolote\" \/>\n<meta property=\"article:publisher\" content=\"https:\/\/www.facebook.com\/ElTecoloteSF\/\" \/>\n<meta property=\"article:published_time\" content=\"2014-03-28T00:05:41+00:00\" \/>\n<meta property=\"article:modified_time\" content=\"2015-01-08T19:25:59+00:00\" \/>\n<meta property=\"og:image\" content=\"http:\/\/eltecolote.org\/content\/wp-content\/uploads\/2014\/03\/World-Cup-Brasil_01web.jpg\" \/>\n<meta name=\"author\" content=\"El Tecolote Staff\" \/>\n<meta name=\"twitter:card\" content=\"summary_large_image\" \/>\n<meta name=\"twitter:creator\" content=\"@eltecolotesf\" \/>\n<meta name=\"twitter:site\" content=\"@eltecolotesf\" \/>\n<meta name=\"twitter:label1\" content=\"Written by\" \/>\n\t<meta name=\"twitter:data1\" content=\"El Tecolote Staff\" \/>\n\t<meta name=\"twitter:label2\" content=\"Est. reading time\" \/>\n\t<meta name=\"twitter:data2\" content=\"4 minutes\" \/>\n<script type=\"application\/ld+json\" class=\"yoast-schema-graph\">{\"@context\":\"https:\\\/\\\/schema.org\",\"@graph\":[{\"@type\":\"NewsArticle\",\"@id\":\"https:\\\/\\\/eltecolote.org\\\/content\\\/es\\\/brasil-se-prepara-para-el-mundial-de-futbol\\\/#article\",\"isPartOf\":{\"@id\":\"https:\\\/\\\/eltecolote.org\\\/content\\\/es\\\/brasil-se-prepara-para-el-mundial-de-futbol\\\/\"},\"author\":{\"name\":\"El Tecolote Staff\",\"@id\":\"https:\\\/\\\/eltecolote.org\\\/content\\\/#\\\/schema\\\/person\\\/08828d10185eba96895a8363a269410e\"},\"headline\":\"Brasil se prepara para el mundial de f\u00fatbol\",\"datePublished\":\"2014-03-28T00:05:41+00:00\",\"dateModified\":\"2015-01-08T19:25:59+00:00\",\"mainEntityOfPage\":{\"@id\":\"https:\\\/\\\/eltecolote.org\\\/content\\\/es\\\/brasil-se-prepara-para-el-mundial-de-futbol\\\/\"},\"wordCount\":728,\"commentCount\":0,\"publisher\":{\"@id\":\"https:\\\/\\\/eltecolote.org\\\/content\\\/#organization\"},\"image\":{\"@id\":\"https:\\\/\\\/eltecolote.org\\\/content\\\/es\\\/brasil-se-prepara-para-el-mundial-de-futbol\\\/#primaryimage\"},\"thumbnailUrl\":\"http:\\\/\\\/eltecolote.org\\\/content\\\/wp-content\\\/uploads\\\/2014\\\/03\\\/World-Cup-Brasil_01web.jpg\",\"keywords\":[\"Brasil\",\"Copa Mundial Brasil 2014\",\"Federaci\u00f3n Internacional de F\u00fatbol Amateur\",\"futbol\"],\"articleSection\":[\"Noticias\"],\"inLanguage\":\"en\",\"potentialAction\":[{\"@type\":\"CommentAction\",\"name\":\"Comment\",\"target\":[\"https:\\\/\\\/eltecolote.org\\\/content\\\/es\\\/brasil-se-prepara-para-el-mundial-de-futbol\\\/#respond\"]}]},{\"@type\":\"WebPage\",\"@id\":\"https:\\\/\\\/eltecolote.org\\\/content\\\/es\\\/brasil-se-prepara-para-el-mundial-de-futbol\\\/\",\"url\":\"https:\\\/\\\/eltecolote.org\\\/content\\\/es\\\/brasil-se-prepara-para-el-mundial-de-futbol\\\/\",\"name\":\"Brasil se prepara para el mundial de f\u00fatbol - El Tecolote\",\"isPartOf\":{\"@id\":\"https:\\\/\\\/eltecolote.org\\\/content\\\/#website\"},\"primaryImageOfPage\":{\"@id\":\"https:\\\/\\\/eltecolote.org\\\/content\\\/es\\\/brasil-se-prepara-para-el-mundial-de-futbol\\\/#primaryimage\"},\"image\":{\"@id\":\"https:\\\/\\\/eltecolote.org\\\/content\\\/es\\\/brasil-se-prepara-para-el-mundial-de-futbol\\\/#primaryimage\"},\"thumbnailUrl\":\"http:\\\/\\\/eltecolote.org\\\/content\\\/wp-content\\\/uploads\\\/2014\\\/03\\\/World-Cup-Brasil_01web.jpg\",\"datePublished\":\"2014-03-28T00:05:41+00:00\",\"dateModified\":\"2015-01-08T19:25:59+00:00\",\"description\":\"Faltan s\u00f3lo 76 d\u00edas para la Copa Mundial Brasil 2014. El pa\u00eds sudamericano ser\u00e1 sede del evento de f\u00fatbol m\u00e1s emocionante para todos los fan\u00e1ticos del mundo.\",\"inLanguage\":\"en\",\"potentialAction\":[{\"@type\":\"ReadAction\",\"target\":[\"https:\\\/\\\/eltecolote.org\\\/content\\\/es\\\/brasil-se-prepara-para-el-mundial-de-futbol\\\/\"]}]},{\"@type\":\"ImageObject\",\"inLanguage\":\"en\",\"@id\":\"https:\\\/\\\/eltecolote.org\\\/content\\\/es\\\/brasil-se-prepara-para-el-mundial-de-futbol\\\/#primaryimage\",\"url\":\"http:\\\/\\\/eltecolote.org\\\/content\\\/wp-content\\\/uploads\\\/2014\\\/03\\\/World-Cup-Brasil_01web.jpg\",\"contentUrl\":\"http:\\\/\\\/eltecolote.org\\\/content\\\/wp-content\\\/uploads\\\/2014\\\/03\\\/World-Cup-Brasil_01web.jpg\"},{\"@type\":\"WebSite\",\"@id\":\"https:\\\/\\\/eltecolote.org\\\/content\\\/#website\",\"url\":\"https:\\\/\\\/eltecolote.org\\\/content\\\/\",\"name\":\"El Tecolote\",\"description\":\"San Francisco's Latinx newspaper since 1970\",\"publisher\":{\"@id\":\"https:\\\/\\\/eltecolote.org\\\/content\\\/#organization\"},\"potentialAction\":[{\"@type\":\"SearchAction\",\"target\":{\"@type\":\"EntryPoint\",\"urlTemplate\":\"https:\\\/\\\/eltecolote.org\\\/content\\\/?s={search_term_string}\"},\"query-input\":{\"@type\":\"PropertyValueSpecification\",\"valueRequired\":true,\"valueName\":\"search_term_string\"}}],\"inLanguage\":\"en\"},{\"@type\":\"Organization\",\"@id\":\"https:\\\/\\\/eltecolote.org\\\/content\\\/#organization\",\"name\":\"El Tecolote\",\"url\":\"https:\\\/\\\/eltecolote.org\\\/content\\\/\",\"logo\":{\"@type\":\"ImageObject\",\"inLanguage\":\"en\",\"@id\":\"https:\\\/\\\/eltecolote.org\\\/content\\\/#\\\/schema\\\/logo\\\/image\\\/\",\"url\":\"https:\\\/\\\/i0.wp.com\\\/eltecolote.org\\\/content\\\/wp-content\\\/uploads\\\/2021\\\/05\\\/ETlogo-1.jpg?fit=400%2C400&ssl=1\",\"contentUrl\":\"https:\\\/\\\/i0.wp.com\\\/eltecolote.org\\\/content\\\/wp-content\\\/uploads\\\/2021\\\/05\\\/ETlogo-1.jpg?fit=400%2C400&ssl=1\",\"width\":400,\"height\":400,\"caption\":\"El Tecolote\"},\"image\":{\"@id\":\"https:\\\/\\\/eltecolote.org\\\/content\\\/#\\\/schema\\\/logo\\\/image\\\/\"},\"sameAs\":[\"https:\\\/\\\/www.facebook.com\\\/ElTecoloteSF\\\/\",\"https:\\\/\\\/x.com\\\/eltecolotesf\",\"https:\\\/\\\/www.instagram.com\\\/eltecolotesf\\\/\"]},{\"@type\":\"Person\",\"@id\":\"https:\\\/\\\/eltecolote.org\\\/content\\\/#\\\/schema\\\/person\\\/08828d10185eba96895a8363a269410e\",\"name\":\"El Tecolote Staff\",\"image\":{\"@type\":\"ImageObject\",\"inLanguage\":\"en\",\"@id\":\"https:\\\/\\\/secure.gravatar.com\\\/avatar\\\/9534c92c8c908364e186a64d93efc86f62367109d1b07a3454facde655968589?s=96&d=mm&r=g6afcb607783e095e4cf6be807353924d\",\"url\":\"https:\\\/\\\/secure.gravatar.com\\\/avatar\\\/9534c92c8c908364e186a64d93efc86f62367109d1b07a3454facde655968589?s=96&d=mm&r=g\",\"contentUrl\":\"https:\\\/\\\/secure.gravatar.com\\\/avatar\\\/9534c92c8c908364e186a64d93efc86f62367109d1b07a3454facde655968589?s=96&d=mm&r=g\",\"caption\":\"El Tecolote Staff\"},\"url\":\"https:\\\/\\\/eltecolote.org\\\/content\\\/author\\\/web-editor\\\/\"}]}<\/script>\n<!-- \/ Yoast SEO plugin. -->","yoast_head_json":{"title":"Brasil se prepara para el mundial de f\u00fatbol - El Tecolote","description":"Faltan s\u00f3lo 76 d\u00edas para la Copa Mundial Brasil 2014. El pa\u00eds sudamericano ser\u00e1 sede del evento de f\u00fatbol m\u00e1s emocionante para todos los fan\u00e1ticos del mundo.","robots":{"index":"index","follow":"follow","max-snippet":"max-snippet:-1","max-image-preview":"max-image-preview:large","max-video-preview":"max-video-preview:-1"},"canonical":"https:\/\/eltecolote.org\/content\/es\/brasil-se-prepara-para-el-mundial-de-futbol\/","og_locale":"en_US","og_type":"article","og_title":"Brasil se prepara para el mundial de f\u00fatbol - El Tecolote","og_description":"Faltan s\u00f3lo 76 d\u00edas para la Copa Mundial Brasil 2014. El pa\u00eds sudamericano ser\u00e1 sede del evento de f\u00fatbol m\u00e1s emocionante para todos los fan\u00e1ticos del mundo.","og_url":"https:\/\/eltecolote.org\/content\/es\/brasil-se-prepara-para-el-mundial-de-futbol\/","og_site_name":"El Tecolote","article_publisher":"https:\/\/www.facebook.com\/ElTecoloteSF\/","article_published_time":"2014-03-28T00:05:41+00:00","article_modified_time":"2015-01-08T19:25:59+00:00","og_image":[{"url":"http:\/\/eltecolote.org\/content\/wp-content\/uploads\/2014\/03\/World-Cup-Brasil_01web.jpg","type":"","width":"","height":""}],"author":"El Tecolote Staff","twitter_card":"summary_large_image","twitter_creator":"@eltecolotesf","twitter_site":"@eltecolotesf","twitter_misc":{"Written by":"El Tecolote Staff","Est. reading time":"4 minutes"},"schema":{"@context":"https:\/\/schema.org","@graph":[{"@type":"NewsArticle","@id":"https:\/\/eltecolote.org\/content\/es\/brasil-se-prepara-para-el-mundial-de-futbol\/#article","isPartOf":{"@id":"https:\/\/eltecolote.org\/content\/es\/brasil-se-prepara-para-el-mundial-de-futbol\/"},"author":{"name":"El Tecolote Staff","@id":"https:\/\/eltecolote.org\/content\/#\/schema\/person\/08828d10185eba96895a8363a269410e"},"headline":"Brasil se prepara para el mundial de f\u00fatbol","datePublished":"2014-03-28T00:05:41+00:00","dateModified":"2015-01-08T19:25:59+00:00","mainEntityOfPage":{"@id":"https:\/\/eltecolote.org\/content\/es\/brasil-se-prepara-para-el-mundial-de-futbol\/"},"wordCount":728,"commentCount":0,"publisher":{"@id":"https:\/\/eltecolote.org\/content\/#organization"},"image":{"@id":"https:\/\/eltecolote.org\/content\/es\/brasil-se-prepara-para-el-mundial-de-futbol\/#primaryimage"},"thumbnailUrl":"http:\/\/eltecolote.org\/content\/wp-content\/uploads\/2014\/03\/World-Cup-Brasil_01web.jpg","keywords":["Brasil","Copa Mundial Brasil 2014","Federaci\u00f3n Internacional de F\u00fatbol Amateur","futbol"],"articleSection":["Noticias"],"inLanguage":"en","potentialAction":[{"@type":"CommentAction","name":"Comment","target":["https:\/\/eltecolote.org\/content\/es\/brasil-se-prepara-para-el-mundial-de-futbol\/#respond"]}]},{"@type":"WebPage","@id":"https:\/\/eltecolote.org\/content\/es\/brasil-se-prepara-para-el-mundial-de-futbol\/","url":"https:\/\/eltecolote.org\/content\/es\/brasil-se-prepara-para-el-mundial-de-futbol\/","name":"Brasil se prepara para el mundial de f\u00fatbol - El Tecolote","isPartOf":{"@id":"https:\/\/eltecolote.org\/content\/#website"},"primaryImageOfPage":{"@id":"https:\/\/eltecolote.org\/content\/es\/brasil-se-prepara-para-el-mundial-de-futbol\/#primaryimage"},"image":{"@id":"https:\/\/eltecolote.org\/content\/es\/brasil-se-prepara-para-el-mundial-de-futbol\/#primaryimage"},"thumbnailUrl":"http:\/\/eltecolote.org\/content\/wp-content\/uploads\/2014\/03\/World-Cup-Brasil_01web.jpg","datePublished":"2014-03-28T00:05:41+00:00","dateModified":"2015-01-08T19:25:59+00:00","description":"Faltan s\u00f3lo 76 d\u00edas para la Copa Mundial Brasil 2014. El pa\u00eds sudamericano ser\u00e1 sede del evento de f\u00fatbol m\u00e1s emocionante para todos los fan\u00e1ticos del mundo.","inLanguage":"en","potentialAction":[{"@type":"ReadAction","target":["https:\/\/eltecolote.org\/content\/es\/brasil-se-prepara-para-el-mundial-de-futbol\/"]}]},{"@type":"ImageObject","inLanguage":"en","@id":"https:\/\/eltecolote.org\/content\/es\/brasil-se-prepara-para-el-mundial-de-futbol\/#primaryimage","url":"http:\/\/eltecolote.org\/content\/wp-content\/uploads\/2014\/03\/World-Cup-Brasil_01web.jpg","contentUrl":"http:\/\/eltecolote.org\/content\/wp-content\/uploads\/2014\/03\/World-Cup-Brasil_01web.jpg"},{"@type":"WebSite","@id":"https:\/\/eltecolote.org\/content\/#website","url":"https:\/\/eltecolote.org\/content\/","name":"El Tecolote","description":"San Francisco's Latinx newspaper since 1970","publisher":{"@id":"https:\/\/eltecolote.org\/content\/#organization"},"potentialAction":[{"@type":"SearchAction","target":{"@type":"EntryPoint","urlTemplate":"https:\/\/eltecolote.org\/content\/?s={search_term_string}"},"query-input":{"@type":"PropertyValueSpecification","valueRequired":true,"valueName":"search_term_string"}}],"inLanguage":"en"},{"@type":"Organization","@id":"https:\/\/eltecolote.org\/content\/#organization","name":"El Tecolote","url":"https:\/\/eltecolote.org\/content\/","logo":{"@type":"ImageObject","inLanguage":"en","@id":"https:\/\/eltecolote.org\/content\/#\/schema\/logo\/image\/","url":"https:\/\/i0.wp.com\/eltecolote.org\/content\/wp-content\/uploads\/2021\/05\/ETlogo-1.jpg?fit=400%2C400&ssl=1","contentUrl":"https:\/\/i0.wp.com\/eltecolote.org\/content\/wp-content\/uploads\/2021\/05\/ETlogo-1.jpg?fit=400%2C400&ssl=1","width":400,"height":400,"caption":"El Tecolote"},"image":{"@id":"https:\/\/eltecolote.org\/content\/#\/schema\/logo\/image\/"},"sameAs":["https:\/\/www.facebook.com\/ElTecoloteSF\/","https:\/\/x.com\/eltecolotesf","https:\/\/www.instagram.com\/eltecolotesf\/"]},{"@type":"Person","@id":"https:\/\/eltecolote.org\/content\/#\/schema\/person\/08828d10185eba96895a8363a269410e","name":"El Tecolote Staff","image":{"@type":"ImageObject","inLanguage":"en","@id":"https:\/\/secure.gravatar.com\/avatar\/9534c92c8c908364e186a64d93efc86f62367109d1b07a3454facde655968589?s=96&d=mm&r=g6afcb607783e095e4cf6be807353924d","url":"https:\/\/secure.gravatar.com\/avatar\/9534c92c8c908364e186a64d93efc86f62367109d1b07a3454facde655968589?s=96&d=mm&r=g","contentUrl":"https:\/\/secure.gravatar.com\/avatar\/9534c92c8c908364e186a64d93efc86f62367109d1b07a3454facde655968589?s=96&d=mm&r=g","caption":"El Tecolote Staff"},"url":"https:\/\/eltecolote.org\/content\/author\/web-editor\/"}]}},"distributor_meta":false,"distributor_terms":false,"distributor_media":false,"distributor_original_site_name":"El Tecolote","distributor_original_site_url":"https:\/\/eltecolote.org\/content","push-errors":false,"_links":{"self":[{"href":"https:\/\/eltecolote.org\/content\/wp-json\/wp\/v2\/posts\/23908","targetHints":{"allow":["GET"]}}],"collection":[{"href":"https:\/\/eltecolote.org\/content\/wp-json\/wp\/v2\/posts"}],"about":[{"href":"https:\/\/eltecolote.org\/content\/wp-json\/wp\/v2\/types\/post"}],"author":[{"embeddable":true,"href":"https:\/\/eltecolote.org\/content\/wp-json\/wp\/v2\/users\/35"}],"replies":[{"embeddable":true,"href":"https:\/\/eltecolote.org\/content\/wp-json\/wp\/v2\/comments?post=23908"}],"version-history":[{"count":0,"href":"https:\/\/eltecolote.org\/content\/wp-json\/wp\/v2\/posts\/23908\/revisions"}],"wp:attachment":[{"href":"https:\/\/eltecolote.org\/content\/wp-json\/wp\/v2\/media?parent=23908"}],"wp:term":[{"taxonomy":"category","embeddable":true,"href":"https:\/\/eltecolote.org\/content\/wp-json\/wp\/v2\/categories?post=23908"},{"taxonomy":"post_tag","embeddable":true,"href":"https:\/\/eltecolote.org\/content\/wp-json\/wp\/v2\/tags?post=23908"},{"taxonomy":"author","embeddable":true,"href":"https:\/\/eltecolote.org\/content\/wp-json\/wp\/v2\/coauthors?post=23908"}],"curies":[{"name":"wp","href":"https:\/\/api.w.org\/{rel}","templated":true}]}}