{"id":23831,"date":"2014-03-13T12:36:03","date_gmt":"2014-03-13T19:36:03","guid":{"rendered":"http:\/\/eltecolote.org\/content\/?p=23831"},"modified":"2014-03-13T12:36:03","modified_gmt":"2014-03-13T19:36:03","slug":"san-francisco-hosts-polling-for-colombia-elections","status":"publish","type":"post","link":"https:\/\/eltecolote.org\/content\/en\/san-francisco-hosts-polling-for-colombia-elections\/","title":{"rendered":"San Francisco hosts polling for Colombia elections"},"content":{"rendered":"<figure id=\"attachment_23833\" aria-describedby=\"caption-attachment-23833\" style=\"width: 800px\" class=\"wp-caption alignnone\"><a href=\"https:\/\/i0.wp.com\/eltecolote.org\/content\/wp-content\/uploads\/2014\/03\/Colombia-Elections_01web.jpg?quality=89&#038;ssl=1\"><img data-recalc-dims=\"1\" loading=\"lazy\" decoding=\"async\" class=\"size-full wp-image-23833\" alt=\"Votantes en el Consulado colombiano, sede San Francisco. Voters at the Colombian Consulate \" src=\"https:\/\/i0.wp.com\/eltecolote.org\/content\/wp-content\/uploads\/2014\/03\/Colombia-Elections_01web.jpg?resize=800%2C533&#038;quality=89&#038;ssl=1\" width=\"800\" height=\"533\" srcset=\"https:\/\/i0.wp.com\/eltecolote.org\/content\/wp-content\/uploads\/2014\/03\/Colombia-Elections_01web.jpg?w=800&amp;quality=89&amp;ssl=1 800w, https:\/\/i0.wp.com\/eltecolote.org\/content\/wp-content\/uploads\/2014\/03\/Colombia-Elections_01web.jpg?resize=600%2C399&amp;quality=89&amp;ssl=1 600w, https:\/\/i0.wp.com\/eltecolote.org\/content\/wp-content\/uploads\/2014\/03\/Colombia-Elections_01web.jpg?resize=360%2C239&amp;quality=89&amp;ssl=1 360w\" sizes=\"auto, (max-width: 800px) 100vw, 800px\" \/><\/a><figcaption id=\"caption-attachment-23833\" class=\"wp-caption-text\">Votantes en el Consulado colombiano, sede San Francisco. Voters at the Colombian Consulate<\/figcaption><\/figure>\n<p>With joy and commitment, Colombians exercised their right to vote on Monday, March 3 through Sunday, March 9, at the Colombian Consulate in San Francisco as part of the elections to Senate, House of Representatives and Andean Parliament in the South American country.<\/p>\n<p>With 98.40 percent of votes counted and a total of 102 seats at stake for the Senate, the parties with the majority of votes were Partido de la U \u2013 of the current president Juan Manuel Santos Calder\u00f3n, who won 21 seats&#8211;as well as Centro Democr\u00e1tico, led by former President \u00c1lvaro Uribe V\u00e9lez, winning 19 seats. The traditional parties Liberal and Conservador (Conservative), won 19 and 17 seats respectively.<\/p>\n<p>For the 167 seats at stake in the House of Representatives, a recount is being undertaken, and the distribution of seats is not yet final. By press time, the parties with the majority of votes were, were in following order: Partido de la U, Liberal, Conservador (Conservative), Centro Democr\u00e1tico, and Cambio Radical.<\/p>\n<p>The results point to former President Uribe as the big winner of the election with his newly created party, Centro Democr\u00e1tico. It is important to note that Uribe opposes the negotiations with the Revolutionary Armed Forces of Colombia (FARC, for its acronym in Spanish) that President Santos has been performing in the last year and a half.<\/p>\n<p>The Consulate of Colombia in San Francisco serves a population of 48,000 in northern California, Nevada, Oregon, Washington, Idaho, Montana, Wyoming, Utah, Colorado, Alaska and Hawaii &#8211; according to 2010 census data.<\/p>\n<p>This is the first time that Colombians living abroad were able to vote for an entire week. The elections in San Francisco ran smoothly and a larger number of voters are expected for the presidential elections in May 2014 .<\/p>\n","protected":false},"excerpt":{"rendered":"<p>With joy and commitment, Colombians exercised their right to vote on Monday, March 3 through Sunday, March 9, at the Colombian Consulate in San Francisco as part of the elections to Senate, House of Representatives and Andean Parliament in the South American country.<\/p>\n","protected":false},"author":35,"featured_media":0,"comment_status":"open","ping_status":"closed","sticky":false,"template":"","format":"standard","meta":{"newspack_popups_has_disabled_popups":false,"newspack_featured_image_position":"","newspack_post_subtitle":"","newspack_article_summary_title":"Overview:","newspack_article_summary":"","newspack_hide_updated_date":false,"newspack_show_updated_date":false,"footnotes":""},"categories":[7],"tags":[2986,2987,602,1952,2985,2396],"coauthors":[],"class_list":["post-23831","post","type-post","status-publish","format-standard","hentry","category-news","tag-alvaro-uribe-velez","tag-centro-democratico","tag-colombia","tag-farc","tag-juan-manuel-santos-calderon","tag-revolutionary-armed-forces-of-colombia","entry"],"yoast_head":"<!-- This site is optimized with the Yoast SEO plugin v27.4 - https:\/\/yoast.com\/product\/yoast-seo-wordpress\/ -->\n<title>San Francisco hosts polling for Colombia elections - El Tecolote<\/title>\n<meta name=\"description\" content=\"With joy and commitment, Colombians exercised their right to vote on Monday, March 3 through Sunday, March 9, at the Colombian Consulate in San Francisco as part of the elections to Senate, House of Representatives and Andean Parliament in the South American country.\" \/>\n<meta name=\"robots\" content=\"index, follow, max-snippet:-1, max-image-preview:large, max-video-preview:-1\" \/>\n<link rel=\"canonical\" href=\"https:\/\/eltecolote.org\/content\/en\/san-francisco-hosts-polling-for-colombia-elections\/\" \/>\n<meta property=\"og:locale\" content=\"en_US\" \/>\n<meta property=\"og:type\" content=\"article\" \/>\n<meta property=\"og:title\" content=\"San Francisco hosts polling for Colombia elections - El Tecolote\" \/>\n<meta property=\"og:description\" content=\"With joy and commitment, Colombians exercised their right to vote on Monday, March 3 through Sunday, March 9, at the Colombian Consulate in San Francisco as part of the elections to Senate, House of Representatives and Andean Parliament in the South American country.\" \/>\n<meta property=\"og:url\" content=\"https:\/\/eltecolote.org\/content\/en\/san-francisco-hosts-polling-for-colombia-elections\/\" \/>\n<meta property=\"og:site_name\" content=\"El Tecolote\" \/>\n<meta property=\"article:publisher\" content=\"https:\/\/www.facebook.com\/ElTecoloteSF\/\" \/>\n<meta property=\"article:published_time\" content=\"2014-03-13T19:36:03+00:00\" \/>\n<meta property=\"og:image\" content=\"http:\/\/eltecolote.org\/content\/wp-content\/uploads\/2014\/03\/Colombia-Elections_01web.jpg\" \/>\n<meta name=\"author\" content=\"El Tecolote Staff\" \/>\n<meta name=\"twitter:card\" content=\"summary_large_image\" \/>\n<meta name=\"twitter:creator\" content=\"@eltecolotesf\" \/>\n<meta name=\"twitter:site\" content=\"@eltecolotesf\" \/>\n<meta name=\"twitter:label1\" content=\"Written by\" \/>\n\t<meta name=\"twitter:data1\" content=\"El Tecolote Staff\" \/>\n\t<meta name=\"twitter:label2\" content=\"Est. reading time\" \/>\n\t<meta name=\"twitter:data2\" content=\"2 minutes\" \/>\n<script type=\"application\/ld+json\" class=\"yoast-schema-graph\">{\"@context\":\"https:\\\/\\\/schema.org\",\"@graph\":[{\"@type\":\"NewsArticle\",\"@id\":\"https:\\\/\\\/eltecolote.org\\\/content\\\/en\\\/san-francisco-hosts-polling-for-colombia-elections\\\/#article\",\"isPartOf\":{\"@id\":\"https:\\\/\\\/eltecolote.org\\\/content\\\/en\\\/san-francisco-hosts-polling-for-colombia-elections\\\/\"},\"author\":{\"name\":\"El Tecolote Staff\",\"@id\":\"https:\\\/\\\/eltecolote.org\\\/content\\\/#\\\/schema\\\/person\\\/08828d10185eba96895a8363a269410e\"},\"headline\":\"San Francisco hosts polling for Colombia elections\",\"datePublished\":\"2014-03-13T19:36:03+00:00\",\"mainEntityOfPage\":{\"@id\":\"https:\\\/\\\/eltecolote.org\\\/content\\\/en\\\/san-francisco-hosts-polling-for-colombia-elections\\\/\"},\"wordCount\":311,\"commentCount\":0,\"publisher\":{\"@id\":\"https:\\\/\\\/eltecolote.org\\\/content\\\/#organization\"},\"image\":{\"@id\":\"https:\\\/\\\/eltecolote.org\\\/content\\\/en\\\/san-francisco-hosts-polling-for-colombia-elections\\\/#primaryimage\"},\"thumbnailUrl\":\"http:\\\/\\\/eltecolote.org\\\/content\\\/wp-content\\\/uploads\\\/2014\\\/03\\\/Colombia-Elections_01web.jpg\",\"keywords\":[\"\u00c1lvaro Uribe V\u00e9lez\",\"Centro Democr\u00e1tico\",\"colombia\",\"FARC\",\"Juan Manuel Santos Calder\u00f3n\",\"Revolutionary Armed Forces of Colombia\"],\"articleSection\":[\"News\"],\"inLanguage\":\"en\",\"potentialAction\":[{\"@type\":\"CommentAction\",\"name\":\"Comment\",\"target\":[\"https:\\\/\\\/eltecolote.org\\\/content\\\/en\\\/san-francisco-hosts-polling-for-colombia-elections\\\/#respond\"]}]},{\"@type\":\"WebPage\",\"@id\":\"https:\\\/\\\/eltecolote.org\\\/content\\\/en\\\/san-francisco-hosts-polling-for-colombia-elections\\\/\",\"url\":\"https:\\\/\\\/eltecolote.org\\\/content\\\/en\\\/san-francisco-hosts-polling-for-colombia-elections\\\/\",\"name\":\"San Francisco hosts polling for Colombia elections - El Tecolote\",\"isPartOf\":{\"@id\":\"https:\\\/\\\/eltecolote.org\\\/content\\\/#website\"},\"primaryImageOfPage\":{\"@id\":\"https:\\\/\\\/eltecolote.org\\\/content\\\/en\\\/san-francisco-hosts-polling-for-colombia-elections\\\/#primaryimage\"},\"image\":{\"@id\":\"https:\\\/\\\/eltecolote.org\\\/content\\\/en\\\/san-francisco-hosts-polling-for-colombia-elections\\\/#primaryimage\"},\"thumbnailUrl\":\"http:\\\/\\\/eltecolote.org\\\/content\\\/wp-content\\\/uploads\\\/2014\\\/03\\\/Colombia-Elections_01web.jpg\",\"datePublished\":\"2014-03-13T19:36:03+00:00\",\"description\":\"With joy and commitment, Colombians exercised their right to vote on Monday, March 3 through Sunday, March 9, at the Colombian Consulate in San Francisco as part of the elections to Senate, House of Representatives and Andean Parliament in the South American country.\",\"inLanguage\":\"en\",\"potentialAction\":[{\"@type\":\"ReadAction\",\"target\":[\"https:\\\/\\\/eltecolote.org\\\/content\\\/en\\\/san-francisco-hosts-polling-for-colombia-elections\\\/\"]}]},{\"@type\":\"ImageObject\",\"inLanguage\":\"en\",\"@id\":\"https:\\\/\\\/eltecolote.org\\\/content\\\/en\\\/san-francisco-hosts-polling-for-colombia-elections\\\/#primaryimage\",\"url\":\"http:\\\/\\\/eltecolote.org\\\/content\\\/wp-content\\\/uploads\\\/2014\\\/03\\\/Colombia-Elections_01web.jpg\",\"contentUrl\":\"http:\\\/\\\/eltecolote.org\\\/content\\\/wp-content\\\/uploads\\\/2014\\\/03\\\/Colombia-Elections_01web.jpg\"},{\"@type\":\"WebSite\",\"@id\":\"https:\\\/\\\/eltecolote.org\\\/content\\\/#website\",\"url\":\"https:\\\/\\\/eltecolote.org\\\/content\\\/\",\"name\":\"El Tecolote\",\"description\":\"San Francisco's Latinx newspaper since 1970\",\"publisher\":{\"@id\":\"https:\\\/\\\/eltecolote.org\\\/content\\\/#organization\"},\"potentialAction\":[{\"@type\":\"SearchAction\",\"target\":{\"@type\":\"EntryPoint\",\"urlTemplate\":\"https:\\\/\\\/eltecolote.org\\\/content\\\/?s={search_term_string}\"},\"query-input\":{\"@type\":\"PropertyValueSpecification\",\"valueRequired\":true,\"valueName\":\"search_term_string\"}}],\"inLanguage\":\"en\"},{\"@type\":\"Organization\",\"@id\":\"https:\\\/\\\/eltecolote.org\\\/content\\\/#organization\",\"name\":\"El Tecolote\",\"url\":\"https:\\\/\\\/eltecolote.org\\\/content\\\/\",\"logo\":{\"@type\":\"ImageObject\",\"inLanguage\":\"en\",\"@id\":\"https:\\\/\\\/eltecolote.org\\\/content\\\/#\\\/schema\\\/logo\\\/image\\\/\",\"url\":\"https:\\\/\\\/i0.wp.com\\\/eltecolote.org\\\/content\\\/wp-content\\\/uploads\\\/2021\\\/05\\\/ETlogo-1.jpg?fit=400%2C400&ssl=1\",\"contentUrl\":\"https:\\\/\\\/i0.wp.com\\\/eltecolote.org\\\/content\\\/wp-content\\\/uploads\\\/2021\\\/05\\\/ETlogo-1.jpg?fit=400%2C400&ssl=1\",\"width\":400,\"height\":400,\"caption\":\"El Tecolote\"},\"image\":{\"@id\":\"https:\\\/\\\/eltecolote.org\\\/content\\\/#\\\/schema\\\/logo\\\/image\\\/\"},\"sameAs\":[\"https:\\\/\\\/www.facebook.com\\\/ElTecoloteSF\\\/\",\"https:\\\/\\\/x.com\\\/eltecolotesf\",\"https:\\\/\\\/www.instagram.com\\\/eltecolotesf\\\/\"]},{\"@type\":\"Person\",\"@id\":\"https:\\\/\\\/eltecolote.org\\\/content\\\/#\\\/schema\\\/person\\\/08828d10185eba96895a8363a269410e\",\"name\":\"El Tecolote Staff\",\"image\":{\"@type\":\"ImageObject\",\"inLanguage\":\"en\",\"@id\":\"https:\\\/\\\/secure.gravatar.com\\\/avatar\\\/9534c92c8c908364e186a64d93efc86f62367109d1b07a3454facde655968589?s=96&d=mm&r=g6afcb607783e095e4cf6be807353924d\",\"url\":\"https:\\\/\\\/secure.gravatar.com\\\/avatar\\\/9534c92c8c908364e186a64d93efc86f62367109d1b07a3454facde655968589?s=96&d=mm&r=g\",\"contentUrl\":\"https:\\\/\\\/secure.gravatar.com\\\/avatar\\\/9534c92c8c908364e186a64d93efc86f62367109d1b07a3454facde655968589?s=96&d=mm&r=g\",\"caption\":\"El Tecolote Staff\"},\"url\":\"https:\\\/\\\/eltecolote.org\\\/content\\\/author\\\/web-editor\\\/\"}]}<\/script>\n<!-- \/ Yoast SEO plugin. -->","yoast_head_json":{"title":"San Francisco hosts polling for Colombia elections - El Tecolote","description":"With joy and commitment, Colombians exercised their right to vote on Monday, March 3 through Sunday, March 9, at the Colombian Consulate in San Francisco as part of the elections to Senate, House of Representatives and Andean Parliament in the South American country.","robots":{"index":"index","follow":"follow","max-snippet":"max-snippet:-1","max-image-preview":"max-image-preview:large","max-video-preview":"max-video-preview:-1"},"canonical":"https:\/\/eltecolote.org\/content\/en\/san-francisco-hosts-polling-for-colombia-elections\/","og_locale":"en_US","og_type":"article","og_title":"San Francisco hosts polling for Colombia elections - El Tecolote","og_description":"With joy and commitment, Colombians exercised their right to vote on Monday, March 3 through Sunday, March 9, at the Colombian Consulate in San Francisco as part of the elections to Senate, House of Representatives and Andean Parliament in the South American country.","og_url":"https:\/\/eltecolote.org\/content\/en\/san-francisco-hosts-polling-for-colombia-elections\/","og_site_name":"El Tecolote","article_publisher":"https:\/\/www.facebook.com\/ElTecoloteSF\/","article_published_time":"2014-03-13T19:36:03+00:00","og_image":[{"url":"http:\/\/eltecolote.org\/content\/wp-content\/uploads\/2014\/03\/Colombia-Elections_01web.jpg","type":"","width":"","height":""}],"author":"El Tecolote Staff","twitter_card":"summary_large_image","twitter_creator":"@eltecolotesf","twitter_site":"@eltecolotesf","twitter_misc":{"Written by":"El Tecolote Staff","Est. reading time":"2 minutes"},"schema":{"@context":"https:\/\/schema.org","@graph":[{"@type":"NewsArticle","@id":"https:\/\/eltecolote.org\/content\/en\/san-francisco-hosts-polling-for-colombia-elections\/#article","isPartOf":{"@id":"https:\/\/eltecolote.org\/content\/en\/san-francisco-hosts-polling-for-colombia-elections\/"},"author":{"name":"El Tecolote Staff","@id":"https:\/\/eltecolote.org\/content\/#\/schema\/person\/08828d10185eba96895a8363a269410e"},"headline":"San Francisco hosts polling for Colombia elections","datePublished":"2014-03-13T19:36:03+00:00","mainEntityOfPage":{"@id":"https:\/\/eltecolote.org\/content\/en\/san-francisco-hosts-polling-for-colombia-elections\/"},"wordCount":311,"commentCount":0,"publisher":{"@id":"https:\/\/eltecolote.org\/content\/#organization"},"image":{"@id":"https:\/\/eltecolote.org\/content\/en\/san-francisco-hosts-polling-for-colombia-elections\/#primaryimage"},"thumbnailUrl":"http:\/\/eltecolote.org\/content\/wp-content\/uploads\/2014\/03\/Colombia-Elections_01web.jpg","keywords":["\u00c1lvaro Uribe V\u00e9lez","Centro Democr\u00e1tico","colombia","FARC","Juan Manuel Santos Calder\u00f3n","Revolutionary Armed Forces of Colombia"],"articleSection":["News"],"inLanguage":"en","potentialAction":[{"@type":"CommentAction","name":"Comment","target":["https:\/\/eltecolote.org\/content\/en\/san-francisco-hosts-polling-for-colombia-elections\/#respond"]}]},{"@type":"WebPage","@id":"https:\/\/eltecolote.org\/content\/en\/san-francisco-hosts-polling-for-colombia-elections\/","url":"https:\/\/eltecolote.org\/content\/en\/san-francisco-hosts-polling-for-colombia-elections\/","name":"San Francisco hosts polling for Colombia elections - El Tecolote","isPartOf":{"@id":"https:\/\/eltecolote.org\/content\/#website"},"primaryImageOfPage":{"@id":"https:\/\/eltecolote.org\/content\/en\/san-francisco-hosts-polling-for-colombia-elections\/#primaryimage"},"image":{"@id":"https:\/\/eltecolote.org\/content\/en\/san-francisco-hosts-polling-for-colombia-elections\/#primaryimage"},"thumbnailUrl":"http:\/\/eltecolote.org\/content\/wp-content\/uploads\/2014\/03\/Colombia-Elections_01web.jpg","datePublished":"2014-03-13T19:36:03+00:00","description":"With joy and commitment, Colombians exercised their right to vote on Monday, March 3 through Sunday, March 9, at the Colombian Consulate in San Francisco as part of the elections to Senate, House of Representatives and Andean Parliament in the South American country.","inLanguage":"en","potentialAction":[{"@type":"ReadAction","target":["https:\/\/eltecolote.org\/content\/en\/san-francisco-hosts-polling-for-colombia-elections\/"]}]},{"@type":"ImageObject","inLanguage":"en","@id":"https:\/\/eltecolote.org\/content\/en\/san-francisco-hosts-polling-for-colombia-elections\/#primaryimage","url":"http:\/\/eltecolote.org\/content\/wp-content\/uploads\/2014\/03\/Colombia-Elections_01web.jpg","contentUrl":"http:\/\/eltecolote.org\/content\/wp-content\/uploads\/2014\/03\/Colombia-Elections_01web.jpg"},{"@type":"WebSite","@id":"https:\/\/eltecolote.org\/content\/#website","url":"https:\/\/eltecolote.org\/content\/","name":"El Tecolote","description":"San Francisco's Latinx newspaper since 1970","publisher":{"@id":"https:\/\/eltecolote.org\/content\/#organization"},"potentialAction":[{"@type":"SearchAction","target":{"@type":"EntryPoint","urlTemplate":"https:\/\/eltecolote.org\/content\/?s={search_term_string}"},"query-input":{"@type":"PropertyValueSpecification","valueRequired":true,"valueName":"search_term_string"}}],"inLanguage":"en"},{"@type":"Organization","@id":"https:\/\/eltecolote.org\/content\/#organization","name":"El Tecolote","url":"https:\/\/eltecolote.org\/content\/","logo":{"@type":"ImageObject","inLanguage":"en","@id":"https:\/\/eltecolote.org\/content\/#\/schema\/logo\/image\/","url":"https:\/\/i0.wp.com\/eltecolote.org\/content\/wp-content\/uploads\/2021\/05\/ETlogo-1.jpg?fit=400%2C400&ssl=1","contentUrl":"https:\/\/i0.wp.com\/eltecolote.org\/content\/wp-content\/uploads\/2021\/05\/ETlogo-1.jpg?fit=400%2C400&ssl=1","width":400,"height":400,"caption":"El Tecolote"},"image":{"@id":"https:\/\/eltecolote.org\/content\/#\/schema\/logo\/image\/"},"sameAs":["https:\/\/www.facebook.com\/ElTecoloteSF\/","https:\/\/x.com\/eltecolotesf","https:\/\/www.instagram.com\/eltecolotesf\/"]},{"@type":"Person","@id":"https:\/\/eltecolote.org\/content\/#\/schema\/person\/08828d10185eba96895a8363a269410e","name":"El Tecolote Staff","image":{"@type":"ImageObject","inLanguage":"en","@id":"https:\/\/secure.gravatar.com\/avatar\/9534c92c8c908364e186a64d93efc86f62367109d1b07a3454facde655968589?s=96&d=mm&r=g6afcb607783e095e4cf6be807353924d","url":"https:\/\/secure.gravatar.com\/avatar\/9534c92c8c908364e186a64d93efc86f62367109d1b07a3454facde655968589?s=96&d=mm&r=g","contentUrl":"https:\/\/secure.gravatar.com\/avatar\/9534c92c8c908364e186a64d93efc86f62367109d1b07a3454facde655968589?s=96&d=mm&r=g","caption":"El Tecolote Staff"},"url":"https:\/\/eltecolote.org\/content\/author\/web-editor\/"}]}},"distributor_meta":false,"distributor_terms":false,"distributor_media":false,"distributor_original_site_name":"El Tecolote","distributor_original_site_url":"https:\/\/eltecolote.org\/content","push-errors":false,"_links":{"self":[{"href":"https:\/\/eltecolote.org\/content\/wp-json\/wp\/v2\/posts\/23831","targetHints":{"allow":["GET"]}}],"collection":[{"href":"https:\/\/eltecolote.org\/content\/wp-json\/wp\/v2\/posts"}],"about":[{"href":"https:\/\/eltecolote.org\/content\/wp-json\/wp\/v2\/types\/post"}],"author":[{"embeddable":true,"href":"https:\/\/eltecolote.org\/content\/wp-json\/wp\/v2\/users\/35"}],"replies":[{"embeddable":true,"href":"https:\/\/eltecolote.org\/content\/wp-json\/wp\/v2\/comments?post=23831"}],"version-history":[{"count":0,"href":"https:\/\/eltecolote.org\/content\/wp-json\/wp\/v2\/posts\/23831\/revisions"}],"wp:attachment":[{"href":"https:\/\/eltecolote.org\/content\/wp-json\/wp\/v2\/media?parent=23831"}],"wp:term":[{"taxonomy":"category","embeddable":true,"href":"https:\/\/eltecolote.org\/content\/wp-json\/wp\/v2\/categories?post=23831"},{"taxonomy":"post_tag","embeddable":true,"href":"https:\/\/eltecolote.org\/content\/wp-json\/wp\/v2\/tags?post=23831"},{"taxonomy":"author","embeddable":true,"href":"https:\/\/eltecolote.org\/content\/wp-json\/wp\/v2\/coauthors?post=23831"}],"curies":[{"name":"wp","href":"https:\/\/api.w.org\/{rel}","templated":true}]}}