{"id":23598,"date":"2014-02-01T08:11:26","date_gmt":"2014-02-01T15:11:26","guid":{"rendered":"http:\/\/eltecolote.org\/content\/?p=23598"},"modified":"2014-12-12T12:15:31","modified_gmt":"2014-12-12T19:15:31","slug":"prometedora-opera-prima-de-director-mexicano","status":"publish","type":"post","link":"https:\/\/eltecolote.org\/content\/es\/prometedora-opera-prima-de-director-mexicano\/","title":{"rendered":"Prometedor debut de director mexicano Fernando Fr\u00edas"},"content":{"rendered":"<figure id=\"attachment_23600\" aria-describedby=\"caption-attachment-23600\" style=\"width: 800px\" class=\"wp-caption alignnone\"><a href=\"https:\/\/i0.wp.com\/eltecolote.org\/content\/wp-content\/uploads\/2014\/01\/Rezeta-film_02web.jpg?quality=89&#038;ssl=1\"><img data-recalc-dims=\"1\" loading=\"lazy\" decoding=\"async\" class=\"size-full wp-image-23600 \" src=\"https:\/\/i0.wp.com\/eltecolote.org\/content\/wp-content\/uploads\/2014\/01\/Rezeta-film_02web.jpg?resize=800%2C533&#038;quality=89&#038;ssl=1\" alt=\"Fotograma de la pel\u00edcula Rezeta. Still from the film \u201cRezeta.\u201d Photo Courtesy Detalle Films &amp; Afterlife Films\" width=\"800\" height=\"533\" srcset=\"https:\/\/i0.wp.com\/eltecolote.org\/content\/wp-content\/uploads\/2014\/01\/Rezeta-film_02web.jpg?w=800&amp;quality=89&amp;ssl=1 800w, https:\/\/i0.wp.com\/eltecolote.org\/content\/wp-content\/uploads\/2014\/01\/Rezeta-film_02web.jpg?resize=600%2C399&amp;quality=89&amp;ssl=1 600w, https:\/\/i0.wp.com\/eltecolote.org\/content\/wp-content\/uploads\/2014\/01\/Rezeta-film_02web.jpg?resize=360%2C239&amp;quality=89&amp;ssl=1 360w\" sizes=\"auto, (max-width: 800px) 100vw, 800px\" \/><\/a><figcaption id=\"caption-attachment-23600\" class=\"wp-caption-text\">Fotograma de la pel\u00edcula <em>Rezeta.<\/em> Foto cortes\u00eda Detalle Films &amp; Afterlife Films<\/figcaption><\/figure>\n<p>Desenfadada y encantadora, <em>Rezeta,<\/em> primera pel\u00edcula del director Fernando Fr\u00edas de la Parra, constituye una brisa de aire fresco en el ya de por s\u00ed exultante paisaje del cine mexicano contempor\u00e1neo.<\/p>\n<p>La pel\u00edcula, que el pasado 23 de enero recibi\u00f3 el Premio del Jurado en el Festival de Cine de Slamdance en Park City, Utah, est\u00e1 constituida por retazos naturalistas sin transiciones elaboradas, adoleciendo de una estructura narrativa s\u00f3lida.<\/p>\n<p>Es la espontaneidad en la interpretaci\u00f3n de los actores y el vivaz trabajo de c\u00e1mara en 16 mm lo que cimenta la escasa hora y media de pel\u00edcula.<\/p>\n<p>La c\u00e1mara atrapa la interpretaci\u00f3n espont\u00e1nea de los actores bajo una genial direcci\u00f3n de actores, y la cuidada est\u00e9tica \u2014c\u00e1mara agitada y muchas tomas a contraluz\u2014 delata una espl\u00e9ndida labor de Emilio Vald\u00e9s como cinemat\u00f3grafo.<\/p>\n<p>La pel\u00edcula se centra en la estad\u00eda de una modelo kosovar (Rezeta Veliu) en la Ciudad de M\u00e9xico, a donde llega para rodar varios spots publicitarios. Durante un per\u00edodo de varios meses Rezeta conoce a varios hombres, entre ellos Alex (Roger Mendoza), un punk rocker con quien comparte una historia de amor.<\/p>\n<p>Fr\u00edas conoci\u00f3 el mundo de la moda trabajando para la televisi\u00f3n como asistente de direcci\u00f3n en anuncios, donde se inspir\u00f3 para pintar \u201clos retratos emocionales con los que me identifico\u201d, en palabras del joven director.<\/p>\n<p>As\u00ed como su paisano Nicol\u00e1s Pereda, Fr\u00edas rueda con actores no profesionales, admitiendo ajustar su gui\u00f3n en el set durante la filmaci\u00f3n. A diferencia del cine de Pereda, donde la c\u00e1mara apenas si se mueve y permanece vigilante sin interferir, el trabajo de c\u00e1mara en\u00a0<em>Rezeta<\/em> adquiere m\u00e1s protagonismo.<\/p>\n<p><em>Rezeta,<\/em> cuyos di\u00e1logos son mayoritariamente en ingl\u00e9s, comparte el desenfado y el encanto de dos pel\u00edculas \u2014el personaje de Rezeta recuerda a Anna Karina en <em>Une femme est une femm<\/em>e de Jean-Luc Godard y su relaci\u00f3n con Alex trae a la mente la historia de amor en <em>Before Sunrise<\/em> de Richard Linklater.<\/p>\n<p>Fernando Fr\u00edas estudi\u00f3 en la Universidad Iberoamericana de la Ciudad de M\u00e9xico. Film\u00f3 Rezeta en 21 d\u00edas durante el verano de 2010 y no fue hasta un a\u00f1o despu\u00e9s que comenz\u00f3 el montaje ya que se fue a la Universidad de Columbia, Nueva York, con una Beca Fulbright. La pel\u00edcula se estrenar\u00eda en el Festival de Morelia, Michoac\u00e1n, en noviembre de 2012.<\/p>\n<p><em>Rezeta ser\u00e1 la \u00fanica pel\u00edcula latina presente en la 16\u00ba edici\u00f3n del Festival de Cine Independiente de San Francisco (SF IndieFest). Se mostrar\u00e1 en el New Parkway de Oakland el martes 11 de febrero a las 9:15<em> p.m.<\/em>, y en el Roxie Theater de San Francisco el domingo 16 de febrero a las 7<em> p.m.<\/em> y jueves 20 de febrero a las 9:15 p.m.<\/em><\/p>\n<p><iframe loading=\"lazy\" title=\"Fr\u00edas de la Parra, Luis Fernando - Rezeta [2011]\" width=\"500\" height=\"281\" src=\"https:\/\/www.youtube.com\/embed\/YjVXAseqifQ?feature=oembed\" frameborder=\"0\" allow=\"accelerometer; autoplay; clipboard-write; encrypted-media; gyroscope; picture-in-picture; web-share\" referrerpolicy=\"strict-origin-when-cross-origin\" allowfullscreen><\/iframe><\/p>\n<p>&nbsp;<\/p>\n","protected":false},"excerpt":{"rendered":"<p>Desenfadada y encantadora, Rezeta, primera pel\u00edcula del director Fernando Fr\u00edas de la Parra, constituye una brisa de aire fresco en el ya de por s\u00ed exultante paisaje del cine mexicano contempor\u00e1neo. La pel\u00edcula, que el pasado 23 de enero recibi\u00f3 el Premio del Jurado en el Festival de Cine de Slamdance en Park City, Utah, [&hellip;]<\/p>\n","protected":false},"author":35,"featured_media":0,"comment_status":"open","ping_status":"closed","sticky":false,"template":"","format":"standard","meta":{"newspack_popups_has_disabled_popups":false,"newspack_featured_image_position":"","newspack_post_subtitle":"","newspack_article_summary_title":"Overview:","newspack_article_summary":"","newspack_hide_updated_date":false,"newspack_show_updated_date":false,"footnotes":""},"categories":[3519],"tags":[61,2890,2889,440,2888,2896,2897],"coauthors":[],"class_list":["post-23598","post","type-post","status-publish","format-standard","hentry","category-noticias","tag-cine","tag-emilio-valdes","tag-fernando-frias-de-la-parra","tag-mexico","tag-rezeta","tag-rezeta-veliu","tag-roger-mendoza","entry"],"yoast_head":"<!-- This site is optimized with the Yoast SEO plugin v27.5 - https:\/\/yoast.com\/product\/yoast-seo-wordpress\/ -->\n<title>Prometedor debut de director mexicano Fernando Fr\u00edas - El Tecolote<\/title>\n<meta name=\"description\" content=\"Desenfadada y encantadora, Rezeta, primera pel\u00edcula del director Fernando Fr\u00edas de la Parra, constituye una brisa de aire fresco en el ya de por s\u00ed\" \/>\n<meta name=\"robots\" content=\"index, follow, max-snippet:-1, max-image-preview:large, max-video-preview:-1\" \/>\n<link rel=\"canonical\" href=\"https:\/\/eltecolote.org\/content\/es\/prometedora-opera-prima-de-director-mexicano\/\" \/>\n<meta property=\"og:locale\" content=\"en_US\" \/>\n<meta property=\"og:type\" content=\"article\" \/>\n<meta property=\"og:title\" content=\"Prometedor debut de director mexicano Fernando Fr\u00edas - El Tecolote\" \/>\n<meta property=\"og:description\" content=\"Desenfadada y encantadora, Rezeta, primera pel\u00edcula del director Fernando Fr\u00edas de la Parra, constituye una brisa de aire fresco en el ya de por s\u00ed\" \/>\n<meta property=\"og:url\" content=\"https:\/\/eltecolote.org\/content\/es\/prometedora-opera-prima-de-director-mexicano\/\" \/>\n<meta property=\"og:site_name\" content=\"El Tecolote\" \/>\n<meta property=\"article:publisher\" content=\"https:\/\/www.facebook.com\/ElTecoloteSF\/\" \/>\n<meta property=\"article:published_time\" content=\"2014-02-01T15:11:26+00:00\" \/>\n<meta property=\"article:modified_time\" content=\"2014-12-12T19:15:31+00:00\" \/>\n<meta property=\"og:image\" content=\"http:\/\/eltecolote.org\/content\/wp-content\/uploads\/2014\/01\/Rezeta-film_02web.jpg\" \/>\n<meta name=\"author\" content=\"El Tecolote Staff\" \/>\n<meta name=\"twitter:card\" content=\"summary_large_image\" \/>\n<meta name=\"twitter:creator\" content=\"@eltecolotesf\" \/>\n<meta name=\"twitter:site\" content=\"@eltecolotesf\" \/>\n<meta name=\"twitter:label1\" content=\"Written by\" \/>\n\t<meta name=\"twitter:data1\" content=\"El Tecolote Staff\" \/>\n\t<meta name=\"twitter:label2\" content=\"Est. reading time\" \/>\n\t<meta name=\"twitter:data2\" content=\"3 minutes\" \/>\n<script type=\"application\/ld+json\" class=\"yoast-schema-graph\">{\"@context\":\"https:\\\/\\\/schema.org\",\"@graph\":[{\"@type\":\"NewsArticle\",\"@id\":\"https:\\\/\\\/eltecolote.org\\\/content\\\/es\\\/prometedora-opera-prima-de-director-mexicano\\\/#article\",\"isPartOf\":{\"@id\":\"https:\\\/\\\/eltecolote.org\\\/content\\\/es\\\/prometedora-opera-prima-de-director-mexicano\\\/\"},\"author\":{\"name\":\"El Tecolote Staff\",\"@id\":\"https:\\\/\\\/eltecolote.org\\\/content\\\/#\\\/schema\\\/person\\\/08828d10185eba96895a8363a269410e\"},\"headline\":\"Prometedor debut de director mexicano Fernando Fr\u00edas\",\"datePublished\":\"2014-02-01T15:11:26+00:00\",\"dateModified\":\"2014-12-12T19:15:31+00:00\",\"mainEntityOfPage\":{\"@id\":\"https:\\\/\\\/eltecolote.org\\\/content\\\/es\\\/prometedora-opera-prima-de-director-mexicano\\\/\"},\"wordCount\":519,\"commentCount\":0,\"publisher\":{\"@id\":\"https:\\\/\\\/eltecolote.org\\\/content\\\/#organization\"},\"image\":{\"@id\":\"https:\\\/\\\/eltecolote.org\\\/content\\\/es\\\/prometedora-opera-prima-de-director-mexicano\\\/#primaryimage\"},\"thumbnailUrl\":\"http:\\\/\\\/eltecolote.org\\\/content\\\/wp-content\\\/uploads\\\/2014\\\/01\\\/Rezeta-film_02web.jpg\",\"keywords\":[\"cine\",\"Emilio Vald\u00e9s\",\"Fernando Fr\u00edas de la Parra\",\"Mexico\",\"Rezeta\",\"Rezeta Veliu\",\"Roger Mendoza\"],\"articleSection\":[\"Noticias\"],\"inLanguage\":\"en\",\"potentialAction\":[{\"@type\":\"CommentAction\",\"name\":\"Comment\",\"target\":[\"https:\\\/\\\/eltecolote.org\\\/content\\\/es\\\/prometedora-opera-prima-de-director-mexicano\\\/#respond\"]}]},{\"@type\":\"WebPage\",\"@id\":\"https:\\\/\\\/eltecolote.org\\\/content\\\/es\\\/prometedora-opera-prima-de-director-mexicano\\\/\",\"url\":\"https:\\\/\\\/eltecolote.org\\\/content\\\/es\\\/prometedora-opera-prima-de-director-mexicano\\\/\",\"name\":\"Prometedor debut de director mexicano Fernando Fr\u00edas - El Tecolote\",\"isPartOf\":{\"@id\":\"https:\\\/\\\/eltecolote.org\\\/content\\\/#website\"},\"primaryImageOfPage\":{\"@id\":\"https:\\\/\\\/eltecolote.org\\\/content\\\/es\\\/prometedora-opera-prima-de-director-mexicano\\\/#primaryimage\"},\"image\":{\"@id\":\"https:\\\/\\\/eltecolote.org\\\/content\\\/es\\\/prometedora-opera-prima-de-director-mexicano\\\/#primaryimage\"},\"thumbnailUrl\":\"http:\\\/\\\/eltecolote.org\\\/content\\\/wp-content\\\/uploads\\\/2014\\\/01\\\/Rezeta-film_02web.jpg\",\"datePublished\":\"2014-02-01T15:11:26+00:00\",\"dateModified\":\"2014-12-12T19:15:31+00:00\",\"description\":\"Desenfadada y encantadora, Rezeta, primera pel\u00edcula del director Fernando Fr\u00edas de la Parra, constituye una brisa de aire fresco en el ya de por s\u00ed\",\"inLanguage\":\"en\",\"potentialAction\":[{\"@type\":\"ReadAction\",\"target\":[\"https:\\\/\\\/eltecolote.org\\\/content\\\/es\\\/prometedora-opera-prima-de-director-mexicano\\\/\"]}]},{\"@type\":\"ImageObject\",\"inLanguage\":\"en\",\"@id\":\"https:\\\/\\\/eltecolote.org\\\/content\\\/es\\\/prometedora-opera-prima-de-director-mexicano\\\/#primaryimage\",\"url\":\"http:\\\/\\\/eltecolote.org\\\/content\\\/wp-content\\\/uploads\\\/2014\\\/01\\\/Rezeta-film_02web.jpg\",\"contentUrl\":\"http:\\\/\\\/eltecolote.org\\\/content\\\/wp-content\\\/uploads\\\/2014\\\/01\\\/Rezeta-film_02web.jpg\"},{\"@type\":\"WebSite\",\"@id\":\"https:\\\/\\\/eltecolote.org\\\/content\\\/#website\",\"url\":\"https:\\\/\\\/eltecolote.org\\\/content\\\/\",\"name\":\"El Tecolote\",\"description\":\"San Francisco's Latinx newspaper since 1970\",\"publisher\":{\"@id\":\"https:\\\/\\\/eltecolote.org\\\/content\\\/#organization\"},\"potentialAction\":[{\"@type\":\"SearchAction\",\"target\":{\"@type\":\"EntryPoint\",\"urlTemplate\":\"https:\\\/\\\/eltecolote.org\\\/content\\\/?s={search_term_string}\"},\"query-input\":{\"@type\":\"PropertyValueSpecification\",\"valueRequired\":true,\"valueName\":\"search_term_string\"}}],\"inLanguage\":\"en\"},{\"@type\":\"Organization\",\"@id\":\"https:\\\/\\\/eltecolote.org\\\/content\\\/#organization\",\"name\":\"El Tecolote\",\"url\":\"https:\\\/\\\/eltecolote.org\\\/content\\\/\",\"logo\":{\"@type\":\"ImageObject\",\"inLanguage\":\"en\",\"@id\":\"https:\\\/\\\/eltecolote.org\\\/content\\\/#\\\/schema\\\/logo\\\/image\\\/\",\"url\":\"https:\\\/\\\/i0.wp.com\\\/eltecolote.org\\\/content\\\/wp-content\\\/uploads\\\/2021\\\/05\\\/ETlogo-1.jpg?fit=400%2C400&ssl=1\",\"contentUrl\":\"https:\\\/\\\/i0.wp.com\\\/eltecolote.org\\\/content\\\/wp-content\\\/uploads\\\/2021\\\/05\\\/ETlogo-1.jpg?fit=400%2C400&ssl=1\",\"width\":400,\"height\":400,\"caption\":\"El Tecolote\"},\"image\":{\"@id\":\"https:\\\/\\\/eltecolote.org\\\/content\\\/#\\\/schema\\\/logo\\\/image\\\/\"},\"sameAs\":[\"https:\\\/\\\/www.facebook.com\\\/ElTecoloteSF\\\/\",\"https:\\\/\\\/x.com\\\/eltecolotesf\",\"https:\\\/\\\/www.instagram.com\\\/eltecolotesf\\\/\"]},{\"@type\":\"Person\",\"@id\":\"https:\\\/\\\/eltecolote.org\\\/content\\\/#\\\/schema\\\/person\\\/08828d10185eba96895a8363a269410e\",\"name\":\"El Tecolote Staff\",\"image\":{\"@type\":\"ImageObject\",\"inLanguage\":\"en\",\"@id\":\"https:\\\/\\\/secure.gravatar.com\\\/avatar\\\/9534c92c8c908364e186a64d93efc86f62367109d1b07a3454facde655968589?s=96&d=mm&r=g6afcb607783e095e4cf6be807353924d\",\"url\":\"https:\\\/\\\/secure.gravatar.com\\\/avatar\\\/9534c92c8c908364e186a64d93efc86f62367109d1b07a3454facde655968589?s=96&d=mm&r=g\",\"contentUrl\":\"https:\\\/\\\/secure.gravatar.com\\\/avatar\\\/9534c92c8c908364e186a64d93efc86f62367109d1b07a3454facde655968589?s=96&d=mm&r=g\",\"caption\":\"El Tecolote Staff\"},\"url\":\"https:\\\/\\\/eltecolote.org\\\/content\\\/author\\\/web-editor\\\/\"}]}<\/script>\n<!-- \/ Yoast SEO plugin. -->","yoast_head_json":{"title":"Prometedor debut de director mexicano Fernando Fr\u00edas - El Tecolote","description":"Desenfadada y encantadora, Rezeta, primera pel\u00edcula del director Fernando Fr\u00edas de la Parra, constituye una brisa de aire fresco en el ya de por s\u00ed","robots":{"index":"index","follow":"follow","max-snippet":"max-snippet:-1","max-image-preview":"max-image-preview:large","max-video-preview":"max-video-preview:-1"},"canonical":"https:\/\/eltecolote.org\/content\/es\/prometedora-opera-prima-de-director-mexicano\/","og_locale":"en_US","og_type":"article","og_title":"Prometedor debut de director mexicano Fernando Fr\u00edas - El Tecolote","og_description":"Desenfadada y encantadora, Rezeta, primera pel\u00edcula del director Fernando Fr\u00edas de la Parra, constituye una brisa de aire fresco en el ya de por s\u00ed","og_url":"https:\/\/eltecolote.org\/content\/es\/prometedora-opera-prima-de-director-mexicano\/","og_site_name":"El Tecolote","article_publisher":"https:\/\/www.facebook.com\/ElTecoloteSF\/","article_published_time":"2014-02-01T15:11:26+00:00","article_modified_time":"2014-12-12T19:15:31+00:00","og_image":[{"url":"http:\/\/eltecolote.org\/content\/wp-content\/uploads\/2014\/01\/Rezeta-film_02web.jpg","type":"","width":"","height":""}],"author":"El Tecolote Staff","twitter_card":"summary_large_image","twitter_creator":"@eltecolotesf","twitter_site":"@eltecolotesf","twitter_misc":{"Written by":"El Tecolote Staff","Est. reading time":"3 minutes"},"schema":{"@context":"https:\/\/schema.org","@graph":[{"@type":"NewsArticle","@id":"https:\/\/eltecolote.org\/content\/es\/prometedora-opera-prima-de-director-mexicano\/#article","isPartOf":{"@id":"https:\/\/eltecolote.org\/content\/es\/prometedora-opera-prima-de-director-mexicano\/"},"author":{"name":"El Tecolote Staff","@id":"https:\/\/eltecolote.org\/content\/#\/schema\/person\/08828d10185eba96895a8363a269410e"},"headline":"Prometedor debut de director mexicano Fernando Fr\u00edas","datePublished":"2014-02-01T15:11:26+00:00","dateModified":"2014-12-12T19:15:31+00:00","mainEntityOfPage":{"@id":"https:\/\/eltecolote.org\/content\/es\/prometedora-opera-prima-de-director-mexicano\/"},"wordCount":519,"commentCount":0,"publisher":{"@id":"https:\/\/eltecolote.org\/content\/#organization"},"image":{"@id":"https:\/\/eltecolote.org\/content\/es\/prometedora-opera-prima-de-director-mexicano\/#primaryimage"},"thumbnailUrl":"http:\/\/eltecolote.org\/content\/wp-content\/uploads\/2014\/01\/Rezeta-film_02web.jpg","keywords":["cine","Emilio Vald\u00e9s","Fernando Fr\u00edas de la Parra","Mexico","Rezeta","Rezeta Veliu","Roger Mendoza"],"articleSection":["Noticias"],"inLanguage":"en","potentialAction":[{"@type":"CommentAction","name":"Comment","target":["https:\/\/eltecolote.org\/content\/es\/prometedora-opera-prima-de-director-mexicano\/#respond"]}]},{"@type":"WebPage","@id":"https:\/\/eltecolote.org\/content\/es\/prometedora-opera-prima-de-director-mexicano\/","url":"https:\/\/eltecolote.org\/content\/es\/prometedora-opera-prima-de-director-mexicano\/","name":"Prometedor debut de director mexicano Fernando Fr\u00edas - El Tecolote","isPartOf":{"@id":"https:\/\/eltecolote.org\/content\/#website"},"primaryImageOfPage":{"@id":"https:\/\/eltecolote.org\/content\/es\/prometedora-opera-prima-de-director-mexicano\/#primaryimage"},"image":{"@id":"https:\/\/eltecolote.org\/content\/es\/prometedora-opera-prima-de-director-mexicano\/#primaryimage"},"thumbnailUrl":"http:\/\/eltecolote.org\/content\/wp-content\/uploads\/2014\/01\/Rezeta-film_02web.jpg","datePublished":"2014-02-01T15:11:26+00:00","dateModified":"2014-12-12T19:15:31+00:00","description":"Desenfadada y encantadora, Rezeta, primera pel\u00edcula del director Fernando Fr\u00edas de la Parra, constituye una brisa de aire fresco en el ya de por s\u00ed","inLanguage":"en","potentialAction":[{"@type":"ReadAction","target":["https:\/\/eltecolote.org\/content\/es\/prometedora-opera-prima-de-director-mexicano\/"]}]},{"@type":"ImageObject","inLanguage":"en","@id":"https:\/\/eltecolote.org\/content\/es\/prometedora-opera-prima-de-director-mexicano\/#primaryimage","url":"http:\/\/eltecolote.org\/content\/wp-content\/uploads\/2014\/01\/Rezeta-film_02web.jpg","contentUrl":"http:\/\/eltecolote.org\/content\/wp-content\/uploads\/2014\/01\/Rezeta-film_02web.jpg"},{"@type":"WebSite","@id":"https:\/\/eltecolote.org\/content\/#website","url":"https:\/\/eltecolote.org\/content\/","name":"El Tecolote","description":"San Francisco's Latinx newspaper since 1970","publisher":{"@id":"https:\/\/eltecolote.org\/content\/#organization"},"potentialAction":[{"@type":"SearchAction","target":{"@type":"EntryPoint","urlTemplate":"https:\/\/eltecolote.org\/content\/?s={search_term_string}"},"query-input":{"@type":"PropertyValueSpecification","valueRequired":true,"valueName":"search_term_string"}}],"inLanguage":"en"},{"@type":"Organization","@id":"https:\/\/eltecolote.org\/content\/#organization","name":"El Tecolote","url":"https:\/\/eltecolote.org\/content\/","logo":{"@type":"ImageObject","inLanguage":"en","@id":"https:\/\/eltecolote.org\/content\/#\/schema\/logo\/image\/","url":"https:\/\/i0.wp.com\/eltecolote.org\/content\/wp-content\/uploads\/2021\/05\/ETlogo-1.jpg?fit=400%2C400&ssl=1","contentUrl":"https:\/\/i0.wp.com\/eltecolote.org\/content\/wp-content\/uploads\/2021\/05\/ETlogo-1.jpg?fit=400%2C400&ssl=1","width":400,"height":400,"caption":"El Tecolote"},"image":{"@id":"https:\/\/eltecolote.org\/content\/#\/schema\/logo\/image\/"},"sameAs":["https:\/\/www.facebook.com\/ElTecoloteSF\/","https:\/\/x.com\/eltecolotesf","https:\/\/www.instagram.com\/eltecolotesf\/"]},{"@type":"Person","@id":"https:\/\/eltecolote.org\/content\/#\/schema\/person\/08828d10185eba96895a8363a269410e","name":"El Tecolote Staff","image":{"@type":"ImageObject","inLanguage":"en","@id":"https:\/\/secure.gravatar.com\/avatar\/9534c92c8c908364e186a64d93efc86f62367109d1b07a3454facde655968589?s=96&d=mm&r=g6afcb607783e095e4cf6be807353924d","url":"https:\/\/secure.gravatar.com\/avatar\/9534c92c8c908364e186a64d93efc86f62367109d1b07a3454facde655968589?s=96&d=mm&r=g","contentUrl":"https:\/\/secure.gravatar.com\/avatar\/9534c92c8c908364e186a64d93efc86f62367109d1b07a3454facde655968589?s=96&d=mm&r=g","caption":"El Tecolote Staff"},"url":"https:\/\/eltecolote.org\/content\/author\/web-editor\/"}]}},"distributor_meta":false,"distributor_terms":false,"distributor_media":false,"distributor_original_site_name":"El Tecolote","distributor_original_site_url":"https:\/\/eltecolote.org\/content","push-errors":false,"_links":{"self":[{"href":"https:\/\/eltecolote.org\/content\/wp-json\/wp\/v2\/posts\/23598","targetHints":{"allow":["GET"]}}],"collection":[{"href":"https:\/\/eltecolote.org\/content\/wp-json\/wp\/v2\/posts"}],"about":[{"href":"https:\/\/eltecolote.org\/content\/wp-json\/wp\/v2\/types\/post"}],"author":[{"embeddable":true,"href":"https:\/\/eltecolote.org\/content\/wp-json\/wp\/v2\/users\/35"}],"replies":[{"embeddable":true,"href":"https:\/\/eltecolote.org\/content\/wp-json\/wp\/v2\/comments?post=23598"}],"version-history":[{"count":5,"href":"https:\/\/eltecolote.org\/content\/wp-json\/wp\/v2\/posts\/23598\/revisions"}],"predecessor-version":[{"id":23672,"href":"https:\/\/eltecolote.org\/content\/wp-json\/wp\/v2\/posts\/23598\/revisions\/23672"}],"wp:attachment":[{"href":"https:\/\/eltecolote.org\/content\/wp-json\/wp\/v2\/media?parent=23598"}],"wp:term":[{"taxonomy":"category","embeddable":true,"href":"https:\/\/eltecolote.org\/content\/wp-json\/wp\/v2\/categories?post=23598"},{"taxonomy":"post_tag","embeddable":true,"href":"https:\/\/eltecolote.org\/content\/wp-json\/wp\/v2\/tags?post=23598"},{"taxonomy":"author","embeddable":true,"href":"https:\/\/eltecolote.org\/content\/wp-json\/wp\/v2\/coauthors?post=23598"}],"curies":[{"name":"wp","href":"https:\/\/api.w.org\/{rel}","templated":true}]}}