{"id":22622,"date":"2013-10-26T17:16:41","date_gmt":"2013-10-27T00:16:41","guid":{"rendered":"http:\/\/eltecolote.org\/content\/?p=22622"},"modified":"2013-10-26T17:16:41","modified_gmt":"2013-10-27T00:16:41","slug":"city-college-advocates-protest-at-accrediting-commissions-office","status":"publish","type":"post","link":"https:\/\/eltecolote.org\/content\/en\/city-college-advocates-protest-at-accrediting-commissions-office\/","title":{"rendered":"City College advocates protest at accrediting commission\u2019s office"},"content":{"rendered":"<figure id=\"attachment_22623\" aria-describedby=\"caption-attachment-22623\" style=\"width: 800px\" class=\"wp-caption alignnone\"><a href=\"https:\/\/i0.wp.com\/eltecolote.org\/content\/wp-content\/uploads\/2013\/10\/ACCJC-rally_01web.jpg?quality=89&#038;ssl=1\"><img data-recalc-dims=\"1\" loading=\"lazy\" decoding=\"async\" class=\"size-full wp-image-22623 \" alt=\"Wendy Kaufmyn de la Coalici\u00f3n Save CCSF se dirige a la multitud reunida durante la manifestaci\u00f3n en la oficina de la Comisi\u00f3n de Acreditaci\u00f3n de Junior Colleges de California (ACCJC), en Novato. Wendy Kaufmyn of Save CCSF Coalition addresses the crowd at the rally at the Accrediting Commission of California Junior Colleges\u2019 (ACCJC) office in Novato on Oct. 11. Photo Ekevara Kitpowsong, The Guardsman\" src=\"https:\/\/i0.wp.com\/eltecolote.org\/content\/wp-content\/uploads\/2013\/10\/ACCJC-rally_01web.jpg?resize=800%2C531&#038;quality=89&#038;ssl=1\" width=\"800\" height=\"531\" srcset=\"https:\/\/i0.wp.com\/eltecolote.org\/content\/wp-content\/uploads\/2013\/10\/ACCJC-rally_01web.jpg?w=800&amp;quality=89&amp;ssl=1 800w, https:\/\/i0.wp.com\/eltecolote.org\/content\/wp-content\/uploads\/2013\/10\/ACCJC-rally_01web.jpg?resize=600%2C398&amp;quality=89&amp;ssl=1 600w, https:\/\/i0.wp.com\/eltecolote.org\/content\/wp-content\/uploads\/2013\/10\/ACCJC-rally_01web.jpg?resize=360%2C238&amp;quality=89&amp;ssl=1 360w\" sizes=\"auto, (max-width: 800px) 100vw, 800px\" \/><\/a><figcaption id=\"caption-attachment-22623\" class=\"wp-caption-text\">Wendy Kaufmyn of Save CCSF Coalition addresses the crowd at the rally at the Accrediting Commission of California Junior Colleges\u2019 (ACCJC) office in Novato on Oct. 11. Photo Ekevara Kitpowsong, The Guardsman<\/figcaption><\/figure>\n<p>Over 100 students, teachers and staff carpooled to the Accrediting Commission of California Junior Colleges\u2019 (ACCJC) main office in Novato on Oct. 11 to rally against the ruling that threatens to close City College by the end of next semester.<\/p>\n<p>\u201cWe are here as teachers, as students, and community members, to protest the unfair and biased sanctions against all community colleges in California,\u201d Save CCSF Coalition organizer Wendy Kaufmyn said.<\/p>\n<p>The mission statement of City College states \u201cwe will continue to reach out to all people, especially to those communities who encounter barriers to education,\u201d and that due to the accreditation crisis, equal access to community education is in danger.<\/p>\n<p>\u201cThese sanctions are directly impacting the most marginalized population of students. Undocumented, non-traditional, and students of color are in danger of losing equal access to education,\u201d said CCSF Coalition member Lalo Gonzales.<\/p>\n<p>Associated Student Council senator Itzel Calvo said she is rallying on behalf of Voices of Immigrants Demonstrating Achievement (VIDA), a resource center within City College.<\/p>\n<p>\u201cVIDA is the only center in the whole country that is focused on getting resources for undocumented immigrants. If City College closes, that resource center closes,\u201d said Calvo.<\/p>\n<p>Ana Fisher, a City College Child Development and Family Studies faculty member, spoke about the opportunities that City College gave her after she came from El Salvador.<\/p>\n<p>\u201cI want to say thank you to City College for teaching me English, otherwise I wouldn\u2019t be here&#8230;I was able to get my BA from San Francisco State, and then my Masters.\u201d<\/p>\n<p>\u201cThe ACCJC is going to leave behind people that come to the United States with the hope to be something better. I\u2019m not ashamed, I crossed the border illegally and I would do it a thousand times again. City College should be open for all people, especially the poor who need it most,\u201d said Fisher.<\/p>\n<p>Dora Palacios, a City College student taking poetry and PE classes for her health is worried about her son graduating high school this year, \u201cI don\u2019t have money, and I\u2019m disabled, and can\u2019t afford to pay for his education. Most parents are worried about this ruling.\u201d<\/p>\n<p>Palacios continued: \u201cEducation shouldn\u2019t be a privilege, but for all people. If we can\u2019t get education, then what\u2019s tomorrow? What kind of world will we live in?\u201d<\/p>\n","protected":false},"excerpt":{"rendered":"<p>Over 100 students, teachers and staff carpooled to the Accrediting Commission of California Junior Colleges\u2019 (ACCJC) main office in Novato on Oct. 11 to rally against the ruling that threatens to close City College by the end of next semester.<\/p>\n","protected":false},"author":35,"featured_media":0,"comment_status":"open","ping_status":"closed","sticky":false,"template":"","format":"standard","meta":{"newspack_popups_has_disabled_popups":false,"newspack_featured_image_position":"","newspack_post_subtitle":"","newspack_article_summary_title":"Overview:","newspack_article_summary":"","newspack_hide_updated_date":false,"newspack_show_updated_date":false,"footnotes":""},"categories":[7],"tags":[2423,2680,958,1724,2682,2681],"coauthors":[],"class_list":["post-22622","post","type-post","status-publish","format-standard","hentry","category-news","tag-accjc","tag-accrediting-commission-of-california-junior-colleges","tag-ccsf","tag-city-college-of-san-francisco","tag-vida","tag-voices-of-immigrants-demonstrating-achievement","entry"],"yoast_head":"<!-- This site is optimized with the Yoast SEO plugin v27.4 - https:\/\/yoast.com\/product\/yoast-seo-wordpress\/ -->\n<title>City College advocates protest at accrediting commission\u2019s office - El Tecolote<\/title>\n<meta name=\"description\" content=\"Over 100 students, teachers and staff carpooled to the Accrediting Commission of California Junior Colleges\u2019 (ACCJC) main office in Novato on Oct. 11 to rally against the ruling that threatens to close City College by the end of next semester.\" \/>\n<meta name=\"robots\" content=\"index, follow, max-snippet:-1, max-image-preview:large, max-video-preview:-1\" \/>\n<link rel=\"canonical\" href=\"https:\/\/eltecolote.org\/content\/en\/city-college-advocates-protest-at-accrediting-commissions-office\/\" \/>\n<meta property=\"og:locale\" content=\"en_US\" \/>\n<meta property=\"og:type\" content=\"article\" \/>\n<meta property=\"og:title\" content=\"City College advocates protest at accrediting commission\u2019s office - El Tecolote\" \/>\n<meta property=\"og:description\" content=\"Over 100 students, teachers and staff carpooled to the Accrediting Commission of California Junior Colleges\u2019 (ACCJC) main office in Novato on Oct. 11 to rally against the ruling that threatens to close City College by the end of next semester.\" \/>\n<meta property=\"og:url\" content=\"https:\/\/eltecolote.org\/content\/en\/city-college-advocates-protest-at-accrediting-commissions-office\/\" \/>\n<meta property=\"og:site_name\" content=\"El Tecolote\" \/>\n<meta property=\"article:publisher\" content=\"https:\/\/www.facebook.com\/ElTecoloteSF\/\" \/>\n<meta property=\"article:published_time\" content=\"2013-10-27T00:16:41+00:00\" \/>\n<meta property=\"og:image\" content=\"http:\/\/eltecolote.org\/content\/wp-content\/uploads\/2013\/10\/ACCJC-rally_01web.jpg\" \/>\n<meta name=\"author\" content=\"El Tecolote Staff\" \/>\n<meta name=\"twitter:card\" content=\"summary_large_image\" \/>\n<meta name=\"twitter:creator\" content=\"@eltecolotesf\" \/>\n<meta name=\"twitter:site\" content=\"@eltecolotesf\" \/>\n<meta name=\"twitter:label1\" content=\"Written by\" \/>\n\t<meta name=\"twitter:data1\" content=\"El Tecolote Staff\" \/>\n\t<meta name=\"twitter:label2\" content=\"Est. reading time\" \/>\n\t<meta name=\"twitter:data2\" content=\"2 minutes\" \/>\n<script type=\"application\/ld+json\" class=\"yoast-schema-graph\">{\"@context\":\"https:\\\/\\\/schema.org\",\"@graph\":[{\"@type\":\"NewsArticle\",\"@id\":\"https:\\\/\\\/eltecolote.org\\\/content\\\/en\\\/city-college-advocates-protest-at-accrediting-commissions-office\\\/#article\",\"isPartOf\":{\"@id\":\"https:\\\/\\\/eltecolote.org\\\/content\\\/en\\\/city-college-advocates-protest-at-accrediting-commissions-office\\\/\"},\"author\":{\"name\":\"El Tecolote Staff\",\"@id\":\"https:\\\/\\\/eltecolote.org\\\/content\\\/#\\\/schema\\\/person\\\/08828d10185eba96895a8363a269410e\"},\"headline\":\"City College advocates protest at accrediting commission\u2019s office\",\"datePublished\":\"2013-10-27T00:16:41+00:00\",\"mainEntityOfPage\":{\"@id\":\"https:\\\/\\\/eltecolote.org\\\/content\\\/en\\\/city-college-advocates-protest-at-accrediting-commissions-office\\\/\"},\"wordCount\":436,\"commentCount\":0,\"publisher\":{\"@id\":\"https:\\\/\\\/eltecolote.org\\\/content\\\/#organization\"},\"image\":{\"@id\":\"https:\\\/\\\/eltecolote.org\\\/content\\\/en\\\/city-college-advocates-protest-at-accrediting-commissions-office\\\/#primaryimage\"},\"thumbnailUrl\":\"http:\\\/\\\/eltecolote.org\\\/content\\\/wp-content\\\/uploads\\\/2013\\\/10\\\/ACCJC-rally_01web.jpg\",\"keywords\":[\"ACCJC\",\"Accrediting Commission of California Junior Colleges\",\"CCSF\",\"city college of san francisco\",\"VIDA\",\"Voices of Immigrants Demonstrating Achievement\"],\"articleSection\":[\"News\"],\"inLanguage\":\"en\",\"potentialAction\":[{\"@type\":\"CommentAction\",\"name\":\"Comment\",\"target\":[\"https:\\\/\\\/eltecolote.org\\\/content\\\/en\\\/city-college-advocates-protest-at-accrediting-commissions-office\\\/#respond\"]}]},{\"@type\":\"WebPage\",\"@id\":\"https:\\\/\\\/eltecolote.org\\\/content\\\/en\\\/city-college-advocates-protest-at-accrediting-commissions-office\\\/\",\"url\":\"https:\\\/\\\/eltecolote.org\\\/content\\\/en\\\/city-college-advocates-protest-at-accrediting-commissions-office\\\/\",\"name\":\"City College advocates protest at accrediting commission\u2019s office - El Tecolote\",\"isPartOf\":{\"@id\":\"https:\\\/\\\/eltecolote.org\\\/content\\\/#website\"},\"primaryImageOfPage\":{\"@id\":\"https:\\\/\\\/eltecolote.org\\\/content\\\/en\\\/city-college-advocates-protest-at-accrediting-commissions-office\\\/#primaryimage\"},\"image\":{\"@id\":\"https:\\\/\\\/eltecolote.org\\\/content\\\/en\\\/city-college-advocates-protest-at-accrediting-commissions-office\\\/#primaryimage\"},\"thumbnailUrl\":\"http:\\\/\\\/eltecolote.org\\\/content\\\/wp-content\\\/uploads\\\/2013\\\/10\\\/ACCJC-rally_01web.jpg\",\"datePublished\":\"2013-10-27T00:16:41+00:00\",\"description\":\"Over 100 students, teachers and staff carpooled to the Accrediting Commission of California Junior Colleges\u2019 (ACCJC) main office in Novato on Oct. 11 to rally against the ruling that threatens to close City College by the end of next semester.\",\"inLanguage\":\"en\",\"potentialAction\":[{\"@type\":\"ReadAction\",\"target\":[\"https:\\\/\\\/eltecolote.org\\\/content\\\/en\\\/city-college-advocates-protest-at-accrediting-commissions-office\\\/\"]}]},{\"@type\":\"ImageObject\",\"inLanguage\":\"en\",\"@id\":\"https:\\\/\\\/eltecolote.org\\\/content\\\/en\\\/city-college-advocates-protest-at-accrediting-commissions-office\\\/#primaryimage\",\"url\":\"http:\\\/\\\/eltecolote.org\\\/content\\\/wp-content\\\/uploads\\\/2013\\\/10\\\/ACCJC-rally_01web.jpg\",\"contentUrl\":\"http:\\\/\\\/eltecolote.org\\\/content\\\/wp-content\\\/uploads\\\/2013\\\/10\\\/ACCJC-rally_01web.jpg\"},{\"@type\":\"WebSite\",\"@id\":\"https:\\\/\\\/eltecolote.org\\\/content\\\/#website\",\"url\":\"https:\\\/\\\/eltecolote.org\\\/content\\\/\",\"name\":\"El Tecolote\",\"description\":\"San Francisco's Latinx newspaper since 1970\",\"publisher\":{\"@id\":\"https:\\\/\\\/eltecolote.org\\\/content\\\/#organization\"},\"potentialAction\":[{\"@type\":\"SearchAction\",\"target\":{\"@type\":\"EntryPoint\",\"urlTemplate\":\"https:\\\/\\\/eltecolote.org\\\/content\\\/?s={search_term_string}\"},\"query-input\":{\"@type\":\"PropertyValueSpecification\",\"valueRequired\":true,\"valueName\":\"search_term_string\"}}],\"inLanguage\":\"en\"},{\"@type\":\"Organization\",\"@id\":\"https:\\\/\\\/eltecolote.org\\\/content\\\/#organization\",\"name\":\"El Tecolote\",\"url\":\"https:\\\/\\\/eltecolote.org\\\/content\\\/\",\"logo\":{\"@type\":\"ImageObject\",\"inLanguage\":\"en\",\"@id\":\"https:\\\/\\\/eltecolote.org\\\/content\\\/#\\\/schema\\\/logo\\\/image\\\/\",\"url\":\"https:\\\/\\\/i0.wp.com\\\/eltecolote.org\\\/content\\\/wp-content\\\/uploads\\\/2021\\\/05\\\/ETlogo-1.jpg?fit=400%2C400&ssl=1\",\"contentUrl\":\"https:\\\/\\\/i0.wp.com\\\/eltecolote.org\\\/content\\\/wp-content\\\/uploads\\\/2021\\\/05\\\/ETlogo-1.jpg?fit=400%2C400&ssl=1\",\"width\":400,\"height\":400,\"caption\":\"El Tecolote\"},\"image\":{\"@id\":\"https:\\\/\\\/eltecolote.org\\\/content\\\/#\\\/schema\\\/logo\\\/image\\\/\"},\"sameAs\":[\"https:\\\/\\\/www.facebook.com\\\/ElTecoloteSF\\\/\",\"https:\\\/\\\/x.com\\\/eltecolotesf\",\"https:\\\/\\\/www.instagram.com\\\/eltecolotesf\\\/\"]},{\"@type\":\"Person\",\"@id\":\"https:\\\/\\\/eltecolote.org\\\/content\\\/#\\\/schema\\\/person\\\/08828d10185eba96895a8363a269410e\",\"name\":\"El Tecolote Staff\",\"image\":{\"@type\":\"ImageObject\",\"inLanguage\":\"en\",\"@id\":\"https:\\\/\\\/secure.gravatar.com\\\/avatar\\\/9534c92c8c908364e186a64d93efc86f62367109d1b07a3454facde655968589?s=96&d=mm&r=g6afcb607783e095e4cf6be807353924d\",\"url\":\"https:\\\/\\\/secure.gravatar.com\\\/avatar\\\/9534c92c8c908364e186a64d93efc86f62367109d1b07a3454facde655968589?s=96&d=mm&r=g\",\"contentUrl\":\"https:\\\/\\\/secure.gravatar.com\\\/avatar\\\/9534c92c8c908364e186a64d93efc86f62367109d1b07a3454facde655968589?s=96&d=mm&r=g\",\"caption\":\"El Tecolote Staff\"},\"url\":\"https:\\\/\\\/eltecolote.org\\\/content\\\/author\\\/web-editor\\\/\"}]}<\/script>\n<!-- \/ Yoast SEO plugin. -->","yoast_head_json":{"title":"City College advocates protest at accrediting commission\u2019s office - El Tecolote","description":"Over 100 students, teachers and staff carpooled to the Accrediting Commission of California Junior Colleges\u2019 (ACCJC) main office in Novato on Oct. 11 to rally against the ruling that threatens to close City College by the end of next semester.","robots":{"index":"index","follow":"follow","max-snippet":"max-snippet:-1","max-image-preview":"max-image-preview:large","max-video-preview":"max-video-preview:-1"},"canonical":"https:\/\/eltecolote.org\/content\/en\/city-college-advocates-protest-at-accrediting-commissions-office\/","og_locale":"en_US","og_type":"article","og_title":"City College advocates protest at accrediting commission\u2019s office - El Tecolote","og_description":"Over 100 students, teachers and staff carpooled to the Accrediting Commission of California Junior Colleges\u2019 (ACCJC) main office in Novato on Oct. 11 to rally against the ruling that threatens to close City College by the end of next semester.","og_url":"https:\/\/eltecolote.org\/content\/en\/city-college-advocates-protest-at-accrediting-commissions-office\/","og_site_name":"El Tecolote","article_publisher":"https:\/\/www.facebook.com\/ElTecoloteSF\/","article_published_time":"2013-10-27T00:16:41+00:00","og_image":[{"url":"http:\/\/eltecolote.org\/content\/wp-content\/uploads\/2013\/10\/ACCJC-rally_01web.jpg","type":"","width":"","height":""}],"author":"El Tecolote Staff","twitter_card":"summary_large_image","twitter_creator":"@eltecolotesf","twitter_site":"@eltecolotesf","twitter_misc":{"Written by":"El Tecolote Staff","Est. reading time":"2 minutes"},"schema":{"@context":"https:\/\/schema.org","@graph":[{"@type":"NewsArticle","@id":"https:\/\/eltecolote.org\/content\/en\/city-college-advocates-protest-at-accrediting-commissions-office\/#article","isPartOf":{"@id":"https:\/\/eltecolote.org\/content\/en\/city-college-advocates-protest-at-accrediting-commissions-office\/"},"author":{"name":"El Tecolote Staff","@id":"https:\/\/eltecolote.org\/content\/#\/schema\/person\/08828d10185eba96895a8363a269410e"},"headline":"City College advocates protest at accrediting commission\u2019s office","datePublished":"2013-10-27T00:16:41+00:00","mainEntityOfPage":{"@id":"https:\/\/eltecolote.org\/content\/en\/city-college-advocates-protest-at-accrediting-commissions-office\/"},"wordCount":436,"commentCount":0,"publisher":{"@id":"https:\/\/eltecolote.org\/content\/#organization"},"image":{"@id":"https:\/\/eltecolote.org\/content\/en\/city-college-advocates-protest-at-accrediting-commissions-office\/#primaryimage"},"thumbnailUrl":"http:\/\/eltecolote.org\/content\/wp-content\/uploads\/2013\/10\/ACCJC-rally_01web.jpg","keywords":["ACCJC","Accrediting Commission of California Junior Colleges","CCSF","city college of san francisco","VIDA","Voices of Immigrants Demonstrating Achievement"],"articleSection":["News"],"inLanguage":"en","potentialAction":[{"@type":"CommentAction","name":"Comment","target":["https:\/\/eltecolote.org\/content\/en\/city-college-advocates-protest-at-accrediting-commissions-office\/#respond"]}]},{"@type":"WebPage","@id":"https:\/\/eltecolote.org\/content\/en\/city-college-advocates-protest-at-accrediting-commissions-office\/","url":"https:\/\/eltecolote.org\/content\/en\/city-college-advocates-protest-at-accrediting-commissions-office\/","name":"City College advocates protest at accrediting commission\u2019s office - El Tecolote","isPartOf":{"@id":"https:\/\/eltecolote.org\/content\/#website"},"primaryImageOfPage":{"@id":"https:\/\/eltecolote.org\/content\/en\/city-college-advocates-protest-at-accrediting-commissions-office\/#primaryimage"},"image":{"@id":"https:\/\/eltecolote.org\/content\/en\/city-college-advocates-protest-at-accrediting-commissions-office\/#primaryimage"},"thumbnailUrl":"http:\/\/eltecolote.org\/content\/wp-content\/uploads\/2013\/10\/ACCJC-rally_01web.jpg","datePublished":"2013-10-27T00:16:41+00:00","description":"Over 100 students, teachers and staff carpooled to the Accrediting Commission of California Junior Colleges\u2019 (ACCJC) main office in Novato on Oct. 11 to rally against the ruling that threatens to close City College by the end of next semester.","inLanguage":"en","potentialAction":[{"@type":"ReadAction","target":["https:\/\/eltecolote.org\/content\/en\/city-college-advocates-protest-at-accrediting-commissions-office\/"]}]},{"@type":"ImageObject","inLanguage":"en","@id":"https:\/\/eltecolote.org\/content\/en\/city-college-advocates-protest-at-accrediting-commissions-office\/#primaryimage","url":"http:\/\/eltecolote.org\/content\/wp-content\/uploads\/2013\/10\/ACCJC-rally_01web.jpg","contentUrl":"http:\/\/eltecolote.org\/content\/wp-content\/uploads\/2013\/10\/ACCJC-rally_01web.jpg"},{"@type":"WebSite","@id":"https:\/\/eltecolote.org\/content\/#website","url":"https:\/\/eltecolote.org\/content\/","name":"El Tecolote","description":"San Francisco's Latinx newspaper since 1970","publisher":{"@id":"https:\/\/eltecolote.org\/content\/#organization"},"potentialAction":[{"@type":"SearchAction","target":{"@type":"EntryPoint","urlTemplate":"https:\/\/eltecolote.org\/content\/?s={search_term_string}"},"query-input":{"@type":"PropertyValueSpecification","valueRequired":true,"valueName":"search_term_string"}}],"inLanguage":"en"},{"@type":"Organization","@id":"https:\/\/eltecolote.org\/content\/#organization","name":"El Tecolote","url":"https:\/\/eltecolote.org\/content\/","logo":{"@type":"ImageObject","inLanguage":"en","@id":"https:\/\/eltecolote.org\/content\/#\/schema\/logo\/image\/","url":"https:\/\/i0.wp.com\/eltecolote.org\/content\/wp-content\/uploads\/2021\/05\/ETlogo-1.jpg?fit=400%2C400&ssl=1","contentUrl":"https:\/\/i0.wp.com\/eltecolote.org\/content\/wp-content\/uploads\/2021\/05\/ETlogo-1.jpg?fit=400%2C400&ssl=1","width":400,"height":400,"caption":"El Tecolote"},"image":{"@id":"https:\/\/eltecolote.org\/content\/#\/schema\/logo\/image\/"},"sameAs":["https:\/\/www.facebook.com\/ElTecoloteSF\/","https:\/\/x.com\/eltecolotesf","https:\/\/www.instagram.com\/eltecolotesf\/"]},{"@type":"Person","@id":"https:\/\/eltecolote.org\/content\/#\/schema\/person\/08828d10185eba96895a8363a269410e","name":"El Tecolote Staff","image":{"@type":"ImageObject","inLanguage":"en","@id":"https:\/\/secure.gravatar.com\/avatar\/9534c92c8c908364e186a64d93efc86f62367109d1b07a3454facde655968589?s=96&d=mm&r=g6afcb607783e095e4cf6be807353924d","url":"https:\/\/secure.gravatar.com\/avatar\/9534c92c8c908364e186a64d93efc86f62367109d1b07a3454facde655968589?s=96&d=mm&r=g","contentUrl":"https:\/\/secure.gravatar.com\/avatar\/9534c92c8c908364e186a64d93efc86f62367109d1b07a3454facde655968589?s=96&d=mm&r=g","caption":"El Tecolote Staff"},"url":"https:\/\/eltecolote.org\/content\/author\/web-editor\/"}]}},"distributor_meta":false,"distributor_terms":false,"distributor_media":false,"distributor_original_site_name":"El Tecolote","distributor_original_site_url":"https:\/\/eltecolote.org\/content","push-errors":false,"_links":{"self":[{"href":"https:\/\/eltecolote.org\/content\/wp-json\/wp\/v2\/posts\/22622","targetHints":{"allow":["GET"]}}],"collection":[{"href":"https:\/\/eltecolote.org\/content\/wp-json\/wp\/v2\/posts"}],"about":[{"href":"https:\/\/eltecolote.org\/content\/wp-json\/wp\/v2\/types\/post"}],"author":[{"embeddable":true,"href":"https:\/\/eltecolote.org\/content\/wp-json\/wp\/v2\/users\/35"}],"replies":[{"embeddable":true,"href":"https:\/\/eltecolote.org\/content\/wp-json\/wp\/v2\/comments?post=22622"}],"version-history":[{"count":5,"href":"https:\/\/eltecolote.org\/content\/wp-json\/wp\/v2\/posts\/22622\/revisions"}],"predecessor-version":[{"id":22635,"href":"https:\/\/eltecolote.org\/content\/wp-json\/wp\/v2\/posts\/22622\/revisions\/22635"}],"wp:attachment":[{"href":"https:\/\/eltecolote.org\/content\/wp-json\/wp\/v2\/media?parent=22622"}],"wp:term":[{"taxonomy":"category","embeddable":true,"href":"https:\/\/eltecolote.org\/content\/wp-json\/wp\/v2\/categories?post=22622"},{"taxonomy":"post_tag","embeddable":true,"href":"https:\/\/eltecolote.org\/content\/wp-json\/wp\/v2\/tags?post=22622"},{"taxonomy":"author","embeddable":true,"href":"https:\/\/eltecolote.org\/content\/wp-json\/wp\/v2\/coauthors?post=22622"}],"curies":[{"name":"wp","href":"https:\/\/api.w.org\/{rel}","templated":true}]}}