{"id":21243,"date":"2013-07-09T16:27:20","date_gmt":"2013-07-09T23:27:20","guid":{"rendered":"http:\/\/eltecolote.org\/content\/?p=21243"},"modified":"2013-07-10T14:21:14","modified_gmt":"2013-07-10T21:21:14","slug":"librotraficante-fights-ban-on-latino-literature","status":"publish","type":"post","link":"https:\/\/eltecolote.org\/content\/en\/librotraficante-fights-ban-on-latino-literature\/","title":{"rendered":"LibroTraficante fights ban on Latino literature"},"content":{"rendered":"<figure id=\"attachment_21244\" aria-describedby=\"caption-attachment-21244\" style=\"width: 359px\" class=\"wp-caption alignright\"><a href=\"https:\/\/i0.wp.com\/eltecolote.org\/content\/wp-content\/uploads\/2013\/07\/Librotraficante_01web.jpg?quality=89&#038;ssl=1\"><img data-recalc-dims=\"1\" loading=\"lazy\" decoding=\"async\" class=\"size-large wp-image-21244 \" alt=\"Librotraficante recopila libros censurados en Arizona y otros estados. En su gira organiza la lectura de esos libros. Librotraficante compiles books that are banned in Arizona and other states. They tour and conduct banned book readings. Photo Courtesy Librotraficante.com\" src=\"https:\/\/i0.wp.com\/eltecolote.org\/content\/wp-content\/uploads\/2013\/07\/Librotraficante_01web.jpg?resize=359%2C480&#038;quality=89&#038;ssl=1\" width=\"359\" height=\"480\" srcset=\"https:\/\/i0.wp.com\/eltecolote.org\/content\/wp-content\/uploads\/2013\/07\/Librotraficante_01web.jpg?resize=359%2C480&amp;quality=89&amp;ssl=1 359w, https:\/\/i0.wp.com\/eltecolote.org\/content\/wp-content\/uploads\/2013\/07\/Librotraficante_01web.jpg?resize=600%2C800&amp;quality=89&amp;ssl=1 600w, https:\/\/i0.wp.com\/eltecolote.org\/content\/wp-content\/uploads\/2013\/07\/Librotraficante_01web.jpg?resize=187%2C250&amp;quality=89&amp;ssl=1 187w, https:\/\/i0.wp.com\/eltecolote.org\/content\/wp-content\/uploads\/2013\/07\/Librotraficante_01web.jpg?w=800&amp;quality=89&amp;ssl=1 800w\" sizes=\"auto, (max-width: 359px) 100vw, 359px\" \/><\/a><figcaption id=\"caption-attachment-21244\" class=\"wp-caption-text\">Librotraficante compiles books that are banned in Arizona and other states. They tour and conduct banned book readings. Photo Courtesy Librotraficante.com<\/figcaption><\/figure>\n<p>The words of Latino poets were heard loud and clear June 27 at the Mission Cultural Center, where activists and writers gathered for an evening of readings from books banned under Arizona\u2019s House Bill 2281.<\/p>\n<p>The event was organized by Librotraficante, Spanish for \u201cbook smuggler,\u201d a group dedicated to collecting and smuggling banned books into Arizona and other states where similar bills are being introduced.<\/p>\n<p>Librotraficante was founded by five authors and activists: Tony D\u00edaz, Liana L\u00f3pez, Bryan Parras, Lupe M\u00e9ndez and Laura Acosta in reaction to HB 2281, the bill that outlawed ethnic studies in all publicly funded schools in the Tucson Unified School District (TUSD).<\/p>\n<p>\u201cI never thought in my wildest imagination that we would have to actually defend Latino literature and literacy.\u201d said D\u00edaz, a Houston-based author, has been a long term advocate of Latino literacy. In 1998, he founded Nuestra Palabra: Latino Writers Having Their Say, the parent organization of Librotraficante. The group has gained national support, including the support of Latino authors such as Sandra Cisneros whose work has been banned in Arizona.<\/p>\n<p>Other poets from near and far also made their presence felt at the event including San Francisco State University Professor and poet, Naomi Qui\u00f1\u00f3nez, who read poetry from her own published books.<\/p>\n<p>\u201cWe feel like we are being under assault for our identities, our history, our stories. Our histories are basically being eliminated in this kind of political power game,\u201d Quinonez said.<\/p>\n<p>Quinonez also shared her perspective on book banning laws, \u201cIt\u2019s a force that we are going to have to contend with and I think all it\u2019s going to do is make us stronger though and more appreciative &#8230; of our own body of literature because sometimes we take that for granted.\u201d<\/p>\n<p>The list of books banned under SB 2281 includes \u201cHouse on Mango Street\u201d by Cisneros and \u201cThe Pedagogy of the Oppressed\u201d by Paulo Freire.<\/p>\n<p>Lupe M\u00e9ndez, a poet from Houston Texas expressed thoughts on the future of book banning politics, \u201cIt is a scary, scary, scary reality,\u201d M\u00e9ndez said. \u201cWe can\u2019t allow it anywhere else, the model for writing the laws that ban the books, that limit what we can read, we can\u2019t mimic it in other states. It\u2019s happening, we have to put a stop to it.\u201d<\/p>\n<p>Librotraficante asks the public for support next spring in San Francisco when the Fifth Circuit reviews the constitutionality of Arizona HB 2281.<\/p>\n<p>\u201cWe\u2019re going to need an outpour of support. The young students who are suing Arizona will be here, the legal team, the teachers, they will all be here.\u201d D\u00edaz said. \u201cWe are defending freedom of speech for everyone and it is affecting everyone. Everyone\u2019s freedom of speech is at stake.\u201d<\/p>\n<p>For complete information on upcoming events and projects by Librotraficante visit <a href=\"http:\/\/librotraficante.com\">librotraficante.com<\/a>.<\/p>\n","protected":false},"excerpt":{"rendered":"<p>The words of Latino poets were heard loud and clear last Thursday at the Mission Cultural Center where activists and writers gathered for an evening of readings from books banned under Arizona\u2019s House Bill 2281.<\/p>\n","protected":false},"author":35,"featured_media":0,"comment_status":"open","ping_status":"closed","sticky":false,"template":"","format":"standard","meta":{"newspack_popups_has_disabled_popups":false,"newspack_featured_image_position":"","newspack_post_subtitle":"","newspack_article_summary_title":"Overview:","newspack_article_summary":"","newspack_hide_updated_date":false,"newspack_show_updated_date":false,"footnotes":""},"categories":[7],"tags":[2436,2432,2434,2431,2429,2433,2435,2430],"coauthors":[],"class_list":["post-21243","post","type-post","status-publish","format-standard","hentry","category-news","tag-arizona-hb-2281","tag-bryan-parras","tag-laura-acosta","tag-liana-lopez","tag-librotraficante","tag-lupe-mendez","tag-naomi-quinonez","tag-tony-diaz","entry"],"yoast_head":"<!-- This site is optimized with the Yoast SEO plugin v27.5 - https:\/\/yoast.com\/product\/yoast-seo-wordpress\/ -->\n<title>LibroTraficante fights ban on Latino literature - El Tecolote<\/title>\n<meta name=\"description\" content=\"The words of Latino poets were heard loud and clear last Thursday at the Mission Cultural Center where activists and writers gathered for an evening of readings from books banned under Arizona\u2019s House Bill 2281.\" \/>\n<meta name=\"robots\" content=\"index, follow, max-snippet:-1, max-image-preview:large, max-video-preview:-1\" \/>\n<link rel=\"canonical\" href=\"https:\/\/eltecolote.org\/content\/en\/librotraficante-fights-ban-on-latino-literature\/\" \/>\n<meta property=\"og:locale\" content=\"en_US\" \/>\n<meta property=\"og:type\" content=\"article\" \/>\n<meta property=\"og:title\" content=\"LibroTraficante fights ban on Latino literature - El Tecolote\" \/>\n<meta property=\"og:description\" content=\"The words of Latino poets were heard loud and clear last Thursday at the Mission Cultural Center where activists and writers gathered for an evening of readings from books banned under Arizona\u2019s House Bill 2281.\" \/>\n<meta property=\"og:url\" content=\"https:\/\/eltecolote.org\/content\/en\/librotraficante-fights-ban-on-latino-literature\/\" \/>\n<meta property=\"og:site_name\" content=\"El Tecolote\" \/>\n<meta property=\"article:publisher\" content=\"https:\/\/www.facebook.com\/ElTecoloteSF\/\" \/>\n<meta property=\"article:published_time\" content=\"2013-07-09T23:27:20+00:00\" \/>\n<meta property=\"article:modified_time\" content=\"2013-07-10T21:21:14+00:00\" \/>\n<meta property=\"og:image\" content=\"http:\/\/eltecolote.org\/content\/wp-content\/uploads\/2013\/07\/Librotraficante_01web-359x480.jpg\" \/>\n<meta name=\"author\" content=\"El Tecolote Staff\" \/>\n<meta name=\"twitter:card\" content=\"summary_large_image\" \/>\n<meta name=\"twitter:creator\" content=\"@eltecolotesf\" \/>\n<meta name=\"twitter:site\" content=\"@eltecolotesf\" \/>\n<meta name=\"twitter:label1\" content=\"Written by\" \/>\n\t<meta name=\"twitter:data1\" content=\"El Tecolote Staff\" \/>\n\t<meta name=\"twitter:label2\" content=\"Est. reading time\" \/>\n\t<meta name=\"twitter:data2\" content=\"3 minutes\" \/>\n<script type=\"application\/ld+json\" class=\"yoast-schema-graph\">{\"@context\":\"https:\\\/\\\/schema.org\",\"@graph\":[{\"@type\":\"NewsArticle\",\"@id\":\"https:\\\/\\\/eltecolote.org\\\/content\\\/en\\\/librotraficante-fights-ban-on-latino-literature\\\/#article\",\"isPartOf\":{\"@id\":\"https:\\\/\\\/eltecolote.org\\\/content\\\/en\\\/librotraficante-fights-ban-on-latino-literature\\\/\"},\"author\":{\"name\":\"El Tecolote Staff\",\"@id\":\"https:\\\/\\\/eltecolote.org\\\/content\\\/#\\\/schema\\\/person\\\/08828d10185eba96895a8363a269410e\"},\"headline\":\"LibroTraficante fights ban on Latino literature\",\"datePublished\":\"2013-07-09T23:27:20+00:00\",\"dateModified\":\"2013-07-10T21:21:14+00:00\",\"mainEntityOfPage\":{\"@id\":\"https:\\\/\\\/eltecolote.org\\\/content\\\/en\\\/librotraficante-fights-ban-on-latino-literature\\\/\"},\"wordCount\":508,\"commentCount\":0,\"publisher\":{\"@id\":\"https:\\\/\\\/eltecolote.org\\\/content\\\/#organization\"},\"image\":{\"@id\":\"https:\\\/\\\/eltecolote.org\\\/content\\\/en\\\/librotraficante-fights-ban-on-latino-literature\\\/#primaryimage\"},\"thumbnailUrl\":\"http:\\\/\\\/eltecolote.org\\\/content\\\/wp-content\\\/uploads\\\/2013\\\/07\\\/Librotraficante_01web-359x480.jpg\",\"keywords\":[\"Arizona HB 2281\",\"Bryan Parras\",\"Laura Acosta\",\"Liana L\u00f3pez\",\"Librotraficante\",\"Lupe M\u00e9ndez\",\"Naomi Qui\u00f1\u00f3nez\",\"Tony D\u00edaz\"],\"articleSection\":[\"News\"],\"inLanguage\":\"en\",\"potentialAction\":[{\"@type\":\"CommentAction\",\"name\":\"Comment\",\"target\":[\"https:\\\/\\\/eltecolote.org\\\/content\\\/en\\\/librotraficante-fights-ban-on-latino-literature\\\/#respond\"]}]},{\"@type\":\"WebPage\",\"@id\":\"https:\\\/\\\/eltecolote.org\\\/content\\\/en\\\/librotraficante-fights-ban-on-latino-literature\\\/\",\"url\":\"https:\\\/\\\/eltecolote.org\\\/content\\\/en\\\/librotraficante-fights-ban-on-latino-literature\\\/\",\"name\":\"LibroTraficante fights ban on Latino literature - El Tecolote\",\"isPartOf\":{\"@id\":\"https:\\\/\\\/eltecolote.org\\\/content\\\/#website\"},\"primaryImageOfPage\":{\"@id\":\"https:\\\/\\\/eltecolote.org\\\/content\\\/en\\\/librotraficante-fights-ban-on-latino-literature\\\/#primaryimage\"},\"image\":{\"@id\":\"https:\\\/\\\/eltecolote.org\\\/content\\\/en\\\/librotraficante-fights-ban-on-latino-literature\\\/#primaryimage\"},\"thumbnailUrl\":\"http:\\\/\\\/eltecolote.org\\\/content\\\/wp-content\\\/uploads\\\/2013\\\/07\\\/Librotraficante_01web-359x480.jpg\",\"datePublished\":\"2013-07-09T23:27:20+00:00\",\"dateModified\":\"2013-07-10T21:21:14+00:00\",\"description\":\"The words of Latino poets were heard loud and clear last Thursday at the Mission Cultural Center where activists and writers gathered for an evening of readings from books banned under Arizona\u2019s House Bill 2281.\",\"inLanguage\":\"en\",\"potentialAction\":[{\"@type\":\"ReadAction\",\"target\":[\"https:\\\/\\\/eltecolote.org\\\/content\\\/en\\\/librotraficante-fights-ban-on-latino-literature\\\/\"]}]},{\"@type\":\"ImageObject\",\"inLanguage\":\"en\",\"@id\":\"https:\\\/\\\/eltecolote.org\\\/content\\\/en\\\/librotraficante-fights-ban-on-latino-literature\\\/#primaryimage\",\"url\":\"http:\\\/\\\/eltecolote.org\\\/content\\\/wp-content\\\/uploads\\\/2013\\\/07\\\/Librotraficante_01web-359x480.jpg\",\"contentUrl\":\"http:\\\/\\\/eltecolote.org\\\/content\\\/wp-content\\\/uploads\\\/2013\\\/07\\\/Librotraficante_01web-359x480.jpg\"},{\"@type\":\"WebSite\",\"@id\":\"https:\\\/\\\/eltecolote.org\\\/content\\\/#website\",\"url\":\"https:\\\/\\\/eltecolote.org\\\/content\\\/\",\"name\":\"El Tecolote\",\"description\":\"San Francisco's Latinx newspaper since 1970\",\"publisher\":{\"@id\":\"https:\\\/\\\/eltecolote.org\\\/content\\\/#organization\"},\"potentialAction\":[{\"@type\":\"SearchAction\",\"target\":{\"@type\":\"EntryPoint\",\"urlTemplate\":\"https:\\\/\\\/eltecolote.org\\\/content\\\/?s={search_term_string}\"},\"query-input\":{\"@type\":\"PropertyValueSpecification\",\"valueRequired\":true,\"valueName\":\"search_term_string\"}}],\"inLanguage\":\"en\"},{\"@type\":\"Organization\",\"@id\":\"https:\\\/\\\/eltecolote.org\\\/content\\\/#organization\",\"name\":\"El Tecolote\",\"url\":\"https:\\\/\\\/eltecolote.org\\\/content\\\/\",\"logo\":{\"@type\":\"ImageObject\",\"inLanguage\":\"en\",\"@id\":\"https:\\\/\\\/eltecolote.org\\\/content\\\/#\\\/schema\\\/logo\\\/image\\\/\",\"url\":\"https:\\\/\\\/i0.wp.com\\\/eltecolote.org\\\/content\\\/wp-content\\\/uploads\\\/2021\\\/05\\\/ETlogo-1.jpg?fit=400%2C400&ssl=1\",\"contentUrl\":\"https:\\\/\\\/i0.wp.com\\\/eltecolote.org\\\/content\\\/wp-content\\\/uploads\\\/2021\\\/05\\\/ETlogo-1.jpg?fit=400%2C400&ssl=1\",\"width\":400,\"height\":400,\"caption\":\"El Tecolote\"},\"image\":{\"@id\":\"https:\\\/\\\/eltecolote.org\\\/content\\\/#\\\/schema\\\/logo\\\/image\\\/\"},\"sameAs\":[\"https:\\\/\\\/www.facebook.com\\\/ElTecoloteSF\\\/\",\"https:\\\/\\\/x.com\\\/eltecolotesf\",\"https:\\\/\\\/www.instagram.com\\\/eltecolotesf\\\/\"]},{\"@type\":\"Person\",\"@id\":\"https:\\\/\\\/eltecolote.org\\\/content\\\/#\\\/schema\\\/person\\\/08828d10185eba96895a8363a269410e\",\"name\":\"El Tecolote Staff\",\"image\":{\"@type\":\"ImageObject\",\"inLanguage\":\"en\",\"@id\":\"https:\\\/\\\/secure.gravatar.com\\\/avatar\\\/9534c92c8c908364e186a64d93efc86f62367109d1b07a3454facde655968589?s=96&d=mm&r=g6afcb607783e095e4cf6be807353924d\",\"url\":\"https:\\\/\\\/secure.gravatar.com\\\/avatar\\\/9534c92c8c908364e186a64d93efc86f62367109d1b07a3454facde655968589?s=96&d=mm&r=g\",\"contentUrl\":\"https:\\\/\\\/secure.gravatar.com\\\/avatar\\\/9534c92c8c908364e186a64d93efc86f62367109d1b07a3454facde655968589?s=96&d=mm&r=g\",\"caption\":\"El Tecolote Staff\"},\"url\":\"https:\\\/\\\/eltecolote.org\\\/content\\\/author\\\/web-editor\\\/\"}]}<\/script>\n<!-- \/ Yoast SEO plugin. -->","yoast_head_json":{"title":"LibroTraficante fights ban on Latino literature - El Tecolote","description":"The words of Latino poets were heard loud and clear last Thursday at the Mission Cultural Center where activists and writers gathered for an evening of readings from books banned under Arizona\u2019s House Bill 2281.","robots":{"index":"index","follow":"follow","max-snippet":"max-snippet:-1","max-image-preview":"max-image-preview:large","max-video-preview":"max-video-preview:-1"},"canonical":"https:\/\/eltecolote.org\/content\/en\/librotraficante-fights-ban-on-latino-literature\/","og_locale":"en_US","og_type":"article","og_title":"LibroTraficante fights ban on Latino literature - El Tecolote","og_description":"The words of Latino poets were heard loud and clear last Thursday at the Mission Cultural Center where activists and writers gathered for an evening of readings from books banned under Arizona\u2019s House Bill 2281.","og_url":"https:\/\/eltecolote.org\/content\/en\/librotraficante-fights-ban-on-latino-literature\/","og_site_name":"El Tecolote","article_publisher":"https:\/\/www.facebook.com\/ElTecoloteSF\/","article_published_time":"2013-07-09T23:27:20+00:00","article_modified_time":"2013-07-10T21:21:14+00:00","og_image":[{"url":"http:\/\/eltecolote.org\/content\/wp-content\/uploads\/2013\/07\/Librotraficante_01web-359x480.jpg","type":"","width":"","height":""}],"author":"El Tecolote Staff","twitter_card":"summary_large_image","twitter_creator":"@eltecolotesf","twitter_site":"@eltecolotesf","twitter_misc":{"Written by":"El Tecolote Staff","Est. reading time":"3 minutes"},"schema":{"@context":"https:\/\/schema.org","@graph":[{"@type":"NewsArticle","@id":"https:\/\/eltecolote.org\/content\/en\/librotraficante-fights-ban-on-latino-literature\/#article","isPartOf":{"@id":"https:\/\/eltecolote.org\/content\/en\/librotraficante-fights-ban-on-latino-literature\/"},"author":{"name":"El Tecolote Staff","@id":"https:\/\/eltecolote.org\/content\/#\/schema\/person\/08828d10185eba96895a8363a269410e"},"headline":"LibroTraficante fights ban on Latino literature","datePublished":"2013-07-09T23:27:20+00:00","dateModified":"2013-07-10T21:21:14+00:00","mainEntityOfPage":{"@id":"https:\/\/eltecolote.org\/content\/en\/librotraficante-fights-ban-on-latino-literature\/"},"wordCount":508,"commentCount":0,"publisher":{"@id":"https:\/\/eltecolote.org\/content\/#organization"},"image":{"@id":"https:\/\/eltecolote.org\/content\/en\/librotraficante-fights-ban-on-latino-literature\/#primaryimage"},"thumbnailUrl":"http:\/\/eltecolote.org\/content\/wp-content\/uploads\/2013\/07\/Librotraficante_01web-359x480.jpg","keywords":["Arizona HB 2281","Bryan Parras","Laura Acosta","Liana L\u00f3pez","Librotraficante","Lupe M\u00e9ndez","Naomi Qui\u00f1\u00f3nez","Tony D\u00edaz"],"articleSection":["News"],"inLanguage":"en","potentialAction":[{"@type":"CommentAction","name":"Comment","target":["https:\/\/eltecolote.org\/content\/en\/librotraficante-fights-ban-on-latino-literature\/#respond"]}]},{"@type":"WebPage","@id":"https:\/\/eltecolote.org\/content\/en\/librotraficante-fights-ban-on-latino-literature\/","url":"https:\/\/eltecolote.org\/content\/en\/librotraficante-fights-ban-on-latino-literature\/","name":"LibroTraficante fights ban on Latino literature - El Tecolote","isPartOf":{"@id":"https:\/\/eltecolote.org\/content\/#website"},"primaryImageOfPage":{"@id":"https:\/\/eltecolote.org\/content\/en\/librotraficante-fights-ban-on-latino-literature\/#primaryimage"},"image":{"@id":"https:\/\/eltecolote.org\/content\/en\/librotraficante-fights-ban-on-latino-literature\/#primaryimage"},"thumbnailUrl":"http:\/\/eltecolote.org\/content\/wp-content\/uploads\/2013\/07\/Librotraficante_01web-359x480.jpg","datePublished":"2013-07-09T23:27:20+00:00","dateModified":"2013-07-10T21:21:14+00:00","description":"The words of Latino poets were heard loud and clear last Thursday at the Mission Cultural Center where activists and writers gathered for an evening of readings from books banned under Arizona\u2019s House Bill 2281.","inLanguage":"en","potentialAction":[{"@type":"ReadAction","target":["https:\/\/eltecolote.org\/content\/en\/librotraficante-fights-ban-on-latino-literature\/"]}]},{"@type":"ImageObject","inLanguage":"en","@id":"https:\/\/eltecolote.org\/content\/en\/librotraficante-fights-ban-on-latino-literature\/#primaryimage","url":"http:\/\/eltecolote.org\/content\/wp-content\/uploads\/2013\/07\/Librotraficante_01web-359x480.jpg","contentUrl":"http:\/\/eltecolote.org\/content\/wp-content\/uploads\/2013\/07\/Librotraficante_01web-359x480.jpg"},{"@type":"WebSite","@id":"https:\/\/eltecolote.org\/content\/#website","url":"https:\/\/eltecolote.org\/content\/","name":"El Tecolote","description":"San Francisco's Latinx newspaper since 1970","publisher":{"@id":"https:\/\/eltecolote.org\/content\/#organization"},"potentialAction":[{"@type":"SearchAction","target":{"@type":"EntryPoint","urlTemplate":"https:\/\/eltecolote.org\/content\/?s={search_term_string}"},"query-input":{"@type":"PropertyValueSpecification","valueRequired":true,"valueName":"search_term_string"}}],"inLanguage":"en"},{"@type":"Organization","@id":"https:\/\/eltecolote.org\/content\/#organization","name":"El Tecolote","url":"https:\/\/eltecolote.org\/content\/","logo":{"@type":"ImageObject","inLanguage":"en","@id":"https:\/\/eltecolote.org\/content\/#\/schema\/logo\/image\/","url":"https:\/\/i0.wp.com\/eltecolote.org\/content\/wp-content\/uploads\/2021\/05\/ETlogo-1.jpg?fit=400%2C400&ssl=1","contentUrl":"https:\/\/i0.wp.com\/eltecolote.org\/content\/wp-content\/uploads\/2021\/05\/ETlogo-1.jpg?fit=400%2C400&ssl=1","width":400,"height":400,"caption":"El Tecolote"},"image":{"@id":"https:\/\/eltecolote.org\/content\/#\/schema\/logo\/image\/"},"sameAs":["https:\/\/www.facebook.com\/ElTecoloteSF\/","https:\/\/x.com\/eltecolotesf","https:\/\/www.instagram.com\/eltecolotesf\/"]},{"@type":"Person","@id":"https:\/\/eltecolote.org\/content\/#\/schema\/person\/08828d10185eba96895a8363a269410e","name":"El Tecolote Staff","image":{"@type":"ImageObject","inLanguage":"en","@id":"https:\/\/secure.gravatar.com\/avatar\/9534c92c8c908364e186a64d93efc86f62367109d1b07a3454facde655968589?s=96&d=mm&r=g6afcb607783e095e4cf6be807353924d","url":"https:\/\/secure.gravatar.com\/avatar\/9534c92c8c908364e186a64d93efc86f62367109d1b07a3454facde655968589?s=96&d=mm&r=g","contentUrl":"https:\/\/secure.gravatar.com\/avatar\/9534c92c8c908364e186a64d93efc86f62367109d1b07a3454facde655968589?s=96&d=mm&r=g","caption":"El Tecolote Staff"},"url":"https:\/\/eltecolote.org\/content\/author\/web-editor\/"}]}},"distributor_meta":false,"distributor_terms":false,"distributor_media":false,"distributor_original_site_name":"El Tecolote","distributor_original_site_url":"https:\/\/eltecolote.org\/content","push-errors":false,"_links":{"self":[{"href":"https:\/\/eltecolote.org\/content\/wp-json\/wp\/v2\/posts\/21243","targetHints":{"allow":["GET"]}}],"collection":[{"href":"https:\/\/eltecolote.org\/content\/wp-json\/wp\/v2\/posts"}],"about":[{"href":"https:\/\/eltecolote.org\/content\/wp-json\/wp\/v2\/types\/post"}],"author":[{"embeddable":true,"href":"https:\/\/eltecolote.org\/content\/wp-json\/wp\/v2\/users\/35"}],"replies":[{"embeddable":true,"href":"https:\/\/eltecolote.org\/content\/wp-json\/wp\/v2\/comments?post=21243"}],"version-history":[{"count":10,"href":"https:\/\/eltecolote.org\/content\/wp-json\/wp\/v2\/posts\/21243\/revisions"}],"predecessor-version":[{"id":21283,"href":"https:\/\/eltecolote.org\/content\/wp-json\/wp\/v2\/posts\/21243\/revisions\/21283"}],"wp:attachment":[{"href":"https:\/\/eltecolote.org\/content\/wp-json\/wp\/v2\/media?parent=21243"}],"wp:term":[{"taxonomy":"category","embeddable":true,"href":"https:\/\/eltecolote.org\/content\/wp-json\/wp\/v2\/categories?post=21243"},{"taxonomy":"post_tag","embeddable":true,"href":"https:\/\/eltecolote.org\/content\/wp-json\/wp\/v2\/tags?post=21243"},{"taxonomy":"author","embeddable":true,"href":"https:\/\/eltecolote.org\/content\/wp-json\/wp\/v2\/coauthors?post=21243"}],"curies":[{"name":"wp","href":"https:\/\/api.w.org\/{rel}","templated":true}]}}