{"id":21069,"date":"2013-06-20T08:26:23","date_gmt":"2013-06-20T15:26:23","guid":{"rendered":"http:\/\/eltecolote.org\/content\/?p=21069"},"modified":"2013-07-01T13:35:45","modified_gmt":"2013-07-01T20:35:45","slug":"youth-collaborates-to-honor","status":"publish","type":"post","link":"https:\/\/eltecolote.org\/content\/en\/youth-collaborates-to-honor\/","title":{"rendered":"Youth collaborate to honor Cl\u00ednica Mart\u00edn Bar\u00f3"},"content":{"rendered":"<p><object classid=\"clsid:D27CDB6E-AE6D-11cf-96B8-444553540000\" width=\"800\" height=\"535\" id=\"soundslider\"><param name=\"movie\" value=\"http:\/\/eltecolote.org\/tecomm\/homey_mural\/soundslider.swf?size=1&#038;format=xml&#038;embed_width=800&#038;embed_height=535\" \/><param name=\"allowScriptAccess\" value=\"always\" \/><param name=\"quality\" value=\"high\" \/><param name=\"allowFullScreen\" value=\"true\" \/><param name=\"menu\" value=\"false\" \/><param name=\"bgcolor\" value=\"#FFFFFF\" \/><embed src=\"http:\/\/eltecolote.org\/tecomm\/homey_mural\/soundslider.swf?size=1&#038;format=xml&#038;embed_width=800&#038;embed_height=535\" quality=\"high\" bgcolor=\"#FFFFFF\" width=\"800\" height=\"535\" menu=\"false\" allowScriptAccess=\"always\" allowFullScreen=\"true\" type=\"application\/x-shockwave-flash\"><\/embed><\/object><\/p>\n<p>Over the weekend of May 31 \u2013 June 2, youth painted a colorful mural to honor Clinica Mart\u00edn Bar\u00f3 next to the entrance of HOMEY at the corner of 10th and Mission streets.<\/p>\n<p>\u201cI believe in the cause and what the mural stands for,\u201d said Julio Rivera, one of the youth who helped paint the mural over the weekend.<\/p>\n<p>Youth from various organizations including Youth Creating Change (YCC) and Homies Organizing the Mission to Empower Youth (HOMEY), partnered with San Francisco State University, UCSF\u2019s PRIME-US medical students, and Cl\u00ednica Mart\u00edn Bar\u00f3 to create the mural.<\/p>\n<p>\u201cHealth is all about community empowerment\u201d said Joe Luis Pantoja, mural coordinator and student at UCSF school of medicine.<\/p>\n<p>The mural presents a colorful San Francisco landscape, centered around people inside Cl\u00ednica Mart\u00edn Bar\u00f3. The individuals, who come from multi-ethnic backgrounds are shown huddled in a circle. The group is framed by the length of Mart\u00edn Bar\u00f3\u2019s arm extending around them\u2014protecting them from both public and physical health issues. Painted above the mural is a slogan that reads \u201cLa salud es un derecho.\u201d<\/p>\n<p>Cl\u00ednica Mart\u00edn Bar\u00f3 is a clinic run by medical and undergraduate students that provides free medical care, medications, and check-ups with no appointment required. They primarily serve low-income Latinos in the Mission District.<\/p>\n<p>\u201cIn this clinic we help each other\u2026 A lot of our families are affected by diabetes and high blood pressure \u2026we try to do little things to change that, we help each other,\u201d said Natalia Garcia Pe\u00f1aloza, who gives referrals, prescriptions, and health education at the clinic. \u201cWe know some of the struggles that our community goes through because we are also immigrants, we are children of immigrants and we get to learn from each other.\u201d<\/p>\n<p>As the mural developed, parents gathered around in support of the project. Mynor Sanchez, father of mural artist Kevin Sanchez, said \u201cWe\u2019re very proud of him, and that\u2019s why we\u2019re here supporting him.\u201d<\/p>\n<p>The mural is located next to the entrance of HOMEY, on 1337 Mission St. at Washburn St. Cl\u00ednica Mart\u00edn bar\u00f3 is located on 3013 24th St.<\/p>\n","protected":false},"excerpt":{"rendered":"<p>Over the weekend of May 31 \u2013 June 2, youth painted a colorful mural to honor Clinica Mart\u00edn Bar\u00f3 next to the entrance of HOMEY at the corner of 10th and Mission streets. \u201cI believe in the cause and what the mural stands for,\u201d said Julio Rivera, one of the youth who helped paint the [&hellip;]<\/p>\n","protected":false},"author":35,"featured_media":21070,"comment_status":"open","ping_status":"closed","sticky":false,"template":"","format":"standard","meta":{"newspack_popups_has_disabled_popups":false,"newspack_featured_image_position":"","newspack_post_subtitle":"","newspack_article_summary_title":"Overview:","newspack_article_summary":"","newspack_hide_updated_date":false,"newspack_show_updated_date":false,"footnotes":""},"categories":[7],"tags":[2415,1595,1596],"coauthors":[],"class_list":["post-21069","post","type-post","status-publish","format-standard","has-post-thumbnail","hentry","category-news","tag-clinica-martin-baro","tag-homey","tag-homies-organizing-the-mission-to-empower-youth","entry"],"yoast_head":"<!-- This site is optimized with the Yoast SEO plugin v27.4 - https:\/\/yoast.com\/product\/yoast-seo-wordpress\/ -->\n<title>Youth collaborate to honor Cl\u00ednica Mart\u00edn Bar\u00f3 - El Tecolote<\/title>\n<meta name=\"description\" content=\"Over the weekend of May 31 \u2013 June 2, youth painted a colorful mural to honor Clinica Mart\u00edn Bar\u00f3 next to the entrance of HOMEY at the corner of 10th and\" \/>\n<meta name=\"robots\" content=\"index, follow, max-snippet:-1, max-image-preview:large, max-video-preview:-1\" \/>\n<link rel=\"canonical\" href=\"https:\/\/eltecolote.org\/content\/en\/youth-collaborates-to-honor\/\" \/>\n<meta property=\"og:locale\" content=\"en_US\" \/>\n<meta property=\"og:type\" content=\"article\" \/>\n<meta property=\"og:title\" content=\"Youth collaborate to honor Cl\u00ednica Mart\u00edn Bar\u00f3 - El Tecolote\" \/>\n<meta property=\"og:description\" content=\"Over the weekend of May 31 \u2013 June 2, youth painted a colorful mural to honor Clinica Mart\u00edn Bar\u00f3 next to the entrance of HOMEY at the corner of 10th and\" \/>\n<meta property=\"og:url\" content=\"https:\/\/eltecolote.org\/content\/en\/youth-collaborates-to-honor\/\" \/>\n<meta property=\"og:site_name\" content=\"El Tecolote\" \/>\n<meta property=\"article:publisher\" content=\"https:\/\/www.facebook.com\/ElTecoloteSF\/\" \/>\n<meta property=\"article:published_time\" content=\"2013-06-20T15:26:23+00:00\" \/>\n<meta property=\"article:modified_time\" content=\"2013-07-01T20:35:45+00:00\" \/>\n<meta property=\"og:image\" content=\"https:\/\/i0.wp.com\/eltecolote.org\/content\/wp-content\/uploads\/2013\/06\/Homey_01web.jpg?fit=800%2C535&ssl=1\" \/>\n\t<meta property=\"og:image:width\" content=\"800\" \/>\n\t<meta property=\"og:image:height\" content=\"535\" \/>\n\t<meta property=\"og:image:type\" content=\"image\/jpeg\" \/>\n<meta name=\"author\" content=\"El Tecolote Staff\" \/>\n<meta name=\"twitter:card\" content=\"summary_large_image\" \/>\n<meta name=\"twitter:creator\" content=\"@eltecolotesf\" \/>\n<meta name=\"twitter:site\" content=\"@eltecolotesf\" \/>\n<meta name=\"twitter:label1\" content=\"Written by\" \/>\n\t<meta name=\"twitter:data1\" content=\"El Tecolote Staff\" \/>\n\t<meta name=\"twitter:label2\" content=\"Est. reading time\" \/>\n\t<meta name=\"twitter:data2\" content=\"2 minutes\" \/>\n<script type=\"application\/ld+json\" class=\"yoast-schema-graph\">{\"@context\":\"https:\\\/\\\/schema.org\",\"@graph\":[{\"@type\":\"NewsArticle\",\"@id\":\"https:\\\/\\\/eltecolote.org\\\/content\\\/en\\\/youth-collaborates-to-honor\\\/#article\",\"isPartOf\":{\"@id\":\"https:\\\/\\\/eltecolote.org\\\/content\\\/en\\\/youth-collaborates-to-honor\\\/\"},\"author\":{\"name\":\"El Tecolote Staff\",\"@id\":\"https:\\\/\\\/eltecolote.org\\\/content\\\/#\\\/schema\\\/person\\\/08828d10185eba96895a8363a269410e\"},\"headline\":\"Youth collaborate to honor Cl\u00ednica Mart\u00edn Bar\u00f3\",\"datePublished\":\"2013-06-20T15:26:23+00:00\",\"dateModified\":\"2013-07-01T20:35:45+00:00\",\"mainEntityOfPage\":{\"@id\":\"https:\\\/\\\/eltecolote.org\\\/content\\\/en\\\/youth-collaborates-to-honor\\\/\"},\"wordCount\":367,\"commentCount\":0,\"publisher\":{\"@id\":\"https:\\\/\\\/eltecolote.org\\\/content\\\/#organization\"},\"image\":{\"@id\":\"https:\\\/\\\/eltecolote.org\\\/content\\\/en\\\/youth-collaborates-to-honor\\\/#primaryimage\"},\"thumbnailUrl\":\"https:\\\/\\\/i0.wp.com\\\/eltecolote.org\\\/content\\\/wp-content\\\/uploads\\\/2013\\\/06\\\/Homey_01web.jpg?fit=800%2C535&quality=89&ssl=1\",\"keywords\":[\"Clinica Mart\u00edn Bar\u00f3\",\"HOMEY\",\"Homies Organizing the Mission to Empower Youth\"],\"articleSection\":[\"News\"],\"inLanguage\":\"en\",\"potentialAction\":[{\"@type\":\"CommentAction\",\"name\":\"Comment\",\"target\":[\"https:\\\/\\\/eltecolote.org\\\/content\\\/en\\\/youth-collaborates-to-honor\\\/#respond\"]}]},{\"@type\":\"WebPage\",\"@id\":\"https:\\\/\\\/eltecolote.org\\\/content\\\/en\\\/youth-collaborates-to-honor\\\/\",\"url\":\"https:\\\/\\\/eltecolote.org\\\/content\\\/en\\\/youth-collaborates-to-honor\\\/\",\"name\":\"Youth collaborate to honor Cl\u00ednica Mart\u00edn Bar\u00f3 - El Tecolote\",\"isPartOf\":{\"@id\":\"https:\\\/\\\/eltecolote.org\\\/content\\\/#website\"},\"primaryImageOfPage\":{\"@id\":\"https:\\\/\\\/eltecolote.org\\\/content\\\/en\\\/youth-collaborates-to-honor\\\/#primaryimage\"},\"image\":{\"@id\":\"https:\\\/\\\/eltecolote.org\\\/content\\\/en\\\/youth-collaborates-to-honor\\\/#primaryimage\"},\"thumbnailUrl\":\"https:\\\/\\\/i0.wp.com\\\/eltecolote.org\\\/content\\\/wp-content\\\/uploads\\\/2013\\\/06\\\/Homey_01web.jpg?fit=800%2C535&quality=89&ssl=1\",\"datePublished\":\"2013-06-20T15:26:23+00:00\",\"dateModified\":\"2013-07-01T20:35:45+00:00\",\"description\":\"Over the weekend of May 31 \u2013 June 2, youth painted a colorful mural to honor Clinica Mart\u00edn Bar\u00f3 next to the entrance of HOMEY at the corner of 10th and\",\"inLanguage\":\"en\",\"potentialAction\":[{\"@type\":\"ReadAction\",\"target\":[\"https:\\\/\\\/eltecolote.org\\\/content\\\/en\\\/youth-collaborates-to-honor\\\/\"]}]},{\"@type\":\"ImageObject\",\"inLanguage\":\"en\",\"@id\":\"https:\\\/\\\/eltecolote.org\\\/content\\\/en\\\/youth-collaborates-to-honor\\\/#primaryimage\",\"url\":\"https:\\\/\\\/i0.wp.com\\\/eltecolote.org\\\/content\\\/wp-content\\\/uploads\\\/2013\\\/06\\\/Homey_01web.jpg?fit=800%2C535&quality=89&ssl=1\",\"contentUrl\":\"https:\\\/\\\/i0.wp.com\\\/eltecolote.org\\\/content\\\/wp-content\\\/uploads\\\/2013\\\/06\\\/Homey_01web.jpg?fit=800%2C535&quality=89&ssl=1\",\"width\":800,\"height\":535},{\"@type\":\"WebSite\",\"@id\":\"https:\\\/\\\/eltecolote.org\\\/content\\\/#website\",\"url\":\"https:\\\/\\\/eltecolote.org\\\/content\\\/\",\"name\":\"El Tecolote\",\"description\":\"San Francisco's Latinx newspaper since 1970\",\"publisher\":{\"@id\":\"https:\\\/\\\/eltecolote.org\\\/content\\\/#organization\"},\"potentialAction\":[{\"@type\":\"SearchAction\",\"target\":{\"@type\":\"EntryPoint\",\"urlTemplate\":\"https:\\\/\\\/eltecolote.org\\\/content\\\/?s={search_term_string}\"},\"query-input\":{\"@type\":\"PropertyValueSpecification\",\"valueRequired\":true,\"valueName\":\"search_term_string\"}}],\"inLanguage\":\"en\"},{\"@type\":\"Organization\",\"@id\":\"https:\\\/\\\/eltecolote.org\\\/content\\\/#organization\",\"name\":\"El Tecolote\",\"url\":\"https:\\\/\\\/eltecolote.org\\\/content\\\/\",\"logo\":{\"@type\":\"ImageObject\",\"inLanguage\":\"en\",\"@id\":\"https:\\\/\\\/eltecolote.org\\\/content\\\/#\\\/schema\\\/logo\\\/image\\\/\",\"url\":\"https:\\\/\\\/i0.wp.com\\\/eltecolote.org\\\/content\\\/wp-content\\\/uploads\\\/2021\\\/05\\\/ETlogo-1.jpg?fit=400%2C400&ssl=1\",\"contentUrl\":\"https:\\\/\\\/i0.wp.com\\\/eltecolote.org\\\/content\\\/wp-content\\\/uploads\\\/2021\\\/05\\\/ETlogo-1.jpg?fit=400%2C400&ssl=1\",\"width\":400,\"height\":400,\"caption\":\"El Tecolote\"},\"image\":{\"@id\":\"https:\\\/\\\/eltecolote.org\\\/content\\\/#\\\/schema\\\/logo\\\/image\\\/\"},\"sameAs\":[\"https:\\\/\\\/www.facebook.com\\\/ElTecoloteSF\\\/\",\"https:\\\/\\\/x.com\\\/eltecolotesf\",\"https:\\\/\\\/www.instagram.com\\\/eltecolotesf\\\/\"]},{\"@type\":\"Person\",\"@id\":\"https:\\\/\\\/eltecolote.org\\\/content\\\/#\\\/schema\\\/person\\\/08828d10185eba96895a8363a269410e\",\"name\":\"El Tecolote Staff\",\"image\":{\"@type\":\"ImageObject\",\"inLanguage\":\"en\",\"@id\":\"https:\\\/\\\/secure.gravatar.com\\\/avatar\\\/9534c92c8c908364e186a64d93efc86f62367109d1b07a3454facde655968589?s=96&d=mm&r=g6afcb607783e095e4cf6be807353924d\",\"url\":\"https:\\\/\\\/secure.gravatar.com\\\/avatar\\\/9534c92c8c908364e186a64d93efc86f62367109d1b07a3454facde655968589?s=96&d=mm&r=g\",\"contentUrl\":\"https:\\\/\\\/secure.gravatar.com\\\/avatar\\\/9534c92c8c908364e186a64d93efc86f62367109d1b07a3454facde655968589?s=96&d=mm&r=g\",\"caption\":\"El Tecolote Staff\"},\"url\":\"https:\\\/\\\/eltecolote.org\\\/content\\\/author\\\/web-editor\\\/\"}]}<\/script>\n<!-- \/ Yoast SEO plugin. -->","yoast_head_json":{"title":"Youth collaborate to honor Cl\u00ednica Mart\u00edn Bar\u00f3 - El Tecolote","description":"Over the weekend of May 31 \u2013 June 2, youth painted a colorful mural to honor Clinica Mart\u00edn Bar\u00f3 next to the entrance of HOMEY at the corner of 10th and","robots":{"index":"index","follow":"follow","max-snippet":"max-snippet:-1","max-image-preview":"max-image-preview:large","max-video-preview":"max-video-preview:-1"},"canonical":"https:\/\/eltecolote.org\/content\/en\/youth-collaborates-to-honor\/","og_locale":"en_US","og_type":"article","og_title":"Youth collaborate to honor Cl\u00ednica Mart\u00edn Bar\u00f3 - El Tecolote","og_description":"Over the weekend of May 31 \u2013 June 2, youth painted a colorful mural to honor Clinica Mart\u00edn Bar\u00f3 next to the entrance of HOMEY at the corner of 10th and","og_url":"https:\/\/eltecolote.org\/content\/en\/youth-collaborates-to-honor\/","og_site_name":"El Tecolote","article_publisher":"https:\/\/www.facebook.com\/ElTecoloteSF\/","article_published_time":"2013-06-20T15:26:23+00:00","article_modified_time":"2013-07-01T20:35:45+00:00","og_image":[{"width":800,"height":535,"url":"https:\/\/i0.wp.com\/eltecolote.org\/content\/wp-content\/uploads\/2013\/06\/Homey_01web.jpg?fit=800%2C535&ssl=1","type":"image\/jpeg"}],"author":"El Tecolote Staff","twitter_card":"summary_large_image","twitter_creator":"@eltecolotesf","twitter_site":"@eltecolotesf","twitter_misc":{"Written by":"El Tecolote Staff","Est. reading time":"2 minutes"},"schema":{"@context":"https:\/\/schema.org","@graph":[{"@type":"NewsArticle","@id":"https:\/\/eltecolote.org\/content\/en\/youth-collaborates-to-honor\/#article","isPartOf":{"@id":"https:\/\/eltecolote.org\/content\/en\/youth-collaborates-to-honor\/"},"author":{"name":"El Tecolote Staff","@id":"https:\/\/eltecolote.org\/content\/#\/schema\/person\/08828d10185eba96895a8363a269410e"},"headline":"Youth collaborate to honor Cl\u00ednica Mart\u00edn Bar\u00f3","datePublished":"2013-06-20T15:26:23+00:00","dateModified":"2013-07-01T20:35:45+00:00","mainEntityOfPage":{"@id":"https:\/\/eltecolote.org\/content\/en\/youth-collaborates-to-honor\/"},"wordCount":367,"commentCount":0,"publisher":{"@id":"https:\/\/eltecolote.org\/content\/#organization"},"image":{"@id":"https:\/\/eltecolote.org\/content\/en\/youth-collaborates-to-honor\/#primaryimage"},"thumbnailUrl":"https:\/\/i0.wp.com\/eltecolote.org\/content\/wp-content\/uploads\/2013\/06\/Homey_01web.jpg?fit=800%2C535&quality=89&ssl=1","keywords":["Clinica Mart\u00edn Bar\u00f3","HOMEY","Homies Organizing the Mission to Empower Youth"],"articleSection":["News"],"inLanguage":"en","potentialAction":[{"@type":"CommentAction","name":"Comment","target":["https:\/\/eltecolote.org\/content\/en\/youth-collaborates-to-honor\/#respond"]}]},{"@type":"WebPage","@id":"https:\/\/eltecolote.org\/content\/en\/youth-collaborates-to-honor\/","url":"https:\/\/eltecolote.org\/content\/en\/youth-collaborates-to-honor\/","name":"Youth collaborate to honor Cl\u00ednica Mart\u00edn Bar\u00f3 - El Tecolote","isPartOf":{"@id":"https:\/\/eltecolote.org\/content\/#website"},"primaryImageOfPage":{"@id":"https:\/\/eltecolote.org\/content\/en\/youth-collaborates-to-honor\/#primaryimage"},"image":{"@id":"https:\/\/eltecolote.org\/content\/en\/youth-collaborates-to-honor\/#primaryimage"},"thumbnailUrl":"https:\/\/i0.wp.com\/eltecolote.org\/content\/wp-content\/uploads\/2013\/06\/Homey_01web.jpg?fit=800%2C535&quality=89&ssl=1","datePublished":"2013-06-20T15:26:23+00:00","dateModified":"2013-07-01T20:35:45+00:00","description":"Over the weekend of May 31 \u2013 June 2, youth painted a colorful mural to honor Clinica Mart\u00edn Bar\u00f3 next to the entrance of HOMEY at the corner of 10th and","inLanguage":"en","potentialAction":[{"@type":"ReadAction","target":["https:\/\/eltecolote.org\/content\/en\/youth-collaborates-to-honor\/"]}]},{"@type":"ImageObject","inLanguage":"en","@id":"https:\/\/eltecolote.org\/content\/en\/youth-collaborates-to-honor\/#primaryimage","url":"https:\/\/i0.wp.com\/eltecolote.org\/content\/wp-content\/uploads\/2013\/06\/Homey_01web.jpg?fit=800%2C535&quality=89&ssl=1","contentUrl":"https:\/\/i0.wp.com\/eltecolote.org\/content\/wp-content\/uploads\/2013\/06\/Homey_01web.jpg?fit=800%2C535&quality=89&ssl=1","width":800,"height":535},{"@type":"WebSite","@id":"https:\/\/eltecolote.org\/content\/#website","url":"https:\/\/eltecolote.org\/content\/","name":"El Tecolote","description":"San Francisco's Latinx newspaper since 1970","publisher":{"@id":"https:\/\/eltecolote.org\/content\/#organization"},"potentialAction":[{"@type":"SearchAction","target":{"@type":"EntryPoint","urlTemplate":"https:\/\/eltecolote.org\/content\/?s={search_term_string}"},"query-input":{"@type":"PropertyValueSpecification","valueRequired":true,"valueName":"search_term_string"}}],"inLanguage":"en"},{"@type":"Organization","@id":"https:\/\/eltecolote.org\/content\/#organization","name":"El Tecolote","url":"https:\/\/eltecolote.org\/content\/","logo":{"@type":"ImageObject","inLanguage":"en","@id":"https:\/\/eltecolote.org\/content\/#\/schema\/logo\/image\/","url":"https:\/\/i0.wp.com\/eltecolote.org\/content\/wp-content\/uploads\/2021\/05\/ETlogo-1.jpg?fit=400%2C400&ssl=1","contentUrl":"https:\/\/i0.wp.com\/eltecolote.org\/content\/wp-content\/uploads\/2021\/05\/ETlogo-1.jpg?fit=400%2C400&ssl=1","width":400,"height":400,"caption":"El Tecolote"},"image":{"@id":"https:\/\/eltecolote.org\/content\/#\/schema\/logo\/image\/"},"sameAs":["https:\/\/www.facebook.com\/ElTecoloteSF\/","https:\/\/x.com\/eltecolotesf","https:\/\/www.instagram.com\/eltecolotesf\/"]},{"@type":"Person","@id":"https:\/\/eltecolote.org\/content\/#\/schema\/person\/08828d10185eba96895a8363a269410e","name":"El Tecolote Staff","image":{"@type":"ImageObject","inLanguage":"en","@id":"https:\/\/secure.gravatar.com\/avatar\/9534c92c8c908364e186a64d93efc86f62367109d1b07a3454facde655968589?s=96&d=mm&r=g6afcb607783e095e4cf6be807353924d","url":"https:\/\/secure.gravatar.com\/avatar\/9534c92c8c908364e186a64d93efc86f62367109d1b07a3454facde655968589?s=96&d=mm&r=g","contentUrl":"https:\/\/secure.gravatar.com\/avatar\/9534c92c8c908364e186a64d93efc86f62367109d1b07a3454facde655968589?s=96&d=mm&r=g","caption":"El Tecolote Staff"},"url":"https:\/\/eltecolote.org\/content\/author\/web-editor\/"}]}},"distributor_meta":false,"distributor_terms":false,"distributor_media":false,"distributor_original_site_name":"El Tecolote","distributor_original_site_url":"https:\/\/eltecolote.org\/content","push-errors":false,"_links":{"self":[{"href":"https:\/\/eltecolote.org\/content\/wp-json\/wp\/v2\/posts\/21069","targetHints":{"allow":["GET"]}}],"collection":[{"href":"https:\/\/eltecolote.org\/content\/wp-json\/wp\/v2\/posts"}],"about":[{"href":"https:\/\/eltecolote.org\/content\/wp-json\/wp\/v2\/types\/post"}],"author":[{"embeddable":true,"href":"https:\/\/eltecolote.org\/content\/wp-json\/wp\/v2\/users\/35"}],"replies":[{"embeddable":true,"href":"https:\/\/eltecolote.org\/content\/wp-json\/wp\/v2\/comments?post=21069"}],"version-history":[{"count":11,"href":"https:\/\/eltecolote.org\/content\/wp-json\/wp\/v2\/posts\/21069\/revisions"}],"predecessor-version":[{"id":21122,"href":"https:\/\/eltecolote.org\/content\/wp-json\/wp\/v2\/posts\/21069\/revisions\/21122"}],"wp:featuredmedia":[{"embeddable":true,"href":"https:\/\/eltecolote.org\/content\/wp-json\/wp\/v2\/media\/21070"}],"wp:attachment":[{"href":"https:\/\/eltecolote.org\/content\/wp-json\/wp\/v2\/media?parent=21069"}],"wp:term":[{"taxonomy":"category","embeddable":true,"href":"https:\/\/eltecolote.org\/content\/wp-json\/wp\/v2\/categories?post=21069"},{"taxonomy":"post_tag","embeddable":true,"href":"https:\/\/eltecolote.org\/content\/wp-json\/wp\/v2\/tags?post=21069"},{"taxonomy":"author","embeddable":true,"href":"https:\/\/eltecolote.org\/content\/wp-json\/wp\/v2\/coauthors?post=21069"}],"curies":[{"name":"wp","href":"https:\/\/api.w.org\/{rel}","templated":true}]}}