{"id":20574,"date":"2013-05-26T21:39:50","date_gmt":"2013-05-27T04:39:50","guid":{"rendered":"http:\/\/eltecolote.org\/content\/?p=20574"},"modified":"2015-02-18T16:20:23","modified_gmt":"2015-02-18T23:20:23","slug":"sf-jazz-center-se-hace-eco-del-sonido-latino","status":"publish","type":"post","link":"https:\/\/eltecolote.org\/content\/es\/sf-jazz-center-se-hace-eco-del-sonido-latino\/","title":{"rendered":"SF Jazz Center se hace eco del sonido latino"},"content":{"rendered":"<figure id=\"attachment_20576\" aria-describedby=\"caption-attachment-20576\" style=\"width: 800px\" class=\"wp-caption aligncenter\"><a href=\"https:\/\/i0.wp.com\/eltecolote.org\/content\/wp-content\/uploads\/2013\/05\/SF-Jazz_03web.jpg?quality=89&#038;ssl=1\"><img data-recalc-dims=\"1\" loading=\"lazy\" decoding=\"async\" class=\"size-full wp-image-20576 \" src=\"https:\/\/i0.wp.com\/eltecolote.org\/content\/wp-content\/uploads\/2013\/05\/SF-Jazz_03web.jpg?resize=800%2C533&#038;quality=89&#038;ssl=1\" alt=\"Interior del Centro de Jazz de San Francisco. Interior of the SF Jazz Center. Photo Tim Griffiths; Courtesy SF Jazz Center\" width=\"800\" height=\"533\" srcset=\"https:\/\/i0.wp.com\/eltecolote.org\/content\/wp-content\/uploads\/2013\/05\/SF-Jazz_03web.jpg?w=800&amp;quality=89&amp;ssl=1 800w, https:\/\/i0.wp.com\/eltecolote.org\/content\/wp-content\/uploads\/2013\/05\/SF-Jazz_03web.jpg?resize=600%2C399&amp;quality=89&amp;ssl=1 600w, https:\/\/i0.wp.com\/eltecolote.org\/content\/wp-content\/uploads\/2013\/05\/SF-Jazz_03web.jpg?resize=360%2C239&amp;quality=89&amp;ssl=1 360w\" sizes=\"auto, (max-width: 800px) 100vw, 800px\" \/><\/a><figcaption id=\"caption-attachment-20576\" class=\"wp-caption-text\">Interior del Centro de Jazz de San Francisco. Interior of the SF Jazz Center. Photo Tim Griffiths; Courtesy SF Jazz Center<\/figcaption><\/figure>\n<p>A cuatro meses de abrir sus puertas, el centro San Francisco Jazz sigue dedicado a la m\u00fasica latina en sus programas y eventos.<\/p>\n<p>Desde el 30 de mayo hasta el 2 de junio, Miguel Zen\u00f3n, director invitado y saxofonista renombrado de Puerto Rico presentar\u00e1 su proyecto de instrumentos de viento, \u2018Alma Adentro\u2019.<\/p>\n<p>\u201cMiguel ha sido parte de la colectiva de SF Jazz por 10 a\u00f1os\u2026 un grupo de m\u00fasicos encargados de arreglar m\u00fasica de compositores de jazz reconocidos\u201d, dijo la directora de educaci\u00f3n del centro, Rebecca Maule\u00f3n. \u201cB\u00e1sicamente, los directores invitados organizan tres o cuatro veladas, en las que colaboran con varios artistas e intercambian sus conocimientos\u201d.<\/p>\n<p>Desde el 12 hasta el 23 de junio el centro ser\u00e1 el anfitri\u00f3n del San Francisco Jazz Festival. Pedrito Mart\u00ednez, percusionista afro-cubano y el d\u00fao Harold Lopez-Nussa, un grupo de piano y bater\u00eda de Cuba presentar\u00e1n en el festival, adem\u00e1s de otros artistas latinos.<\/p>\n<p>Es un evento que ya tiene 31 a\u00f1os y anteriormente suced\u00eda en varios locales durante varios meses, y ahora se realizar\u00e1 en un solo lugar.<\/p>\n<p>\u201cEs un desaf\u00edo porque nunca lo hemos hecho. La organizaci\u00f3n tiene 31 a\u00f1os, pero nunca hemos hecho esto (el nuevo centro)\u201d, dijo Maule\u00f3n. \u201cEs un edificio fabuloso, el espacio es hermoso. Nos encanta el hecho de que sea otro lugar para artistas, y artistas locales\u201d.<\/p>\n<figure id=\"attachment_20577\" aria-describedby=\"caption-attachment-20577\" style=\"width: 360px\" class=\"wp-caption alignright\"><a href=\"https:\/\/i0.wp.com\/eltecolote.org\/content\/wp-content\/uploads\/2013\/05\/SF-Jazz_01web.jpg?quality=89&#038;ssl=1\"><img data-recalc-dims=\"1\" loading=\"lazy\" decoding=\"async\" class=\"size-medium wp-image-20577\" src=\"https:\/\/i0.wp.com\/eltecolote.org\/content\/wp-content\/uploads\/2013\/05\/SF-Jazz_01web.jpg?resize=360%2C241&#038;quality=89&#038;ssl=1\" alt=\"Comenzando el 30 de mayo y hasta el 2 de junio, SF Jazz presentar\u00e1 al director invitado Miguel Zen\u00f3n, renombrado saxofonista puertorrique\u00f1o. Beginning May 30 (until June 2), SF Jazz will showcase Resident Director Miguel Zen\u00f3n, a renowned Puerto Rican saxophonist. Photo Courtesy www.miguelzenon.com\" width=\"360\" height=\"241\" srcset=\"https:\/\/i0.wp.com\/eltecolote.org\/content\/wp-content\/uploads\/2013\/05\/SF-Jazz_01web.jpg?resize=360%2C241&amp;quality=89&amp;ssl=1 360w, https:\/\/i0.wp.com\/eltecolote.org\/content\/wp-content\/uploads\/2013\/05\/SF-Jazz_01web.jpg?resize=600%2C402&amp;quality=89&amp;ssl=1 600w, https:\/\/i0.wp.com\/eltecolote.org\/content\/wp-content\/uploads\/2013\/05\/SF-Jazz_01web.jpg?w=800&amp;quality=89&amp;ssl=1 800w\" sizes=\"auto, (max-width: 360px) 100vw, 360px\" \/><\/a><figcaption id=\"caption-attachment-20577\" class=\"wp-caption-text\">Comenzando el 30 de mayo y hasta el 2 de junio, SF Jazz presentar\u00e1 al director invitado Miguel Zen\u00f3n, renombrado saxofonista puertorrique\u00f1o. Beginning May 30 (until June 2), SF Jazz will showcase Resident Director Miguel Zen\u00f3n, a renowned Puerto Rican saxophonist. Photo Courtesy www.miguelzenon.com<\/figcaption><\/figure>\n<p>El centro, que cost\u00f3 $64 mil millones y tiene un auditorio de 700 asientos, acoge para programaci\u00f3n de educaci\u00f3n y jazz durante todo el a\u00f1o.<\/p>\n<p>\u201cSF Jazz siempre ha incluido a la comunidad latina en su programaci\u00f3n\u2026 una de las razones por la cual trabajamos con ellos fue por John Santos, uno de los artistas de jazz latino m\u00e1s importantes\u201d, dijo Carlos Disdier de La Bohemia Productions, una organizaci\u00f3n de la Misi\u00f3n que colabora con el centro.<\/p>\n<p>En el oto\u00f1o La Bohemia Productions se unir\u00e1 con SF Jazz para presentar \u2018Fe y Curaci\u00f3n\u2019, un evento de recaudaci\u00f3n de fondos para el Instituto Familiar De La Raza.<\/p>\n<p>\u201cEs una organizaci\u00f3n sin fines de lucro, es de la comunidad y tambi\u00e9n proporciona servicios sociales a la comunidad\u201d, dijo Disdier.<\/p>\n<p>El centro de SF Jazz est\u00e1 ubicado en Hayes Valley, en el 201 de la calle Franklin. Para boletos y m\u00e1s informaci\u00f3n visite www.SFjazz.org.<\/p>\n<p><em>\u2014Traducci\u00f3n Gabriela Sierra Alonso<\/em><\/p>\n","protected":false},"excerpt":{"rendered":"<p>A cuatro meses de abrir sus puertas, el centro San Francisco Jazz sigue dedicado a la m\u00fasica latina en sus programas y eventos. Desde el 30 de mayo hasta el 2 de junio, Miguel Zen\u00f3n, director invitado y saxofonista renombrado de Puerto Rico presentar\u00e1 su proyecto de instrumentos de viento, \u2018Alma Adentro\u2019. \u201cMiguel ha sido [&hellip;]<\/p>\n","protected":false},"author":35,"featured_media":0,"comment_status":"open","ping_status":"closed","sticky":false,"template":"","format":"standard","meta":{"newspack_popups_has_disabled_popups":false,"newspack_featured_image_position":"","newspack_post_subtitle":"","newspack_article_summary_title":"Overview:","newspack_article_summary":"","newspack_hide_updated_date":false,"newspack_show_updated_date":false,"footnotes":""},"categories":[3511],"tags":[2337,2334,2335,2332,2333,2336],"coauthors":[],"class_list":["post-20574","post","type-post","status-publish","format-standard","hentry","category-arte-es","tag-el-centro-san-francisco-jazz","tag-hope-healing","tag-la-bohemia-productions","tag-miguel-zenon","tag-san-francisco-jazz-festival","tag-sf-jazz","entry"],"yoast_head":"<!-- This site is optimized with the Yoast SEO plugin v27.5 - https:\/\/yoast.com\/product\/yoast-seo-wordpress\/ -->\n<title>SF Jazz Center se hace eco del sonido latino - El Tecolote<\/title>\n<meta name=\"description\" content=\"A cuatro meses de abrir sus puertas, el centro San Francisco Jazz sigue dedicado a la m\u00fasica latina en sus programas y eventos. Desde el 30 de mayo hasta\" \/>\n<meta name=\"robots\" content=\"index, follow, max-snippet:-1, max-image-preview:large, max-video-preview:-1\" \/>\n<link rel=\"canonical\" href=\"https:\/\/eltecolote.org\/content\/es\/sf-jazz-center-se-hace-eco-del-sonido-latino\/\" \/>\n<meta property=\"og:locale\" content=\"en_US\" \/>\n<meta property=\"og:type\" content=\"article\" \/>\n<meta property=\"og:title\" content=\"SF Jazz Center se hace eco del sonido latino - El Tecolote\" \/>\n<meta property=\"og:description\" content=\"A cuatro meses de abrir sus puertas, el centro San Francisco Jazz sigue dedicado a la m\u00fasica latina en sus programas y eventos. Desde el 30 de mayo hasta\" \/>\n<meta property=\"og:url\" content=\"https:\/\/eltecolote.org\/content\/es\/sf-jazz-center-se-hace-eco-del-sonido-latino\/\" \/>\n<meta property=\"og:site_name\" content=\"El Tecolote\" \/>\n<meta property=\"article:publisher\" content=\"https:\/\/www.facebook.com\/ElTecoloteSF\/\" \/>\n<meta property=\"article:published_time\" content=\"2013-05-27T04:39:50+00:00\" \/>\n<meta property=\"article:modified_time\" content=\"2015-02-18T23:20:23+00:00\" \/>\n<meta property=\"og:image\" content=\"http:\/\/eltecolote.org\/content\/wp-content\/uploads\/2013\/05\/SF-Jazz_03web.jpg\" \/>\n<meta name=\"author\" content=\"El Tecolote Staff\" \/>\n<meta name=\"twitter:card\" content=\"summary_large_image\" \/>\n<meta name=\"twitter:creator\" content=\"@eltecolotesf\" \/>\n<meta name=\"twitter:site\" content=\"@eltecolotesf\" \/>\n<meta name=\"twitter:label1\" content=\"Written by\" \/>\n\t<meta name=\"twitter:data1\" content=\"El Tecolote Staff\" \/>\n\t<meta name=\"twitter:label2\" content=\"Est. reading time\" \/>\n\t<meta name=\"twitter:data2\" content=\"2 minutes\" \/>\n<script type=\"application\/ld+json\" class=\"yoast-schema-graph\">{\"@context\":\"https:\\\/\\\/schema.org\",\"@graph\":[{\"@type\":\"NewsArticle\",\"@id\":\"https:\\\/\\\/eltecolote.org\\\/content\\\/es\\\/sf-jazz-center-se-hace-eco-del-sonido-latino\\\/#article\",\"isPartOf\":{\"@id\":\"https:\\\/\\\/eltecolote.org\\\/content\\\/es\\\/sf-jazz-center-se-hace-eco-del-sonido-latino\\\/\"},\"author\":{\"name\":\"El Tecolote Staff\",\"@id\":\"https:\\\/\\\/eltecolote.org\\\/content\\\/#\\\/schema\\\/person\\\/08828d10185eba96895a8363a269410e\"},\"headline\":\"SF Jazz Center se hace eco del sonido latino\",\"datePublished\":\"2013-05-27T04:39:50+00:00\",\"dateModified\":\"2015-02-18T23:20:23+00:00\",\"mainEntityOfPage\":{\"@id\":\"https:\\\/\\\/eltecolote.org\\\/content\\\/es\\\/sf-jazz-center-se-hace-eco-del-sonido-latino\\\/\"},\"wordCount\":492,\"commentCount\":0,\"publisher\":{\"@id\":\"https:\\\/\\\/eltecolote.org\\\/content\\\/#organization\"},\"image\":{\"@id\":\"https:\\\/\\\/eltecolote.org\\\/content\\\/es\\\/sf-jazz-center-se-hace-eco-del-sonido-latino\\\/#primaryimage\"},\"thumbnailUrl\":\"http:\\\/\\\/eltecolote.org\\\/content\\\/wp-content\\\/uploads\\\/2013\\\/05\\\/SF-Jazz_03web.jpg\",\"keywords\":[\"el centro San Francisco Jazz\",\"Hope &amp; Healing\",\"La Bohemia Productions\",\"Miguel Zen\u00f3n\",\"San Francisco Jazz Festival\",\"SF Jazz\"],\"articleSection\":[\"Arte\"],\"inLanguage\":\"en\",\"potentialAction\":[{\"@type\":\"CommentAction\",\"name\":\"Comment\",\"target\":[\"https:\\\/\\\/eltecolote.org\\\/content\\\/es\\\/sf-jazz-center-se-hace-eco-del-sonido-latino\\\/#respond\"]}]},{\"@type\":\"WebPage\",\"@id\":\"https:\\\/\\\/eltecolote.org\\\/content\\\/es\\\/sf-jazz-center-se-hace-eco-del-sonido-latino\\\/\",\"url\":\"https:\\\/\\\/eltecolote.org\\\/content\\\/es\\\/sf-jazz-center-se-hace-eco-del-sonido-latino\\\/\",\"name\":\"SF Jazz Center se hace eco del sonido latino - El Tecolote\",\"isPartOf\":{\"@id\":\"https:\\\/\\\/eltecolote.org\\\/content\\\/#website\"},\"primaryImageOfPage\":{\"@id\":\"https:\\\/\\\/eltecolote.org\\\/content\\\/es\\\/sf-jazz-center-se-hace-eco-del-sonido-latino\\\/#primaryimage\"},\"image\":{\"@id\":\"https:\\\/\\\/eltecolote.org\\\/content\\\/es\\\/sf-jazz-center-se-hace-eco-del-sonido-latino\\\/#primaryimage\"},\"thumbnailUrl\":\"http:\\\/\\\/eltecolote.org\\\/content\\\/wp-content\\\/uploads\\\/2013\\\/05\\\/SF-Jazz_03web.jpg\",\"datePublished\":\"2013-05-27T04:39:50+00:00\",\"dateModified\":\"2015-02-18T23:20:23+00:00\",\"description\":\"A cuatro meses de abrir sus puertas, el centro San Francisco Jazz sigue dedicado a la m\u00fasica latina en sus programas y eventos. Desde el 30 de mayo hasta\",\"inLanguage\":\"en\",\"potentialAction\":[{\"@type\":\"ReadAction\",\"target\":[\"https:\\\/\\\/eltecolote.org\\\/content\\\/es\\\/sf-jazz-center-se-hace-eco-del-sonido-latino\\\/\"]}]},{\"@type\":\"ImageObject\",\"inLanguage\":\"en\",\"@id\":\"https:\\\/\\\/eltecolote.org\\\/content\\\/es\\\/sf-jazz-center-se-hace-eco-del-sonido-latino\\\/#primaryimage\",\"url\":\"http:\\\/\\\/eltecolote.org\\\/content\\\/wp-content\\\/uploads\\\/2013\\\/05\\\/SF-Jazz_03web.jpg\",\"contentUrl\":\"http:\\\/\\\/eltecolote.org\\\/content\\\/wp-content\\\/uploads\\\/2013\\\/05\\\/SF-Jazz_03web.jpg\"},{\"@type\":\"WebSite\",\"@id\":\"https:\\\/\\\/eltecolote.org\\\/content\\\/#website\",\"url\":\"https:\\\/\\\/eltecolote.org\\\/content\\\/\",\"name\":\"El Tecolote\",\"description\":\"San Francisco's Latinx newspaper since 1970\",\"publisher\":{\"@id\":\"https:\\\/\\\/eltecolote.org\\\/content\\\/#organization\"},\"potentialAction\":[{\"@type\":\"SearchAction\",\"target\":{\"@type\":\"EntryPoint\",\"urlTemplate\":\"https:\\\/\\\/eltecolote.org\\\/content\\\/?s={search_term_string}\"},\"query-input\":{\"@type\":\"PropertyValueSpecification\",\"valueRequired\":true,\"valueName\":\"search_term_string\"}}],\"inLanguage\":\"en\"},{\"@type\":\"Organization\",\"@id\":\"https:\\\/\\\/eltecolote.org\\\/content\\\/#organization\",\"name\":\"El Tecolote\",\"url\":\"https:\\\/\\\/eltecolote.org\\\/content\\\/\",\"logo\":{\"@type\":\"ImageObject\",\"inLanguage\":\"en\",\"@id\":\"https:\\\/\\\/eltecolote.org\\\/content\\\/#\\\/schema\\\/logo\\\/image\\\/\",\"url\":\"https:\\\/\\\/i0.wp.com\\\/eltecolote.org\\\/content\\\/wp-content\\\/uploads\\\/2021\\\/05\\\/ETlogo-1.jpg?fit=400%2C400&ssl=1\",\"contentUrl\":\"https:\\\/\\\/i0.wp.com\\\/eltecolote.org\\\/content\\\/wp-content\\\/uploads\\\/2021\\\/05\\\/ETlogo-1.jpg?fit=400%2C400&ssl=1\",\"width\":400,\"height\":400,\"caption\":\"El Tecolote\"},\"image\":{\"@id\":\"https:\\\/\\\/eltecolote.org\\\/content\\\/#\\\/schema\\\/logo\\\/image\\\/\"},\"sameAs\":[\"https:\\\/\\\/www.facebook.com\\\/ElTecoloteSF\\\/\",\"https:\\\/\\\/x.com\\\/eltecolotesf\",\"https:\\\/\\\/www.instagram.com\\\/eltecolotesf\\\/\"]},{\"@type\":\"Person\",\"@id\":\"https:\\\/\\\/eltecolote.org\\\/content\\\/#\\\/schema\\\/person\\\/08828d10185eba96895a8363a269410e\",\"name\":\"El Tecolote Staff\",\"image\":{\"@type\":\"ImageObject\",\"inLanguage\":\"en\",\"@id\":\"https:\\\/\\\/secure.gravatar.com\\\/avatar\\\/9534c92c8c908364e186a64d93efc86f62367109d1b07a3454facde655968589?s=96&d=mm&r=g6afcb607783e095e4cf6be807353924d\",\"url\":\"https:\\\/\\\/secure.gravatar.com\\\/avatar\\\/9534c92c8c908364e186a64d93efc86f62367109d1b07a3454facde655968589?s=96&d=mm&r=g\",\"contentUrl\":\"https:\\\/\\\/secure.gravatar.com\\\/avatar\\\/9534c92c8c908364e186a64d93efc86f62367109d1b07a3454facde655968589?s=96&d=mm&r=g\",\"caption\":\"El Tecolote Staff\"},\"url\":\"https:\\\/\\\/eltecolote.org\\\/content\\\/author\\\/web-editor\\\/\"}]}<\/script>\n<!-- \/ Yoast SEO plugin. -->","yoast_head_json":{"title":"SF Jazz Center se hace eco del sonido latino - El Tecolote","description":"A cuatro meses de abrir sus puertas, el centro San Francisco Jazz sigue dedicado a la m\u00fasica latina en sus programas y eventos. Desde el 30 de mayo hasta","robots":{"index":"index","follow":"follow","max-snippet":"max-snippet:-1","max-image-preview":"max-image-preview:large","max-video-preview":"max-video-preview:-1"},"canonical":"https:\/\/eltecolote.org\/content\/es\/sf-jazz-center-se-hace-eco-del-sonido-latino\/","og_locale":"en_US","og_type":"article","og_title":"SF Jazz Center se hace eco del sonido latino - El Tecolote","og_description":"A cuatro meses de abrir sus puertas, el centro San Francisco Jazz sigue dedicado a la m\u00fasica latina en sus programas y eventos. Desde el 30 de mayo hasta","og_url":"https:\/\/eltecolote.org\/content\/es\/sf-jazz-center-se-hace-eco-del-sonido-latino\/","og_site_name":"El Tecolote","article_publisher":"https:\/\/www.facebook.com\/ElTecoloteSF\/","article_published_time":"2013-05-27T04:39:50+00:00","article_modified_time":"2015-02-18T23:20:23+00:00","og_image":[{"url":"http:\/\/eltecolote.org\/content\/wp-content\/uploads\/2013\/05\/SF-Jazz_03web.jpg","type":"","width":"","height":""}],"author":"El Tecolote Staff","twitter_card":"summary_large_image","twitter_creator":"@eltecolotesf","twitter_site":"@eltecolotesf","twitter_misc":{"Written by":"El Tecolote Staff","Est. reading time":"2 minutes"},"schema":{"@context":"https:\/\/schema.org","@graph":[{"@type":"NewsArticle","@id":"https:\/\/eltecolote.org\/content\/es\/sf-jazz-center-se-hace-eco-del-sonido-latino\/#article","isPartOf":{"@id":"https:\/\/eltecolote.org\/content\/es\/sf-jazz-center-se-hace-eco-del-sonido-latino\/"},"author":{"name":"El Tecolote Staff","@id":"https:\/\/eltecolote.org\/content\/#\/schema\/person\/08828d10185eba96895a8363a269410e"},"headline":"SF Jazz Center se hace eco del sonido latino","datePublished":"2013-05-27T04:39:50+00:00","dateModified":"2015-02-18T23:20:23+00:00","mainEntityOfPage":{"@id":"https:\/\/eltecolote.org\/content\/es\/sf-jazz-center-se-hace-eco-del-sonido-latino\/"},"wordCount":492,"commentCount":0,"publisher":{"@id":"https:\/\/eltecolote.org\/content\/#organization"},"image":{"@id":"https:\/\/eltecolote.org\/content\/es\/sf-jazz-center-se-hace-eco-del-sonido-latino\/#primaryimage"},"thumbnailUrl":"http:\/\/eltecolote.org\/content\/wp-content\/uploads\/2013\/05\/SF-Jazz_03web.jpg","keywords":["el centro San Francisco Jazz","Hope &amp; Healing","La Bohemia Productions","Miguel Zen\u00f3n","San Francisco Jazz Festival","SF Jazz"],"articleSection":["Arte"],"inLanguage":"en","potentialAction":[{"@type":"CommentAction","name":"Comment","target":["https:\/\/eltecolote.org\/content\/es\/sf-jazz-center-se-hace-eco-del-sonido-latino\/#respond"]}]},{"@type":"WebPage","@id":"https:\/\/eltecolote.org\/content\/es\/sf-jazz-center-se-hace-eco-del-sonido-latino\/","url":"https:\/\/eltecolote.org\/content\/es\/sf-jazz-center-se-hace-eco-del-sonido-latino\/","name":"SF Jazz Center se hace eco del sonido latino - El Tecolote","isPartOf":{"@id":"https:\/\/eltecolote.org\/content\/#website"},"primaryImageOfPage":{"@id":"https:\/\/eltecolote.org\/content\/es\/sf-jazz-center-se-hace-eco-del-sonido-latino\/#primaryimage"},"image":{"@id":"https:\/\/eltecolote.org\/content\/es\/sf-jazz-center-se-hace-eco-del-sonido-latino\/#primaryimage"},"thumbnailUrl":"http:\/\/eltecolote.org\/content\/wp-content\/uploads\/2013\/05\/SF-Jazz_03web.jpg","datePublished":"2013-05-27T04:39:50+00:00","dateModified":"2015-02-18T23:20:23+00:00","description":"A cuatro meses de abrir sus puertas, el centro San Francisco Jazz sigue dedicado a la m\u00fasica latina en sus programas y eventos. Desde el 30 de mayo hasta","inLanguage":"en","potentialAction":[{"@type":"ReadAction","target":["https:\/\/eltecolote.org\/content\/es\/sf-jazz-center-se-hace-eco-del-sonido-latino\/"]}]},{"@type":"ImageObject","inLanguage":"en","@id":"https:\/\/eltecolote.org\/content\/es\/sf-jazz-center-se-hace-eco-del-sonido-latino\/#primaryimage","url":"http:\/\/eltecolote.org\/content\/wp-content\/uploads\/2013\/05\/SF-Jazz_03web.jpg","contentUrl":"http:\/\/eltecolote.org\/content\/wp-content\/uploads\/2013\/05\/SF-Jazz_03web.jpg"},{"@type":"WebSite","@id":"https:\/\/eltecolote.org\/content\/#website","url":"https:\/\/eltecolote.org\/content\/","name":"El Tecolote","description":"San Francisco's Latinx newspaper since 1970","publisher":{"@id":"https:\/\/eltecolote.org\/content\/#organization"},"potentialAction":[{"@type":"SearchAction","target":{"@type":"EntryPoint","urlTemplate":"https:\/\/eltecolote.org\/content\/?s={search_term_string}"},"query-input":{"@type":"PropertyValueSpecification","valueRequired":true,"valueName":"search_term_string"}}],"inLanguage":"en"},{"@type":"Organization","@id":"https:\/\/eltecolote.org\/content\/#organization","name":"El Tecolote","url":"https:\/\/eltecolote.org\/content\/","logo":{"@type":"ImageObject","inLanguage":"en","@id":"https:\/\/eltecolote.org\/content\/#\/schema\/logo\/image\/","url":"https:\/\/i0.wp.com\/eltecolote.org\/content\/wp-content\/uploads\/2021\/05\/ETlogo-1.jpg?fit=400%2C400&ssl=1","contentUrl":"https:\/\/i0.wp.com\/eltecolote.org\/content\/wp-content\/uploads\/2021\/05\/ETlogo-1.jpg?fit=400%2C400&ssl=1","width":400,"height":400,"caption":"El Tecolote"},"image":{"@id":"https:\/\/eltecolote.org\/content\/#\/schema\/logo\/image\/"},"sameAs":["https:\/\/www.facebook.com\/ElTecoloteSF\/","https:\/\/x.com\/eltecolotesf","https:\/\/www.instagram.com\/eltecolotesf\/"]},{"@type":"Person","@id":"https:\/\/eltecolote.org\/content\/#\/schema\/person\/08828d10185eba96895a8363a269410e","name":"El Tecolote Staff","image":{"@type":"ImageObject","inLanguage":"en","@id":"https:\/\/secure.gravatar.com\/avatar\/9534c92c8c908364e186a64d93efc86f62367109d1b07a3454facde655968589?s=96&d=mm&r=g6afcb607783e095e4cf6be807353924d","url":"https:\/\/secure.gravatar.com\/avatar\/9534c92c8c908364e186a64d93efc86f62367109d1b07a3454facde655968589?s=96&d=mm&r=g","contentUrl":"https:\/\/secure.gravatar.com\/avatar\/9534c92c8c908364e186a64d93efc86f62367109d1b07a3454facde655968589?s=96&d=mm&r=g","caption":"El Tecolote Staff"},"url":"https:\/\/eltecolote.org\/content\/author\/web-editor\/"}]}},"distributor_meta":false,"distributor_terms":false,"distributor_media":false,"distributor_original_site_name":"El Tecolote","distributor_original_site_url":"https:\/\/eltecolote.org\/content","push-errors":false,"_links":{"self":[{"href":"https:\/\/eltecolote.org\/content\/wp-json\/wp\/v2\/posts\/20574","targetHints":{"allow":["GET"]}}],"collection":[{"href":"https:\/\/eltecolote.org\/content\/wp-json\/wp\/v2\/posts"}],"about":[{"href":"https:\/\/eltecolote.org\/content\/wp-json\/wp\/v2\/types\/post"}],"author":[{"embeddable":true,"href":"https:\/\/eltecolote.org\/content\/wp-json\/wp\/v2\/users\/35"}],"replies":[{"embeddable":true,"href":"https:\/\/eltecolote.org\/content\/wp-json\/wp\/v2\/comments?post=20574"}],"version-history":[{"count":8,"href":"https:\/\/eltecolote.org\/content\/wp-json\/wp\/v2\/posts\/20574\/revisions"}],"predecessor-version":[{"id":20636,"href":"https:\/\/eltecolote.org\/content\/wp-json\/wp\/v2\/posts\/20574\/revisions\/20636"}],"wp:attachment":[{"href":"https:\/\/eltecolote.org\/content\/wp-json\/wp\/v2\/media?parent=20574"}],"wp:term":[{"taxonomy":"category","embeddable":true,"href":"https:\/\/eltecolote.org\/content\/wp-json\/wp\/v2\/categories?post=20574"},{"taxonomy":"post_tag","embeddable":true,"href":"https:\/\/eltecolote.org\/content\/wp-json\/wp\/v2\/tags?post=20574"},{"taxonomy":"author","embeddable":true,"href":"https:\/\/eltecolote.org\/content\/wp-json\/wp\/v2\/coauthors?post=20574"}],"curies":[{"name":"wp","href":"https:\/\/api.w.org\/{rel}","templated":true}]}}