{"id":19666,"date":"2013-03-28T16:03:33","date_gmt":"2013-03-28T23:03:33","guid":{"rendered":"http:\/\/eltecolote.org\/content\/?p=19666"},"modified":"2014-12-12T13:48:54","modified_gmt":"2014-12-12T20:48:54","slug":"el-museo-mexicano-avanzan-planes-para-reubicar","status":"publish","type":"post","link":"https:\/\/eltecolote.org\/content\/es\/el-museo-mexicano-avanzan-planes-para-reubicar\/","title":{"rendered":"Avanzan planes para reubicar El Museo Mexicano"},"content":{"rendered":"<figure id=\"attachment_19668\" aria-describedby=\"caption-attachment-19668\" style=\"width: 800px\" class=\"wp-caption alignnone\"><a href=\"https:\/\/i0.wp.com\/eltecolote.org\/content\/wp-content\/uploads\/2013\/03\/Mexican-Museum_02web.jpg?quality=89&#038;ssl=1\"><img data-recalc-dims=\"1\" loading=\"lazy\" decoding=\"async\" class=\"size-full wp-image-19668 \" src=\"https:\/\/i0.wp.com\/eltecolote.org\/content\/wp-content\/uploads\/2013\/03\/Mexican-Museum_02web.jpg?resize=800%2C270&#038;quality=89&#038;ssl=1\" alt=\"Nueva ubicaci\u00f3n prevista para El Museo Mexicano. \" width=\"800\" height=\"270\" srcset=\"https:\/\/i0.wp.com\/eltecolote.org\/content\/wp-content\/uploads\/2013\/03\/Mexican-Museum_02web.jpg?w=800&amp;quality=89&amp;ssl=1 800w, https:\/\/i0.wp.com\/eltecolote.org\/content\/wp-content\/uploads\/2013\/03\/Mexican-Museum_02web.jpg?resize=600%2C202&amp;quality=89&amp;ssl=1 600w, https:\/\/i0.wp.com\/eltecolote.org\/content\/wp-content\/uploads\/2013\/03\/Mexican-Museum_02web.jpg?resize=360%2C121&amp;quality=89&amp;ssl=1 360w\" sizes=\"auto, (max-width: 800px) 100vw, 800px\" \/><\/a><figcaption id=\"caption-attachment-19668\" class=\"wp-caption-text\">Nueva ubicaci\u00f3n prevista para El Museo Mexicano. Prospective new location for The Mexican Museum.<\/figcaption><\/figure>\n<p>Luego de m\u00e1s de 15 a\u00f1os en desarrollo, la construcci\u00f3n del nuevo Museo Mexicano de San Francisco en el \u00e1rea del Centro Yerba Buena tuvo un avance que lo acerca m\u00e1s a su aprobaci\u00f3n final el pasado jueves cuando la comisi\u00f3n de planeaci\u00f3n de la ciudad certific\u00f3 un reporte ambiental para el proyecto.<\/p>\n<p>El reporte eval\u00faa c\u00f3mo una torre de 47 pisos en un lote vac\u00edo en el 706 de la calle Misi\u00f3n, un plan desarrollado por Millenium Projects, impactar\u00eda en una \u00e1rea con mucho movimiento. De ser aprobado, el edificio proveer\u00eda un nuevo valor de $36 millones a El Museo Mexicano as\u00ed como a las 215 unidades residenciales existentes en la zona.<\/p>\n<p>\u201cEs un paso significativo hacia el desarrollo del nuevo museo\u201d, dijo el director del museo David J. de la Torre. \u201cYo les dir\u00eda a nuestros patrocinadores y al p\u00fablico que observen el progreso en los pr\u00f3ximos meses\u201d.<\/p>\n<p>\u201cEste es un proyecto de la gente. Es un proyecto cultural que realmente har\u00e1 a la ciudad entera sentirse orgullosa\u201d, dijo Adri\u00e1n Berm\u00fadez, un ardiente partidario presente en la junta.<\/p>\n<p>Los promotores incluyen artistas, residentes de la comunidad y representantes del gobierno.<\/p>\n<p>\u201cLa importancia de su decisi\u00f3n tiene implicaciones que van m\u00e1s all\u00e1 de San Francisco y de M\u00e9xico. Como ciudadanos mexicanos que venimos a San Francisco, El Museo Mexicano es y continuar\u00e1 siendo un destino tur\u00edstico cultural\u201d, dijo Andrew Kluger, uno de los cuatro c\u00f3nsules honorarios de M\u00e9xico en los Estados Unidos, que apremi\u00f3 a la comisi\u00f3n verificar el reporte.<\/p>\n<figure id=\"attachment_19669\" aria-describedby=\"caption-attachment-19669\" style=\"width: 272px\" class=\"wp-caption alignright\"><a href=\"https:\/\/i0.wp.com\/eltecolote.org\/content\/wp-content\/uploads\/2013\/03\/MexMuseum.png?quality=80&#038;ssl=1\"><img data-recalc-dims=\"1\" loading=\"lazy\" decoding=\"async\" class=\" wp-image-19669  \" src=\"https:\/\/i0.wp.com\/eltecolote.org\/content\/wp-content\/uploads\/2013\/03\/MexMuseum.png?resize=272%2C384&#038;quality=80&#038;ssl=1\" alt=\"El director de El Museo Mexicano, David de La Torre, se dirige a la Comisi\u00f3n de Planeaci\u00f3n de la alcald\u00eda de San Francisco, durante la revisi\u00f3n del informe de impacto medioambiental del pasado 21 de marzo. The Mexican Museum Director David de La Torre addresses the San Francisco Planning Commission during a March 21 meeting regarding the Environmental Impact \" width=\"272\" height=\"384\" srcset=\"https:\/\/i0.wp.com\/eltecolote.org\/content\/wp-content\/uploads\/2013\/03\/MexMuseum.png?resize=340%2C480&amp;quality=80&amp;ssl=1 340w, https:\/\/i0.wp.com\/eltecolote.org\/content\/wp-content\/uploads\/2013\/03\/MexMuseum.png?resize=177%2C250&amp;quality=80&amp;ssl=1 177w, https:\/\/i0.wp.com\/eltecolote.org\/content\/wp-content\/uploads\/2013\/03\/MexMuseum.png?w=396&amp;quality=80&amp;ssl=1 396w\" sizes=\"auto, (max-width: 272px) 100vw, 272px\" \/><\/a><figcaption id=\"caption-attachment-19669\" class=\"wp-caption-text\">El director de El Museo Mexicano, David de La Torre, se dirige a la Comisi\u00f3n de Planeaci\u00f3n de la alcald\u00eda de San Francisco, durante la revisi\u00f3n del informe de impacto medioambiental del pasado 21 de marzo. Foto Chris Sanchez<\/figcaption><\/figure>\n<p>Sin embargo, no todos estaban listos para darle la bienvenida al museo.<\/p>\n<p>Los cr\u00edticos argumentaron que el reporte no incluye un estudio completo de los efectos en los peatones o residentes del \u00e1rea.<\/p>\n<p>Katherin Moore y Hisashi Sugaya estuvieron entre los \u00fanicos comisionados renuentes a aprobar el reporte.<\/p>\n<p>\u201cLa seguridad de los peatones debe considerarse cuando se trata de un cambio tan fuerte en el tr\u00e1nsito de la ciudad y en la ya creciente red de bicicletas que circulan por la ciudad. Todas estas cosas necesitan ser analizadas conjuntamente,\u201d dijo Moore. \u201cSi bien el reporte sobre el impacto ambiental es muy exhaustivo, a\u00fan no est\u00e1 completo.\u201d<\/p>\n<p>No obstante, la comisi\u00f3n aprob\u00f3 el reporte en una votaci\u00f3n de 4 a 2, permiti\u00e9ndole al museo avanzar a otras juntas que finalmente decidir\u00e1n su destino.<\/p>\n<p>El museo, fundado en 1975 en el distrito de la Misi\u00f3n, presenta la colecci\u00f3n de 14,000 piezas que incluye una variedad de arte mexicano y chicano. Los oficiales dijeron que varias de ellas permanecen almacenadas sin poder ser exhibidas por la falta de espacio.<\/p>\n<p>Como dato destacable, el museo lleg\u00f3 a convertirse en un afiliado del Instituto Smithsoniano en el \u00faltimo a\u00f1o, uni\u00e9ndose a una de las redes de museos m\u00e1s grande del pa\u00eds.<\/p>\n<p>El espacio m\u00e1s grande permitir\u00eda al museo expandir su programaci\u00f3n, ofreciendo programas educativos para ni\u00f1os y adultos.<\/p>\n<p>\u201cEl sistema educativo en este pa\u00eds no est\u00e1 educando realmente a la gente de los EEUU sobre la comunidad latina\u201d, dijo Roberto Hern\u00e1ndez, un activista comunitario en el Distrito de la Misi\u00f3n.<\/p>\n<p>\u201cEl programa educativo de El Museo Mexicano no ser\u00e1 solo para los latinos, sino para toda la gente que desee aprender acerca de qui\u00e9nes son aquellos\u201d.<\/p>\n<p>Durante las \u00faltimas semanas, los oficiales del museo llevaron a cabo varias juntas con miembros de la comunidad para conseguir apoyo para el proyecto.<\/p>\n<p>\u201cLos mexicanos construyeron el Contemporary Jewish Museum. Tambi\u00e9n construyeron el Museum of African Diaspora. Ahora que ya terminamos de construir sus museos, vamos a construir el nuestro\u201d, dijo Hern\u00e1ndez durante una junta comunitaria que tuvo lugar en el restaurante Casa S\u00e1nchez en el Distrito de la Misi\u00f3n, a comienzos de este mes.<\/p>\n<p>Para Raymond Solomon, un herrero involucrado en la construcci\u00f3n del De Young Museum y el Contemporary Jewish Museum, trabajar en el nuevo museo podr\u00eda ser una realidad muy cercana.<\/p>\n<p>\u201cCuando voy por la ciudad, veo y s\u00e9 que he estado trabajando en algunas obras y, estado en el andamio en un catorceavo piso, en una canastilla haciendo ese trabajo. Ser parte de este trabajo me llenar\u00eda de gran orgullo\u201d, dijo Solomon.<\/p>\n<p>De acuerdo a los oficiales del museo, el desarrollo del proyecto se ha prolongado y sufrido varios retrasos incluyendo asuntos monetarios. \u201cAhora que tenemos luz verde necesitamos capitalizarlo y ampliar la base de apoyo del museo\u201d, a\u00f1adi\u00f3 su director, de La Torre.<\/p>\n<p>La pr\u00f3xima junta de la comisi\u00f3n de planeaci\u00f3n para discutir el futuro del museo est\u00e1 programada para el 4 de abril a las 12 p.m., en City Hall.<\/p>\n","protected":false},"excerpt":{"rendered":"<p>Luego de m\u00e1s de 15 a\u00f1os en desarrollo, la construcci\u00f3n del nuevo Museo Mexicano de San Francisco en el \u00e1rea del Centro Yerba Buena tuvo un avance que lo acerca m\u00e1s a su aprobaci\u00f3n final el pasado jueves cuando la comisi\u00f3n de planeaci\u00f3n de la ciudad certific\u00f3 un reporte ambiental para el proyecto. <\/p>\n","protected":false},"author":35,"featured_media":0,"comment_status":"open","ping_status":"closed","sticky":false,"template":"","format":"standard","meta":{"newspack_popups_has_disabled_popups":false,"newspack_featured_image_position":"","newspack_post_subtitle":"","newspack_article_summary_title":"Overview:","newspack_article_summary":"","newspack_hide_updated_date":false,"newspack_show_updated_date":false,"footnotes":""},"categories":[7],"tags":[2189,2213],"coauthors":[],"class_list":["post-19666","post","type-post","status-publish","format-standard","hentry","category-news","tag-centro-yerba-buena","tag-el-museo-mexicano","entry"],"yoast_head":"<!-- This site is optimized with the Yoast SEO plugin v27.5 - https:\/\/yoast.com\/product\/yoast-seo-wordpress\/ -->\n<title>Avanzan planes para reubicar El Museo Mexicano - El Tecolote<\/title>\n<meta name=\"description\" content=\"Luego de m\u00e1s de 15 a\u00f1os en desarrollo, la construcci\u00f3n del nuevo Museo Mexicano de San Francisco en el \u00e1rea del Centro Yerba Buena tuvo un avance que lo acerca m\u00e1s a su aprobaci\u00f3n final el pasado jueves cuando la comisi\u00f3n de planeaci\u00f3n de la ciudad certific\u00f3 un reporte ambiental para el proyecto.\" \/>\n<meta name=\"robots\" content=\"index, follow, max-snippet:-1, max-image-preview:large, max-video-preview:-1\" \/>\n<link rel=\"canonical\" href=\"https:\/\/eltecolote.org\/content\/es\/el-museo-mexicano-avanzan-planes-para-reubicar\/\" \/>\n<meta property=\"og:locale\" content=\"en_US\" \/>\n<meta property=\"og:type\" content=\"article\" \/>\n<meta property=\"og:title\" content=\"Avanzan planes para reubicar El Museo Mexicano - El Tecolote\" \/>\n<meta property=\"og:description\" content=\"Luego de m\u00e1s de 15 a\u00f1os en desarrollo, la construcci\u00f3n del nuevo Museo Mexicano de San Francisco en el \u00e1rea del Centro Yerba Buena tuvo un avance que lo acerca m\u00e1s a su aprobaci\u00f3n final el pasado jueves cuando la comisi\u00f3n de planeaci\u00f3n de la ciudad certific\u00f3 un reporte ambiental para el proyecto.\" \/>\n<meta property=\"og:url\" content=\"https:\/\/eltecolote.org\/content\/es\/el-museo-mexicano-avanzan-planes-para-reubicar\/\" \/>\n<meta property=\"og:site_name\" content=\"El Tecolote\" \/>\n<meta property=\"article:publisher\" content=\"https:\/\/www.facebook.com\/ElTecoloteSF\/\" \/>\n<meta property=\"article:published_time\" content=\"2013-03-28T23:03:33+00:00\" \/>\n<meta property=\"article:modified_time\" content=\"2014-12-12T20:48:54+00:00\" \/>\n<meta property=\"og:image\" content=\"http:\/\/eltecolote.org\/content\/wp-content\/uploads\/2013\/03\/Mexican-Museum_02web.jpg\" \/>\n<meta name=\"author\" content=\"El Tecolote Staff\" \/>\n<meta name=\"twitter:card\" content=\"summary_large_image\" \/>\n<meta name=\"twitter:creator\" content=\"@eltecolotesf\" \/>\n<meta name=\"twitter:site\" content=\"@eltecolotesf\" \/>\n<meta name=\"twitter:label1\" content=\"Written by\" \/>\n\t<meta name=\"twitter:data1\" content=\"El Tecolote Staff\" \/>\n\t<meta name=\"twitter:label2\" content=\"Est. reading time\" \/>\n\t<meta name=\"twitter:data2\" content=\"4 minutes\" \/>\n<script type=\"application\/ld+json\" class=\"yoast-schema-graph\">{\"@context\":\"https:\\\/\\\/schema.org\",\"@graph\":[{\"@type\":\"NewsArticle\",\"@id\":\"https:\\\/\\\/eltecolote.org\\\/content\\\/es\\\/el-museo-mexicano-avanzan-planes-para-reubicar\\\/#article\",\"isPartOf\":{\"@id\":\"https:\\\/\\\/eltecolote.org\\\/content\\\/es\\\/el-museo-mexicano-avanzan-planes-para-reubicar\\\/\"},\"author\":{\"name\":\"El Tecolote Staff\",\"@id\":\"https:\\\/\\\/eltecolote.org\\\/content\\\/#\\\/schema\\\/person\\\/08828d10185eba96895a8363a269410e\"},\"headline\":\"Avanzan planes para reubicar El Museo Mexicano\",\"datePublished\":\"2013-03-28T23:03:33+00:00\",\"dateModified\":\"2014-12-12T20:48:54+00:00\",\"mainEntityOfPage\":{\"@id\":\"https:\\\/\\\/eltecolote.org\\\/content\\\/es\\\/el-museo-mexicano-avanzan-planes-para-reubicar\\\/\"},\"wordCount\":874,\"commentCount\":0,\"publisher\":{\"@id\":\"https:\\\/\\\/eltecolote.org\\\/content\\\/#organization\"},\"image\":{\"@id\":\"https:\\\/\\\/eltecolote.org\\\/content\\\/es\\\/el-museo-mexicano-avanzan-planes-para-reubicar\\\/#primaryimage\"},\"thumbnailUrl\":\"http:\\\/\\\/eltecolote.org\\\/content\\\/wp-content\\\/uploads\\\/2013\\\/03\\\/Mexican-Museum_02web.jpg\",\"keywords\":[\"Centro Yerba Buena\",\"El Museo Mexicano\"],\"articleSection\":[\"News\"],\"inLanguage\":\"en\",\"potentialAction\":[{\"@type\":\"CommentAction\",\"name\":\"Comment\",\"target\":[\"https:\\\/\\\/eltecolote.org\\\/content\\\/es\\\/el-museo-mexicano-avanzan-planes-para-reubicar\\\/#respond\"]}]},{\"@type\":\"WebPage\",\"@id\":\"https:\\\/\\\/eltecolote.org\\\/content\\\/es\\\/el-museo-mexicano-avanzan-planes-para-reubicar\\\/\",\"url\":\"https:\\\/\\\/eltecolote.org\\\/content\\\/es\\\/el-museo-mexicano-avanzan-planes-para-reubicar\\\/\",\"name\":\"Avanzan planes para reubicar El Museo Mexicano - El Tecolote\",\"isPartOf\":{\"@id\":\"https:\\\/\\\/eltecolote.org\\\/content\\\/#website\"},\"primaryImageOfPage\":{\"@id\":\"https:\\\/\\\/eltecolote.org\\\/content\\\/es\\\/el-museo-mexicano-avanzan-planes-para-reubicar\\\/#primaryimage\"},\"image\":{\"@id\":\"https:\\\/\\\/eltecolote.org\\\/content\\\/es\\\/el-museo-mexicano-avanzan-planes-para-reubicar\\\/#primaryimage\"},\"thumbnailUrl\":\"http:\\\/\\\/eltecolote.org\\\/content\\\/wp-content\\\/uploads\\\/2013\\\/03\\\/Mexican-Museum_02web.jpg\",\"datePublished\":\"2013-03-28T23:03:33+00:00\",\"dateModified\":\"2014-12-12T20:48:54+00:00\",\"description\":\"Luego de m\u00e1s de 15 a\u00f1os en desarrollo, la construcci\u00f3n del nuevo Museo Mexicano de San Francisco en el \u00e1rea del Centro Yerba Buena tuvo un avance que lo acerca m\u00e1s a su aprobaci\u00f3n final el pasado jueves cuando la comisi\u00f3n de planeaci\u00f3n de la ciudad certific\u00f3 un reporte ambiental para el proyecto.\",\"inLanguage\":\"en\",\"potentialAction\":[{\"@type\":\"ReadAction\",\"target\":[\"https:\\\/\\\/eltecolote.org\\\/content\\\/es\\\/el-museo-mexicano-avanzan-planes-para-reubicar\\\/\"]}]},{\"@type\":\"ImageObject\",\"inLanguage\":\"en\",\"@id\":\"https:\\\/\\\/eltecolote.org\\\/content\\\/es\\\/el-museo-mexicano-avanzan-planes-para-reubicar\\\/#primaryimage\",\"url\":\"http:\\\/\\\/eltecolote.org\\\/content\\\/wp-content\\\/uploads\\\/2013\\\/03\\\/Mexican-Museum_02web.jpg\",\"contentUrl\":\"http:\\\/\\\/eltecolote.org\\\/content\\\/wp-content\\\/uploads\\\/2013\\\/03\\\/Mexican-Museum_02web.jpg\"},{\"@type\":\"WebSite\",\"@id\":\"https:\\\/\\\/eltecolote.org\\\/content\\\/#website\",\"url\":\"https:\\\/\\\/eltecolote.org\\\/content\\\/\",\"name\":\"El Tecolote\",\"description\":\"San Francisco's Latinx newspaper since 1970\",\"publisher\":{\"@id\":\"https:\\\/\\\/eltecolote.org\\\/content\\\/#organization\"},\"potentialAction\":[{\"@type\":\"SearchAction\",\"target\":{\"@type\":\"EntryPoint\",\"urlTemplate\":\"https:\\\/\\\/eltecolote.org\\\/content\\\/?s={search_term_string}\"},\"query-input\":{\"@type\":\"PropertyValueSpecification\",\"valueRequired\":true,\"valueName\":\"search_term_string\"}}],\"inLanguage\":\"en\"},{\"@type\":\"Organization\",\"@id\":\"https:\\\/\\\/eltecolote.org\\\/content\\\/#organization\",\"name\":\"El Tecolote\",\"url\":\"https:\\\/\\\/eltecolote.org\\\/content\\\/\",\"logo\":{\"@type\":\"ImageObject\",\"inLanguage\":\"en\",\"@id\":\"https:\\\/\\\/eltecolote.org\\\/content\\\/#\\\/schema\\\/logo\\\/image\\\/\",\"url\":\"https:\\\/\\\/i0.wp.com\\\/eltecolote.org\\\/content\\\/wp-content\\\/uploads\\\/2021\\\/05\\\/ETlogo-1.jpg?fit=400%2C400&ssl=1\",\"contentUrl\":\"https:\\\/\\\/i0.wp.com\\\/eltecolote.org\\\/content\\\/wp-content\\\/uploads\\\/2021\\\/05\\\/ETlogo-1.jpg?fit=400%2C400&ssl=1\",\"width\":400,\"height\":400,\"caption\":\"El Tecolote\"},\"image\":{\"@id\":\"https:\\\/\\\/eltecolote.org\\\/content\\\/#\\\/schema\\\/logo\\\/image\\\/\"},\"sameAs\":[\"https:\\\/\\\/www.facebook.com\\\/ElTecoloteSF\\\/\",\"https:\\\/\\\/x.com\\\/eltecolotesf\",\"https:\\\/\\\/www.instagram.com\\\/eltecolotesf\\\/\"]},{\"@type\":\"Person\",\"@id\":\"https:\\\/\\\/eltecolote.org\\\/content\\\/#\\\/schema\\\/person\\\/08828d10185eba96895a8363a269410e\",\"name\":\"El Tecolote Staff\",\"image\":{\"@type\":\"ImageObject\",\"inLanguage\":\"en\",\"@id\":\"https:\\\/\\\/secure.gravatar.com\\\/avatar\\\/9534c92c8c908364e186a64d93efc86f62367109d1b07a3454facde655968589?s=96&d=mm&r=g6afcb607783e095e4cf6be807353924d\",\"url\":\"https:\\\/\\\/secure.gravatar.com\\\/avatar\\\/9534c92c8c908364e186a64d93efc86f62367109d1b07a3454facde655968589?s=96&d=mm&r=g\",\"contentUrl\":\"https:\\\/\\\/secure.gravatar.com\\\/avatar\\\/9534c92c8c908364e186a64d93efc86f62367109d1b07a3454facde655968589?s=96&d=mm&r=g\",\"caption\":\"El Tecolote Staff\"},\"url\":\"https:\\\/\\\/eltecolote.org\\\/content\\\/author\\\/web-editor\\\/\"}]}<\/script>\n<!-- \/ Yoast SEO plugin. -->","yoast_head_json":{"title":"Avanzan planes para reubicar El Museo Mexicano - El Tecolote","description":"Luego de m\u00e1s de 15 a\u00f1os en desarrollo, la construcci\u00f3n del nuevo Museo Mexicano de San Francisco en el \u00e1rea del Centro Yerba Buena tuvo un avance que lo acerca m\u00e1s a su aprobaci\u00f3n final el pasado jueves cuando la comisi\u00f3n de planeaci\u00f3n de la ciudad certific\u00f3 un reporte ambiental para el proyecto.","robots":{"index":"index","follow":"follow","max-snippet":"max-snippet:-1","max-image-preview":"max-image-preview:large","max-video-preview":"max-video-preview:-1"},"canonical":"https:\/\/eltecolote.org\/content\/es\/el-museo-mexicano-avanzan-planes-para-reubicar\/","og_locale":"en_US","og_type":"article","og_title":"Avanzan planes para reubicar El Museo Mexicano - El Tecolote","og_description":"Luego de m\u00e1s de 15 a\u00f1os en desarrollo, la construcci\u00f3n del nuevo Museo Mexicano de San Francisco en el \u00e1rea del Centro Yerba Buena tuvo un avance que lo acerca m\u00e1s a su aprobaci\u00f3n final el pasado jueves cuando la comisi\u00f3n de planeaci\u00f3n de la ciudad certific\u00f3 un reporte ambiental para el proyecto.","og_url":"https:\/\/eltecolote.org\/content\/es\/el-museo-mexicano-avanzan-planes-para-reubicar\/","og_site_name":"El Tecolote","article_publisher":"https:\/\/www.facebook.com\/ElTecoloteSF\/","article_published_time":"2013-03-28T23:03:33+00:00","article_modified_time":"2014-12-12T20:48:54+00:00","og_image":[{"url":"http:\/\/eltecolote.org\/content\/wp-content\/uploads\/2013\/03\/Mexican-Museum_02web.jpg","type":"","width":"","height":""}],"author":"El Tecolote Staff","twitter_card":"summary_large_image","twitter_creator":"@eltecolotesf","twitter_site":"@eltecolotesf","twitter_misc":{"Written by":"El Tecolote Staff","Est. reading time":"4 minutes"},"schema":{"@context":"https:\/\/schema.org","@graph":[{"@type":"NewsArticle","@id":"https:\/\/eltecolote.org\/content\/es\/el-museo-mexicano-avanzan-planes-para-reubicar\/#article","isPartOf":{"@id":"https:\/\/eltecolote.org\/content\/es\/el-museo-mexicano-avanzan-planes-para-reubicar\/"},"author":{"name":"El Tecolote Staff","@id":"https:\/\/eltecolote.org\/content\/#\/schema\/person\/08828d10185eba96895a8363a269410e"},"headline":"Avanzan planes para reubicar El Museo Mexicano","datePublished":"2013-03-28T23:03:33+00:00","dateModified":"2014-12-12T20:48:54+00:00","mainEntityOfPage":{"@id":"https:\/\/eltecolote.org\/content\/es\/el-museo-mexicano-avanzan-planes-para-reubicar\/"},"wordCount":874,"commentCount":0,"publisher":{"@id":"https:\/\/eltecolote.org\/content\/#organization"},"image":{"@id":"https:\/\/eltecolote.org\/content\/es\/el-museo-mexicano-avanzan-planes-para-reubicar\/#primaryimage"},"thumbnailUrl":"http:\/\/eltecolote.org\/content\/wp-content\/uploads\/2013\/03\/Mexican-Museum_02web.jpg","keywords":["Centro Yerba Buena","El Museo Mexicano"],"articleSection":["News"],"inLanguage":"en","potentialAction":[{"@type":"CommentAction","name":"Comment","target":["https:\/\/eltecolote.org\/content\/es\/el-museo-mexicano-avanzan-planes-para-reubicar\/#respond"]}]},{"@type":"WebPage","@id":"https:\/\/eltecolote.org\/content\/es\/el-museo-mexicano-avanzan-planes-para-reubicar\/","url":"https:\/\/eltecolote.org\/content\/es\/el-museo-mexicano-avanzan-planes-para-reubicar\/","name":"Avanzan planes para reubicar El Museo Mexicano - El Tecolote","isPartOf":{"@id":"https:\/\/eltecolote.org\/content\/#website"},"primaryImageOfPage":{"@id":"https:\/\/eltecolote.org\/content\/es\/el-museo-mexicano-avanzan-planes-para-reubicar\/#primaryimage"},"image":{"@id":"https:\/\/eltecolote.org\/content\/es\/el-museo-mexicano-avanzan-planes-para-reubicar\/#primaryimage"},"thumbnailUrl":"http:\/\/eltecolote.org\/content\/wp-content\/uploads\/2013\/03\/Mexican-Museum_02web.jpg","datePublished":"2013-03-28T23:03:33+00:00","dateModified":"2014-12-12T20:48:54+00:00","description":"Luego de m\u00e1s de 15 a\u00f1os en desarrollo, la construcci\u00f3n del nuevo Museo Mexicano de San Francisco en el \u00e1rea del Centro Yerba Buena tuvo un avance que lo acerca m\u00e1s a su aprobaci\u00f3n final el pasado jueves cuando la comisi\u00f3n de planeaci\u00f3n de la ciudad certific\u00f3 un reporte ambiental para el proyecto.","inLanguage":"en","potentialAction":[{"@type":"ReadAction","target":["https:\/\/eltecolote.org\/content\/es\/el-museo-mexicano-avanzan-planes-para-reubicar\/"]}]},{"@type":"ImageObject","inLanguage":"en","@id":"https:\/\/eltecolote.org\/content\/es\/el-museo-mexicano-avanzan-planes-para-reubicar\/#primaryimage","url":"http:\/\/eltecolote.org\/content\/wp-content\/uploads\/2013\/03\/Mexican-Museum_02web.jpg","contentUrl":"http:\/\/eltecolote.org\/content\/wp-content\/uploads\/2013\/03\/Mexican-Museum_02web.jpg"},{"@type":"WebSite","@id":"https:\/\/eltecolote.org\/content\/#website","url":"https:\/\/eltecolote.org\/content\/","name":"El Tecolote","description":"San Francisco's Latinx newspaper since 1970","publisher":{"@id":"https:\/\/eltecolote.org\/content\/#organization"},"potentialAction":[{"@type":"SearchAction","target":{"@type":"EntryPoint","urlTemplate":"https:\/\/eltecolote.org\/content\/?s={search_term_string}"},"query-input":{"@type":"PropertyValueSpecification","valueRequired":true,"valueName":"search_term_string"}}],"inLanguage":"en"},{"@type":"Organization","@id":"https:\/\/eltecolote.org\/content\/#organization","name":"El Tecolote","url":"https:\/\/eltecolote.org\/content\/","logo":{"@type":"ImageObject","inLanguage":"en","@id":"https:\/\/eltecolote.org\/content\/#\/schema\/logo\/image\/","url":"https:\/\/i0.wp.com\/eltecolote.org\/content\/wp-content\/uploads\/2021\/05\/ETlogo-1.jpg?fit=400%2C400&ssl=1","contentUrl":"https:\/\/i0.wp.com\/eltecolote.org\/content\/wp-content\/uploads\/2021\/05\/ETlogo-1.jpg?fit=400%2C400&ssl=1","width":400,"height":400,"caption":"El Tecolote"},"image":{"@id":"https:\/\/eltecolote.org\/content\/#\/schema\/logo\/image\/"},"sameAs":["https:\/\/www.facebook.com\/ElTecoloteSF\/","https:\/\/x.com\/eltecolotesf","https:\/\/www.instagram.com\/eltecolotesf\/"]},{"@type":"Person","@id":"https:\/\/eltecolote.org\/content\/#\/schema\/person\/08828d10185eba96895a8363a269410e","name":"El Tecolote Staff","image":{"@type":"ImageObject","inLanguage":"en","@id":"https:\/\/secure.gravatar.com\/avatar\/9534c92c8c908364e186a64d93efc86f62367109d1b07a3454facde655968589?s=96&d=mm&r=g6afcb607783e095e4cf6be807353924d","url":"https:\/\/secure.gravatar.com\/avatar\/9534c92c8c908364e186a64d93efc86f62367109d1b07a3454facde655968589?s=96&d=mm&r=g","contentUrl":"https:\/\/secure.gravatar.com\/avatar\/9534c92c8c908364e186a64d93efc86f62367109d1b07a3454facde655968589?s=96&d=mm&r=g","caption":"El Tecolote Staff"},"url":"https:\/\/eltecolote.org\/content\/author\/web-editor\/"}]}},"distributor_meta":false,"distributor_terms":false,"distributor_media":false,"distributor_original_site_name":"El Tecolote","distributor_original_site_url":"https:\/\/eltecolote.org\/content","push-errors":false,"_links":{"self":[{"href":"https:\/\/eltecolote.org\/content\/wp-json\/wp\/v2\/posts\/19666","targetHints":{"allow":["GET"]}}],"collection":[{"href":"https:\/\/eltecolote.org\/content\/wp-json\/wp\/v2\/posts"}],"about":[{"href":"https:\/\/eltecolote.org\/content\/wp-json\/wp\/v2\/types\/post"}],"author":[{"embeddable":true,"href":"https:\/\/eltecolote.org\/content\/wp-json\/wp\/v2\/users\/35"}],"replies":[{"embeddable":true,"href":"https:\/\/eltecolote.org\/content\/wp-json\/wp\/v2\/comments?post=19666"}],"version-history":[{"count":5,"href":"https:\/\/eltecolote.org\/content\/wp-json\/wp\/v2\/posts\/19666\/revisions"}],"predecessor-version":[{"id":19794,"href":"https:\/\/eltecolote.org\/content\/wp-json\/wp\/v2\/posts\/19666\/revisions\/19794"}],"wp:attachment":[{"href":"https:\/\/eltecolote.org\/content\/wp-json\/wp\/v2\/media?parent=19666"}],"wp:term":[{"taxonomy":"category","embeddable":true,"href":"https:\/\/eltecolote.org\/content\/wp-json\/wp\/v2\/categories?post=19666"},{"taxonomy":"post_tag","embeddable":true,"href":"https:\/\/eltecolote.org\/content\/wp-json\/wp\/v2\/tags?post=19666"},{"taxonomy":"author","embeddable":true,"href":"https:\/\/eltecolote.org\/content\/wp-json\/wp\/v2\/coauthors?post=19666"}],"curies":[{"name":"wp","href":"https:\/\/api.w.org\/{rel}","templated":true}]}}