{"id":1946,"date":"2010-05-04T08:59:40","date_gmt":"2010-05-04T15:59:40","guid":{"rendered":"http:\/\/eltecolote.org\/content\/?p=1946"},"modified":"2014-12-31T13:37:55","modified_gmt":"2014-12-31T20:37:55","slug":"el-nino-de-la-mision-defiende-con-facilidad-su-titulo-de-pesos-ligeros","status":"publish","type":"post","link":"https:\/\/eltecolote.org\/content\/es\/el-nino-de-la-mision-defiende-con-facilidad-su-titulo-de-pesos-ligeros\/","title":{"rendered":"El ni\u00f1o de la Misi\u00f3n defiende con facilidad su t\u00edtulo de pesos ligeros"},"content":{"rendered":"<figure id=\"attachment_2487\" aria-describedby=\"caption-attachment-2487\" style=\"width: 600px\" class=\"wp-caption aligncenter\"><a href=\"https:\/\/eltecolote.org\/content\/2010\/05\/el-nino-de-la-mision-defiende-con-facilidad-su-titulo-de-pesos-ligeros\/sdc10924\/\" rel=\"attachment wp-att-2487\"><img data-recalc-dims=\"1\" loading=\"lazy\" decoding=\"async\" class=\"size-large wp-image-2487\" title=\"Photo Patricia Noerhasan\" src=\"https:\/\/i0.wp.com\/eltecolote.org\/content\/wp-content\/uploads\/2010\/05\/SDC10924.jpg?resize=600%2C450&#038;quality=89&#038;ssl=1\" alt=\"\" width=\"600\" height=\"450\" srcset=\"https:\/\/i0.wp.com\/eltecolote.org\/content\/wp-content\/uploads\/2010\/05\/SDC10924.jpg?resize=600%2C450&amp;quality=89&amp;ssl=1 600w, https:\/\/i0.wp.com\/eltecolote.org\/content\/wp-content\/uploads\/2010\/05\/SDC10924.jpg?resize=333%2C250&amp;quality=89&amp;ssl=1 333w, https:\/\/i0.wp.com\/eltecolote.org\/content\/wp-content\/uploads\/2010\/05\/SDC10924.jpg?w=2000&amp;quality=89&amp;ssl=1 2000w\" sizes=\"auto, (max-width: 600px) 100vw, 600px\" \/><\/a><figcaption id=\"caption-attachment-2487\" class=\"wp-caption-text\">Gilbert \u201cEl Ni\u00f1o\u201d Mel\u00e9ndez, campe\u00f3n de pesos ligeros de Strikeforce, lucha en la cuidad de San Francisco.<\/figcaption><\/figure>\n<p>Gilbert \u201cEl Ni\u00f1o\u201d Mel\u00e9ndez, campe\u00f3n Strikeforce de pesos ligeros (18\u20132 MMA, 8\u20131 SF) defendi\u00f3 su t\u00edtulo con \u00e9xito el pasado 17 de abril frente a Shinya Aoki (23-5 MMA, 0-1 SF), campe\u00f3n DREAM de pesos ligeros.<\/p>\n<p>Mel\u00e9ndez gan\u00f3 por decisi\u00f3n un\u00e1nime en una pelea que dur\u00f3 los cinco asaltos. Mantuvo al peligroso especialista del juego bajo o sumisi\u00f3n bajo control todo el rato, golpe\u00e1ndolo sin tregua con pu\u00f1etazos a la cabeza y al cuerpo.<\/p>\n<p>En el tercer asalto Aoki comenz\u00f3 a sangrar de la nariz, ya castigado con varios poderosos pu\u00f1etazos. \u201cEl ni\u00f1o\u201d tuvo cuidado de no caer al suelo frente a la estrella japonesa. Mel\u00e9ndez simplemente boxe\u00f3 m\u00e1s que su contrincante, cimentando su victoria.<\/p>\n<p>\u201cEs como una partida de ajedrez, no pod\u00eda cometer ning\u00fan error, ten\u00eda que esperar para apretar el gatillo. Me hubiera gustado apretar el gatillo un poco m\u00e1s, pero este tipo es bien peligroso\u201d, declar\u00f3 Mel\u00e9ndez tras la pelea.<\/p>\n<p>El deporte de \u2018Artes marciales mixtas\u2019 (MMA por sus siglas en ingl\u00e9s) es cada vez m\u00e1s popular, con estrellas emergentes como el mexicano-americano Mel\u00e9ndez, Tito Ortiz, Cain Velazquez y Miguel Angel Torres. Un deporte que est\u00e1 resultando muy atractivo para los latinos que son aficionados ocasionales de la lucha.<\/p>\n<p>\u201cEl perfil demogr\u00e1fico de este deporte es joven. Puedes ver a chicos latinos con su camiseta de Tito Ortiz. A la nueva generaci\u00f3n de latinos les encanta ver peleas. V\u00e9ame pelear, nosotros los latinos tenemos coraz\u00f3n y machucamos cr\u00e1neos\u201d, dijo el campe\u00f3n.<\/p>\n<p>El centro de atenci\u00f3n fue Mel\u00e9ndez en la noche del 17 de abril. La lucha por el campeonato fue televisada en todo el pa\u00eds por el canal de televisi\u00f3n CBS desde Nashville, Tennessee. Con s\u00f3lo 28 a\u00f1os de edad, la pelea fue la m\u00e1s importante de su carrera.<\/p>\n<p>A Aoki se lo considera segundo en el rango de su categor\u00eda de peso y es la estrella de la promoci\u00f3n DREAM, ubicada en Jap\u00f3n, siendo \u00e9sta su primera pelea en Strikeforce. Se lo considera un especialista de la sumisi\u00f3n. Durante la pelea Mel\u00e9ndez fue muy cauteloso con su juego bajo.<\/p>\n<p>\u201cMe imagino que va a intentar botarme al suelo. He estado trabajando en estiramientos en el suelo, defensa de derribo con una sola pierna y he estado simul\u00e1ndolo en el campo de entrenamiento\u201d, dijo Mel\u00e9ndez.<\/p>\n<p>Mel\u00e9ndez comenz\u00f3 a mostrar inter\u00e9s en la lucha cuando era un ni\u00f1o y ve\u00eda carteles de lucha del hermano mayor de su amigo. Lo admiraba, porque estaba en buena forma y se lo ve\u00eda como un tipo duro. Ya en 7\u00ba grado, vio su primera presentaci\u00f3n de artes marciales mixtas (MMA), UFC 4: Venganza de los Guerreros. Ver esa pelea le hizo convencerse de que la lucha era lo que le gustaba.<\/p>\n<p>Mel\u00e9ndez pele\u00f3 durante cuatro a\u00f1os en la escuela de Santa Ana, California, considerada una de las mejores escuelas de lucha del pa\u00eds. De ah\u00ed se matricul\u00f3 en la Universidad Estatal de San Francisco con una beca para la lucha.<\/p>\n<p>En su segundo a\u00f1o, conoci\u00f3 a Jake Shields, estrella de las artes marciales mixtas, que defendi\u00f3 con \u00e9xito su t\u00edtulo de pesos ligeros Strikeforce esa misma noche contra Dan Henderon, una de las leyendas de este deporte.<\/p>\n<p>Shields ense\u00f1\u00f3 a Mel\u00e9ndez en qu\u00e9 consist\u00edan las artes marciales mixtas, sobre todo el jiu-jitsu. Lo apadrin\u00f3 y lo llev\u00f3 a la Academia Cesar Gracie, donde Mel\u00e9ndez tuvo que aprender r\u00e1pido.<\/p>\n<p>\u201cMe lanzaron a luchar contra unas bestias, as\u00ed nom\u00e1s. Yo batall\u00e9 sin tregua.\u201d<\/p>\n<p>Comenz\u00f3 su carrera en World Extreme Cagefighting, donde gan\u00f3 sus primeras cuatro peleas. Sus padres tardaron un tiempo en hacerse a la idea de que su hijo se pod\u00eda ganar la vida en el mundo de la lucha en jaula (tambi\u00e9n conocida como \u2018vale todo\u2019).<\/p>\n<p>\u201cNo fue sencillo. Mis padres son muy buenos y quer\u00edan asegurarse de que terminaba mis estudios. Cuando vieron mi quinta pelea, se convirtieron en mis seguidores m\u00e1s fervientes.\u201d<\/p>\n<p>Al comenzar su carrera como luchador, a Mel\u00e9ndez le encantaba viajar por todo el mundo. Con su talento, siempre le sal\u00edan oportunidades para pelear. Pero a medida que creci\u00f3, las razones de su motivaci\u00f3n variaron un poco.<\/p>\n<p>\u201cAl principio eran m\u00e1s los viajes gratis a Hawaii y Jap\u00f3n, y el convertirme en el n\u00famero uno. Lo que m\u00e1s me late ahora es que va a nacer mi hija, una ni\u00f1a a la que cuidar, y tengo que llevar comida a la casa. Esa es mi motivaci\u00f3n ahora\u201d, declar\u00f3 Mel\u00e9ndez.<\/p>\n<p>A finales del a\u00f1o 2008, Mel\u00e9ndez abri\u00f3 su propio gimnasio, El ni\u00f1o training center, en el barrio de Bayview\/Hunters Point. Se inspir\u00f3 al ver el programa 24\/7 en el canal de televisi\u00f3n HBO. Vio que Floyd Mayweather Jr ten\u00eda su propio gimnasio, donde pod\u00eda entrenar a cualquier hora. Y Mel\u00e9ndez tambi\u00e9n quer\u00eda tener esa flexibilidad. En su gimnasio entrena a un grupo de luchadores j\u00f3venes. El equipo es un grupo muy unido que se hace conocer como el Scrap Pack.<\/p>\n<p>\u201cEl t\u00e9rmino scrap proviene de Hawaii, nos vemos a nosotros mismos como una jaur\u00eda\u201d, dijo Mel\u00e9ndez.<\/p>\n<p>Ahora que las artes marciales mixtas se est\u00e1n haciendo populares, el deporte est\u00e1 mucho m\u00e1s expuesto al p\u00fablico en general. Mel\u00e9ndez reci\u00e9n apareci\u00f3 en el programa de televisi\u00f3n \u2018NCIS: Los Angeles\u2019 de la cadena CBS junto con otros luchadores de Strikeforce.<\/p>\n<p>El episodio tocaba el tema de las artes marciales mixtas, en donde el personaje del agente especial Sam Hanna (interpretado por LL Cool J) se embarca en una misi\u00f3n secreta como luchador para investigar la muerte de un marine.<\/p>\n<p>\u201cFue una experiencia muy buena onda, no ten\u00eda ninguna l\u00ednea de di\u00e1logo, fui un extra glorificado. Sin embargo estuvo bueno, ayudar\u00e1 a que las artes marciales mixtas crezcan.\u201d<\/p>\n<p>Aunque Mel\u00e9ndez es el actual campe\u00f3n de pesos ligeros m\u00e1s famoso a nivel nacional, piensa que a\u00fan hay mucho camino que recorrer en este deporte.<\/p>\n<p>\u201cQuiero que me consideren el mejor de todos los tiempos. Quiero que mi nombre aparezca junto a leyendas de este deporte como BJ Penn y Randy Couture\u201d, dijo Mel\u00e9ndez. \u201cQuiero ser uno de esos luchadores inmortales.\u201d<\/p>\n<p>Al derrotar a Aoki, Mel\u00e9ndez ha dado vuelta a la clasificaci\u00f3n de la categor\u00eda de pesos ligeros.<\/p>\n<p>\u201cCreo que estoy entre los tres primeros. Pienso que me lo he ganado a pulso. Derrot\u00e9 al n\u00famero dos mundial, probablemente el n\u00famero uno. Creo que me merezco un poquito de amor.\u201d<\/p>\n<p>\u2014Traducci\u00f3n I\u00f1aki Fdez. de Retana<\/p>\n","protected":false},"excerpt":{"rendered":"<p>El deporte de \u2018Artes marciales mixtas\u2019 (MMA por sus siglas en ingl\u00e9s) es cada vez m\u00e1s popular, con estrellas emergentes como el mexicano-americano Gilbert &#8220;El Ni\u00f1o&#8221; Mel\u00e9ndez, Tito Ortiz, Cain Velazquez y Miguel Angel Torres. Un deporte que est\u00e1 resultando muy atractivo para los latinos que son aficionados ocasionales de la lucha.<\/p>\n","protected":false},"author":8,"featured_media":0,"comment_status":"open","ping_status":"open","sticky":false,"template":"","format":"standard","meta":{"newspack_popups_has_disabled_popups":false,"newspack_featured_image_position":"","newspack_post_subtitle":"","newspack_article_summary_title":"Overview:","newspack_article_summary":"","newspack_hide_updated_date":false,"newspack_show_updated_date":false,"footnotes":""},"categories":[3519],"tags":[321,324,322,323],"coauthors":[18468],"class_list":["post-1946","post","type-post","status-publish","format-standard","hentry","category-noticias","tag-el-nino","tag-gilbert","tag-mma","tag-strikeforce","entry"],"yoast_head":"<!-- This site is optimized with the Yoast SEO plugin v27.4 - https:\/\/yoast.com\/product\/yoast-seo-wordpress\/ -->\n<title>El ni\u00f1o de la Misi\u00f3n defiende con facilidad su t\u00edtulo de pesos ligeros - El Tecolote<\/title>\n<meta name=\"description\" content=\"El deporte de \u2018Artes marciales mixtas\u2019 (MMA por sus siglas en ingl\u00e9s) es cada vez m\u00e1s popular, con estrellas emergentes como el mexicano-americano Gilbert &quot;El Ni\u00f1o&quot; Mel\u00e9ndez, Tito Ortiz, Cain Velazquez y Miguel Angel Torres. Un deporte que est\u00e1 resultando muy atractivo para los latinos que son aficionados ocasionales de la lucha.\" \/>\n<meta name=\"robots\" content=\"index, follow, max-snippet:-1, max-image-preview:large, max-video-preview:-1\" \/>\n<link rel=\"canonical\" href=\"https:\/\/eltecolote.org\/content\/es\/el-nino-de-la-mision-defiende-con-facilidad-su-titulo-de-pesos-ligeros\/\" \/>\n<meta property=\"og:locale\" content=\"en_US\" \/>\n<meta property=\"og:type\" content=\"article\" \/>\n<meta property=\"og:title\" content=\"El ni\u00f1o de la Misi\u00f3n defiende con facilidad su t\u00edtulo de pesos ligeros - El Tecolote\" \/>\n<meta property=\"og:description\" content=\"El deporte de \u2018Artes marciales mixtas\u2019 (MMA por sus siglas en ingl\u00e9s) es cada vez m\u00e1s popular, con estrellas emergentes como el mexicano-americano Gilbert &quot;El Ni\u00f1o&quot; Mel\u00e9ndez, Tito Ortiz, Cain Velazquez y Miguel Angel Torres. Un deporte que est\u00e1 resultando muy atractivo para los latinos que son aficionados ocasionales de la lucha.\" \/>\n<meta property=\"og:url\" content=\"https:\/\/eltecolote.org\/content\/es\/el-nino-de-la-mision-defiende-con-facilidad-su-titulo-de-pesos-ligeros\/\" \/>\n<meta property=\"og:site_name\" content=\"El Tecolote\" \/>\n<meta property=\"article:publisher\" content=\"https:\/\/www.facebook.com\/ElTecoloteSF\/\" \/>\n<meta property=\"article:published_time\" content=\"2010-05-04T15:59:40+00:00\" \/>\n<meta property=\"article:modified_time\" content=\"2014-12-31T20:37:55+00:00\" \/>\n<meta property=\"og:image\" content=\"http:\/\/eltecolote.org\/content\/wp-content\/uploads\/2010\/05\/SDC10924-600x450.jpg\" \/>\n<meta name=\"author\" content=\"inaki\" \/>\n<meta name=\"twitter:card\" content=\"summary_large_image\" \/>\n<meta name=\"twitter:creator\" content=\"@eltecolotesf\" \/>\n<meta name=\"twitter:site\" content=\"@eltecolotesf\" \/>\n<meta name=\"twitter:label1\" content=\"Written by\" \/>\n\t<meta name=\"twitter:data1\" content=\"inaki\" \/>\n\t<meta name=\"twitter:label2\" content=\"Est. reading time\" \/>\n\t<meta name=\"twitter:data2\" content=\"6 minutes\" \/>\n<script type=\"application\/ld+json\" class=\"yoast-schema-graph\">{\"@context\":\"https:\\\/\\\/schema.org\",\"@graph\":[{\"@type\":\"NewsArticle\",\"@id\":\"https:\\\/\\\/eltecolote.org\\\/content\\\/es\\\/el-nino-de-la-mision-defiende-con-facilidad-su-titulo-de-pesos-ligeros\\\/#article\",\"isPartOf\":{\"@id\":\"https:\\\/\\\/eltecolote.org\\\/content\\\/es\\\/el-nino-de-la-mision-defiende-con-facilidad-su-titulo-de-pesos-ligeros\\\/\"},\"author\":{\"name\":\"inaki\",\"@id\":\"https:\\\/\\\/eltecolote.org\\\/content\\\/#\\\/schema\\\/person\\\/3d16dd415f4762c1919d5f48fb96be68\"},\"headline\":\"El ni\u00f1o de la Misi\u00f3n defiende con facilidad su t\u00edtulo de pesos ligeros\",\"datePublished\":\"2010-05-04T15:59:40+00:00\",\"dateModified\":\"2014-12-31T20:37:55+00:00\",\"mainEntityOfPage\":{\"@id\":\"https:\\\/\\\/eltecolote.org\\\/content\\\/es\\\/el-nino-de-la-mision-defiende-con-facilidad-su-titulo-de-pesos-ligeros\\\/\"},\"wordCount\":1194,\"commentCount\":0,\"publisher\":{\"@id\":\"https:\\\/\\\/eltecolote.org\\\/content\\\/#organization\"},\"image\":{\"@id\":\"https:\\\/\\\/eltecolote.org\\\/content\\\/es\\\/el-nino-de-la-mision-defiende-con-facilidad-su-titulo-de-pesos-ligeros\\\/#primaryimage\"},\"thumbnailUrl\":\"http:\\\/\\\/eltecolote.org\\\/content\\\/wp-content\\\/uploads\\\/2010\\\/05\\\/SDC10924-600x450.jpg\",\"keywords\":[\"El Nino\",\"Gilbert\",\"MMA\",\"Strikeforce\"],\"articleSection\":[\"Noticias\"],\"inLanguage\":\"en\",\"potentialAction\":[{\"@type\":\"CommentAction\",\"name\":\"Comment\",\"target\":[\"https:\\\/\\\/eltecolote.org\\\/content\\\/es\\\/el-nino-de-la-mision-defiende-con-facilidad-su-titulo-de-pesos-ligeros\\\/#respond\"]}]},{\"@type\":\"WebPage\",\"@id\":\"https:\\\/\\\/eltecolote.org\\\/content\\\/es\\\/el-nino-de-la-mision-defiende-con-facilidad-su-titulo-de-pesos-ligeros\\\/\",\"url\":\"https:\\\/\\\/eltecolote.org\\\/content\\\/es\\\/el-nino-de-la-mision-defiende-con-facilidad-su-titulo-de-pesos-ligeros\\\/\",\"name\":\"El ni\u00f1o de la Misi\u00f3n defiende con facilidad su t\u00edtulo de pesos ligeros - El Tecolote\",\"isPartOf\":{\"@id\":\"https:\\\/\\\/eltecolote.org\\\/content\\\/#website\"},\"primaryImageOfPage\":{\"@id\":\"https:\\\/\\\/eltecolote.org\\\/content\\\/es\\\/el-nino-de-la-mision-defiende-con-facilidad-su-titulo-de-pesos-ligeros\\\/#primaryimage\"},\"image\":{\"@id\":\"https:\\\/\\\/eltecolote.org\\\/content\\\/es\\\/el-nino-de-la-mision-defiende-con-facilidad-su-titulo-de-pesos-ligeros\\\/#primaryimage\"},\"thumbnailUrl\":\"http:\\\/\\\/eltecolote.org\\\/content\\\/wp-content\\\/uploads\\\/2010\\\/05\\\/SDC10924-600x450.jpg\",\"datePublished\":\"2010-05-04T15:59:40+00:00\",\"dateModified\":\"2014-12-31T20:37:55+00:00\",\"description\":\"El deporte de \u2018Artes marciales mixtas\u2019 (MMA por sus siglas en ingl\u00e9s) es cada vez m\u00e1s popular, con estrellas emergentes como el mexicano-americano Gilbert \\\"El Ni\u00f1o\\\" Mel\u00e9ndez, Tito Ortiz, Cain Velazquez y Miguel Angel Torres. Un deporte que est\u00e1 resultando muy atractivo para los latinos que son aficionados ocasionales de la lucha.\",\"inLanguage\":\"en\",\"potentialAction\":[{\"@type\":\"ReadAction\",\"target\":[\"https:\\\/\\\/eltecolote.org\\\/content\\\/es\\\/el-nino-de-la-mision-defiende-con-facilidad-su-titulo-de-pesos-ligeros\\\/\"]}]},{\"@type\":\"ImageObject\",\"inLanguage\":\"en\",\"@id\":\"https:\\\/\\\/eltecolote.org\\\/content\\\/es\\\/el-nino-de-la-mision-defiende-con-facilidad-su-titulo-de-pesos-ligeros\\\/#primaryimage\",\"url\":\"http:\\\/\\\/eltecolote.org\\\/content\\\/wp-content\\\/uploads\\\/2010\\\/05\\\/SDC10924-600x450.jpg\",\"contentUrl\":\"http:\\\/\\\/eltecolote.org\\\/content\\\/wp-content\\\/uploads\\\/2010\\\/05\\\/SDC10924-600x450.jpg\"},{\"@type\":\"WebSite\",\"@id\":\"https:\\\/\\\/eltecolote.org\\\/content\\\/#website\",\"url\":\"https:\\\/\\\/eltecolote.org\\\/content\\\/\",\"name\":\"El Tecolote\",\"description\":\"San Francisco's Latinx newspaper since 1970\",\"publisher\":{\"@id\":\"https:\\\/\\\/eltecolote.org\\\/content\\\/#organization\"},\"potentialAction\":[{\"@type\":\"SearchAction\",\"target\":{\"@type\":\"EntryPoint\",\"urlTemplate\":\"https:\\\/\\\/eltecolote.org\\\/content\\\/?s={search_term_string}\"},\"query-input\":{\"@type\":\"PropertyValueSpecification\",\"valueRequired\":true,\"valueName\":\"search_term_string\"}}],\"inLanguage\":\"en\"},{\"@type\":\"Organization\",\"@id\":\"https:\\\/\\\/eltecolote.org\\\/content\\\/#organization\",\"name\":\"El Tecolote\",\"url\":\"https:\\\/\\\/eltecolote.org\\\/content\\\/\",\"logo\":{\"@type\":\"ImageObject\",\"inLanguage\":\"en\",\"@id\":\"https:\\\/\\\/eltecolote.org\\\/content\\\/#\\\/schema\\\/logo\\\/image\\\/\",\"url\":\"https:\\\/\\\/i0.wp.com\\\/eltecolote.org\\\/content\\\/wp-content\\\/uploads\\\/2021\\\/05\\\/ETlogo-1.jpg?fit=400%2C400&ssl=1\",\"contentUrl\":\"https:\\\/\\\/i0.wp.com\\\/eltecolote.org\\\/content\\\/wp-content\\\/uploads\\\/2021\\\/05\\\/ETlogo-1.jpg?fit=400%2C400&ssl=1\",\"width\":400,\"height\":400,\"caption\":\"El Tecolote\"},\"image\":{\"@id\":\"https:\\\/\\\/eltecolote.org\\\/content\\\/#\\\/schema\\\/logo\\\/image\\\/\"},\"sameAs\":[\"https:\\\/\\\/www.facebook.com\\\/ElTecoloteSF\\\/\",\"https:\\\/\\\/x.com\\\/eltecolotesf\",\"https:\\\/\\\/www.instagram.com\\\/eltecolotesf\\\/\"]},{\"@type\":\"Person\",\"@id\":\"https:\\\/\\\/eltecolote.org\\\/content\\\/#\\\/schema\\\/person\\\/3d16dd415f4762c1919d5f48fb96be68\",\"name\":\"inaki\",\"image\":{\"@type\":\"ImageObject\",\"inLanguage\":\"en\",\"@id\":\"https:\\\/\\\/secure.gravatar.com\\\/avatar\\\/ab6ead0932ded5b2446f1718461a6be0d4ec8d3cc15301536fd1add812db4cfd?s=96&d=mm&r=g63853c5492f171feb7b16142e206d3ec\",\"url\":\"https:\\\/\\\/secure.gravatar.com\\\/avatar\\\/ab6ead0932ded5b2446f1718461a6be0d4ec8d3cc15301536fd1add812db4cfd?s=96&d=mm&r=g\",\"contentUrl\":\"https:\\\/\\\/secure.gravatar.com\\\/avatar\\\/ab6ead0932ded5b2446f1718461a6be0d4ec8d3cc15301536fd1add812db4cfd?s=96&d=mm&r=g\",\"caption\":\"inaki\"},\"url\":\"https:\\\/\\\/eltecolote.org\\\/content\\\/author\\\/inaki\\\/\"}]}<\/script>\n<!-- \/ Yoast SEO plugin. -->","yoast_head_json":{"title":"El ni\u00f1o de la Misi\u00f3n defiende con facilidad su t\u00edtulo de pesos ligeros - El Tecolote","description":"El deporte de \u2018Artes marciales mixtas\u2019 (MMA por sus siglas en ingl\u00e9s) es cada vez m\u00e1s popular, con estrellas emergentes como el mexicano-americano Gilbert \"El Ni\u00f1o\" Mel\u00e9ndez, Tito Ortiz, Cain Velazquez y Miguel Angel Torres. Un deporte que est\u00e1 resultando muy atractivo para los latinos que son aficionados ocasionales de la lucha.","robots":{"index":"index","follow":"follow","max-snippet":"max-snippet:-1","max-image-preview":"max-image-preview:large","max-video-preview":"max-video-preview:-1"},"canonical":"https:\/\/eltecolote.org\/content\/es\/el-nino-de-la-mision-defiende-con-facilidad-su-titulo-de-pesos-ligeros\/","og_locale":"en_US","og_type":"article","og_title":"El ni\u00f1o de la Misi\u00f3n defiende con facilidad su t\u00edtulo de pesos ligeros - El Tecolote","og_description":"El deporte de \u2018Artes marciales mixtas\u2019 (MMA por sus siglas en ingl\u00e9s) es cada vez m\u00e1s popular, con estrellas emergentes como el mexicano-americano Gilbert \"El Ni\u00f1o\" Mel\u00e9ndez, Tito Ortiz, Cain Velazquez y Miguel Angel Torres. Un deporte que est\u00e1 resultando muy atractivo para los latinos que son aficionados ocasionales de la lucha.","og_url":"https:\/\/eltecolote.org\/content\/es\/el-nino-de-la-mision-defiende-con-facilidad-su-titulo-de-pesos-ligeros\/","og_site_name":"El Tecolote","article_publisher":"https:\/\/www.facebook.com\/ElTecoloteSF\/","article_published_time":"2010-05-04T15:59:40+00:00","article_modified_time":"2014-12-31T20:37:55+00:00","og_image":[{"url":"http:\/\/eltecolote.org\/content\/wp-content\/uploads\/2010\/05\/SDC10924-600x450.jpg","type":"","width":"","height":""}],"author":"inaki","twitter_card":"summary_large_image","twitter_creator":"@eltecolotesf","twitter_site":"@eltecolotesf","twitter_misc":{"Written by":"inaki","Est. reading time":"6 minutes"},"schema":{"@context":"https:\/\/schema.org","@graph":[{"@type":"NewsArticle","@id":"https:\/\/eltecolote.org\/content\/es\/el-nino-de-la-mision-defiende-con-facilidad-su-titulo-de-pesos-ligeros\/#article","isPartOf":{"@id":"https:\/\/eltecolote.org\/content\/es\/el-nino-de-la-mision-defiende-con-facilidad-su-titulo-de-pesos-ligeros\/"},"author":{"name":"inaki","@id":"https:\/\/eltecolote.org\/content\/#\/schema\/person\/3d16dd415f4762c1919d5f48fb96be68"},"headline":"El ni\u00f1o de la Misi\u00f3n defiende con facilidad su t\u00edtulo de pesos ligeros","datePublished":"2010-05-04T15:59:40+00:00","dateModified":"2014-12-31T20:37:55+00:00","mainEntityOfPage":{"@id":"https:\/\/eltecolote.org\/content\/es\/el-nino-de-la-mision-defiende-con-facilidad-su-titulo-de-pesos-ligeros\/"},"wordCount":1194,"commentCount":0,"publisher":{"@id":"https:\/\/eltecolote.org\/content\/#organization"},"image":{"@id":"https:\/\/eltecolote.org\/content\/es\/el-nino-de-la-mision-defiende-con-facilidad-su-titulo-de-pesos-ligeros\/#primaryimage"},"thumbnailUrl":"http:\/\/eltecolote.org\/content\/wp-content\/uploads\/2010\/05\/SDC10924-600x450.jpg","keywords":["El Nino","Gilbert","MMA","Strikeforce"],"articleSection":["Noticias"],"inLanguage":"en","potentialAction":[{"@type":"CommentAction","name":"Comment","target":["https:\/\/eltecolote.org\/content\/es\/el-nino-de-la-mision-defiende-con-facilidad-su-titulo-de-pesos-ligeros\/#respond"]}]},{"@type":"WebPage","@id":"https:\/\/eltecolote.org\/content\/es\/el-nino-de-la-mision-defiende-con-facilidad-su-titulo-de-pesos-ligeros\/","url":"https:\/\/eltecolote.org\/content\/es\/el-nino-de-la-mision-defiende-con-facilidad-su-titulo-de-pesos-ligeros\/","name":"El ni\u00f1o de la Misi\u00f3n defiende con facilidad su t\u00edtulo de pesos ligeros - El Tecolote","isPartOf":{"@id":"https:\/\/eltecolote.org\/content\/#website"},"primaryImageOfPage":{"@id":"https:\/\/eltecolote.org\/content\/es\/el-nino-de-la-mision-defiende-con-facilidad-su-titulo-de-pesos-ligeros\/#primaryimage"},"image":{"@id":"https:\/\/eltecolote.org\/content\/es\/el-nino-de-la-mision-defiende-con-facilidad-su-titulo-de-pesos-ligeros\/#primaryimage"},"thumbnailUrl":"http:\/\/eltecolote.org\/content\/wp-content\/uploads\/2010\/05\/SDC10924-600x450.jpg","datePublished":"2010-05-04T15:59:40+00:00","dateModified":"2014-12-31T20:37:55+00:00","description":"El deporte de \u2018Artes marciales mixtas\u2019 (MMA por sus siglas en ingl\u00e9s) es cada vez m\u00e1s popular, con estrellas emergentes como el mexicano-americano Gilbert \"El Ni\u00f1o\" Mel\u00e9ndez, Tito Ortiz, Cain Velazquez y Miguel Angel Torres. Un deporte que est\u00e1 resultando muy atractivo para los latinos que son aficionados ocasionales de la lucha.","inLanguage":"en","potentialAction":[{"@type":"ReadAction","target":["https:\/\/eltecolote.org\/content\/es\/el-nino-de-la-mision-defiende-con-facilidad-su-titulo-de-pesos-ligeros\/"]}]},{"@type":"ImageObject","inLanguage":"en","@id":"https:\/\/eltecolote.org\/content\/es\/el-nino-de-la-mision-defiende-con-facilidad-su-titulo-de-pesos-ligeros\/#primaryimage","url":"http:\/\/eltecolote.org\/content\/wp-content\/uploads\/2010\/05\/SDC10924-600x450.jpg","contentUrl":"http:\/\/eltecolote.org\/content\/wp-content\/uploads\/2010\/05\/SDC10924-600x450.jpg"},{"@type":"WebSite","@id":"https:\/\/eltecolote.org\/content\/#website","url":"https:\/\/eltecolote.org\/content\/","name":"El Tecolote","description":"San Francisco's Latinx newspaper since 1970","publisher":{"@id":"https:\/\/eltecolote.org\/content\/#organization"},"potentialAction":[{"@type":"SearchAction","target":{"@type":"EntryPoint","urlTemplate":"https:\/\/eltecolote.org\/content\/?s={search_term_string}"},"query-input":{"@type":"PropertyValueSpecification","valueRequired":true,"valueName":"search_term_string"}}],"inLanguage":"en"},{"@type":"Organization","@id":"https:\/\/eltecolote.org\/content\/#organization","name":"El Tecolote","url":"https:\/\/eltecolote.org\/content\/","logo":{"@type":"ImageObject","inLanguage":"en","@id":"https:\/\/eltecolote.org\/content\/#\/schema\/logo\/image\/","url":"https:\/\/i0.wp.com\/eltecolote.org\/content\/wp-content\/uploads\/2021\/05\/ETlogo-1.jpg?fit=400%2C400&ssl=1","contentUrl":"https:\/\/i0.wp.com\/eltecolote.org\/content\/wp-content\/uploads\/2021\/05\/ETlogo-1.jpg?fit=400%2C400&ssl=1","width":400,"height":400,"caption":"El Tecolote"},"image":{"@id":"https:\/\/eltecolote.org\/content\/#\/schema\/logo\/image\/"},"sameAs":["https:\/\/www.facebook.com\/ElTecoloteSF\/","https:\/\/x.com\/eltecolotesf","https:\/\/www.instagram.com\/eltecolotesf\/"]},{"@type":"Person","@id":"https:\/\/eltecolote.org\/content\/#\/schema\/person\/3d16dd415f4762c1919d5f48fb96be68","name":"inaki","image":{"@type":"ImageObject","inLanguage":"en","@id":"https:\/\/secure.gravatar.com\/avatar\/ab6ead0932ded5b2446f1718461a6be0d4ec8d3cc15301536fd1add812db4cfd?s=96&d=mm&r=g63853c5492f171feb7b16142e206d3ec","url":"https:\/\/secure.gravatar.com\/avatar\/ab6ead0932ded5b2446f1718461a6be0d4ec8d3cc15301536fd1add812db4cfd?s=96&d=mm&r=g","contentUrl":"https:\/\/secure.gravatar.com\/avatar\/ab6ead0932ded5b2446f1718461a6be0d4ec8d3cc15301536fd1add812db4cfd?s=96&d=mm&r=g","caption":"inaki"},"url":"https:\/\/eltecolote.org\/content\/author\/inaki\/"}]}},"distributor_meta":false,"distributor_terms":false,"distributor_media":false,"distributor_original_site_name":"El Tecolote","distributor_original_site_url":"https:\/\/eltecolote.org\/content","push-errors":false,"_links":{"self":[{"href":"https:\/\/eltecolote.org\/content\/wp-json\/wp\/v2\/posts\/1946","targetHints":{"allow":["GET"]}}],"collection":[{"href":"https:\/\/eltecolote.org\/content\/wp-json\/wp\/v2\/posts"}],"about":[{"href":"https:\/\/eltecolote.org\/content\/wp-json\/wp\/v2\/types\/post"}],"author":[{"embeddable":true,"href":"https:\/\/eltecolote.org\/content\/wp-json\/wp\/v2\/users\/8"}],"replies":[{"embeddable":true,"href":"https:\/\/eltecolote.org\/content\/wp-json\/wp\/v2\/comments?post=1946"}],"version-history":[{"count":11,"href":"https:\/\/eltecolote.org\/content\/wp-json\/wp\/v2\/posts\/1946\/revisions"}],"predecessor-version":[{"id":2576,"href":"https:\/\/eltecolote.org\/content\/wp-json\/wp\/v2\/posts\/1946\/revisions\/2576"}],"wp:attachment":[{"href":"https:\/\/eltecolote.org\/content\/wp-json\/wp\/v2\/media?parent=1946"}],"wp:term":[{"taxonomy":"category","embeddable":true,"href":"https:\/\/eltecolote.org\/content\/wp-json\/wp\/v2\/categories?post=1946"},{"taxonomy":"post_tag","embeddable":true,"href":"https:\/\/eltecolote.org\/content\/wp-json\/wp\/v2\/tags?post=1946"},{"taxonomy":"author","embeddable":true,"href":"https:\/\/eltecolote.org\/content\/wp-json\/wp\/v2\/coauthors?post=1946"}],"curies":[{"name":"wp","href":"https:\/\/api.w.org\/{rel}","templated":true}]}}