{"id":18580,"date":"2013-01-31T15:06:19","date_gmt":"2013-01-31T22:06:19","guid":{"rendered":"http:\/\/eltecolote.org\/content\/?p=18580"},"modified":"2013-01-31T15:14:28","modified_gmt":"2013-01-31T22:14:28","slug":"la-mision-responde-a-violencia-de-genero","status":"publish","type":"post","link":"https:\/\/eltecolote.org\/content\/en\/la-mision-responde-a-violencia-de-genero\/","title":{"rendered":"La Misi\u00f3n responde a violencia de g\u00e9nero"},"content":{"rendered":"<figure id=\"attachment_18582\" aria-describedby=\"caption-attachment-18582\" style=\"width: 720px\" class=\"wp-caption alignnone\"><a href=\"https:\/\/eltecolote.org\/content\/?attachment_id=18582\" rel=\"attachment wp-att-18582\"><img data-recalc-dims=\"1\" loading=\"lazy\" decoding=\"async\" class=\"size-full wp-image-18582 \" title=\"SF WAR_01web\" src=\"https:\/\/i0.wp.com\/eltecolote.org\/content\/wp-content\/uploads\/2013\/01\/SF-WAR_01web.jpg?resize=720%2C480&#038;quality=89&#038;ssl=1\" alt=\"\" width=\"720\" height=\"480\" srcset=\"https:\/\/i0.wp.com\/eltecolote.org\/content\/wp-content\/uploads\/2013\/01\/SF-WAR_01web.jpg?w=800&amp;quality=89&amp;ssl=1 800w, https:\/\/i0.wp.com\/eltecolote.org\/content\/wp-content\/uploads\/2013\/01\/SF-WAR_01web.jpg?resize=600%2C399&amp;quality=89&amp;ssl=1 600w, https:\/\/i0.wp.com\/eltecolote.org\/content\/wp-content\/uploads\/2013\/01\/SF-WAR_01web.jpg?resize=360%2C239&amp;quality=89&amp;ssl=1 360w\" sizes=\"auto, (max-width: 720px) 100vw, 720px\" \/><\/a><figcaption id=\"caption-attachment-18582\" class=\"wp-caption-text\">Manifestantes durante la Marcha Contra la Violaci\u00f3n del a\u00f1o pasado, caminan por las calles Castro y Market. Foto Miguel Flores<\/figcaption><\/figure>\n<p>El correo electr\u00f3nico redactado por una sobreviviente de intento de violaci\u00f3n en el distrito de la Misi\u00f3n de San Francisco a principios de este mes, propici\u00f3 que miembros de la comunidad hablaran en contra de lo que los activistas por los derechos de las mujeres describen como un problema nacional de \u2018violencia de g\u00e9nero\u2019.<\/p>\n<p>\u201cUna mujer es violada cada seis minutos en los EEUU, y eso es justo de lo que se informa\u201d, dijo Rupa Marya, m\u00e9dico y vocalista del grupo musical radicado en San Francisco, Rupa &amp; The April Fishes.<\/p>\n<p>Marya organiz\u00f3 la marcha del 11 de enero \u2018Misi\u00f3n Solidaria para Mantener Nuestras Calles Seguras\u2019, en respuesta a las m\u00faltiples denuncias de intentos de ataques sexuales en el barrio durante el a\u00f1o pasado. Se report\u00f3 que m\u00e1s de 200 miembros de la comunidad asistieron para mostrar su apoyo.<\/p>\n<p>\u201cSi nos fijamos en las estad\u00edsticas, hay un ruido de fondo de la violencia hacia la mujer que termina siendo parte de nuestro lenguaje y de nuestra sociedad, que de alguna manera aceptamos\u201d, dijo Marya.<\/p>\n<p>Con la condena de Frederick Dozier en diciembre \u2014el hombre que asalt\u00f3 sexualmente a tres mujeres en la calle 24 de la Misi\u00f3n en el 2011\u2014, el tema de la violencia sexual ha aparecido recientemente en titulares.<\/p>\n<p>Sin embargo, los activistas dicen que las percepciones falsas sobre el papel de la v\u00edctima y el agresor, as\u00ed como la normalizaci\u00f3n de la violencia en la sociedad, siguen siendo un desaf\u00edo en la lucha para poner fin a las violaciones.<\/p>\n<p>\u201cEs importante hablar de todas esas cosas que exponen a las personas a la violencia. Cuando hablamos con los j\u00f3venes, escuchamos historias sobre la aceptaci\u00f3n de la violencia y la opresi\u00f3n y su normalizaci\u00f3n por la sociedad\u201d, dijo Alma Mu\u00f1oz, directora de desarrollo de Mujeres de San Francisco Contra la Violaci\u00f3n (SFWAR, por sus siglas en ingl\u00e9s), primer centro de crisis de violaci\u00f3n en la ciudad. \u201cCuando llegamos [a las escuelas] y hacemos presentaciones contra la opresi\u00f3n, el acoso escolar y una saludable relaci\u00f3n sexual, estamos creando un discurso para los j\u00f3venes de manera que sean capaces de reflexionar acerca de lo que est\u00e1n pasando\u201d.<\/p>\n<figure id=\"attachment_18585\" aria-describedby=\"caption-attachment-18585\" style=\"width: 315px\" class=\"wp-caption alignright\"><a href=\"https:\/\/eltecolote.org\/content\/?attachment_id=18585\" rel=\"attachment wp-att-18585\"><img data-recalc-dims=\"1\" loading=\"lazy\" decoding=\"async\" class=\"size-medium wp-image-18585 \" title=\"Manifestante en la Misi\u00f3n, durante la Marcha Anti-violencia del 11 de enero. Foto Caitlin Donohue\" src=\"https:\/\/i0.wp.com\/eltecolote.org\/content\/wp-content\/uploads\/2013\/01\/SF-WAR_03web.jpg?resize=315%2C250&#038;quality=89&#038;ssl=1\" alt=\"\" width=\"315\" height=\"250\" srcset=\"https:\/\/i0.wp.com\/eltecolote.org\/content\/wp-content\/uploads\/2013\/01\/SF-WAR_03web.jpg?resize=315%2C250&amp;quality=89&amp;ssl=1 315w, https:\/\/i0.wp.com\/eltecolote.org\/content\/wp-content\/uploads\/2013\/01\/SF-WAR_03web.jpg?resize=600%2C475&amp;quality=89&amp;ssl=1 600w, https:\/\/i0.wp.com\/eltecolote.org\/content\/wp-content\/uploads\/2013\/01\/SF-WAR_03web.jpg?w=800&amp;quality=89&amp;ssl=1 800w\" sizes=\"auto, (max-width: 315px) 100vw, 315px\" \/><\/a><figcaption id=\"caption-attachment-18585\" class=\"wp-caption-text\">Manifestante en la Misi\u00f3n, durante la Marcha Anti-violencia del 11 de enero. Protester at the Mission anti-violence march, Jan. 11. Photo Caitlin Donohue<\/figcaption><\/figure>\n<p>Con un enfoque en la justicia social y la educaci\u00f3n para la prevenci\u00f3n, SFWAR es una organizaci\u00f3n basada en el voluntariado que ofrece recursos de orientaci\u00f3n, m\u00e9dicos y legales a las v\u00edctimas de violencia sexual y sus seres queridos. Formado, en el s\u00f3tano de un apartamento, desde hace cuarenta a\u00f1os, por un grupo de activistas femeninas, es el segundo centro de crisis por violaci\u00f3n en el pa\u00eds, que ofrece servicio de crisis las 24 horas del d\u00eda.<\/p>\n<p>Seg\u00fan Mu\u00f1oz, poner fin a la violaci\u00f3n no es tan simple como encarcelar al agresor, sino que requiere un esfuerzo colectivo de la comunidad para abordar y cambiar las percepciones sociales de privilegio y responsabilidad.<\/p>\n<p>\u201cParte de la cultura de la violaci\u00f3n est\u00e1 en la sociedad, al decir que si nosotras como mujeres optamos por vestirnos de cierta manera, beber o caminar por ciertas calles, entonces estamos eligiendo exponernos al asalto sexual\u201d, dijo Mu\u00f1oz. \u201cTambi\u00e9n se refiere a la comprensi\u00f3n de la din\u00e1mica de la opresi\u00f3n en t\u00e9rminos de qui\u00e9n es el opresor, a los oprimidos y el espectador, y ver cu\u00e1l es tu participaci\u00f3n en este escenario\u201d.<\/p>\n<p>En un barrio con grandes disparidades sociales y econ\u00f3micas, y una poblaci\u00f3n cada vez m\u00e1s diversa, muchos residentes dicen que la buena vecindad en la Misi\u00f3n, ha sido reemplazada por una mentalidad de \u2018espectador\u2019.<\/p>\n<p>\u201cEl barrio ha cambiado mucho en los \u00faltimos 15 a\u00f1os \u2014hay un mont\u00f3n de caras nuevas y soy definitivamente m\u00e1s cauto con lo que me rodea. Ni siquiera dejo que mis ni\u00f1as vayan a la tienda solas durante el d\u00eda\u201d, dijo Josette Leiva, de 44 a\u00f1os, cuya familia ha vivido en la Misi\u00f3n durante m\u00e1s de 50 a\u00f1os. \u201cTodav\u00eda hay una red de personas que han vivido aqu\u00ed mucho tiempo, y tratamos de vigilarnos entre s\u00ed\u201d.<\/p>\n<p>La sobreviviente del asalto ocurrido el 6 de enero declar\u00f3 por medio de un correo electr\u00f3nico que circula, sentirse \u201cmuy afortunada\u201d de que los vecinos no \u201ccayeron en el pensamiento de la masa\u201d, suponiendo que alguien m\u00e1s iba a ayudar. Durante el ataque, un vecino escuch\u00f3 los gritos de la mujer y encendi\u00f3 una luz, lo que asust\u00f3 y alej\u00f3 al asaltante.<\/p>\n<p>\u201cNo creo que la Misi\u00f3n sea m\u00e1s o menos violento que cualquier otro barrio\u201d, dijo Mar\u00eda, quien agreg\u00f3 que ella aprecia la sensaci\u00f3n de seguridad que personalmente siente en la zona. \u201cHay varios grupos que viven aqu\u00ed y que vienen de diferentes estratos sociales, econ\u00f3micos y distintas razas que operan con reglas diferentes. Cuanto m\u00e1s tratemos de romper esas barreras y reconocernos los unos a los otros, m\u00e1s probable ser\u00e1 que nos cuidemos los unos a los otros en la calle\u201d.<\/p>\n<p>Como acci\u00f3n preventiva contra futuros actos de violencia sexual y una forma de conectar y celebrar el poder de la comunidad para poner fin a la violaci\u00f3n, SFWAR celebrar\u00e1 la octava edici\u00f3n de su Marcha Contra la Violaci\u00f3n el pr\u00f3ximo 27 de abril. La inscripci\u00f3n para el evento ya est\u00e1 disponible a trav\u00e9s de su sitio web.<\/p>\n<p>\u201cLa violaci\u00f3n no es s\u00f3lo un asunto de mujeres\u201d, dijo Mu\u00f1oz. \u201cTodos tenemos madres, hijas, hermanas, esposas \u2014la violaci\u00f3n nos toca a todos. Con este evento, esperamos crear conciencia e invocar la responsabilidad\u201d.<\/p>\n<p><em>\u2014Traducci\u00f3n Emilio Ram\u00f3n<\/em><\/p>\n","protected":false},"excerpt":{"rendered":"<p>El correo electr\u00f3nico redactado por una sobreviviente de intento de violaci\u00f3n en el distrito de la Misi\u00f3n de San Francisco a principios de este mes, propici\u00f3 que miembros de la comunidad hablaran en contra de lo que los activistas por los derechos de las mujeres describen como un problema nacional de \u2018violencia de g\u00e9nero\u2019.<\/p>\n","protected":false},"author":35,"featured_media":0,"comment_status":"open","ping_status":"closed","sticky":false,"template":"","format":"standard","meta":{"newspack_popups_has_disabled_popups":false,"newspack_featured_image_position":"","newspack_post_subtitle":"","newspack_article_summary_title":"Overview:","newspack_article_summary":"","newspack_hide_updated_date":false,"newspack_show_updated_date":false,"footnotes":""},"categories":[7],"tags":[2005,2004,2010,2008,2009,2002,2006],"coauthors":[],"class_list":["post-18580","post","type-post","status-publish","format-standard","hentry","category-news","tag-alma-munoz","tag-frederick-dozier","tag-marcha-contra-la-violacion","tag-mision-solidaria-para-mantener-nuestras-calles-seguras","tag-mujeres-de-san-francisco-contra-la-violacion","tag-rupa-marya","tag-sfwar","entry"],"yoast_head":"<!-- This site is optimized with the Yoast SEO plugin v27.5 - https:\/\/yoast.com\/product\/yoast-seo-wordpress\/ -->\n<title>La Misi\u00f3n responde a violencia de g\u00e9nero - El Tecolote<\/title>\n<meta name=\"description\" content=\"El correo electr\u00f3nico redactado por una sobreviviente de intento de violaci\u00f3n en el distrito de la Misi\u00f3n de San Francisco a principios de este mes, propici\u00f3 que miembros de la comunidad hablaran en contra de lo que los activistas por los derechos de las mujeres describen como un problema nacional de \u2018violencia de g\u00e9nero\u2019.\" \/>\n<meta name=\"robots\" content=\"index, follow, max-snippet:-1, max-image-preview:large, max-video-preview:-1\" \/>\n<link rel=\"canonical\" href=\"https:\/\/eltecolote.org\/content\/en\/la-mision-responde-a-violencia-de-genero\/\" \/>\n<meta property=\"og:locale\" content=\"en_US\" \/>\n<meta property=\"og:type\" content=\"article\" \/>\n<meta property=\"og:title\" content=\"La Misi\u00f3n responde a violencia de g\u00e9nero - El Tecolote\" \/>\n<meta property=\"og:description\" content=\"El correo electr\u00f3nico redactado por una sobreviviente de intento de violaci\u00f3n en el distrito de la Misi\u00f3n de San Francisco a principios de este mes, propici\u00f3 que miembros de la comunidad hablaran en contra de lo que los activistas por los derechos de las mujeres describen como un problema nacional de \u2018violencia de g\u00e9nero\u2019.\" \/>\n<meta property=\"og:url\" content=\"https:\/\/eltecolote.org\/content\/en\/la-mision-responde-a-violencia-de-genero\/\" \/>\n<meta property=\"og:site_name\" content=\"El Tecolote\" \/>\n<meta property=\"article:publisher\" content=\"https:\/\/www.facebook.com\/ElTecoloteSF\/\" \/>\n<meta property=\"article:published_time\" content=\"2013-01-31T22:06:19+00:00\" \/>\n<meta property=\"article:modified_time\" content=\"2013-01-31T22:14:28+00:00\" \/>\n<meta property=\"og:image\" content=\"http:\/\/eltecolote.org\/content\/wp-content\/uploads\/2013\/01\/SF-WAR_01web.jpg\" \/>\n<meta name=\"author\" content=\"El Tecolote Staff\" \/>\n<meta name=\"twitter:card\" content=\"summary_large_image\" \/>\n<meta name=\"twitter:creator\" content=\"@eltecolotesf\" \/>\n<meta name=\"twitter:site\" content=\"@eltecolotesf\" \/>\n<meta name=\"twitter:label1\" content=\"Written by\" \/>\n\t<meta name=\"twitter:data1\" content=\"El Tecolote Staff\" \/>\n\t<meta name=\"twitter:label2\" content=\"Est. reading time\" \/>\n\t<meta name=\"twitter:data2\" content=\"5 minutes\" \/>\n<script type=\"application\/ld+json\" class=\"yoast-schema-graph\">{\"@context\":\"https:\\\/\\\/schema.org\",\"@graph\":[{\"@type\":\"NewsArticle\",\"@id\":\"https:\\\/\\\/eltecolote.org\\\/content\\\/en\\\/la-mision-responde-a-violencia-de-genero\\\/#article\",\"isPartOf\":{\"@id\":\"https:\\\/\\\/eltecolote.org\\\/content\\\/en\\\/la-mision-responde-a-violencia-de-genero\\\/\"},\"author\":{\"name\":\"El Tecolote Staff\",\"@id\":\"https:\\\/\\\/eltecolote.org\\\/content\\\/#\\\/schema\\\/person\\\/08828d10185eba96895a8363a269410e\"},\"headline\":\"La Misi\u00f3n responde a violencia de g\u00e9nero\",\"datePublished\":\"2013-01-31T22:06:19+00:00\",\"dateModified\":\"2013-01-31T22:14:28+00:00\",\"mainEntityOfPage\":{\"@id\":\"https:\\\/\\\/eltecolote.org\\\/content\\\/en\\\/la-mision-responde-a-violencia-de-genero\\\/\"},\"wordCount\":1033,\"commentCount\":0,\"publisher\":{\"@id\":\"https:\\\/\\\/eltecolote.org\\\/content\\\/#organization\"},\"image\":{\"@id\":\"https:\\\/\\\/eltecolote.org\\\/content\\\/en\\\/la-mision-responde-a-violencia-de-genero\\\/#primaryimage\"},\"thumbnailUrl\":\"http:\\\/\\\/eltecolote.org\\\/content\\\/wp-content\\\/uploads\\\/2013\\\/01\\\/SF-WAR_01web.jpg\",\"keywords\":[\"Alma Munoz\",\"Frederick Dozier\",\"Marcha Contra la Violaci\u00f3n\",\"Misi\u00f3n Solidaria para Mantener Nuestras Calles Seguras\",\"Mujeres de San Francisco Contra la Violaci\u00f3n\",\"Rupa Marya\",\"SFWAR\"],\"articleSection\":[\"News\"],\"inLanguage\":\"en\",\"potentialAction\":[{\"@type\":\"CommentAction\",\"name\":\"Comment\",\"target\":[\"https:\\\/\\\/eltecolote.org\\\/content\\\/en\\\/la-mision-responde-a-violencia-de-genero\\\/#respond\"]}]},{\"@type\":\"WebPage\",\"@id\":\"https:\\\/\\\/eltecolote.org\\\/content\\\/en\\\/la-mision-responde-a-violencia-de-genero\\\/\",\"url\":\"https:\\\/\\\/eltecolote.org\\\/content\\\/en\\\/la-mision-responde-a-violencia-de-genero\\\/\",\"name\":\"La Misi\u00f3n responde a violencia de g\u00e9nero - El Tecolote\",\"isPartOf\":{\"@id\":\"https:\\\/\\\/eltecolote.org\\\/content\\\/#website\"},\"primaryImageOfPage\":{\"@id\":\"https:\\\/\\\/eltecolote.org\\\/content\\\/en\\\/la-mision-responde-a-violencia-de-genero\\\/#primaryimage\"},\"image\":{\"@id\":\"https:\\\/\\\/eltecolote.org\\\/content\\\/en\\\/la-mision-responde-a-violencia-de-genero\\\/#primaryimage\"},\"thumbnailUrl\":\"http:\\\/\\\/eltecolote.org\\\/content\\\/wp-content\\\/uploads\\\/2013\\\/01\\\/SF-WAR_01web.jpg\",\"datePublished\":\"2013-01-31T22:06:19+00:00\",\"dateModified\":\"2013-01-31T22:14:28+00:00\",\"description\":\"El correo electr\u00f3nico redactado por una sobreviviente de intento de violaci\u00f3n en el distrito de la Misi\u00f3n de San Francisco a principios de este mes, propici\u00f3 que miembros de la comunidad hablaran en contra de lo que los activistas por los derechos de las mujeres describen como un problema nacional de \u2018violencia de g\u00e9nero\u2019.\",\"inLanguage\":\"en\",\"potentialAction\":[{\"@type\":\"ReadAction\",\"target\":[\"https:\\\/\\\/eltecolote.org\\\/content\\\/en\\\/la-mision-responde-a-violencia-de-genero\\\/\"]}]},{\"@type\":\"ImageObject\",\"inLanguage\":\"en\",\"@id\":\"https:\\\/\\\/eltecolote.org\\\/content\\\/en\\\/la-mision-responde-a-violencia-de-genero\\\/#primaryimage\",\"url\":\"http:\\\/\\\/eltecolote.org\\\/content\\\/wp-content\\\/uploads\\\/2013\\\/01\\\/SF-WAR_01web.jpg\",\"contentUrl\":\"http:\\\/\\\/eltecolote.org\\\/content\\\/wp-content\\\/uploads\\\/2013\\\/01\\\/SF-WAR_01web.jpg\"},{\"@type\":\"WebSite\",\"@id\":\"https:\\\/\\\/eltecolote.org\\\/content\\\/#website\",\"url\":\"https:\\\/\\\/eltecolote.org\\\/content\\\/\",\"name\":\"El Tecolote\",\"description\":\"San Francisco's Latinx newspaper since 1970\",\"publisher\":{\"@id\":\"https:\\\/\\\/eltecolote.org\\\/content\\\/#organization\"},\"potentialAction\":[{\"@type\":\"SearchAction\",\"target\":{\"@type\":\"EntryPoint\",\"urlTemplate\":\"https:\\\/\\\/eltecolote.org\\\/content\\\/?s={search_term_string}\"},\"query-input\":{\"@type\":\"PropertyValueSpecification\",\"valueRequired\":true,\"valueName\":\"search_term_string\"}}],\"inLanguage\":\"en\"},{\"@type\":\"Organization\",\"@id\":\"https:\\\/\\\/eltecolote.org\\\/content\\\/#organization\",\"name\":\"El Tecolote\",\"url\":\"https:\\\/\\\/eltecolote.org\\\/content\\\/\",\"logo\":{\"@type\":\"ImageObject\",\"inLanguage\":\"en\",\"@id\":\"https:\\\/\\\/eltecolote.org\\\/content\\\/#\\\/schema\\\/logo\\\/image\\\/\",\"url\":\"https:\\\/\\\/i0.wp.com\\\/eltecolote.org\\\/content\\\/wp-content\\\/uploads\\\/2021\\\/05\\\/ETlogo-1.jpg?fit=400%2C400&ssl=1\",\"contentUrl\":\"https:\\\/\\\/i0.wp.com\\\/eltecolote.org\\\/content\\\/wp-content\\\/uploads\\\/2021\\\/05\\\/ETlogo-1.jpg?fit=400%2C400&ssl=1\",\"width\":400,\"height\":400,\"caption\":\"El Tecolote\"},\"image\":{\"@id\":\"https:\\\/\\\/eltecolote.org\\\/content\\\/#\\\/schema\\\/logo\\\/image\\\/\"},\"sameAs\":[\"https:\\\/\\\/www.facebook.com\\\/ElTecoloteSF\\\/\",\"https:\\\/\\\/x.com\\\/eltecolotesf\",\"https:\\\/\\\/www.instagram.com\\\/eltecolotesf\\\/\"]},{\"@type\":\"Person\",\"@id\":\"https:\\\/\\\/eltecolote.org\\\/content\\\/#\\\/schema\\\/person\\\/08828d10185eba96895a8363a269410e\",\"name\":\"El Tecolote Staff\",\"image\":{\"@type\":\"ImageObject\",\"inLanguage\":\"en\",\"@id\":\"https:\\\/\\\/secure.gravatar.com\\\/avatar\\\/9534c92c8c908364e186a64d93efc86f62367109d1b07a3454facde655968589?s=96&d=mm&r=g6afcb607783e095e4cf6be807353924d\",\"url\":\"https:\\\/\\\/secure.gravatar.com\\\/avatar\\\/9534c92c8c908364e186a64d93efc86f62367109d1b07a3454facde655968589?s=96&d=mm&r=g\",\"contentUrl\":\"https:\\\/\\\/secure.gravatar.com\\\/avatar\\\/9534c92c8c908364e186a64d93efc86f62367109d1b07a3454facde655968589?s=96&d=mm&r=g\",\"caption\":\"El Tecolote Staff\"},\"url\":\"https:\\\/\\\/eltecolote.org\\\/content\\\/author\\\/web-editor\\\/\"}]}<\/script>\n<!-- \/ Yoast SEO plugin. -->","yoast_head_json":{"title":"La Misi\u00f3n responde a violencia de g\u00e9nero - El Tecolote","description":"El correo electr\u00f3nico redactado por una sobreviviente de intento de violaci\u00f3n en el distrito de la Misi\u00f3n de San Francisco a principios de este mes, propici\u00f3 que miembros de la comunidad hablaran en contra de lo que los activistas por los derechos de las mujeres describen como un problema nacional de \u2018violencia de g\u00e9nero\u2019.","robots":{"index":"index","follow":"follow","max-snippet":"max-snippet:-1","max-image-preview":"max-image-preview:large","max-video-preview":"max-video-preview:-1"},"canonical":"https:\/\/eltecolote.org\/content\/en\/la-mision-responde-a-violencia-de-genero\/","og_locale":"en_US","og_type":"article","og_title":"La Misi\u00f3n responde a violencia de g\u00e9nero - El Tecolote","og_description":"El correo electr\u00f3nico redactado por una sobreviviente de intento de violaci\u00f3n en el distrito de la Misi\u00f3n de San Francisco a principios de este mes, propici\u00f3 que miembros de la comunidad hablaran en contra de lo que los activistas por los derechos de las mujeres describen como un problema nacional de \u2018violencia de g\u00e9nero\u2019.","og_url":"https:\/\/eltecolote.org\/content\/en\/la-mision-responde-a-violencia-de-genero\/","og_site_name":"El Tecolote","article_publisher":"https:\/\/www.facebook.com\/ElTecoloteSF\/","article_published_time":"2013-01-31T22:06:19+00:00","article_modified_time":"2013-01-31T22:14:28+00:00","og_image":[{"url":"http:\/\/eltecolote.org\/content\/wp-content\/uploads\/2013\/01\/SF-WAR_01web.jpg","type":"","width":"","height":""}],"author":"El Tecolote Staff","twitter_card":"summary_large_image","twitter_creator":"@eltecolotesf","twitter_site":"@eltecolotesf","twitter_misc":{"Written by":"El Tecolote Staff","Est. reading time":"5 minutes"},"schema":{"@context":"https:\/\/schema.org","@graph":[{"@type":"NewsArticle","@id":"https:\/\/eltecolote.org\/content\/en\/la-mision-responde-a-violencia-de-genero\/#article","isPartOf":{"@id":"https:\/\/eltecolote.org\/content\/en\/la-mision-responde-a-violencia-de-genero\/"},"author":{"name":"El Tecolote Staff","@id":"https:\/\/eltecolote.org\/content\/#\/schema\/person\/08828d10185eba96895a8363a269410e"},"headline":"La Misi\u00f3n responde a violencia de g\u00e9nero","datePublished":"2013-01-31T22:06:19+00:00","dateModified":"2013-01-31T22:14:28+00:00","mainEntityOfPage":{"@id":"https:\/\/eltecolote.org\/content\/en\/la-mision-responde-a-violencia-de-genero\/"},"wordCount":1033,"commentCount":0,"publisher":{"@id":"https:\/\/eltecolote.org\/content\/#organization"},"image":{"@id":"https:\/\/eltecolote.org\/content\/en\/la-mision-responde-a-violencia-de-genero\/#primaryimage"},"thumbnailUrl":"http:\/\/eltecolote.org\/content\/wp-content\/uploads\/2013\/01\/SF-WAR_01web.jpg","keywords":["Alma Munoz","Frederick Dozier","Marcha Contra la Violaci\u00f3n","Misi\u00f3n Solidaria para Mantener Nuestras Calles Seguras","Mujeres de San Francisco Contra la Violaci\u00f3n","Rupa Marya","SFWAR"],"articleSection":["News"],"inLanguage":"en","potentialAction":[{"@type":"CommentAction","name":"Comment","target":["https:\/\/eltecolote.org\/content\/en\/la-mision-responde-a-violencia-de-genero\/#respond"]}]},{"@type":"WebPage","@id":"https:\/\/eltecolote.org\/content\/en\/la-mision-responde-a-violencia-de-genero\/","url":"https:\/\/eltecolote.org\/content\/en\/la-mision-responde-a-violencia-de-genero\/","name":"La Misi\u00f3n responde a violencia de g\u00e9nero - El Tecolote","isPartOf":{"@id":"https:\/\/eltecolote.org\/content\/#website"},"primaryImageOfPage":{"@id":"https:\/\/eltecolote.org\/content\/en\/la-mision-responde-a-violencia-de-genero\/#primaryimage"},"image":{"@id":"https:\/\/eltecolote.org\/content\/en\/la-mision-responde-a-violencia-de-genero\/#primaryimage"},"thumbnailUrl":"http:\/\/eltecolote.org\/content\/wp-content\/uploads\/2013\/01\/SF-WAR_01web.jpg","datePublished":"2013-01-31T22:06:19+00:00","dateModified":"2013-01-31T22:14:28+00:00","description":"El correo electr\u00f3nico redactado por una sobreviviente de intento de violaci\u00f3n en el distrito de la Misi\u00f3n de San Francisco a principios de este mes, propici\u00f3 que miembros de la comunidad hablaran en contra de lo que los activistas por los derechos de las mujeres describen como un problema nacional de \u2018violencia de g\u00e9nero\u2019.","inLanguage":"en","potentialAction":[{"@type":"ReadAction","target":["https:\/\/eltecolote.org\/content\/en\/la-mision-responde-a-violencia-de-genero\/"]}]},{"@type":"ImageObject","inLanguage":"en","@id":"https:\/\/eltecolote.org\/content\/en\/la-mision-responde-a-violencia-de-genero\/#primaryimage","url":"http:\/\/eltecolote.org\/content\/wp-content\/uploads\/2013\/01\/SF-WAR_01web.jpg","contentUrl":"http:\/\/eltecolote.org\/content\/wp-content\/uploads\/2013\/01\/SF-WAR_01web.jpg"},{"@type":"WebSite","@id":"https:\/\/eltecolote.org\/content\/#website","url":"https:\/\/eltecolote.org\/content\/","name":"El Tecolote","description":"San Francisco's Latinx newspaper since 1970","publisher":{"@id":"https:\/\/eltecolote.org\/content\/#organization"},"potentialAction":[{"@type":"SearchAction","target":{"@type":"EntryPoint","urlTemplate":"https:\/\/eltecolote.org\/content\/?s={search_term_string}"},"query-input":{"@type":"PropertyValueSpecification","valueRequired":true,"valueName":"search_term_string"}}],"inLanguage":"en"},{"@type":"Organization","@id":"https:\/\/eltecolote.org\/content\/#organization","name":"El Tecolote","url":"https:\/\/eltecolote.org\/content\/","logo":{"@type":"ImageObject","inLanguage":"en","@id":"https:\/\/eltecolote.org\/content\/#\/schema\/logo\/image\/","url":"https:\/\/i0.wp.com\/eltecolote.org\/content\/wp-content\/uploads\/2021\/05\/ETlogo-1.jpg?fit=400%2C400&ssl=1","contentUrl":"https:\/\/i0.wp.com\/eltecolote.org\/content\/wp-content\/uploads\/2021\/05\/ETlogo-1.jpg?fit=400%2C400&ssl=1","width":400,"height":400,"caption":"El Tecolote"},"image":{"@id":"https:\/\/eltecolote.org\/content\/#\/schema\/logo\/image\/"},"sameAs":["https:\/\/www.facebook.com\/ElTecoloteSF\/","https:\/\/x.com\/eltecolotesf","https:\/\/www.instagram.com\/eltecolotesf\/"]},{"@type":"Person","@id":"https:\/\/eltecolote.org\/content\/#\/schema\/person\/08828d10185eba96895a8363a269410e","name":"El Tecolote Staff","image":{"@type":"ImageObject","inLanguage":"en","@id":"https:\/\/secure.gravatar.com\/avatar\/9534c92c8c908364e186a64d93efc86f62367109d1b07a3454facde655968589?s=96&d=mm&r=g6afcb607783e095e4cf6be807353924d","url":"https:\/\/secure.gravatar.com\/avatar\/9534c92c8c908364e186a64d93efc86f62367109d1b07a3454facde655968589?s=96&d=mm&r=g","contentUrl":"https:\/\/secure.gravatar.com\/avatar\/9534c92c8c908364e186a64d93efc86f62367109d1b07a3454facde655968589?s=96&d=mm&r=g","caption":"El Tecolote Staff"},"url":"https:\/\/eltecolote.org\/content\/author\/web-editor\/"}]}},"distributor_meta":false,"distributor_terms":false,"distributor_media":false,"distributor_original_site_name":"El Tecolote","distributor_original_site_url":"https:\/\/eltecolote.org\/content","push-errors":false,"_links":{"self":[{"href":"https:\/\/eltecolote.org\/content\/wp-json\/wp\/v2\/posts\/18580","targetHints":{"allow":["GET"]}}],"collection":[{"href":"https:\/\/eltecolote.org\/content\/wp-json\/wp\/v2\/posts"}],"about":[{"href":"https:\/\/eltecolote.org\/content\/wp-json\/wp\/v2\/types\/post"}],"author":[{"embeddable":true,"href":"https:\/\/eltecolote.org\/content\/wp-json\/wp\/v2\/users\/35"}],"replies":[{"embeddable":true,"href":"https:\/\/eltecolote.org\/content\/wp-json\/wp\/v2\/comments?post=18580"}],"version-history":[{"count":12,"href":"https:\/\/eltecolote.org\/content\/wp-json\/wp\/v2\/posts\/18580\/revisions"}],"predecessor-version":[{"id":18611,"href":"https:\/\/eltecolote.org\/content\/wp-json\/wp\/v2\/posts\/18580\/revisions\/18611"}],"wp:attachment":[{"href":"https:\/\/eltecolote.org\/content\/wp-json\/wp\/v2\/media?parent=18580"}],"wp:term":[{"taxonomy":"category","embeddable":true,"href":"https:\/\/eltecolote.org\/content\/wp-json\/wp\/v2\/categories?post=18580"},{"taxonomy":"post_tag","embeddable":true,"href":"https:\/\/eltecolote.org\/content\/wp-json\/wp\/v2\/tags?post=18580"},{"taxonomy":"author","embeddable":true,"href":"https:\/\/eltecolote.org\/content\/wp-json\/wp\/v2\/coauthors?post=18580"}],"curies":[{"name":"wp","href":"https:\/\/api.w.org\/{rel}","templated":true}]}}