{"id":1705,"date":"2010-01-27T10:32:18","date_gmt":"2010-01-27T17:32:18","guid":{"rendered":"http:\/\/eltecolote.org\/content\/?p=1705"},"modified":"2010-04-27T10:40:12","modified_gmt":"2010-04-27T17:40:12","slug":"nueva-cancion-tribute","status":"publish","type":"post","link":"https:\/\/eltecolote.org\/content\/en\/nueva-cancion-tribute\/","title":{"rendered":"Nueva Canci\u00f3n tribute"},"content":{"rendered":"<p><a href=\"https:\/\/i0.wp.com\/eltecolote.org\/content\/wp-content\/uploads\/2010\/01\/MercedesSosa_MCCLA_0427.jpg?quality=89&#038;ssl=1\"><img data-recalc-dims=\"1\" loading=\"lazy\" decoding=\"async\" class=\"alignnone size-full wp-image-1708\" title=\"MercedesSosa_MCCLA_0427\" src=\"https:\/\/i0.wp.com\/eltecolote.org\/content\/wp-content\/uploads\/2010\/01\/MercedesSosa_MCCLA_0427.jpg?resize=926%2C615&#038;quality=89&#038;ssl=1\" alt=\"\" width=\"926\" height=\"615\" srcset=\"https:\/\/i0.wp.com\/eltecolote.org\/content\/wp-content\/uploads\/2010\/01\/MercedesSosa_MCCLA_0427.jpg?w=4288&amp;quality=89&amp;ssl=1 4288w, https:\/\/i0.wp.com\/eltecolote.org\/content\/wp-content\/uploads\/2010\/01\/MercedesSosa_MCCLA_0427.jpg?resize=600%2C398&amp;quality=89&amp;ssl=1 600w, https:\/\/i0.wp.com\/eltecolote.org\/content\/wp-content\/uploads\/2010\/01\/MercedesSosa_MCCLA_0427.jpg?resize=360%2C239&amp;quality=89&amp;ssl=1 360w, https:\/\/i0.wp.com\/eltecolote.org\/content\/wp-content\/uploads\/2010\/01\/MercedesSosa_MCCLA_0427.jpg?w=2000&amp;quality=89&amp;ssl=1 2000w, https:\/\/i0.wp.com\/eltecolote.org\/content\/wp-content\/uploads\/2010\/01\/MercedesSosa_MCCLA_0427.jpg?w=3000&amp;quality=89&amp;ssl=1 3000w\" sizes=\"auto, (max-width: 926px) 100vw, 926px\" \/><\/a>Nuevo Cancionero Daniel Vel\u00e1zquez delivered an energetic and nostalgic concert uniting Latin Folk and American Jazz musicians in a tribute to the woman known as La Voz de America (the Voice of America), Mercedes Sosa. El Tecolote photographer Jorge Lopez was on hand to document the festivities that chronicled Sosa\u2019s life story and the artistic movement known simply as Nueva Cancion, a folk music revival in born Mendoza, Argentina, in 1963 characterized by progressive and politicized lyrics often associated with left-wing politics.<\/p>\n","protected":false},"excerpt":{"rendered":"<p>Nuevo Cancionero Daniel Vel\u00e1zquez delivered an energetic and nostalgic concert uniting Latin Folk and American Jazz musicians in a tribute to the woman known as La Voz de America (the Voice of America), Mercedes Sosa. El Tecolote photographer Jorge Lopez was on hand to document the festivities that chronicled Sosa\u2019s life story and the artistic [&hellip;]<\/p>\n","protected":false},"author":8,"featured_media":0,"comment_status":"open","ping_status":"open","sticky":false,"template":"","format":"standard","meta":{"newspack_popups_has_disabled_popups":false,"newspack_featured_image_position":"","newspack_post_subtitle":"","newspack_article_summary_title":"Overview:","newspack_article_summary":"","newspack_hide_updated_date":false,"newspack_show_updated_date":false,"footnotes":""},"categories":[7],"tags":[252,255,262,253,250,254,249],"coauthors":[18468],"class_list":["post-1705","post","type-post","status-publish","format-standard","hentry","category-news","tag-argentina","tag-daniel-velazquez","tag-folklore","tag-jorge-lopez","tag-la-voz-de-america","tag-mercedes-sosa","tag-nuevo-cancionero","entry"],"yoast_head":"<!-- This site is optimized with the Yoast SEO plugin v27.4 - https:\/\/yoast.com\/product\/yoast-seo-wordpress\/ -->\n<title>Nueva Canci\u00f3n tribute - El Tecolote<\/title>\n<meta name=\"description\" content=\"Nuevo Cancionero Daniel Vel\u00e1zquez delivered an energetic and nostalgic concert uniting Latin Folk and American Jazz musicians in a tribute to the woman\" \/>\n<meta name=\"robots\" content=\"index, follow, max-snippet:-1, max-image-preview:large, max-video-preview:-1\" \/>\n<link rel=\"canonical\" href=\"https:\/\/eltecolote.org\/content\/en\/nueva-cancion-tribute\/\" \/>\n<meta property=\"og:locale\" content=\"en_US\" \/>\n<meta property=\"og:type\" content=\"article\" \/>\n<meta property=\"og:title\" content=\"Nueva Canci\u00f3n tribute - El Tecolote\" \/>\n<meta property=\"og:description\" content=\"Nuevo Cancionero Daniel Vel\u00e1zquez delivered an energetic and nostalgic concert uniting Latin Folk and American Jazz musicians in a tribute to the woman\" \/>\n<meta property=\"og:url\" content=\"https:\/\/eltecolote.org\/content\/en\/nueva-cancion-tribute\/\" \/>\n<meta property=\"og:site_name\" content=\"El Tecolote\" \/>\n<meta property=\"article:publisher\" content=\"https:\/\/www.facebook.com\/ElTecoloteSF\/\" \/>\n<meta property=\"article:published_time\" content=\"2010-01-27T17:32:18+00:00\" \/>\n<meta property=\"article:modified_time\" content=\"2010-04-27T17:40:12+00:00\" \/>\n<meta property=\"og:image\" content=\"http:\/\/eltecolote.org\/content\/wp-content\/uploads\/2010\/01\/MercedesSosa_MCCLA_0427.jpg\" \/>\n<meta name=\"author\" content=\"inaki\" \/>\n<meta name=\"twitter:card\" content=\"summary_large_image\" \/>\n<meta name=\"twitter:creator\" content=\"@eltecolotesf\" \/>\n<meta name=\"twitter:site\" content=\"@eltecolotesf\" \/>\n<meta name=\"twitter:label1\" content=\"Written by\" \/>\n\t<meta name=\"twitter:data1\" content=\"inaki\" \/>\n<script type=\"application\/ld+json\" class=\"yoast-schema-graph\">{\"@context\":\"https:\\\/\\\/schema.org\",\"@graph\":[{\"@type\":\"NewsArticle\",\"@id\":\"https:\\\/\\\/eltecolote.org\\\/content\\\/en\\\/nueva-cancion-tribute\\\/#article\",\"isPartOf\":{\"@id\":\"https:\\\/\\\/eltecolote.org\\\/content\\\/en\\\/nueva-cancion-tribute\\\/\"},\"author\":{\"name\":\"inaki\",\"@id\":\"https:\\\/\\\/eltecolote.org\\\/content\\\/#\\\/schema\\\/person\\\/3d16dd415f4762c1919d5f48fb96be68\"},\"headline\":\"Nueva Canci\u00f3n tribute\",\"datePublished\":\"2010-01-27T17:32:18+00:00\",\"dateModified\":\"2010-04-27T17:40:12+00:00\",\"mainEntityOfPage\":{\"@id\":\"https:\\\/\\\/eltecolote.org\\\/content\\\/en\\\/nueva-cancion-tribute\\\/\"},\"wordCount\":87,\"commentCount\":0,\"publisher\":{\"@id\":\"https:\\\/\\\/eltecolote.org\\\/content\\\/#organization\"},\"image\":{\"@id\":\"https:\\\/\\\/eltecolote.org\\\/content\\\/en\\\/nueva-cancion-tribute\\\/#primaryimage\"},\"thumbnailUrl\":\"http:\\\/\\\/eltecolote.org\\\/content\\\/wp-content\\\/uploads\\\/2010\\\/01\\\/MercedesSosa_MCCLA_0427.jpg\",\"keywords\":[\"argentina\",\"Daniel Vel\u00e1zquez\",\"folklore\",\"jorge l\u00f3pez\",\"la voz de am\u00e9rica\",\"mercedes sosa\",\"nuevo cancionero\"],\"articleSection\":[\"News\"],\"inLanguage\":\"en\",\"potentialAction\":[{\"@type\":\"CommentAction\",\"name\":\"Comment\",\"target\":[\"https:\\\/\\\/eltecolote.org\\\/content\\\/en\\\/nueva-cancion-tribute\\\/#respond\"]}]},{\"@type\":\"WebPage\",\"@id\":\"https:\\\/\\\/eltecolote.org\\\/content\\\/en\\\/nueva-cancion-tribute\\\/\",\"url\":\"https:\\\/\\\/eltecolote.org\\\/content\\\/en\\\/nueva-cancion-tribute\\\/\",\"name\":\"Nueva Canci\u00f3n tribute - El Tecolote\",\"isPartOf\":{\"@id\":\"https:\\\/\\\/eltecolote.org\\\/content\\\/#website\"},\"primaryImageOfPage\":{\"@id\":\"https:\\\/\\\/eltecolote.org\\\/content\\\/en\\\/nueva-cancion-tribute\\\/#primaryimage\"},\"image\":{\"@id\":\"https:\\\/\\\/eltecolote.org\\\/content\\\/en\\\/nueva-cancion-tribute\\\/#primaryimage\"},\"thumbnailUrl\":\"http:\\\/\\\/eltecolote.org\\\/content\\\/wp-content\\\/uploads\\\/2010\\\/01\\\/MercedesSosa_MCCLA_0427.jpg\",\"datePublished\":\"2010-01-27T17:32:18+00:00\",\"dateModified\":\"2010-04-27T17:40:12+00:00\",\"description\":\"Nuevo Cancionero Daniel Vel\u00e1zquez delivered an energetic and nostalgic concert uniting Latin Folk and American Jazz musicians in a tribute to the woman\",\"inLanguage\":\"en\",\"potentialAction\":[{\"@type\":\"ReadAction\",\"target\":[\"https:\\\/\\\/eltecolote.org\\\/content\\\/en\\\/nueva-cancion-tribute\\\/\"]}]},{\"@type\":\"ImageObject\",\"inLanguage\":\"en\",\"@id\":\"https:\\\/\\\/eltecolote.org\\\/content\\\/en\\\/nueva-cancion-tribute\\\/#primaryimage\",\"url\":\"http:\\\/\\\/eltecolote.org\\\/content\\\/wp-content\\\/uploads\\\/2010\\\/01\\\/MercedesSosa_MCCLA_0427.jpg\",\"contentUrl\":\"http:\\\/\\\/eltecolote.org\\\/content\\\/wp-content\\\/uploads\\\/2010\\\/01\\\/MercedesSosa_MCCLA_0427.jpg\"},{\"@type\":\"WebSite\",\"@id\":\"https:\\\/\\\/eltecolote.org\\\/content\\\/#website\",\"url\":\"https:\\\/\\\/eltecolote.org\\\/content\\\/\",\"name\":\"El Tecolote\",\"description\":\"San Francisco's Latinx newspaper since 1970\",\"publisher\":{\"@id\":\"https:\\\/\\\/eltecolote.org\\\/content\\\/#organization\"},\"potentialAction\":[{\"@type\":\"SearchAction\",\"target\":{\"@type\":\"EntryPoint\",\"urlTemplate\":\"https:\\\/\\\/eltecolote.org\\\/content\\\/?s={search_term_string}\"},\"query-input\":{\"@type\":\"PropertyValueSpecification\",\"valueRequired\":true,\"valueName\":\"search_term_string\"}}],\"inLanguage\":\"en\"},{\"@type\":\"Organization\",\"@id\":\"https:\\\/\\\/eltecolote.org\\\/content\\\/#organization\",\"name\":\"El Tecolote\",\"url\":\"https:\\\/\\\/eltecolote.org\\\/content\\\/\",\"logo\":{\"@type\":\"ImageObject\",\"inLanguage\":\"en\",\"@id\":\"https:\\\/\\\/eltecolote.org\\\/content\\\/#\\\/schema\\\/logo\\\/image\\\/\",\"url\":\"https:\\\/\\\/i0.wp.com\\\/eltecolote.org\\\/content\\\/wp-content\\\/uploads\\\/2021\\\/05\\\/ETlogo-1.jpg?fit=400%2C400&ssl=1\",\"contentUrl\":\"https:\\\/\\\/i0.wp.com\\\/eltecolote.org\\\/content\\\/wp-content\\\/uploads\\\/2021\\\/05\\\/ETlogo-1.jpg?fit=400%2C400&ssl=1\",\"width\":400,\"height\":400,\"caption\":\"El Tecolote\"},\"image\":{\"@id\":\"https:\\\/\\\/eltecolote.org\\\/content\\\/#\\\/schema\\\/logo\\\/image\\\/\"},\"sameAs\":[\"https:\\\/\\\/www.facebook.com\\\/ElTecoloteSF\\\/\",\"https:\\\/\\\/x.com\\\/eltecolotesf\",\"https:\\\/\\\/www.instagram.com\\\/eltecolotesf\\\/\"]},{\"@type\":\"Person\",\"@id\":\"https:\\\/\\\/eltecolote.org\\\/content\\\/#\\\/schema\\\/person\\\/3d16dd415f4762c1919d5f48fb96be68\",\"name\":\"inaki\",\"image\":{\"@type\":\"ImageObject\",\"inLanguage\":\"en\",\"@id\":\"https:\\\/\\\/secure.gravatar.com\\\/avatar\\\/ab6ead0932ded5b2446f1718461a6be0d4ec8d3cc15301536fd1add812db4cfd?s=96&d=mm&r=g63853c5492f171feb7b16142e206d3ec\",\"url\":\"https:\\\/\\\/secure.gravatar.com\\\/avatar\\\/ab6ead0932ded5b2446f1718461a6be0d4ec8d3cc15301536fd1add812db4cfd?s=96&d=mm&r=g\",\"contentUrl\":\"https:\\\/\\\/secure.gravatar.com\\\/avatar\\\/ab6ead0932ded5b2446f1718461a6be0d4ec8d3cc15301536fd1add812db4cfd?s=96&d=mm&r=g\",\"caption\":\"inaki\"},\"url\":\"https:\\\/\\\/eltecolote.org\\\/content\\\/author\\\/inaki\\\/\"}]}<\/script>\n<!-- \/ Yoast SEO plugin. -->","yoast_head_json":{"title":"Nueva Canci\u00f3n tribute - El Tecolote","description":"Nuevo Cancionero Daniel Vel\u00e1zquez delivered an energetic and nostalgic concert uniting Latin Folk and American Jazz musicians in a tribute to the woman","robots":{"index":"index","follow":"follow","max-snippet":"max-snippet:-1","max-image-preview":"max-image-preview:large","max-video-preview":"max-video-preview:-1"},"canonical":"https:\/\/eltecolote.org\/content\/en\/nueva-cancion-tribute\/","og_locale":"en_US","og_type":"article","og_title":"Nueva Canci\u00f3n tribute - El Tecolote","og_description":"Nuevo Cancionero Daniel Vel\u00e1zquez delivered an energetic and nostalgic concert uniting Latin Folk and American Jazz musicians in a tribute to the woman","og_url":"https:\/\/eltecolote.org\/content\/en\/nueva-cancion-tribute\/","og_site_name":"El Tecolote","article_publisher":"https:\/\/www.facebook.com\/ElTecoloteSF\/","article_published_time":"2010-01-27T17:32:18+00:00","article_modified_time":"2010-04-27T17:40:12+00:00","og_image":[{"url":"http:\/\/eltecolote.org\/content\/wp-content\/uploads\/2010\/01\/MercedesSosa_MCCLA_0427.jpg","type":"","width":"","height":""}],"author":"inaki","twitter_card":"summary_large_image","twitter_creator":"@eltecolotesf","twitter_site":"@eltecolotesf","twitter_misc":{"Written by":"inaki"},"schema":{"@context":"https:\/\/schema.org","@graph":[{"@type":"NewsArticle","@id":"https:\/\/eltecolote.org\/content\/en\/nueva-cancion-tribute\/#article","isPartOf":{"@id":"https:\/\/eltecolote.org\/content\/en\/nueva-cancion-tribute\/"},"author":{"name":"inaki","@id":"https:\/\/eltecolote.org\/content\/#\/schema\/person\/3d16dd415f4762c1919d5f48fb96be68"},"headline":"Nueva Canci\u00f3n tribute","datePublished":"2010-01-27T17:32:18+00:00","dateModified":"2010-04-27T17:40:12+00:00","mainEntityOfPage":{"@id":"https:\/\/eltecolote.org\/content\/en\/nueva-cancion-tribute\/"},"wordCount":87,"commentCount":0,"publisher":{"@id":"https:\/\/eltecolote.org\/content\/#organization"},"image":{"@id":"https:\/\/eltecolote.org\/content\/en\/nueva-cancion-tribute\/#primaryimage"},"thumbnailUrl":"http:\/\/eltecolote.org\/content\/wp-content\/uploads\/2010\/01\/MercedesSosa_MCCLA_0427.jpg","keywords":["argentina","Daniel Vel\u00e1zquez","folklore","jorge l\u00f3pez","la voz de am\u00e9rica","mercedes sosa","nuevo cancionero"],"articleSection":["News"],"inLanguage":"en","potentialAction":[{"@type":"CommentAction","name":"Comment","target":["https:\/\/eltecolote.org\/content\/en\/nueva-cancion-tribute\/#respond"]}]},{"@type":"WebPage","@id":"https:\/\/eltecolote.org\/content\/en\/nueva-cancion-tribute\/","url":"https:\/\/eltecolote.org\/content\/en\/nueva-cancion-tribute\/","name":"Nueva Canci\u00f3n tribute - El Tecolote","isPartOf":{"@id":"https:\/\/eltecolote.org\/content\/#website"},"primaryImageOfPage":{"@id":"https:\/\/eltecolote.org\/content\/en\/nueva-cancion-tribute\/#primaryimage"},"image":{"@id":"https:\/\/eltecolote.org\/content\/en\/nueva-cancion-tribute\/#primaryimage"},"thumbnailUrl":"http:\/\/eltecolote.org\/content\/wp-content\/uploads\/2010\/01\/MercedesSosa_MCCLA_0427.jpg","datePublished":"2010-01-27T17:32:18+00:00","dateModified":"2010-04-27T17:40:12+00:00","description":"Nuevo Cancionero Daniel Vel\u00e1zquez delivered an energetic and nostalgic concert uniting Latin Folk and American Jazz musicians in a tribute to the woman","inLanguage":"en","potentialAction":[{"@type":"ReadAction","target":["https:\/\/eltecolote.org\/content\/en\/nueva-cancion-tribute\/"]}]},{"@type":"ImageObject","inLanguage":"en","@id":"https:\/\/eltecolote.org\/content\/en\/nueva-cancion-tribute\/#primaryimage","url":"http:\/\/eltecolote.org\/content\/wp-content\/uploads\/2010\/01\/MercedesSosa_MCCLA_0427.jpg","contentUrl":"http:\/\/eltecolote.org\/content\/wp-content\/uploads\/2010\/01\/MercedesSosa_MCCLA_0427.jpg"},{"@type":"WebSite","@id":"https:\/\/eltecolote.org\/content\/#website","url":"https:\/\/eltecolote.org\/content\/","name":"El Tecolote","description":"San Francisco's Latinx newspaper since 1970","publisher":{"@id":"https:\/\/eltecolote.org\/content\/#organization"},"potentialAction":[{"@type":"SearchAction","target":{"@type":"EntryPoint","urlTemplate":"https:\/\/eltecolote.org\/content\/?s={search_term_string}"},"query-input":{"@type":"PropertyValueSpecification","valueRequired":true,"valueName":"search_term_string"}}],"inLanguage":"en"},{"@type":"Organization","@id":"https:\/\/eltecolote.org\/content\/#organization","name":"El Tecolote","url":"https:\/\/eltecolote.org\/content\/","logo":{"@type":"ImageObject","inLanguage":"en","@id":"https:\/\/eltecolote.org\/content\/#\/schema\/logo\/image\/","url":"https:\/\/i0.wp.com\/eltecolote.org\/content\/wp-content\/uploads\/2021\/05\/ETlogo-1.jpg?fit=400%2C400&ssl=1","contentUrl":"https:\/\/i0.wp.com\/eltecolote.org\/content\/wp-content\/uploads\/2021\/05\/ETlogo-1.jpg?fit=400%2C400&ssl=1","width":400,"height":400,"caption":"El Tecolote"},"image":{"@id":"https:\/\/eltecolote.org\/content\/#\/schema\/logo\/image\/"},"sameAs":["https:\/\/www.facebook.com\/ElTecoloteSF\/","https:\/\/x.com\/eltecolotesf","https:\/\/www.instagram.com\/eltecolotesf\/"]},{"@type":"Person","@id":"https:\/\/eltecolote.org\/content\/#\/schema\/person\/3d16dd415f4762c1919d5f48fb96be68","name":"inaki","image":{"@type":"ImageObject","inLanguage":"en","@id":"https:\/\/secure.gravatar.com\/avatar\/ab6ead0932ded5b2446f1718461a6be0d4ec8d3cc15301536fd1add812db4cfd?s=96&d=mm&r=g63853c5492f171feb7b16142e206d3ec","url":"https:\/\/secure.gravatar.com\/avatar\/ab6ead0932ded5b2446f1718461a6be0d4ec8d3cc15301536fd1add812db4cfd?s=96&d=mm&r=g","contentUrl":"https:\/\/secure.gravatar.com\/avatar\/ab6ead0932ded5b2446f1718461a6be0d4ec8d3cc15301536fd1add812db4cfd?s=96&d=mm&r=g","caption":"inaki"},"url":"https:\/\/eltecolote.org\/content\/author\/inaki\/"}]}},"distributor_meta":false,"distributor_terms":false,"distributor_media":false,"distributor_original_site_name":"El Tecolote","distributor_original_site_url":"https:\/\/eltecolote.org\/content","push-errors":false,"_links":{"self":[{"href":"https:\/\/eltecolote.org\/content\/wp-json\/wp\/v2\/posts\/1705","targetHints":{"allow":["GET"]}}],"collection":[{"href":"https:\/\/eltecolote.org\/content\/wp-json\/wp\/v2\/posts"}],"about":[{"href":"https:\/\/eltecolote.org\/content\/wp-json\/wp\/v2\/types\/post"}],"author":[{"embeddable":true,"href":"https:\/\/eltecolote.org\/content\/wp-json\/wp\/v2\/users\/8"}],"replies":[{"embeddable":true,"href":"https:\/\/eltecolote.org\/content\/wp-json\/wp\/v2\/comments?post=1705"}],"version-history":[{"count":6,"href":"https:\/\/eltecolote.org\/content\/wp-json\/wp\/v2\/posts\/1705\/revisions"}],"predecessor-version":[{"id":1718,"href":"https:\/\/eltecolote.org\/content\/wp-json\/wp\/v2\/posts\/1705\/revisions\/1718"}],"wp:attachment":[{"href":"https:\/\/eltecolote.org\/content\/wp-json\/wp\/v2\/media?parent=1705"}],"wp:term":[{"taxonomy":"category","embeddable":true,"href":"https:\/\/eltecolote.org\/content\/wp-json\/wp\/v2\/categories?post=1705"},{"taxonomy":"post_tag","embeddable":true,"href":"https:\/\/eltecolote.org\/content\/wp-json\/wp\/v2\/tags?post=1705"},{"taxonomy":"author","embeddable":true,"href":"https:\/\/eltecolote.org\/content\/wp-json\/wp\/v2\/coauthors?post=1705"}],"curies":[{"name":"wp","href":"https:\/\/api.w.org\/{rel}","templated":true}]}}