{"id":16228,"date":"2012-08-30T10:00:51","date_gmt":"2012-08-30T17:00:51","guid":{"rendered":"http:\/\/eltecolote.org\/content\/?p=16228"},"modified":"2012-08-30T20:09:46","modified_gmt":"2012-08-31T03:09:46","slug":"hispanic-media-conference-celebrates-in-sacramento","status":"publish","type":"post","link":"https:\/\/eltecolote.org\/content\/en\/hispanic-media-conference-celebrates-in-sacramento\/","title":{"rendered":"Hispanic media conference celebrates in Sacramento"},"content":{"rendered":"<p>Spanish communicators from diverse media outlets converged in Sacramento on Aug. 13 at the first ever Palabras Mayores North American Conference.<\/p>\n<p>The two-day conference featured a group of highly acclaimed Spanish linguistic experts. Speakers discussed topics regarding the semantic and pragmatic functions of Spanish, and ways to more effectively present the language through different mediums.<\/p>\n<p>Boris Cardenas, a Spanish Media Consultants partner, emphasized the need to host the language conference in order to create clear and more effective communication in the Hispanic arena.<\/p>\n<p>\u201cWe have a responsibility as communicators within our community,\u201d Cardenas said. \u201cA reporter is the first line of defense for knowledge and it is critical that we are communicating effectively to our public.\u201d<\/p>\n<p>Alberto Gomez Font, a philologist and general coordinator of the Fundaci\u00f3n del Espa\u00f1ol Urgente (Fund\u00e9u), opened the conference with a presentation on critical resources to be utilized by Spanish media personnel. He emphasized the importance of using the <a href=\"http:\/\/www.rae.es\/rae.html\">Real Academia Espa\u00f1ola<\/a>\u2019s website, the official institution for regulating the Spanish language.<\/p>\n<p>Attendees included journalists, writers, editors, teachers, translators and designers. Also present were public relations members throughout the state of California, representing state government and universities, companies such as Netflix and various publications and TV stations. All stressed the role of the conference in benefiting their work in their respective fields.<\/p>\n<p>\u201cIts important to start taking your language seriously,\u201d said Veronica Rodriquez, a member of the Senate Democratic Caucus. \u201cWe use it in practice but we can often forget the basics. That\u2019s what this [conference] is for.\u201d<\/p>\n<p>Expert linguist Xos\u00e9 Castro Roig presented topics critical to communicating Spanish within an English speaking country, including: the use of Anglicisms in writing and diacritical marks, and using typographic and orthographic forms from the English language.<\/p>\n<p>Members of the conference discussed other important purposes of the Palabras Mayores two-day stay, such as the ability of Latinos to make themselves more visible within the English and Spanish media outlets.<\/p>\n<p>Claudia L\u00f3pez, assistant to State Senator Leland Yee, explained the importance of communication within the mainstream English and Spanish press.<\/p>\n<p>\u201cBeing involved in the Spanish press inspires us to make an impact in the mainstream English press,\u201d said Lopez. \u201cWe are part of both.\u201d<\/p>\n<p>The conference was sponsored by the California Leadership Institute and Mentoring Bridges and Spanish Media Consultants, and cosponsored by Huffington Post Voices, Time Warner Cable, Fernandez Government Solutions, Margin of Victory Consulting and PG&amp;E.<\/p>\n<p>Featured speakers, members and sponsoring organizations all agreed on the criticality of communicating poignantly. \u201cPower is knowledge. Words are knowledge,\u201d explained L\u00f3pez. \u201cThis will help inspire us to perfect our talents as communicators.\u201d<\/p>\n","protected":false},"excerpt":{"rendered":"<p>Spanish communicators from diverse media outlets converged in Sacramento on Aug. 13 at the first ever Palabras Mayores North American Conference.<\/p>\n","protected":false},"author":35,"featured_media":0,"comment_status":"open","ping_status":"closed","sticky":false,"template":"","format":"standard","meta":{"newspack_popups_has_disabled_popups":false,"newspack_featured_image_position":"","newspack_post_subtitle":"","newspack_article_summary_title":"Overview:","newspack_article_summary":"","newspack_hide_updated_date":false,"newspack_show_updated_date":false,"footnotes":""},"categories":[7],"tags":[1794,1793,1795],"coauthors":[],"class_list":["post-16228","post","type-post","status-publish","format-standard","hentry","category-news","tag-fundacion-del-espanol-urgente","tag-palabras-mayores","tag-real-academia-espanola","entry"],"yoast_head":"<!-- This site is optimized with the Yoast SEO plugin v27.5 - https:\/\/yoast.com\/product\/yoast-seo-wordpress\/ -->\n<title>Hispanic media conference celebrates in Sacramento - El Tecolote<\/title>\n<meta name=\"description\" content=\"Spanish communicators from diverse media outlets converged in Sacramento on Aug. 13 at the first ever Palabras Mayores North American Conference.\" \/>\n<meta name=\"robots\" content=\"index, follow, max-snippet:-1, max-image-preview:large, max-video-preview:-1\" \/>\n<link rel=\"canonical\" href=\"https:\/\/eltecolote.org\/content\/en\/hispanic-media-conference-celebrates-in-sacramento\/\" \/>\n<meta property=\"og:locale\" content=\"en_US\" \/>\n<meta property=\"og:type\" content=\"article\" \/>\n<meta property=\"og:title\" content=\"Hispanic media conference celebrates in Sacramento - El Tecolote\" \/>\n<meta property=\"og:description\" content=\"Spanish communicators from diverse media outlets converged in Sacramento on Aug. 13 at the first ever Palabras Mayores North American Conference.\" \/>\n<meta property=\"og:url\" content=\"https:\/\/eltecolote.org\/content\/en\/hispanic-media-conference-celebrates-in-sacramento\/\" \/>\n<meta property=\"og:site_name\" content=\"El Tecolote\" \/>\n<meta property=\"article:publisher\" content=\"https:\/\/www.facebook.com\/ElTecoloteSF\/\" \/>\n<meta property=\"article:published_time\" content=\"2012-08-30T17:00:51+00:00\" \/>\n<meta property=\"article:modified_time\" content=\"2012-08-31T03:09:46+00:00\" \/>\n<meta property=\"og:image\" content=\"https:\/\/i0.wp.com\/eltecolote.org\/content\/wp-content\/uploads\/2019\/10\/facebook.png?fit=8672%2C4960&quality=80&ssl=1\" \/>\n\t<meta property=\"og:image:width\" content=\"8672\" \/>\n\t<meta property=\"og:image:height\" content=\"4960\" \/>\n\t<meta property=\"og:image:type\" content=\"image\/png\" \/>\n<meta name=\"author\" content=\"El Tecolote Staff\" \/>\n<meta name=\"twitter:card\" content=\"summary_large_image\" \/>\n<meta name=\"twitter:creator\" content=\"@eltecolotesf\" \/>\n<meta name=\"twitter:site\" content=\"@eltecolotesf\" \/>\n<meta name=\"twitter:label1\" content=\"Written by\" \/>\n\t<meta name=\"twitter:data1\" content=\"El Tecolote Staff\" \/>\n\t<meta name=\"twitter:label2\" content=\"Est. reading time\" \/>\n\t<meta name=\"twitter:data2\" content=\"2 minutes\" \/>\n<script type=\"application\/ld+json\" class=\"yoast-schema-graph\">{\"@context\":\"https:\\\/\\\/schema.org\",\"@graph\":[{\"@type\":\"NewsArticle\",\"@id\":\"https:\\\/\\\/eltecolote.org\\\/content\\\/en\\\/hispanic-media-conference-celebrates-in-sacramento\\\/#article\",\"isPartOf\":{\"@id\":\"https:\\\/\\\/eltecolote.org\\\/content\\\/en\\\/hispanic-media-conference-celebrates-in-sacramento\\\/\"},\"author\":{\"name\":\"El Tecolote Staff\",\"@id\":\"https:\\\/\\\/eltecolote.org\\\/content\\\/#\\\/schema\\\/person\\\/08828d10185eba96895a8363a269410e\"},\"headline\":\"Hispanic media conference celebrates in Sacramento\",\"datePublished\":\"2012-08-30T17:00:51+00:00\",\"dateModified\":\"2012-08-31T03:09:46+00:00\",\"mainEntityOfPage\":{\"@id\":\"https:\\\/\\\/eltecolote.org\\\/content\\\/en\\\/hispanic-media-conference-celebrates-in-sacramento\\\/\"},\"wordCount\":446,\"commentCount\":0,\"publisher\":{\"@id\":\"https:\\\/\\\/eltecolote.org\\\/content\\\/#organization\"},\"keywords\":[\"Fundaci\u00f3n del Espa\u00f1ol Urgente\",\"Palabras Mayores\",\"Real Academia Espa\u00f1ola\"],\"articleSection\":[\"News\"],\"inLanguage\":\"en\",\"potentialAction\":[{\"@type\":\"CommentAction\",\"name\":\"Comment\",\"target\":[\"https:\\\/\\\/eltecolote.org\\\/content\\\/en\\\/hispanic-media-conference-celebrates-in-sacramento\\\/#respond\"]}]},{\"@type\":\"WebPage\",\"@id\":\"https:\\\/\\\/eltecolote.org\\\/content\\\/en\\\/hispanic-media-conference-celebrates-in-sacramento\\\/\",\"url\":\"https:\\\/\\\/eltecolote.org\\\/content\\\/en\\\/hispanic-media-conference-celebrates-in-sacramento\\\/\",\"name\":\"Hispanic media conference celebrates in Sacramento - El Tecolote\",\"isPartOf\":{\"@id\":\"https:\\\/\\\/eltecolote.org\\\/content\\\/#website\"},\"datePublished\":\"2012-08-30T17:00:51+00:00\",\"dateModified\":\"2012-08-31T03:09:46+00:00\",\"description\":\"Spanish communicators from diverse media outlets converged in Sacramento on Aug. 13 at the first ever Palabras Mayores North American Conference.\",\"inLanguage\":\"en\",\"potentialAction\":[{\"@type\":\"ReadAction\",\"target\":[\"https:\\\/\\\/eltecolote.org\\\/content\\\/en\\\/hispanic-media-conference-celebrates-in-sacramento\\\/\"]}]},{\"@type\":\"WebSite\",\"@id\":\"https:\\\/\\\/eltecolote.org\\\/content\\\/#website\",\"url\":\"https:\\\/\\\/eltecolote.org\\\/content\\\/\",\"name\":\"El Tecolote\",\"description\":\"San Francisco's Latinx newspaper since 1970\",\"publisher\":{\"@id\":\"https:\\\/\\\/eltecolote.org\\\/content\\\/#organization\"},\"potentialAction\":[{\"@type\":\"SearchAction\",\"target\":{\"@type\":\"EntryPoint\",\"urlTemplate\":\"https:\\\/\\\/eltecolote.org\\\/content\\\/?s={search_term_string}\"},\"query-input\":{\"@type\":\"PropertyValueSpecification\",\"valueRequired\":true,\"valueName\":\"search_term_string\"}}],\"inLanguage\":\"en\"},{\"@type\":\"Organization\",\"@id\":\"https:\\\/\\\/eltecolote.org\\\/content\\\/#organization\",\"name\":\"El Tecolote\",\"url\":\"https:\\\/\\\/eltecolote.org\\\/content\\\/\",\"logo\":{\"@type\":\"ImageObject\",\"inLanguage\":\"en\",\"@id\":\"https:\\\/\\\/eltecolote.org\\\/content\\\/#\\\/schema\\\/logo\\\/image\\\/\",\"url\":\"https:\\\/\\\/i0.wp.com\\\/eltecolote.org\\\/content\\\/wp-content\\\/uploads\\\/2021\\\/05\\\/ETlogo-1.jpg?fit=400%2C400&ssl=1\",\"contentUrl\":\"https:\\\/\\\/i0.wp.com\\\/eltecolote.org\\\/content\\\/wp-content\\\/uploads\\\/2021\\\/05\\\/ETlogo-1.jpg?fit=400%2C400&ssl=1\",\"width\":400,\"height\":400,\"caption\":\"El Tecolote\"},\"image\":{\"@id\":\"https:\\\/\\\/eltecolote.org\\\/content\\\/#\\\/schema\\\/logo\\\/image\\\/\"},\"sameAs\":[\"https:\\\/\\\/www.facebook.com\\\/ElTecoloteSF\\\/\",\"https:\\\/\\\/x.com\\\/eltecolotesf\",\"https:\\\/\\\/www.instagram.com\\\/eltecolotesf\\\/\"]},{\"@type\":\"Person\",\"@id\":\"https:\\\/\\\/eltecolote.org\\\/content\\\/#\\\/schema\\\/person\\\/08828d10185eba96895a8363a269410e\",\"name\":\"El Tecolote Staff\",\"image\":{\"@type\":\"ImageObject\",\"inLanguage\":\"en\",\"@id\":\"https:\\\/\\\/secure.gravatar.com\\\/avatar\\\/9534c92c8c908364e186a64d93efc86f62367109d1b07a3454facde655968589?s=96&d=mm&r=g6afcb607783e095e4cf6be807353924d\",\"url\":\"https:\\\/\\\/secure.gravatar.com\\\/avatar\\\/9534c92c8c908364e186a64d93efc86f62367109d1b07a3454facde655968589?s=96&d=mm&r=g\",\"contentUrl\":\"https:\\\/\\\/secure.gravatar.com\\\/avatar\\\/9534c92c8c908364e186a64d93efc86f62367109d1b07a3454facde655968589?s=96&d=mm&r=g\",\"caption\":\"El Tecolote Staff\"},\"url\":\"https:\\\/\\\/eltecolote.org\\\/content\\\/author\\\/web-editor\\\/\"}]}<\/script>\n<!-- \/ Yoast SEO plugin. -->","yoast_head_json":{"title":"Hispanic media conference celebrates in Sacramento - El Tecolote","description":"Spanish communicators from diverse media outlets converged in Sacramento on Aug. 13 at the first ever Palabras Mayores North American Conference.","robots":{"index":"index","follow":"follow","max-snippet":"max-snippet:-1","max-image-preview":"max-image-preview:large","max-video-preview":"max-video-preview:-1"},"canonical":"https:\/\/eltecolote.org\/content\/en\/hispanic-media-conference-celebrates-in-sacramento\/","og_locale":"en_US","og_type":"article","og_title":"Hispanic media conference celebrates in Sacramento - El Tecolote","og_description":"Spanish communicators from diverse media outlets converged in Sacramento on Aug. 13 at the first ever Palabras Mayores North American Conference.","og_url":"https:\/\/eltecolote.org\/content\/en\/hispanic-media-conference-celebrates-in-sacramento\/","og_site_name":"El Tecolote","article_publisher":"https:\/\/www.facebook.com\/ElTecoloteSF\/","article_published_time":"2012-08-30T17:00:51+00:00","article_modified_time":"2012-08-31T03:09:46+00:00","og_image":[{"width":8672,"height":4960,"url":"https:\/\/i0.wp.com\/eltecolote.org\/content\/wp-content\/uploads\/2019\/10\/facebook.png?fit=8672%2C4960&quality=80&ssl=1","type":"image\/png"}],"author":"El Tecolote Staff","twitter_card":"summary_large_image","twitter_creator":"@eltecolotesf","twitter_site":"@eltecolotesf","twitter_misc":{"Written by":"El Tecolote Staff","Est. reading time":"2 minutes"},"schema":{"@context":"https:\/\/schema.org","@graph":[{"@type":"NewsArticle","@id":"https:\/\/eltecolote.org\/content\/en\/hispanic-media-conference-celebrates-in-sacramento\/#article","isPartOf":{"@id":"https:\/\/eltecolote.org\/content\/en\/hispanic-media-conference-celebrates-in-sacramento\/"},"author":{"name":"El Tecolote Staff","@id":"https:\/\/eltecolote.org\/content\/#\/schema\/person\/08828d10185eba96895a8363a269410e"},"headline":"Hispanic media conference celebrates in Sacramento","datePublished":"2012-08-30T17:00:51+00:00","dateModified":"2012-08-31T03:09:46+00:00","mainEntityOfPage":{"@id":"https:\/\/eltecolote.org\/content\/en\/hispanic-media-conference-celebrates-in-sacramento\/"},"wordCount":446,"commentCount":0,"publisher":{"@id":"https:\/\/eltecolote.org\/content\/#organization"},"keywords":["Fundaci\u00f3n del Espa\u00f1ol Urgente","Palabras Mayores","Real Academia Espa\u00f1ola"],"articleSection":["News"],"inLanguage":"en","potentialAction":[{"@type":"CommentAction","name":"Comment","target":["https:\/\/eltecolote.org\/content\/en\/hispanic-media-conference-celebrates-in-sacramento\/#respond"]}]},{"@type":"WebPage","@id":"https:\/\/eltecolote.org\/content\/en\/hispanic-media-conference-celebrates-in-sacramento\/","url":"https:\/\/eltecolote.org\/content\/en\/hispanic-media-conference-celebrates-in-sacramento\/","name":"Hispanic media conference celebrates in Sacramento - El Tecolote","isPartOf":{"@id":"https:\/\/eltecolote.org\/content\/#website"},"datePublished":"2012-08-30T17:00:51+00:00","dateModified":"2012-08-31T03:09:46+00:00","description":"Spanish communicators from diverse media outlets converged in Sacramento on Aug. 13 at the first ever Palabras Mayores North American Conference.","inLanguage":"en","potentialAction":[{"@type":"ReadAction","target":["https:\/\/eltecolote.org\/content\/en\/hispanic-media-conference-celebrates-in-sacramento\/"]}]},{"@type":"WebSite","@id":"https:\/\/eltecolote.org\/content\/#website","url":"https:\/\/eltecolote.org\/content\/","name":"El Tecolote","description":"San Francisco's Latinx newspaper since 1970","publisher":{"@id":"https:\/\/eltecolote.org\/content\/#organization"},"potentialAction":[{"@type":"SearchAction","target":{"@type":"EntryPoint","urlTemplate":"https:\/\/eltecolote.org\/content\/?s={search_term_string}"},"query-input":{"@type":"PropertyValueSpecification","valueRequired":true,"valueName":"search_term_string"}}],"inLanguage":"en"},{"@type":"Organization","@id":"https:\/\/eltecolote.org\/content\/#organization","name":"El Tecolote","url":"https:\/\/eltecolote.org\/content\/","logo":{"@type":"ImageObject","inLanguage":"en","@id":"https:\/\/eltecolote.org\/content\/#\/schema\/logo\/image\/","url":"https:\/\/i0.wp.com\/eltecolote.org\/content\/wp-content\/uploads\/2021\/05\/ETlogo-1.jpg?fit=400%2C400&ssl=1","contentUrl":"https:\/\/i0.wp.com\/eltecolote.org\/content\/wp-content\/uploads\/2021\/05\/ETlogo-1.jpg?fit=400%2C400&ssl=1","width":400,"height":400,"caption":"El Tecolote"},"image":{"@id":"https:\/\/eltecolote.org\/content\/#\/schema\/logo\/image\/"},"sameAs":["https:\/\/www.facebook.com\/ElTecoloteSF\/","https:\/\/x.com\/eltecolotesf","https:\/\/www.instagram.com\/eltecolotesf\/"]},{"@type":"Person","@id":"https:\/\/eltecolote.org\/content\/#\/schema\/person\/08828d10185eba96895a8363a269410e","name":"El Tecolote Staff","image":{"@type":"ImageObject","inLanguage":"en","@id":"https:\/\/secure.gravatar.com\/avatar\/9534c92c8c908364e186a64d93efc86f62367109d1b07a3454facde655968589?s=96&d=mm&r=g6afcb607783e095e4cf6be807353924d","url":"https:\/\/secure.gravatar.com\/avatar\/9534c92c8c908364e186a64d93efc86f62367109d1b07a3454facde655968589?s=96&d=mm&r=g","contentUrl":"https:\/\/secure.gravatar.com\/avatar\/9534c92c8c908364e186a64d93efc86f62367109d1b07a3454facde655968589?s=96&d=mm&r=g","caption":"El Tecolote Staff"},"url":"https:\/\/eltecolote.org\/content\/author\/web-editor\/"}]}},"distributor_meta":false,"distributor_terms":false,"distributor_media":false,"distributor_original_site_name":"El Tecolote","distributor_original_site_url":"https:\/\/eltecolote.org\/content","push-errors":false,"_links":{"self":[{"href":"https:\/\/eltecolote.org\/content\/wp-json\/wp\/v2\/posts\/16228","targetHints":{"allow":["GET"]}}],"collection":[{"href":"https:\/\/eltecolote.org\/content\/wp-json\/wp\/v2\/posts"}],"about":[{"href":"https:\/\/eltecolote.org\/content\/wp-json\/wp\/v2\/types\/post"}],"author":[{"embeddable":true,"href":"https:\/\/eltecolote.org\/content\/wp-json\/wp\/v2\/users\/35"}],"replies":[{"embeddable":true,"href":"https:\/\/eltecolote.org\/content\/wp-json\/wp\/v2\/comments?post=16228"}],"version-history":[{"count":7,"href":"https:\/\/eltecolote.org\/content\/wp-json\/wp\/v2\/posts\/16228\/revisions"}],"predecessor-version":[{"id":16242,"href":"https:\/\/eltecolote.org\/content\/wp-json\/wp\/v2\/posts\/16228\/revisions\/16242"}],"wp:attachment":[{"href":"https:\/\/eltecolote.org\/content\/wp-json\/wp\/v2\/media?parent=16228"}],"wp:term":[{"taxonomy":"category","embeddable":true,"href":"https:\/\/eltecolote.org\/content\/wp-json\/wp\/v2\/categories?post=16228"},{"taxonomy":"post_tag","embeddable":true,"href":"https:\/\/eltecolote.org\/content\/wp-json\/wp\/v2\/tags?post=16228"},{"taxonomy":"author","embeddable":true,"href":"https:\/\/eltecolote.org\/content\/wp-json\/wp\/v2\/coauthors?post=16228"}],"curies":[{"name":"wp","href":"https:\/\/api.w.org\/{rel}","templated":true}]}}