{"id":14784,"date":"2012-05-29T18:18:11","date_gmt":"2012-05-30T01:18:11","guid":{"rendered":"http:\/\/eltecolote.org\/content\/?p=14784"},"modified":"2016-11-14T16:03:46","modified_gmt":"2016-11-14T23:03:46","slug":"autismo-impacta-mas-fuerte-a-familias-latinas","status":"publish","type":"post","link":"https:\/\/eltecolote.org\/content\/en\/autismo-impacta-mas-fuerte-a-familias-latinas\/","title":{"rendered":"Autismo impacta m\u00e1s fuerte a familias latinas"},"content":{"rendered":"<p>Para hispano hablantes, accesar informaci\u00f3n y recursos es dif\u00edcil y hacer tiempo para terapias puede ser un reto, pero Josefina Nieves, una madre soltera, est\u00e1 criando a dos hijos adolescentes, Daniel y Nestor, y ambos tienen autismo.<\/p>\n<p>Cuando Nestor fue diagnosticado a mediados de la d\u00e9cada de los 90s, el doctor le dijo a Nieves que rebajara sus expectativas: el nunca hablar\u00eda, nunca trabajar\u00eda ni se casar\u00eda.<\/p>\n<p>\u201c\u00bfQuien crees que eres para decirme que la vida de mi hijo no llegar\u00eda a nada?\u201d Es lo que Nieves quisiera preguntarle al doctor ahora.<\/p>\n<p>Adem\u00e1s de su actitud positiva, Nieves habla ingl\u00e9s y espa\u00f1ol, y sabe usar la computadora e internet\u2014todas habilidades que le dan una ventaja al buscar acceso a recursos que pueden ayudarle a mejorar las oportunidades de su hijo y su calidad de vida.<\/p>\n<p>Tambi\u00e9n tiene la ventaja de ser emplada en Fiesta Educativa, un grupo sin fines de lucro basado en Lincoln Heights, el cual educa a los padres de familia sobre sus derechos, recursos y sobre la discapacidad.<\/p>\n<p>Pero las \u201cventajas\u201d de Nieves no son la norma. \u2028\u2028Entender lo que significa una diagnosis de autismo es dif\u00edcil sin importar quien sea, pero si usted es latino, s\u00f3lamente habla espa\u00f1ol, es analfabeta o tiene poca educaci\u00f3n formal, o no sabe usar el Internet, las dificultades son significativamente mayores.<\/p>\n<p>Residente de Highland Park Ana Brizuela, tiene un hijo con autismo en su \u00faltimo a\u00f1o en Franklin High School.<\/p>\n<p>\u201cCuando mi hijo estaba chico toqu\u00e9 muchas puertas y no recib\u00ed ninguna ayuda\u201d, dijo en espa\u00f1ol, llorando durante un taller para padres organizado por Fiesta Educativa.<\/p>\n<p>El hijo de Brizuela ahora recibe servicios por su discapacidad a trav\u00e9s del distrito escolar, pero est\u00e1 preocupada de que no hay una red de seguridad para su hijo cuando este sea adulto.<\/p>\n<p><strong>Latinos y Autismo<br \/>\n<\/strong>Autismo, un t\u00e9rmino usado para describir un complejo grupo de des\u00f3rdenes del desarrollo cerebral, esta siendo llamado una pandemia por oficiales de salud p\u00fablica.<br \/>\nSeg\u00fan nuevos datos del Centro de Control de Enfermedades (CDC por sus siglas en ingl\u00e9s), uno de cada 88 ni\u00f1os han sido diagnosticados con la discapacidad. Esto ha subido de uno por cada 110 en 2006, y uno por cada 150 en 2002.<\/p>\n<p>[\u2026]<\/p>\n<p>\u201cEl autismo es una epidemia. Nunca pensamos que el autismo llegar\u00eda a los altos n\u00fameros que estamos viendo actualmente, as\u00ed que s\u00ed es una epidemia\u201d, dijo Carolina Pe\u00f1a-Ricardo del Children\u2019s Hospital durante una reciente conferencia para padres en el Consulado Mexicano donde Nieves tambi\u00e9n habl\u00f3.<\/p>\n<p>El Departamento de Servicios de Desarrollo de California (DDS por sus siglas en ingl\u00e9s) ha calculado un incremento del 70 por ciento en casos de autismo en el estado del 2002 al 2007, y el n\u00famero de ni\u00f1os latinos con autismo esta aumentando a una velocidad similar que en los ni\u00f1os blancos, seg\u00fan Pe\u00f1a-Ricardo.<\/p>\n<p>[\u2026]<\/p>\n<p>El espectro del desorden, el cual var\u00eda de ni\u00f1o a ni\u00f1o en severidad, causa significantes retos sociales, de comunicaci\u00f3n y de comportamiento y en cases menos severos, estos problemas pueden ser aliviados con intervenci\u00f3n. Intervenci\u00f3n temprana, para la edad de tres a\u00f1os, se considera cr\u00edtica.<\/p>\n<p>Saber si usted necesita buscar ayuda no siempre es f\u00e1cil.<\/p>\n<p><strong>El autismo habla, \u00bfpero habla en espa\u00f1ol?<\/strong><br \/>\nMientras organizaciones como Habla Para Curar Autismo (TACA por sus siglas en ingl\u00e9s) y Autismo Habla proveen alguna informaci\u00f3n en espa\u00f1ol, la informaci\u00f3n no esta f\u00e1cilmente disponible en la comunidad.<\/p>\n<p>[&#8230;]<\/p>\n<p>El Centro Estrella de Recursos Familiares, ofrece programas de socializaci\u00f3n y numerosos servicios adicionales considerados clave para ayudar a los ni\u00f1os con autismo a prosperar.<\/p>\n<p>Sostenido por la organizaci\u00f3n sin fines de lucro Servicios Familiares Alma en el \u00e1rea no incorporada del este de Los Angeles, el centro hace alcance con padres de familia de boca en boca y por medio de organizaciones comunitarias a trav\u00e9s de relaciones establecidas.<\/p>\n<p>\u201cEs mucho mas dif\u00edcil cuando eres hispano hablante monolingual y ambos padres trabajan y no saben que recursos, o cuando recibir\u00e1n los recursos, o cuanto pedir\u201d, dijo Lourdes Caracoza, directora de operaciones de programas del centro.<\/p>\n<p>Mientras que el autismo realmente afecta la comunidad latina, la directora ejecutiva de Fiesta Educativa, Irene Mart\u00ednez dice que las familias no est\u00e1n recibiendo toda la informaci\u00f3n disponible.<\/p>\n<p>\u201cEn parte tiene que ver con el lenguaje, la mayor\u00eda de la informaci\u00f3n es en ingl\u00e9s, la mayor\u00eda de las conferencias, la mayor\u00eda de los entrenamientos\u201d, dijo.<\/p>\n<p>La falta de familiaridad con instituciones y como navegarlas, as\u00ed como estatus migratorio tambi\u00e9n crea barreras para familias inmigrantes.<\/p>\n<p>\u201cA veces tienen miedo; es un elemento\u201d, dijo Mart\u00ednez. \u201cPor lo general los hijos son nacidos aqu\u00ed pero los padres no, as\u00ed que tienen miedo de entrar en dificultades legales, y esto los desanima de buscar servicios a los que tienen derecho por ley. As\u00ed que es una realidad. Estamos tratando de romper estas barreras, pero situaciones como esta hacen que la gente est\u00e9 inc\u00f3moda al venir a buscar m\u00e1s informaci\u00f3n.\u201d<\/p>\n<p>[&#8230;]<\/p>\n<p>Ang\u00e9lica Herrera es una coordinadora de padres de familia en Fiesta Educativa y trabaja directamente con padres como Brizuela, pero dice que la asistencia a sus juntas mensuales de padres es dismal. Herrera dice que est\u00e1 contenta cuando asisten cinco padres de familia, pero por lo general nadie asiste.<\/p>\n<p>\u201cSacar la informaci\u00f3n ha sido un reto\u201d, dijo Herrera. \u2028\u2028Y para muchos padre latinos, simplemente reconocer que su hijo pudiera tener autismo puede ser una empresa abrumadora.<\/p>\n","protected":false},"excerpt":{"rendered":"<p>Para hispano hablantes, accesar informaci\u00f3n y recursos es dif\u00edcil y hacer tiempo para terapias puede ser un reto, pero Josefina Nieves, una madre soltera, est\u00e1 criando a dos hijos adolescentes, Daniel y Nestor, y ambos tienen autismo. \u2028<\/p>\n","protected":false},"author":35,"featured_media":0,"comment_status":"open","ping_status":"closed","sticky":false,"template":"","format":"standard","meta":{"newspack_popups_has_disabled_popups":false,"newspack_featured_image_position":"","newspack_post_subtitle":"","newspack_article_summary_title":"Overview:","newspack_article_summary":"","newspack_hide_updated_date":false,"newspack_show_updated_date":false,"footnotes":""},"categories":[7],"tags":[11917,11919],"coauthors":[],"class_list":["post-14784","post","type-post","status-publish","format-standard","hentry","category-news","tag-autism-en","tag-health-care-en","entry"],"yoast_head":"<!-- This site is optimized with the Yoast SEO plugin v27.5 - https:\/\/yoast.com\/product\/yoast-seo-wordpress\/ -->\n<title>Autismo impacta m\u00e1s fuerte a familias latinas - El Tecolote<\/title>\n<meta name=\"description\" content=\"Para hispano hablantes, accesar informaci\u00f3n y recursos es dif\u00edcil y hacer tiempo para terapias puede ser un reto, pero Josefina Nieves, una madre soltera, est\u00e1 criando a dos hijos adolescentes, Daniel y Nestor, y ambos tienen autismo. \u2028\" \/>\n<meta name=\"robots\" content=\"index, follow, max-snippet:-1, max-image-preview:large, max-video-preview:-1\" \/>\n<link rel=\"canonical\" href=\"https:\/\/eltecolote.org\/content\/en\/autismo-impacta-mas-fuerte-a-familias-latinas\/\" \/>\n<meta property=\"og:locale\" content=\"en_US\" \/>\n<meta property=\"og:type\" content=\"article\" \/>\n<meta property=\"og:title\" content=\"Autismo impacta m\u00e1s fuerte a familias latinas - El Tecolote\" \/>\n<meta property=\"og:description\" content=\"Para hispano hablantes, accesar informaci\u00f3n y recursos es dif\u00edcil y hacer tiempo para terapias puede ser un reto, pero Josefina Nieves, una madre soltera, est\u00e1 criando a dos hijos adolescentes, Daniel y Nestor, y ambos tienen autismo. \u2028\" \/>\n<meta property=\"og:url\" content=\"https:\/\/eltecolote.org\/content\/en\/autismo-impacta-mas-fuerte-a-familias-latinas\/\" \/>\n<meta property=\"og:site_name\" content=\"El Tecolote\" \/>\n<meta property=\"article:publisher\" content=\"https:\/\/www.facebook.com\/ElTecoloteSF\/\" \/>\n<meta property=\"article:published_time\" content=\"2012-05-30T01:18:11+00:00\" \/>\n<meta property=\"article:modified_time\" content=\"2016-11-14T23:03:46+00:00\" \/>\n<meta property=\"og:image\" content=\"https:\/\/i0.wp.com\/eltecolote.org\/content\/wp-content\/uploads\/2019\/10\/facebook.png?fit=8672%2C4960&quality=80&ssl=1\" \/>\n\t<meta property=\"og:image:width\" content=\"8672\" \/>\n\t<meta property=\"og:image:height\" content=\"4960\" \/>\n\t<meta property=\"og:image:type\" content=\"image\/png\" \/>\n<meta name=\"author\" content=\"El Tecolote Staff\" \/>\n<meta name=\"twitter:card\" content=\"summary_large_image\" \/>\n<meta name=\"twitter:creator\" content=\"@eltecolotesf\" \/>\n<meta name=\"twitter:site\" content=\"@eltecolotesf\" \/>\n<meta name=\"twitter:label1\" content=\"Written by\" \/>\n\t<meta name=\"twitter:data1\" content=\"El Tecolote Staff\" \/>\n\t<meta name=\"twitter:label2\" content=\"Est. reading time\" \/>\n\t<meta name=\"twitter:data2\" content=\"5 minutes\" \/>\n<script type=\"application\/ld+json\" class=\"yoast-schema-graph\">{\"@context\":\"https:\\\/\\\/schema.org\",\"@graph\":[{\"@type\":\"NewsArticle\",\"@id\":\"https:\\\/\\\/eltecolote.org\\\/content\\\/en\\\/autismo-impacta-mas-fuerte-a-familias-latinas\\\/#article\",\"isPartOf\":{\"@id\":\"https:\\\/\\\/eltecolote.org\\\/content\\\/en\\\/autismo-impacta-mas-fuerte-a-familias-latinas\\\/\"},\"author\":{\"name\":\"El Tecolote Staff\",\"@id\":\"https:\\\/\\\/eltecolote.org\\\/content\\\/#\\\/schema\\\/person\\\/08828d10185eba96895a8363a269410e\"},\"headline\":\"Autismo impacta m\u00e1s fuerte a familias latinas\",\"datePublished\":\"2012-05-30T01:18:11+00:00\",\"dateModified\":\"2016-11-14T23:03:46+00:00\",\"mainEntityOfPage\":{\"@id\":\"https:\\\/\\\/eltecolote.org\\\/content\\\/en\\\/autismo-impacta-mas-fuerte-a-familias-latinas\\\/\"},\"wordCount\":957,\"commentCount\":0,\"publisher\":{\"@id\":\"https:\\\/\\\/eltecolote.org\\\/content\\\/#organization\"},\"keywords\":[\"Autism\",\"health care\"],\"articleSection\":[\"News\"],\"inLanguage\":\"en\",\"potentialAction\":[{\"@type\":\"CommentAction\",\"name\":\"Comment\",\"target\":[\"https:\\\/\\\/eltecolote.org\\\/content\\\/en\\\/autismo-impacta-mas-fuerte-a-familias-latinas\\\/#respond\"]}]},{\"@type\":\"WebPage\",\"@id\":\"https:\\\/\\\/eltecolote.org\\\/content\\\/en\\\/autismo-impacta-mas-fuerte-a-familias-latinas\\\/\",\"url\":\"https:\\\/\\\/eltecolote.org\\\/content\\\/en\\\/autismo-impacta-mas-fuerte-a-familias-latinas\\\/\",\"name\":\"Autismo impacta m\u00e1s fuerte a familias latinas - El Tecolote\",\"isPartOf\":{\"@id\":\"https:\\\/\\\/eltecolote.org\\\/content\\\/#website\"},\"datePublished\":\"2012-05-30T01:18:11+00:00\",\"dateModified\":\"2016-11-14T23:03:46+00:00\",\"description\":\"Para hispano hablantes, accesar informaci\u00f3n y recursos es dif\u00edcil y hacer tiempo para terapias puede ser un reto, pero Josefina Nieves, una madre soltera, est\u00e1 criando a dos hijos adolescentes, Daniel y Nestor, y ambos tienen autismo. \\u2028\",\"inLanguage\":\"en\",\"potentialAction\":[{\"@type\":\"ReadAction\",\"target\":[\"https:\\\/\\\/eltecolote.org\\\/content\\\/en\\\/autismo-impacta-mas-fuerte-a-familias-latinas\\\/\"]}]},{\"@type\":\"WebSite\",\"@id\":\"https:\\\/\\\/eltecolote.org\\\/content\\\/#website\",\"url\":\"https:\\\/\\\/eltecolote.org\\\/content\\\/\",\"name\":\"El Tecolote\",\"description\":\"San Francisco's Latinx newspaper since 1970\",\"publisher\":{\"@id\":\"https:\\\/\\\/eltecolote.org\\\/content\\\/#organization\"},\"potentialAction\":[{\"@type\":\"SearchAction\",\"target\":{\"@type\":\"EntryPoint\",\"urlTemplate\":\"https:\\\/\\\/eltecolote.org\\\/content\\\/?s={search_term_string}\"},\"query-input\":{\"@type\":\"PropertyValueSpecification\",\"valueRequired\":true,\"valueName\":\"search_term_string\"}}],\"inLanguage\":\"en\"},{\"@type\":\"Organization\",\"@id\":\"https:\\\/\\\/eltecolote.org\\\/content\\\/#organization\",\"name\":\"El Tecolote\",\"url\":\"https:\\\/\\\/eltecolote.org\\\/content\\\/\",\"logo\":{\"@type\":\"ImageObject\",\"inLanguage\":\"en\",\"@id\":\"https:\\\/\\\/eltecolote.org\\\/content\\\/#\\\/schema\\\/logo\\\/image\\\/\",\"url\":\"https:\\\/\\\/i0.wp.com\\\/eltecolote.org\\\/content\\\/wp-content\\\/uploads\\\/2021\\\/05\\\/ETlogo-1.jpg?fit=400%2C400&ssl=1\",\"contentUrl\":\"https:\\\/\\\/i0.wp.com\\\/eltecolote.org\\\/content\\\/wp-content\\\/uploads\\\/2021\\\/05\\\/ETlogo-1.jpg?fit=400%2C400&ssl=1\",\"width\":400,\"height\":400,\"caption\":\"El Tecolote\"},\"image\":{\"@id\":\"https:\\\/\\\/eltecolote.org\\\/content\\\/#\\\/schema\\\/logo\\\/image\\\/\"},\"sameAs\":[\"https:\\\/\\\/www.facebook.com\\\/ElTecoloteSF\\\/\",\"https:\\\/\\\/x.com\\\/eltecolotesf\",\"https:\\\/\\\/www.instagram.com\\\/eltecolotesf\\\/\"]},{\"@type\":\"Person\",\"@id\":\"https:\\\/\\\/eltecolote.org\\\/content\\\/#\\\/schema\\\/person\\\/08828d10185eba96895a8363a269410e\",\"name\":\"El Tecolote Staff\",\"image\":{\"@type\":\"ImageObject\",\"inLanguage\":\"en\",\"@id\":\"https:\\\/\\\/secure.gravatar.com\\\/avatar\\\/9534c92c8c908364e186a64d93efc86f62367109d1b07a3454facde655968589?s=96&d=mm&r=g6afcb607783e095e4cf6be807353924d\",\"url\":\"https:\\\/\\\/secure.gravatar.com\\\/avatar\\\/9534c92c8c908364e186a64d93efc86f62367109d1b07a3454facde655968589?s=96&d=mm&r=g\",\"contentUrl\":\"https:\\\/\\\/secure.gravatar.com\\\/avatar\\\/9534c92c8c908364e186a64d93efc86f62367109d1b07a3454facde655968589?s=96&d=mm&r=g\",\"caption\":\"El Tecolote Staff\"},\"url\":\"https:\\\/\\\/eltecolote.org\\\/content\\\/author\\\/web-editor\\\/\"}]}<\/script>\n<!-- \/ Yoast SEO plugin. -->","yoast_head_json":{"title":"Autismo impacta m\u00e1s fuerte a familias latinas - El Tecolote","description":"Para hispano hablantes, accesar informaci\u00f3n y recursos es dif\u00edcil y hacer tiempo para terapias puede ser un reto, pero Josefina Nieves, una madre soltera, est\u00e1 criando a dos hijos adolescentes, Daniel y Nestor, y ambos tienen autismo. \u2028","robots":{"index":"index","follow":"follow","max-snippet":"max-snippet:-1","max-image-preview":"max-image-preview:large","max-video-preview":"max-video-preview:-1"},"canonical":"https:\/\/eltecolote.org\/content\/en\/autismo-impacta-mas-fuerte-a-familias-latinas\/","og_locale":"en_US","og_type":"article","og_title":"Autismo impacta m\u00e1s fuerte a familias latinas - El Tecolote","og_description":"Para hispano hablantes, accesar informaci\u00f3n y recursos es dif\u00edcil y hacer tiempo para terapias puede ser un reto, pero Josefina Nieves, una madre soltera, est\u00e1 criando a dos hijos adolescentes, Daniel y Nestor, y ambos tienen autismo. \u2028","og_url":"https:\/\/eltecolote.org\/content\/en\/autismo-impacta-mas-fuerte-a-familias-latinas\/","og_site_name":"El Tecolote","article_publisher":"https:\/\/www.facebook.com\/ElTecoloteSF\/","article_published_time":"2012-05-30T01:18:11+00:00","article_modified_time":"2016-11-14T23:03:46+00:00","og_image":[{"width":8672,"height":4960,"url":"https:\/\/i0.wp.com\/eltecolote.org\/content\/wp-content\/uploads\/2019\/10\/facebook.png?fit=8672%2C4960&quality=80&ssl=1","type":"image\/png"}],"author":"El Tecolote Staff","twitter_card":"summary_large_image","twitter_creator":"@eltecolotesf","twitter_site":"@eltecolotesf","twitter_misc":{"Written by":"El Tecolote Staff","Est. reading time":"5 minutes"},"schema":{"@context":"https:\/\/schema.org","@graph":[{"@type":"NewsArticle","@id":"https:\/\/eltecolote.org\/content\/en\/autismo-impacta-mas-fuerte-a-familias-latinas\/#article","isPartOf":{"@id":"https:\/\/eltecolote.org\/content\/en\/autismo-impacta-mas-fuerte-a-familias-latinas\/"},"author":{"name":"El Tecolote Staff","@id":"https:\/\/eltecolote.org\/content\/#\/schema\/person\/08828d10185eba96895a8363a269410e"},"headline":"Autismo impacta m\u00e1s fuerte a familias latinas","datePublished":"2012-05-30T01:18:11+00:00","dateModified":"2016-11-14T23:03:46+00:00","mainEntityOfPage":{"@id":"https:\/\/eltecolote.org\/content\/en\/autismo-impacta-mas-fuerte-a-familias-latinas\/"},"wordCount":957,"commentCount":0,"publisher":{"@id":"https:\/\/eltecolote.org\/content\/#organization"},"keywords":["Autism","health care"],"articleSection":["News"],"inLanguage":"en","potentialAction":[{"@type":"CommentAction","name":"Comment","target":["https:\/\/eltecolote.org\/content\/en\/autismo-impacta-mas-fuerte-a-familias-latinas\/#respond"]}]},{"@type":"WebPage","@id":"https:\/\/eltecolote.org\/content\/en\/autismo-impacta-mas-fuerte-a-familias-latinas\/","url":"https:\/\/eltecolote.org\/content\/en\/autismo-impacta-mas-fuerte-a-familias-latinas\/","name":"Autismo impacta m\u00e1s fuerte a familias latinas - El Tecolote","isPartOf":{"@id":"https:\/\/eltecolote.org\/content\/#website"},"datePublished":"2012-05-30T01:18:11+00:00","dateModified":"2016-11-14T23:03:46+00:00","description":"Para hispano hablantes, accesar informaci\u00f3n y recursos es dif\u00edcil y hacer tiempo para terapias puede ser un reto, pero Josefina Nieves, una madre soltera, est\u00e1 criando a dos hijos adolescentes, Daniel y Nestor, y ambos tienen autismo. \u2028","inLanguage":"en","potentialAction":[{"@type":"ReadAction","target":["https:\/\/eltecolote.org\/content\/en\/autismo-impacta-mas-fuerte-a-familias-latinas\/"]}]},{"@type":"WebSite","@id":"https:\/\/eltecolote.org\/content\/#website","url":"https:\/\/eltecolote.org\/content\/","name":"El Tecolote","description":"San Francisco's Latinx newspaper since 1970","publisher":{"@id":"https:\/\/eltecolote.org\/content\/#organization"},"potentialAction":[{"@type":"SearchAction","target":{"@type":"EntryPoint","urlTemplate":"https:\/\/eltecolote.org\/content\/?s={search_term_string}"},"query-input":{"@type":"PropertyValueSpecification","valueRequired":true,"valueName":"search_term_string"}}],"inLanguage":"en"},{"@type":"Organization","@id":"https:\/\/eltecolote.org\/content\/#organization","name":"El Tecolote","url":"https:\/\/eltecolote.org\/content\/","logo":{"@type":"ImageObject","inLanguage":"en","@id":"https:\/\/eltecolote.org\/content\/#\/schema\/logo\/image\/","url":"https:\/\/i0.wp.com\/eltecolote.org\/content\/wp-content\/uploads\/2021\/05\/ETlogo-1.jpg?fit=400%2C400&ssl=1","contentUrl":"https:\/\/i0.wp.com\/eltecolote.org\/content\/wp-content\/uploads\/2021\/05\/ETlogo-1.jpg?fit=400%2C400&ssl=1","width":400,"height":400,"caption":"El Tecolote"},"image":{"@id":"https:\/\/eltecolote.org\/content\/#\/schema\/logo\/image\/"},"sameAs":["https:\/\/www.facebook.com\/ElTecoloteSF\/","https:\/\/x.com\/eltecolotesf","https:\/\/www.instagram.com\/eltecolotesf\/"]},{"@type":"Person","@id":"https:\/\/eltecolote.org\/content\/#\/schema\/person\/08828d10185eba96895a8363a269410e","name":"El Tecolote Staff","image":{"@type":"ImageObject","inLanguage":"en","@id":"https:\/\/secure.gravatar.com\/avatar\/9534c92c8c908364e186a64d93efc86f62367109d1b07a3454facde655968589?s=96&d=mm&r=g6afcb607783e095e4cf6be807353924d","url":"https:\/\/secure.gravatar.com\/avatar\/9534c92c8c908364e186a64d93efc86f62367109d1b07a3454facde655968589?s=96&d=mm&r=g","contentUrl":"https:\/\/secure.gravatar.com\/avatar\/9534c92c8c908364e186a64d93efc86f62367109d1b07a3454facde655968589?s=96&d=mm&r=g","caption":"El Tecolote Staff"},"url":"https:\/\/eltecolote.org\/content\/author\/web-editor\/"}]}},"distributor_meta":false,"distributor_terms":false,"distributor_media":false,"distributor_original_site_name":"El Tecolote","distributor_original_site_url":"https:\/\/eltecolote.org\/content","push-errors":false,"_links":{"self":[{"href":"https:\/\/eltecolote.org\/content\/wp-json\/wp\/v2\/posts\/14784","targetHints":{"allow":["GET"]}}],"collection":[{"href":"https:\/\/eltecolote.org\/content\/wp-json\/wp\/v2\/posts"}],"about":[{"href":"https:\/\/eltecolote.org\/content\/wp-json\/wp\/v2\/types\/post"}],"author":[{"embeddable":true,"href":"https:\/\/eltecolote.org\/content\/wp-json\/wp\/v2\/users\/35"}],"replies":[{"embeddable":true,"href":"https:\/\/eltecolote.org\/content\/wp-json\/wp\/v2\/comments?post=14784"}],"version-history":[{"count":11,"href":"https:\/\/eltecolote.org\/content\/wp-json\/wp\/v2\/posts\/14784\/revisions"}],"predecessor-version":[{"id":32191,"href":"https:\/\/eltecolote.org\/content\/wp-json\/wp\/v2\/posts\/14784\/revisions\/32191"}],"wp:attachment":[{"href":"https:\/\/eltecolote.org\/content\/wp-json\/wp\/v2\/media?parent=14784"}],"wp:term":[{"taxonomy":"category","embeddable":true,"href":"https:\/\/eltecolote.org\/content\/wp-json\/wp\/v2\/categories?post=14784"},{"taxonomy":"post_tag","embeddable":true,"href":"https:\/\/eltecolote.org\/content\/wp-json\/wp\/v2\/tags?post=14784"},{"taxonomy":"author","embeddable":true,"href":"https:\/\/eltecolote.org\/content\/wp-json\/wp\/v2\/coauthors?post=14784"}],"curies":[{"name":"wp","href":"https:\/\/api.w.org\/{rel}","templated":true}]}}